{"id":30652,"date":"2023-12-07T08:10:04","date_gmt":"2023-12-07T11:10:04","guid":{"rendered":"https:\/\/cvinoticias.com\/v3\/?p=30652"},"modified":"2023-12-07T08:10:04","modified_gmt":"2023-12-07T11:10:04","slug":"alberto-fernandez-se-despidio-de-la-casa-rosada-dejo-un-pais-que-esta-funcionando","status":"publish","type":"post","link":"https:\/\/cvinoticias.com\/v3\/alberto-fernandez-se-despidio-de-la-casa-rosada-dejo-un-pais-que-esta-funcionando\/","title":{"rendered":"Alberto Fern\u00e1ndez se despidi\u00f3 de la Casa Rosada: \u00abdejo un pa\u00eds que est\u00e1 funcionando\u00bb"},"content":{"rendered":"\n<p><strong><em>El presidente Alberto Fern\u00e1ndez comparti\u00f3 un mensaje de despedida con los trabajadores de Casa Rosada en el tradicional brindis de fin de a\u00f1o. En este marco, dijo que deja \u00abun pa\u00eds en funcionamiento\u00bb, aunque hizo una autocr\u00edtica respecto a los niveles de pobreza.<\/em><\/strong><\/p>\n\n\n\n<p>\u00abTengo un enorme pesar de no haber podido resolver el problema de la pobreza\u00bb dijo el mandatario, quien d\u00edas atr\u00e1s cuestion\u00f3 la medici\u00f3n oficial de dicho \u00edndice.<\/p>\n\n\n\n<p>\u201cMe voy por la misma puerta que entr\u00e9, con el mismo auto con el que entr\u00e9 y me voy a la misma casa de donde sal\u00ed, con la tranquilidad de haber puesto todo lo que ten\u00eda que poner para ayudar en este tiempo, con la tranquilidad de que estamos dejando un pa\u00eds que est\u00e1 funcionando\u201d, sostuvo Fern\u00e1ndez desde uno de los patios interiores de la Casa Rosada.<\/p>\n\n\n\n<p>En su discurso, Fern\u00e1ndez se\u00f1al\u00f3 que est\u00e1 dejando \u00abun pa\u00eds en marcha\u201d, y dijo que el mandatario electo \u201cno tiene que recibir un pa\u00eds que al a\u00f1o siguiente tiene que pagar 19 mil millones de d\u00f3lares y al otro 18.000\u00bb, como le pas\u00f3 a \u00e9l, y que \u201crecibe la tasa de desocupaci\u00f3n m\u00e1s baja en muchos a\u00f1os\u201d.<\/p>\n\n\n\n<p>\u201cVa a recibir 7.000 obras p\u00fablicas nuevas en el pa\u00eds, 4.000 terminadas, tres mil en marcha\u201d, con \u201c140.000 familias que ya no tienen un programa de vivienda porque el Estado se las dio\u201d, a las que se suman otras \u201c95.000 viviendas en proceso de construcci\u00f3n con lo cual, si sigue, va a haber 95.000 familias nuevas que van a poder acceder a su casa\u201d, seg\u00fan precis\u00f3.<\/p>\n\n\n\n<p>Lo escucharon atentos unos doscientos trabajadores estatales que brindaron con sidra Del Valle. En un gesto de austeridad en l\u00ednea con el pr\u00f3ximo gobierno, no hubo nada para degustar durante el mensaje que comenz\u00f3 pasadas las 13.30 y dur\u00f3 cinco minutos.<\/p>\n\n\n\n<p>Lo escucharon in situ la portavoz presidencial, Gabriela Cerruti; y los secretarios Julio Vitobello (de la presidencia) y Mercedes Marc\u00f3 del Pont (Asuntos Estrat\u00e9gicos).<\/p>\n\n\n\n<p>\u00abEspero verlo siempre, poder mirarlos a los ojos porque sabemos que trabajamos por la gente. Brindo por la felicidad de todos y para que el futuro sea mejor. Como dice el flaco Spinetta en Cantata de puentes amarillos: &#8216;No me hagan decir que todo tiempo pasado es peor, ma\u00f1ana ser\u00e1 mejor'\u00bb, concluy\u00f3.<\/p>\n\n\n\n<p>Si bien debe entregar al mando a Javier Milei el domingo, Fern\u00e1ndez se despidi\u00f3 este mi\u00e9rcoles de la Casa de Gobierno ya que ma\u00f1ana viajar\u00e1 a Brasil para participar de la cumbre del Mercosur que se desarrolla desde hoy en la ciudad de R\u00edo de Janeiro.<\/p>\n","protected":false},"excerpt":{"rendered":"<p>El presidente Alberto Fern\u00e1ndez comparti\u00f3 un mensaje de despedida con los trabajadores de Casa Rosada en el tradicional brindis de fin de a\u00f1o. En este marco, dijo que deja \u00abun pa\u00eds en funcionamiento\u00bb, aunque hizo una autocr\u00edtica respecto a los niveles de pobreza. \u00abTengo un enorme pesar de no haber podido resolver el problema de [&hellip;]<\/p>\n","protected":false},"author":2,"featured_media":30653,"comment_status":"open","ping_status":"open","sticky":false,"template":"","format":"standard","meta":{"footnotes":""},"categories":[39],"tags":[],"class_list":["post-30652","post","type-post","status-publish","format-standard","has-post-thumbnail","hentry","category-nacionales"],"yoast_head":"<!-- This site is optimized with the Yoast SEO plugin v27.4 - https:\/\/yoast.com\/product\/yoast-seo-wordpress\/ -->\n<title>Alberto Fern\u00e1ndez se despidi\u00f3 de la Casa Rosada: &quot;dejo un pa\u00eds que est\u00e1 funcionando&quot; | CVI NOTICIAS<\/title>\n<meta name=\"robots\" content=\"index, follow, max-snippet:-1, max-image-preview:large, max-video-preview:-1\" \/>\n<link rel=\"canonical\" href=\"https:\/\/cvinoticias.com\/v3\/alberto-fernandez-se-despidio-de-la-casa-rosada-dejo-un-pais-que-esta-funcionando\/\" \/>\n<meta property=\"og:locale\" content=\"es_ES\" \/>\n<meta property=\"og:type\" content=\"article\" \/>\n<meta property=\"og:title\" content=\"Alberto Fern\u00e1ndez se despidi\u00f3 de la Casa Rosada: &quot;dejo un pa\u00eds que est\u00e1 funcionando&quot; | CVI NOTICIAS\" \/>\n<meta property=\"og:description\" content=\"El presidente Alberto Fern\u00e1ndez comparti\u00f3 un mensaje de despedida con los trabajadores de Casa Rosada en el tradicional brindis de fin de a\u00f1o. En este marco, dijo que deja \u00abun pa\u00eds en funcionamiento\u00bb, aunque hizo una autocr\u00edtica respecto a los niveles de pobreza. \u00abTengo un enorme pesar de no haber podido resolver el problema de [&hellip;]\" \/>\n<meta property=\"og:url\" content=\"https:\/\/cvinoticias.com\/v3\/alberto-fernandez-se-despidio-de-la-casa-rosada-dejo-un-pais-que-esta-funcionando\/\" \/>\n<meta property=\"og:site_name\" content=\"CVI NOTICIAS\" \/>\n<meta property=\"article:publisher\" content=\"https:\/\/www.facebook.com\/cvinoticias\" \/>\n<meta property=\"article:published_time\" content=\"2023-12-07T11:10:04+00:00\" \/>\n<meta property=\"og:image\" content=\"https:\/\/cvinoticias.com\/wp-content\/uploads\/2023\/12\/0000152707.png\" \/>\n\t<meta property=\"og:image:width\" content=\"655\" \/>\n\t<meta property=\"og:image:height\" content=\"368\" \/>\n\t<meta property=\"og:image:type\" content=\"image\/png\" \/>\n<meta name=\"author\" content=\"f1000024\" \/>\n<meta name=\"twitter:card\" content=\"summary_large_image\" \/>\n<meta name=\"twitter:label1\" content=\"Escrito por\" \/>\n\t<meta name=\"twitter:data1\" content=\"f1000024\" \/>\n\t<meta name=\"twitter:label2\" content=\"Tiempo de lectura\" \/>\n\t<meta name=\"twitter:data2\" content=\"2 minutos\" \/>\n<script type=\"application\/ld+json\" class=\"yoast-schema-graph\">{\"@context\":\"https:\\\/\\\/schema.org\",\"@graph\":[{\"@type\":\"Article\",\"@id\":\"https:\\\/\\\/cvinoticias.com\\\/v3\\\/alberto-fernandez-se-despidio-de-la-casa-rosada-dejo-un-pais-que-esta-funcionando\\\/#article\",\"isPartOf\":{\"@id\":\"https:\\\/\\\/cvinoticias.com\\\/v3\\\/alberto-fernandez-se-despidio-de-la-casa-rosada-dejo-un-pais-que-esta-funcionando\\\/\"},\"author\":{\"name\":\"f1000024\",\"@id\":\"https:\\\/\\\/cvinoticias.com\\\/v3\\\/#\\\/schema\\\/person\\\/2db77e3c6bc03c538495d7b2b8be9b66\"},\"headline\":\"Alberto Fern\u00e1ndez se despidi\u00f3 de la Casa Rosada: \u00abdejo un pa\u00eds que est\u00e1 funcionando\u00bb\",\"datePublished\":\"2023-12-07T11:10:04+00:00\",\"mainEntityOfPage\":{\"@id\":\"https:\\\/\\\/cvinoticias.com\\\/v3\\\/alberto-fernandez-se-despidio-de-la-casa-rosada-dejo-un-pais-que-esta-funcionando\\\/\"},\"wordCount\":462,\"commentCount\":0,\"publisher\":{\"@id\":\"https:\\\/\\\/cvinoticias.com\\\/v3\\\/#organization\"},\"image\":{\"@id\":\"https:\\\/\\\/cvinoticias.com\\\/v3\\\/alberto-fernandez-se-despidio-de-la-casa-rosada-dejo-un-pais-que-esta-funcionando\\\/#primaryimage\"},\"thumbnailUrl\":\"https:\\\/\\\/cvinoticias.com\\\/wp-content\\\/uploads\\\/2023\\\/12\\\/0000152707.png\",\"articleSection\":[\"Nacionales\"],\"inLanguage\":\"es\",\"potentialAction\":[{\"@type\":\"CommentAction\",\"name\":\"Comment\",\"target\":[\"https:\\\/\\\/cvinoticias.com\\\/v3\\\/alberto-fernandez-se-despidio-de-la-casa-rosada-dejo-un-pais-que-esta-funcionando\\\/#respond\"]}]},{\"@type\":\"WebPage\",\"@id\":\"https:\\\/\\\/cvinoticias.com\\\/v3\\\/alberto-fernandez-se-despidio-de-la-casa-rosada-dejo-un-pais-que-esta-funcionando\\\/\",\"url\":\"https:\\\/\\\/cvinoticias.com\\\/v3\\\/alberto-fernandez-se-despidio-de-la-casa-rosada-dejo-un-pais-que-esta-funcionando\\\/\",\"name\":\"Alberto Fern\u00e1ndez se despidi\u00f3 de la Casa Rosada: \\\"dejo un pa\u00eds que est\u00e1 funcionando\\\" | CVI NOTICIAS\",\"isPartOf\":{\"@id\":\"https:\\\/\\\/cvinoticias.com\\\/v3\\\/#website\"},\"primaryImageOfPage\":{\"@id\":\"https:\\\/\\\/cvinoticias.com\\\/v3\\\/alberto-fernandez-se-despidio-de-la-casa-rosada-dejo-un-pais-que-esta-funcionando\\\/#primaryimage\"},\"image\":{\"@id\":\"https:\\\/\\\/cvinoticias.com\\\/v3\\\/alberto-fernandez-se-despidio-de-la-casa-rosada-dejo-un-pais-que-esta-funcionando\\\/#primaryimage\"},\"thumbnailUrl\":\"https:\\\/\\\/cvinoticias.com\\\/wp-content\\\/uploads\\\/2023\\\/12\\\/0000152707.png\",\"datePublished\":\"2023-12-07T11:10:04+00:00\",\"breadcrumb\":{\"@id\":\"https:\\\/\\\/cvinoticias.com\\\/v3\\\/alberto-fernandez-se-despidio-de-la-casa-rosada-dejo-un-pais-que-esta-funcionando\\\/#breadcrumb\"},\"inLanguage\":\"es\",\"potentialAction\":[{\"@type\":\"ReadAction\",\"target\":[\"https:\\\/\\\/cvinoticias.com\\\/v3\\\/alberto-fernandez-se-despidio-de-la-casa-rosada-dejo-un-pais-que-esta-funcionando\\\/\"]}]},{\"@type\":\"ImageObject\",\"inLanguage\":\"es\",\"@id\":\"https:\\\/\\\/cvinoticias.com\\\/v3\\\/alberto-fernandez-se-despidio-de-la-casa-rosada-dejo-un-pais-que-esta-funcionando\\\/#primaryimage\",\"url\":\"https:\\\/\\\/cvinoticias.com\\\/wp-content\\\/uploads\\\/2023\\\/12\\\/0000152707.png\",\"contentUrl\":\"https:\\\/\\\/cvinoticias.com\\\/wp-content\\\/uploads\\\/2023\\\/12\\\/0000152707.png\",\"width\":655,\"height\":368},{\"@type\":\"BreadcrumbList\",\"@id\":\"https:\\\/\\\/cvinoticias.com\\\/v3\\\/alberto-fernandez-se-despidio-de-la-casa-rosada-dejo-un-pais-que-esta-funcionando\\\/#breadcrumb\",\"itemListElement\":[{\"@type\":\"ListItem\",\"position\":1,\"name\":\"Portada\",\"item\":\"https:\\\/\\\/cvinoticias.com\\\/v3\\\/\"},{\"@type\":\"ListItem\",\"position\":2,\"name\":\"Alberto Fern\u00e1ndez se despidi\u00f3 de la Casa Rosada: \u00abdejo un pa\u00eds que est\u00e1 funcionando\u00bb\"}]},{\"@type\":\"WebSite\",\"@id\":\"https:\\\/\\\/cvinoticias.com\\\/v3\\\/#website\",\"url\":\"https:\\\/\\\/cvinoticias.com\\\/v3\\\/\",\"name\":\"CVI NOTICIAS\",\"description\":\"\",\"publisher\":{\"@id\":\"https:\\\/\\\/cvinoticias.com\\\/v3\\\/#organization\"},\"alternateName\":\"CVI\",\"potentialAction\":[{\"@type\":\"SearchAction\",\"target\":{\"@type\":\"EntryPoint\",\"urlTemplate\":\"https:\\\/\\\/cvinoticias.com\\\/v3\\\/?s={search_term_string}\"},\"query-input\":{\"@type\":\"PropertyValueSpecification\",\"valueRequired\":true,\"valueName\":\"search_term_string\"}}],\"inLanguage\":\"es\"},{\"@type\":\"Organization\",\"@id\":\"https:\\\/\\\/cvinoticias.com\\\/v3\\\/#organization\",\"name\":\"CVI NOTICIAS\",\"url\":\"https:\\\/\\\/cvinoticias.com\\\/v3\\\/\",\"logo\":{\"@type\":\"ImageObject\",\"inLanguage\":\"es\",\"@id\":\"https:\\\/\\\/cvinoticias.com\\\/v3\\\/#\\\/schema\\\/logo\\\/image\\\/\",\"url\":\"https:\\\/\\\/cvinoticias.com\\\/wp-content\\\/uploads\\\/2023\\\/04\\\/cropped-cropped-cropped-cropped-cropped-3-1.png\",\"contentUrl\":\"https:\\\/\\\/cvinoticias.com\\\/wp-content\\\/uploads\\\/2023\\\/04\\\/cropped-cropped-cropped-cropped-cropped-3-1.png\",\"width\":95,\"height\":122,\"caption\":\"CVI NOTICIAS\"},\"image\":{\"@id\":\"https:\\\/\\\/cvinoticias.com\\\/v3\\\/#\\\/schema\\\/logo\\\/image\\\/\"},\"sameAs\":[\"https:\\\/\\\/www.facebook.com\\\/cvinoticias\",\"https:\\\/\\\/www.instagram.com\\\/cvinoticias\\\/\",\"https:\\\/\\\/www.youtube.com\\\/@CVINOTICIAS\"]},{\"@type\":\"Person\",\"@id\":\"https:\\\/\\\/cvinoticias.com\\\/v3\\\/#\\\/schema\\\/person\\\/2db77e3c6bc03c538495d7b2b8be9b66\",\"name\":\"f1000024\",\"image\":{\"@type\":\"ImageObject\",\"inLanguage\":\"es\",\"@id\":\"https:\\\/\\\/secure.gravatar.com\\\/avatar\\\/d4fe7459cfc51ff5129ce1a732bbef5928568b8092d412ef95611616376bbeed?s=96&d=mm&r=g\",\"url\":\"https:\\\/\\\/secure.gravatar.com\\\/avatar\\\/d4fe7459cfc51ff5129ce1a732bbef5928568b8092d412ef95611616376bbeed?s=96&d=mm&r=g\",\"contentUrl\":\"https:\\\/\\\/secure.gravatar.com\\\/avatar\\\/d4fe7459cfc51ff5129ce1a732bbef5928568b8092d412ef95611616376bbeed?s=96&d=mm&r=g\",\"caption\":\"f1000024\"},\"url\":\"https:\\\/\\\/cvinoticias.com\\\/v3\\\/author\\\/f1000024\\\/\"}]}<\/script>\n<!-- \/ Yoast SEO plugin. -->","yoast_head_json":{"title":"Alberto Fern\u00e1ndez se despidi\u00f3 de la Casa Rosada: \"dejo un pa\u00eds que est\u00e1 funcionando\" | CVI NOTICIAS","robots":{"index":"index","follow":"follow","max-snippet":"max-snippet:-1","max-image-preview":"max-image-preview:large","max-video-preview":"max-video-preview:-1"},"canonical":"https:\/\/cvinoticias.com\/v3\/alberto-fernandez-se-despidio-de-la-casa-rosada-dejo-un-pais-que-esta-funcionando\/","og_locale":"es_ES","og_type":"article","og_title":"Alberto Fern\u00e1ndez se despidi\u00f3 de la Casa Rosada: \"dejo un pa\u00eds que est\u00e1 funcionando\" | CVI NOTICIAS","og_description":"El presidente Alberto Fern\u00e1ndez comparti\u00f3 un mensaje de despedida con los trabajadores de Casa Rosada en el tradicional brindis de fin de a\u00f1o. En este marco, dijo que deja \u00abun pa\u00eds en funcionamiento\u00bb, aunque hizo una autocr\u00edtica respecto a los niveles de pobreza. \u00abTengo un enorme pesar de no haber podido resolver el problema de [&hellip;]","og_url":"https:\/\/cvinoticias.com\/v3\/alberto-fernandez-se-despidio-de-la-casa-rosada-dejo-un-pais-que-esta-funcionando\/","og_site_name":"CVI NOTICIAS","article_publisher":"https:\/\/www.facebook.com\/cvinoticias","article_published_time":"2023-12-07T11:10:04+00:00","og_image":[{"width":655,"height":368,"url":"https:\/\/cvinoticias.com\/wp-content\/uploads\/2023\/12\/0000152707.png","type":"image\/png"}],"author":"f1000024","twitter_card":"summary_large_image","twitter_misc":{"Escrito por":"f1000024","Tiempo de lectura":"2 minutos"},"schema":{"@context":"https:\/\/schema.org","@graph":[{"@type":"Article","@id":"https:\/\/cvinoticias.com\/v3\/alberto-fernandez-se-despidio-de-la-casa-rosada-dejo-un-pais-que-esta-funcionando\/#article","isPartOf":{"@id":"https:\/\/cvinoticias.com\/v3\/alberto-fernandez-se-despidio-de-la-casa-rosada-dejo-un-pais-que-esta-funcionando\/"},"author":{"name":"f1000024","@id":"https:\/\/cvinoticias.com\/v3\/#\/schema\/person\/2db77e3c6bc03c538495d7b2b8be9b66"},"headline":"Alberto Fern\u00e1ndez se despidi\u00f3 de la Casa Rosada: \u00abdejo un pa\u00eds que est\u00e1 funcionando\u00bb","datePublished":"2023-12-07T11:10:04+00:00","mainEntityOfPage":{"@id":"https:\/\/cvinoticias.com\/v3\/alberto-fernandez-se-despidio-de-la-casa-rosada-dejo-un-pais-que-esta-funcionando\/"},"wordCount":462,"commentCount":0,"publisher":{"@id":"https:\/\/cvinoticias.com\/v3\/#organization"},"image":{"@id":"https:\/\/cvinoticias.com\/v3\/alberto-fernandez-se-despidio-de-la-casa-rosada-dejo-un-pais-que-esta-funcionando\/#primaryimage"},"thumbnailUrl":"https:\/\/cvinoticias.com\/wp-content\/uploads\/2023\/12\/0000152707.png","articleSection":["Nacionales"],"inLanguage":"es","potentialAction":[{"@type":"CommentAction","name":"Comment","target":["https:\/\/cvinoticias.com\/v3\/alberto-fernandez-se-despidio-de-la-casa-rosada-dejo-un-pais-que-esta-funcionando\/#respond"]}]},{"@type":"WebPage","@id":"https:\/\/cvinoticias.com\/v3\/alberto-fernandez-se-despidio-de-la-casa-rosada-dejo-un-pais-que-esta-funcionando\/","url":"https:\/\/cvinoticias.com\/v3\/alberto-fernandez-se-despidio-de-la-casa-rosada-dejo-un-pais-que-esta-funcionando\/","name":"Alberto Fern\u00e1ndez se despidi\u00f3 de la Casa Rosada: \"dejo un pa\u00eds que est\u00e1 funcionando\" | CVI NOTICIAS","isPartOf":{"@id":"https:\/\/cvinoticias.com\/v3\/#website"},"primaryImageOfPage":{"@id":"https:\/\/cvinoticias.com\/v3\/alberto-fernandez-se-despidio-de-la-casa-rosada-dejo-un-pais-que-esta-funcionando\/#primaryimage"},"image":{"@id":"https:\/\/cvinoticias.com\/v3\/alberto-fernandez-se-despidio-de-la-casa-rosada-dejo-un-pais-que-esta-funcionando\/#primaryimage"},"thumbnailUrl":"https:\/\/cvinoticias.com\/wp-content\/uploads\/2023\/12\/0000152707.png","datePublished":"2023-12-07T11:10:04+00:00","breadcrumb":{"@id":"https:\/\/cvinoticias.com\/v3\/alberto-fernandez-se-despidio-de-la-casa-rosada-dejo-un-pais-que-esta-funcionando\/#breadcrumb"},"inLanguage":"es","potentialAction":[{"@type":"ReadAction","target":["https:\/\/cvinoticias.com\/v3\/alberto-fernandez-se-despidio-de-la-casa-rosada-dejo-un-pais-que-esta-funcionando\/"]}]},{"@type":"ImageObject","inLanguage":"es","@id":"https:\/\/cvinoticias.com\/v3\/alberto-fernandez-se-despidio-de-la-casa-rosada-dejo-un-pais-que-esta-funcionando\/#primaryimage","url":"https:\/\/cvinoticias.com\/wp-content\/uploads\/2023\/12\/0000152707.png","contentUrl":"https:\/\/cvinoticias.com\/wp-content\/uploads\/2023\/12\/0000152707.png","width":655,"height":368},{"@type":"BreadcrumbList","@id":"https:\/\/cvinoticias.com\/v3\/alberto-fernandez-se-despidio-de-la-casa-rosada-dejo-un-pais-que-esta-funcionando\/#breadcrumb","itemListElement":[{"@type":"ListItem","position":1,"name":"Portada","item":"https:\/\/cvinoticias.com\/v3\/"},{"@type":"ListItem","position":2,"name":"Alberto Fern\u00e1ndez se despidi\u00f3 de la Casa Rosada: \u00abdejo un pa\u00eds que est\u00e1 funcionando\u00bb"}]},{"@type":"WebSite","@id":"https:\/\/cvinoticias.com\/v3\/#website","url":"https:\/\/cvinoticias.com\/v3\/","name":"CVI NOTICIAS","description":"","publisher":{"@id":"https:\/\/cvinoticias.com\/v3\/#organization"},"alternateName":"CVI","potentialAction":[{"@type":"SearchAction","target":{"@type":"EntryPoint","urlTemplate":"https:\/\/cvinoticias.com\/v3\/?s={search_term_string}"},"query-input":{"@type":"PropertyValueSpecification","valueRequired":true,"valueName":"search_term_string"}}],"inLanguage":"es"},{"@type":"Organization","@id":"https:\/\/cvinoticias.com\/v3\/#organization","name":"CVI NOTICIAS","url":"https:\/\/cvinoticias.com\/v3\/","logo":{"@type":"ImageObject","inLanguage":"es","@id":"https:\/\/cvinoticias.com\/v3\/#\/schema\/logo\/image\/","url":"https:\/\/cvinoticias.com\/wp-content\/uploads\/2023\/04\/cropped-cropped-cropped-cropped-cropped-3-1.png","contentUrl":"https:\/\/cvinoticias.com\/wp-content\/uploads\/2023\/04\/cropped-cropped-cropped-cropped-cropped-3-1.png","width":95,"height":122,"caption":"CVI NOTICIAS"},"image":{"@id":"https:\/\/cvinoticias.com\/v3\/#\/schema\/logo\/image\/"},"sameAs":["https:\/\/www.facebook.com\/cvinoticias","https:\/\/www.instagram.com\/cvinoticias\/","https:\/\/www.youtube.com\/@CVINOTICIAS"]},{"@type":"Person","@id":"https:\/\/cvinoticias.com\/v3\/#\/schema\/person\/2db77e3c6bc03c538495d7b2b8be9b66","name":"f1000024","image":{"@type":"ImageObject","inLanguage":"es","@id":"https:\/\/secure.gravatar.com\/avatar\/d4fe7459cfc51ff5129ce1a732bbef5928568b8092d412ef95611616376bbeed?s=96&d=mm&r=g","url":"https:\/\/secure.gravatar.com\/avatar\/d4fe7459cfc51ff5129ce1a732bbef5928568b8092d412ef95611616376bbeed?s=96&d=mm&r=g","contentUrl":"https:\/\/secure.gravatar.com\/avatar\/d4fe7459cfc51ff5129ce1a732bbef5928568b8092d412ef95611616376bbeed?s=96&d=mm&r=g","caption":"f1000024"},"url":"https:\/\/cvinoticias.com\/v3\/author\/f1000024\/"}]}},"_links":{"self":[{"href":"https:\/\/cvinoticias.com\/v3\/wp-json\/wp\/v2\/posts\/30652","targetHints":{"allow":["GET"]}}],"collection":[{"href":"https:\/\/cvinoticias.com\/v3\/wp-json\/wp\/v2\/posts"}],"about":[{"href":"https:\/\/cvinoticias.com\/v3\/wp-json\/wp\/v2\/types\/post"}],"author":[{"embeddable":true,"href":"https:\/\/cvinoticias.com\/v3\/wp-json\/wp\/v2\/users\/2"}],"replies":[{"embeddable":true,"href":"https:\/\/cvinoticias.com\/v3\/wp-json\/wp\/v2\/comments?post=30652"}],"version-history":[{"count":1,"href":"https:\/\/cvinoticias.com\/v3\/wp-json\/wp\/v2\/posts\/30652\/revisions"}],"predecessor-version":[{"id":30654,"href":"https:\/\/cvinoticias.com\/v3\/wp-json\/wp\/v2\/posts\/30652\/revisions\/30654"}],"wp:featuredmedia":[{"embeddable":true,"href":"https:\/\/cvinoticias.com\/v3\/wp-json\/wp\/v2\/media\/30653"}],"wp:attachment":[{"href":"https:\/\/cvinoticias.com\/v3\/wp-json\/wp\/v2\/media?parent=30652"}],"wp:term":[{"taxonomy":"category","embeddable":true,"href":"https:\/\/cvinoticias.com\/v3\/wp-json\/wp\/v2\/categories?post=30652"},{"taxonomy":"post_tag","embeddable":true,"href":"https:\/\/cvinoticias.com\/v3\/wp-json\/wp\/v2\/tags?post=30652"}],"curies":[{"name":"wp","href":"https:\/\/api.w.org\/{rel}","templated":true}]}}