{"id":3065,"date":"2021-03-01T10:33:31","date_gmt":"2021-03-01T10:33:31","guid":{"rendered":"https:\/\/cvinoticias.com\/v3\/?p=3065"},"modified":"2021-03-01T10:33:31","modified_gmt":"2021-03-01T10:33:31","slug":"con-sistema-bimodal-16-provincias-iniciaran-sus-clases-entre-el-1-y-el-3-de-marzo","status":"publish","type":"post","link":"https:\/\/cvinoticias.com\/v3\/con-sistema-bimodal-16-provincias-iniciaran-sus-clases-entre-el-1-y-el-3-de-marzo\/","title":{"rendered":"Con sistema bimodal, 16 provincias iniciar\u00e1n sus clases entre el 1 y el 3 de marzo"},"content":{"rendered":"\n<p><strong><em>Las clases ser\u00e1n con sistema combinado entre presencialidad y a distancia, protocolos de bioseguridad y la vacunaci\u00f3n al personal educativo que comenzar\u00e1 esta semana.<\/em><\/strong><\/p>\n\n\n\n<p>Cerca de ocho millones de estudiantes iniciar\u00e1n sus clases en 16 provincias en la primera semana de marzo con un sistema bimodal que combinar\u00e1 actividades presenciales y otras a distancia, m\u00e1s protocolos de bioseguridad y vacunaci\u00f3n del personal educativo en el marco de la pandemia de coronavirus.<\/p>\n\n\n\n<p>El ministro de Educaci\u00f3n, Nicol\u00e1s Trotta, acord\u00f3 con sus colegas provinciales afrontar el \u00abinicio del ciclo 2021 con la presencialidad como ordenadora del sistema educativo\u00bb, seg\u00fan un documento conjunto que suscribieron los representantes de los 24 distritos a principios de febrero y en el que se comprometieron a \u00abactualizar los protocolos en funci\u00f3n de la situaci\u00f3n epidemiol\u00f3gica y de los avances cient\u00edficos\u00bb.<\/p>\n\n\n\n<p>En ese marco, 13 provincias comenzar\u00e1n el nuevo ciclo lectivo este lunes primero, Formosa lo har\u00e1 el martes 2 de marzo, y Neuqu\u00e9n y R\u00edo Negro lo har\u00e1n el 3, mientras la semana siguiente ser\u00e1 el turno de Catamarca, La Pampa, La Rioja y Misiones; y el 15, de Santa Fe y Santiago del Estero.<\/p>\n\n\n\n<p><\/p>\n","protected":false},"excerpt":{"rendered":"<p>Las clases ser\u00e1n con sistema combinado entre presencialidad y a distancia, protocolos de bioseguridad y la vacunaci\u00f3n al personal educativo que comenzar\u00e1 esta semana. Cerca de ocho millones de estudiantes iniciar\u00e1n sus clases en 16 provincias en la primera semana de marzo con un sistema bimodal que combinar\u00e1 actividades presenciales y otras a distancia, m\u00e1s [&hellip;]<\/p>\n","protected":false},"author":2,"featured_media":3066,"comment_status":"open","ping_status":"open","sticky":false,"template":"","format":"standard","meta":{"footnotes":""},"categories":[26],"tags":[],"class_list":["post-3065","post","type-post","status-publish","format-standard","has-post-thumbnail","hentry","category-educacion"],"yoast_head":"<!-- This site is optimized with the Yoast SEO plugin v27.5 - https:\/\/yoast.com\/product\/yoast-seo-wordpress\/ -->\n<title>Con sistema bimodal, 16 provincias iniciar\u00e1n sus clases entre el 1 y el 3 de marzo | CVI NOTICIAS<\/title>\n<meta name=\"robots\" content=\"index, follow, max-snippet:-1, max-image-preview:large, max-video-preview:-1\" \/>\n<link rel=\"canonical\" href=\"https:\/\/cvinoticias.com\/v3\/con-sistema-bimodal-16-provincias-iniciaran-sus-clases-entre-el-1-y-el-3-de-marzo\/\" \/>\n<meta property=\"og:locale\" content=\"es_ES\" \/>\n<meta property=\"og:type\" content=\"article\" \/>\n<meta property=\"og:title\" content=\"Con sistema bimodal, 16 provincias iniciar\u00e1n sus clases entre el 1 y el 3 de marzo | CVI NOTICIAS\" \/>\n<meta property=\"og:description\" content=\"Las clases ser\u00e1n con sistema combinado entre presencialidad y a distancia, protocolos de bioseguridad y la vacunaci\u00f3n al personal educativo que comenzar\u00e1 esta semana. Cerca de ocho millones de estudiantes iniciar\u00e1n sus clases en 16 provincias en la primera semana de marzo con un sistema bimodal que combinar\u00e1 actividades presenciales y otras a distancia, m\u00e1s [&hellip;]\" \/>\n<meta property=\"og:url\" content=\"https:\/\/cvinoticias.com\/v3\/con-sistema-bimodal-16-provincias-iniciaran-sus-clases-entre-el-1-y-el-3-de-marzo\/\" \/>\n<meta property=\"og:site_name\" content=\"CVI NOTICIAS\" \/>\n<meta property=\"article:publisher\" content=\"https:\/\/www.facebook.com\/cvinoticias\" \/>\n<meta property=\"article:published_time\" content=\"2021-03-01T10:33:31+00:00\" \/>\n<meta property=\"og:image\" content=\"https:\/\/cvinoticias.com\/wp-content\/uploads\/2021\/03\/f768x1-207342_207469_5050.jpg\" \/>\n\t<meta property=\"og:image:width\" content=\"768\" \/>\n\t<meta property=\"og:image:height\" content=\"576\" \/>\n\t<meta property=\"og:image:type\" content=\"image\/jpeg\" \/>\n<meta name=\"author\" content=\"f1000024\" \/>\n<meta name=\"twitter:card\" content=\"summary_large_image\" \/>\n<meta name=\"twitter:label1\" content=\"Escrito por\" \/>\n\t<meta name=\"twitter:data1\" content=\"f1000024\" \/>\n\t<meta name=\"twitter:label2\" content=\"Tiempo de lectura\" \/>\n\t<meta name=\"twitter:data2\" content=\"1 minuto\" \/>\n<script type=\"application\/ld+json\" class=\"yoast-schema-graph\">{\"@context\":\"https:\\\/\\\/schema.org\",\"@graph\":[{\"@type\":\"Article\",\"@id\":\"https:\\\/\\\/cvinoticias.com\\\/v3\\\/con-sistema-bimodal-16-provincias-iniciaran-sus-clases-entre-el-1-y-el-3-de-marzo\\\/#article\",\"isPartOf\":{\"@id\":\"https:\\\/\\\/cvinoticias.com\\\/v3\\\/con-sistema-bimodal-16-provincias-iniciaran-sus-clases-entre-el-1-y-el-3-de-marzo\\\/\"},\"author\":{\"name\":\"f1000024\",\"@id\":\"https:\\\/\\\/cvinoticias.com\\\/v3\\\/#\\\/schema\\\/person\\\/2db77e3c6bc03c538495d7b2b8be9b66\"},\"headline\":\"Con sistema bimodal, 16 provincias iniciar\u00e1n sus clases entre el 1 y el 3 de marzo\",\"datePublished\":\"2021-03-01T10:33:31+00:00\",\"mainEntityOfPage\":{\"@id\":\"https:\\\/\\\/cvinoticias.com\\\/v3\\\/con-sistema-bimodal-16-provincias-iniciaran-sus-clases-entre-el-1-y-el-3-de-marzo\\\/\"},\"wordCount\":211,\"commentCount\":0,\"publisher\":{\"@id\":\"https:\\\/\\\/cvinoticias.com\\\/v3\\\/#organization\"},\"image\":{\"@id\":\"https:\\\/\\\/cvinoticias.com\\\/v3\\\/con-sistema-bimodal-16-provincias-iniciaran-sus-clases-entre-el-1-y-el-3-de-marzo\\\/#primaryimage\"},\"thumbnailUrl\":\"https:\\\/\\\/cvinoticias.com\\\/wp-content\\\/uploads\\\/2021\\\/03\\\/f768x1-207342_207469_5050.jpg\",\"articleSection\":[\"Educacion\"],\"inLanguage\":\"es\",\"potentialAction\":[{\"@type\":\"CommentAction\",\"name\":\"Comment\",\"target\":[\"https:\\\/\\\/cvinoticias.com\\\/v3\\\/con-sistema-bimodal-16-provincias-iniciaran-sus-clases-entre-el-1-y-el-3-de-marzo\\\/#respond\"]}]},{\"@type\":\"WebPage\",\"@id\":\"https:\\\/\\\/cvinoticias.com\\\/v3\\\/con-sistema-bimodal-16-provincias-iniciaran-sus-clases-entre-el-1-y-el-3-de-marzo\\\/\",\"url\":\"https:\\\/\\\/cvinoticias.com\\\/v3\\\/con-sistema-bimodal-16-provincias-iniciaran-sus-clases-entre-el-1-y-el-3-de-marzo\\\/\",\"name\":\"Con sistema bimodal, 16 provincias iniciar\u00e1n sus clases entre el 1 y el 3 de marzo | CVI NOTICIAS\",\"isPartOf\":{\"@id\":\"https:\\\/\\\/cvinoticias.com\\\/v3\\\/#website\"},\"primaryImageOfPage\":{\"@id\":\"https:\\\/\\\/cvinoticias.com\\\/v3\\\/con-sistema-bimodal-16-provincias-iniciaran-sus-clases-entre-el-1-y-el-3-de-marzo\\\/#primaryimage\"},\"image\":{\"@id\":\"https:\\\/\\\/cvinoticias.com\\\/v3\\\/con-sistema-bimodal-16-provincias-iniciaran-sus-clases-entre-el-1-y-el-3-de-marzo\\\/#primaryimage\"},\"thumbnailUrl\":\"https:\\\/\\\/cvinoticias.com\\\/wp-content\\\/uploads\\\/2021\\\/03\\\/f768x1-207342_207469_5050.jpg\",\"datePublished\":\"2021-03-01T10:33:31+00:00\",\"breadcrumb\":{\"@id\":\"https:\\\/\\\/cvinoticias.com\\\/v3\\\/con-sistema-bimodal-16-provincias-iniciaran-sus-clases-entre-el-1-y-el-3-de-marzo\\\/#breadcrumb\"},\"inLanguage\":\"es\",\"potentialAction\":[{\"@type\":\"ReadAction\",\"target\":[\"https:\\\/\\\/cvinoticias.com\\\/v3\\\/con-sistema-bimodal-16-provincias-iniciaran-sus-clases-entre-el-1-y-el-3-de-marzo\\\/\"]}]},{\"@type\":\"ImageObject\",\"inLanguage\":\"es\",\"@id\":\"https:\\\/\\\/cvinoticias.com\\\/v3\\\/con-sistema-bimodal-16-provincias-iniciaran-sus-clases-entre-el-1-y-el-3-de-marzo\\\/#primaryimage\",\"url\":\"https:\\\/\\\/cvinoticias.com\\\/wp-content\\\/uploads\\\/2021\\\/03\\\/f768x1-207342_207469_5050.jpg\",\"contentUrl\":\"https:\\\/\\\/cvinoticias.com\\\/wp-content\\\/uploads\\\/2021\\\/03\\\/f768x1-207342_207469_5050.jpg\",\"width\":768,\"height\":576},{\"@type\":\"BreadcrumbList\",\"@id\":\"https:\\\/\\\/cvinoticias.com\\\/v3\\\/con-sistema-bimodal-16-provincias-iniciaran-sus-clases-entre-el-1-y-el-3-de-marzo\\\/#breadcrumb\",\"itemListElement\":[{\"@type\":\"ListItem\",\"position\":1,\"name\":\"Portada\",\"item\":\"https:\\\/\\\/cvinoticias.com\\\/v3\\\/\"},{\"@type\":\"ListItem\",\"position\":2,\"name\":\"Con sistema bimodal, 16 provincias iniciar\u00e1n sus clases entre el 1 y el 3 de marzo\"}]},{\"@type\":\"WebSite\",\"@id\":\"https:\\\/\\\/cvinoticias.com\\\/v3\\\/#website\",\"url\":\"https:\\\/\\\/cvinoticias.com\\\/v3\\\/\",\"name\":\"CVI NOTICIAS\",\"description\":\"\",\"publisher\":{\"@id\":\"https:\\\/\\\/cvinoticias.com\\\/v3\\\/#organization\"},\"alternateName\":\"CVI\",\"potentialAction\":[{\"@type\":\"SearchAction\",\"target\":{\"@type\":\"EntryPoint\",\"urlTemplate\":\"https:\\\/\\\/cvinoticias.com\\\/v3\\\/?s={search_term_string}\"},\"query-input\":{\"@type\":\"PropertyValueSpecification\",\"valueRequired\":true,\"valueName\":\"search_term_string\"}}],\"inLanguage\":\"es\"},{\"@type\":\"Organization\",\"@id\":\"https:\\\/\\\/cvinoticias.com\\\/v3\\\/#organization\",\"name\":\"CVI NOTICIAS\",\"url\":\"https:\\\/\\\/cvinoticias.com\\\/v3\\\/\",\"logo\":{\"@type\":\"ImageObject\",\"inLanguage\":\"es\",\"@id\":\"https:\\\/\\\/cvinoticias.com\\\/v3\\\/#\\\/schema\\\/logo\\\/image\\\/\",\"url\":\"https:\\\/\\\/cvinoticias.com\\\/wp-content\\\/uploads\\\/2023\\\/04\\\/cropped-cropped-cropped-cropped-cropped-3-1.png\",\"contentUrl\":\"https:\\\/\\\/cvinoticias.com\\\/wp-content\\\/uploads\\\/2023\\\/04\\\/cropped-cropped-cropped-cropped-cropped-3-1.png\",\"width\":95,\"height\":122,\"caption\":\"CVI NOTICIAS\"},\"image\":{\"@id\":\"https:\\\/\\\/cvinoticias.com\\\/v3\\\/#\\\/schema\\\/logo\\\/image\\\/\"},\"sameAs\":[\"https:\\\/\\\/www.facebook.com\\\/cvinoticias\",\"https:\\\/\\\/www.instagram.com\\\/cvinoticias\\\/\",\"https:\\\/\\\/www.youtube.com\\\/@CVINOTICIAS\"]},{\"@type\":\"Person\",\"@id\":\"https:\\\/\\\/cvinoticias.com\\\/v3\\\/#\\\/schema\\\/person\\\/2db77e3c6bc03c538495d7b2b8be9b66\",\"name\":\"f1000024\",\"image\":{\"@type\":\"ImageObject\",\"inLanguage\":\"es\",\"@id\":\"https:\\\/\\\/secure.gravatar.com\\\/avatar\\\/d4fe7459cfc51ff5129ce1a732bbef5928568b8092d412ef95611616376bbeed?s=96&d=mm&r=g\",\"url\":\"https:\\\/\\\/secure.gravatar.com\\\/avatar\\\/d4fe7459cfc51ff5129ce1a732bbef5928568b8092d412ef95611616376bbeed?s=96&d=mm&r=g\",\"contentUrl\":\"https:\\\/\\\/secure.gravatar.com\\\/avatar\\\/d4fe7459cfc51ff5129ce1a732bbef5928568b8092d412ef95611616376bbeed?s=96&d=mm&r=g\",\"caption\":\"f1000024\"},\"url\":\"https:\\\/\\\/cvinoticias.com\\\/v3\\\/author\\\/f1000024\\\/\"}]}<\/script>\n<!-- \/ Yoast SEO plugin. -->","yoast_head_json":{"title":"Con sistema bimodal, 16 provincias iniciar\u00e1n sus clases entre el 1 y el 3 de marzo | CVI NOTICIAS","robots":{"index":"index","follow":"follow","max-snippet":"max-snippet:-1","max-image-preview":"max-image-preview:large","max-video-preview":"max-video-preview:-1"},"canonical":"https:\/\/cvinoticias.com\/v3\/con-sistema-bimodal-16-provincias-iniciaran-sus-clases-entre-el-1-y-el-3-de-marzo\/","og_locale":"es_ES","og_type":"article","og_title":"Con sistema bimodal, 16 provincias iniciar\u00e1n sus clases entre el 1 y el 3 de marzo | CVI NOTICIAS","og_description":"Las clases ser\u00e1n con sistema combinado entre presencialidad y a distancia, protocolos de bioseguridad y la vacunaci\u00f3n al personal educativo que comenzar\u00e1 esta semana. Cerca de ocho millones de estudiantes iniciar\u00e1n sus clases en 16 provincias en la primera semana de marzo con un sistema bimodal que combinar\u00e1 actividades presenciales y otras a distancia, m\u00e1s [&hellip;]","og_url":"https:\/\/cvinoticias.com\/v3\/con-sistema-bimodal-16-provincias-iniciaran-sus-clases-entre-el-1-y-el-3-de-marzo\/","og_site_name":"CVI NOTICIAS","article_publisher":"https:\/\/www.facebook.com\/cvinoticias","article_published_time":"2021-03-01T10:33:31+00:00","og_image":[{"width":768,"height":576,"url":"https:\/\/cvinoticias.com\/wp-content\/uploads\/2021\/03\/f768x1-207342_207469_5050.jpg","type":"image\/jpeg"}],"author":"f1000024","twitter_card":"summary_large_image","twitter_misc":{"Escrito por":"f1000024","Tiempo de lectura":"1 minuto"},"schema":{"@context":"https:\/\/schema.org","@graph":[{"@type":"Article","@id":"https:\/\/cvinoticias.com\/v3\/con-sistema-bimodal-16-provincias-iniciaran-sus-clases-entre-el-1-y-el-3-de-marzo\/#article","isPartOf":{"@id":"https:\/\/cvinoticias.com\/v3\/con-sistema-bimodal-16-provincias-iniciaran-sus-clases-entre-el-1-y-el-3-de-marzo\/"},"author":{"name":"f1000024","@id":"https:\/\/cvinoticias.com\/v3\/#\/schema\/person\/2db77e3c6bc03c538495d7b2b8be9b66"},"headline":"Con sistema bimodal, 16 provincias iniciar\u00e1n sus clases entre el 1 y el 3 de marzo","datePublished":"2021-03-01T10:33:31+00:00","mainEntityOfPage":{"@id":"https:\/\/cvinoticias.com\/v3\/con-sistema-bimodal-16-provincias-iniciaran-sus-clases-entre-el-1-y-el-3-de-marzo\/"},"wordCount":211,"commentCount":0,"publisher":{"@id":"https:\/\/cvinoticias.com\/v3\/#organization"},"image":{"@id":"https:\/\/cvinoticias.com\/v3\/con-sistema-bimodal-16-provincias-iniciaran-sus-clases-entre-el-1-y-el-3-de-marzo\/#primaryimage"},"thumbnailUrl":"https:\/\/cvinoticias.com\/wp-content\/uploads\/2021\/03\/f768x1-207342_207469_5050.jpg","articleSection":["Educacion"],"inLanguage":"es","potentialAction":[{"@type":"CommentAction","name":"Comment","target":["https:\/\/cvinoticias.com\/v3\/con-sistema-bimodal-16-provincias-iniciaran-sus-clases-entre-el-1-y-el-3-de-marzo\/#respond"]}]},{"@type":"WebPage","@id":"https:\/\/cvinoticias.com\/v3\/con-sistema-bimodal-16-provincias-iniciaran-sus-clases-entre-el-1-y-el-3-de-marzo\/","url":"https:\/\/cvinoticias.com\/v3\/con-sistema-bimodal-16-provincias-iniciaran-sus-clases-entre-el-1-y-el-3-de-marzo\/","name":"Con sistema bimodal, 16 provincias iniciar\u00e1n sus clases entre el 1 y el 3 de marzo | CVI NOTICIAS","isPartOf":{"@id":"https:\/\/cvinoticias.com\/v3\/#website"},"primaryImageOfPage":{"@id":"https:\/\/cvinoticias.com\/v3\/con-sistema-bimodal-16-provincias-iniciaran-sus-clases-entre-el-1-y-el-3-de-marzo\/#primaryimage"},"image":{"@id":"https:\/\/cvinoticias.com\/v3\/con-sistema-bimodal-16-provincias-iniciaran-sus-clases-entre-el-1-y-el-3-de-marzo\/#primaryimage"},"thumbnailUrl":"https:\/\/cvinoticias.com\/wp-content\/uploads\/2021\/03\/f768x1-207342_207469_5050.jpg","datePublished":"2021-03-01T10:33:31+00:00","breadcrumb":{"@id":"https:\/\/cvinoticias.com\/v3\/con-sistema-bimodal-16-provincias-iniciaran-sus-clases-entre-el-1-y-el-3-de-marzo\/#breadcrumb"},"inLanguage":"es","potentialAction":[{"@type":"ReadAction","target":["https:\/\/cvinoticias.com\/v3\/con-sistema-bimodal-16-provincias-iniciaran-sus-clases-entre-el-1-y-el-3-de-marzo\/"]}]},{"@type":"ImageObject","inLanguage":"es","@id":"https:\/\/cvinoticias.com\/v3\/con-sistema-bimodal-16-provincias-iniciaran-sus-clases-entre-el-1-y-el-3-de-marzo\/#primaryimage","url":"https:\/\/cvinoticias.com\/wp-content\/uploads\/2021\/03\/f768x1-207342_207469_5050.jpg","contentUrl":"https:\/\/cvinoticias.com\/wp-content\/uploads\/2021\/03\/f768x1-207342_207469_5050.jpg","width":768,"height":576},{"@type":"BreadcrumbList","@id":"https:\/\/cvinoticias.com\/v3\/con-sistema-bimodal-16-provincias-iniciaran-sus-clases-entre-el-1-y-el-3-de-marzo\/#breadcrumb","itemListElement":[{"@type":"ListItem","position":1,"name":"Portada","item":"https:\/\/cvinoticias.com\/v3\/"},{"@type":"ListItem","position":2,"name":"Con sistema bimodal, 16 provincias iniciar\u00e1n sus clases entre el 1 y el 3 de marzo"}]},{"@type":"WebSite","@id":"https:\/\/cvinoticias.com\/v3\/#website","url":"https:\/\/cvinoticias.com\/v3\/","name":"CVI NOTICIAS","description":"","publisher":{"@id":"https:\/\/cvinoticias.com\/v3\/#organization"},"alternateName":"CVI","potentialAction":[{"@type":"SearchAction","target":{"@type":"EntryPoint","urlTemplate":"https:\/\/cvinoticias.com\/v3\/?s={search_term_string}"},"query-input":{"@type":"PropertyValueSpecification","valueRequired":true,"valueName":"search_term_string"}}],"inLanguage":"es"},{"@type":"Organization","@id":"https:\/\/cvinoticias.com\/v3\/#organization","name":"CVI NOTICIAS","url":"https:\/\/cvinoticias.com\/v3\/","logo":{"@type":"ImageObject","inLanguage":"es","@id":"https:\/\/cvinoticias.com\/v3\/#\/schema\/logo\/image\/","url":"https:\/\/cvinoticias.com\/wp-content\/uploads\/2023\/04\/cropped-cropped-cropped-cropped-cropped-3-1.png","contentUrl":"https:\/\/cvinoticias.com\/wp-content\/uploads\/2023\/04\/cropped-cropped-cropped-cropped-cropped-3-1.png","width":95,"height":122,"caption":"CVI NOTICIAS"},"image":{"@id":"https:\/\/cvinoticias.com\/v3\/#\/schema\/logo\/image\/"},"sameAs":["https:\/\/www.facebook.com\/cvinoticias","https:\/\/www.instagram.com\/cvinoticias\/","https:\/\/www.youtube.com\/@CVINOTICIAS"]},{"@type":"Person","@id":"https:\/\/cvinoticias.com\/v3\/#\/schema\/person\/2db77e3c6bc03c538495d7b2b8be9b66","name":"f1000024","image":{"@type":"ImageObject","inLanguage":"es","@id":"https:\/\/secure.gravatar.com\/avatar\/d4fe7459cfc51ff5129ce1a732bbef5928568b8092d412ef95611616376bbeed?s=96&d=mm&r=g","url":"https:\/\/secure.gravatar.com\/avatar\/d4fe7459cfc51ff5129ce1a732bbef5928568b8092d412ef95611616376bbeed?s=96&d=mm&r=g","contentUrl":"https:\/\/secure.gravatar.com\/avatar\/d4fe7459cfc51ff5129ce1a732bbef5928568b8092d412ef95611616376bbeed?s=96&d=mm&r=g","caption":"f1000024"},"url":"https:\/\/cvinoticias.com\/v3\/author\/f1000024\/"}]}},"_links":{"self":[{"href":"https:\/\/cvinoticias.com\/v3\/wp-json\/wp\/v2\/posts\/3065","targetHints":{"allow":["GET"]}}],"collection":[{"href":"https:\/\/cvinoticias.com\/v3\/wp-json\/wp\/v2\/posts"}],"about":[{"href":"https:\/\/cvinoticias.com\/v3\/wp-json\/wp\/v2\/types\/post"}],"author":[{"embeddable":true,"href":"https:\/\/cvinoticias.com\/v3\/wp-json\/wp\/v2\/users\/2"}],"replies":[{"embeddable":true,"href":"https:\/\/cvinoticias.com\/v3\/wp-json\/wp\/v2\/comments?post=3065"}],"version-history":[{"count":1,"href":"https:\/\/cvinoticias.com\/v3\/wp-json\/wp\/v2\/posts\/3065\/revisions"}],"predecessor-version":[{"id":3067,"href":"https:\/\/cvinoticias.com\/v3\/wp-json\/wp\/v2\/posts\/3065\/revisions\/3067"}],"wp:featuredmedia":[{"embeddable":true,"href":"https:\/\/cvinoticias.com\/v3\/wp-json\/wp\/v2\/media\/3066"}],"wp:attachment":[{"href":"https:\/\/cvinoticias.com\/v3\/wp-json\/wp\/v2\/media?parent=3065"}],"wp:term":[{"taxonomy":"category","embeddable":true,"href":"https:\/\/cvinoticias.com\/v3\/wp-json\/wp\/v2\/categories?post=3065"},{"taxonomy":"post_tag","embeddable":true,"href":"https:\/\/cvinoticias.com\/v3\/wp-json\/wp\/v2\/tags?post=3065"}],"curies":[{"name":"wp","href":"https:\/\/api.w.org\/{rel}","templated":true}]}}