{"id":30649,"date":"2023-12-07T08:05:19","date_gmt":"2023-12-07T11:05:19","guid":{"rendered":"https:\/\/cvinoticias.com\/v3\/?p=30649"},"modified":"2023-12-07T08:18:50","modified_gmt":"2023-12-07T11:18:50","slug":"javier-milei-confirmo-que-marco-lavagna-continuara-al-frente-del-indec-en-su-gobierno","status":"publish","type":"post","link":"https:\/\/cvinoticias.com\/v3\/javier-milei-confirmo-que-marco-lavagna-continuara-al-frente-del-indec-en-su-gobierno\/","title":{"rendered":"Javier Milei confirm\u00f3 que Marco Lavagna continuar\u00e1 al frente del Indec en su Gobierno"},"content":{"rendered":"\n<p><strong><em>Por medio de un comunicado oficial, el presidente electo asegur\u00f3 que con la decisi\u00f3n \u201cse establecer\u00e1 una nueva pol\u00edtica de Estado, en la que el Indec ser\u00e1 un organismo t\u00e9cnico despolitizado\u201d<\/em><\/strong><\/p>\n\n\n\n<p>A trav\u00e9s de un comunicado oficial, el presidente electo Javier Milei confirm\u00f3 que Marco Lavagna continuar\u00e1 al frente del Instituto Nacional de Estad\u00edsticas y Censos (Indec) durante su gesti\u00f3n.<\/p>\n\n\n\n<p>\u201cSus equipos est\u00e1n trabajando en un proyecto que dotar\u00e1 al organismo de autonom\u00eda y autarqu\u00eda para que deje de funcionar bajo la \u00f3rbita del Ministerio de Econom\u00eda de la Naci\u00f3n\u201d, justificaron.<\/p>\n\n\n\n<p>\u201cDe esta manera, se establecer\u00e1 una nueva pol\u00edtica de Estado, en la que el Indec ser\u00e1 un organismo t\u00e9cnico despolitizado\u201d, agregaron en el comunicado.<\/p>\n\n\n\n<figure class=\"wp-block-image size-large\"><a href=\"https:\/\/cvinoticias.com\/wp-content\/uploads\/2023\/12\/Screenshot_20231207_075803_Chrome.jpg\"><img decoding=\"async\" width=\"724\" height=\"1024\" data-src=\"https:\/\/cvinoticias.com\/wp-content\/uploads\/2023\/12\/Screenshot_20231207_075803_Chrome-724x1024.jpg\" alt=\"\" class=\"wp-image-30650 lazyload\" data-srcset=\"https:\/\/cvinoticias.com\/wp-content\/uploads\/2023\/12\/Screenshot_20231207_075803_Chrome-724x1024.jpg 724w, https:\/\/cvinoticias.com\/wp-content\/uploads\/2023\/12\/Screenshot_20231207_075803_Chrome-212x300.jpg 212w, https:\/\/cvinoticias.com\/wp-content\/uploads\/2023\/12\/Screenshot_20231207_075803_Chrome-768x1086.jpg 768w, https:\/\/cvinoticias.com\/wp-content\/uploads\/2023\/12\/Screenshot_20231207_075803_Chrome.jpg 960w\" data-sizes=\"(max-width: 724px) 100vw, 724px\" src=\"data:image\/svg+xml;base64,PHN2ZyB3aWR0aD0iMSIgaGVpZ2h0PSIxIiB4bWxucz0iaHR0cDovL3d3dy53My5vcmcvMjAwMC9zdmciPjwvc3ZnPg==\" style=\"--smush-placeholder-width: 724px; --smush-placeholder-aspect-ratio: 724\/1024;\" \/><\/a><\/figure>\n\n\n\n<p>Por el momento, no se confirm\u00f3 si se mantendr\u00e1 s\u00f3lo a Lavagna o si continuar\u00e1 todo el equipo que hoy conforma el organigrama del Indec.<\/p>\n\n\n\n<p>se confirm\u00f3 a Lavagna como director del Indec, el equipo del Presidente Electo inform\u00f3 que el empresario multimillonario Elon Musk se comunic\u00f3 en la tarde de hoy con Javier Milei para felicitarlo por su victoria y para ponerse a disposici\u00f3n, con el fin de colaborar en la defensa de las ideas de la Libertad.<\/p>\n\n\n\n<p>\u201cAsimismo, comunic\u00f3 su inter\u00e9s en viajar a la Argentina con el objetivo de reunirse personalmente con el Sr. Javier Milei\u201d, cierra posteo.<\/p>\n","protected":false},"excerpt":{"rendered":"<p>Por medio de un comunicado oficial, el presidente electo asegur\u00f3 que con la decisi\u00f3n \u201cse establecer\u00e1 una nueva pol\u00edtica de Estado, en la que el Indec ser\u00e1 un organismo t\u00e9cnico despolitizado\u201d A trav\u00e9s de un comunicado oficial, el presidente electo Javier Milei confirm\u00f3 que Marco Lavagna continuar\u00e1 al frente del Instituto Nacional de Estad\u00edsticas y [&hellip;]<\/p>\n","protected":false},"author":2,"featured_media":30658,"comment_status":"open","ping_status":"open","sticky":false,"template":"","format":"standard","meta":{"footnotes":""},"categories":[39],"tags":[],"class_list":["post-30649","post","type-post","status-publish","format-standard","has-post-thumbnail","hentry","category-nacionales"],"yoast_head":"<!-- This site is optimized with the Yoast SEO plugin v27.4 - https:\/\/yoast.com\/product\/yoast-seo-wordpress\/ -->\n<title>Javier Milei confirm\u00f3 que Marco Lavagna continuar\u00e1 al frente del Indec en su Gobierno | CVI NOTICIAS<\/title>\n<meta name=\"robots\" content=\"index, follow, max-snippet:-1, max-image-preview:large, max-video-preview:-1\" \/>\n<link rel=\"canonical\" href=\"https:\/\/cvinoticias.com\/v3\/javier-milei-confirmo-que-marco-lavagna-continuara-al-frente-del-indec-en-su-gobierno\/\" \/>\n<meta property=\"og:locale\" content=\"es_ES\" \/>\n<meta property=\"og:type\" content=\"article\" \/>\n<meta property=\"og:title\" content=\"Javier Milei confirm\u00f3 que Marco Lavagna continuar\u00e1 al frente del Indec en su Gobierno | CVI NOTICIAS\" \/>\n<meta property=\"og:description\" content=\"Por medio de un comunicado oficial, el presidente electo asegur\u00f3 que con la decisi\u00f3n \u201cse establecer\u00e1 una nueva pol\u00edtica de Estado, en la que el Indec ser\u00e1 un organismo t\u00e9cnico despolitizado\u201d A trav\u00e9s de un comunicado oficial, el presidente electo Javier Milei confirm\u00f3 que Marco Lavagna continuar\u00e1 al frente del Instituto Nacional de Estad\u00edsticas y [&hellip;]\" \/>\n<meta property=\"og:url\" content=\"https:\/\/cvinoticias.com\/v3\/javier-milei-confirmo-que-marco-lavagna-continuara-al-frente-del-indec-en-su-gobierno\/\" \/>\n<meta property=\"og:site_name\" content=\"CVI NOTICIAS\" \/>\n<meta property=\"article:publisher\" content=\"https:\/\/www.facebook.com\/cvinoticias\" \/>\n<meta property=\"article:published_time\" content=\"2023-12-07T11:05:19+00:00\" \/>\n<meta property=\"article:modified_time\" content=\"2023-12-07T11:18:50+00:00\" \/>\n<meta property=\"og:image\" content=\"https:\/\/cvinoticias.com\/wp-content\/uploads\/2023\/12\/Marco-Lavagna-1024x665-1.jpg\" \/>\n\t<meta property=\"og:image:width\" content=\"936\" \/>\n\t<meta property=\"og:image:height\" content=\"665\" \/>\n\t<meta property=\"og:image:type\" content=\"image\/jpeg\" \/>\n<meta name=\"author\" content=\"f1000024\" \/>\n<meta name=\"twitter:card\" content=\"summary_large_image\" \/>\n<meta name=\"twitter:label1\" content=\"Escrito por\" \/>\n\t<meta name=\"twitter:data1\" content=\"f1000024\" \/>\n\t<meta name=\"twitter:label2\" content=\"Tiempo de lectura\" \/>\n\t<meta name=\"twitter:data2\" content=\"1 minuto\" \/>\n<script type=\"application\/ld+json\" class=\"yoast-schema-graph\">{\"@context\":\"https:\\\/\\\/schema.org\",\"@graph\":[{\"@type\":\"Article\",\"@id\":\"https:\\\/\\\/cvinoticias.com\\\/v3\\\/javier-milei-confirmo-que-marco-lavagna-continuara-al-frente-del-indec-en-su-gobierno\\\/#article\",\"isPartOf\":{\"@id\":\"https:\\\/\\\/cvinoticias.com\\\/v3\\\/javier-milei-confirmo-que-marco-lavagna-continuara-al-frente-del-indec-en-su-gobierno\\\/\"},\"author\":{\"name\":\"f1000024\",\"@id\":\"https:\\\/\\\/cvinoticias.com\\\/v3\\\/#\\\/schema\\\/person\\\/2db77e3c6bc03c538495d7b2b8be9b66\"},\"headline\":\"Javier Milei confirm\u00f3 que Marco Lavagna continuar\u00e1 al frente del Indec en su Gobierno\",\"datePublished\":\"2023-12-07T11:05:19+00:00\",\"dateModified\":\"2023-12-07T11:18:50+00:00\",\"mainEntityOfPage\":{\"@id\":\"https:\\\/\\\/cvinoticias.com\\\/v3\\\/javier-milei-confirmo-que-marco-lavagna-continuara-al-frente-del-indec-en-su-gobierno\\\/\"},\"wordCount\":246,\"commentCount\":0,\"publisher\":{\"@id\":\"https:\\\/\\\/cvinoticias.com\\\/v3\\\/#organization\"},\"image\":{\"@id\":\"https:\\\/\\\/cvinoticias.com\\\/v3\\\/javier-milei-confirmo-que-marco-lavagna-continuara-al-frente-del-indec-en-su-gobierno\\\/#primaryimage\"},\"thumbnailUrl\":\"https:\\\/\\\/cvinoticias.com\\\/wp-content\\\/uploads\\\/2023\\\/12\\\/Marco-Lavagna-1024x665-1.jpg\",\"articleSection\":[\"Nacionales\"],\"inLanguage\":\"es\",\"potentialAction\":[{\"@type\":\"CommentAction\",\"name\":\"Comment\",\"target\":[\"https:\\\/\\\/cvinoticias.com\\\/v3\\\/javier-milei-confirmo-que-marco-lavagna-continuara-al-frente-del-indec-en-su-gobierno\\\/#respond\"]}]},{\"@type\":\"WebPage\",\"@id\":\"https:\\\/\\\/cvinoticias.com\\\/v3\\\/javier-milei-confirmo-que-marco-lavagna-continuara-al-frente-del-indec-en-su-gobierno\\\/\",\"url\":\"https:\\\/\\\/cvinoticias.com\\\/v3\\\/javier-milei-confirmo-que-marco-lavagna-continuara-al-frente-del-indec-en-su-gobierno\\\/\",\"name\":\"Javier Milei confirm\u00f3 que Marco Lavagna continuar\u00e1 al frente del Indec en su Gobierno | CVI NOTICIAS\",\"isPartOf\":{\"@id\":\"https:\\\/\\\/cvinoticias.com\\\/v3\\\/#website\"},\"primaryImageOfPage\":{\"@id\":\"https:\\\/\\\/cvinoticias.com\\\/v3\\\/javier-milei-confirmo-que-marco-lavagna-continuara-al-frente-del-indec-en-su-gobierno\\\/#primaryimage\"},\"image\":{\"@id\":\"https:\\\/\\\/cvinoticias.com\\\/v3\\\/javier-milei-confirmo-que-marco-lavagna-continuara-al-frente-del-indec-en-su-gobierno\\\/#primaryimage\"},\"thumbnailUrl\":\"https:\\\/\\\/cvinoticias.com\\\/wp-content\\\/uploads\\\/2023\\\/12\\\/Marco-Lavagna-1024x665-1.jpg\",\"datePublished\":\"2023-12-07T11:05:19+00:00\",\"dateModified\":\"2023-12-07T11:18:50+00:00\",\"breadcrumb\":{\"@id\":\"https:\\\/\\\/cvinoticias.com\\\/v3\\\/javier-milei-confirmo-que-marco-lavagna-continuara-al-frente-del-indec-en-su-gobierno\\\/#breadcrumb\"},\"inLanguage\":\"es\",\"potentialAction\":[{\"@type\":\"ReadAction\",\"target\":[\"https:\\\/\\\/cvinoticias.com\\\/v3\\\/javier-milei-confirmo-que-marco-lavagna-continuara-al-frente-del-indec-en-su-gobierno\\\/\"]}]},{\"@type\":\"ImageObject\",\"inLanguage\":\"es\",\"@id\":\"https:\\\/\\\/cvinoticias.com\\\/v3\\\/javier-milei-confirmo-que-marco-lavagna-continuara-al-frente-del-indec-en-su-gobierno\\\/#primaryimage\",\"url\":\"https:\\\/\\\/cvinoticias.com\\\/wp-content\\\/uploads\\\/2023\\\/12\\\/Marco-Lavagna-1024x665-1.jpg\",\"contentUrl\":\"https:\\\/\\\/cvinoticias.com\\\/wp-content\\\/uploads\\\/2023\\\/12\\\/Marco-Lavagna-1024x665-1.jpg\",\"width\":936,\"height\":665},{\"@type\":\"BreadcrumbList\",\"@id\":\"https:\\\/\\\/cvinoticias.com\\\/v3\\\/javier-milei-confirmo-que-marco-lavagna-continuara-al-frente-del-indec-en-su-gobierno\\\/#breadcrumb\",\"itemListElement\":[{\"@type\":\"ListItem\",\"position\":1,\"name\":\"Portada\",\"item\":\"https:\\\/\\\/cvinoticias.com\\\/v3\\\/\"},{\"@type\":\"ListItem\",\"position\":2,\"name\":\"Javier Milei confirm\u00f3 que Marco Lavagna continuar\u00e1 al frente del Indec en su Gobierno\"}]},{\"@type\":\"WebSite\",\"@id\":\"https:\\\/\\\/cvinoticias.com\\\/v3\\\/#website\",\"url\":\"https:\\\/\\\/cvinoticias.com\\\/v3\\\/\",\"name\":\"CVI NOTICIAS\",\"description\":\"\",\"publisher\":{\"@id\":\"https:\\\/\\\/cvinoticias.com\\\/v3\\\/#organization\"},\"alternateName\":\"CVI\",\"potentialAction\":[{\"@type\":\"SearchAction\",\"target\":{\"@type\":\"EntryPoint\",\"urlTemplate\":\"https:\\\/\\\/cvinoticias.com\\\/v3\\\/?s={search_term_string}\"},\"query-input\":{\"@type\":\"PropertyValueSpecification\",\"valueRequired\":true,\"valueName\":\"search_term_string\"}}],\"inLanguage\":\"es\"},{\"@type\":\"Organization\",\"@id\":\"https:\\\/\\\/cvinoticias.com\\\/v3\\\/#organization\",\"name\":\"CVI NOTICIAS\",\"url\":\"https:\\\/\\\/cvinoticias.com\\\/v3\\\/\",\"logo\":{\"@type\":\"ImageObject\",\"inLanguage\":\"es\",\"@id\":\"https:\\\/\\\/cvinoticias.com\\\/v3\\\/#\\\/schema\\\/logo\\\/image\\\/\",\"url\":\"https:\\\/\\\/cvinoticias.com\\\/wp-content\\\/uploads\\\/2023\\\/04\\\/cropped-cropped-cropped-cropped-cropped-3-1.png\",\"contentUrl\":\"https:\\\/\\\/cvinoticias.com\\\/wp-content\\\/uploads\\\/2023\\\/04\\\/cropped-cropped-cropped-cropped-cropped-3-1.png\",\"width\":95,\"height\":122,\"caption\":\"CVI NOTICIAS\"},\"image\":{\"@id\":\"https:\\\/\\\/cvinoticias.com\\\/v3\\\/#\\\/schema\\\/logo\\\/image\\\/\"},\"sameAs\":[\"https:\\\/\\\/www.facebook.com\\\/cvinoticias\",\"https:\\\/\\\/www.instagram.com\\\/cvinoticias\\\/\",\"https:\\\/\\\/www.youtube.com\\\/@CVINOTICIAS\"]},{\"@type\":\"Person\",\"@id\":\"https:\\\/\\\/cvinoticias.com\\\/v3\\\/#\\\/schema\\\/person\\\/2db77e3c6bc03c538495d7b2b8be9b66\",\"name\":\"f1000024\",\"image\":{\"@type\":\"ImageObject\",\"inLanguage\":\"es\",\"@id\":\"https:\\\/\\\/secure.gravatar.com\\\/avatar\\\/d4fe7459cfc51ff5129ce1a732bbef5928568b8092d412ef95611616376bbeed?s=96&d=mm&r=g\",\"url\":\"https:\\\/\\\/secure.gravatar.com\\\/avatar\\\/d4fe7459cfc51ff5129ce1a732bbef5928568b8092d412ef95611616376bbeed?s=96&d=mm&r=g\",\"contentUrl\":\"https:\\\/\\\/secure.gravatar.com\\\/avatar\\\/d4fe7459cfc51ff5129ce1a732bbef5928568b8092d412ef95611616376bbeed?s=96&d=mm&r=g\",\"caption\":\"f1000024\"},\"url\":\"https:\\\/\\\/cvinoticias.com\\\/v3\\\/author\\\/f1000024\\\/\"}]}<\/script>\n<!-- \/ Yoast SEO plugin. -->","yoast_head_json":{"title":"Javier Milei confirm\u00f3 que Marco Lavagna continuar\u00e1 al frente del Indec en su Gobierno | CVI NOTICIAS","robots":{"index":"index","follow":"follow","max-snippet":"max-snippet:-1","max-image-preview":"max-image-preview:large","max-video-preview":"max-video-preview:-1"},"canonical":"https:\/\/cvinoticias.com\/v3\/javier-milei-confirmo-que-marco-lavagna-continuara-al-frente-del-indec-en-su-gobierno\/","og_locale":"es_ES","og_type":"article","og_title":"Javier Milei confirm\u00f3 que Marco Lavagna continuar\u00e1 al frente del Indec en su Gobierno | CVI NOTICIAS","og_description":"Por medio de un comunicado oficial, el presidente electo asegur\u00f3 que con la decisi\u00f3n \u201cse establecer\u00e1 una nueva pol\u00edtica de Estado, en la que el Indec ser\u00e1 un organismo t\u00e9cnico despolitizado\u201d A trav\u00e9s de un comunicado oficial, el presidente electo Javier Milei confirm\u00f3 que Marco Lavagna continuar\u00e1 al frente del Instituto Nacional de Estad\u00edsticas y [&hellip;]","og_url":"https:\/\/cvinoticias.com\/v3\/javier-milei-confirmo-que-marco-lavagna-continuara-al-frente-del-indec-en-su-gobierno\/","og_site_name":"CVI NOTICIAS","article_publisher":"https:\/\/www.facebook.com\/cvinoticias","article_published_time":"2023-12-07T11:05:19+00:00","article_modified_time":"2023-12-07T11:18:50+00:00","og_image":[{"width":936,"height":665,"url":"https:\/\/cvinoticias.com\/wp-content\/uploads\/2023\/12\/Marco-Lavagna-1024x665-1.jpg","type":"image\/jpeg"}],"author":"f1000024","twitter_card":"summary_large_image","twitter_misc":{"Escrito por":"f1000024","Tiempo de lectura":"1 minuto"},"schema":{"@context":"https:\/\/schema.org","@graph":[{"@type":"Article","@id":"https:\/\/cvinoticias.com\/v3\/javier-milei-confirmo-que-marco-lavagna-continuara-al-frente-del-indec-en-su-gobierno\/#article","isPartOf":{"@id":"https:\/\/cvinoticias.com\/v3\/javier-milei-confirmo-que-marco-lavagna-continuara-al-frente-del-indec-en-su-gobierno\/"},"author":{"name":"f1000024","@id":"https:\/\/cvinoticias.com\/v3\/#\/schema\/person\/2db77e3c6bc03c538495d7b2b8be9b66"},"headline":"Javier Milei confirm\u00f3 que Marco Lavagna continuar\u00e1 al frente del Indec en su Gobierno","datePublished":"2023-12-07T11:05:19+00:00","dateModified":"2023-12-07T11:18:50+00:00","mainEntityOfPage":{"@id":"https:\/\/cvinoticias.com\/v3\/javier-milei-confirmo-que-marco-lavagna-continuara-al-frente-del-indec-en-su-gobierno\/"},"wordCount":246,"commentCount":0,"publisher":{"@id":"https:\/\/cvinoticias.com\/v3\/#organization"},"image":{"@id":"https:\/\/cvinoticias.com\/v3\/javier-milei-confirmo-que-marco-lavagna-continuara-al-frente-del-indec-en-su-gobierno\/#primaryimage"},"thumbnailUrl":"https:\/\/cvinoticias.com\/wp-content\/uploads\/2023\/12\/Marco-Lavagna-1024x665-1.jpg","articleSection":["Nacionales"],"inLanguage":"es","potentialAction":[{"@type":"CommentAction","name":"Comment","target":["https:\/\/cvinoticias.com\/v3\/javier-milei-confirmo-que-marco-lavagna-continuara-al-frente-del-indec-en-su-gobierno\/#respond"]}]},{"@type":"WebPage","@id":"https:\/\/cvinoticias.com\/v3\/javier-milei-confirmo-que-marco-lavagna-continuara-al-frente-del-indec-en-su-gobierno\/","url":"https:\/\/cvinoticias.com\/v3\/javier-milei-confirmo-que-marco-lavagna-continuara-al-frente-del-indec-en-su-gobierno\/","name":"Javier Milei confirm\u00f3 que Marco Lavagna continuar\u00e1 al frente del Indec en su Gobierno | CVI NOTICIAS","isPartOf":{"@id":"https:\/\/cvinoticias.com\/v3\/#website"},"primaryImageOfPage":{"@id":"https:\/\/cvinoticias.com\/v3\/javier-milei-confirmo-que-marco-lavagna-continuara-al-frente-del-indec-en-su-gobierno\/#primaryimage"},"image":{"@id":"https:\/\/cvinoticias.com\/v3\/javier-milei-confirmo-que-marco-lavagna-continuara-al-frente-del-indec-en-su-gobierno\/#primaryimage"},"thumbnailUrl":"https:\/\/cvinoticias.com\/wp-content\/uploads\/2023\/12\/Marco-Lavagna-1024x665-1.jpg","datePublished":"2023-12-07T11:05:19+00:00","dateModified":"2023-12-07T11:18:50+00:00","breadcrumb":{"@id":"https:\/\/cvinoticias.com\/v3\/javier-milei-confirmo-que-marco-lavagna-continuara-al-frente-del-indec-en-su-gobierno\/#breadcrumb"},"inLanguage":"es","potentialAction":[{"@type":"ReadAction","target":["https:\/\/cvinoticias.com\/v3\/javier-milei-confirmo-que-marco-lavagna-continuara-al-frente-del-indec-en-su-gobierno\/"]}]},{"@type":"ImageObject","inLanguage":"es","@id":"https:\/\/cvinoticias.com\/v3\/javier-milei-confirmo-que-marco-lavagna-continuara-al-frente-del-indec-en-su-gobierno\/#primaryimage","url":"https:\/\/cvinoticias.com\/wp-content\/uploads\/2023\/12\/Marco-Lavagna-1024x665-1.jpg","contentUrl":"https:\/\/cvinoticias.com\/wp-content\/uploads\/2023\/12\/Marco-Lavagna-1024x665-1.jpg","width":936,"height":665},{"@type":"BreadcrumbList","@id":"https:\/\/cvinoticias.com\/v3\/javier-milei-confirmo-que-marco-lavagna-continuara-al-frente-del-indec-en-su-gobierno\/#breadcrumb","itemListElement":[{"@type":"ListItem","position":1,"name":"Portada","item":"https:\/\/cvinoticias.com\/v3\/"},{"@type":"ListItem","position":2,"name":"Javier Milei confirm\u00f3 que Marco Lavagna continuar\u00e1 al frente del Indec en su Gobierno"}]},{"@type":"WebSite","@id":"https:\/\/cvinoticias.com\/v3\/#website","url":"https:\/\/cvinoticias.com\/v3\/","name":"CVI NOTICIAS","description":"","publisher":{"@id":"https:\/\/cvinoticias.com\/v3\/#organization"},"alternateName":"CVI","potentialAction":[{"@type":"SearchAction","target":{"@type":"EntryPoint","urlTemplate":"https:\/\/cvinoticias.com\/v3\/?s={search_term_string}"},"query-input":{"@type":"PropertyValueSpecification","valueRequired":true,"valueName":"search_term_string"}}],"inLanguage":"es"},{"@type":"Organization","@id":"https:\/\/cvinoticias.com\/v3\/#organization","name":"CVI NOTICIAS","url":"https:\/\/cvinoticias.com\/v3\/","logo":{"@type":"ImageObject","inLanguage":"es","@id":"https:\/\/cvinoticias.com\/v3\/#\/schema\/logo\/image\/","url":"https:\/\/cvinoticias.com\/wp-content\/uploads\/2023\/04\/cropped-cropped-cropped-cropped-cropped-3-1.png","contentUrl":"https:\/\/cvinoticias.com\/wp-content\/uploads\/2023\/04\/cropped-cropped-cropped-cropped-cropped-3-1.png","width":95,"height":122,"caption":"CVI NOTICIAS"},"image":{"@id":"https:\/\/cvinoticias.com\/v3\/#\/schema\/logo\/image\/"},"sameAs":["https:\/\/www.facebook.com\/cvinoticias","https:\/\/www.instagram.com\/cvinoticias\/","https:\/\/www.youtube.com\/@CVINOTICIAS"]},{"@type":"Person","@id":"https:\/\/cvinoticias.com\/v3\/#\/schema\/person\/2db77e3c6bc03c538495d7b2b8be9b66","name":"f1000024","image":{"@type":"ImageObject","inLanguage":"es","@id":"https:\/\/secure.gravatar.com\/avatar\/d4fe7459cfc51ff5129ce1a732bbef5928568b8092d412ef95611616376bbeed?s=96&d=mm&r=g","url":"https:\/\/secure.gravatar.com\/avatar\/d4fe7459cfc51ff5129ce1a732bbef5928568b8092d412ef95611616376bbeed?s=96&d=mm&r=g","contentUrl":"https:\/\/secure.gravatar.com\/avatar\/d4fe7459cfc51ff5129ce1a732bbef5928568b8092d412ef95611616376bbeed?s=96&d=mm&r=g","caption":"f1000024"},"url":"https:\/\/cvinoticias.com\/v3\/author\/f1000024\/"}]}},"_links":{"self":[{"href":"https:\/\/cvinoticias.com\/v3\/wp-json\/wp\/v2\/posts\/30649","targetHints":{"allow":["GET"]}}],"collection":[{"href":"https:\/\/cvinoticias.com\/v3\/wp-json\/wp\/v2\/posts"}],"about":[{"href":"https:\/\/cvinoticias.com\/v3\/wp-json\/wp\/v2\/types\/post"}],"author":[{"embeddable":true,"href":"https:\/\/cvinoticias.com\/v3\/wp-json\/wp\/v2\/users\/2"}],"replies":[{"embeddable":true,"href":"https:\/\/cvinoticias.com\/v3\/wp-json\/wp\/v2\/comments?post=30649"}],"version-history":[{"count":1,"href":"https:\/\/cvinoticias.com\/v3\/wp-json\/wp\/v2\/posts\/30649\/revisions"}],"predecessor-version":[{"id":30651,"href":"https:\/\/cvinoticias.com\/v3\/wp-json\/wp\/v2\/posts\/30649\/revisions\/30651"}],"wp:featuredmedia":[{"embeddable":true,"href":"https:\/\/cvinoticias.com\/v3\/wp-json\/wp\/v2\/media\/30658"}],"wp:attachment":[{"href":"https:\/\/cvinoticias.com\/v3\/wp-json\/wp\/v2\/media?parent=30649"}],"wp:term":[{"taxonomy":"category","embeddable":true,"href":"https:\/\/cvinoticias.com\/v3\/wp-json\/wp\/v2\/categories?post=30649"},{"taxonomy":"post_tag","embeddable":true,"href":"https:\/\/cvinoticias.com\/v3\/wp-json\/wp\/v2\/tags?post=30649"}],"curies":[{"name":"wp","href":"https:\/\/api.w.org\/{rel}","templated":true}]}}