{"id":30522,"date":"2023-12-02T23:02:20","date_gmt":"2023-12-03T02:02:20","guid":{"rendered":"https:\/\/cvinoticias.com\/v3\/?p=30522"},"modified":"2023-12-02T23:02:20","modified_gmt":"2023-12-03T02:02:20","slug":"angelini-postulo-a-mauricio-macri-como-presidente-del-pro-luego-de-que-bullrich-revelo-que-no-sera-candidata","status":"publish","type":"post","link":"https:\/\/cvinoticias.com\/v3\/angelini-postulo-a-mauricio-macri-como-presidente-del-pro-luego-de-que-bullrich-revelo-que-no-sera-candidata\/","title":{"rendered":"Angelini postul\u00f3 a Mauricio Macri como presidente del PRO luego de que Bullrich revel\u00f3 que no ser\u00e1 candidata"},"content":{"rendered":"\n<p><strong><em>El vicepresidente del PRO manifest\u00f3 a tono personal que le \u201cgustar\u00eda\u201d que el ex presidente sea el que dirija el partido a partir del a\u00f1o pr\u00f3ximo.<\/em><\/strong><\/p>\n\n\n\n<p>El diputado nacional por Santa Fe, Federico Angelini postul\u00f3 este s\u00e1bado al ex presidente Mauricio Macri para liderar el PRO a partir del a\u00f1o pr\u00f3ximo, luego de que la futura ministra de Seguridad, Patricia Bullrich, revel\u00f3 que no ser\u00e1 candidata.<\/p>\n\n\n\n<p>\u00abPatricia dijo que no iba a ser, y como gustar, me gustar\u00eda que sea Mauricio (Macri) el pr\u00f3ximo presidente del PRO, pero es una decisi\u00f3n personal, no s\u00e9 qu\u00e9 es lo que va a hacer\u00bb, dijo Angelini, actual vicepresidente del PRO, en declaraciones radiales.<\/p>\n\n\n\n<p>En esa l\u00ednea, cuando se lo consult\u00f3 respecto de si Bullrich le dar\u00e1 su respaldo a Macri para liderar el partido, Angelini remarc\u00f3: \u00abAs\u00ed como Mauricio (Macri) la apoy\u00f3 a ella siempre, ayer lo hizo en el nuevo camino que tom\u00f3 Patricia (Bullrich), ella lo apoyar\u00eda sin lugar a dudas. Mauricio quiere que a la Argentina le vaya bien\u00bb.<\/p>\n\n\n\n<p>Por otra parte, en el mensaje donde llam\u00f3 a elecciones y confirm\u00f3 su no postulaci\u00f3n, Bullrich manifest\u00f3, en primera instancia, que los comicios partidarios ser\u00eda en \u201cfebrero 2024\u201d, aunque luego, desde su equipo de comunicaci\u00f3n, sostuvieron que se trat\u00f3 de un error y afirmaron que de dar\u00e1n a \u201cprincipios de 2024\u201d.<\/p>\n\n\n\n<p>Sobre ese tema, Angelini dijo que se \u201cgeneraron grandes discusiones o especulaciones pero es una cuesti\u00f3n legal\u201d.<\/p>\n\n\n\n<p>\u201cVencen los mandatos en marzo y se tiene que dar todo el proceso previo, con tres o cuatro meses de anticipaci\u00f3n y si nos demoramos nos agarra enero con la feria judicial, que complica porque hay partes que tiene que hacer devoluciones la Justicia\u00bb, explic\u00f3.<\/p>\n\n\n\n<p>En este sentido, el legislador afirm\u00f3: \u00abTen\u00edamos que disparar el cronograma electoral y eso es lo que hicimos, porque lo que puede pasar si no lo haces es que la Justicia te termine interviniendo al partido.<\/p>\n\n\n\n<p>\u201cUno tiene que cumplir con el cronograma y con la carta org\u00e1nica\u00bb, argument\u00f3.<\/p>\n\n\n\n<p>Bullrich lleg\u00f3 a la presidencia del PRO en febrero del 2020, durante la previa de la pandemia. En esa circunstancia, el partido renov\u00f3 autoridades y la futura ministra de Seguridad qued\u00f3 como l\u00edder, secundada por Angelini y la senadora por C\u00f3rdoba Laura Rodr\u00edguez Machado, como vicepresidenta segunda.<\/p>\n","protected":false},"excerpt":{"rendered":"<p>El vicepresidente del PRO manifest\u00f3 a tono personal que le \u201cgustar\u00eda\u201d que el ex presidente sea el que dirija el partido a partir del a\u00f1o pr\u00f3ximo. El diputado nacional por Santa Fe, Federico Angelini postul\u00f3 este s\u00e1bado al ex presidente Mauricio Macri para liderar el PRO a partir del a\u00f1o pr\u00f3ximo, luego de que la [&hellip;]<\/p>\n","protected":false},"author":2,"featured_media":30523,"comment_status":"open","ping_status":"open","sticky":false,"template":"","format":"standard","meta":{"footnotes":""},"categories":[42],"tags":[],"class_list":["post-30522","post","type-post","status-publish","format-standard","has-post-thumbnail","hentry","category-politica"],"yoast_head":"<!-- This site is optimized with the Yoast SEO plugin v27.4 - https:\/\/yoast.com\/product\/yoast-seo-wordpress\/ -->\n<title>Angelini postul\u00f3 a Mauricio Macri como presidente del PRO luego de que Bullrich revel\u00f3 que no ser\u00e1 candidata | CVI NOTICIAS<\/title>\n<meta name=\"robots\" content=\"index, follow, max-snippet:-1, max-image-preview:large, max-video-preview:-1\" \/>\n<link rel=\"canonical\" href=\"https:\/\/cvinoticias.com\/v3\/angelini-postulo-a-mauricio-macri-como-presidente-del-pro-luego-de-que-bullrich-revelo-que-no-sera-candidata\/\" \/>\n<meta property=\"og:locale\" content=\"es_ES\" \/>\n<meta property=\"og:type\" content=\"article\" \/>\n<meta property=\"og:title\" content=\"Angelini postul\u00f3 a Mauricio Macri como presidente del PRO luego de que Bullrich revel\u00f3 que no ser\u00e1 candidata | CVI NOTICIAS\" \/>\n<meta property=\"og:description\" content=\"El vicepresidente del PRO manifest\u00f3 a tono personal que le \u201cgustar\u00eda\u201d que el ex presidente sea el que dirija el partido a partir del a\u00f1o pr\u00f3ximo. El diputado nacional por Santa Fe, Federico Angelini postul\u00f3 este s\u00e1bado al ex presidente Mauricio Macri para liderar el PRO a partir del a\u00f1o pr\u00f3ximo, luego de que la [&hellip;]\" \/>\n<meta property=\"og:url\" content=\"https:\/\/cvinoticias.com\/v3\/angelini-postulo-a-mauricio-macri-como-presidente-del-pro-luego-de-que-bullrich-revelo-que-no-sera-candidata\/\" \/>\n<meta property=\"og:site_name\" content=\"CVI NOTICIAS\" \/>\n<meta property=\"article:publisher\" content=\"https:\/\/www.facebook.com\/cvinoticias\" \/>\n<meta property=\"article:published_time\" content=\"2023-12-03T02:02:20+00:00\" \/>\n<meta property=\"og:image\" content=\"https:\/\/cvinoticias.com\/wp-content\/uploads\/2023\/12\/3a1968943e49c8316fb13c55fbf31932_M.jpg\" \/>\n\t<meta property=\"og:image:width\" content=\"768\" \/>\n\t<meta property=\"og:image:height\" content=\"595\" \/>\n\t<meta property=\"og:image:type\" content=\"image\/jpeg\" \/>\n<meta name=\"author\" content=\"f1000024\" \/>\n<meta name=\"twitter:card\" content=\"summary_large_image\" \/>\n<meta name=\"twitter:label1\" content=\"Escrito por\" \/>\n\t<meta name=\"twitter:data1\" content=\"f1000024\" \/>\n\t<meta name=\"twitter:label2\" content=\"Tiempo de lectura\" \/>\n\t<meta name=\"twitter:data2\" content=\"2 minutos\" \/>\n<script type=\"application\/ld+json\" class=\"yoast-schema-graph\">{\"@context\":\"https:\\\/\\\/schema.org\",\"@graph\":[{\"@type\":\"Article\",\"@id\":\"https:\\\/\\\/cvinoticias.com\\\/v3\\\/angelini-postulo-a-mauricio-macri-como-presidente-del-pro-luego-de-que-bullrich-revelo-que-no-sera-candidata\\\/#article\",\"isPartOf\":{\"@id\":\"https:\\\/\\\/cvinoticias.com\\\/v3\\\/angelini-postulo-a-mauricio-macri-como-presidente-del-pro-luego-de-que-bullrich-revelo-que-no-sera-candidata\\\/\"},\"author\":{\"name\":\"f1000024\",\"@id\":\"https:\\\/\\\/cvinoticias.com\\\/v3\\\/#\\\/schema\\\/person\\\/2db77e3c6bc03c538495d7b2b8be9b66\"},\"headline\":\"Angelini postul\u00f3 a Mauricio Macri como presidente del PRO luego de que Bullrich revel\u00f3 que no ser\u00e1 candidata\",\"datePublished\":\"2023-12-03T02:02:20+00:00\",\"mainEntityOfPage\":{\"@id\":\"https:\\\/\\\/cvinoticias.com\\\/v3\\\/angelini-postulo-a-mauricio-macri-como-presidente-del-pro-luego-de-que-bullrich-revelo-que-no-sera-candidata\\\/\"},\"wordCount\":415,\"commentCount\":0,\"publisher\":{\"@id\":\"https:\\\/\\\/cvinoticias.com\\\/v3\\\/#organization\"},\"image\":{\"@id\":\"https:\\\/\\\/cvinoticias.com\\\/v3\\\/angelini-postulo-a-mauricio-macri-como-presidente-del-pro-luego-de-que-bullrich-revelo-que-no-sera-candidata\\\/#primaryimage\"},\"thumbnailUrl\":\"https:\\\/\\\/cvinoticias.com\\\/wp-content\\\/uploads\\\/2023\\\/12\\\/3a1968943e49c8316fb13c55fbf31932_M.jpg\",\"articleSection\":[\"Politica\"],\"inLanguage\":\"es\",\"potentialAction\":[{\"@type\":\"CommentAction\",\"name\":\"Comment\",\"target\":[\"https:\\\/\\\/cvinoticias.com\\\/v3\\\/angelini-postulo-a-mauricio-macri-como-presidente-del-pro-luego-de-que-bullrich-revelo-que-no-sera-candidata\\\/#respond\"]}]},{\"@type\":\"WebPage\",\"@id\":\"https:\\\/\\\/cvinoticias.com\\\/v3\\\/angelini-postulo-a-mauricio-macri-como-presidente-del-pro-luego-de-que-bullrich-revelo-que-no-sera-candidata\\\/\",\"url\":\"https:\\\/\\\/cvinoticias.com\\\/v3\\\/angelini-postulo-a-mauricio-macri-como-presidente-del-pro-luego-de-que-bullrich-revelo-que-no-sera-candidata\\\/\",\"name\":\"Angelini postul\u00f3 a Mauricio Macri como presidente del PRO luego de que Bullrich revel\u00f3 que no ser\u00e1 candidata | CVI NOTICIAS\",\"isPartOf\":{\"@id\":\"https:\\\/\\\/cvinoticias.com\\\/v3\\\/#website\"},\"primaryImageOfPage\":{\"@id\":\"https:\\\/\\\/cvinoticias.com\\\/v3\\\/angelini-postulo-a-mauricio-macri-como-presidente-del-pro-luego-de-que-bullrich-revelo-que-no-sera-candidata\\\/#primaryimage\"},\"image\":{\"@id\":\"https:\\\/\\\/cvinoticias.com\\\/v3\\\/angelini-postulo-a-mauricio-macri-como-presidente-del-pro-luego-de-que-bullrich-revelo-que-no-sera-candidata\\\/#primaryimage\"},\"thumbnailUrl\":\"https:\\\/\\\/cvinoticias.com\\\/wp-content\\\/uploads\\\/2023\\\/12\\\/3a1968943e49c8316fb13c55fbf31932_M.jpg\",\"datePublished\":\"2023-12-03T02:02:20+00:00\",\"breadcrumb\":{\"@id\":\"https:\\\/\\\/cvinoticias.com\\\/v3\\\/angelini-postulo-a-mauricio-macri-como-presidente-del-pro-luego-de-que-bullrich-revelo-que-no-sera-candidata\\\/#breadcrumb\"},\"inLanguage\":\"es\",\"potentialAction\":[{\"@type\":\"ReadAction\",\"target\":[\"https:\\\/\\\/cvinoticias.com\\\/v3\\\/angelini-postulo-a-mauricio-macri-como-presidente-del-pro-luego-de-que-bullrich-revelo-que-no-sera-candidata\\\/\"]}]},{\"@type\":\"ImageObject\",\"inLanguage\":\"es\",\"@id\":\"https:\\\/\\\/cvinoticias.com\\\/v3\\\/angelini-postulo-a-mauricio-macri-como-presidente-del-pro-luego-de-que-bullrich-revelo-que-no-sera-candidata\\\/#primaryimage\",\"url\":\"https:\\\/\\\/cvinoticias.com\\\/wp-content\\\/uploads\\\/2023\\\/12\\\/3a1968943e49c8316fb13c55fbf31932_M.jpg\",\"contentUrl\":\"https:\\\/\\\/cvinoticias.com\\\/wp-content\\\/uploads\\\/2023\\\/12\\\/3a1968943e49c8316fb13c55fbf31932_M.jpg\",\"width\":768,\"height\":595},{\"@type\":\"BreadcrumbList\",\"@id\":\"https:\\\/\\\/cvinoticias.com\\\/v3\\\/angelini-postulo-a-mauricio-macri-como-presidente-del-pro-luego-de-que-bullrich-revelo-que-no-sera-candidata\\\/#breadcrumb\",\"itemListElement\":[{\"@type\":\"ListItem\",\"position\":1,\"name\":\"Portada\",\"item\":\"https:\\\/\\\/cvinoticias.com\\\/v3\\\/\"},{\"@type\":\"ListItem\",\"position\":2,\"name\":\"Angelini postul\u00f3 a Mauricio Macri como presidente del PRO luego de que Bullrich revel\u00f3 que no ser\u00e1 candidata\"}]},{\"@type\":\"WebSite\",\"@id\":\"https:\\\/\\\/cvinoticias.com\\\/v3\\\/#website\",\"url\":\"https:\\\/\\\/cvinoticias.com\\\/v3\\\/\",\"name\":\"CVI NOTICIAS\",\"description\":\"\",\"publisher\":{\"@id\":\"https:\\\/\\\/cvinoticias.com\\\/v3\\\/#organization\"},\"alternateName\":\"CVI\",\"potentialAction\":[{\"@type\":\"SearchAction\",\"target\":{\"@type\":\"EntryPoint\",\"urlTemplate\":\"https:\\\/\\\/cvinoticias.com\\\/v3\\\/?s={search_term_string}\"},\"query-input\":{\"@type\":\"PropertyValueSpecification\",\"valueRequired\":true,\"valueName\":\"search_term_string\"}}],\"inLanguage\":\"es\"},{\"@type\":\"Organization\",\"@id\":\"https:\\\/\\\/cvinoticias.com\\\/v3\\\/#organization\",\"name\":\"CVI NOTICIAS\",\"url\":\"https:\\\/\\\/cvinoticias.com\\\/v3\\\/\",\"logo\":{\"@type\":\"ImageObject\",\"inLanguage\":\"es\",\"@id\":\"https:\\\/\\\/cvinoticias.com\\\/v3\\\/#\\\/schema\\\/logo\\\/image\\\/\",\"url\":\"https:\\\/\\\/cvinoticias.com\\\/wp-content\\\/uploads\\\/2023\\\/04\\\/cropped-cropped-cropped-cropped-cropped-3-1.png\",\"contentUrl\":\"https:\\\/\\\/cvinoticias.com\\\/wp-content\\\/uploads\\\/2023\\\/04\\\/cropped-cropped-cropped-cropped-cropped-3-1.png\",\"width\":95,\"height\":122,\"caption\":\"CVI NOTICIAS\"},\"image\":{\"@id\":\"https:\\\/\\\/cvinoticias.com\\\/v3\\\/#\\\/schema\\\/logo\\\/image\\\/\"},\"sameAs\":[\"https:\\\/\\\/www.facebook.com\\\/cvinoticias\",\"https:\\\/\\\/www.instagram.com\\\/cvinoticias\\\/\",\"https:\\\/\\\/www.youtube.com\\\/@CVINOTICIAS\"]},{\"@type\":\"Person\",\"@id\":\"https:\\\/\\\/cvinoticias.com\\\/v3\\\/#\\\/schema\\\/person\\\/2db77e3c6bc03c538495d7b2b8be9b66\",\"name\":\"f1000024\",\"image\":{\"@type\":\"ImageObject\",\"inLanguage\":\"es\",\"@id\":\"https:\\\/\\\/secure.gravatar.com\\\/avatar\\\/d4fe7459cfc51ff5129ce1a732bbef5928568b8092d412ef95611616376bbeed?s=96&d=mm&r=g\",\"url\":\"https:\\\/\\\/secure.gravatar.com\\\/avatar\\\/d4fe7459cfc51ff5129ce1a732bbef5928568b8092d412ef95611616376bbeed?s=96&d=mm&r=g\",\"contentUrl\":\"https:\\\/\\\/secure.gravatar.com\\\/avatar\\\/d4fe7459cfc51ff5129ce1a732bbef5928568b8092d412ef95611616376bbeed?s=96&d=mm&r=g\",\"caption\":\"f1000024\"},\"url\":\"https:\\\/\\\/cvinoticias.com\\\/v3\\\/author\\\/f1000024\\\/\"}]}<\/script>\n<!-- \/ Yoast SEO plugin. -->","yoast_head_json":{"title":"Angelini postul\u00f3 a Mauricio Macri como presidente del PRO luego de que Bullrich revel\u00f3 que no ser\u00e1 candidata | CVI NOTICIAS","robots":{"index":"index","follow":"follow","max-snippet":"max-snippet:-1","max-image-preview":"max-image-preview:large","max-video-preview":"max-video-preview:-1"},"canonical":"https:\/\/cvinoticias.com\/v3\/angelini-postulo-a-mauricio-macri-como-presidente-del-pro-luego-de-que-bullrich-revelo-que-no-sera-candidata\/","og_locale":"es_ES","og_type":"article","og_title":"Angelini postul\u00f3 a Mauricio Macri como presidente del PRO luego de que Bullrich revel\u00f3 que no ser\u00e1 candidata | CVI NOTICIAS","og_description":"El vicepresidente del PRO manifest\u00f3 a tono personal que le \u201cgustar\u00eda\u201d que el ex presidente sea el que dirija el partido a partir del a\u00f1o pr\u00f3ximo. El diputado nacional por Santa Fe, Federico Angelini postul\u00f3 este s\u00e1bado al ex presidente Mauricio Macri para liderar el PRO a partir del a\u00f1o pr\u00f3ximo, luego de que la [&hellip;]","og_url":"https:\/\/cvinoticias.com\/v3\/angelini-postulo-a-mauricio-macri-como-presidente-del-pro-luego-de-que-bullrich-revelo-que-no-sera-candidata\/","og_site_name":"CVI NOTICIAS","article_publisher":"https:\/\/www.facebook.com\/cvinoticias","article_published_time":"2023-12-03T02:02:20+00:00","og_image":[{"width":768,"height":595,"url":"https:\/\/cvinoticias.com\/wp-content\/uploads\/2023\/12\/3a1968943e49c8316fb13c55fbf31932_M.jpg","type":"image\/jpeg"}],"author":"f1000024","twitter_card":"summary_large_image","twitter_misc":{"Escrito por":"f1000024","Tiempo de lectura":"2 minutos"},"schema":{"@context":"https:\/\/schema.org","@graph":[{"@type":"Article","@id":"https:\/\/cvinoticias.com\/v3\/angelini-postulo-a-mauricio-macri-como-presidente-del-pro-luego-de-que-bullrich-revelo-que-no-sera-candidata\/#article","isPartOf":{"@id":"https:\/\/cvinoticias.com\/v3\/angelini-postulo-a-mauricio-macri-como-presidente-del-pro-luego-de-que-bullrich-revelo-que-no-sera-candidata\/"},"author":{"name":"f1000024","@id":"https:\/\/cvinoticias.com\/v3\/#\/schema\/person\/2db77e3c6bc03c538495d7b2b8be9b66"},"headline":"Angelini postul\u00f3 a Mauricio Macri como presidente del PRO luego de que Bullrich revel\u00f3 que no ser\u00e1 candidata","datePublished":"2023-12-03T02:02:20+00:00","mainEntityOfPage":{"@id":"https:\/\/cvinoticias.com\/v3\/angelini-postulo-a-mauricio-macri-como-presidente-del-pro-luego-de-que-bullrich-revelo-que-no-sera-candidata\/"},"wordCount":415,"commentCount":0,"publisher":{"@id":"https:\/\/cvinoticias.com\/v3\/#organization"},"image":{"@id":"https:\/\/cvinoticias.com\/v3\/angelini-postulo-a-mauricio-macri-como-presidente-del-pro-luego-de-que-bullrich-revelo-que-no-sera-candidata\/#primaryimage"},"thumbnailUrl":"https:\/\/cvinoticias.com\/wp-content\/uploads\/2023\/12\/3a1968943e49c8316fb13c55fbf31932_M.jpg","articleSection":["Politica"],"inLanguage":"es","potentialAction":[{"@type":"CommentAction","name":"Comment","target":["https:\/\/cvinoticias.com\/v3\/angelini-postulo-a-mauricio-macri-como-presidente-del-pro-luego-de-que-bullrich-revelo-que-no-sera-candidata\/#respond"]}]},{"@type":"WebPage","@id":"https:\/\/cvinoticias.com\/v3\/angelini-postulo-a-mauricio-macri-como-presidente-del-pro-luego-de-que-bullrich-revelo-que-no-sera-candidata\/","url":"https:\/\/cvinoticias.com\/v3\/angelini-postulo-a-mauricio-macri-como-presidente-del-pro-luego-de-que-bullrich-revelo-que-no-sera-candidata\/","name":"Angelini postul\u00f3 a Mauricio Macri como presidente del PRO luego de que Bullrich revel\u00f3 que no ser\u00e1 candidata | CVI NOTICIAS","isPartOf":{"@id":"https:\/\/cvinoticias.com\/v3\/#website"},"primaryImageOfPage":{"@id":"https:\/\/cvinoticias.com\/v3\/angelini-postulo-a-mauricio-macri-como-presidente-del-pro-luego-de-que-bullrich-revelo-que-no-sera-candidata\/#primaryimage"},"image":{"@id":"https:\/\/cvinoticias.com\/v3\/angelini-postulo-a-mauricio-macri-como-presidente-del-pro-luego-de-que-bullrich-revelo-que-no-sera-candidata\/#primaryimage"},"thumbnailUrl":"https:\/\/cvinoticias.com\/wp-content\/uploads\/2023\/12\/3a1968943e49c8316fb13c55fbf31932_M.jpg","datePublished":"2023-12-03T02:02:20+00:00","breadcrumb":{"@id":"https:\/\/cvinoticias.com\/v3\/angelini-postulo-a-mauricio-macri-como-presidente-del-pro-luego-de-que-bullrich-revelo-que-no-sera-candidata\/#breadcrumb"},"inLanguage":"es","potentialAction":[{"@type":"ReadAction","target":["https:\/\/cvinoticias.com\/v3\/angelini-postulo-a-mauricio-macri-como-presidente-del-pro-luego-de-que-bullrich-revelo-que-no-sera-candidata\/"]}]},{"@type":"ImageObject","inLanguage":"es","@id":"https:\/\/cvinoticias.com\/v3\/angelini-postulo-a-mauricio-macri-como-presidente-del-pro-luego-de-que-bullrich-revelo-que-no-sera-candidata\/#primaryimage","url":"https:\/\/cvinoticias.com\/wp-content\/uploads\/2023\/12\/3a1968943e49c8316fb13c55fbf31932_M.jpg","contentUrl":"https:\/\/cvinoticias.com\/wp-content\/uploads\/2023\/12\/3a1968943e49c8316fb13c55fbf31932_M.jpg","width":768,"height":595},{"@type":"BreadcrumbList","@id":"https:\/\/cvinoticias.com\/v3\/angelini-postulo-a-mauricio-macri-como-presidente-del-pro-luego-de-que-bullrich-revelo-que-no-sera-candidata\/#breadcrumb","itemListElement":[{"@type":"ListItem","position":1,"name":"Portada","item":"https:\/\/cvinoticias.com\/v3\/"},{"@type":"ListItem","position":2,"name":"Angelini postul\u00f3 a Mauricio Macri como presidente del PRO luego de que Bullrich revel\u00f3 que no ser\u00e1 candidata"}]},{"@type":"WebSite","@id":"https:\/\/cvinoticias.com\/v3\/#website","url":"https:\/\/cvinoticias.com\/v3\/","name":"CVI NOTICIAS","description":"","publisher":{"@id":"https:\/\/cvinoticias.com\/v3\/#organization"},"alternateName":"CVI","potentialAction":[{"@type":"SearchAction","target":{"@type":"EntryPoint","urlTemplate":"https:\/\/cvinoticias.com\/v3\/?s={search_term_string}"},"query-input":{"@type":"PropertyValueSpecification","valueRequired":true,"valueName":"search_term_string"}}],"inLanguage":"es"},{"@type":"Organization","@id":"https:\/\/cvinoticias.com\/v3\/#organization","name":"CVI NOTICIAS","url":"https:\/\/cvinoticias.com\/v3\/","logo":{"@type":"ImageObject","inLanguage":"es","@id":"https:\/\/cvinoticias.com\/v3\/#\/schema\/logo\/image\/","url":"https:\/\/cvinoticias.com\/wp-content\/uploads\/2023\/04\/cropped-cropped-cropped-cropped-cropped-3-1.png","contentUrl":"https:\/\/cvinoticias.com\/wp-content\/uploads\/2023\/04\/cropped-cropped-cropped-cropped-cropped-3-1.png","width":95,"height":122,"caption":"CVI NOTICIAS"},"image":{"@id":"https:\/\/cvinoticias.com\/v3\/#\/schema\/logo\/image\/"},"sameAs":["https:\/\/www.facebook.com\/cvinoticias","https:\/\/www.instagram.com\/cvinoticias\/","https:\/\/www.youtube.com\/@CVINOTICIAS"]},{"@type":"Person","@id":"https:\/\/cvinoticias.com\/v3\/#\/schema\/person\/2db77e3c6bc03c538495d7b2b8be9b66","name":"f1000024","image":{"@type":"ImageObject","inLanguage":"es","@id":"https:\/\/secure.gravatar.com\/avatar\/d4fe7459cfc51ff5129ce1a732bbef5928568b8092d412ef95611616376bbeed?s=96&d=mm&r=g","url":"https:\/\/secure.gravatar.com\/avatar\/d4fe7459cfc51ff5129ce1a732bbef5928568b8092d412ef95611616376bbeed?s=96&d=mm&r=g","contentUrl":"https:\/\/secure.gravatar.com\/avatar\/d4fe7459cfc51ff5129ce1a732bbef5928568b8092d412ef95611616376bbeed?s=96&d=mm&r=g","caption":"f1000024"},"url":"https:\/\/cvinoticias.com\/v3\/author\/f1000024\/"}]}},"_links":{"self":[{"href":"https:\/\/cvinoticias.com\/v3\/wp-json\/wp\/v2\/posts\/30522","targetHints":{"allow":["GET"]}}],"collection":[{"href":"https:\/\/cvinoticias.com\/v3\/wp-json\/wp\/v2\/posts"}],"about":[{"href":"https:\/\/cvinoticias.com\/v3\/wp-json\/wp\/v2\/types\/post"}],"author":[{"embeddable":true,"href":"https:\/\/cvinoticias.com\/v3\/wp-json\/wp\/v2\/users\/2"}],"replies":[{"embeddable":true,"href":"https:\/\/cvinoticias.com\/v3\/wp-json\/wp\/v2\/comments?post=30522"}],"version-history":[{"count":1,"href":"https:\/\/cvinoticias.com\/v3\/wp-json\/wp\/v2\/posts\/30522\/revisions"}],"predecessor-version":[{"id":30524,"href":"https:\/\/cvinoticias.com\/v3\/wp-json\/wp\/v2\/posts\/30522\/revisions\/30524"}],"wp:featuredmedia":[{"embeddable":true,"href":"https:\/\/cvinoticias.com\/v3\/wp-json\/wp\/v2\/media\/30523"}],"wp:attachment":[{"href":"https:\/\/cvinoticias.com\/v3\/wp-json\/wp\/v2\/media?parent=30522"}],"wp:term":[{"taxonomy":"category","embeddable":true,"href":"https:\/\/cvinoticias.com\/v3\/wp-json\/wp\/v2\/categories?post=30522"},{"taxonomy":"post_tag","embeddable":true,"href":"https:\/\/cvinoticias.com\/v3\/wp-json\/wp\/v2\/tags?post=30522"}],"curies":[{"name":"wp","href":"https:\/\/api.w.org\/{rel}","templated":true}]}}