{"id":3048,"date":"2021-03-01T09:13:31","date_gmt":"2021-03-01T09:13:31","guid":{"rendered":"https:\/\/cvinoticias.com\/v3\/?p=3048"},"modified":"2021-03-01T09:13:31","modified_gmt":"2021-03-01T09:13:31","slug":"nafta-suben-los-biocombustibles-y-podria-haber-un-leve-aumento-al-publico","status":"publish","type":"post","link":"https:\/\/cvinoticias.com\/v3\/nafta-suben-los-biocombustibles-y-podria-haber-un-leve-aumento-al-publico\/","title":{"rendered":"Nafta: suben los biocombustibles y podr\u00eda haber un leve aumento al p\u00fablico"},"content":{"rendered":"\n<p><em><strong>El ajuste del biodiesel y el bioetanol sumar\u00eda al menos 0,5 puntos porcentuales a los combustibles.<\/strong><\/em><\/p>\n\n\n\n<p>Los&nbsp;biocombustibles&nbsp;tendr\u00e1n hoy su&nbsp;tercer ajuste regulado en lo que va del a\u00f1o, despu\u00e9s de un 2020 con diez meses de congelamiento de precios y decenas de plantas que tuvieron que paralizar su producci\u00f3n.<\/p>\n\n\n\n<p>Este aumento&nbsp;puede repercutir en los valores al p\u00fablico de&nbsp;las naftas y el gasoil, que podr\u00edan trepar este lunes unos&nbsp;0,5 puntos porcentualesdebido a este motivo.<\/p>\n\n\n\n<p>Adem\u00e1s, est\u00e1 en an\u00e1lisis de las petroleras un incremento para recomponer m\u00e1rgenes en larefinanciaci\u00f3n, ya que para marzo compraron el crudo&nbsp;entre 6% y 8% m\u00e1s caro&nbsp;que en el mes anterior.<\/p>\n\n\n\n<p>Se negoci\u00f3 un petr\u00f3leo local a u$s 53 por barril para evitar que los combustibles deban subir u 15%, el porcentaje que dicen en las empresas y las estaciones de servicio que se acumul\u00f3 como \u00abretraso\u00bb.<\/p>\n\n\n\n<p>El bioetanol trepar\u00e1 90 centavos, de $ 47,80 a $ 48,70 por litro, o un 1,9%; el biodiesel, en tanto, sumar\u00e1 $ 3100 por tonelada, al pasar de $ 86.875 a $ 89.975, un 3,6%, con un corte de 8,7% en el gasoil.<\/p>\n\n\n\n<p>Desde que el Gobierno habilit\u00f3 en agosto del a\u00f1o pasado a YPF a descongelar los precios de los combustibles,&nbsp;la nafta s\u00faper en la Ciudad de Buenos Aires aument\u00f3 un 39,5% en apenas seis meses.<\/p>\n\n\n\n<p>Y el calendario marca que&nbsp;el viernes 12 de marzo se actualizan los impuestos internos&nbsp;en base a la inflaci\u00f3n minorista del \u00faltimo trimestre de 2020 (la m\u00e1s alta del a\u00f1o anterior), lo que agregar\u00eda una presi\u00f3n de&nbsp;$ 2 por litro en la nafta y $ 1,25 en el gasoil, o entre 2 y 3 puntos porcentuales m\u00e1s en relaci\u00f3n a los precios vigentes en Capital Federal.<\/p>\n\n\n\n<p>Las ventas de combustibles no se recuperan al ritmo que esperaban los due\u00f1os de las estaciones de servicio. En enero hubo una baja en la comercializaci\u00f3n de nafta y gasoil de 6,6% versus diciembre 2020, sin estacionalidad.<\/p>\n\n\n\n<p>Los expendedores cre\u00edan que \u00abla recuperaci\u00f3n de la movilidad vinculada al esparcimiento, las reuniones sociales y fundamentalmente al turismo impacten de manera positiva en el repunte de las ventas\u00bb, pero se enfrentaron a un \u00abgolpe de la realidad\u00bb que las lleva a tener p\u00e9rdidas focalizadas pero que por el momento no detonar\u00e1 un cierre masivo de los locales de comercializaci\u00f3n.<\/p>\n","protected":false},"excerpt":{"rendered":"<p>El ajuste del biodiesel y el bioetanol sumar\u00eda al menos 0,5 puntos porcentuales a los combustibles. Los&nbsp;biocombustibles&nbsp;tendr\u00e1n hoy su&nbsp;tercer ajuste regulado en lo que va del a\u00f1o, despu\u00e9s de un 2020 con diez meses de congelamiento de precios y decenas de plantas que tuvieron que paralizar su producci\u00f3n. Este aumento&nbsp;puede repercutir en los valores al [&hellip;]<\/p>\n","protected":false},"author":2,"featured_media":3049,"comment_status":"open","ping_status":"open","sticky":false,"template":"","format":"standard","meta":{"footnotes":""},"categories":[32],"tags":[],"class_list":["post-3048","post","type-post","status-publish","format-standard","has-post-thumbnail","hentry","category-economia"],"yoast_head":"<!-- This site is optimized with the Yoast SEO plugin v27.5 - https:\/\/yoast.com\/product\/yoast-seo-wordpress\/ -->\n<title>Nafta: suben los biocombustibles y podr\u00eda haber un leve aumento al p\u00fablico | CVI NOTICIAS<\/title>\n<meta name=\"robots\" content=\"index, follow, max-snippet:-1, max-image-preview:large, max-video-preview:-1\" \/>\n<link rel=\"canonical\" href=\"https:\/\/cvinoticias.com\/v3\/nafta-suben-los-biocombustibles-y-podria-haber-un-leve-aumento-al-publico\/\" \/>\n<meta property=\"og:locale\" content=\"es_ES\" \/>\n<meta property=\"og:type\" content=\"article\" \/>\n<meta property=\"og:title\" content=\"Nafta: suben los biocombustibles y podr\u00eda haber un leve aumento al p\u00fablico | CVI NOTICIAS\" \/>\n<meta property=\"og:description\" content=\"El ajuste del biodiesel y el bioetanol sumar\u00eda al menos 0,5 puntos porcentuales a los combustibles. Los&nbsp;biocombustibles&nbsp;tendr\u00e1n hoy su&nbsp;tercer ajuste regulado en lo que va del a\u00f1o, despu\u00e9s de un 2020 con diez meses de congelamiento de precios y decenas de plantas que tuvieron que paralizar su producci\u00f3n. Este aumento&nbsp;puede repercutir en los valores al [&hellip;]\" \/>\n<meta property=\"og:url\" content=\"https:\/\/cvinoticias.com\/v3\/nafta-suben-los-biocombustibles-y-podria-haber-un-leve-aumento-al-publico\/\" \/>\n<meta property=\"og:site_name\" content=\"CVI NOTICIAS\" \/>\n<meta property=\"article:publisher\" content=\"https:\/\/www.facebook.com\/cvinoticias\" \/>\n<meta property=\"article:published_time\" content=\"2021-03-01T09:13:31+00:00\" \/>\n<meta property=\"og:image\" content=\"https:\/\/cvinoticias.com\/wp-content\/uploads\/2021\/03\/IMG_20210301_015916.png\" \/>\n\t<meta property=\"og:image:width\" content=\"938\" \/>\n\t<meta property=\"og:image:height\" content=\"1193\" \/>\n\t<meta property=\"og:image:type\" content=\"image\/png\" \/>\n<meta name=\"author\" content=\"f1000024\" \/>\n<meta name=\"twitter:card\" content=\"summary_large_image\" \/>\n<meta name=\"twitter:label1\" content=\"Escrito por\" \/>\n\t<meta name=\"twitter:data1\" content=\"f1000024\" \/>\n\t<meta name=\"twitter:label2\" content=\"Tiempo de lectura\" \/>\n\t<meta name=\"twitter:data2\" content=\"2 minutos\" \/>\n<script type=\"application\/ld+json\" class=\"yoast-schema-graph\">{\"@context\":\"https:\\\/\\\/schema.org\",\"@graph\":[{\"@type\":\"Article\",\"@id\":\"https:\\\/\\\/cvinoticias.com\\\/v3\\\/nafta-suben-los-biocombustibles-y-podria-haber-un-leve-aumento-al-publico\\\/#article\",\"isPartOf\":{\"@id\":\"https:\\\/\\\/cvinoticias.com\\\/v3\\\/nafta-suben-los-biocombustibles-y-podria-haber-un-leve-aumento-al-publico\\\/\"},\"author\":{\"name\":\"f1000024\",\"@id\":\"https:\\\/\\\/cvinoticias.com\\\/v3\\\/#\\\/schema\\\/person\\\/2db77e3c6bc03c538495d7b2b8be9b66\"},\"headline\":\"Nafta: suben los biocombustibles y podr\u00eda haber un leve aumento al p\u00fablico\",\"datePublished\":\"2021-03-01T09:13:31+00:00\",\"mainEntityOfPage\":{\"@id\":\"https:\\\/\\\/cvinoticias.com\\\/v3\\\/nafta-suben-los-biocombustibles-y-podria-haber-un-leve-aumento-al-publico\\\/\"},\"wordCount\":412,\"commentCount\":0,\"publisher\":{\"@id\":\"https:\\\/\\\/cvinoticias.com\\\/v3\\\/#organization\"},\"image\":{\"@id\":\"https:\\\/\\\/cvinoticias.com\\\/v3\\\/nafta-suben-los-biocombustibles-y-podria-haber-un-leve-aumento-al-publico\\\/#primaryimage\"},\"thumbnailUrl\":\"https:\\\/\\\/cvinoticias.com\\\/wp-content\\\/uploads\\\/2021\\\/03\\\/IMG_20210301_015916.png\",\"articleSection\":[\"Econom\u00eda\"],\"inLanguage\":\"es\",\"potentialAction\":[{\"@type\":\"CommentAction\",\"name\":\"Comment\",\"target\":[\"https:\\\/\\\/cvinoticias.com\\\/v3\\\/nafta-suben-los-biocombustibles-y-podria-haber-un-leve-aumento-al-publico\\\/#respond\"]}]},{\"@type\":\"WebPage\",\"@id\":\"https:\\\/\\\/cvinoticias.com\\\/v3\\\/nafta-suben-los-biocombustibles-y-podria-haber-un-leve-aumento-al-publico\\\/\",\"url\":\"https:\\\/\\\/cvinoticias.com\\\/v3\\\/nafta-suben-los-biocombustibles-y-podria-haber-un-leve-aumento-al-publico\\\/\",\"name\":\"Nafta: suben los biocombustibles y podr\u00eda haber un leve aumento al p\u00fablico | CVI NOTICIAS\",\"isPartOf\":{\"@id\":\"https:\\\/\\\/cvinoticias.com\\\/v3\\\/#website\"},\"primaryImageOfPage\":{\"@id\":\"https:\\\/\\\/cvinoticias.com\\\/v3\\\/nafta-suben-los-biocombustibles-y-podria-haber-un-leve-aumento-al-publico\\\/#primaryimage\"},\"image\":{\"@id\":\"https:\\\/\\\/cvinoticias.com\\\/v3\\\/nafta-suben-los-biocombustibles-y-podria-haber-un-leve-aumento-al-publico\\\/#primaryimage\"},\"thumbnailUrl\":\"https:\\\/\\\/cvinoticias.com\\\/wp-content\\\/uploads\\\/2021\\\/03\\\/IMG_20210301_015916.png\",\"datePublished\":\"2021-03-01T09:13:31+00:00\",\"breadcrumb\":{\"@id\":\"https:\\\/\\\/cvinoticias.com\\\/v3\\\/nafta-suben-los-biocombustibles-y-podria-haber-un-leve-aumento-al-publico\\\/#breadcrumb\"},\"inLanguage\":\"es\",\"potentialAction\":[{\"@type\":\"ReadAction\",\"target\":[\"https:\\\/\\\/cvinoticias.com\\\/v3\\\/nafta-suben-los-biocombustibles-y-podria-haber-un-leve-aumento-al-publico\\\/\"]}]},{\"@type\":\"ImageObject\",\"inLanguage\":\"es\",\"@id\":\"https:\\\/\\\/cvinoticias.com\\\/v3\\\/nafta-suben-los-biocombustibles-y-podria-haber-un-leve-aumento-al-publico\\\/#primaryimage\",\"url\":\"https:\\\/\\\/cvinoticias.com\\\/wp-content\\\/uploads\\\/2021\\\/03\\\/IMG_20210301_015916.png\",\"contentUrl\":\"https:\\\/\\\/cvinoticias.com\\\/wp-content\\\/uploads\\\/2021\\\/03\\\/IMG_20210301_015916.png\",\"width\":938,\"height\":1193},{\"@type\":\"BreadcrumbList\",\"@id\":\"https:\\\/\\\/cvinoticias.com\\\/v3\\\/nafta-suben-los-biocombustibles-y-podria-haber-un-leve-aumento-al-publico\\\/#breadcrumb\",\"itemListElement\":[{\"@type\":\"ListItem\",\"position\":1,\"name\":\"Portada\",\"item\":\"https:\\\/\\\/cvinoticias.com\\\/v3\\\/\"},{\"@type\":\"ListItem\",\"position\":2,\"name\":\"Nafta: suben los biocombustibles y podr\u00eda haber un leve aumento al p\u00fablico\"}]},{\"@type\":\"WebSite\",\"@id\":\"https:\\\/\\\/cvinoticias.com\\\/v3\\\/#website\",\"url\":\"https:\\\/\\\/cvinoticias.com\\\/v3\\\/\",\"name\":\"CVI NOTICIAS\",\"description\":\"\",\"publisher\":{\"@id\":\"https:\\\/\\\/cvinoticias.com\\\/v3\\\/#organization\"},\"alternateName\":\"CVI\",\"potentialAction\":[{\"@type\":\"SearchAction\",\"target\":{\"@type\":\"EntryPoint\",\"urlTemplate\":\"https:\\\/\\\/cvinoticias.com\\\/v3\\\/?s={search_term_string}\"},\"query-input\":{\"@type\":\"PropertyValueSpecification\",\"valueRequired\":true,\"valueName\":\"search_term_string\"}}],\"inLanguage\":\"es\"},{\"@type\":\"Organization\",\"@id\":\"https:\\\/\\\/cvinoticias.com\\\/v3\\\/#organization\",\"name\":\"CVI NOTICIAS\",\"url\":\"https:\\\/\\\/cvinoticias.com\\\/v3\\\/\",\"logo\":{\"@type\":\"ImageObject\",\"inLanguage\":\"es\",\"@id\":\"https:\\\/\\\/cvinoticias.com\\\/v3\\\/#\\\/schema\\\/logo\\\/image\\\/\",\"url\":\"https:\\\/\\\/cvinoticias.com\\\/wp-content\\\/uploads\\\/2023\\\/04\\\/cropped-cropped-cropped-cropped-cropped-3-1.png\",\"contentUrl\":\"https:\\\/\\\/cvinoticias.com\\\/wp-content\\\/uploads\\\/2023\\\/04\\\/cropped-cropped-cropped-cropped-cropped-3-1.png\",\"width\":95,\"height\":122,\"caption\":\"CVI NOTICIAS\"},\"image\":{\"@id\":\"https:\\\/\\\/cvinoticias.com\\\/v3\\\/#\\\/schema\\\/logo\\\/image\\\/\"},\"sameAs\":[\"https:\\\/\\\/www.facebook.com\\\/cvinoticias\",\"https:\\\/\\\/www.instagram.com\\\/cvinoticias\\\/\",\"https:\\\/\\\/www.youtube.com\\\/@CVINOTICIAS\"]},{\"@type\":\"Person\",\"@id\":\"https:\\\/\\\/cvinoticias.com\\\/v3\\\/#\\\/schema\\\/person\\\/2db77e3c6bc03c538495d7b2b8be9b66\",\"name\":\"f1000024\",\"image\":{\"@type\":\"ImageObject\",\"inLanguage\":\"es\",\"@id\":\"https:\\\/\\\/secure.gravatar.com\\\/avatar\\\/d4fe7459cfc51ff5129ce1a732bbef5928568b8092d412ef95611616376bbeed?s=96&d=mm&r=g\",\"url\":\"https:\\\/\\\/secure.gravatar.com\\\/avatar\\\/d4fe7459cfc51ff5129ce1a732bbef5928568b8092d412ef95611616376bbeed?s=96&d=mm&r=g\",\"contentUrl\":\"https:\\\/\\\/secure.gravatar.com\\\/avatar\\\/d4fe7459cfc51ff5129ce1a732bbef5928568b8092d412ef95611616376bbeed?s=96&d=mm&r=g\",\"caption\":\"f1000024\"},\"url\":\"https:\\\/\\\/cvinoticias.com\\\/v3\\\/author\\\/f1000024\\\/\"}]}<\/script>\n<!-- \/ Yoast SEO plugin. -->","yoast_head_json":{"title":"Nafta: suben los biocombustibles y podr\u00eda haber un leve aumento al p\u00fablico | CVI NOTICIAS","robots":{"index":"index","follow":"follow","max-snippet":"max-snippet:-1","max-image-preview":"max-image-preview:large","max-video-preview":"max-video-preview:-1"},"canonical":"https:\/\/cvinoticias.com\/v3\/nafta-suben-los-biocombustibles-y-podria-haber-un-leve-aumento-al-publico\/","og_locale":"es_ES","og_type":"article","og_title":"Nafta: suben los biocombustibles y podr\u00eda haber un leve aumento al p\u00fablico | CVI NOTICIAS","og_description":"El ajuste del biodiesel y el bioetanol sumar\u00eda al menos 0,5 puntos porcentuales a los combustibles. Los&nbsp;biocombustibles&nbsp;tendr\u00e1n hoy su&nbsp;tercer ajuste regulado en lo que va del a\u00f1o, despu\u00e9s de un 2020 con diez meses de congelamiento de precios y decenas de plantas que tuvieron que paralizar su producci\u00f3n. Este aumento&nbsp;puede repercutir en los valores al [&hellip;]","og_url":"https:\/\/cvinoticias.com\/v3\/nafta-suben-los-biocombustibles-y-podria-haber-un-leve-aumento-al-publico\/","og_site_name":"CVI NOTICIAS","article_publisher":"https:\/\/www.facebook.com\/cvinoticias","article_published_time":"2021-03-01T09:13:31+00:00","og_image":[{"width":938,"height":1193,"url":"https:\/\/cvinoticias.com\/wp-content\/uploads\/2021\/03\/IMG_20210301_015916.png","type":"image\/png"}],"author":"f1000024","twitter_card":"summary_large_image","twitter_misc":{"Escrito por":"f1000024","Tiempo de lectura":"2 minutos"},"schema":{"@context":"https:\/\/schema.org","@graph":[{"@type":"Article","@id":"https:\/\/cvinoticias.com\/v3\/nafta-suben-los-biocombustibles-y-podria-haber-un-leve-aumento-al-publico\/#article","isPartOf":{"@id":"https:\/\/cvinoticias.com\/v3\/nafta-suben-los-biocombustibles-y-podria-haber-un-leve-aumento-al-publico\/"},"author":{"name":"f1000024","@id":"https:\/\/cvinoticias.com\/v3\/#\/schema\/person\/2db77e3c6bc03c538495d7b2b8be9b66"},"headline":"Nafta: suben los biocombustibles y podr\u00eda haber un leve aumento al p\u00fablico","datePublished":"2021-03-01T09:13:31+00:00","mainEntityOfPage":{"@id":"https:\/\/cvinoticias.com\/v3\/nafta-suben-los-biocombustibles-y-podria-haber-un-leve-aumento-al-publico\/"},"wordCount":412,"commentCount":0,"publisher":{"@id":"https:\/\/cvinoticias.com\/v3\/#organization"},"image":{"@id":"https:\/\/cvinoticias.com\/v3\/nafta-suben-los-biocombustibles-y-podria-haber-un-leve-aumento-al-publico\/#primaryimage"},"thumbnailUrl":"https:\/\/cvinoticias.com\/wp-content\/uploads\/2021\/03\/IMG_20210301_015916.png","articleSection":["Econom\u00eda"],"inLanguage":"es","potentialAction":[{"@type":"CommentAction","name":"Comment","target":["https:\/\/cvinoticias.com\/v3\/nafta-suben-los-biocombustibles-y-podria-haber-un-leve-aumento-al-publico\/#respond"]}]},{"@type":"WebPage","@id":"https:\/\/cvinoticias.com\/v3\/nafta-suben-los-biocombustibles-y-podria-haber-un-leve-aumento-al-publico\/","url":"https:\/\/cvinoticias.com\/v3\/nafta-suben-los-biocombustibles-y-podria-haber-un-leve-aumento-al-publico\/","name":"Nafta: suben los biocombustibles y podr\u00eda haber un leve aumento al p\u00fablico | CVI NOTICIAS","isPartOf":{"@id":"https:\/\/cvinoticias.com\/v3\/#website"},"primaryImageOfPage":{"@id":"https:\/\/cvinoticias.com\/v3\/nafta-suben-los-biocombustibles-y-podria-haber-un-leve-aumento-al-publico\/#primaryimage"},"image":{"@id":"https:\/\/cvinoticias.com\/v3\/nafta-suben-los-biocombustibles-y-podria-haber-un-leve-aumento-al-publico\/#primaryimage"},"thumbnailUrl":"https:\/\/cvinoticias.com\/wp-content\/uploads\/2021\/03\/IMG_20210301_015916.png","datePublished":"2021-03-01T09:13:31+00:00","breadcrumb":{"@id":"https:\/\/cvinoticias.com\/v3\/nafta-suben-los-biocombustibles-y-podria-haber-un-leve-aumento-al-publico\/#breadcrumb"},"inLanguage":"es","potentialAction":[{"@type":"ReadAction","target":["https:\/\/cvinoticias.com\/v3\/nafta-suben-los-biocombustibles-y-podria-haber-un-leve-aumento-al-publico\/"]}]},{"@type":"ImageObject","inLanguage":"es","@id":"https:\/\/cvinoticias.com\/v3\/nafta-suben-los-biocombustibles-y-podria-haber-un-leve-aumento-al-publico\/#primaryimage","url":"https:\/\/cvinoticias.com\/wp-content\/uploads\/2021\/03\/IMG_20210301_015916.png","contentUrl":"https:\/\/cvinoticias.com\/wp-content\/uploads\/2021\/03\/IMG_20210301_015916.png","width":938,"height":1193},{"@type":"BreadcrumbList","@id":"https:\/\/cvinoticias.com\/v3\/nafta-suben-los-biocombustibles-y-podria-haber-un-leve-aumento-al-publico\/#breadcrumb","itemListElement":[{"@type":"ListItem","position":1,"name":"Portada","item":"https:\/\/cvinoticias.com\/v3\/"},{"@type":"ListItem","position":2,"name":"Nafta: suben los biocombustibles y podr\u00eda haber un leve aumento al p\u00fablico"}]},{"@type":"WebSite","@id":"https:\/\/cvinoticias.com\/v3\/#website","url":"https:\/\/cvinoticias.com\/v3\/","name":"CVI NOTICIAS","description":"","publisher":{"@id":"https:\/\/cvinoticias.com\/v3\/#organization"},"alternateName":"CVI","potentialAction":[{"@type":"SearchAction","target":{"@type":"EntryPoint","urlTemplate":"https:\/\/cvinoticias.com\/v3\/?s={search_term_string}"},"query-input":{"@type":"PropertyValueSpecification","valueRequired":true,"valueName":"search_term_string"}}],"inLanguage":"es"},{"@type":"Organization","@id":"https:\/\/cvinoticias.com\/v3\/#organization","name":"CVI NOTICIAS","url":"https:\/\/cvinoticias.com\/v3\/","logo":{"@type":"ImageObject","inLanguage":"es","@id":"https:\/\/cvinoticias.com\/v3\/#\/schema\/logo\/image\/","url":"https:\/\/cvinoticias.com\/wp-content\/uploads\/2023\/04\/cropped-cropped-cropped-cropped-cropped-3-1.png","contentUrl":"https:\/\/cvinoticias.com\/wp-content\/uploads\/2023\/04\/cropped-cropped-cropped-cropped-cropped-3-1.png","width":95,"height":122,"caption":"CVI NOTICIAS"},"image":{"@id":"https:\/\/cvinoticias.com\/v3\/#\/schema\/logo\/image\/"},"sameAs":["https:\/\/www.facebook.com\/cvinoticias","https:\/\/www.instagram.com\/cvinoticias\/","https:\/\/www.youtube.com\/@CVINOTICIAS"]},{"@type":"Person","@id":"https:\/\/cvinoticias.com\/v3\/#\/schema\/person\/2db77e3c6bc03c538495d7b2b8be9b66","name":"f1000024","image":{"@type":"ImageObject","inLanguage":"es","@id":"https:\/\/secure.gravatar.com\/avatar\/d4fe7459cfc51ff5129ce1a732bbef5928568b8092d412ef95611616376bbeed?s=96&d=mm&r=g","url":"https:\/\/secure.gravatar.com\/avatar\/d4fe7459cfc51ff5129ce1a732bbef5928568b8092d412ef95611616376bbeed?s=96&d=mm&r=g","contentUrl":"https:\/\/secure.gravatar.com\/avatar\/d4fe7459cfc51ff5129ce1a732bbef5928568b8092d412ef95611616376bbeed?s=96&d=mm&r=g","caption":"f1000024"},"url":"https:\/\/cvinoticias.com\/v3\/author\/f1000024\/"}]}},"_links":{"self":[{"href":"https:\/\/cvinoticias.com\/v3\/wp-json\/wp\/v2\/posts\/3048","targetHints":{"allow":["GET"]}}],"collection":[{"href":"https:\/\/cvinoticias.com\/v3\/wp-json\/wp\/v2\/posts"}],"about":[{"href":"https:\/\/cvinoticias.com\/v3\/wp-json\/wp\/v2\/types\/post"}],"author":[{"embeddable":true,"href":"https:\/\/cvinoticias.com\/v3\/wp-json\/wp\/v2\/users\/2"}],"replies":[{"embeddable":true,"href":"https:\/\/cvinoticias.com\/v3\/wp-json\/wp\/v2\/comments?post=3048"}],"version-history":[{"count":1,"href":"https:\/\/cvinoticias.com\/v3\/wp-json\/wp\/v2\/posts\/3048\/revisions"}],"predecessor-version":[{"id":3050,"href":"https:\/\/cvinoticias.com\/v3\/wp-json\/wp\/v2\/posts\/3048\/revisions\/3050"}],"wp:featuredmedia":[{"embeddable":true,"href":"https:\/\/cvinoticias.com\/v3\/wp-json\/wp\/v2\/media\/3049"}],"wp:attachment":[{"href":"https:\/\/cvinoticias.com\/v3\/wp-json\/wp\/v2\/media?parent=3048"}],"wp:term":[{"taxonomy":"category","embeddable":true,"href":"https:\/\/cvinoticias.com\/v3\/wp-json\/wp\/v2\/categories?post=3048"},{"taxonomy":"post_tag","embeddable":true,"href":"https:\/\/cvinoticias.com\/v3\/wp-json\/wp\/v2\/tags?post=3048"}],"curies":[{"name":"wp","href":"https:\/\/api.w.org\/{rel}","templated":true}]}}