{"id":30450,"date":"2023-11-30T08:46:10","date_gmt":"2023-11-30T11:46:10","guid":{"rendered":"https:\/\/cvinoticias.com\/v3\/?p=30450"},"modified":"2023-11-30T08:46:10","modified_gmt":"2023-11-30T11:46:10","slug":"codigo-de-etica-en-ypf-renuncio-hombre-de-la-primera-linea-de-la-campora","status":"publish","type":"post","link":"https:\/\/cvinoticias.com\/v3\/codigo-de-etica-en-ypf-renuncio-hombre-de-la-primera-linea-de-la-campora\/","title":{"rendered":"C\u00f3digo de \u00e9tica en YPF: renunci\u00f3 hombre de la primera l\u00ednea de La C\u00e1mpora"},"content":{"rendered":"\n<p><strong><em>La empresa petrolera realiz\u00f3 un comunicado dando a conocer los cambios en el \u00e1rea de asuntos corporativos y finanzas.<\/em><\/strong><\/p>\n\n\n\n<p>YPF S.A., la principal compa\u00f1\u00eda de energ\u00eda en Argentina, comunic\u00f3 importantes cambios en su Directorio y Estructura Organizativa de Primer Nivel, seg\u00fan inform\u00f3 a la Bolsa de Comercio. Este anuncio se realiza en cumplimiento de las normas de la Comisi\u00f3n Nacional de Valores, ByMA y MAE.<\/p>\n\n\n\n<p>En una reuni\u00f3n reciente del Directorio, celebrada el 29 de noviembre, se acept\u00f3 la renuncia de Santiago \u00c1lvarez, quien se desempe\u00f1aba como Director Suplente por las acciones clase D y como Vicepresidente de Asuntos Corporativos, Comunicaci\u00f3n y Marketing. \u00c1lvarez, cuya renuncia obedece a razones de \u00edndole personal, dejar\u00e1 su cargo a partir del 1\u00b0 de diciembre.<\/p>\n\n\n\n<p>En otro movimiento significativo dentro de la empresa, Alejandro Lew dejar\u00e1 su rol como CFO (Chief Financial Officer) de YPF a partir del 1\u00b0 de diciembre. El Directorio ha designado de forma interina a Pedro Kearney para ocupar el cargo de CFO, en espera de una designaci\u00f3n definitiva.<\/p>\n\n\n\n<p>Adem\u00e1s, se inform\u00f3 que Gustavo Medele dejar\u00e1 su posici\u00f3n como Vicepresidente de Sustentabilidad y Excelencia Operacional a partir del 7 de diciembre.<\/p>\n\n\n\n<p>Margarita Chun, Responsable de Relaciones con el Mercado de YPF S.A., fue la encargada de comunicar estos cambios. La reestructuraci\u00f3n en los altos mandos de YPF S.A. indica una posible renovaci\u00f3n en la estrategia y enfoque de la compa\u00f1\u00eda, en un momento crucial para la industria energ\u00e9tica en Argentina y en el contexto global.<\/p>\n\n\n\n<p>Estos cambios en el liderazgo de YPF S.A. son seguidos de cerca por inversores y analistas del sector, ya que podr\u00edan tener un impacto significativo en las operaciones y la direcci\u00f3n estrat\u00e9gica de la empresa. La comunidad empresarial y financiera estar\u00e1 atenta a los pr\u00f3ximos movimientos y a las nuevas designaciones que realice la compa\u00f1\u00eda en su estructura organizativa.<\/p>\n","protected":false},"excerpt":{"rendered":"<p>La empresa petrolera realiz\u00f3 un comunicado dando a conocer los cambios en el \u00e1rea de asuntos corporativos y finanzas. YPF S.A., la principal compa\u00f1\u00eda de energ\u00eda en Argentina, comunic\u00f3 importantes cambios en su Directorio y Estructura Organizativa de Primer Nivel, seg\u00fan inform\u00f3 a la Bolsa de Comercio. Este anuncio se realiza en cumplimiento de las [&hellip;]<\/p>\n","protected":false},"author":2,"featured_media":30451,"comment_status":"open","ping_status":"open","sticky":false,"template":"","format":"standard","meta":{"footnotes":""},"categories":[42],"tags":[],"class_list":["post-30450","post","type-post","status-publish","format-standard","has-post-thumbnail","hentry","category-politica"],"yoast_head":"<!-- This site is optimized with the Yoast SEO plugin v27.4 - https:\/\/yoast.com\/product\/yoast-seo-wordpress\/ -->\n<title>C\u00f3digo de \u00e9tica en YPF: renunci\u00f3 hombre de la primera l\u00ednea de La C\u00e1mpora | CVI NOTICIAS<\/title>\n<meta name=\"robots\" content=\"index, follow, max-snippet:-1, max-image-preview:large, max-video-preview:-1\" \/>\n<link rel=\"canonical\" href=\"https:\/\/cvinoticias.com\/v3\/codigo-de-etica-en-ypf-renuncio-hombre-de-la-primera-linea-de-la-campora\/\" \/>\n<meta property=\"og:locale\" content=\"es_ES\" \/>\n<meta property=\"og:type\" content=\"article\" \/>\n<meta property=\"og:title\" content=\"C\u00f3digo de \u00e9tica en YPF: renunci\u00f3 hombre de la primera l\u00ednea de La C\u00e1mpora | CVI NOTICIAS\" \/>\n<meta property=\"og:description\" content=\"La empresa petrolera realiz\u00f3 un comunicado dando a conocer los cambios en el \u00e1rea de asuntos corporativos y finanzas. YPF S.A., la principal compa\u00f1\u00eda de energ\u00eda en Argentina, comunic\u00f3 importantes cambios en su Directorio y Estructura Organizativa de Primer Nivel, seg\u00fan inform\u00f3 a la Bolsa de Comercio. Este anuncio se realiza en cumplimiento de las [&hellip;]\" \/>\n<meta property=\"og:url\" content=\"https:\/\/cvinoticias.com\/v3\/codigo-de-etica-en-ypf-renuncio-hombre-de-la-primera-linea-de-la-campora\/\" \/>\n<meta property=\"og:site_name\" content=\"CVI NOTICIAS\" \/>\n<meta property=\"article:publisher\" content=\"https:\/\/www.facebook.com\/cvinoticias\" \/>\n<meta property=\"article:published_time\" content=\"2023-11-30T11:46:10+00:00\" \/>\n<meta property=\"og:image\" content=\"https:\/\/cvinoticias.com\/wp-content\/uploads\/2023\/11\/multimedia.normal.8509956f356ffe6d.595046204152475f6e6f726d616c2e6a7067.jpg\" \/>\n\t<meta property=\"og:image:width\" content=\"875\" \/>\n\t<meta property=\"og:image:height\" content=\"490\" \/>\n\t<meta property=\"og:image:type\" content=\"image\/jpeg\" \/>\n<meta name=\"author\" content=\"f1000024\" \/>\n<meta name=\"twitter:card\" content=\"summary_large_image\" \/>\n<meta name=\"twitter:label1\" content=\"Escrito por\" \/>\n\t<meta name=\"twitter:data1\" content=\"f1000024\" \/>\n\t<meta name=\"twitter:label2\" content=\"Tiempo de lectura\" \/>\n\t<meta name=\"twitter:data2\" content=\"2 minutos\" \/>\n<script type=\"application\/ld+json\" class=\"yoast-schema-graph\">{\"@context\":\"https:\\\/\\\/schema.org\",\"@graph\":[{\"@type\":\"Article\",\"@id\":\"https:\\\/\\\/cvinoticias.com\\\/v3\\\/codigo-de-etica-en-ypf-renuncio-hombre-de-la-primera-linea-de-la-campora\\\/#article\",\"isPartOf\":{\"@id\":\"https:\\\/\\\/cvinoticias.com\\\/v3\\\/codigo-de-etica-en-ypf-renuncio-hombre-de-la-primera-linea-de-la-campora\\\/\"},\"author\":{\"name\":\"f1000024\",\"@id\":\"https:\\\/\\\/cvinoticias.com\\\/v3\\\/#\\\/schema\\\/person\\\/2db77e3c6bc03c538495d7b2b8be9b66\"},\"headline\":\"C\u00f3digo de \u00e9tica en YPF: renunci\u00f3 hombre de la primera l\u00ednea de La C\u00e1mpora\",\"datePublished\":\"2023-11-30T11:46:10+00:00\",\"mainEntityOfPage\":{\"@id\":\"https:\\\/\\\/cvinoticias.com\\\/v3\\\/codigo-de-etica-en-ypf-renuncio-hombre-de-la-primera-linea-de-la-campora\\\/\"},\"wordCount\":340,\"commentCount\":0,\"publisher\":{\"@id\":\"https:\\\/\\\/cvinoticias.com\\\/v3\\\/#organization\"},\"image\":{\"@id\":\"https:\\\/\\\/cvinoticias.com\\\/v3\\\/codigo-de-etica-en-ypf-renuncio-hombre-de-la-primera-linea-de-la-campora\\\/#primaryimage\"},\"thumbnailUrl\":\"https:\\\/\\\/cvinoticias.com\\\/wp-content\\\/uploads\\\/2023\\\/11\\\/multimedia.normal.8509956f356ffe6d.595046204152475f6e6f726d616c2e6a7067.jpg\",\"articleSection\":[\"Politica\"],\"inLanguage\":\"es\",\"potentialAction\":[{\"@type\":\"CommentAction\",\"name\":\"Comment\",\"target\":[\"https:\\\/\\\/cvinoticias.com\\\/v3\\\/codigo-de-etica-en-ypf-renuncio-hombre-de-la-primera-linea-de-la-campora\\\/#respond\"]}]},{\"@type\":\"WebPage\",\"@id\":\"https:\\\/\\\/cvinoticias.com\\\/v3\\\/codigo-de-etica-en-ypf-renuncio-hombre-de-la-primera-linea-de-la-campora\\\/\",\"url\":\"https:\\\/\\\/cvinoticias.com\\\/v3\\\/codigo-de-etica-en-ypf-renuncio-hombre-de-la-primera-linea-de-la-campora\\\/\",\"name\":\"C\u00f3digo de \u00e9tica en YPF: renunci\u00f3 hombre de la primera l\u00ednea de La C\u00e1mpora | CVI NOTICIAS\",\"isPartOf\":{\"@id\":\"https:\\\/\\\/cvinoticias.com\\\/v3\\\/#website\"},\"primaryImageOfPage\":{\"@id\":\"https:\\\/\\\/cvinoticias.com\\\/v3\\\/codigo-de-etica-en-ypf-renuncio-hombre-de-la-primera-linea-de-la-campora\\\/#primaryimage\"},\"image\":{\"@id\":\"https:\\\/\\\/cvinoticias.com\\\/v3\\\/codigo-de-etica-en-ypf-renuncio-hombre-de-la-primera-linea-de-la-campora\\\/#primaryimage\"},\"thumbnailUrl\":\"https:\\\/\\\/cvinoticias.com\\\/wp-content\\\/uploads\\\/2023\\\/11\\\/multimedia.normal.8509956f356ffe6d.595046204152475f6e6f726d616c2e6a7067.jpg\",\"datePublished\":\"2023-11-30T11:46:10+00:00\",\"breadcrumb\":{\"@id\":\"https:\\\/\\\/cvinoticias.com\\\/v3\\\/codigo-de-etica-en-ypf-renuncio-hombre-de-la-primera-linea-de-la-campora\\\/#breadcrumb\"},\"inLanguage\":\"es\",\"potentialAction\":[{\"@type\":\"ReadAction\",\"target\":[\"https:\\\/\\\/cvinoticias.com\\\/v3\\\/codigo-de-etica-en-ypf-renuncio-hombre-de-la-primera-linea-de-la-campora\\\/\"]}]},{\"@type\":\"ImageObject\",\"inLanguage\":\"es\",\"@id\":\"https:\\\/\\\/cvinoticias.com\\\/v3\\\/codigo-de-etica-en-ypf-renuncio-hombre-de-la-primera-linea-de-la-campora\\\/#primaryimage\",\"url\":\"https:\\\/\\\/cvinoticias.com\\\/wp-content\\\/uploads\\\/2023\\\/11\\\/multimedia.normal.8509956f356ffe6d.595046204152475f6e6f726d616c2e6a7067.jpg\",\"contentUrl\":\"https:\\\/\\\/cvinoticias.com\\\/wp-content\\\/uploads\\\/2023\\\/11\\\/multimedia.normal.8509956f356ffe6d.595046204152475f6e6f726d616c2e6a7067.jpg\",\"width\":875,\"height\":490},{\"@type\":\"BreadcrumbList\",\"@id\":\"https:\\\/\\\/cvinoticias.com\\\/v3\\\/codigo-de-etica-en-ypf-renuncio-hombre-de-la-primera-linea-de-la-campora\\\/#breadcrumb\",\"itemListElement\":[{\"@type\":\"ListItem\",\"position\":1,\"name\":\"Portada\",\"item\":\"https:\\\/\\\/cvinoticias.com\\\/v3\\\/\"},{\"@type\":\"ListItem\",\"position\":2,\"name\":\"C\u00f3digo de \u00e9tica en YPF: renunci\u00f3 hombre de la primera l\u00ednea de La C\u00e1mpora\"}]},{\"@type\":\"WebSite\",\"@id\":\"https:\\\/\\\/cvinoticias.com\\\/v3\\\/#website\",\"url\":\"https:\\\/\\\/cvinoticias.com\\\/v3\\\/\",\"name\":\"CVI NOTICIAS\",\"description\":\"\",\"publisher\":{\"@id\":\"https:\\\/\\\/cvinoticias.com\\\/v3\\\/#organization\"},\"alternateName\":\"CVI\",\"potentialAction\":[{\"@type\":\"SearchAction\",\"target\":{\"@type\":\"EntryPoint\",\"urlTemplate\":\"https:\\\/\\\/cvinoticias.com\\\/v3\\\/?s={search_term_string}\"},\"query-input\":{\"@type\":\"PropertyValueSpecification\",\"valueRequired\":true,\"valueName\":\"search_term_string\"}}],\"inLanguage\":\"es\"},{\"@type\":\"Organization\",\"@id\":\"https:\\\/\\\/cvinoticias.com\\\/v3\\\/#organization\",\"name\":\"CVI NOTICIAS\",\"url\":\"https:\\\/\\\/cvinoticias.com\\\/v3\\\/\",\"logo\":{\"@type\":\"ImageObject\",\"inLanguage\":\"es\",\"@id\":\"https:\\\/\\\/cvinoticias.com\\\/v3\\\/#\\\/schema\\\/logo\\\/image\\\/\",\"url\":\"https:\\\/\\\/cvinoticias.com\\\/wp-content\\\/uploads\\\/2023\\\/04\\\/cropped-cropped-cropped-cropped-cropped-3-1.png\",\"contentUrl\":\"https:\\\/\\\/cvinoticias.com\\\/wp-content\\\/uploads\\\/2023\\\/04\\\/cropped-cropped-cropped-cropped-cropped-3-1.png\",\"width\":95,\"height\":122,\"caption\":\"CVI NOTICIAS\"},\"image\":{\"@id\":\"https:\\\/\\\/cvinoticias.com\\\/v3\\\/#\\\/schema\\\/logo\\\/image\\\/\"},\"sameAs\":[\"https:\\\/\\\/www.facebook.com\\\/cvinoticias\",\"https:\\\/\\\/www.instagram.com\\\/cvinoticias\\\/\",\"https:\\\/\\\/www.youtube.com\\\/@CVINOTICIAS\"]},{\"@type\":\"Person\",\"@id\":\"https:\\\/\\\/cvinoticias.com\\\/v3\\\/#\\\/schema\\\/person\\\/2db77e3c6bc03c538495d7b2b8be9b66\",\"name\":\"f1000024\",\"image\":{\"@type\":\"ImageObject\",\"inLanguage\":\"es\",\"@id\":\"https:\\\/\\\/secure.gravatar.com\\\/avatar\\\/d4fe7459cfc51ff5129ce1a732bbef5928568b8092d412ef95611616376bbeed?s=96&d=mm&r=g\",\"url\":\"https:\\\/\\\/secure.gravatar.com\\\/avatar\\\/d4fe7459cfc51ff5129ce1a732bbef5928568b8092d412ef95611616376bbeed?s=96&d=mm&r=g\",\"contentUrl\":\"https:\\\/\\\/secure.gravatar.com\\\/avatar\\\/d4fe7459cfc51ff5129ce1a732bbef5928568b8092d412ef95611616376bbeed?s=96&d=mm&r=g\",\"caption\":\"f1000024\"},\"url\":\"https:\\\/\\\/cvinoticias.com\\\/v3\\\/author\\\/f1000024\\\/\"}]}<\/script>\n<!-- \/ Yoast SEO plugin. -->","yoast_head_json":{"title":"C\u00f3digo de \u00e9tica en YPF: renunci\u00f3 hombre de la primera l\u00ednea de La C\u00e1mpora | CVI NOTICIAS","robots":{"index":"index","follow":"follow","max-snippet":"max-snippet:-1","max-image-preview":"max-image-preview:large","max-video-preview":"max-video-preview:-1"},"canonical":"https:\/\/cvinoticias.com\/v3\/codigo-de-etica-en-ypf-renuncio-hombre-de-la-primera-linea-de-la-campora\/","og_locale":"es_ES","og_type":"article","og_title":"C\u00f3digo de \u00e9tica en YPF: renunci\u00f3 hombre de la primera l\u00ednea de La C\u00e1mpora | CVI NOTICIAS","og_description":"La empresa petrolera realiz\u00f3 un comunicado dando a conocer los cambios en el \u00e1rea de asuntos corporativos y finanzas. YPF S.A., la principal compa\u00f1\u00eda de energ\u00eda en Argentina, comunic\u00f3 importantes cambios en su Directorio y Estructura Organizativa de Primer Nivel, seg\u00fan inform\u00f3 a la Bolsa de Comercio. Este anuncio se realiza en cumplimiento de las [&hellip;]","og_url":"https:\/\/cvinoticias.com\/v3\/codigo-de-etica-en-ypf-renuncio-hombre-de-la-primera-linea-de-la-campora\/","og_site_name":"CVI NOTICIAS","article_publisher":"https:\/\/www.facebook.com\/cvinoticias","article_published_time":"2023-11-30T11:46:10+00:00","og_image":[{"width":875,"height":490,"url":"https:\/\/cvinoticias.com\/wp-content\/uploads\/2023\/11\/multimedia.normal.8509956f356ffe6d.595046204152475f6e6f726d616c2e6a7067.jpg","type":"image\/jpeg"}],"author":"f1000024","twitter_card":"summary_large_image","twitter_misc":{"Escrito por":"f1000024","Tiempo de lectura":"2 minutos"},"schema":{"@context":"https:\/\/schema.org","@graph":[{"@type":"Article","@id":"https:\/\/cvinoticias.com\/v3\/codigo-de-etica-en-ypf-renuncio-hombre-de-la-primera-linea-de-la-campora\/#article","isPartOf":{"@id":"https:\/\/cvinoticias.com\/v3\/codigo-de-etica-en-ypf-renuncio-hombre-de-la-primera-linea-de-la-campora\/"},"author":{"name":"f1000024","@id":"https:\/\/cvinoticias.com\/v3\/#\/schema\/person\/2db77e3c6bc03c538495d7b2b8be9b66"},"headline":"C\u00f3digo de \u00e9tica en YPF: renunci\u00f3 hombre de la primera l\u00ednea de La C\u00e1mpora","datePublished":"2023-11-30T11:46:10+00:00","mainEntityOfPage":{"@id":"https:\/\/cvinoticias.com\/v3\/codigo-de-etica-en-ypf-renuncio-hombre-de-la-primera-linea-de-la-campora\/"},"wordCount":340,"commentCount":0,"publisher":{"@id":"https:\/\/cvinoticias.com\/v3\/#organization"},"image":{"@id":"https:\/\/cvinoticias.com\/v3\/codigo-de-etica-en-ypf-renuncio-hombre-de-la-primera-linea-de-la-campora\/#primaryimage"},"thumbnailUrl":"https:\/\/cvinoticias.com\/wp-content\/uploads\/2023\/11\/multimedia.normal.8509956f356ffe6d.595046204152475f6e6f726d616c2e6a7067.jpg","articleSection":["Politica"],"inLanguage":"es","potentialAction":[{"@type":"CommentAction","name":"Comment","target":["https:\/\/cvinoticias.com\/v3\/codigo-de-etica-en-ypf-renuncio-hombre-de-la-primera-linea-de-la-campora\/#respond"]}]},{"@type":"WebPage","@id":"https:\/\/cvinoticias.com\/v3\/codigo-de-etica-en-ypf-renuncio-hombre-de-la-primera-linea-de-la-campora\/","url":"https:\/\/cvinoticias.com\/v3\/codigo-de-etica-en-ypf-renuncio-hombre-de-la-primera-linea-de-la-campora\/","name":"C\u00f3digo de \u00e9tica en YPF: renunci\u00f3 hombre de la primera l\u00ednea de La C\u00e1mpora | CVI NOTICIAS","isPartOf":{"@id":"https:\/\/cvinoticias.com\/v3\/#website"},"primaryImageOfPage":{"@id":"https:\/\/cvinoticias.com\/v3\/codigo-de-etica-en-ypf-renuncio-hombre-de-la-primera-linea-de-la-campora\/#primaryimage"},"image":{"@id":"https:\/\/cvinoticias.com\/v3\/codigo-de-etica-en-ypf-renuncio-hombre-de-la-primera-linea-de-la-campora\/#primaryimage"},"thumbnailUrl":"https:\/\/cvinoticias.com\/wp-content\/uploads\/2023\/11\/multimedia.normal.8509956f356ffe6d.595046204152475f6e6f726d616c2e6a7067.jpg","datePublished":"2023-11-30T11:46:10+00:00","breadcrumb":{"@id":"https:\/\/cvinoticias.com\/v3\/codigo-de-etica-en-ypf-renuncio-hombre-de-la-primera-linea-de-la-campora\/#breadcrumb"},"inLanguage":"es","potentialAction":[{"@type":"ReadAction","target":["https:\/\/cvinoticias.com\/v3\/codigo-de-etica-en-ypf-renuncio-hombre-de-la-primera-linea-de-la-campora\/"]}]},{"@type":"ImageObject","inLanguage":"es","@id":"https:\/\/cvinoticias.com\/v3\/codigo-de-etica-en-ypf-renuncio-hombre-de-la-primera-linea-de-la-campora\/#primaryimage","url":"https:\/\/cvinoticias.com\/wp-content\/uploads\/2023\/11\/multimedia.normal.8509956f356ffe6d.595046204152475f6e6f726d616c2e6a7067.jpg","contentUrl":"https:\/\/cvinoticias.com\/wp-content\/uploads\/2023\/11\/multimedia.normal.8509956f356ffe6d.595046204152475f6e6f726d616c2e6a7067.jpg","width":875,"height":490},{"@type":"BreadcrumbList","@id":"https:\/\/cvinoticias.com\/v3\/codigo-de-etica-en-ypf-renuncio-hombre-de-la-primera-linea-de-la-campora\/#breadcrumb","itemListElement":[{"@type":"ListItem","position":1,"name":"Portada","item":"https:\/\/cvinoticias.com\/v3\/"},{"@type":"ListItem","position":2,"name":"C\u00f3digo de \u00e9tica en YPF: renunci\u00f3 hombre de la primera l\u00ednea de La C\u00e1mpora"}]},{"@type":"WebSite","@id":"https:\/\/cvinoticias.com\/v3\/#website","url":"https:\/\/cvinoticias.com\/v3\/","name":"CVI NOTICIAS","description":"","publisher":{"@id":"https:\/\/cvinoticias.com\/v3\/#organization"},"alternateName":"CVI","potentialAction":[{"@type":"SearchAction","target":{"@type":"EntryPoint","urlTemplate":"https:\/\/cvinoticias.com\/v3\/?s={search_term_string}"},"query-input":{"@type":"PropertyValueSpecification","valueRequired":true,"valueName":"search_term_string"}}],"inLanguage":"es"},{"@type":"Organization","@id":"https:\/\/cvinoticias.com\/v3\/#organization","name":"CVI NOTICIAS","url":"https:\/\/cvinoticias.com\/v3\/","logo":{"@type":"ImageObject","inLanguage":"es","@id":"https:\/\/cvinoticias.com\/v3\/#\/schema\/logo\/image\/","url":"https:\/\/cvinoticias.com\/wp-content\/uploads\/2023\/04\/cropped-cropped-cropped-cropped-cropped-3-1.png","contentUrl":"https:\/\/cvinoticias.com\/wp-content\/uploads\/2023\/04\/cropped-cropped-cropped-cropped-cropped-3-1.png","width":95,"height":122,"caption":"CVI NOTICIAS"},"image":{"@id":"https:\/\/cvinoticias.com\/v3\/#\/schema\/logo\/image\/"},"sameAs":["https:\/\/www.facebook.com\/cvinoticias","https:\/\/www.instagram.com\/cvinoticias\/","https:\/\/www.youtube.com\/@CVINOTICIAS"]},{"@type":"Person","@id":"https:\/\/cvinoticias.com\/v3\/#\/schema\/person\/2db77e3c6bc03c538495d7b2b8be9b66","name":"f1000024","image":{"@type":"ImageObject","inLanguage":"es","@id":"https:\/\/secure.gravatar.com\/avatar\/d4fe7459cfc51ff5129ce1a732bbef5928568b8092d412ef95611616376bbeed?s=96&d=mm&r=g","url":"https:\/\/secure.gravatar.com\/avatar\/d4fe7459cfc51ff5129ce1a732bbef5928568b8092d412ef95611616376bbeed?s=96&d=mm&r=g","contentUrl":"https:\/\/secure.gravatar.com\/avatar\/d4fe7459cfc51ff5129ce1a732bbef5928568b8092d412ef95611616376bbeed?s=96&d=mm&r=g","caption":"f1000024"},"url":"https:\/\/cvinoticias.com\/v3\/author\/f1000024\/"}]}},"_links":{"self":[{"href":"https:\/\/cvinoticias.com\/v3\/wp-json\/wp\/v2\/posts\/30450","targetHints":{"allow":["GET"]}}],"collection":[{"href":"https:\/\/cvinoticias.com\/v3\/wp-json\/wp\/v2\/posts"}],"about":[{"href":"https:\/\/cvinoticias.com\/v3\/wp-json\/wp\/v2\/types\/post"}],"author":[{"embeddable":true,"href":"https:\/\/cvinoticias.com\/v3\/wp-json\/wp\/v2\/users\/2"}],"replies":[{"embeddable":true,"href":"https:\/\/cvinoticias.com\/v3\/wp-json\/wp\/v2\/comments?post=30450"}],"version-history":[{"count":1,"href":"https:\/\/cvinoticias.com\/v3\/wp-json\/wp\/v2\/posts\/30450\/revisions"}],"predecessor-version":[{"id":30452,"href":"https:\/\/cvinoticias.com\/v3\/wp-json\/wp\/v2\/posts\/30450\/revisions\/30452"}],"wp:featuredmedia":[{"embeddable":true,"href":"https:\/\/cvinoticias.com\/v3\/wp-json\/wp\/v2\/media\/30451"}],"wp:attachment":[{"href":"https:\/\/cvinoticias.com\/v3\/wp-json\/wp\/v2\/media?parent=30450"}],"wp:term":[{"taxonomy":"category","embeddable":true,"href":"https:\/\/cvinoticias.com\/v3\/wp-json\/wp\/v2\/categories?post=30450"},{"taxonomy":"post_tag","embeddable":true,"href":"https:\/\/cvinoticias.com\/v3\/wp-json\/wp\/v2\/tags?post=30450"}],"curies":[{"name":"wp","href":"https:\/\/api.w.org\/{rel}","templated":true}]}}