{"id":30418,"date":"2023-11-29T09:47:54","date_gmt":"2023-11-29T12:47:54","guid":{"rendered":"https:\/\/cvinoticias.com\/v3\/?p=30418"},"modified":"2023-11-29T09:47:54","modified_gmt":"2023-11-29T12:47:54","slug":"nueva-gestion-quien-sera-embajador-en-los-eeuu-y-que-rol-ocupara-daniel-scioli-en-brasil","status":"publish","type":"post","link":"https:\/\/cvinoticias.com\/v3\/nueva-gestion-quien-sera-embajador-en-los-eeuu-y-que-rol-ocupara-daniel-scioli-en-brasil\/","title":{"rendered":"Nueva gesti\u00f3n: qui\u00e9n ser\u00e1 embajador en los EEUU y qu\u00e9 rol ocupar\u00e1 Daniel Scioli en Brasil"},"content":{"rendered":"\n<h2 class=\"wp-block-heading\">El presidente electo anunci\u00f3 que el ex titular del Comit\u00e9 Ol\u00edmpico Argentino se har\u00e1 cargo del v\u00ednculo con el gobierno de Joe Biden. El ex gobernador bonaerense ser\u00e1 el nexo con Lula.<\/h2>\n\n\n\n<p>El presidente electo, Javier Milei anunci\u00f3 las designaciones en declaraciones a radio La Red luego de su viaje a Estados Unidos, donde se reuni\u00f3 con autoridades del gobierno de Joe Biden y del Fondo Monetario Internacional (FMI). As\u00ed, el dirigente de La Libertad Avanza (LLA) confirm\u00f3 hoy a Gerardo Werthein como embajador en los Estados Unidos. Adem\u00e1s, ratific\u00f3 a Daniel Scioli como representante del pa\u00eds en Brasil, como sucedi\u00f3 durante el gobierno de Alberto Fern\u00e1ndez.<\/p>\n\n\n\n<p>\u201cLa idea es que por el momento contin\u00fae en esa tarea\u201d, respondi\u00f3 hoy el presidente electo, ante la consulta sobre si Daniel Scioli seguir\u00e1 como embajador. Mientras que sobre los rumores acerca del rol que tendr\u00e1 Werthein en su gobierno, Milei sostuvo: \u201cPuede ser nuestro embajador en Estados Unidos\u201d.<\/p>\n\n\n\n<p>Werthein form\u00f3 parte de la comitiva oficial que viaj\u00f3 a Estados Unidos esta semana, donde se reuni\u00f3 en la Casa Blanca con el consejero de Seguridad Nacional de la Casa Blanca, Jack Sullivan, y el asesor especial de la Casa Blanca para cuestiones de Am\u00e9rica Latina, Juan Gonz\u00e1lez, entre otras actividades. En la delegaci\u00f3n estuvieron tambi\u00e9n el eventual ministro de Econom\u00eda y ex secretario de Finanzas, Luis \u201cToto\u201d Caputo; el posible jefe de Gabinete, Nicol\u00e1s Posse; el embajador de Estados Unidos en Argentina, Marc Stanley; el asesor presidencial, Santiago Caputo; y la hermana del presidente electo, Karina Milei.<\/p>\n\n\n\n<p>El ex presidente del Comit\u00e9 Ol\u00edmpico Argentino (COA) y empresario comparti\u00f3 adem\u00e1s la visita de Milei al cementerio de Montefiore para conocer el sepulcro de Menachem Mendel Schneerson, tambi\u00e9n conocido como \u201cel rebe de Lubavitch\u201d, cuyas ense\u00f1anzas rigen la influyente comunidad jud\u00eda Jabad Lubavitch.<\/p>\n\n\n\n<p>En lo que respecta a Scioli, su permanencia en el Servicio Exterior de la Naci\u00f3n genera controversia en el peronismo. El presidente Alberto Fern\u00e1ndez critic\u00f3 al actual embajador y afirm\u00f3 que \u201ccualquiera que haya trabajado\u201d bajo su administraci\u00f3n \u201cle tiene que ser objetivamente imposible\u201d hacerlo con el mandatario electo.<\/p>\n\n\n\n<p>\u201cNo entiendo muy bien como se puede representar al gobierno de Alberto Fern\u00e1ndez y al de Javier Milei del mismo modo. Y que no me vengan con que eso es representar a Argentina porque es falso. Son dos argentinas distintas\u201d, remarc\u00f3 el jefe de Estado en un reportaje con&nbsp;Urbana Play.<\/p>\n\n\n\n<p>D\u00edas atr\u00e1s, circulaba con fuerza la posibilidad de la continuidad de Daniel Scioli en su puesto.&nbsp;El representante diplom\u00e1tico particip\u00f3 de diversas reuniones en Brasilia con&nbsp;Diana Mondino, la posible canciller de la administraci\u00f3n que comenzar\u00e1 a partir del 10 de diciembre.<\/p>\n\n\n\n<p>Por su\u00a0parte,\u00a0<strong>el embajador dijo estar dispuesto a pensar c\u00f3mo puede \u201ccolaborar desde distintos lugares\u201d con la administraci\u00f3n entrante y abri\u00f3 la posibilidad de seguir como embajador al afirmar que es un \u201chombre de Estado\u201d que siempre va a \u201cdefender los intereses de los argentinos\u201d.<\/strong><\/p>\n\n\n\n<p><strong>De continuar en el cargo, Scioli requerir\u00e1 el apoyo de los votos en el Congreso para que se confirme su pliego.<\/strong>&nbsp;La misi\u00f3n del ex gobernador y fallido candidato presidencial de Uni\u00f3n por la Patria -cuya postulaci\u00f3n se baj\u00f3 tras el acuerdo alcanzado para que sea Sergio Massa quien represente al espacio- es sostener la relaci\u00f3n bilateral con el gobierno del Partido dos Trabalhadores (PT) que encabeza&nbsp;Lula da Silva. A diferencia de la sinton\u00eda pol\u00edtica que existe entre Lula y Alberto Fern\u00e1ndez, en esta ocasi\u00f3n Scioli deber\u00e1 trabajar para sanear las acusaciones y cr\u00edticas que le endilg\u00f3 Javier Milei al mandatario brasile\u00f1o durante su campa\u00f1a presidencial.<\/p>\n\n\n\n<p>En los \u00faltimos meses, el entonces candidato Javier Milei tild\u00f3 a Lula da Silva de \u201cladr\u00f3n\u201d y \u201ccomunista furioso\u201d y dio a entender que la relaci\u00f3n diplom\u00e1tica con Brasil se quebrar\u00eda.<strong>&nbsp;El libertario tiene una mayor afinidad con el ex presidente Jair Bolsonaro, el rival pol\u00edtico del l\u00edder de centro-izquierda.&nbsp;<\/strong>Sin embargo, tras ganar las elecciones en el balotaje del 19 de noviembre, Milei electo dio un giro de 180\u00b0 en su mensaje de campa\u00f1a e invit\u00f3 a Lula da Silva a su asunci\u00f3n presidencial.<\/p>\n","protected":false},"excerpt":{"rendered":"<p>El presidente electo anunci\u00f3 que el ex titular del Comit\u00e9 Ol\u00edmpico Argentino se har\u00e1 cargo del v\u00ednculo con el gobierno de Joe Biden. El ex gobernador bonaerense ser\u00e1 el nexo con Lula. El presidente electo, Javier Milei anunci\u00f3 las designaciones en declaraciones a radio La Red luego de su viaje a Estados Unidos, donde se [&hellip;]<\/p>\n","protected":false},"author":2,"featured_media":30420,"comment_status":"open","ping_status":"open","sticky":false,"template":"","format":"standard","meta":{"footnotes":""},"categories":[42],"tags":[],"class_list":["post-30418","post","type-post","status-publish","format-standard","has-post-thumbnail","hentry","category-politica"],"yoast_head":"<!-- This site is optimized with the Yoast SEO plugin v27.4 - https:\/\/yoast.com\/product\/yoast-seo-wordpress\/ -->\n<title>Nueva gesti\u00f3n: qui\u00e9n ser\u00e1 embajador en los EEUU y qu\u00e9 rol ocupar\u00e1 Daniel Scioli en Brasil | CVI NOTICIAS<\/title>\n<meta name=\"robots\" content=\"index, follow, max-snippet:-1, max-image-preview:large, max-video-preview:-1\" \/>\n<link rel=\"canonical\" href=\"https:\/\/cvinoticias.com\/v3\/nueva-gestion-quien-sera-embajador-en-los-eeuu-y-que-rol-ocupara-daniel-scioli-en-brasil\/\" \/>\n<meta property=\"og:locale\" content=\"es_ES\" \/>\n<meta property=\"og:type\" content=\"article\" \/>\n<meta property=\"og:title\" content=\"Nueva gesti\u00f3n: qui\u00e9n ser\u00e1 embajador en los EEUU y qu\u00e9 rol ocupar\u00e1 Daniel Scioli en Brasil | CVI NOTICIAS\" \/>\n<meta property=\"og:description\" content=\"El presidente electo anunci\u00f3 que el ex titular del Comit\u00e9 Ol\u00edmpico Argentino se har\u00e1 cargo del v\u00ednculo con el gobierno de Joe Biden. El ex gobernador bonaerense ser\u00e1 el nexo con Lula. El presidente electo, Javier Milei anunci\u00f3 las designaciones en declaraciones a radio La Red luego de su viaje a Estados Unidos, donde se [&hellip;]\" \/>\n<meta property=\"og:url\" content=\"https:\/\/cvinoticias.com\/v3\/nueva-gestion-quien-sera-embajador-en-los-eeuu-y-que-rol-ocupara-daniel-scioli-en-brasil\/\" \/>\n<meta property=\"og:site_name\" content=\"CVI NOTICIAS\" \/>\n<meta property=\"article:publisher\" content=\"https:\/\/www.facebook.com\/cvinoticias\" \/>\n<meta property=\"article:published_time\" content=\"2023-11-29T12:47:54+00:00\" \/>\n<meta property=\"og:image\" content=\"https:\/\/cvinoticias.com\/wp-content\/uploads\/2023\/11\/Screenshot_20231129_094729_Facebook.jpg\" \/>\n\t<meta property=\"og:image:width\" content=\"1078\" \/>\n\t<meta property=\"og:image:height\" content=\"590\" \/>\n\t<meta property=\"og:image:type\" content=\"image\/jpeg\" \/>\n<meta name=\"author\" content=\"f1000024\" \/>\n<meta name=\"twitter:card\" content=\"summary_large_image\" \/>\n<meta name=\"twitter:label1\" content=\"Escrito por\" \/>\n\t<meta name=\"twitter:data1\" content=\"f1000024\" \/>\n\t<meta name=\"twitter:label2\" content=\"Tiempo de lectura\" \/>\n\t<meta name=\"twitter:data2\" content=\"4 minutos\" \/>\n<script type=\"application\/ld+json\" class=\"yoast-schema-graph\">{\"@context\":\"https:\\\/\\\/schema.org\",\"@graph\":[{\"@type\":\"Article\",\"@id\":\"https:\\\/\\\/cvinoticias.com\\\/v3\\\/nueva-gestion-quien-sera-embajador-en-los-eeuu-y-que-rol-ocupara-daniel-scioli-en-brasil\\\/#article\",\"isPartOf\":{\"@id\":\"https:\\\/\\\/cvinoticias.com\\\/v3\\\/nueva-gestion-quien-sera-embajador-en-los-eeuu-y-que-rol-ocupara-daniel-scioli-en-brasil\\\/\"},\"author\":{\"name\":\"f1000024\",\"@id\":\"https:\\\/\\\/cvinoticias.com\\\/v3\\\/#\\\/schema\\\/person\\\/2db77e3c6bc03c538495d7b2b8be9b66\"},\"headline\":\"Nueva gesti\u00f3n: qui\u00e9n ser\u00e1 embajador en los EEUU y qu\u00e9 rol ocupar\u00e1 Daniel Scioli en Brasil\",\"datePublished\":\"2023-11-29T12:47:54+00:00\",\"mainEntityOfPage\":{\"@id\":\"https:\\\/\\\/cvinoticias.com\\\/v3\\\/nueva-gestion-quien-sera-embajador-en-los-eeuu-y-que-rol-ocupara-daniel-scioli-en-brasil\\\/\"},\"wordCount\":746,\"commentCount\":0,\"publisher\":{\"@id\":\"https:\\\/\\\/cvinoticias.com\\\/v3\\\/#organization\"},\"image\":{\"@id\":\"https:\\\/\\\/cvinoticias.com\\\/v3\\\/nueva-gestion-quien-sera-embajador-en-los-eeuu-y-que-rol-ocupara-daniel-scioli-en-brasil\\\/#primaryimage\"},\"thumbnailUrl\":\"https:\\\/\\\/cvinoticias.com\\\/wp-content\\\/uploads\\\/2023\\\/11\\\/Screenshot_20231129_094729_Facebook.jpg\",\"articleSection\":[\"Politica\"],\"inLanguage\":\"es\",\"potentialAction\":[{\"@type\":\"CommentAction\",\"name\":\"Comment\",\"target\":[\"https:\\\/\\\/cvinoticias.com\\\/v3\\\/nueva-gestion-quien-sera-embajador-en-los-eeuu-y-que-rol-ocupara-daniel-scioli-en-brasil\\\/#respond\"]}]},{\"@type\":\"WebPage\",\"@id\":\"https:\\\/\\\/cvinoticias.com\\\/v3\\\/nueva-gestion-quien-sera-embajador-en-los-eeuu-y-que-rol-ocupara-daniel-scioli-en-brasil\\\/\",\"url\":\"https:\\\/\\\/cvinoticias.com\\\/v3\\\/nueva-gestion-quien-sera-embajador-en-los-eeuu-y-que-rol-ocupara-daniel-scioli-en-brasil\\\/\",\"name\":\"Nueva gesti\u00f3n: qui\u00e9n ser\u00e1 embajador en los EEUU y qu\u00e9 rol ocupar\u00e1 Daniel Scioli en Brasil | CVI NOTICIAS\",\"isPartOf\":{\"@id\":\"https:\\\/\\\/cvinoticias.com\\\/v3\\\/#website\"},\"primaryImageOfPage\":{\"@id\":\"https:\\\/\\\/cvinoticias.com\\\/v3\\\/nueva-gestion-quien-sera-embajador-en-los-eeuu-y-que-rol-ocupara-daniel-scioli-en-brasil\\\/#primaryimage\"},\"image\":{\"@id\":\"https:\\\/\\\/cvinoticias.com\\\/v3\\\/nueva-gestion-quien-sera-embajador-en-los-eeuu-y-que-rol-ocupara-daniel-scioli-en-brasil\\\/#primaryimage\"},\"thumbnailUrl\":\"https:\\\/\\\/cvinoticias.com\\\/wp-content\\\/uploads\\\/2023\\\/11\\\/Screenshot_20231129_094729_Facebook.jpg\",\"datePublished\":\"2023-11-29T12:47:54+00:00\",\"breadcrumb\":{\"@id\":\"https:\\\/\\\/cvinoticias.com\\\/v3\\\/nueva-gestion-quien-sera-embajador-en-los-eeuu-y-que-rol-ocupara-daniel-scioli-en-brasil\\\/#breadcrumb\"},\"inLanguage\":\"es\",\"potentialAction\":[{\"@type\":\"ReadAction\",\"target\":[\"https:\\\/\\\/cvinoticias.com\\\/v3\\\/nueva-gestion-quien-sera-embajador-en-los-eeuu-y-que-rol-ocupara-daniel-scioli-en-brasil\\\/\"]}]},{\"@type\":\"ImageObject\",\"inLanguage\":\"es\",\"@id\":\"https:\\\/\\\/cvinoticias.com\\\/v3\\\/nueva-gestion-quien-sera-embajador-en-los-eeuu-y-que-rol-ocupara-daniel-scioli-en-brasil\\\/#primaryimage\",\"url\":\"https:\\\/\\\/cvinoticias.com\\\/wp-content\\\/uploads\\\/2023\\\/11\\\/Screenshot_20231129_094729_Facebook.jpg\",\"contentUrl\":\"https:\\\/\\\/cvinoticias.com\\\/wp-content\\\/uploads\\\/2023\\\/11\\\/Screenshot_20231129_094729_Facebook.jpg\",\"width\":1078,\"height\":590},{\"@type\":\"BreadcrumbList\",\"@id\":\"https:\\\/\\\/cvinoticias.com\\\/v3\\\/nueva-gestion-quien-sera-embajador-en-los-eeuu-y-que-rol-ocupara-daniel-scioli-en-brasil\\\/#breadcrumb\",\"itemListElement\":[{\"@type\":\"ListItem\",\"position\":1,\"name\":\"Portada\",\"item\":\"https:\\\/\\\/cvinoticias.com\\\/v3\\\/\"},{\"@type\":\"ListItem\",\"position\":2,\"name\":\"Nueva gesti\u00f3n: qui\u00e9n ser\u00e1 embajador en los EEUU y qu\u00e9 rol ocupar\u00e1 Daniel Scioli en Brasil\"}]},{\"@type\":\"WebSite\",\"@id\":\"https:\\\/\\\/cvinoticias.com\\\/v3\\\/#website\",\"url\":\"https:\\\/\\\/cvinoticias.com\\\/v3\\\/\",\"name\":\"CVI NOTICIAS\",\"description\":\"\",\"publisher\":{\"@id\":\"https:\\\/\\\/cvinoticias.com\\\/v3\\\/#organization\"},\"alternateName\":\"CVI\",\"potentialAction\":[{\"@type\":\"SearchAction\",\"target\":{\"@type\":\"EntryPoint\",\"urlTemplate\":\"https:\\\/\\\/cvinoticias.com\\\/v3\\\/?s={search_term_string}\"},\"query-input\":{\"@type\":\"PropertyValueSpecification\",\"valueRequired\":true,\"valueName\":\"search_term_string\"}}],\"inLanguage\":\"es\"},{\"@type\":\"Organization\",\"@id\":\"https:\\\/\\\/cvinoticias.com\\\/v3\\\/#organization\",\"name\":\"CVI NOTICIAS\",\"url\":\"https:\\\/\\\/cvinoticias.com\\\/v3\\\/\",\"logo\":{\"@type\":\"ImageObject\",\"inLanguage\":\"es\",\"@id\":\"https:\\\/\\\/cvinoticias.com\\\/v3\\\/#\\\/schema\\\/logo\\\/image\\\/\",\"url\":\"https:\\\/\\\/cvinoticias.com\\\/wp-content\\\/uploads\\\/2023\\\/04\\\/cropped-cropped-cropped-cropped-cropped-3-1.png\",\"contentUrl\":\"https:\\\/\\\/cvinoticias.com\\\/wp-content\\\/uploads\\\/2023\\\/04\\\/cropped-cropped-cropped-cropped-cropped-3-1.png\",\"width\":95,\"height\":122,\"caption\":\"CVI NOTICIAS\"},\"image\":{\"@id\":\"https:\\\/\\\/cvinoticias.com\\\/v3\\\/#\\\/schema\\\/logo\\\/image\\\/\"},\"sameAs\":[\"https:\\\/\\\/www.facebook.com\\\/cvinoticias\",\"https:\\\/\\\/www.instagram.com\\\/cvinoticias\\\/\",\"https:\\\/\\\/www.youtube.com\\\/@CVINOTICIAS\"]},{\"@type\":\"Person\",\"@id\":\"https:\\\/\\\/cvinoticias.com\\\/v3\\\/#\\\/schema\\\/person\\\/2db77e3c6bc03c538495d7b2b8be9b66\",\"name\":\"f1000024\",\"image\":{\"@type\":\"ImageObject\",\"inLanguage\":\"es\",\"@id\":\"https:\\\/\\\/secure.gravatar.com\\\/avatar\\\/d4fe7459cfc51ff5129ce1a732bbef5928568b8092d412ef95611616376bbeed?s=96&d=mm&r=g\",\"url\":\"https:\\\/\\\/secure.gravatar.com\\\/avatar\\\/d4fe7459cfc51ff5129ce1a732bbef5928568b8092d412ef95611616376bbeed?s=96&d=mm&r=g\",\"contentUrl\":\"https:\\\/\\\/secure.gravatar.com\\\/avatar\\\/d4fe7459cfc51ff5129ce1a732bbef5928568b8092d412ef95611616376bbeed?s=96&d=mm&r=g\",\"caption\":\"f1000024\"},\"url\":\"https:\\\/\\\/cvinoticias.com\\\/v3\\\/author\\\/f1000024\\\/\"}]}<\/script>\n<!-- \/ Yoast SEO plugin. -->","yoast_head_json":{"title":"Nueva gesti\u00f3n: qui\u00e9n ser\u00e1 embajador en los EEUU y qu\u00e9 rol ocupar\u00e1 Daniel Scioli en Brasil | CVI NOTICIAS","robots":{"index":"index","follow":"follow","max-snippet":"max-snippet:-1","max-image-preview":"max-image-preview:large","max-video-preview":"max-video-preview:-1"},"canonical":"https:\/\/cvinoticias.com\/v3\/nueva-gestion-quien-sera-embajador-en-los-eeuu-y-que-rol-ocupara-daniel-scioli-en-brasil\/","og_locale":"es_ES","og_type":"article","og_title":"Nueva gesti\u00f3n: qui\u00e9n ser\u00e1 embajador en los EEUU y qu\u00e9 rol ocupar\u00e1 Daniel Scioli en Brasil | CVI NOTICIAS","og_description":"El presidente electo anunci\u00f3 que el ex titular del Comit\u00e9 Ol\u00edmpico Argentino se har\u00e1 cargo del v\u00ednculo con el gobierno de Joe Biden. El ex gobernador bonaerense ser\u00e1 el nexo con Lula. El presidente electo, Javier Milei anunci\u00f3 las designaciones en declaraciones a radio La Red luego de su viaje a Estados Unidos, donde se [&hellip;]","og_url":"https:\/\/cvinoticias.com\/v3\/nueva-gestion-quien-sera-embajador-en-los-eeuu-y-que-rol-ocupara-daniel-scioli-en-brasil\/","og_site_name":"CVI NOTICIAS","article_publisher":"https:\/\/www.facebook.com\/cvinoticias","article_published_time":"2023-11-29T12:47:54+00:00","og_image":[{"width":1078,"height":590,"url":"https:\/\/cvinoticias.com\/wp-content\/uploads\/2023\/11\/Screenshot_20231129_094729_Facebook.jpg","type":"image\/jpeg"}],"author":"f1000024","twitter_card":"summary_large_image","twitter_misc":{"Escrito por":"f1000024","Tiempo de lectura":"4 minutos"},"schema":{"@context":"https:\/\/schema.org","@graph":[{"@type":"Article","@id":"https:\/\/cvinoticias.com\/v3\/nueva-gestion-quien-sera-embajador-en-los-eeuu-y-que-rol-ocupara-daniel-scioli-en-brasil\/#article","isPartOf":{"@id":"https:\/\/cvinoticias.com\/v3\/nueva-gestion-quien-sera-embajador-en-los-eeuu-y-que-rol-ocupara-daniel-scioli-en-brasil\/"},"author":{"name":"f1000024","@id":"https:\/\/cvinoticias.com\/v3\/#\/schema\/person\/2db77e3c6bc03c538495d7b2b8be9b66"},"headline":"Nueva gesti\u00f3n: qui\u00e9n ser\u00e1 embajador en los EEUU y qu\u00e9 rol ocupar\u00e1 Daniel Scioli en Brasil","datePublished":"2023-11-29T12:47:54+00:00","mainEntityOfPage":{"@id":"https:\/\/cvinoticias.com\/v3\/nueva-gestion-quien-sera-embajador-en-los-eeuu-y-que-rol-ocupara-daniel-scioli-en-brasil\/"},"wordCount":746,"commentCount":0,"publisher":{"@id":"https:\/\/cvinoticias.com\/v3\/#organization"},"image":{"@id":"https:\/\/cvinoticias.com\/v3\/nueva-gestion-quien-sera-embajador-en-los-eeuu-y-que-rol-ocupara-daniel-scioli-en-brasil\/#primaryimage"},"thumbnailUrl":"https:\/\/cvinoticias.com\/wp-content\/uploads\/2023\/11\/Screenshot_20231129_094729_Facebook.jpg","articleSection":["Politica"],"inLanguage":"es","potentialAction":[{"@type":"CommentAction","name":"Comment","target":["https:\/\/cvinoticias.com\/v3\/nueva-gestion-quien-sera-embajador-en-los-eeuu-y-que-rol-ocupara-daniel-scioli-en-brasil\/#respond"]}]},{"@type":"WebPage","@id":"https:\/\/cvinoticias.com\/v3\/nueva-gestion-quien-sera-embajador-en-los-eeuu-y-que-rol-ocupara-daniel-scioli-en-brasil\/","url":"https:\/\/cvinoticias.com\/v3\/nueva-gestion-quien-sera-embajador-en-los-eeuu-y-que-rol-ocupara-daniel-scioli-en-brasil\/","name":"Nueva gesti\u00f3n: qui\u00e9n ser\u00e1 embajador en los EEUU y qu\u00e9 rol ocupar\u00e1 Daniel Scioli en Brasil | CVI NOTICIAS","isPartOf":{"@id":"https:\/\/cvinoticias.com\/v3\/#website"},"primaryImageOfPage":{"@id":"https:\/\/cvinoticias.com\/v3\/nueva-gestion-quien-sera-embajador-en-los-eeuu-y-que-rol-ocupara-daniel-scioli-en-brasil\/#primaryimage"},"image":{"@id":"https:\/\/cvinoticias.com\/v3\/nueva-gestion-quien-sera-embajador-en-los-eeuu-y-que-rol-ocupara-daniel-scioli-en-brasil\/#primaryimage"},"thumbnailUrl":"https:\/\/cvinoticias.com\/wp-content\/uploads\/2023\/11\/Screenshot_20231129_094729_Facebook.jpg","datePublished":"2023-11-29T12:47:54+00:00","breadcrumb":{"@id":"https:\/\/cvinoticias.com\/v3\/nueva-gestion-quien-sera-embajador-en-los-eeuu-y-que-rol-ocupara-daniel-scioli-en-brasil\/#breadcrumb"},"inLanguage":"es","potentialAction":[{"@type":"ReadAction","target":["https:\/\/cvinoticias.com\/v3\/nueva-gestion-quien-sera-embajador-en-los-eeuu-y-que-rol-ocupara-daniel-scioli-en-brasil\/"]}]},{"@type":"ImageObject","inLanguage":"es","@id":"https:\/\/cvinoticias.com\/v3\/nueva-gestion-quien-sera-embajador-en-los-eeuu-y-que-rol-ocupara-daniel-scioli-en-brasil\/#primaryimage","url":"https:\/\/cvinoticias.com\/wp-content\/uploads\/2023\/11\/Screenshot_20231129_094729_Facebook.jpg","contentUrl":"https:\/\/cvinoticias.com\/wp-content\/uploads\/2023\/11\/Screenshot_20231129_094729_Facebook.jpg","width":1078,"height":590},{"@type":"BreadcrumbList","@id":"https:\/\/cvinoticias.com\/v3\/nueva-gestion-quien-sera-embajador-en-los-eeuu-y-que-rol-ocupara-daniel-scioli-en-brasil\/#breadcrumb","itemListElement":[{"@type":"ListItem","position":1,"name":"Portada","item":"https:\/\/cvinoticias.com\/v3\/"},{"@type":"ListItem","position":2,"name":"Nueva gesti\u00f3n: qui\u00e9n ser\u00e1 embajador en los EEUU y qu\u00e9 rol ocupar\u00e1 Daniel Scioli en Brasil"}]},{"@type":"WebSite","@id":"https:\/\/cvinoticias.com\/v3\/#website","url":"https:\/\/cvinoticias.com\/v3\/","name":"CVI NOTICIAS","description":"","publisher":{"@id":"https:\/\/cvinoticias.com\/v3\/#organization"},"alternateName":"CVI","potentialAction":[{"@type":"SearchAction","target":{"@type":"EntryPoint","urlTemplate":"https:\/\/cvinoticias.com\/v3\/?s={search_term_string}"},"query-input":{"@type":"PropertyValueSpecification","valueRequired":true,"valueName":"search_term_string"}}],"inLanguage":"es"},{"@type":"Organization","@id":"https:\/\/cvinoticias.com\/v3\/#organization","name":"CVI NOTICIAS","url":"https:\/\/cvinoticias.com\/v3\/","logo":{"@type":"ImageObject","inLanguage":"es","@id":"https:\/\/cvinoticias.com\/v3\/#\/schema\/logo\/image\/","url":"https:\/\/cvinoticias.com\/wp-content\/uploads\/2023\/04\/cropped-cropped-cropped-cropped-cropped-3-1.png","contentUrl":"https:\/\/cvinoticias.com\/wp-content\/uploads\/2023\/04\/cropped-cropped-cropped-cropped-cropped-3-1.png","width":95,"height":122,"caption":"CVI NOTICIAS"},"image":{"@id":"https:\/\/cvinoticias.com\/v3\/#\/schema\/logo\/image\/"},"sameAs":["https:\/\/www.facebook.com\/cvinoticias","https:\/\/www.instagram.com\/cvinoticias\/","https:\/\/www.youtube.com\/@CVINOTICIAS"]},{"@type":"Person","@id":"https:\/\/cvinoticias.com\/v3\/#\/schema\/person\/2db77e3c6bc03c538495d7b2b8be9b66","name":"f1000024","image":{"@type":"ImageObject","inLanguage":"es","@id":"https:\/\/secure.gravatar.com\/avatar\/d4fe7459cfc51ff5129ce1a732bbef5928568b8092d412ef95611616376bbeed?s=96&d=mm&r=g","url":"https:\/\/secure.gravatar.com\/avatar\/d4fe7459cfc51ff5129ce1a732bbef5928568b8092d412ef95611616376bbeed?s=96&d=mm&r=g","contentUrl":"https:\/\/secure.gravatar.com\/avatar\/d4fe7459cfc51ff5129ce1a732bbef5928568b8092d412ef95611616376bbeed?s=96&d=mm&r=g","caption":"f1000024"},"url":"https:\/\/cvinoticias.com\/v3\/author\/f1000024\/"}]}},"_links":{"self":[{"href":"https:\/\/cvinoticias.com\/v3\/wp-json\/wp\/v2\/posts\/30418","targetHints":{"allow":["GET"]}}],"collection":[{"href":"https:\/\/cvinoticias.com\/v3\/wp-json\/wp\/v2\/posts"}],"about":[{"href":"https:\/\/cvinoticias.com\/v3\/wp-json\/wp\/v2\/types\/post"}],"author":[{"embeddable":true,"href":"https:\/\/cvinoticias.com\/v3\/wp-json\/wp\/v2\/users\/2"}],"replies":[{"embeddable":true,"href":"https:\/\/cvinoticias.com\/v3\/wp-json\/wp\/v2\/comments?post=30418"}],"version-history":[{"count":1,"href":"https:\/\/cvinoticias.com\/v3\/wp-json\/wp\/v2\/posts\/30418\/revisions"}],"predecessor-version":[{"id":30419,"href":"https:\/\/cvinoticias.com\/v3\/wp-json\/wp\/v2\/posts\/30418\/revisions\/30419"}],"wp:featuredmedia":[{"embeddable":true,"href":"https:\/\/cvinoticias.com\/v3\/wp-json\/wp\/v2\/media\/30420"}],"wp:attachment":[{"href":"https:\/\/cvinoticias.com\/v3\/wp-json\/wp\/v2\/media?parent=30418"}],"wp:term":[{"taxonomy":"category","embeddable":true,"href":"https:\/\/cvinoticias.com\/v3\/wp-json\/wp\/v2\/categories?post=30418"},{"taxonomy":"post_tag","embeddable":true,"href":"https:\/\/cvinoticias.com\/v3\/wp-json\/wp\/v2\/tags?post=30418"}],"curies":[{"name":"wp","href":"https:\/\/api.w.org\/{rel}","templated":true}]}}