{"id":3038,"date":"2021-02-28T16:47:24","date_gmt":"2021-02-28T16:47:24","guid":{"rendered":"https:\/\/cvinoticias.com\/v3\/?p=3038"},"modified":"2021-02-28T16:47:24","modified_gmt":"2021-02-28T16:47:24","slug":"tres-muertos-y-dos-heridos-graves-tras-despistar-en-un-automovil-en-san-pedro","status":"publish","type":"post","link":"https:\/\/cvinoticias.com\/v3\/tres-muertos-y-dos-heridos-graves-tras-despistar-en-un-automovil-en-san-pedro\/","title":{"rendered":"Tres muertos y dos heridos graves tras despistar en un autom\u00f3vil en San Pedro"},"content":{"rendered":"\n<p><strong><em>El siniestro vial se registr\u00f3 esta ma\u00f1ana, aproximadamente a las 5:30 horas, en la intersecci\u00f3n de las Rutas Nacional 14 y Provincial 20.<\/em><\/strong><\/p>\n\n\n\n<p>Una vez en el lugar, la Polic\u00eda constat\u00f3 que un autom\u00f3vil Chevrolet Corsa conducido por Leandro Escobar de 27, quien iba acompa\u00f1ado de Junior Fassa de 25, Romina Rollin de 24, Yonatan G. de 24 y Leandro G. De 26 a\u00f1os, volc\u00f3 sobre la rotonda situada en la intersecci\u00f3n de las rutas mencionadas.<\/p>\n\n\n\n<p>Como consecuencia del impacto, Leandro y Junior murieron en el acto, en tanto que los dem\u00e1s j\u00f3venes fueron trasladados al Hospital Samic de Eldorado por heridas, contusiones y politraumatismos varios seg\u00fan examen m\u00e9dico. Horas mas tarde, se conoci\u00f3 el deceso de Romina a causa de las lesiones sufridas.<\/p>\n\n\n\n<p>Interviene el Juzgado de Instruccion N\u00b03 de San vicente, quien dispuso el secuestro del rodado y entrega de los cuerpos a sus familiares.<\/p>\n\n\n\n<p>Trabajaron en el lugar efectivos de la Comisar\u00eda 1ra de San Pedro, divisi\u00f3n Polic\u00eda Cientifica de la Unidad Regional VIII, m\u00e9dico policial en turno y Bomberos Voluntarios de esa localidad.<\/p>\n","protected":false},"excerpt":{"rendered":"<p>El siniestro vial se registr\u00f3 esta ma\u00f1ana, aproximadamente a las 5:30 horas, en la intersecci\u00f3n de las Rutas Nacional 14 y Provincial 20. Una vez en el lugar, la Polic\u00eda constat\u00f3 que un autom\u00f3vil Chevrolet Corsa conducido por Leandro Escobar de 27, quien iba acompa\u00f1ado de Junior Fassa de 25, Romina Rollin de 24, Yonatan [&hellip;]<\/p>\n","protected":false},"author":2,"featured_media":3039,"comment_status":"open","ping_status":"open","sticky":false,"template":"","format":"standard","meta":{"footnotes":""},"categories":[41],"tags":[],"class_list":["post-3038","post","type-post","status-publish","format-standard","has-post-thumbnail","hentry","category-policiales"],"yoast_head":"<!-- This site is optimized with the Yoast SEO plugin v27.5 - https:\/\/yoast.com\/product\/yoast-seo-wordpress\/ -->\n<title>Tres muertos y dos heridos graves tras despistar en un autom\u00f3vil en San Pedro | CVI NOTICIAS<\/title>\n<meta name=\"robots\" content=\"index, follow, max-snippet:-1, max-image-preview:large, max-video-preview:-1\" \/>\n<link rel=\"canonical\" href=\"https:\/\/cvinoticias.com\/v3\/tres-muertos-y-dos-heridos-graves-tras-despistar-en-un-automovil-en-san-pedro\/\" \/>\n<meta property=\"og:locale\" content=\"es_ES\" \/>\n<meta property=\"og:type\" content=\"article\" \/>\n<meta property=\"og:title\" content=\"Tres muertos y dos heridos graves tras despistar en un autom\u00f3vil en San Pedro | CVI NOTICIAS\" \/>\n<meta property=\"og:description\" content=\"El siniestro vial se registr\u00f3 esta ma\u00f1ana, aproximadamente a las 5:30 horas, en la intersecci\u00f3n de las Rutas Nacional 14 y Provincial 20. Una vez en el lugar, la Polic\u00eda constat\u00f3 que un autom\u00f3vil Chevrolet Corsa conducido por Leandro Escobar de 27, quien iba acompa\u00f1ado de Junior Fassa de 25, Romina Rollin de 24, Yonatan [&hellip;]\" \/>\n<meta property=\"og:url\" content=\"https:\/\/cvinoticias.com\/v3\/tres-muertos-y-dos-heridos-graves-tras-despistar-en-un-automovil-en-san-pedro\/\" \/>\n<meta property=\"og:site_name\" content=\"CVI NOTICIAS\" \/>\n<meta property=\"article:publisher\" content=\"https:\/\/www.facebook.com\/cvinoticias\" \/>\n<meta property=\"article:published_time\" content=\"2021-02-28T16:47:24+00:00\" \/>\n<meta property=\"og:image\" content=\"https:\/\/cvinoticias.com\/wp-content\/uploads\/2021\/02\/IMG-20210228-WA0037.jpg\" \/>\n\t<meta property=\"og:image:width\" content=\"909\" \/>\n\t<meta property=\"og:image:height\" content=\"659\" \/>\n\t<meta property=\"og:image:type\" content=\"image\/jpeg\" \/>\n<meta name=\"author\" content=\"f1000024\" \/>\n<meta name=\"twitter:card\" content=\"summary_large_image\" \/>\n<meta name=\"twitter:label1\" content=\"Escrito por\" \/>\n\t<meta name=\"twitter:data1\" content=\"f1000024\" \/>\n\t<meta name=\"twitter:label2\" content=\"Tiempo de lectura\" \/>\n\t<meta name=\"twitter:data2\" content=\"1 minuto\" \/>\n<script type=\"application\/ld+json\" class=\"yoast-schema-graph\">{\"@context\":\"https:\\\/\\\/schema.org\",\"@graph\":[{\"@type\":\"Article\",\"@id\":\"https:\\\/\\\/cvinoticias.com\\\/v3\\\/tres-muertos-y-dos-heridos-graves-tras-despistar-en-un-automovil-en-san-pedro\\\/#article\",\"isPartOf\":{\"@id\":\"https:\\\/\\\/cvinoticias.com\\\/v3\\\/tres-muertos-y-dos-heridos-graves-tras-despistar-en-un-automovil-en-san-pedro\\\/\"},\"author\":{\"name\":\"f1000024\",\"@id\":\"https:\\\/\\\/cvinoticias.com\\\/v3\\\/#\\\/schema\\\/person\\\/2db77e3c6bc03c538495d7b2b8be9b66\"},\"headline\":\"Tres muertos y dos heridos graves tras despistar en un autom\u00f3vil en San Pedro\",\"datePublished\":\"2021-02-28T16:47:24+00:00\",\"mainEntityOfPage\":{\"@id\":\"https:\\\/\\\/cvinoticias.com\\\/v3\\\/tres-muertos-y-dos-heridos-graves-tras-despistar-en-un-automovil-en-san-pedro\\\/\"},\"wordCount\":199,\"commentCount\":0,\"publisher\":{\"@id\":\"https:\\\/\\\/cvinoticias.com\\\/v3\\\/#organization\"},\"image\":{\"@id\":\"https:\\\/\\\/cvinoticias.com\\\/v3\\\/tres-muertos-y-dos-heridos-graves-tras-despistar-en-un-automovil-en-san-pedro\\\/#primaryimage\"},\"thumbnailUrl\":\"https:\\\/\\\/cvinoticias.com\\\/wp-content\\\/uploads\\\/2021\\\/02\\\/IMG-20210228-WA0037.jpg\",\"articleSection\":[\"Policiales\"],\"inLanguage\":\"es\",\"potentialAction\":[{\"@type\":\"CommentAction\",\"name\":\"Comment\",\"target\":[\"https:\\\/\\\/cvinoticias.com\\\/v3\\\/tres-muertos-y-dos-heridos-graves-tras-despistar-en-un-automovil-en-san-pedro\\\/#respond\"]}]},{\"@type\":\"WebPage\",\"@id\":\"https:\\\/\\\/cvinoticias.com\\\/v3\\\/tres-muertos-y-dos-heridos-graves-tras-despistar-en-un-automovil-en-san-pedro\\\/\",\"url\":\"https:\\\/\\\/cvinoticias.com\\\/v3\\\/tres-muertos-y-dos-heridos-graves-tras-despistar-en-un-automovil-en-san-pedro\\\/\",\"name\":\"Tres muertos y dos heridos graves tras despistar en un autom\u00f3vil en San Pedro | CVI NOTICIAS\",\"isPartOf\":{\"@id\":\"https:\\\/\\\/cvinoticias.com\\\/v3\\\/#website\"},\"primaryImageOfPage\":{\"@id\":\"https:\\\/\\\/cvinoticias.com\\\/v3\\\/tres-muertos-y-dos-heridos-graves-tras-despistar-en-un-automovil-en-san-pedro\\\/#primaryimage\"},\"image\":{\"@id\":\"https:\\\/\\\/cvinoticias.com\\\/v3\\\/tres-muertos-y-dos-heridos-graves-tras-despistar-en-un-automovil-en-san-pedro\\\/#primaryimage\"},\"thumbnailUrl\":\"https:\\\/\\\/cvinoticias.com\\\/wp-content\\\/uploads\\\/2021\\\/02\\\/IMG-20210228-WA0037.jpg\",\"datePublished\":\"2021-02-28T16:47:24+00:00\",\"breadcrumb\":{\"@id\":\"https:\\\/\\\/cvinoticias.com\\\/v3\\\/tres-muertos-y-dos-heridos-graves-tras-despistar-en-un-automovil-en-san-pedro\\\/#breadcrumb\"},\"inLanguage\":\"es\",\"potentialAction\":[{\"@type\":\"ReadAction\",\"target\":[\"https:\\\/\\\/cvinoticias.com\\\/v3\\\/tres-muertos-y-dos-heridos-graves-tras-despistar-en-un-automovil-en-san-pedro\\\/\"]}]},{\"@type\":\"ImageObject\",\"inLanguage\":\"es\",\"@id\":\"https:\\\/\\\/cvinoticias.com\\\/v3\\\/tres-muertos-y-dos-heridos-graves-tras-despistar-en-un-automovil-en-san-pedro\\\/#primaryimage\",\"url\":\"https:\\\/\\\/cvinoticias.com\\\/wp-content\\\/uploads\\\/2021\\\/02\\\/IMG-20210228-WA0037.jpg\",\"contentUrl\":\"https:\\\/\\\/cvinoticias.com\\\/wp-content\\\/uploads\\\/2021\\\/02\\\/IMG-20210228-WA0037.jpg\",\"width\":909,\"height\":659},{\"@type\":\"BreadcrumbList\",\"@id\":\"https:\\\/\\\/cvinoticias.com\\\/v3\\\/tres-muertos-y-dos-heridos-graves-tras-despistar-en-un-automovil-en-san-pedro\\\/#breadcrumb\",\"itemListElement\":[{\"@type\":\"ListItem\",\"position\":1,\"name\":\"Portada\",\"item\":\"https:\\\/\\\/cvinoticias.com\\\/v3\\\/\"},{\"@type\":\"ListItem\",\"position\":2,\"name\":\"Tres muertos y dos heridos graves tras despistar en un autom\u00f3vil en San Pedro\"}]},{\"@type\":\"WebSite\",\"@id\":\"https:\\\/\\\/cvinoticias.com\\\/v3\\\/#website\",\"url\":\"https:\\\/\\\/cvinoticias.com\\\/v3\\\/\",\"name\":\"CVI NOTICIAS\",\"description\":\"\",\"publisher\":{\"@id\":\"https:\\\/\\\/cvinoticias.com\\\/v3\\\/#organization\"},\"alternateName\":\"CVI\",\"potentialAction\":[{\"@type\":\"SearchAction\",\"target\":{\"@type\":\"EntryPoint\",\"urlTemplate\":\"https:\\\/\\\/cvinoticias.com\\\/v3\\\/?s={search_term_string}\"},\"query-input\":{\"@type\":\"PropertyValueSpecification\",\"valueRequired\":true,\"valueName\":\"search_term_string\"}}],\"inLanguage\":\"es\"},{\"@type\":\"Organization\",\"@id\":\"https:\\\/\\\/cvinoticias.com\\\/v3\\\/#organization\",\"name\":\"CVI NOTICIAS\",\"url\":\"https:\\\/\\\/cvinoticias.com\\\/v3\\\/\",\"logo\":{\"@type\":\"ImageObject\",\"inLanguage\":\"es\",\"@id\":\"https:\\\/\\\/cvinoticias.com\\\/v3\\\/#\\\/schema\\\/logo\\\/image\\\/\",\"url\":\"https:\\\/\\\/cvinoticias.com\\\/wp-content\\\/uploads\\\/2023\\\/04\\\/cropped-cropped-cropped-cropped-cropped-3-1.png\",\"contentUrl\":\"https:\\\/\\\/cvinoticias.com\\\/wp-content\\\/uploads\\\/2023\\\/04\\\/cropped-cropped-cropped-cropped-cropped-3-1.png\",\"width\":95,\"height\":122,\"caption\":\"CVI NOTICIAS\"},\"image\":{\"@id\":\"https:\\\/\\\/cvinoticias.com\\\/v3\\\/#\\\/schema\\\/logo\\\/image\\\/\"},\"sameAs\":[\"https:\\\/\\\/www.facebook.com\\\/cvinoticias\",\"https:\\\/\\\/www.instagram.com\\\/cvinoticias\\\/\",\"https:\\\/\\\/www.youtube.com\\\/@CVINOTICIAS\"]},{\"@type\":\"Person\",\"@id\":\"https:\\\/\\\/cvinoticias.com\\\/v3\\\/#\\\/schema\\\/person\\\/2db77e3c6bc03c538495d7b2b8be9b66\",\"name\":\"f1000024\",\"image\":{\"@type\":\"ImageObject\",\"inLanguage\":\"es\",\"@id\":\"https:\\\/\\\/secure.gravatar.com\\\/avatar\\\/d4fe7459cfc51ff5129ce1a732bbef5928568b8092d412ef95611616376bbeed?s=96&d=mm&r=g\",\"url\":\"https:\\\/\\\/secure.gravatar.com\\\/avatar\\\/d4fe7459cfc51ff5129ce1a732bbef5928568b8092d412ef95611616376bbeed?s=96&d=mm&r=g\",\"contentUrl\":\"https:\\\/\\\/secure.gravatar.com\\\/avatar\\\/d4fe7459cfc51ff5129ce1a732bbef5928568b8092d412ef95611616376bbeed?s=96&d=mm&r=g\",\"caption\":\"f1000024\"},\"url\":\"https:\\\/\\\/cvinoticias.com\\\/v3\\\/author\\\/f1000024\\\/\"}]}<\/script>\n<!-- \/ Yoast SEO plugin. -->","yoast_head_json":{"title":"Tres muertos y dos heridos graves tras despistar en un autom\u00f3vil en San Pedro | CVI NOTICIAS","robots":{"index":"index","follow":"follow","max-snippet":"max-snippet:-1","max-image-preview":"max-image-preview:large","max-video-preview":"max-video-preview:-1"},"canonical":"https:\/\/cvinoticias.com\/v3\/tres-muertos-y-dos-heridos-graves-tras-despistar-en-un-automovil-en-san-pedro\/","og_locale":"es_ES","og_type":"article","og_title":"Tres muertos y dos heridos graves tras despistar en un autom\u00f3vil en San Pedro | CVI NOTICIAS","og_description":"El siniestro vial se registr\u00f3 esta ma\u00f1ana, aproximadamente a las 5:30 horas, en la intersecci\u00f3n de las Rutas Nacional 14 y Provincial 20. Una vez en el lugar, la Polic\u00eda constat\u00f3 que un autom\u00f3vil Chevrolet Corsa conducido por Leandro Escobar de 27, quien iba acompa\u00f1ado de Junior Fassa de 25, Romina Rollin de 24, Yonatan [&hellip;]","og_url":"https:\/\/cvinoticias.com\/v3\/tres-muertos-y-dos-heridos-graves-tras-despistar-en-un-automovil-en-san-pedro\/","og_site_name":"CVI NOTICIAS","article_publisher":"https:\/\/www.facebook.com\/cvinoticias","article_published_time":"2021-02-28T16:47:24+00:00","og_image":[{"width":909,"height":659,"url":"https:\/\/cvinoticias.com\/wp-content\/uploads\/2021\/02\/IMG-20210228-WA0037.jpg","type":"image\/jpeg"}],"author":"f1000024","twitter_card":"summary_large_image","twitter_misc":{"Escrito por":"f1000024","Tiempo de lectura":"1 minuto"},"schema":{"@context":"https:\/\/schema.org","@graph":[{"@type":"Article","@id":"https:\/\/cvinoticias.com\/v3\/tres-muertos-y-dos-heridos-graves-tras-despistar-en-un-automovil-en-san-pedro\/#article","isPartOf":{"@id":"https:\/\/cvinoticias.com\/v3\/tres-muertos-y-dos-heridos-graves-tras-despistar-en-un-automovil-en-san-pedro\/"},"author":{"name":"f1000024","@id":"https:\/\/cvinoticias.com\/v3\/#\/schema\/person\/2db77e3c6bc03c538495d7b2b8be9b66"},"headline":"Tres muertos y dos heridos graves tras despistar en un autom\u00f3vil en San Pedro","datePublished":"2021-02-28T16:47:24+00:00","mainEntityOfPage":{"@id":"https:\/\/cvinoticias.com\/v3\/tres-muertos-y-dos-heridos-graves-tras-despistar-en-un-automovil-en-san-pedro\/"},"wordCount":199,"commentCount":0,"publisher":{"@id":"https:\/\/cvinoticias.com\/v3\/#organization"},"image":{"@id":"https:\/\/cvinoticias.com\/v3\/tres-muertos-y-dos-heridos-graves-tras-despistar-en-un-automovil-en-san-pedro\/#primaryimage"},"thumbnailUrl":"https:\/\/cvinoticias.com\/wp-content\/uploads\/2021\/02\/IMG-20210228-WA0037.jpg","articleSection":["Policiales"],"inLanguage":"es","potentialAction":[{"@type":"CommentAction","name":"Comment","target":["https:\/\/cvinoticias.com\/v3\/tres-muertos-y-dos-heridos-graves-tras-despistar-en-un-automovil-en-san-pedro\/#respond"]}]},{"@type":"WebPage","@id":"https:\/\/cvinoticias.com\/v3\/tres-muertos-y-dos-heridos-graves-tras-despistar-en-un-automovil-en-san-pedro\/","url":"https:\/\/cvinoticias.com\/v3\/tres-muertos-y-dos-heridos-graves-tras-despistar-en-un-automovil-en-san-pedro\/","name":"Tres muertos y dos heridos graves tras despistar en un autom\u00f3vil en San Pedro | CVI NOTICIAS","isPartOf":{"@id":"https:\/\/cvinoticias.com\/v3\/#website"},"primaryImageOfPage":{"@id":"https:\/\/cvinoticias.com\/v3\/tres-muertos-y-dos-heridos-graves-tras-despistar-en-un-automovil-en-san-pedro\/#primaryimage"},"image":{"@id":"https:\/\/cvinoticias.com\/v3\/tres-muertos-y-dos-heridos-graves-tras-despistar-en-un-automovil-en-san-pedro\/#primaryimage"},"thumbnailUrl":"https:\/\/cvinoticias.com\/wp-content\/uploads\/2021\/02\/IMG-20210228-WA0037.jpg","datePublished":"2021-02-28T16:47:24+00:00","breadcrumb":{"@id":"https:\/\/cvinoticias.com\/v3\/tres-muertos-y-dos-heridos-graves-tras-despistar-en-un-automovil-en-san-pedro\/#breadcrumb"},"inLanguage":"es","potentialAction":[{"@type":"ReadAction","target":["https:\/\/cvinoticias.com\/v3\/tres-muertos-y-dos-heridos-graves-tras-despistar-en-un-automovil-en-san-pedro\/"]}]},{"@type":"ImageObject","inLanguage":"es","@id":"https:\/\/cvinoticias.com\/v3\/tres-muertos-y-dos-heridos-graves-tras-despistar-en-un-automovil-en-san-pedro\/#primaryimage","url":"https:\/\/cvinoticias.com\/wp-content\/uploads\/2021\/02\/IMG-20210228-WA0037.jpg","contentUrl":"https:\/\/cvinoticias.com\/wp-content\/uploads\/2021\/02\/IMG-20210228-WA0037.jpg","width":909,"height":659},{"@type":"BreadcrumbList","@id":"https:\/\/cvinoticias.com\/v3\/tres-muertos-y-dos-heridos-graves-tras-despistar-en-un-automovil-en-san-pedro\/#breadcrumb","itemListElement":[{"@type":"ListItem","position":1,"name":"Portada","item":"https:\/\/cvinoticias.com\/v3\/"},{"@type":"ListItem","position":2,"name":"Tres muertos y dos heridos graves tras despistar en un autom\u00f3vil en San Pedro"}]},{"@type":"WebSite","@id":"https:\/\/cvinoticias.com\/v3\/#website","url":"https:\/\/cvinoticias.com\/v3\/","name":"CVI NOTICIAS","description":"","publisher":{"@id":"https:\/\/cvinoticias.com\/v3\/#organization"},"alternateName":"CVI","potentialAction":[{"@type":"SearchAction","target":{"@type":"EntryPoint","urlTemplate":"https:\/\/cvinoticias.com\/v3\/?s={search_term_string}"},"query-input":{"@type":"PropertyValueSpecification","valueRequired":true,"valueName":"search_term_string"}}],"inLanguage":"es"},{"@type":"Organization","@id":"https:\/\/cvinoticias.com\/v3\/#organization","name":"CVI NOTICIAS","url":"https:\/\/cvinoticias.com\/v3\/","logo":{"@type":"ImageObject","inLanguage":"es","@id":"https:\/\/cvinoticias.com\/v3\/#\/schema\/logo\/image\/","url":"https:\/\/cvinoticias.com\/wp-content\/uploads\/2023\/04\/cropped-cropped-cropped-cropped-cropped-3-1.png","contentUrl":"https:\/\/cvinoticias.com\/wp-content\/uploads\/2023\/04\/cropped-cropped-cropped-cropped-cropped-3-1.png","width":95,"height":122,"caption":"CVI NOTICIAS"},"image":{"@id":"https:\/\/cvinoticias.com\/v3\/#\/schema\/logo\/image\/"},"sameAs":["https:\/\/www.facebook.com\/cvinoticias","https:\/\/www.instagram.com\/cvinoticias\/","https:\/\/www.youtube.com\/@CVINOTICIAS"]},{"@type":"Person","@id":"https:\/\/cvinoticias.com\/v3\/#\/schema\/person\/2db77e3c6bc03c538495d7b2b8be9b66","name":"f1000024","image":{"@type":"ImageObject","inLanguage":"es","@id":"https:\/\/secure.gravatar.com\/avatar\/d4fe7459cfc51ff5129ce1a732bbef5928568b8092d412ef95611616376bbeed?s=96&d=mm&r=g","url":"https:\/\/secure.gravatar.com\/avatar\/d4fe7459cfc51ff5129ce1a732bbef5928568b8092d412ef95611616376bbeed?s=96&d=mm&r=g","contentUrl":"https:\/\/secure.gravatar.com\/avatar\/d4fe7459cfc51ff5129ce1a732bbef5928568b8092d412ef95611616376bbeed?s=96&d=mm&r=g","caption":"f1000024"},"url":"https:\/\/cvinoticias.com\/v3\/author\/f1000024\/"}]}},"_links":{"self":[{"href":"https:\/\/cvinoticias.com\/v3\/wp-json\/wp\/v2\/posts\/3038","targetHints":{"allow":["GET"]}}],"collection":[{"href":"https:\/\/cvinoticias.com\/v3\/wp-json\/wp\/v2\/posts"}],"about":[{"href":"https:\/\/cvinoticias.com\/v3\/wp-json\/wp\/v2\/types\/post"}],"author":[{"embeddable":true,"href":"https:\/\/cvinoticias.com\/v3\/wp-json\/wp\/v2\/users\/2"}],"replies":[{"embeddable":true,"href":"https:\/\/cvinoticias.com\/v3\/wp-json\/wp\/v2\/comments?post=3038"}],"version-history":[{"count":1,"href":"https:\/\/cvinoticias.com\/v3\/wp-json\/wp\/v2\/posts\/3038\/revisions"}],"predecessor-version":[{"id":3040,"href":"https:\/\/cvinoticias.com\/v3\/wp-json\/wp\/v2\/posts\/3038\/revisions\/3040"}],"wp:featuredmedia":[{"embeddable":true,"href":"https:\/\/cvinoticias.com\/v3\/wp-json\/wp\/v2\/media\/3039"}],"wp:attachment":[{"href":"https:\/\/cvinoticias.com\/v3\/wp-json\/wp\/v2\/media?parent=3038"}],"wp:term":[{"taxonomy":"category","embeddable":true,"href":"https:\/\/cvinoticias.com\/v3\/wp-json\/wp\/v2\/categories?post=3038"},{"taxonomy":"post_tag","embeddable":true,"href":"https:\/\/cvinoticias.com\/v3\/wp-json\/wp\/v2\/tags?post=3038"}],"curies":[{"name":"wp","href":"https:\/\/api.w.org\/{rel}","templated":true}]}}