{"id":30378,"date":"2023-11-27T18:03:39","date_gmt":"2023-11-27T21:03:39","guid":{"rendered":"https:\/\/cvinoticias.com\/v3\/?p=30378"},"modified":"2023-11-27T18:03:39","modified_gmt":"2023-11-27T21:03:39","slug":"gaza-se-llego-a-un-acuerdo-y-la-tregua-se-extendera-por-dos-dias","status":"publish","type":"post","link":"https:\/\/cvinoticias.com\/v3\/gaza-se-llego-a-un-acuerdo-y-la-tregua-se-extendera-por-dos-dias\/","title":{"rendered":"Gaza: se lleg\u00f3 a un acuerdo y la tregua se extender\u00e1 por dos d\u00edas"},"content":{"rendered":"\n<p>Qatar asegura que se pudo llegar a un trato entre Israel y Ham\u00e1s para prolongar la pausa en la sangrienta guerra.<\/p>\n\n\n\n<p>El mediador Qatar dijo el lunes que se hab\u00eda llegado a un acuerdo para extender por dos d\u00edas la tregua entre las fuerzas israel\u00edes y el grupo militante Ham\u00e1s en Gaza, continuando una pausa a una guerra de casi dos meses que ha matado a miles de personas y arrasado el enclave palestino.<\/p>\n\n\n\n<p>\u00abSe ha alcanzado un acuerdo para extender la tregua humanitaria por dos d\u00edas m\u00e1s en la Franja de Gaza\u00bb, dijo un portavoz del Ministerio de Relaciones Exteriores en una publicaci\u00f3n en la red social X.<\/p>\n\n\n\n<p>Ham\u00e1s tambi\u00e9n dijo que hab\u00eda acordado una extensi\u00f3n de dos d\u00edas de la tregua con Qatar y Egipto, quienes han estado facilitando negociaciones indirectas entre las dos partes. No hubo comentarios inmediatos de Israel.<\/p>\n\n\n\n<p>\u00abSe ha llegado a un acuerdo con los hermanos de Qatar y Egipto para prorrogar la tregua humanitaria temporal dos d\u00edas m\u00e1s, con las mismas condiciones que en la tregua anterior\u00bb, dijo un responsable de Ham\u00e1s en una llamada telef\u00f3nica con Reuters.<\/p>\n\n\n\n<p>Antes de las declaraciones, el jefe del Servicio de Informaci\u00f3n Estatal de Egipto, Diaa Rashwan, hab\u00eda dicho que un acuerdo de extensi\u00f3n estaba cerca e incluir\u00eda la liberaci\u00f3n de 20 rehenes israel\u00edes entre los capturados por Hamas durante su ataque del 7 de octubre al sur de Israel.<\/p>\n\n\n\n<p>A cambio, 60 prisioneros palestinos retenidos en c\u00e1rceles israel\u00edes ser\u00edan liberados, dijo.<\/p>\n\n\n\n<p>La tregua inicial deb\u00eda finalizar el lunes por la noche. <\/p>\n\n\n\n<p>Dado que se espera la liberaci\u00f3n de 11 rehenes israel\u00edes el lunes, contin\u00faan las negociaciones para la liberaci\u00f3n de 33 palestinos, a\u00f1adi\u00f3 Rashwan.<\/p>\n\n\n\n<p>La tregua de cuatro d\u00edas acordada la semana pasada es la primera interrupci\u00f3n de los combates en las siete semanas transcurridas desde que Ham\u00e1s mat\u00f3 a 1.200 personas y se llev\u00f3 a Gaza a unos 240 rehenes.<\/p>\n\n\n\n<p>En respuesta a ese ataque, Israel ha bombardeado el enclave y ha montado una ofensiva terrestre en el norte. Unos 14.800 palestinos han muerto, seg\u00fan las autoridades sanitarias de Gaza, y cientos de miles han sido desplazados.<\/p>\n\n\n\n<p>Amplias zonas del enclave gobernado por Ham\u00e1s han sido arrasadas por ataques a\u00e9reos y bombardeos de artiller\u00eda israel\u00edes, y se ha desarrollado una crisis humanitaria por la escasez de suministros de alimentos, combustible, agua potable y medicinas.<\/p>\n\n\n\n<p><strong>El domingo, Ham\u00e1s liber\u00f3 a 17 personas, incluida una ni\u00f1a israel\u00ed-estadounidense de cuatro a\u00f1os, elevando a 58 el n\u00famero total que el grupo militante ha liberado desde el viernes<\/strong>, incluidos extranjeros. Israel puso en libertad a 39 prisioneros palestinos adolescentes el domingo, elevando el n\u00famero total de liberados bajo la tregua a 117.<\/p>\n\n\n\n<p><\/p>\n\n\n\n<p><\/p>\n","protected":false},"excerpt":{"rendered":"<p>Qatar asegura que se pudo llegar a un trato entre Israel y Ham\u00e1s para prolongar la pausa en la sangrienta guerra. El mediador Qatar dijo el lunes que se hab\u00eda llegado a un acuerdo para extender por dos d\u00edas la tregua entre las fuerzas israel\u00edes y el grupo militante Ham\u00e1s en Gaza, continuando una pausa [&hellip;]<\/p>\n","protected":false},"author":2,"featured_media":30379,"comment_status":"open","ping_status":"open","sticky":false,"template":"","format":"standard","meta":{"footnotes":""},"categories":[36],"tags":[],"class_list":["post-30378","post","type-post","status-publish","format-standard","has-post-thumbnail","hentry","category-internacionales"],"yoast_head":"<!-- This site is optimized with the Yoast SEO plugin v27.5 - https:\/\/yoast.com\/product\/yoast-seo-wordpress\/ -->\n<title>Gaza: se lleg\u00f3 a un acuerdo y la tregua se extender\u00e1 por dos d\u00edas | CVI NOTICIAS<\/title>\n<meta name=\"robots\" content=\"index, follow, max-snippet:-1, max-image-preview:large, max-video-preview:-1\" \/>\n<link rel=\"canonical\" href=\"https:\/\/cvinoticias.com\/v3\/gaza-se-llego-a-un-acuerdo-y-la-tregua-se-extendera-por-dos-dias\/\" \/>\n<meta property=\"og:locale\" content=\"es_ES\" \/>\n<meta property=\"og:type\" content=\"article\" \/>\n<meta property=\"og:title\" content=\"Gaza: se lleg\u00f3 a un acuerdo y la tregua se extender\u00e1 por dos d\u00edas | CVI NOTICIAS\" \/>\n<meta property=\"og:description\" content=\"Qatar asegura que se pudo llegar a un trato entre Israel y Ham\u00e1s para prolongar la pausa en la sangrienta guerra. El mediador Qatar dijo el lunes que se hab\u00eda llegado a un acuerdo para extender por dos d\u00edas la tregua entre las fuerzas israel\u00edes y el grupo militante Ham\u00e1s en Gaza, continuando una pausa [&hellip;]\" \/>\n<meta property=\"og:url\" content=\"https:\/\/cvinoticias.com\/v3\/gaza-se-llego-a-un-acuerdo-y-la-tregua-se-extendera-por-dos-dias\/\" \/>\n<meta property=\"og:site_name\" content=\"CVI NOTICIAS\" \/>\n<meta property=\"article:publisher\" content=\"https:\/\/www.facebook.com\/cvinoticias\" \/>\n<meta property=\"article:published_time\" content=\"2023-11-27T21:03:39+00:00\" \/>\n<meta property=\"og:image\" content=\"https:\/\/cvinoticias.com\/wp-content\/uploads\/2023\/11\/758db6bfd6a534b1afb1de8be6a69211_M.jpg\" \/>\n\t<meta property=\"og:image:width\" content=\"768\" \/>\n\t<meta property=\"og:image:height\" content=\"512\" \/>\n\t<meta property=\"og:image:type\" content=\"image\/jpeg\" \/>\n<meta name=\"author\" content=\"f1000024\" \/>\n<meta name=\"twitter:card\" content=\"summary_large_image\" \/>\n<meta name=\"twitter:label1\" content=\"Escrito por\" \/>\n\t<meta name=\"twitter:data1\" content=\"f1000024\" \/>\n\t<meta name=\"twitter:label2\" content=\"Tiempo de lectura\" \/>\n\t<meta name=\"twitter:data2\" content=\"2 minutos\" \/>\n<script type=\"application\/ld+json\" class=\"yoast-schema-graph\">{\"@context\":\"https:\\\/\\\/schema.org\",\"@graph\":[{\"@type\":\"Article\",\"@id\":\"https:\\\/\\\/cvinoticias.com\\\/v3\\\/gaza-se-llego-a-un-acuerdo-y-la-tregua-se-extendera-por-dos-dias\\\/#article\",\"isPartOf\":{\"@id\":\"https:\\\/\\\/cvinoticias.com\\\/v3\\\/gaza-se-llego-a-un-acuerdo-y-la-tregua-se-extendera-por-dos-dias\\\/\"},\"author\":{\"name\":\"f1000024\",\"@id\":\"https:\\\/\\\/cvinoticias.com\\\/v3\\\/#\\\/schema\\\/person\\\/2db77e3c6bc03c538495d7b2b8be9b66\"},\"headline\":\"Gaza: se lleg\u00f3 a un acuerdo y la tregua se extender\u00e1 por dos d\u00edas\",\"datePublished\":\"2023-11-27T21:03:39+00:00\",\"mainEntityOfPage\":{\"@id\":\"https:\\\/\\\/cvinoticias.com\\\/v3\\\/gaza-se-llego-a-un-acuerdo-y-la-tregua-se-extendera-por-dos-dias\\\/\"},\"wordCount\":491,\"commentCount\":0,\"publisher\":{\"@id\":\"https:\\\/\\\/cvinoticias.com\\\/v3\\\/#organization\"},\"image\":{\"@id\":\"https:\\\/\\\/cvinoticias.com\\\/v3\\\/gaza-se-llego-a-un-acuerdo-y-la-tregua-se-extendera-por-dos-dias\\\/#primaryimage\"},\"thumbnailUrl\":\"https:\\\/\\\/cvinoticias.com\\\/wp-content\\\/uploads\\\/2023\\\/11\\\/758db6bfd6a534b1afb1de8be6a69211_M.jpg\",\"articleSection\":[\"Internacionales\"],\"inLanguage\":\"es\",\"potentialAction\":[{\"@type\":\"CommentAction\",\"name\":\"Comment\",\"target\":[\"https:\\\/\\\/cvinoticias.com\\\/v3\\\/gaza-se-llego-a-un-acuerdo-y-la-tregua-se-extendera-por-dos-dias\\\/#respond\"]}]},{\"@type\":\"WebPage\",\"@id\":\"https:\\\/\\\/cvinoticias.com\\\/v3\\\/gaza-se-llego-a-un-acuerdo-y-la-tregua-se-extendera-por-dos-dias\\\/\",\"url\":\"https:\\\/\\\/cvinoticias.com\\\/v3\\\/gaza-se-llego-a-un-acuerdo-y-la-tregua-se-extendera-por-dos-dias\\\/\",\"name\":\"Gaza: se lleg\u00f3 a un acuerdo y la tregua se extender\u00e1 por dos d\u00edas | CVI NOTICIAS\",\"isPartOf\":{\"@id\":\"https:\\\/\\\/cvinoticias.com\\\/v3\\\/#website\"},\"primaryImageOfPage\":{\"@id\":\"https:\\\/\\\/cvinoticias.com\\\/v3\\\/gaza-se-llego-a-un-acuerdo-y-la-tregua-se-extendera-por-dos-dias\\\/#primaryimage\"},\"image\":{\"@id\":\"https:\\\/\\\/cvinoticias.com\\\/v3\\\/gaza-se-llego-a-un-acuerdo-y-la-tregua-se-extendera-por-dos-dias\\\/#primaryimage\"},\"thumbnailUrl\":\"https:\\\/\\\/cvinoticias.com\\\/wp-content\\\/uploads\\\/2023\\\/11\\\/758db6bfd6a534b1afb1de8be6a69211_M.jpg\",\"datePublished\":\"2023-11-27T21:03:39+00:00\",\"breadcrumb\":{\"@id\":\"https:\\\/\\\/cvinoticias.com\\\/v3\\\/gaza-se-llego-a-un-acuerdo-y-la-tregua-se-extendera-por-dos-dias\\\/#breadcrumb\"},\"inLanguage\":\"es\",\"potentialAction\":[{\"@type\":\"ReadAction\",\"target\":[\"https:\\\/\\\/cvinoticias.com\\\/v3\\\/gaza-se-llego-a-un-acuerdo-y-la-tregua-se-extendera-por-dos-dias\\\/\"]}]},{\"@type\":\"ImageObject\",\"inLanguage\":\"es\",\"@id\":\"https:\\\/\\\/cvinoticias.com\\\/v3\\\/gaza-se-llego-a-un-acuerdo-y-la-tregua-se-extendera-por-dos-dias\\\/#primaryimage\",\"url\":\"https:\\\/\\\/cvinoticias.com\\\/wp-content\\\/uploads\\\/2023\\\/11\\\/758db6bfd6a534b1afb1de8be6a69211_M.jpg\",\"contentUrl\":\"https:\\\/\\\/cvinoticias.com\\\/wp-content\\\/uploads\\\/2023\\\/11\\\/758db6bfd6a534b1afb1de8be6a69211_M.jpg\",\"width\":768,\"height\":512},{\"@type\":\"BreadcrumbList\",\"@id\":\"https:\\\/\\\/cvinoticias.com\\\/v3\\\/gaza-se-llego-a-un-acuerdo-y-la-tregua-se-extendera-por-dos-dias\\\/#breadcrumb\",\"itemListElement\":[{\"@type\":\"ListItem\",\"position\":1,\"name\":\"Portada\",\"item\":\"https:\\\/\\\/cvinoticias.com\\\/v3\\\/\"},{\"@type\":\"ListItem\",\"position\":2,\"name\":\"Gaza: se lleg\u00f3 a un acuerdo y la tregua se extender\u00e1 por dos d\u00edas\"}]},{\"@type\":\"WebSite\",\"@id\":\"https:\\\/\\\/cvinoticias.com\\\/v3\\\/#website\",\"url\":\"https:\\\/\\\/cvinoticias.com\\\/v3\\\/\",\"name\":\"CVI NOTICIAS\",\"description\":\"\",\"publisher\":{\"@id\":\"https:\\\/\\\/cvinoticias.com\\\/v3\\\/#organization\"},\"alternateName\":\"CVI\",\"potentialAction\":[{\"@type\":\"SearchAction\",\"target\":{\"@type\":\"EntryPoint\",\"urlTemplate\":\"https:\\\/\\\/cvinoticias.com\\\/v3\\\/?s={search_term_string}\"},\"query-input\":{\"@type\":\"PropertyValueSpecification\",\"valueRequired\":true,\"valueName\":\"search_term_string\"}}],\"inLanguage\":\"es\"},{\"@type\":\"Organization\",\"@id\":\"https:\\\/\\\/cvinoticias.com\\\/v3\\\/#organization\",\"name\":\"CVI NOTICIAS\",\"url\":\"https:\\\/\\\/cvinoticias.com\\\/v3\\\/\",\"logo\":{\"@type\":\"ImageObject\",\"inLanguage\":\"es\",\"@id\":\"https:\\\/\\\/cvinoticias.com\\\/v3\\\/#\\\/schema\\\/logo\\\/image\\\/\",\"url\":\"https:\\\/\\\/cvinoticias.com\\\/wp-content\\\/uploads\\\/2023\\\/04\\\/cropped-cropped-cropped-cropped-cropped-3-1.png\",\"contentUrl\":\"https:\\\/\\\/cvinoticias.com\\\/wp-content\\\/uploads\\\/2023\\\/04\\\/cropped-cropped-cropped-cropped-cropped-3-1.png\",\"width\":95,\"height\":122,\"caption\":\"CVI NOTICIAS\"},\"image\":{\"@id\":\"https:\\\/\\\/cvinoticias.com\\\/v3\\\/#\\\/schema\\\/logo\\\/image\\\/\"},\"sameAs\":[\"https:\\\/\\\/www.facebook.com\\\/cvinoticias\",\"https:\\\/\\\/www.instagram.com\\\/cvinoticias\\\/\",\"https:\\\/\\\/www.youtube.com\\\/@CVINOTICIAS\"]},{\"@type\":\"Person\",\"@id\":\"https:\\\/\\\/cvinoticias.com\\\/v3\\\/#\\\/schema\\\/person\\\/2db77e3c6bc03c538495d7b2b8be9b66\",\"name\":\"f1000024\",\"image\":{\"@type\":\"ImageObject\",\"inLanguage\":\"es\",\"@id\":\"https:\\\/\\\/secure.gravatar.com\\\/avatar\\\/d4fe7459cfc51ff5129ce1a732bbef5928568b8092d412ef95611616376bbeed?s=96&d=mm&r=g\",\"url\":\"https:\\\/\\\/secure.gravatar.com\\\/avatar\\\/d4fe7459cfc51ff5129ce1a732bbef5928568b8092d412ef95611616376bbeed?s=96&d=mm&r=g\",\"contentUrl\":\"https:\\\/\\\/secure.gravatar.com\\\/avatar\\\/d4fe7459cfc51ff5129ce1a732bbef5928568b8092d412ef95611616376bbeed?s=96&d=mm&r=g\",\"caption\":\"f1000024\"},\"url\":\"https:\\\/\\\/cvinoticias.com\\\/v3\\\/author\\\/f1000024\\\/\"}]}<\/script>\n<!-- \/ Yoast SEO plugin. -->","yoast_head_json":{"title":"Gaza: se lleg\u00f3 a un acuerdo y la tregua se extender\u00e1 por dos d\u00edas | CVI NOTICIAS","robots":{"index":"index","follow":"follow","max-snippet":"max-snippet:-1","max-image-preview":"max-image-preview:large","max-video-preview":"max-video-preview:-1"},"canonical":"https:\/\/cvinoticias.com\/v3\/gaza-se-llego-a-un-acuerdo-y-la-tregua-se-extendera-por-dos-dias\/","og_locale":"es_ES","og_type":"article","og_title":"Gaza: se lleg\u00f3 a un acuerdo y la tregua se extender\u00e1 por dos d\u00edas | CVI NOTICIAS","og_description":"Qatar asegura que se pudo llegar a un trato entre Israel y Ham\u00e1s para prolongar la pausa en la sangrienta guerra. El mediador Qatar dijo el lunes que se hab\u00eda llegado a un acuerdo para extender por dos d\u00edas la tregua entre las fuerzas israel\u00edes y el grupo militante Ham\u00e1s en Gaza, continuando una pausa [&hellip;]","og_url":"https:\/\/cvinoticias.com\/v3\/gaza-se-llego-a-un-acuerdo-y-la-tregua-se-extendera-por-dos-dias\/","og_site_name":"CVI NOTICIAS","article_publisher":"https:\/\/www.facebook.com\/cvinoticias","article_published_time":"2023-11-27T21:03:39+00:00","og_image":[{"width":768,"height":512,"url":"https:\/\/cvinoticias.com\/wp-content\/uploads\/2023\/11\/758db6bfd6a534b1afb1de8be6a69211_M.jpg","type":"image\/jpeg"}],"author":"f1000024","twitter_card":"summary_large_image","twitter_misc":{"Escrito por":"f1000024","Tiempo de lectura":"2 minutos"},"schema":{"@context":"https:\/\/schema.org","@graph":[{"@type":"Article","@id":"https:\/\/cvinoticias.com\/v3\/gaza-se-llego-a-un-acuerdo-y-la-tregua-se-extendera-por-dos-dias\/#article","isPartOf":{"@id":"https:\/\/cvinoticias.com\/v3\/gaza-se-llego-a-un-acuerdo-y-la-tregua-se-extendera-por-dos-dias\/"},"author":{"name":"f1000024","@id":"https:\/\/cvinoticias.com\/v3\/#\/schema\/person\/2db77e3c6bc03c538495d7b2b8be9b66"},"headline":"Gaza: se lleg\u00f3 a un acuerdo y la tregua se extender\u00e1 por dos d\u00edas","datePublished":"2023-11-27T21:03:39+00:00","mainEntityOfPage":{"@id":"https:\/\/cvinoticias.com\/v3\/gaza-se-llego-a-un-acuerdo-y-la-tregua-se-extendera-por-dos-dias\/"},"wordCount":491,"commentCount":0,"publisher":{"@id":"https:\/\/cvinoticias.com\/v3\/#organization"},"image":{"@id":"https:\/\/cvinoticias.com\/v3\/gaza-se-llego-a-un-acuerdo-y-la-tregua-se-extendera-por-dos-dias\/#primaryimage"},"thumbnailUrl":"https:\/\/cvinoticias.com\/wp-content\/uploads\/2023\/11\/758db6bfd6a534b1afb1de8be6a69211_M.jpg","articleSection":["Internacionales"],"inLanguage":"es","potentialAction":[{"@type":"CommentAction","name":"Comment","target":["https:\/\/cvinoticias.com\/v3\/gaza-se-llego-a-un-acuerdo-y-la-tregua-se-extendera-por-dos-dias\/#respond"]}]},{"@type":"WebPage","@id":"https:\/\/cvinoticias.com\/v3\/gaza-se-llego-a-un-acuerdo-y-la-tregua-se-extendera-por-dos-dias\/","url":"https:\/\/cvinoticias.com\/v3\/gaza-se-llego-a-un-acuerdo-y-la-tregua-se-extendera-por-dos-dias\/","name":"Gaza: se lleg\u00f3 a un acuerdo y la tregua se extender\u00e1 por dos d\u00edas | CVI NOTICIAS","isPartOf":{"@id":"https:\/\/cvinoticias.com\/v3\/#website"},"primaryImageOfPage":{"@id":"https:\/\/cvinoticias.com\/v3\/gaza-se-llego-a-un-acuerdo-y-la-tregua-se-extendera-por-dos-dias\/#primaryimage"},"image":{"@id":"https:\/\/cvinoticias.com\/v3\/gaza-se-llego-a-un-acuerdo-y-la-tregua-se-extendera-por-dos-dias\/#primaryimage"},"thumbnailUrl":"https:\/\/cvinoticias.com\/wp-content\/uploads\/2023\/11\/758db6bfd6a534b1afb1de8be6a69211_M.jpg","datePublished":"2023-11-27T21:03:39+00:00","breadcrumb":{"@id":"https:\/\/cvinoticias.com\/v3\/gaza-se-llego-a-un-acuerdo-y-la-tregua-se-extendera-por-dos-dias\/#breadcrumb"},"inLanguage":"es","potentialAction":[{"@type":"ReadAction","target":["https:\/\/cvinoticias.com\/v3\/gaza-se-llego-a-un-acuerdo-y-la-tregua-se-extendera-por-dos-dias\/"]}]},{"@type":"ImageObject","inLanguage":"es","@id":"https:\/\/cvinoticias.com\/v3\/gaza-se-llego-a-un-acuerdo-y-la-tregua-se-extendera-por-dos-dias\/#primaryimage","url":"https:\/\/cvinoticias.com\/wp-content\/uploads\/2023\/11\/758db6bfd6a534b1afb1de8be6a69211_M.jpg","contentUrl":"https:\/\/cvinoticias.com\/wp-content\/uploads\/2023\/11\/758db6bfd6a534b1afb1de8be6a69211_M.jpg","width":768,"height":512},{"@type":"BreadcrumbList","@id":"https:\/\/cvinoticias.com\/v3\/gaza-se-llego-a-un-acuerdo-y-la-tregua-se-extendera-por-dos-dias\/#breadcrumb","itemListElement":[{"@type":"ListItem","position":1,"name":"Portada","item":"https:\/\/cvinoticias.com\/v3\/"},{"@type":"ListItem","position":2,"name":"Gaza: se lleg\u00f3 a un acuerdo y la tregua se extender\u00e1 por dos d\u00edas"}]},{"@type":"WebSite","@id":"https:\/\/cvinoticias.com\/v3\/#website","url":"https:\/\/cvinoticias.com\/v3\/","name":"CVI NOTICIAS","description":"","publisher":{"@id":"https:\/\/cvinoticias.com\/v3\/#organization"},"alternateName":"CVI","potentialAction":[{"@type":"SearchAction","target":{"@type":"EntryPoint","urlTemplate":"https:\/\/cvinoticias.com\/v3\/?s={search_term_string}"},"query-input":{"@type":"PropertyValueSpecification","valueRequired":true,"valueName":"search_term_string"}}],"inLanguage":"es"},{"@type":"Organization","@id":"https:\/\/cvinoticias.com\/v3\/#organization","name":"CVI NOTICIAS","url":"https:\/\/cvinoticias.com\/v3\/","logo":{"@type":"ImageObject","inLanguage":"es","@id":"https:\/\/cvinoticias.com\/v3\/#\/schema\/logo\/image\/","url":"https:\/\/cvinoticias.com\/wp-content\/uploads\/2023\/04\/cropped-cropped-cropped-cropped-cropped-3-1.png","contentUrl":"https:\/\/cvinoticias.com\/wp-content\/uploads\/2023\/04\/cropped-cropped-cropped-cropped-cropped-3-1.png","width":95,"height":122,"caption":"CVI NOTICIAS"},"image":{"@id":"https:\/\/cvinoticias.com\/v3\/#\/schema\/logo\/image\/"},"sameAs":["https:\/\/www.facebook.com\/cvinoticias","https:\/\/www.instagram.com\/cvinoticias\/","https:\/\/www.youtube.com\/@CVINOTICIAS"]},{"@type":"Person","@id":"https:\/\/cvinoticias.com\/v3\/#\/schema\/person\/2db77e3c6bc03c538495d7b2b8be9b66","name":"f1000024","image":{"@type":"ImageObject","inLanguage":"es","@id":"https:\/\/secure.gravatar.com\/avatar\/d4fe7459cfc51ff5129ce1a732bbef5928568b8092d412ef95611616376bbeed?s=96&d=mm&r=g","url":"https:\/\/secure.gravatar.com\/avatar\/d4fe7459cfc51ff5129ce1a732bbef5928568b8092d412ef95611616376bbeed?s=96&d=mm&r=g","contentUrl":"https:\/\/secure.gravatar.com\/avatar\/d4fe7459cfc51ff5129ce1a732bbef5928568b8092d412ef95611616376bbeed?s=96&d=mm&r=g","caption":"f1000024"},"url":"https:\/\/cvinoticias.com\/v3\/author\/f1000024\/"}]}},"_links":{"self":[{"href":"https:\/\/cvinoticias.com\/v3\/wp-json\/wp\/v2\/posts\/30378","targetHints":{"allow":["GET"]}}],"collection":[{"href":"https:\/\/cvinoticias.com\/v3\/wp-json\/wp\/v2\/posts"}],"about":[{"href":"https:\/\/cvinoticias.com\/v3\/wp-json\/wp\/v2\/types\/post"}],"author":[{"embeddable":true,"href":"https:\/\/cvinoticias.com\/v3\/wp-json\/wp\/v2\/users\/2"}],"replies":[{"embeddable":true,"href":"https:\/\/cvinoticias.com\/v3\/wp-json\/wp\/v2\/comments?post=30378"}],"version-history":[{"count":1,"href":"https:\/\/cvinoticias.com\/v3\/wp-json\/wp\/v2\/posts\/30378\/revisions"}],"predecessor-version":[{"id":30380,"href":"https:\/\/cvinoticias.com\/v3\/wp-json\/wp\/v2\/posts\/30378\/revisions\/30380"}],"wp:featuredmedia":[{"embeddable":true,"href":"https:\/\/cvinoticias.com\/v3\/wp-json\/wp\/v2\/media\/30379"}],"wp:attachment":[{"href":"https:\/\/cvinoticias.com\/v3\/wp-json\/wp\/v2\/media?parent=30378"}],"wp:term":[{"taxonomy":"category","embeddable":true,"href":"https:\/\/cvinoticias.com\/v3\/wp-json\/wp\/v2\/categories?post=30378"},{"taxonomy":"post_tag","embeddable":true,"href":"https:\/\/cvinoticias.com\/v3\/wp-json\/wp\/v2\/tags?post=30378"}],"curies":[{"name":"wp","href":"https:\/\/api.w.org\/{rel}","templated":true}]}}