{"id":30358,"date":"2023-11-27T09:32:36","date_gmt":"2023-11-27T12:32:36","guid":{"rendered":"https:\/\/cvinoticias.com\/v3\/?p=30358"},"modified":"2023-11-27T09:35:09","modified_gmt":"2023-11-27T12:35:09","slug":"velada-boxistica-en-el-polideportivo-fitti-kruse","status":"publish","type":"post","link":"https:\/\/cvinoticias.com\/v3\/velada-boxistica-en-el-polideportivo-fitti-kruse\/","title":{"rendered":"Velada box\u00edstica en el Polideportivo Fitti Kruse"},"content":{"rendered":"\n<p><strong><em>El Polideportivo Municipal Fitti Kruse, de la localidad de Wanda, fue el escenario de un excelente evento de boxeo, realizado por el equipo de la Escuela de Boxeo BOMBARDERO BOX.<\/em><\/strong><\/p>\n\n\n\n<p>La misma estuvo a cargo de los profesores Arnaldo GIMENEZ y Rafael RIVERO, con la Fiscalizaci\u00f3n de la Delegaci\u00f3n FAB Misiones, en esta oportunidad bajo la direcci\u00f3n de su secretario Javier MACIEL, en conjunto con la Comisi\u00f3n Municipal de San Pedro, en un festival box\u00edstico que conto con la presencia de un buen marco de p\u00fablico de la zona norte (Iguaz\u00fa, Libertad, Esperanza y los locales), con boxeadores de distintas localidades de la provincia.<\/p>\n\n\n\n<figure class=\"wp-block-image size-full\"><a href=\"https:\/\/cvinoticias.com\/wp-content\/uploads\/2023\/11\/IMG-20231127-WA0187.jpg\"><img decoding=\"async\" width=\"1024\" height=\"429\" data-src=\"https:\/\/cvinoticias.com\/wp-content\/uploads\/2023\/11\/IMG-20231127-WA0187.jpg\" alt=\"\" class=\"wp-image-30359 lazyload\" data-srcset=\"https:\/\/cvinoticias.com\/wp-content\/uploads\/2023\/11\/IMG-20231127-WA0187.jpg 1024w, https:\/\/cvinoticias.com\/wp-content\/uploads\/2023\/11\/IMG-20231127-WA0187-300x126.jpg 300w, https:\/\/cvinoticias.com\/wp-content\/uploads\/2023\/11\/IMG-20231127-WA0187-768x322.jpg 768w\" data-sizes=\"(max-width: 1024px) 100vw, 1024px\" src=\"data:image\/svg+xml;base64,PHN2ZyB3aWR0aD0iMSIgaGVpZ2h0PSIxIiB4bWxucz0iaHR0cDovL3d3dy53My5vcmcvMjAwMC9zdmciPjwvc3ZnPg==\" style=\"--smush-placeholder-width: 1024px; --smush-placeholder-aspect-ratio: 1024\/429;\" \/><\/a><\/figure>\n\n\n\n<p>El evento dio inicio cerca de las 21:30 hs., con la presentaci\u00f3n de todos los entrenadores presentes en el entarimado, con presencia del Intendente Andr\u00e9s CUPER, quien dio la bienvenida a todas las Delegaciones y al p\u00fablico presente, manifestando el orgullo y la satisfacci\u00f3n de la realizaci\u00f3n del cotejo deportivo tan importante, siendo esta la primer velada box\u00edstica realizada en la Capital de las piedras preciosas, dando las respectivas felicitaciones a los responsables de tal organizaci\u00f3n, e incentivando a que se contin\u00faen con este trabajo tan digno desde el lado del Boxeo para que ni\u00f1os, j\u00f3venes, adultos en fin la comunidad en general se involucren con este deporte, aprovechando que actualmente se nota que esta activa en la Provincia y que en esta oportunidad es la primera vez en Wanda, una vez finalizado con las palabras del Intendente, se continuo con la entonaci\u00f3n del Himno Nacional, concluyendo as\u00ed el acto inaugural.<\/p>\n\n\n\n<p>Ya en las contiendas, fueron varios combates, y exhibiciones, que fue un deleite para los presentes, donde varios locales de la Escuela BOMBARDERO BOX, se impusieron ante sus rivales, con la ovaci\u00f3n de su p\u00fablico en todo momento, Alejandro \u201cEl Picante\u201d GIMENEZ (Wanda) venci\u00f3 por puntos a Bruno COCERES (Iguaz\u00fa). Edras \u201dEl Picante\u201d RIVERO (Wanda) venci\u00f3 por puntos a Javier ARRIOLA (Eldorado).<\/p>\n\n\n\n<p>Uriel \u201cLa Bestia\u201c ORTIZ (Wanda) realizo una excelente exhibici\u00f3n con contra el Puma FLORES (Campo Ram\u00f3n). Nestor \u201cEl Terrible\u201d RIVERO (Wanda) venci\u00f3 por puntos a Ram\u00f3n FERNANDEZ (Obera); Lisandro RIVERO (Wanda) en su debut venci\u00f3 por puntos a Ferm\u00edn FLORENTIN (Eldorado), las chicas tambi\u00e9n se dieron el gusto de realizar una exhibici\u00f3n entre Marisa FLORES (Obera) con Agustina RAMIREZ (Campo Ram\u00f3n)<\/p>\n\n\n\n<p><br>En otras contiendas en peso hasta 91kg Enrique VILLALBA del Wukong Team (Iguaz\u00fa) se impuso ante el Obere\u00f1o Eduardo CARBALLO, venciendo por RSC en el 1er round.; por su parte M\u00e1ximo L\u00d3PEZ del Centro Empleados Box en categor\u00eda cadetes se enfrento al local Hugo \u201cEl Torito\u201d ESPINOLA, en una pelea muy re\u00f1ida y pareja durante casi todo el combate, pero en el 3er round, tras una seguidilla de golpes del Iguazuense a la humanidad de Esp\u00ednola, el \u00e1rbitro decidi\u00f3 parar la pelea y decretar vencedor al de Iguaz\u00fa por RSC (Referee Suspende el Combate).<\/p>\n\n\n\n<p>En la pelea principal de la noche, del Centro Empleados BOX de Iguaz\u00fa Dylan DENIS, se enfrento al p\u00fagil de Garup\u00e1 Fernando CABRERA, en una pelea bastante disputada, con un Cabrera que tomaba la iniciativa pero con un poco de desorden, asimismo no cesaba en los ataques ante un Denis, que en principio acuso recibir un golpe en la zona baja, obligando a parar al \u00e1rbitro para su recuperaci\u00f3n, luego la pelea fue tomando color para el de iguazu, que ya en el transcurrir de los rounds, trataba de controlar los ataques de su rival, en el cual en unos golpes certero en el 2do. Round, logro que el arbitro hiciera la cuenta de protecci\u00f3n al de Garupa, quien pudo retomar y finalizar la contienda un poco extenuado, pero en el 3er round, segundos antes de salir el \u00e1rbitro observo cierta actitud de duda del p\u00fagil de garupa, decretando enseguida la suspensi\u00f3n del Combate ya que el mismo, aparentemente no se encontraba integro para continuar, resultando victoria por RSC (Referee Suspende Combate) para el boxeador de Iguaz\u00fa.<\/p>\n\n\n\n<p>De esta manera fue un viernes at\u00edpico para la localidad de Wanda, resultando con un excelente espect\u00e1culo, para el p\u00fablico, se vienen otros eventos para el pr\u00f3ximo mes, donde habr\u00e1 cierre del a\u00f1o con compromiso box\u00edstico, en distintas localidades de la provincia (San Pedro, Eldorado, Garupa, Posadas, entre otros), finalizando el a\u00f1o con bastante actividad en el viril deporte de los pu\u00f1os, estimando para el pr\u00f3ximo a\u00f1o con mas compromiso en ese \u00e1mbito.<\/p>\n\n\n\n<figure class=\"wp-block-image size-large\"><a href=\"https:\/\/cvinoticias.com\/wp-content\/uploads\/2023\/11\/Picsart_23-11-27_09-31-48-027.jpg\"><img decoding=\"async\" width=\"1024\" height=\"1024\" data-src=\"https:\/\/cvinoticias.com\/wp-content\/uploads\/2023\/11\/Picsart_23-11-27_09-31-48-027-1024x1024.jpg\" alt=\"\" class=\"wp-image-30361 lazyload\" data-srcset=\"https:\/\/cvinoticias.com\/wp-content\/uploads\/2023\/11\/Picsart_23-11-27_09-31-48-027-1024x1024.jpg 1024w, https:\/\/cvinoticias.com\/wp-content\/uploads\/2023\/11\/Picsart_23-11-27_09-31-48-027-300x300.jpg 300w, https:\/\/cvinoticias.com\/wp-content\/uploads\/2023\/11\/Picsart_23-11-27_09-31-48-027-150x150.jpg 150w, https:\/\/cvinoticias.com\/wp-content\/uploads\/2023\/11\/Picsart_23-11-27_09-31-48-027-768x768.jpg 768w, https:\/\/cvinoticias.com\/wp-content\/uploads\/2023\/11\/Picsart_23-11-27_09-31-48-027.jpg 1080w\" data-sizes=\"(max-width: 1024px) 100vw, 1024px\" src=\"data:image\/svg+xml;base64,PHN2ZyB3aWR0aD0iMSIgaGVpZ2h0PSIxIiB4bWxucz0iaHR0cDovL3d3dy53My5vcmcvMjAwMC9zdmciPjwvc3ZnPg==\" style=\"--smush-placeholder-width: 1024px; --smush-placeholder-aspect-ratio: 1024\/1024;\" \/><\/a><\/figure>\n","protected":false},"excerpt":{"rendered":"<p>El Polideportivo Municipal Fitti Kruse, de la localidad de Wanda, fue el escenario de un excelente evento de boxeo, realizado por el equipo de la Escuela de Boxeo BOMBARDERO BOX. La misma estuvo a cargo de los profesores Arnaldo GIMENEZ y Rafael RIVERO, con la Fiscalizaci\u00f3n de la Delegaci\u00f3n FAB Misiones, en esta oportunidad bajo [&hellip;]<\/p>\n","protected":false},"author":2,"featured_media":30360,"comment_status":"open","ping_status":"open","sticky":false,"template":"","format":"standard","meta":{"footnotes":""},"categories":[24],"tags":[],"class_list":["post-30358","post","type-post","status-publish","format-standard","has-post-thumbnail","hentry","category-deportes"],"yoast_head":"<!-- This site is optimized with the Yoast SEO plugin v27.5 - https:\/\/yoast.com\/product\/yoast-seo-wordpress\/ -->\n<title>Velada box\u00edstica en el Polideportivo Fitti Kruse | CVI NOTICIAS<\/title>\n<meta name=\"robots\" content=\"index, follow, max-snippet:-1, max-image-preview:large, max-video-preview:-1\" \/>\n<link rel=\"canonical\" href=\"https:\/\/cvinoticias.com\/v3\/velada-boxistica-en-el-polideportivo-fitti-kruse\/\" \/>\n<meta property=\"og:locale\" content=\"es_ES\" \/>\n<meta property=\"og:type\" content=\"article\" \/>\n<meta property=\"og:title\" content=\"Velada box\u00edstica en el Polideportivo Fitti Kruse | CVI NOTICIAS\" \/>\n<meta property=\"og:description\" content=\"El Polideportivo Municipal Fitti Kruse, de la localidad de Wanda, fue el escenario de un excelente evento de boxeo, realizado por el equipo de la Escuela de Boxeo BOMBARDERO BOX. La misma estuvo a cargo de los profesores Arnaldo GIMENEZ y Rafael RIVERO, con la Fiscalizaci\u00f3n de la Delegaci\u00f3n FAB Misiones, en esta oportunidad bajo [&hellip;]\" \/>\n<meta property=\"og:url\" content=\"https:\/\/cvinoticias.com\/v3\/velada-boxistica-en-el-polideportivo-fitti-kruse\/\" \/>\n<meta property=\"og:site_name\" content=\"CVI NOTICIAS\" \/>\n<meta property=\"article:publisher\" content=\"https:\/\/www.facebook.com\/cvinoticias\" \/>\n<meta property=\"article:published_time\" content=\"2023-11-27T12:32:36+00:00\" \/>\n<meta property=\"article:modified_time\" content=\"2023-11-27T12:35:09+00:00\" \/>\n<meta property=\"og:image\" content=\"https:\/\/cvinoticias.com\/wp-content\/uploads\/2023\/11\/IMG-20231127-WA0186.jpg\" \/>\n\t<meta property=\"og:image:width\" content=\"1280\" \/>\n\t<meta property=\"og:image:height\" content=\"961\" \/>\n\t<meta property=\"og:image:type\" content=\"image\/jpeg\" \/>\n<meta name=\"author\" content=\"f1000024\" \/>\n<meta name=\"twitter:card\" content=\"summary_large_image\" \/>\n<meta name=\"twitter:label1\" content=\"Escrito por\" \/>\n\t<meta name=\"twitter:data1\" content=\"f1000024\" \/>\n\t<meta name=\"twitter:label2\" content=\"Tiempo de lectura\" \/>\n\t<meta name=\"twitter:data2\" content=\"4 minutos\" \/>\n<script type=\"application\/ld+json\" class=\"yoast-schema-graph\">{\"@context\":\"https:\\\/\\\/schema.org\",\"@graph\":[{\"@type\":\"Article\",\"@id\":\"https:\\\/\\\/cvinoticias.com\\\/v3\\\/velada-boxistica-en-el-polideportivo-fitti-kruse\\\/#article\",\"isPartOf\":{\"@id\":\"https:\\\/\\\/cvinoticias.com\\\/v3\\\/velada-boxistica-en-el-polideportivo-fitti-kruse\\\/\"},\"author\":{\"name\":\"f1000024\",\"@id\":\"https:\\\/\\\/cvinoticias.com\\\/v3\\\/#\\\/schema\\\/person\\\/2db77e3c6bc03c538495d7b2b8be9b66\"},\"headline\":\"Velada box\u00edstica en el Polideportivo Fitti Kruse\",\"datePublished\":\"2023-11-27T12:32:36+00:00\",\"dateModified\":\"2023-11-27T12:35:09+00:00\",\"mainEntityOfPage\":{\"@id\":\"https:\\\/\\\/cvinoticias.com\\\/v3\\\/velada-boxistica-en-el-polideportivo-fitti-kruse\\\/\"},\"wordCount\":776,\"commentCount\":0,\"publisher\":{\"@id\":\"https:\\\/\\\/cvinoticias.com\\\/v3\\\/#organization\"},\"image\":{\"@id\":\"https:\\\/\\\/cvinoticias.com\\\/v3\\\/velada-boxistica-en-el-polideportivo-fitti-kruse\\\/#primaryimage\"},\"thumbnailUrl\":\"https:\\\/\\\/cvinoticias.com\\\/wp-content\\\/uploads\\\/2023\\\/11\\\/IMG-20231127-WA0186.jpg\",\"articleSection\":[\"Deportes\"],\"inLanguage\":\"es\",\"potentialAction\":[{\"@type\":\"CommentAction\",\"name\":\"Comment\",\"target\":[\"https:\\\/\\\/cvinoticias.com\\\/v3\\\/velada-boxistica-en-el-polideportivo-fitti-kruse\\\/#respond\"]}]},{\"@type\":\"WebPage\",\"@id\":\"https:\\\/\\\/cvinoticias.com\\\/v3\\\/velada-boxistica-en-el-polideportivo-fitti-kruse\\\/\",\"url\":\"https:\\\/\\\/cvinoticias.com\\\/v3\\\/velada-boxistica-en-el-polideportivo-fitti-kruse\\\/\",\"name\":\"Velada box\u00edstica en el Polideportivo Fitti Kruse | CVI NOTICIAS\",\"isPartOf\":{\"@id\":\"https:\\\/\\\/cvinoticias.com\\\/v3\\\/#website\"},\"primaryImageOfPage\":{\"@id\":\"https:\\\/\\\/cvinoticias.com\\\/v3\\\/velada-boxistica-en-el-polideportivo-fitti-kruse\\\/#primaryimage\"},\"image\":{\"@id\":\"https:\\\/\\\/cvinoticias.com\\\/v3\\\/velada-boxistica-en-el-polideportivo-fitti-kruse\\\/#primaryimage\"},\"thumbnailUrl\":\"https:\\\/\\\/cvinoticias.com\\\/wp-content\\\/uploads\\\/2023\\\/11\\\/IMG-20231127-WA0186.jpg\",\"datePublished\":\"2023-11-27T12:32:36+00:00\",\"dateModified\":\"2023-11-27T12:35:09+00:00\",\"breadcrumb\":{\"@id\":\"https:\\\/\\\/cvinoticias.com\\\/v3\\\/velada-boxistica-en-el-polideportivo-fitti-kruse\\\/#breadcrumb\"},\"inLanguage\":\"es\",\"potentialAction\":[{\"@type\":\"ReadAction\",\"target\":[\"https:\\\/\\\/cvinoticias.com\\\/v3\\\/velada-boxistica-en-el-polideportivo-fitti-kruse\\\/\"]}]},{\"@type\":\"ImageObject\",\"inLanguage\":\"es\",\"@id\":\"https:\\\/\\\/cvinoticias.com\\\/v3\\\/velada-boxistica-en-el-polideportivo-fitti-kruse\\\/#primaryimage\",\"url\":\"https:\\\/\\\/cvinoticias.com\\\/wp-content\\\/uploads\\\/2023\\\/11\\\/IMG-20231127-WA0186.jpg\",\"contentUrl\":\"https:\\\/\\\/cvinoticias.com\\\/wp-content\\\/uploads\\\/2023\\\/11\\\/IMG-20231127-WA0186.jpg\",\"width\":1280,\"height\":961},{\"@type\":\"BreadcrumbList\",\"@id\":\"https:\\\/\\\/cvinoticias.com\\\/v3\\\/velada-boxistica-en-el-polideportivo-fitti-kruse\\\/#breadcrumb\",\"itemListElement\":[{\"@type\":\"ListItem\",\"position\":1,\"name\":\"Portada\",\"item\":\"https:\\\/\\\/cvinoticias.com\\\/v3\\\/\"},{\"@type\":\"ListItem\",\"position\":2,\"name\":\"Velada box\u00edstica en el Polideportivo Fitti Kruse\"}]},{\"@type\":\"WebSite\",\"@id\":\"https:\\\/\\\/cvinoticias.com\\\/v3\\\/#website\",\"url\":\"https:\\\/\\\/cvinoticias.com\\\/v3\\\/\",\"name\":\"CVI NOTICIAS\",\"description\":\"\",\"publisher\":{\"@id\":\"https:\\\/\\\/cvinoticias.com\\\/v3\\\/#organization\"},\"alternateName\":\"CVI\",\"potentialAction\":[{\"@type\":\"SearchAction\",\"target\":{\"@type\":\"EntryPoint\",\"urlTemplate\":\"https:\\\/\\\/cvinoticias.com\\\/v3\\\/?s={search_term_string}\"},\"query-input\":{\"@type\":\"PropertyValueSpecification\",\"valueRequired\":true,\"valueName\":\"search_term_string\"}}],\"inLanguage\":\"es\"},{\"@type\":\"Organization\",\"@id\":\"https:\\\/\\\/cvinoticias.com\\\/v3\\\/#organization\",\"name\":\"CVI NOTICIAS\",\"url\":\"https:\\\/\\\/cvinoticias.com\\\/v3\\\/\",\"logo\":{\"@type\":\"ImageObject\",\"inLanguage\":\"es\",\"@id\":\"https:\\\/\\\/cvinoticias.com\\\/v3\\\/#\\\/schema\\\/logo\\\/image\\\/\",\"url\":\"https:\\\/\\\/cvinoticias.com\\\/wp-content\\\/uploads\\\/2023\\\/04\\\/cropped-cropped-cropped-cropped-cropped-3-1.png\",\"contentUrl\":\"https:\\\/\\\/cvinoticias.com\\\/wp-content\\\/uploads\\\/2023\\\/04\\\/cropped-cropped-cropped-cropped-cropped-3-1.png\",\"width\":95,\"height\":122,\"caption\":\"CVI NOTICIAS\"},\"image\":{\"@id\":\"https:\\\/\\\/cvinoticias.com\\\/v3\\\/#\\\/schema\\\/logo\\\/image\\\/\"},\"sameAs\":[\"https:\\\/\\\/www.facebook.com\\\/cvinoticias\",\"https:\\\/\\\/www.instagram.com\\\/cvinoticias\\\/\",\"https:\\\/\\\/www.youtube.com\\\/@CVINOTICIAS\"]},{\"@type\":\"Person\",\"@id\":\"https:\\\/\\\/cvinoticias.com\\\/v3\\\/#\\\/schema\\\/person\\\/2db77e3c6bc03c538495d7b2b8be9b66\",\"name\":\"f1000024\",\"image\":{\"@type\":\"ImageObject\",\"inLanguage\":\"es\",\"@id\":\"https:\\\/\\\/secure.gravatar.com\\\/avatar\\\/d4fe7459cfc51ff5129ce1a732bbef5928568b8092d412ef95611616376bbeed?s=96&d=mm&r=g\",\"url\":\"https:\\\/\\\/secure.gravatar.com\\\/avatar\\\/d4fe7459cfc51ff5129ce1a732bbef5928568b8092d412ef95611616376bbeed?s=96&d=mm&r=g\",\"contentUrl\":\"https:\\\/\\\/secure.gravatar.com\\\/avatar\\\/d4fe7459cfc51ff5129ce1a732bbef5928568b8092d412ef95611616376bbeed?s=96&d=mm&r=g\",\"caption\":\"f1000024\"},\"url\":\"https:\\\/\\\/cvinoticias.com\\\/v3\\\/author\\\/f1000024\\\/\"}]}<\/script>\n<!-- \/ Yoast SEO plugin. -->","yoast_head_json":{"title":"Velada box\u00edstica en el Polideportivo Fitti Kruse | CVI NOTICIAS","robots":{"index":"index","follow":"follow","max-snippet":"max-snippet:-1","max-image-preview":"max-image-preview:large","max-video-preview":"max-video-preview:-1"},"canonical":"https:\/\/cvinoticias.com\/v3\/velada-boxistica-en-el-polideportivo-fitti-kruse\/","og_locale":"es_ES","og_type":"article","og_title":"Velada box\u00edstica en el Polideportivo Fitti Kruse | CVI NOTICIAS","og_description":"El Polideportivo Municipal Fitti Kruse, de la localidad de Wanda, fue el escenario de un excelente evento de boxeo, realizado por el equipo de la Escuela de Boxeo BOMBARDERO BOX. La misma estuvo a cargo de los profesores Arnaldo GIMENEZ y Rafael RIVERO, con la Fiscalizaci\u00f3n de la Delegaci\u00f3n FAB Misiones, en esta oportunidad bajo [&hellip;]","og_url":"https:\/\/cvinoticias.com\/v3\/velada-boxistica-en-el-polideportivo-fitti-kruse\/","og_site_name":"CVI NOTICIAS","article_publisher":"https:\/\/www.facebook.com\/cvinoticias","article_published_time":"2023-11-27T12:32:36+00:00","article_modified_time":"2023-11-27T12:35:09+00:00","og_image":[{"width":1280,"height":961,"url":"https:\/\/cvinoticias.com\/wp-content\/uploads\/2023\/11\/IMG-20231127-WA0186.jpg","type":"image\/jpeg"}],"author":"f1000024","twitter_card":"summary_large_image","twitter_misc":{"Escrito por":"f1000024","Tiempo de lectura":"4 minutos"},"schema":{"@context":"https:\/\/schema.org","@graph":[{"@type":"Article","@id":"https:\/\/cvinoticias.com\/v3\/velada-boxistica-en-el-polideportivo-fitti-kruse\/#article","isPartOf":{"@id":"https:\/\/cvinoticias.com\/v3\/velada-boxistica-en-el-polideportivo-fitti-kruse\/"},"author":{"name":"f1000024","@id":"https:\/\/cvinoticias.com\/v3\/#\/schema\/person\/2db77e3c6bc03c538495d7b2b8be9b66"},"headline":"Velada box\u00edstica en el Polideportivo Fitti Kruse","datePublished":"2023-11-27T12:32:36+00:00","dateModified":"2023-11-27T12:35:09+00:00","mainEntityOfPage":{"@id":"https:\/\/cvinoticias.com\/v3\/velada-boxistica-en-el-polideportivo-fitti-kruse\/"},"wordCount":776,"commentCount":0,"publisher":{"@id":"https:\/\/cvinoticias.com\/v3\/#organization"},"image":{"@id":"https:\/\/cvinoticias.com\/v3\/velada-boxistica-en-el-polideportivo-fitti-kruse\/#primaryimage"},"thumbnailUrl":"https:\/\/cvinoticias.com\/wp-content\/uploads\/2023\/11\/IMG-20231127-WA0186.jpg","articleSection":["Deportes"],"inLanguage":"es","potentialAction":[{"@type":"CommentAction","name":"Comment","target":["https:\/\/cvinoticias.com\/v3\/velada-boxistica-en-el-polideportivo-fitti-kruse\/#respond"]}]},{"@type":"WebPage","@id":"https:\/\/cvinoticias.com\/v3\/velada-boxistica-en-el-polideportivo-fitti-kruse\/","url":"https:\/\/cvinoticias.com\/v3\/velada-boxistica-en-el-polideportivo-fitti-kruse\/","name":"Velada box\u00edstica en el Polideportivo Fitti Kruse | CVI NOTICIAS","isPartOf":{"@id":"https:\/\/cvinoticias.com\/v3\/#website"},"primaryImageOfPage":{"@id":"https:\/\/cvinoticias.com\/v3\/velada-boxistica-en-el-polideportivo-fitti-kruse\/#primaryimage"},"image":{"@id":"https:\/\/cvinoticias.com\/v3\/velada-boxistica-en-el-polideportivo-fitti-kruse\/#primaryimage"},"thumbnailUrl":"https:\/\/cvinoticias.com\/wp-content\/uploads\/2023\/11\/IMG-20231127-WA0186.jpg","datePublished":"2023-11-27T12:32:36+00:00","dateModified":"2023-11-27T12:35:09+00:00","breadcrumb":{"@id":"https:\/\/cvinoticias.com\/v3\/velada-boxistica-en-el-polideportivo-fitti-kruse\/#breadcrumb"},"inLanguage":"es","potentialAction":[{"@type":"ReadAction","target":["https:\/\/cvinoticias.com\/v3\/velada-boxistica-en-el-polideportivo-fitti-kruse\/"]}]},{"@type":"ImageObject","inLanguage":"es","@id":"https:\/\/cvinoticias.com\/v3\/velada-boxistica-en-el-polideportivo-fitti-kruse\/#primaryimage","url":"https:\/\/cvinoticias.com\/wp-content\/uploads\/2023\/11\/IMG-20231127-WA0186.jpg","contentUrl":"https:\/\/cvinoticias.com\/wp-content\/uploads\/2023\/11\/IMG-20231127-WA0186.jpg","width":1280,"height":961},{"@type":"BreadcrumbList","@id":"https:\/\/cvinoticias.com\/v3\/velada-boxistica-en-el-polideportivo-fitti-kruse\/#breadcrumb","itemListElement":[{"@type":"ListItem","position":1,"name":"Portada","item":"https:\/\/cvinoticias.com\/v3\/"},{"@type":"ListItem","position":2,"name":"Velada box\u00edstica en el Polideportivo Fitti Kruse"}]},{"@type":"WebSite","@id":"https:\/\/cvinoticias.com\/v3\/#website","url":"https:\/\/cvinoticias.com\/v3\/","name":"CVI NOTICIAS","description":"","publisher":{"@id":"https:\/\/cvinoticias.com\/v3\/#organization"},"alternateName":"CVI","potentialAction":[{"@type":"SearchAction","target":{"@type":"EntryPoint","urlTemplate":"https:\/\/cvinoticias.com\/v3\/?s={search_term_string}"},"query-input":{"@type":"PropertyValueSpecification","valueRequired":true,"valueName":"search_term_string"}}],"inLanguage":"es"},{"@type":"Organization","@id":"https:\/\/cvinoticias.com\/v3\/#organization","name":"CVI NOTICIAS","url":"https:\/\/cvinoticias.com\/v3\/","logo":{"@type":"ImageObject","inLanguage":"es","@id":"https:\/\/cvinoticias.com\/v3\/#\/schema\/logo\/image\/","url":"https:\/\/cvinoticias.com\/wp-content\/uploads\/2023\/04\/cropped-cropped-cropped-cropped-cropped-3-1.png","contentUrl":"https:\/\/cvinoticias.com\/wp-content\/uploads\/2023\/04\/cropped-cropped-cropped-cropped-cropped-3-1.png","width":95,"height":122,"caption":"CVI NOTICIAS"},"image":{"@id":"https:\/\/cvinoticias.com\/v3\/#\/schema\/logo\/image\/"},"sameAs":["https:\/\/www.facebook.com\/cvinoticias","https:\/\/www.instagram.com\/cvinoticias\/","https:\/\/www.youtube.com\/@CVINOTICIAS"]},{"@type":"Person","@id":"https:\/\/cvinoticias.com\/v3\/#\/schema\/person\/2db77e3c6bc03c538495d7b2b8be9b66","name":"f1000024","image":{"@type":"ImageObject","inLanguage":"es","@id":"https:\/\/secure.gravatar.com\/avatar\/d4fe7459cfc51ff5129ce1a732bbef5928568b8092d412ef95611616376bbeed?s=96&d=mm&r=g","url":"https:\/\/secure.gravatar.com\/avatar\/d4fe7459cfc51ff5129ce1a732bbef5928568b8092d412ef95611616376bbeed?s=96&d=mm&r=g","contentUrl":"https:\/\/secure.gravatar.com\/avatar\/d4fe7459cfc51ff5129ce1a732bbef5928568b8092d412ef95611616376bbeed?s=96&d=mm&r=g","caption":"f1000024"},"url":"https:\/\/cvinoticias.com\/v3\/author\/f1000024\/"}]}},"_links":{"self":[{"href":"https:\/\/cvinoticias.com\/v3\/wp-json\/wp\/v2\/posts\/30358","targetHints":{"allow":["GET"]}}],"collection":[{"href":"https:\/\/cvinoticias.com\/v3\/wp-json\/wp\/v2\/posts"}],"about":[{"href":"https:\/\/cvinoticias.com\/v3\/wp-json\/wp\/v2\/types\/post"}],"author":[{"embeddable":true,"href":"https:\/\/cvinoticias.com\/v3\/wp-json\/wp\/v2\/users\/2"}],"replies":[{"embeddable":true,"href":"https:\/\/cvinoticias.com\/v3\/wp-json\/wp\/v2\/comments?post=30358"}],"version-history":[{"count":1,"href":"https:\/\/cvinoticias.com\/v3\/wp-json\/wp\/v2\/posts\/30358\/revisions"}],"predecessor-version":[{"id":30362,"href":"https:\/\/cvinoticias.com\/v3\/wp-json\/wp\/v2\/posts\/30358\/revisions\/30362"}],"wp:featuredmedia":[{"embeddable":true,"href":"https:\/\/cvinoticias.com\/v3\/wp-json\/wp\/v2\/media\/30360"}],"wp:attachment":[{"href":"https:\/\/cvinoticias.com\/v3\/wp-json\/wp\/v2\/media?parent=30358"}],"wp:term":[{"taxonomy":"category","embeddable":true,"href":"https:\/\/cvinoticias.com\/v3\/wp-json\/wp\/v2\/categories?post=30358"},{"taxonomy":"post_tag","embeddable":true,"href":"https:\/\/cvinoticias.com\/v3\/wp-json\/wp\/v2\/tags?post=30358"}],"curies":[{"name":"wp","href":"https:\/\/api.w.org\/{rel}","templated":true}]}}