{"id":30336,"date":"2023-11-26T02:34:38","date_gmt":"2023-11-26T05:34:38","guid":{"rendered":"https:\/\/cvinoticias.com\/v3\/?p=30336"},"modified":"2023-11-26T02:34:38","modified_gmt":"2023-11-26T05:34:38","slug":"la-iguazuense-yenifer-da-silva-fue-electa-segunda-princesa-en-el-certamen-mis-argentina","status":"publish","type":"post","link":"https:\/\/cvinoticias.com\/v3\/la-iguazuense-yenifer-da-silva-fue-electa-segunda-princesa-en-el-certamen-mis-argentina\/","title":{"rendered":"La iguazuense Yenifer Da Silva fue electa Segunda Princesa en el certamen \u00abMis Argentina\u00bb"},"content":{"rendered":"\n<p><em><strong>Yenifer Da Silva, Reina del Turismo de Iguaz\u00fa, quien represent\u00f3 a Misiones, fue electa Segunda Princesa en el certamen de belleza \u00abMis Argentina\u00bb realizado en la noche de \u00e9ste s\u00e1bado 25 de noviembre en las Termas de R\u00edo Hondo, Provincia de Santiago del Estero.<\/strong><\/em><\/p>\n","protected":false},"excerpt":{"rendered":"<p>Yenifer Da Silva, Reina del Turismo de Iguaz\u00fa, quien represent\u00f3 a Misiones, fue electa Segunda Princesa en el certamen de belleza \u00abMis Argentina\u00bb realizado en la noche de \u00e9ste s\u00e1bado 25 de noviembre en las Termas de R\u00edo Hondo, Provincia de Santiago del Estero.<\/p>\n","protected":false},"author":2,"featured_media":30337,"comment_status":"open","ping_status":"open","sticky":false,"template":"","format":"standard","meta":{"footnotes":""},"categories":[47],"tags":[],"class_list":["post-30336","post","type-post","status-publish","format-standard","has-post-thumbnail","hentry","category-sociedad"],"yoast_head":"<!-- This site is optimized with the Yoast SEO plugin v27.4 - https:\/\/yoast.com\/product\/yoast-seo-wordpress\/ -->\n<title>La iguazuense Yenifer Da Silva fue electa Segunda Princesa en el certamen &quot;Mis Argentina&quot; | CVI NOTICIAS<\/title>\n<meta name=\"robots\" content=\"index, follow, max-snippet:-1, max-image-preview:large, max-video-preview:-1\" \/>\n<link rel=\"canonical\" href=\"https:\/\/cvinoticias.com\/v3\/la-iguazuense-yenifer-da-silva-fue-electa-segunda-princesa-en-el-certamen-mis-argentina\/\" \/>\n<meta property=\"og:locale\" content=\"es_ES\" \/>\n<meta property=\"og:type\" content=\"article\" \/>\n<meta property=\"og:title\" content=\"La iguazuense Yenifer Da Silva fue electa Segunda Princesa en el certamen &quot;Mis Argentina&quot; | CVI NOTICIAS\" \/>\n<meta property=\"og:description\" content=\"Yenifer Da Silva, Reina del Turismo de Iguaz\u00fa, quien represent\u00f3 a Misiones, fue electa Segunda Princesa en el certamen de belleza \u00abMis Argentina\u00bb realizado en la noche de \u00e9ste s\u00e1bado 25 de noviembre en las Termas de R\u00edo Hondo, Provincia de Santiago del Estero.\" \/>\n<meta property=\"og:url\" content=\"https:\/\/cvinoticias.com\/v3\/la-iguazuense-yenifer-da-silva-fue-electa-segunda-princesa-en-el-certamen-mis-argentina\/\" \/>\n<meta property=\"og:site_name\" content=\"CVI NOTICIAS\" \/>\n<meta property=\"article:publisher\" content=\"https:\/\/www.facebook.com\/cvinoticias\" \/>\n<meta property=\"article:published_time\" content=\"2023-11-26T05:34:38+00:00\" \/>\n<meta property=\"og:image\" content=\"https:\/\/cvinoticias.com\/wp-content\/uploads\/2023\/11\/IMG-20231125-WA0842.jpg\" \/>\n\t<meta property=\"og:image:width\" content=\"928\" \/>\n\t<meta property=\"og:image:height\" content=\"1600\" \/>\n\t<meta property=\"og:image:type\" content=\"image\/jpeg\" \/>\n<meta name=\"author\" content=\"f1000024\" \/>\n<meta name=\"twitter:card\" content=\"summary_large_image\" \/>\n<meta name=\"twitter:label1\" content=\"Escrito por\" \/>\n\t<meta name=\"twitter:data1\" content=\"f1000024\" \/>\n<script type=\"application\/ld+json\" class=\"yoast-schema-graph\">{\"@context\":\"https:\\\/\\\/schema.org\",\"@graph\":[{\"@type\":\"Article\",\"@id\":\"https:\\\/\\\/cvinoticias.com\\\/v3\\\/la-iguazuense-yenifer-da-silva-fue-electa-segunda-princesa-en-el-certamen-mis-argentina\\\/#article\",\"isPartOf\":{\"@id\":\"https:\\\/\\\/cvinoticias.com\\\/v3\\\/la-iguazuense-yenifer-da-silva-fue-electa-segunda-princesa-en-el-certamen-mis-argentina\\\/\"},\"author\":{\"name\":\"f1000024\",\"@id\":\"https:\\\/\\\/cvinoticias.com\\\/v3\\\/#\\\/schema\\\/person\\\/2db77e3c6bc03c538495d7b2b8be9b66\"},\"headline\":\"La iguazuense Yenifer Da Silva fue electa Segunda Princesa en el certamen \u00abMis Argentina\u00bb\",\"datePublished\":\"2023-11-26T05:34:38+00:00\",\"mainEntityOfPage\":{\"@id\":\"https:\\\/\\\/cvinoticias.com\\\/v3\\\/la-iguazuense-yenifer-da-silva-fue-electa-segunda-princesa-en-el-certamen-mis-argentina\\\/\"},\"wordCount\":59,\"commentCount\":0,\"publisher\":{\"@id\":\"https:\\\/\\\/cvinoticias.com\\\/v3\\\/#organization\"},\"image\":{\"@id\":\"https:\\\/\\\/cvinoticias.com\\\/v3\\\/la-iguazuense-yenifer-da-silva-fue-electa-segunda-princesa-en-el-certamen-mis-argentina\\\/#primaryimage\"},\"thumbnailUrl\":\"https:\\\/\\\/cvinoticias.com\\\/wp-content\\\/uploads\\\/2023\\\/11\\\/IMG-20231125-WA0842.jpg\",\"articleSection\":[\"Sociedad\"],\"inLanguage\":\"es\",\"potentialAction\":[{\"@type\":\"CommentAction\",\"name\":\"Comment\",\"target\":[\"https:\\\/\\\/cvinoticias.com\\\/v3\\\/la-iguazuense-yenifer-da-silva-fue-electa-segunda-princesa-en-el-certamen-mis-argentina\\\/#respond\"]}]},{\"@type\":\"WebPage\",\"@id\":\"https:\\\/\\\/cvinoticias.com\\\/v3\\\/la-iguazuense-yenifer-da-silva-fue-electa-segunda-princesa-en-el-certamen-mis-argentina\\\/\",\"url\":\"https:\\\/\\\/cvinoticias.com\\\/v3\\\/la-iguazuense-yenifer-da-silva-fue-electa-segunda-princesa-en-el-certamen-mis-argentina\\\/\",\"name\":\"La iguazuense Yenifer Da Silva fue electa Segunda Princesa en el certamen \\\"Mis Argentina\\\" | CVI NOTICIAS\",\"isPartOf\":{\"@id\":\"https:\\\/\\\/cvinoticias.com\\\/v3\\\/#website\"},\"primaryImageOfPage\":{\"@id\":\"https:\\\/\\\/cvinoticias.com\\\/v3\\\/la-iguazuense-yenifer-da-silva-fue-electa-segunda-princesa-en-el-certamen-mis-argentina\\\/#primaryimage\"},\"image\":{\"@id\":\"https:\\\/\\\/cvinoticias.com\\\/v3\\\/la-iguazuense-yenifer-da-silva-fue-electa-segunda-princesa-en-el-certamen-mis-argentina\\\/#primaryimage\"},\"thumbnailUrl\":\"https:\\\/\\\/cvinoticias.com\\\/wp-content\\\/uploads\\\/2023\\\/11\\\/IMG-20231125-WA0842.jpg\",\"datePublished\":\"2023-11-26T05:34:38+00:00\",\"breadcrumb\":{\"@id\":\"https:\\\/\\\/cvinoticias.com\\\/v3\\\/la-iguazuense-yenifer-da-silva-fue-electa-segunda-princesa-en-el-certamen-mis-argentina\\\/#breadcrumb\"},\"inLanguage\":\"es\",\"potentialAction\":[{\"@type\":\"ReadAction\",\"target\":[\"https:\\\/\\\/cvinoticias.com\\\/v3\\\/la-iguazuense-yenifer-da-silva-fue-electa-segunda-princesa-en-el-certamen-mis-argentina\\\/\"]}]},{\"@type\":\"ImageObject\",\"inLanguage\":\"es\",\"@id\":\"https:\\\/\\\/cvinoticias.com\\\/v3\\\/la-iguazuense-yenifer-da-silva-fue-electa-segunda-princesa-en-el-certamen-mis-argentina\\\/#primaryimage\",\"url\":\"https:\\\/\\\/cvinoticias.com\\\/wp-content\\\/uploads\\\/2023\\\/11\\\/IMG-20231125-WA0842.jpg\",\"contentUrl\":\"https:\\\/\\\/cvinoticias.com\\\/wp-content\\\/uploads\\\/2023\\\/11\\\/IMG-20231125-WA0842.jpg\",\"width\":928,\"height\":1600},{\"@type\":\"BreadcrumbList\",\"@id\":\"https:\\\/\\\/cvinoticias.com\\\/v3\\\/la-iguazuense-yenifer-da-silva-fue-electa-segunda-princesa-en-el-certamen-mis-argentina\\\/#breadcrumb\",\"itemListElement\":[{\"@type\":\"ListItem\",\"position\":1,\"name\":\"Portada\",\"item\":\"https:\\\/\\\/cvinoticias.com\\\/v3\\\/\"},{\"@type\":\"ListItem\",\"position\":2,\"name\":\"La iguazuense Yenifer Da Silva fue electa Segunda Princesa en el certamen \u00abMis Argentina\u00bb\"}]},{\"@type\":\"WebSite\",\"@id\":\"https:\\\/\\\/cvinoticias.com\\\/v3\\\/#website\",\"url\":\"https:\\\/\\\/cvinoticias.com\\\/v3\\\/\",\"name\":\"CVI NOTICIAS\",\"description\":\"\",\"publisher\":{\"@id\":\"https:\\\/\\\/cvinoticias.com\\\/v3\\\/#organization\"},\"alternateName\":\"CVI\",\"potentialAction\":[{\"@type\":\"SearchAction\",\"target\":{\"@type\":\"EntryPoint\",\"urlTemplate\":\"https:\\\/\\\/cvinoticias.com\\\/v3\\\/?s={search_term_string}\"},\"query-input\":{\"@type\":\"PropertyValueSpecification\",\"valueRequired\":true,\"valueName\":\"search_term_string\"}}],\"inLanguage\":\"es\"},{\"@type\":\"Organization\",\"@id\":\"https:\\\/\\\/cvinoticias.com\\\/v3\\\/#organization\",\"name\":\"CVI NOTICIAS\",\"url\":\"https:\\\/\\\/cvinoticias.com\\\/v3\\\/\",\"logo\":{\"@type\":\"ImageObject\",\"inLanguage\":\"es\",\"@id\":\"https:\\\/\\\/cvinoticias.com\\\/v3\\\/#\\\/schema\\\/logo\\\/image\\\/\",\"url\":\"https:\\\/\\\/cvinoticias.com\\\/wp-content\\\/uploads\\\/2023\\\/04\\\/cropped-cropped-cropped-cropped-cropped-3-1.png\",\"contentUrl\":\"https:\\\/\\\/cvinoticias.com\\\/wp-content\\\/uploads\\\/2023\\\/04\\\/cropped-cropped-cropped-cropped-cropped-3-1.png\",\"width\":95,\"height\":122,\"caption\":\"CVI NOTICIAS\"},\"image\":{\"@id\":\"https:\\\/\\\/cvinoticias.com\\\/v3\\\/#\\\/schema\\\/logo\\\/image\\\/\"},\"sameAs\":[\"https:\\\/\\\/www.facebook.com\\\/cvinoticias\",\"https:\\\/\\\/www.instagram.com\\\/cvinoticias\\\/\",\"https:\\\/\\\/www.youtube.com\\\/@CVINOTICIAS\"]},{\"@type\":\"Person\",\"@id\":\"https:\\\/\\\/cvinoticias.com\\\/v3\\\/#\\\/schema\\\/person\\\/2db77e3c6bc03c538495d7b2b8be9b66\",\"name\":\"f1000024\",\"image\":{\"@type\":\"ImageObject\",\"inLanguage\":\"es\",\"@id\":\"https:\\\/\\\/secure.gravatar.com\\\/avatar\\\/d4fe7459cfc51ff5129ce1a732bbef5928568b8092d412ef95611616376bbeed?s=96&d=mm&r=g\",\"url\":\"https:\\\/\\\/secure.gravatar.com\\\/avatar\\\/d4fe7459cfc51ff5129ce1a732bbef5928568b8092d412ef95611616376bbeed?s=96&d=mm&r=g\",\"contentUrl\":\"https:\\\/\\\/secure.gravatar.com\\\/avatar\\\/d4fe7459cfc51ff5129ce1a732bbef5928568b8092d412ef95611616376bbeed?s=96&d=mm&r=g\",\"caption\":\"f1000024\"},\"url\":\"https:\\\/\\\/cvinoticias.com\\\/v3\\\/author\\\/f1000024\\\/\"}]}<\/script>\n<!-- \/ Yoast SEO plugin. -->","yoast_head_json":{"title":"La iguazuense Yenifer Da Silva fue electa Segunda Princesa en el certamen \"Mis Argentina\" | CVI NOTICIAS","robots":{"index":"index","follow":"follow","max-snippet":"max-snippet:-1","max-image-preview":"max-image-preview:large","max-video-preview":"max-video-preview:-1"},"canonical":"https:\/\/cvinoticias.com\/v3\/la-iguazuense-yenifer-da-silva-fue-electa-segunda-princesa-en-el-certamen-mis-argentina\/","og_locale":"es_ES","og_type":"article","og_title":"La iguazuense Yenifer Da Silva fue electa Segunda Princesa en el certamen \"Mis Argentina\" | CVI NOTICIAS","og_description":"Yenifer Da Silva, Reina del Turismo de Iguaz\u00fa, quien represent\u00f3 a Misiones, fue electa Segunda Princesa en el certamen de belleza \u00abMis Argentina\u00bb realizado en la noche de \u00e9ste s\u00e1bado 25 de noviembre en las Termas de R\u00edo Hondo, Provincia de Santiago del Estero.","og_url":"https:\/\/cvinoticias.com\/v3\/la-iguazuense-yenifer-da-silva-fue-electa-segunda-princesa-en-el-certamen-mis-argentina\/","og_site_name":"CVI NOTICIAS","article_publisher":"https:\/\/www.facebook.com\/cvinoticias","article_published_time":"2023-11-26T05:34:38+00:00","og_image":[{"width":928,"height":1600,"url":"https:\/\/cvinoticias.com\/wp-content\/uploads\/2023\/11\/IMG-20231125-WA0842.jpg","type":"image\/jpeg"}],"author":"f1000024","twitter_card":"summary_large_image","twitter_misc":{"Escrito por":"f1000024"},"schema":{"@context":"https:\/\/schema.org","@graph":[{"@type":"Article","@id":"https:\/\/cvinoticias.com\/v3\/la-iguazuense-yenifer-da-silva-fue-electa-segunda-princesa-en-el-certamen-mis-argentina\/#article","isPartOf":{"@id":"https:\/\/cvinoticias.com\/v3\/la-iguazuense-yenifer-da-silva-fue-electa-segunda-princesa-en-el-certamen-mis-argentina\/"},"author":{"name":"f1000024","@id":"https:\/\/cvinoticias.com\/v3\/#\/schema\/person\/2db77e3c6bc03c538495d7b2b8be9b66"},"headline":"La iguazuense Yenifer Da Silva fue electa Segunda Princesa en el certamen \u00abMis Argentina\u00bb","datePublished":"2023-11-26T05:34:38+00:00","mainEntityOfPage":{"@id":"https:\/\/cvinoticias.com\/v3\/la-iguazuense-yenifer-da-silva-fue-electa-segunda-princesa-en-el-certamen-mis-argentina\/"},"wordCount":59,"commentCount":0,"publisher":{"@id":"https:\/\/cvinoticias.com\/v3\/#organization"},"image":{"@id":"https:\/\/cvinoticias.com\/v3\/la-iguazuense-yenifer-da-silva-fue-electa-segunda-princesa-en-el-certamen-mis-argentina\/#primaryimage"},"thumbnailUrl":"https:\/\/cvinoticias.com\/wp-content\/uploads\/2023\/11\/IMG-20231125-WA0842.jpg","articleSection":["Sociedad"],"inLanguage":"es","potentialAction":[{"@type":"CommentAction","name":"Comment","target":["https:\/\/cvinoticias.com\/v3\/la-iguazuense-yenifer-da-silva-fue-electa-segunda-princesa-en-el-certamen-mis-argentina\/#respond"]}]},{"@type":"WebPage","@id":"https:\/\/cvinoticias.com\/v3\/la-iguazuense-yenifer-da-silva-fue-electa-segunda-princesa-en-el-certamen-mis-argentina\/","url":"https:\/\/cvinoticias.com\/v3\/la-iguazuense-yenifer-da-silva-fue-electa-segunda-princesa-en-el-certamen-mis-argentina\/","name":"La iguazuense Yenifer Da Silva fue electa Segunda Princesa en el certamen \"Mis Argentina\" | CVI NOTICIAS","isPartOf":{"@id":"https:\/\/cvinoticias.com\/v3\/#website"},"primaryImageOfPage":{"@id":"https:\/\/cvinoticias.com\/v3\/la-iguazuense-yenifer-da-silva-fue-electa-segunda-princesa-en-el-certamen-mis-argentina\/#primaryimage"},"image":{"@id":"https:\/\/cvinoticias.com\/v3\/la-iguazuense-yenifer-da-silva-fue-electa-segunda-princesa-en-el-certamen-mis-argentina\/#primaryimage"},"thumbnailUrl":"https:\/\/cvinoticias.com\/wp-content\/uploads\/2023\/11\/IMG-20231125-WA0842.jpg","datePublished":"2023-11-26T05:34:38+00:00","breadcrumb":{"@id":"https:\/\/cvinoticias.com\/v3\/la-iguazuense-yenifer-da-silva-fue-electa-segunda-princesa-en-el-certamen-mis-argentina\/#breadcrumb"},"inLanguage":"es","potentialAction":[{"@type":"ReadAction","target":["https:\/\/cvinoticias.com\/v3\/la-iguazuense-yenifer-da-silva-fue-electa-segunda-princesa-en-el-certamen-mis-argentina\/"]}]},{"@type":"ImageObject","inLanguage":"es","@id":"https:\/\/cvinoticias.com\/v3\/la-iguazuense-yenifer-da-silva-fue-electa-segunda-princesa-en-el-certamen-mis-argentina\/#primaryimage","url":"https:\/\/cvinoticias.com\/wp-content\/uploads\/2023\/11\/IMG-20231125-WA0842.jpg","contentUrl":"https:\/\/cvinoticias.com\/wp-content\/uploads\/2023\/11\/IMG-20231125-WA0842.jpg","width":928,"height":1600},{"@type":"BreadcrumbList","@id":"https:\/\/cvinoticias.com\/v3\/la-iguazuense-yenifer-da-silva-fue-electa-segunda-princesa-en-el-certamen-mis-argentina\/#breadcrumb","itemListElement":[{"@type":"ListItem","position":1,"name":"Portada","item":"https:\/\/cvinoticias.com\/v3\/"},{"@type":"ListItem","position":2,"name":"La iguazuense Yenifer Da Silva fue electa Segunda Princesa en el certamen \u00abMis Argentina\u00bb"}]},{"@type":"WebSite","@id":"https:\/\/cvinoticias.com\/v3\/#website","url":"https:\/\/cvinoticias.com\/v3\/","name":"CVI NOTICIAS","description":"","publisher":{"@id":"https:\/\/cvinoticias.com\/v3\/#organization"},"alternateName":"CVI","potentialAction":[{"@type":"SearchAction","target":{"@type":"EntryPoint","urlTemplate":"https:\/\/cvinoticias.com\/v3\/?s={search_term_string}"},"query-input":{"@type":"PropertyValueSpecification","valueRequired":true,"valueName":"search_term_string"}}],"inLanguage":"es"},{"@type":"Organization","@id":"https:\/\/cvinoticias.com\/v3\/#organization","name":"CVI NOTICIAS","url":"https:\/\/cvinoticias.com\/v3\/","logo":{"@type":"ImageObject","inLanguage":"es","@id":"https:\/\/cvinoticias.com\/v3\/#\/schema\/logo\/image\/","url":"https:\/\/cvinoticias.com\/wp-content\/uploads\/2023\/04\/cropped-cropped-cropped-cropped-cropped-3-1.png","contentUrl":"https:\/\/cvinoticias.com\/wp-content\/uploads\/2023\/04\/cropped-cropped-cropped-cropped-cropped-3-1.png","width":95,"height":122,"caption":"CVI NOTICIAS"},"image":{"@id":"https:\/\/cvinoticias.com\/v3\/#\/schema\/logo\/image\/"},"sameAs":["https:\/\/www.facebook.com\/cvinoticias","https:\/\/www.instagram.com\/cvinoticias\/","https:\/\/www.youtube.com\/@CVINOTICIAS"]},{"@type":"Person","@id":"https:\/\/cvinoticias.com\/v3\/#\/schema\/person\/2db77e3c6bc03c538495d7b2b8be9b66","name":"f1000024","image":{"@type":"ImageObject","inLanguage":"es","@id":"https:\/\/secure.gravatar.com\/avatar\/d4fe7459cfc51ff5129ce1a732bbef5928568b8092d412ef95611616376bbeed?s=96&d=mm&r=g","url":"https:\/\/secure.gravatar.com\/avatar\/d4fe7459cfc51ff5129ce1a732bbef5928568b8092d412ef95611616376bbeed?s=96&d=mm&r=g","contentUrl":"https:\/\/secure.gravatar.com\/avatar\/d4fe7459cfc51ff5129ce1a732bbef5928568b8092d412ef95611616376bbeed?s=96&d=mm&r=g","caption":"f1000024"},"url":"https:\/\/cvinoticias.com\/v3\/author\/f1000024\/"}]}},"_links":{"self":[{"href":"https:\/\/cvinoticias.com\/v3\/wp-json\/wp\/v2\/posts\/30336","targetHints":{"allow":["GET"]}}],"collection":[{"href":"https:\/\/cvinoticias.com\/v3\/wp-json\/wp\/v2\/posts"}],"about":[{"href":"https:\/\/cvinoticias.com\/v3\/wp-json\/wp\/v2\/types\/post"}],"author":[{"embeddable":true,"href":"https:\/\/cvinoticias.com\/v3\/wp-json\/wp\/v2\/users\/2"}],"replies":[{"embeddable":true,"href":"https:\/\/cvinoticias.com\/v3\/wp-json\/wp\/v2\/comments?post=30336"}],"version-history":[{"count":1,"href":"https:\/\/cvinoticias.com\/v3\/wp-json\/wp\/v2\/posts\/30336\/revisions"}],"predecessor-version":[{"id":30338,"href":"https:\/\/cvinoticias.com\/v3\/wp-json\/wp\/v2\/posts\/30336\/revisions\/30338"}],"wp:featuredmedia":[{"embeddable":true,"href":"https:\/\/cvinoticias.com\/v3\/wp-json\/wp\/v2\/media\/30337"}],"wp:attachment":[{"href":"https:\/\/cvinoticias.com\/v3\/wp-json\/wp\/v2\/media?parent=30336"}],"wp:term":[{"taxonomy":"category","embeddable":true,"href":"https:\/\/cvinoticias.com\/v3\/wp-json\/wp\/v2\/categories?post=30336"},{"taxonomy":"post_tag","embeddable":true,"href":"https:\/\/cvinoticias.com\/v3\/wp-json\/wp\/v2\/tags?post=30336"}],"curies":[{"name":"wp","href":"https:\/\/api.w.org\/{rel}","templated":true}]}}