{"id":30333,"date":"2023-11-25T20:55:51","date_gmt":"2023-11-25T23:55:51","guid":{"rendered":"https:\/\/cvinoticias.com\/v3\/?p=30333"},"modified":"2023-11-25T20:55:51","modified_gmt":"2023-11-25T23:55:51","slug":"el-insolito-expediente-que-fifa-le-abrio-a-argentina-tras-el-partido-con-brasil","status":"publish","type":"post","link":"https:\/\/cvinoticias.com\/v3\/el-insolito-expediente-que-fifa-le-abrio-a-argentina-tras-el-partido-con-brasil\/","title":{"rendered":"El ins\u00f3lito expediente que FIFA le abri\u00f3 a Argentina tras el partido con Brasil"},"content":{"rendered":"\n<h2 class=\"wp-block-heading\">La FIFA decidi\u00f3 iniciar una investigaci\u00f3n contra ambas selecciones por los bochornosos hechos ocurridos en el Maracan\u00e1.<\/h2>\n\n\n\n<p>No fue un cl\u00e1sico m\u00e1s. El \u00faltimo Brasil \u2013 Argentina disputado en el Maracan\u00e1 tuvo de todo, tanto dentro como fuera de la cancha y tanto antes como durante y post partido. Sin ir m\u00e1s lejos, en la previa del cotejo que se jug\u00f3 el pasado martes en R\u00edo de Janeiro, se dio un bochornoso episodio en las tribunas del estadio Jornalista Mario Filho, en donde la torcida brasile\u00f1a atac\u00f3 a los hinchas argentinos y gener\u00f3 una represi\u00f3n de parte de la polic\u00eda de Brasil, aunque esta fue totalmente imparcial y directamente atac\u00f3 a los visitantes.<\/p>\n\n\n\n<p>El encuentro tuvo que demorarse y los jugadores argentinos tuvieron que intervenir para cuidar a sus hinchas, hasta que\u00a0<strong>ya\u00a0no pudieron hacer m\u00e1s que irse al vestuario para calmar un poco las aguas\u00a0y que se tranquilice la situaci\u00f3n para que se frene la represi\u00f3n y las trifulcas y que, en paralelo, se pudiera iniciar el partido en el Maracan\u00e1.<\/strong><\/p>\n\n\n\n<p><strong>Sobre esta repudiable situaci\u00f3n que se vivi\u00f3 en las tribunas del Maracan\u00e1, este viernes se confirm\u00f3 que, desde la FIFA, lleg\u00f3 una posible sanci\u00f3n para Brasil por lo sucedido\u2026 \u00a1y tambi\u00e9n para Argentina!<\/strong>\u00a0S\u00ed, as\u00ed como se le iniciar\u00e1 una investigaci\u00f3n para los locales mediante la apertura de un expediente, a la Albiceleste tambi\u00e9n y por diversos motivos.<\/p>\n\n\n\n<p>Seg\u00fan inform\u00f3 el medio Doble Amarilla, Brasil sufrir\u00e1 una investigaci\u00f3n en contra en donde se lo acusa de \u201c<em><strong>no garantizar el orden y la seguridad<\/strong><\/em>\u201d de propios y ajenos en el Maracan\u00e1, mientras que a Argentina se le abrir\u00e1 un expediente por \u201c<strong><em>atrasar el inicio del encuentro y por perturbar a los aficionados<\/em><\/strong>\u201d. Una medida realmente ins\u00f3lita de parte de la FIFA, pero que se encuentra dentro del\u00a0<strong>Comit\u00e9 Disciplinario.<\/strong><\/p>\n\n\n\n<p>De hecho, de lo que se acusa a Brasil est\u00e1 contemplado en el art\u00edculo 17, mientras que las cuestiones por las que se le abrir\u00e1 el expediente a Argentina se encuentran en los art\u00edculos 14.5 y 17.2 del reglamento disciplinario de la FIFA.\u00a0<\/p>\n\n\n\n<h2 class=\"wp-block-heading\">\u00bfCu\u00e1les son las sanciones posibles para ambos seleccionados?&nbsp;<\/h2>\n\n\n\n<p>A nivel reglamentario, no hay una especificaci\u00f3n concreta, pero el Comit\u00e9 Disciplinario puede&nbsp;<strong>aplicar multas, partidos sin p\u00fablico, y, en el caso de Brasil puntualmente, la CBF podr\u00eda recibir como sanci\u00f3n que no se utilice el Maracan\u00e1 como sede para los partidos del seleccionado.<\/strong><\/p>\n\n\n\n<p>Cabe destacar que el plazo para el anuncio de las sanciones tampoco est\u00e1\u00a0 especificado y podr\u00eda apelarse ante el Tribunal de la FIFA para ambos casos.<\/p>\n\n\n\n<h2 class=\"wp-block-heading\">El abogado que habl\u00f3 de la apertura del expediente para Brasil y Argentina<\/h2>\n\n\n\n<p>Marcelo Bee Sellares habl\u00f3 acerca de la situaci\u00f3n que deriv\u00f3 en la apertura del expediente para Brasil y Argentina. Sobre la cuesti\u00f3n, destac\u00f3: \u201c<em><strong>El Comit\u00e9 de Disciplina tiene facultades discrecionales. A Brasil le tendr\u00edan que imponer una multa, cierre del estadio y quiz\u00e1 quita de puntos. Porque si aplic\u00e1s solo multas te qued\u00e1s en la misma de siempre<\/strong><\/em>\u201d.<\/p>\n","protected":false},"excerpt":{"rendered":"<p>La FIFA decidi\u00f3 iniciar una investigaci\u00f3n contra ambas selecciones por los bochornosos hechos ocurridos en el Maracan\u00e1. No fue un cl\u00e1sico m\u00e1s. El \u00faltimo Brasil \u2013 Argentina disputado en el Maracan\u00e1 tuvo de todo, tanto dentro como fuera de la cancha y tanto antes como durante y post partido. Sin ir m\u00e1s lejos, en la [&hellip;]<\/p>\n","protected":false},"author":2,"featured_media":30334,"comment_status":"open","ping_status":"open","sticky":false,"template":"","format":"standard","meta":{"footnotes":""},"categories":[24],"tags":[],"class_list":["post-30333","post","type-post","status-publish","format-standard","has-post-thumbnail","hentry","category-deportes"],"yoast_head":"<!-- This site is optimized with the Yoast SEO plugin v27.5 - https:\/\/yoast.com\/product\/yoast-seo-wordpress\/ -->\n<title>El ins\u00f3lito expediente que FIFA le abri\u00f3 a Argentina tras el partido con Brasil | CVI NOTICIAS<\/title>\n<meta name=\"robots\" content=\"index, follow, max-snippet:-1, max-image-preview:large, max-video-preview:-1\" \/>\n<link rel=\"canonical\" href=\"https:\/\/cvinoticias.com\/v3\/el-insolito-expediente-que-fifa-le-abrio-a-argentina-tras-el-partido-con-brasil\/\" \/>\n<meta property=\"og:locale\" content=\"es_ES\" \/>\n<meta property=\"og:type\" content=\"article\" \/>\n<meta property=\"og:title\" content=\"El ins\u00f3lito expediente que FIFA le abri\u00f3 a Argentina tras el partido con Brasil | CVI NOTICIAS\" \/>\n<meta property=\"og:description\" content=\"La FIFA decidi\u00f3 iniciar una investigaci\u00f3n contra ambas selecciones por los bochornosos hechos ocurridos en el Maracan\u00e1. No fue un cl\u00e1sico m\u00e1s. El \u00faltimo Brasil \u2013 Argentina disputado en el Maracan\u00e1 tuvo de todo, tanto dentro como fuera de la cancha y tanto antes como durante y post partido. Sin ir m\u00e1s lejos, en la [&hellip;]\" \/>\n<meta property=\"og:url\" content=\"https:\/\/cvinoticias.com\/v3\/el-insolito-expediente-que-fifa-le-abrio-a-argentina-tras-el-partido-con-brasil\/\" \/>\n<meta property=\"og:site_name\" content=\"CVI NOTICIAS\" \/>\n<meta property=\"article:publisher\" content=\"https:\/\/www.facebook.com\/cvinoticias\" \/>\n<meta property=\"article:published_time\" content=\"2023-11-25T23:55:51+00:00\" \/>\n<meta property=\"og:image\" content=\"https:\/\/cvinoticias.com\/wp-content\/uploads\/2023\/11\/Screenshot_20231125_205513_Facebook.jpg\" \/>\n\t<meta property=\"og:image:width\" content=\"1022\" \/>\n\t<meta property=\"og:image:height\" content=\"570\" \/>\n\t<meta property=\"og:image:type\" content=\"image\/jpeg\" \/>\n<meta name=\"author\" content=\"f1000024\" \/>\n<meta name=\"twitter:card\" content=\"summary_large_image\" \/>\n<meta name=\"twitter:label1\" content=\"Escrito por\" \/>\n\t<meta name=\"twitter:data1\" content=\"f1000024\" \/>\n\t<meta name=\"twitter:label2\" content=\"Tiempo de lectura\" \/>\n\t<meta name=\"twitter:data2\" content=\"3 minutos\" \/>\n<script type=\"application\/ld+json\" class=\"yoast-schema-graph\">{\"@context\":\"https:\\\/\\\/schema.org\",\"@graph\":[{\"@type\":\"Article\",\"@id\":\"https:\\\/\\\/cvinoticias.com\\\/v3\\\/el-insolito-expediente-que-fifa-le-abrio-a-argentina-tras-el-partido-con-brasil\\\/#article\",\"isPartOf\":{\"@id\":\"https:\\\/\\\/cvinoticias.com\\\/v3\\\/el-insolito-expediente-que-fifa-le-abrio-a-argentina-tras-el-partido-con-brasil\\\/\"},\"author\":{\"name\":\"f1000024\",\"@id\":\"https:\\\/\\\/cvinoticias.com\\\/v3\\\/#\\\/schema\\\/person\\\/2db77e3c6bc03c538495d7b2b8be9b66\"},\"headline\":\"El ins\u00f3lito expediente que FIFA le abri\u00f3 a Argentina tras el partido con Brasil\",\"datePublished\":\"2023-11-25T23:55:51+00:00\",\"mainEntityOfPage\":{\"@id\":\"https:\\\/\\\/cvinoticias.com\\\/v3\\\/el-insolito-expediente-que-fifa-le-abrio-a-argentina-tras-el-partido-con-brasil\\\/\"},\"wordCount\":539,\"commentCount\":0,\"publisher\":{\"@id\":\"https:\\\/\\\/cvinoticias.com\\\/v3\\\/#organization\"},\"image\":{\"@id\":\"https:\\\/\\\/cvinoticias.com\\\/v3\\\/el-insolito-expediente-que-fifa-le-abrio-a-argentina-tras-el-partido-con-brasil\\\/#primaryimage\"},\"thumbnailUrl\":\"https:\\\/\\\/cvinoticias.com\\\/wp-content\\\/uploads\\\/2023\\\/11\\\/Screenshot_20231125_205513_Facebook.jpg\",\"articleSection\":[\"Deportes\"],\"inLanguage\":\"es\",\"potentialAction\":[{\"@type\":\"CommentAction\",\"name\":\"Comment\",\"target\":[\"https:\\\/\\\/cvinoticias.com\\\/v3\\\/el-insolito-expediente-que-fifa-le-abrio-a-argentina-tras-el-partido-con-brasil\\\/#respond\"]}]},{\"@type\":\"WebPage\",\"@id\":\"https:\\\/\\\/cvinoticias.com\\\/v3\\\/el-insolito-expediente-que-fifa-le-abrio-a-argentina-tras-el-partido-con-brasil\\\/\",\"url\":\"https:\\\/\\\/cvinoticias.com\\\/v3\\\/el-insolito-expediente-que-fifa-le-abrio-a-argentina-tras-el-partido-con-brasil\\\/\",\"name\":\"El ins\u00f3lito expediente que FIFA le abri\u00f3 a Argentina tras el partido con Brasil | CVI NOTICIAS\",\"isPartOf\":{\"@id\":\"https:\\\/\\\/cvinoticias.com\\\/v3\\\/#website\"},\"primaryImageOfPage\":{\"@id\":\"https:\\\/\\\/cvinoticias.com\\\/v3\\\/el-insolito-expediente-que-fifa-le-abrio-a-argentina-tras-el-partido-con-brasil\\\/#primaryimage\"},\"image\":{\"@id\":\"https:\\\/\\\/cvinoticias.com\\\/v3\\\/el-insolito-expediente-que-fifa-le-abrio-a-argentina-tras-el-partido-con-brasil\\\/#primaryimage\"},\"thumbnailUrl\":\"https:\\\/\\\/cvinoticias.com\\\/wp-content\\\/uploads\\\/2023\\\/11\\\/Screenshot_20231125_205513_Facebook.jpg\",\"datePublished\":\"2023-11-25T23:55:51+00:00\",\"breadcrumb\":{\"@id\":\"https:\\\/\\\/cvinoticias.com\\\/v3\\\/el-insolito-expediente-que-fifa-le-abrio-a-argentina-tras-el-partido-con-brasil\\\/#breadcrumb\"},\"inLanguage\":\"es\",\"potentialAction\":[{\"@type\":\"ReadAction\",\"target\":[\"https:\\\/\\\/cvinoticias.com\\\/v3\\\/el-insolito-expediente-que-fifa-le-abrio-a-argentina-tras-el-partido-con-brasil\\\/\"]}]},{\"@type\":\"ImageObject\",\"inLanguage\":\"es\",\"@id\":\"https:\\\/\\\/cvinoticias.com\\\/v3\\\/el-insolito-expediente-que-fifa-le-abrio-a-argentina-tras-el-partido-con-brasil\\\/#primaryimage\",\"url\":\"https:\\\/\\\/cvinoticias.com\\\/wp-content\\\/uploads\\\/2023\\\/11\\\/Screenshot_20231125_205513_Facebook.jpg\",\"contentUrl\":\"https:\\\/\\\/cvinoticias.com\\\/wp-content\\\/uploads\\\/2023\\\/11\\\/Screenshot_20231125_205513_Facebook.jpg\",\"width\":1022,\"height\":570},{\"@type\":\"BreadcrumbList\",\"@id\":\"https:\\\/\\\/cvinoticias.com\\\/v3\\\/el-insolito-expediente-que-fifa-le-abrio-a-argentina-tras-el-partido-con-brasil\\\/#breadcrumb\",\"itemListElement\":[{\"@type\":\"ListItem\",\"position\":1,\"name\":\"Portada\",\"item\":\"https:\\\/\\\/cvinoticias.com\\\/v3\\\/\"},{\"@type\":\"ListItem\",\"position\":2,\"name\":\"El ins\u00f3lito expediente que FIFA le abri\u00f3 a Argentina tras el partido con Brasil\"}]},{\"@type\":\"WebSite\",\"@id\":\"https:\\\/\\\/cvinoticias.com\\\/v3\\\/#website\",\"url\":\"https:\\\/\\\/cvinoticias.com\\\/v3\\\/\",\"name\":\"CVI NOTICIAS\",\"description\":\"\",\"publisher\":{\"@id\":\"https:\\\/\\\/cvinoticias.com\\\/v3\\\/#organization\"},\"alternateName\":\"CVI\",\"potentialAction\":[{\"@type\":\"SearchAction\",\"target\":{\"@type\":\"EntryPoint\",\"urlTemplate\":\"https:\\\/\\\/cvinoticias.com\\\/v3\\\/?s={search_term_string}\"},\"query-input\":{\"@type\":\"PropertyValueSpecification\",\"valueRequired\":true,\"valueName\":\"search_term_string\"}}],\"inLanguage\":\"es\"},{\"@type\":\"Organization\",\"@id\":\"https:\\\/\\\/cvinoticias.com\\\/v3\\\/#organization\",\"name\":\"CVI NOTICIAS\",\"url\":\"https:\\\/\\\/cvinoticias.com\\\/v3\\\/\",\"logo\":{\"@type\":\"ImageObject\",\"inLanguage\":\"es\",\"@id\":\"https:\\\/\\\/cvinoticias.com\\\/v3\\\/#\\\/schema\\\/logo\\\/image\\\/\",\"url\":\"https:\\\/\\\/cvinoticias.com\\\/wp-content\\\/uploads\\\/2023\\\/04\\\/cropped-cropped-cropped-cropped-cropped-3-1.png\",\"contentUrl\":\"https:\\\/\\\/cvinoticias.com\\\/wp-content\\\/uploads\\\/2023\\\/04\\\/cropped-cropped-cropped-cropped-cropped-3-1.png\",\"width\":95,\"height\":122,\"caption\":\"CVI NOTICIAS\"},\"image\":{\"@id\":\"https:\\\/\\\/cvinoticias.com\\\/v3\\\/#\\\/schema\\\/logo\\\/image\\\/\"},\"sameAs\":[\"https:\\\/\\\/www.facebook.com\\\/cvinoticias\",\"https:\\\/\\\/www.instagram.com\\\/cvinoticias\\\/\",\"https:\\\/\\\/www.youtube.com\\\/@CVINOTICIAS\"]},{\"@type\":\"Person\",\"@id\":\"https:\\\/\\\/cvinoticias.com\\\/v3\\\/#\\\/schema\\\/person\\\/2db77e3c6bc03c538495d7b2b8be9b66\",\"name\":\"f1000024\",\"image\":{\"@type\":\"ImageObject\",\"inLanguage\":\"es\",\"@id\":\"https:\\\/\\\/secure.gravatar.com\\\/avatar\\\/d4fe7459cfc51ff5129ce1a732bbef5928568b8092d412ef95611616376bbeed?s=96&d=mm&r=g\",\"url\":\"https:\\\/\\\/secure.gravatar.com\\\/avatar\\\/d4fe7459cfc51ff5129ce1a732bbef5928568b8092d412ef95611616376bbeed?s=96&d=mm&r=g\",\"contentUrl\":\"https:\\\/\\\/secure.gravatar.com\\\/avatar\\\/d4fe7459cfc51ff5129ce1a732bbef5928568b8092d412ef95611616376bbeed?s=96&d=mm&r=g\",\"caption\":\"f1000024\"},\"url\":\"https:\\\/\\\/cvinoticias.com\\\/v3\\\/author\\\/f1000024\\\/\"}]}<\/script>\n<!-- \/ Yoast SEO plugin. -->","yoast_head_json":{"title":"El ins\u00f3lito expediente que FIFA le abri\u00f3 a Argentina tras el partido con Brasil | CVI NOTICIAS","robots":{"index":"index","follow":"follow","max-snippet":"max-snippet:-1","max-image-preview":"max-image-preview:large","max-video-preview":"max-video-preview:-1"},"canonical":"https:\/\/cvinoticias.com\/v3\/el-insolito-expediente-que-fifa-le-abrio-a-argentina-tras-el-partido-con-brasil\/","og_locale":"es_ES","og_type":"article","og_title":"El ins\u00f3lito expediente que FIFA le abri\u00f3 a Argentina tras el partido con Brasil | CVI NOTICIAS","og_description":"La FIFA decidi\u00f3 iniciar una investigaci\u00f3n contra ambas selecciones por los bochornosos hechos ocurridos en el Maracan\u00e1. No fue un cl\u00e1sico m\u00e1s. El \u00faltimo Brasil \u2013 Argentina disputado en el Maracan\u00e1 tuvo de todo, tanto dentro como fuera de la cancha y tanto antes como durante y post partido. Sin ir m\u00e1s lejos, en la [&hellip;]","og_url":"https:\/\/cvinoticias.com\/v3\/el-insolito-expediente-que-fifa-le-abrio-a-argentina-tras-el-partido-con-brasil\/","og_site_name":"CVI NOTICIAS","article_publisher":"https:\/\/www.facebook.com\/cvinoticias","article_published_time":"2023-11-25T23:55:51+00:00","og_image":[{"width":1022,"height":570,"url":"https:\/\/cvinoticias.com\/wp-content\/uploads\/2023\/11\/Screenshot_20231125_205513_Facebook.jpg","type":"image\/jpeg"}],"author":"f1000024","twitter_card":"summary_large_image","twitter_misc":{"Escrito por":"f1000024","Tiempo de lectura":"3 minutos"},"schema":{"@context":"https:\/\/schema.org","@graph":[{"@type":"Article","@id":"https:\/\/cvinoticias.com\/v3\/el-insolito-expediente-que-fifa-le-abrio-a-argentina-tras-el-partido-con-brasil\/#article","isPartOf":{"@id":"https:\/\/cvinoticias.com\/v3\/el-insolito-expediente-que-fifa-le-abrio-a-argentina-tras-el-partido-con-brasil\/"},"author":{"name":"f1000024","@id":"https:\/\/cvinoticias.com\/v3\/#\/schema\/person\/2db77e3c6bc03c538495d7b2b8be9b66"},"headline":"El ins\u00f3lito expediente que FIFA le abri\u00f3 a Argentina tras el partido con Brasil","datePublished":"2023-11-25T23:55:51+00:00","mainEntityOfPage":{"@id":"https:\/\/cvinoticias.com\/v3\/el-insolito-expediente-que-fifa-le-abrio-a-argentina-tras-el-partido-con-brasil\/"},"wordCount":539,"commentCount":0,"publisher":{"@id":"https:\/\/cvinoticias.com\/v3\/#organization"},"image":{"@id":"https:\/\/cvinoticias.com\/v3\/el-insolito-expediente-que-fifa-le-abrio-a-argentina-tras-el-partido-con-brasil\/#primaryimage"},"thumbnailUrl":"https:\/\/cvinoticias.com\/wp-content\/uploads\/2023\/11\/Screenshot_20231125_205513_Facebook.jpg","articleSection":["Deportes"],"inLanguage":"es","potentialAction":[{"@type":"CommentAction","name":"Comment","target":["https:\/\/cvinoticias.com\/v3\/el-insolito-expediente-que-fifa-le-abrio-a-argentina-tras-el-partido-con-brasil\/#respond"]}]},{"@type":"WebPage","@id":"https:\/\/cvinoticias.com\/v3\/el-insolito-expediente-que-fifa-le-abrio-a-argentina-tras-el-partido-con-brasil\/","url":"https:\/\/cvinoticias.com\/v3\/el-insolito-expediente-que-fifa-le-abrio-a-argentina-tras-el-partido-con-brasil\/","name":"El ins\u00f3lito expediente que FIFA le abri\u00f3 a Argentina tras el partido con Brasil | CVI NOTICIAS","isPartOf":{"@id":"https:\/\/cvinoticias.com\/v3\/#website"},"primaryImageOfPage":{"@id":"https:\/\/cvinoticias.com\/v3\/el-insolito-expediente-que-fifa-le-abrio-a-argentina-tras-el-partido-con-brasil\/#primaryimage"},"image":{"@id":"https:\/\/cvinoticias.com\/v3\/el-insolito-expediente-que-fifa-le-abrio-a-argentina-tras-el-partido-con-brasil\/#primaryimage"},"thumbnailUrl":"https:\/\/cvinoticias.com\/wp-content\/uploads\/2023\/11\/Screenshot_20231125_205513_Facebook.jpg","datePublished":"2023-11-25T23:55:51+00:00","breadcrumb":{"@id":"https:\/\/cvinoticias.com\/v3\/el-insolito-expediente-que-fifa-le-abrio-a-argentina-tras-el-partido-con-brasil\/#breadcrumb"},"inLanguage":"es","potentialAction":[{"@type":"ReadAction","target":["https:\/\/cvinoticias.com\/v3\/el-insolito-expediente-que-fifa-le-abrio-a-argentina-tras-el-partido-con-brasil\/"]}]},{"@type":"ImageObject","inLanguage":"es","@id":"https:\/\/cvinoticias.com\/v3\/el-insolito-expediente-que-fifa-le-abrio-a-argentina-tras-el-partido-con-brasil\/#primaryimage","url":"https:\/\/cvinoticias.com\/wp-content\/uploads\/2023\/11\/Screenshot_20231125_205513_Facebook.jpg","contentUrl":"https:\/\/cvinoticias.com\/wp-content\/uploads\/2023\/11\/Screenshot_20231125_205513_Facebook.jpg","width":1022,"height":570},{"@type":"BreadcrumbList","@id":"https:\/\/cvinoticias.com\/v3\/el-insolito-expediente-que-fifa-le-abrio-a-argentina-tras-el-partido-con-brasil\/#breadcrumb","itemListElement":[{"@type":"ListItem","position":1,"name":"Portada","item":"https:\/\/cvinoticias.com\/v3\/"},{"@type":"ListItem","position":2,"name":"El ins\u00f3lito expediente que FIFA le abri\u00f3 a Argentina tras el partido con Brasil"}]},{"@type":"WebSite","@id":"https:\/\/cvinoticias.com\/v3\/#website","url":"https:\/\/cvinoticias.com\/v3\/","name":"CVI NOTICIAS","description":"","publisher":{"@id":"https:\/\/cvinoticias.com\/v3\/#organization"},"alternateName":"CVI","potentialAction":[{"@type":"SearchAction","target":{"@type":"EntryPoint","urlTemplate":"https:\/\/cvinoticias.com\/v3\/?s={search_term_string}"},"query-input":{"@type":"PropertyValueSpecification","valueRequired":true,"valueName":"search_term_string"}}],"inLanguage":"es"},{"@type":"Organization","@id":"https:\/\/cvinoticias.com\/v3\/#organization","name":"CVI NOTICIAS","url":"https:\/\/cvinoticias.com\/v3\/","logo":{"@type":"ImageObject","inLanguage":"es","@id":"https:\/\/cvinoticias.com\/v3\/#\/schema\/logo\/image\/","url":"https:\/\/cvinoticias.com\/wp-content\/uploads\/2023\/04\/cropped-cropped-cropped-cropped-cropped-3-1.png","contentUrl":"https:\/\/cvinoticias.com\/wp-content\/uploads\/2023\/04\/cropped-cropped-cropped-cropped-cropped-3-1.png","width":95,"height":122,"caption":"CVI NOTICIAS"},"image":{"@id":"https:\/\/cvinoticias.com\/v3\/#\/schema\/logo\/image\/"},"sameAs":["https:\/\/www.facebook.com\/cvinoticias","https:\/\/www.instagram.com\/cvinoticias\/","https:\/\/www.youtube.com\/@CVINOTICIAS"]},{"@type":"Person","@id":"https:\/\/cvinoticias.com\/v3\/#\/schema\/person\/2db77e3c6bc03c538495d7b2b8be9b66","name":"f1000024","image":{"@type":"ImageObject","inLanguage":"es","@id":"https:\/\/secure.gravatar.com\/avatar\/d4fe7459cfc51ff5129ce1a732bbef5928568b8092d412ef95611616376bbeed?s=96&d=mm&r=g","url":"https:\/\/secure.gravatar.com\/avatar\/d4fe7459cfc51ff5129ce1a732bbef5928568b8092d412ef95611616376bbeed?s=96&d=mm&r=g","contentUrl":"https:\/\/secure.gravatar.com\/avatar\/d4fe7459cfc51ff5129ce1a732bbef5928568b8092d412ef95611616376bbeed?s=96&d=mm&r=g","caption":"f1000024"},"url":"https:\/\/cvinoticias.com\/v3\/author\/f1000024\/"}]}},"_links":{"self":[{"href":"https:\/\/cvinoticias.com\/v3\/wp-json\/wp\/v2\/posts\/30333","targetHints":{"allow":["GET"]}}],"collection":[{"href":"https:\/\/cvinoticias.com\/v3\/wp-json\/wp\/v2\/posts"}],"about":[{"href":"https:\/\/cvinoticias.com\/v3\/wp-json\/wp\/v2\/types\/post"}],"author":[{"embeddable":true,"href":"https:\/\/cvinoticias.com\/v3\/wp-json\/wp\/v2\/users\/2"}],"replies":[{"embeddable":true,"href":"https:\/\/cvinoticias.com\/v3\/wp-json\/wp\/v2\/comments?post=30333"}],"version-history":[{"count":1,"href":"https:\/\/cvinoticias.com\/v3\/wp-json\/wp\/v2\/posts\/30333\/revisions"}],"predecessor-version":[{"id":30335,"href":"https:\/\/cvinoticias.com\/v3\/wp-json\/wp\/v2\/posts\/30333\/revisions\/30335"}],"wp:featuredmedia":[{"embeddable":true,"href":"https:\/\/cvinoticias.com\/v3\/wp-json\/wp\/v2\/media\/30334"}],"wp:attachment":[{"href":"https:\/\/cvinoticias.com\/v3\/wp-json\/wp\/v2\/media?parent=30333"}],"wp:term":[{"taxonomy":"category","embeddable":true,"href":"https:\/\/cvinoticias.com\/v3\/wp-json\/wp\/v2\/categories?post=30333"},{"taxonomy":"post_tag","embeddable":true,"href":"https:\/\/cvinoticias.com\/v3\/wp-json\/wp\/v2\/tags?post=30333"}],"curies":[{"name":"wp","href":"https:\/\/api.w.org\/{rel}","templated":true}]}}