{"id":30306,"date":"2023-11-24T09:12:42","date_gmt":"2023-11-24T12:12:42","guid":{"rendered":"https:\/\/cvinoticias.com\/v3\/?p=30306"},"modified":"2023-11-24T09:12:42","modified_gmt":"2023-11-24T12:12:42","slug":"israel-y-hamas-iniciaron-un-alto-el-fuego-fuerte-expectativa-por-la-situacion-de-los-rehenes-argentinos","status":"publish","type":"post","link":"https:\/\/cvinoticias.com\/v3\/israel-y-hamas-iniciaron-un-alto-el-fuego-fuerte-expectativa-por-la-situacion-de-los-rehenes-argentinos\/","title":{"rendered":"Israel y Ham\u00e1s iniciaron un alto el fuego: fuerte expectativa por la situaci\u00f3n de los rehenes argentinos"},"content":{"rendered":"\n<p><strong><em>Inici\u00f3 la tregua en Gaza. Es la primera pausa en una guerra de 48 d\u00edas que devast\u00f3 el enclave palestino. De un total de 250 secuestrados, hay una veintena de argentinos.<\/em><\/strong><\/p>\n\n\n\n<p>Israel y Ham\u00e1s iniciaron este viernes un alto el fuego de cuatro d\u00edas en Gaza y, en las primeras horas despu\u00e9s de que entrara en vigor, no se registraron bombardeos, ataques de artiller\u00eda pesada o cohetes. Es la primera pausa en una guerra de 48 d\u00edas que devast\u00f3 el enclave palestino.<\/p>\n\n\n\n<p>La tregua comenz\u00f3 a las 7.00 (05.00 GMT) e inclu\u00eda un alto el fuego general en el norte y el sur de Gaza, la liberaci\u00f3n por parte de los militantes de 13 rehenes israel\u00edes (mujeres y ni\u00f1os) a lo largo del d\u00eda y la entrada de ayuda en el territorio asediado. A cambio, se iban a liberar a varios prisioneros palestinos retenidos en c\u00e1rceles israel\u00edes.<\/p>\n\n\n\n<p>Un corresponsal de Reuters cerca del norte de Gaza no oy\u00f3 ninguna actividad a\u00e9rea israel\u00ed en el cielo ni vio las estelas de condensaci\u00f3n t\u00edpicas de los lanzamientos de cohetes palestinos.<\/p>\n\n\n\n<p>La televisi\u00f3n libanesa al-Mayadeen inform\u00f3 de que, desde el inicio de la tregua, no se hab\u00edan o\u00eddo bombardeos en Gaza. Sin embargo, afirm\u00f3 que las fuerzas israel\u00edes estaban impidiendo a los residentes regresar a sus hogares en la densamente poblada zona norte del enclave.<\/p>\n\n\n\n<p>Seg\u00fan Al Jazeera, hubo un incidente en el que algunos soldados abrieron fuego, pero no hubo indicios de que se produjeran v\u00edctimas.<\/p>\n\n\n\n<p>No hubo comentarios inmediatos por parte del ej\u00e9rcito israel\u00ed, que anteriormente hab\u00eda hecho un llamamiento a los palestinos para que se mantuvieran alejados del norte de la Franja de Gaza, que describi\u00f3 como una \u00abpeligrosa zona de guerra\u00bb.<\/p>\n\n\n\n<p>En dos pueblos israel\u00edes situados fuera del sur de la Franja de Gaza, sonaron sirenas advirtiendo de la posible llegada de cohetes palestinos. Un portavoz del gobierno israel\u00ed dijo que Ham\u00e1s hab\u00eda lanzado un cohete en violaci\u00f3n de la tregua, pero no hubo informes inmediatos de da\u00f1os.<\/p>\n\n\n\n<p>En la ciudad de Jan Yunis, en el sur de Gaza, donde las calles estaban llenas de gente, el palestino Jaled Abu Anzah dijo a Reuters: \u00abEstamos llenos de esperanza, optimismo y orgullo por nuestra resistencia. Estamos orgullosos de nuestros logros, a pesar del dolor que esto ha causado\u00bb.<\/p>\n\n\n\n<p>Los combates se hab\u00edan recrudecido en las horas previas a la tregua y representantes del enclave gobernado por Ham\u00e1s afirmaron que un hospital de la ciudad de Gaza se encontraba entre los objetivos bombardeados. Ambas partes se\u00f1alaron tambi\u00e9n que la pausa ser\u00eda temporal antes de que se reanudaran los combates.<\/p>\n\n\n\n<p>El Hospital Indonesio se tambaleaba bajo los incesantes bombardeos, funcionaba sin luz y estaba lleno de ancianos postrados en cama y ni\u00f1os demasiado d\u00e9biles para ser trasladados, seg\u00fan las autoridades sanitarias de Gaza. Al Jazeera cit\u00f3 a Munir al-Barsh, director del Ministerio de Sanidad de Gaza, diciendo que un paciente, una mujer herida, hab\u00eda muerto y otros tres hab\u00edan resultado heridos.<\/p>\n\n\n\n<p>El portavoz del Ministerio de Asuntos Exteriores de Qatar, Majed al-Ansari, declar\u00f3 en Doha que a las 16.00 horas (14.00 GMT) comenzar\u00eda a llegar ayuda adicional a Gaza y que los primeros rehenes, entre los que hab\u00eda ancianas, ser\u00edan liberados.<\/p>\n\n\n\n<p>Alrededor de una hora y media despu\u00e9s del comienzo de la tregua entraron camiones de ayuda en la Franja de Gaza desde Egipto, seg\u00fan mostraron im\u00e1genes de Reuters TV.<\/p>\n\n\n\n<p>Egipto dijo que 130.000 litros de gas\u00f3leo y cuatro camiones de gas se entregar\u00e1n diariamente a Gaza cuando comience la tregua y que 200 camiones de ayuda entrar\u00edan diariamente en Gaza.<\/p>\n\n\n\n<p>Se espera que los palestinos sean liberados de las c\u00e1rceles israel\u00edes, dijo el portavoz qatar\u00ed a los periodistas. \u00abTodos esperamos que esta tregua permita iniciar un trabajo m\u00e1s amplio para lograr una tregua permanente\u00bb.<\/p>\n\n\n\n<p><strong>Ham\u00e1s confirm\u00f3 en su canal de Telegram el cese de todas las hostilidades por parte de sus fuerzas.<\/strong><\/p>\n\n\n\n<p><strong>Tregua temporal<\/strong><\/p>\n\n\n\n<p>Aun as\u00ed, Abu Ubaida, portavoz del brazo armado de Ham\u00e1s, se refiri\u00f3 m\u00e1s tarde a \u00abesta tregua temporal\u00bb en un mensaje de v\u00eddeo en el que ped\u00eda una \u00abescalada de la confrontaci\u00f3n con (Israel) en todos los frentes de la resistencia\u00bb, incluida Cisjordania, territorio bajo ocupaci\u00f3n israel\u00ed, donde la violencia se ha recrudecido desde que estall\u00f3 la guerra de Gaza hace casi siete semanas.<\/p>\n\n\n\n<p>El ej\u00e9rcito israel\u00ed dijo que sus tropas permanecer\u00edan detr\u00e1s de una l\u00ednea de alto el fuego dentro de Gaza, sin dar detalles de su posici\u00f3n.<\/p>\n\n\n\n<p>\u00abSer\u00e1n d\u00edas complicados y no hay nada seguro\u00bb, dijo el portavoz militar israel\u00ed Daniel Hagari.<\/p>\n\n\n\n<p>\u00abEl control sobre el norte de Gaza es el primer paso de una larga guerra, y nos estamos preparando para las siguientes etapas\u00bb, a\u00f1adi\u00f3. Israel hab\u00eda recibido una lista inicial de los rehenes que iban a ser liberados y estaba en contacto con las familias, dijo la oficina del primer ministro Benjamin Netanyahu.<\/p>\n\n\n\n<p>En un mensaje en \u00e1rabe en las redes sociales, un portavoz militar israel\u00ed advirti\u00f3 a los palestinos: \u00abLa guerra a\u00fan no ha terminado. La pausa humanitaria es temporal. El norte de la Franja de Gaza es una zona de guerra peligrosa y est\u00e1 prohibido desplazarse hacia el norte. Por su seguridad, deben permanecer en la zona humanitaria del sur\u00bb.<\/p>\n\n\n\n<p>Israel lanz\u00f3 su devastadora invasi\u00f3n de Gaza tras el ataque de que hombres armados de Ham\u00e1s irrumpieran a trav\u00e9s de la valla fronteriza el 7 de octubre, matando a 1.200 personas y apresando a unos 240 rehenes, seg\u00fan los recuentos israel\u00edes.<\/p>\n\n\n\n<p>Desde entonces, Israel bombarde\u00f3 el min\u00fasculo enclave, matando a unos 14.000 gazat\u00edes, alrededor del 40% de ellos ni\u00f1os, seg\u00fan las autoridades sanitarias palestinas. Cientos de miles de los 2,3 millones de habitantes de Gaza han huido de sus hogares para escapar de la violencia, pero las condiciones son cada vez m\u00e1s desesperadas.<\/p>\n\n\n\n<p>Antes del alto el fuego, los combates se intensificaron m\u00e1s el jueves: aviones israel\u00edes atacaron m\u00e1s de 300 objetivos y las tropas libraron intensos combates en los alrededores del campo de refugiados de Jabaliya, al norte de la ciudad de Gaza.<\/p>\n\n\n\n<p>\u00abLa gente est\u00e1 agotada y est\u00e1 perdiendo la esperanza en la humanidad\u00bb, declar\u00f3 el jueves Philippe Lazzarini, comisionado general de la Agencia de la ONU para los Refugiados Palestinos (UNRWA, por sus siglas en ingl\u00e9s), tras haber visto \u00abun sufrimiento indescriptible\u00bb durante una visita a Gaza.<\/p>\n\n\n\n<p>\u00abNecesitan un respiro, merecen dormir sin la angustia de saber si sobrevivir\u00e1n por la noche. Esto es lo m\u00ednimo que cualquiera deber\u00eda poder tener\u00bb, agreg\u00f3.<\/p>\n\n\n\n<p>La alarma internacional se centr\u00f3 en el destino de los hospitales, especialmente en la mitad norte de Gaza, donde todas las instalaciones m\u00e9dicas dejaron de funcionar con pacientes, personal y desplazados atrapados en su interior.<\/p>\n","protected":false},"excerpt":{"rendered":"<p>Inici\u00f3 la tregua en Gaza. Es la primera pausa en una guerra de 48 d\u00edas que devast\u00f3 el enclave palestino. De un total de 250 secuestrados, hay una veintena de argentinos. Israel y Ham\u00e1s iniciaron este viernes un alto el fuego de cuatro d\u00edas en Gaza y, en las primeras horas despu\u00e9s de que entrara [&hellip;]<\/p>\n","protected":false},"author":2,"featured_media":30307,"comment_status":"open","ping_status":"open","sticky":false,"template":"","format":"standard","meta":{"footnotes":""},"categories":[36],"tags":[],"class_list":["post-30306","post","type-post","status-publish","format-standard","has-post-thumbnail","hentry","category-internacionales"],"yoast_head":"<!-- This site is optimized with the Yoast SEO plugin v27.5 - https:\/\/yoast.com\/product\/yoast-seo-wordpress\/ -->\n<title>Israel y Ham\u00e1s iniciaron un alto el fuego: fuerte expectativa por la situaci\u00f3n de los rehenes argentinos | CVI NOTICIAS<\/title>\n<meta name=\"robots\" content=\"index, follow, max-snippet:-1, max-image-preview:large, max-video-preview:-1\" \/>\n<link rel=\"canonical\" href=\"https:\/\/cvinoticias.com\/v3\/israel-y-hamas-iniciaron-un-alto-el-fuego-fuerte-expectativa-por-la-situacion-de-los-rehenes-argentinos\/\" \/>\n<meta property=\"og:locale\" content=\"es_ES\" \/>\n<meta property=\"og:type\" content=\"article\" \/>\n<meta property=\"og:title\" content=\"Israel y Ham\u00e1s iniciaron un alto el fuego: fuerte expectativa por la situaci\u00f3n de los rehenes argentinos | CVI NOTICIAS\" \/>\n<meta property=\"og:description\" content=\"Inici\u00f3 la tregua en Gaza. Es la primera pausa en una guerra de 48 d\u00edas que devast\u00f3 el enclave palestino. De un total de 250 secuestrados, hay una veintena de argentinos. Israel y Ham\u00e1s iniciaron este viernes un alto el fuego de cuatro d\u00edas en Gaza y, en las primeras horas despu\u00e9s de que entrara [&hellip;]\" \/>\n<meta property=\"og:url\" content=\"https:\/\/cvinoticias.com\/v3\/israel-y-hamas-iniciaron-un-alto-el-fuego-fuerte-expectativa-por-la-situacion-de-los-rehenes-argentinos\/\" \/>\n<meta property=\"og:site_name\" content=\"CVI NOTICIAS\" \/>\n<meta property=\"article:publisher\" content=\"https:\/\/www.facebook.com\/cvinoticias\" \/>\n<meta property=\"article:published_time\" content=\"2023-11-24T12:12:42+00:00\" \/>\n<meta property=\"og:image\" content=\"https:\/\/cvinoticias.com\/wp-content\/uploads\/2023\/11\/af8e8902ce470ddd9ec44b682f118ee2_M.jpg\" \/>\n\t<meta property=\"og:image:width\" content=\"768\" \/>\n\t<meta property=\"og:image:height\" content=\"512\" \/>\n\t<meta property=\"og:image:type\" content=\"image\/jpeg\" \/>\n<meta name=\"author\" content=\"f1000024\" \/>\n<meta name=\"twitter:card\" content=\"summary_large_image\" \/>\n<meta name=\"twitter:label1\" content=\"Escrito por\" \/>\n\t<meta name=\"twitter:data1\" content=\"f1000024\" \/>\n\t<meta name=\"twitter:label2\" content=\"Tiempo de lectura\" \/>\n\t<meta name=\"twitter:data2\" content=\"6 minutos\" \/>\n<script type=\"application\/ld+json\" class=\"yoast-schema-graph\">{\"@context\":\"https:\\\/\\\/schema.org\",\"@graph\":[{\"@type\":\"Article\",\"@id\":\"https:\\\/\\\/cvinoticias.com\\\/v3\\\/israel-y-hamas-iniciaron-un-alto-el-fuego-fuerte-expectativa-por-la-situacion-de-los-rehenes-argentinos\\\/#article\",\"isPartOf\":{\"@id\":\"https:\\\/\\\/cvinoticias.com\\\/v3\\\/israel-y-hamas-iniciaron-un-alto-el-fuego-fuerte-expectativa-por-la-situacion-de-los-rehenes-argentinos\\\/\"},\"author\":{\"name\":\"f1000024\",\"@id\":\"https:\\\/\\\/cvinoticias.com\\\/v3\\\/#\\\/schema\\\/person\\\/2db77e3c6bc03c538495d7b2b8be9b66\"},\"headline\":\"Israel y Ham\u00e1s iniciaron un alto el fuego: fuerte expectativa por la situaci\u00f3n de los rehenes argentinos\",\"datePublished\":\"2023-11-24T12:12:42+00:00\",\"mainEntityOfPage\":{\"@id\":\"https:\\\/\\\/cvinoticias.com\\\/v3\\\/israel-y-hamas-iniciaron-un-alto-el-fuego-fuerte-expectativa-por-la-situacion-de-los-rehenes-argentinos\\\/\"},\"wordCount\":1187,\"commentCount\":0,\"publisher\":{\"@id\":\"https:\\\/\\\/cvinoticias.com\\\/v3\\\/#organization\"},\"image\":{\"@id\":\"https:\\\/\\\/cvinoticias.com\\\/v3\\\/israel-y-hamas-iniciaron-un-alto-el-fuego-fuerte-expectativa-por-la-situacion-de-los-rehenes-argentinos\\\/#primaryimage\"},\"thumbnailUrl\":\"https:\\\/\\\/cvinoticias.com\\\/wp-content\\\/uploads\\\/2023\\\/11\\\/af8e8902ce470ddd9ec44b682f118ee2_M.jpg\",\"articleSection\":[\"Internacionales\"],\"inLanguage\":\"es\",\"potentialAction\":[{\"@type\":\"CommentAction\",\"name\":\"Comment\",\"target\":[\"https:\\\/\\\/cvinoticias.com\\\/v3\\\/israel-y-hamas-iniciaron-un-alto-el-fuego-fuerte-expectativa-por-la-situacion-de-los-rehenes-argentinos\\\/#respond\"]}]},{\"@type\":\"WebPage\",\"@id\":\"https:\\\/\\\/cvinoticias.com\\\/v3\\\/israel-y-hamas-iniciaron-un-alto-el-fuego-fuerte-expectativa-por-la-situacion-de-los-rehenes-argentinos\\\/\",\"url\":\"https:\\\/\\\/cvinoticias.com\\\/v3\\\/israel-y-hamas-iniciaron-un-alto-el-fuego-fuerte-expectativa-por-la-situacion-de-los-rehenes-argentinos\\\/\",\"name\":\"Israel y Ham\u00e1s iniciaron un alto el fuego: fuerte expectativa por la situaci\u00f3n de los rehenes argentinos | CVI NOTICIAS\",\"isPartOf\":{\"@id\":\"https:\\\/\\\/cvinoticias.com\\\/v3\\\/#website\"},\"primaryImageOfPage\":{\"@id\":\"https:\\\/\\\/cvinoticias.com\\\/v3\\\/israel-y-hamas-iniciaron-un-alto-el-fuego-fuerte-expectativa-por-la-situacion-de-los-rehenes-argentinos\\\/#primaryimage\"},\"image\":{\"@id\":\"https:\\\/\\\/cvinoticias.com\\\/v3\\\/israel-y-hamas-iniciaron-un-alto-el-fuego-fuerte-expectativa-por-la-situacion-de-los-rehenes-argentinos\\\/#primaryimage\"},\"thumbnailUrl\":\"https:\\\/\\\/cvinoticias.com\\\/wp-content\\\/uploads\\\/2023\\\/11\\\/af8e8902ce470ddd9ec44b682f118ee2_M.jpg\",\"datePublished\":\"2023-11-24T12:12:42+00:00\",\"breadcrumb\":{\"@id\":\"https:\\\/\\\/cvinoticias.com\\\/v3\\\/israel-y-hamas-iniciaron-un-alto-el-fuego-fuerte-expectativa-por-la-situacion-de-los-rehenes-argentinos\\\/#breadcrumb\"},\"inLanguage\":\"es\",\"potentialAction\":[{\"@type\":\"ReadAction\",\"target\":[\"https:\\\/\\\/cvinoticias.com\\\/v3\\\/israel-y-hamas-iniciaron-un-alto-el-fuego-fuerte-expectativa-por-la-situacion-de-los-rehenes-argentinos\\\/\"]}]},{\"@type\":\"ImageObject\",\"inLanguage\":\"es\",\"@id\":\"https:\\\/\\\/cvinoticias.com\\\/v3\\\/israel-y-hamas-iniciaron-un-alto-el-fuego-fuerte-expectativa-por-la-situacion-de-los-rehenes-argentinos\\\/#primaryimage\",\"url\":\"https:\\\/\\\/cvinoticias.com\\\/wp-content\\\/uploads\\\/2023\\\/11\\\/af8e8902ce470ddd9ec44b682f118ee2_M.jpg\",\"contentUrl\":\"https:\\\/\\\/cvinoticias.com\\\/wp-content\\\/uploads\\\/2023\\\/11\\\/af8e8902ce470ddd9ec44b682f118ee2_M.jpg\",\"width\":768,\"height\":512},{\"@type\":\"BreadcrumbList\",\"@id\":\"https:\\\/\\\/cvinoticias.com\\\/v3\\\/israel-y-hamas-iniciaron-un-alto-el-fuego-fuerte-expectativa-por-la-situacion-de-los-rehenes-argentinos\\\/#breadcrumb\",\"itemListElement\":[{\"@type\":\"ListItem\",\"position\":1,\"name\":\"Portada\",\"item\":\"https:\\\/\\\/cvinoticias.com\\\/v3\\\/\"},{\"@type\":\"ListItem\",\"position\":2,\"name\":\"Israel y Ham\u00e1s iniciaron un alto el fuego: fuerte expectativa por la situaci\u00f3n de los rehenes argentinos\"}]},{\"@type\":\"WebSite\",\"@id\":\"https:\\\/\\\/cvinoticias.com\\\/v3\\\/#website\",\"url\":\"https:\\\/\\\/cvinoticias.com\\\/v3\\\/\",\"name\":\"CVI NOTICIAS\",\"description\":\"\",\"publisher\":{\"@id\":\"https:\\\/\\\/cvinoticias.com\\\/v3\\\/#organization\"},\"alternateName\":\"CVI\",\"potentialAction\":[{\"@type\":\"SearchAction\",\"target\":{\"@type\":\"EntryPoint\",\"urlTemplate\":\"https:\\\/\\\/cvinoticias.com\\\/v3\\\/?s={search_term_string}\"},\"query-input\":{\"@type\":\"PropertyValueSpecification\",\"valueRequired\":true,\"valueName\":\"search_term_string\"}}],\"inLanguage\":\"es\"},{\"@type\":\"Organization\",\"@id\":\"https:\\\/\\\/cvinoticias.com\\\/v3\\\/#organization\",\"name\":\"CVI NOTICIAS\",\"url\":\"https:\\\/\\\/cvinoticias.com\\\/v3\\\/\",\"logo\":{\"@type\":\"ImageObject\",\"inLanguage\":\"es\",\"@id\":\"https:\\\/\\\/cvinoticias.com\\\/v3\\\/#\\\/schema\\\/logo\\\/image\\\/\",\"url\":\"https:\\\/\\\/cvinoticias.com\\\/wp-content\\\/uploads\\\/2023\\\/04\\\/cropped-cropped-cropped-cropped-cropped-3-1.png\",\"contentUrl\":\"https:\\\/\\\/cvinoticias.com\\\/wp-content\\\/uploads\\\/2023\\\/04\\\/cropped-cropped-cropped-cropped-cropped-3-1.png\",\"width\":95,\"height\":122,\"caption\":\"CVI NOTICIAS\"},\"image\":{\"@id\":\"https:\\\/\\\/cvinoticias.com\\\/v3\\\/#\\\/schema\\\/logo\\\/image\\\/\"},\"sameAs\":[\"https:\\\/\\\/www.facebook.com\\\/cvinoticias\",\"https:\\\/\\\/www.instagram.com\\\/cvinoticias\\\/\",\"https:\\\/\\\/www.youtube.com\\\/@CVINOTICIAS\"]},{\"@type\":\"Person\",\"@id\":\"https:\\\/\\\/cvinoticias.com\\\/v3\\\/#\\\/schema\\\/person\\\/2db77e3c6bc03c538495d7b2b8be9b66\",\"name\":\"f1000024\",\"image\":{\"@type\":\"ImageObject\",\"inLanguage\":\"es\",\"@id\":\"https:\\\/\\\/secure.gravatar.com\\\/avatar\\\/d4fe7459cfc51ff5129ce1a732bbef5928568b8092d412ef95611616376bbeed?s=96&d=mm&r=g\",\"url\":\"https:\\\/\\\/secure.gravatar.com\\\/avatar\\\/d4fe7459cfc51ff5129ce1a732bbef5928568b8092d412ef95611616376bbeed?s=96&d=mm&r=g\",\"contentUrl\":\"https:\\\/\\\/secure.gravatar.com\\\/avatar\\\/d4fe7459cfc51ff5129ce1a732bbef5928568b8092d412ef95611616376bbeed?s=96&d=mm&r=g\",\"caption\":\"f1000024\"},\"url\":\"https:\\\/\\\/cvinoticias.com\\\/v3\\\/author\\\/f1000024\\\/\"}]}<\/script>\n<!-- \/ Yoast SEO plugin. -->","yoast_head_json":{"title":"Israel y Ham\u00e1s iniciaron un alto el fuego: fuerte expectativa por la situaci\u00f3n de los rehenes argentinos | CVI NOTICIAS","robots":{"index":"index","follow":"follow","max-snippet":"max-snippet:-1","max-image-preview":"max-image-preview:large","max-video-preview":"max-video-preview:-1"},"canonical":"https:\/\/cvinoticias.com\/v3\/israel-y-hamas-iniciaron-un-alto-el-fuego-fuerte-expectativa-por-la-situacion-de-los-rehenes-argentinos\/","og_locale":"es_ES","og_type":"article","og_title":"Israel y Ham\u00e1s iniciaron un alto el fuego: fuerte expectativa por la situaci\u00f3n de los rehenes argentinos | CVI NOTICIAS","og_description":"Inici\u00f3 la tregua en Gaza. Es la primera pausa en una guerra de 48 d\u00edas que devast\u00f3 el enclave palestino. De un total de 250 secuestrados, hay una veintena de argentinos. Israel y Ham\u00e1s iniciaron este viernes un alto el fuego de cuatro d\u00edas en Gaza y, en las primeras horas despu\u00e9s de que entrara [&hellip;]","og_url":"https:\/\/cvinoticias.com\/v3\/israel-y-hamas-iniciaron-un-alto-el-fuego-fuerte-expectativa-por-la-situacion-de-los-rehenes-argentinos\/","og_site_name":"CVI NOTICIAS","article_publisher":"https:\/\/www.facebook.com\/cvinoticias","article_published_time":"2023-11-24T12:12:42+00:00","og_image":[{"width":768,"height":512,"url":"https:\/\/cvinoticias.com\/wp-content\/uploads\/2023\/11\/af8e8902ce470ddd9ec44b682f118ee2_M.jpg","type":"image\/jpeg"}],"author":"f1000024","twitter_card":"summary_large_image","twitter_misc":{"Escrito por":"f1000024","Tiempo de lectura":"6 minutos"},"schema":{"@context":"https:\/\/schema.org","@graph":[{"@type":"Article","@id":"https:\/\/cvinoticias.com\/v3\/israel-y-hamas-iniciaron-un-alto-el-fuego-fuerte-expectativa-por-la-situacion-de-los-rehenes-argentinos\/#article","isPartOf":{"@id":"https:\/\/cvinoticias.com\/v3\/israel-y-hamas-iniciaron-un-alto-el-fuego-fuerte-expectativa-por-la-situacion-de-los-rehenes-argentinos\/"},"author":{"name":"f1000024","@id":"https:\/\/cvinoticias.com\/v3\/#\/schema\/person\/2db77e3c6bc03c538495d7b2b8be9b66"},"headline":"Israel y Ham\u00e1s iniciaron un alto el fuego: fuerte expectativa por la situaci\u00f3n de los rehenes argentinos","datePublished":"2023-11-24T12:12:42+00:00","mainEntityOfPage":{"@id":"https:\/\/cvinoticias.com\/v3\/israel-y-hamas-iniciaron-un-alto-el-fuego-fuerte-expectativa-por-la-situacion-de-los-rehenes-argentinos\/"},"wordCount":1187,"commentCount":0,"publisher":{"@id":"https:\/\/cvinoticias.com\/v3\/#organization"},"image":{"@id":"https:\/\/cvinoticias.com\/v3\/israel-y-hamas-iniciaron-un-alto-el-fuego-fuerte-expectativa-por-la-situacion-de-los-rehenes-argentinos\/#primaryimage"},"thumbnailUrl":"https:\/\/cvinoticias.com\/wp-content\/uploads\/2023\/11\/af8e8902ce470ddd9ec44b682f118ee2_M.jpg","articleSection":["Internacionales"],"inLanguage":"es","potentialAction":[{"@type":"CommentAction","name":"Comment","target":["https:\/\/cvinoticias.com\/v3\/israel-y-hamas-iniciaron-un-alto-el-fuego-fuerte-expectativa-por-la-situacion-de-los-rehenes-argentinos\/#respond"]}]},{"@type":"WebPage","@id":"https:\/\/cvinoticias.com\/v3\/israel-y-hamas-iniciaron-un-alto-el-fuego-fuerte-expectativa-por-la-situacion-de-los-rehenes-argentinos\/","url":"https:\/\/cvinoticias.com\/v3\/israel-y-hamas-iniciaron-un-alto-el-fuego-fuerte-expectativa-por-la-situacion-de-los-rehenes-argentinos\/","name":"Israel y Ham\u00e1s iniciaron un alto el fuego: fuerte expectativa por la situaci\u00f3n de los rehenes argentinos | CVI NOTICIAS","isPartOf":{"@id":"https:\/\/cvinoticias.com\/v3\/#website"},"primaryImageOfPage":{"@id":"https:\/\/cvinoticias.com\/v3\/israel-y-hamas-iniciaron-un-alto-el-fuego-fuerte-expectativa-por-la-situacion-de-los-rehenes-argentinos\/#primaryimage"},"image":{"@id":"https:\/\/cvinoticias.com\/v3\/israel-y-hamas-iniciaron-un-alto-el-fuego-fuerte-expectativa-por-la-situacion-de-los-rehenes-argentinos\/#primaryimage"},"thumbnailUrl":"https:\/\/cvinoticias.com\/wp-content\/uploads\/2023\/11\/af8e8902ce470ddd9ec44b682f118ee2_M.jpg","datePublished":"2023-11-24T12:12:42+00:00","breadcrumb":{"@id":"https:\/\/cvinoticias.com\/v3\/israel-y-hamas-iniciaron-un-alto-el-fuego-fuerte-expectativa-por-la-situacion-de-los-rehenes-argentinos\/#breadcrumb"},"inLanguage":"es","potentialAction":[{"@type":"ReadAction","target":["https:\/\/cvinoticias.com\/v3\/israel-y-hamas-iniciaron-un-alto-el-fuego-fuerte-expectativa-por-la-situacion-de-los-rehenes-argentinos\/"]}]},{"@type":"ImageObject","inLanguage":"es","@id":"https:\/\/cvinoticias.com\/v3\/israel-y-hamas-iniciaron-un-alto-el-fuego-fuerte-expectativa-por-la-situacion-de-los-rehenes-argentinos\/#primaryimage","url":"https:\/\/cvinoticias.com\/wp-content\/uploads\/2023\/11\/af8e8902ce470ddd9ec44b682f118ee2_M.jpg","contentUrl":"https:\/\/cvinoticias.com\/wp-content\/uploads\/2023\/11\/af8e8902ce470ddd9ec44b682f118ee2_M.jpg","width":768,"height":512},{"@type":"BreadcrumbList","@id":"https:\/\/cvinoticias.com\/v3\/israel-y-hamas-iniciaron-un-alto-el-fuego-fuerte-expectativa-por-la-situacion-de-los-rehenes-argentinos\/#breadcrumb","itemListElement":[{"@type":"ListItem","position":1,"name":"Portada","item":"https:\/\/cvinoticias.com\/v3\/"},{"@type":"ListItem","position":2,"name":"Israel y Ham\u00e1s iniciaron un alto el fuego: fuerte expectativa por la situaci\u00f3n de los rehenes argentinos"}]},{"@type":"WebSite","@id":"https:\/\/cvinoticias.com\/v3\/#website","url":"https:\/\/cvinoticias.com\/v3\/","name":"CVI NOTICIAS","description":"","publisher":{"@id":"https:\/\/cvinoticias.com\/v3\/#organization"},"alternateName":"CVI","potentialAction":[{"@type":"SearchAction","target":{"@type":"EntryPoint","urlTemplate":"https:\/\/cvinoticias.com\/v3\/?s={search_term_string}"},"query-input":{"@type":"PropertyValueSpecification","valueRequired":true,"valueName":"search_term_string"}}],"inLanguage":"es"},{"@type":"Organization","@id":"https:\/\/cvinoticias.com\/v3\/#organization","name":"CVI NOTICIAS","url":"https:\/\/cvinoticias.com\/v3\/","logo":{"@type":"ImageObject","inLanguage":"es","@id":"https:\/\/cvinoticias.com\/v3\/#\/schema\/logo\/image\/","url":"https:\/\/cvinoticias.com\/wp-content\/uploads\/2023\/04\/cropped-cropped-cropped-cropped-cropped-3-1.png","contentUrl":"https:\/\/cvinoticias.com\/wp-content\/uploads\/2023\/04\/cropped-cropped-cropped-cropped-cropped-3-1.png","width":95,"height":122,"caption":"CVI NOTICIAS"},"image":{"@id":"https:\/\/cvinoticias.com\/v3\/#\/schema\/logo\/image\/"},"sameAs":["https:\/\/www.facebook.com\/cvinoticias","https:\/\/www.instagram.com\/cvinoticias\/","https:\/\/www.youtube.com\/@CVINOTICIAS"]},{"@type":"Person","@id":"https:\/\/cvinoticias.com\/v3\/#\/schema\/person\/2db77e3c6bc03c538495d7b2b8be9b66","name":"f1000024","image":{"@type":"ImageObject","inLanguage":"es","@id":"https:\/\/secure.gravatar.com\/avatar\/d4fe7459cfc51ff5129ce1a732bbef5928568b8092d412ef95611616376bbeed?s=96&d=mm&r=g","url":"https:\/\/secure.gravatar.com\/avatar\/d4fe7459cfc51ff5129ce1a732bbef5928568b8092d412ef95611616376bbeed?s=96&d=mm&r=g","contentUrl":"https:\/\/secure.gravatar.com\/avatar\/d4fe7459cfc51ff5129ce1a732bbef5928568b8092d412ef95611616376bbeed?s=96&d=mm&r=g","caption":"f1000024"},"url":"https:\/\/cvinoticias.com\/v3\/author\/f1000024\/"}]}},"_links":{"self":[{"href":"https:\/\/cvinoticias.com\/v3\/wp-json\/wp\/v2\/posts\/30306","targetHints":{"allow":["GET"]}}],"collection":[{"href":"https:\/\/cvinoticias.com\/v3\/wp-json\/wp\/v2\/posts"}],"about":[{"href":"https:\/\/cvinoticias.com\/v3\/wp-json\/wp\/v2\/types\/post"}],"author":[{"embeddable":true,"href":"https:\/\/cvinoticias.com\/v3\/wp-json\/wp\/v2\/users\/2"}],"replies":[{"embeddable":true,"href":"https:\/\/cvinoticias.com\/v3\/wp-json\/wp\/v2\/comments?post=30306"}],"version-history":[{"count":1,"href":"https:\/\/cvinoticias.com\/v3\/wp-json\/wp\/v2\/posts\/30306\/revisions"}],"predecessor-version":[{"id":30308,"href":"https:\/\/cvinoticias.com\/v3\/wp-json\/wp\/v2\/posts\/30306\/revisions\/30308"}],"wp:featuredmedia":[{"embeddable":true,"href":"https:\/\/cvinoticias.com\/v3\/wp-json\/wp\/v2\/media\/30307"}],"wp:attachment":[{"href":"https:\/\/cvinoticias.com\/v3\/wp-json\/wp\/v2\/media?parent=30306"}],"wp:term":[{"taxonomy":"category","embeddable":true,"href":"https:\/\/cvinoticias.com\/v3\/wp-json\/wp\/v2\/categories?post=30306"},{"taxonomy":"post_tag","embeddable":true,"href":"https:\/\/cvinoticias.com\/v3\/wp-json\/wp\/v2\/tags?post=30306"}],"curies":[{"name":"wp","href":"https:\/\/api.w.org\/{rel}","templated":true}]}}