{"id":30291,"date":"2023-11-23T20:42:51","date_gmt":"2023-11-23T23:42:51","guid":{"rendered":"https:\/\/cvinoticias.com\/v3\/?p=30291"},"modified":"2023-11-23T20:42:51","modified_gmt":"2023-11-23T23:42:51","slug":"patricia-bullrich-sera-la-ministra-de-seguridad-de-milei","status":"publish","type":"post","link":"https:\/\/cvinoticias.com\/v3\/patricia-bullrich-sera-la-ministra-de-seguridad-de-milei\/","title":{"rendered":"Patricia Bullrich ser\u00e1 la ministra de Seguridad de Milei"},"content":{"rendered":"\n<p><strong><em>La ex candidata presidencial de Juntos por el Cambio Patricia Bullrich ser\u00e1 la ministra de Seguridad del Gobierno de Javier Milei a partir del 10 de diciembre.<\/em><\/strong><\/p>\n\n\n\n<p>La presidenta del PRO ya hab\u00eda ejercido el cargo durante los cuatro a\u00f1os del Gobierno de Mauricio Macri, y vuelve a la misma funci\u00f3n en el marco de un acuerdo con La Libertad Avanza.<\/p>\n\n\n\n<p>Bullrich qued\u00f3 en tercer lugar en las elecciones presidenciales del 22 de octubre pasado y por intermedio de Macri acept\u00f3 acompa\u00f1ar a Milei de cara al balotaje y hacer campa\u00f1a junto a \u00e9l.<\/p>\n\n\n\n<p>La principal referente de \u00ablos halcones\u00bb del PRO metaboliz\u00f3 r\u00e1pidamente la derrota y fue parte del Pacto de Acassuso que se llev\u00f3 a cabo en la residencia del ex presidente al d\u00eda siguiente de los comicios.<\/p>\n\n\n\n<p>All\u00ed se acordaron los t\u00e9rminos del acompa\u00f1amiento del sector m\u00e1s duro del macrismo, que implic\u00f3 un compromiso del PRO para aportar fiscalizaci\u00f3n en todo el pa\u00eds para la segunda vuelta que el libertario iba a disputar y ganar contra el candidato de Uni\u00f3n por la Patria, Sergio Massa.<\/p>\n\n\n\n<p>Dicho pacto fue muy criticado por distintos sectores de Juntos por el Cambio, una alianza que qued\u00f3 al borde de la ruptura a partir de la salida de los sectores m\u00e1s duros del PRO a una coalici\u00f3n de derecha con La Libertad Alianza.<\/p>\n\n\n\n<p>El lunes pasado, consultada sobre la posibilidad de volver a desempe\u00f1arse como ministra de Seguridad, Bullrich mostr\u00f3 poco entusiasmo, pero dej\u00f3 abierta una puerta.<\/p>\n\n\n\n<p>\u00abSi vos me pregunt\u00e1s si me gustar\u00eda volver a un lugar en el que ya estuve, te digo que no es lo que m\u00e1s me gusta. Uno cuando ya estuvo en un lugar no se si es lo mejor volver\u00bb, hab\u00eda expresado.<\/p>\n\n\n\n<p>Sin embargo, en la misma entrevista aclar\u00f3 que \u00abhablando las cosas, uno se puede entender\u00bb.<\/p>\n\n\n\n<p>Seg\u00fan lo que ven\u00eda anunciado Milei antes del balotaje, las \u00e1reas de Seguridad y Defensa iban a estar en la \u00f3rbita de su compa\u00f1era de f\u00f3rmula y vicepresidenta electa, Victoria Villarruel, pero finalmente termin\u00f3 pesando m\u00e1s la devoluci\u00f3n de favores a Bullrich y al PRO.<\/p>\n\n\n\n<p><strong>La agenda de Milei<\/strong><\/p>\n\n\n\n<p>El presidente electo mantuvo este jueves por la ma\u00f1ana reuniones con sus equipos t\u00e9cnicos y por la tarde confirm\u00f3 que suspendi\u00f3 su visita a Estados Unidos este fin de semana para enfocarse en el armado de \u201csus equipos de trabajo\u201d.<\/p>\n\n\n\n<p>El viaje iba a ser una estad\u00eda corta ya que la semana pr\u00f3xima debe estar en Buenos Aires para participar -junto a Victoria Villarruel- de la Asamblea Legislativa que los proclamar\u00e1 como Presidente y Vicepresidente de la Naci\u00f3n.<\/p>\n\n\n\n<p>\u201cTengo planeado viajar a Estados Unidos, a Nueva York, es una cuesti\u00f3n espiritual. Voy a ir donde rezaba el rebe\u201d, hab\u00eda contado el mi\u00e9rcoles Milei en declaraciones al programa \u201cA dos Voces\u201d de Todo Noticias (TN).<\/p>\n\n\n\n<p>Se trata de la tumba del rabino Menachem Mendel Schneerson, conocido como \u201cel rebe de Lubavitch\u201d y considerado milagroso, que se encuentra en Queens, Nueva York, a donde Milei ya hab\u00eda viajado antes de las PASO de agosto.<\/p>\n","protected":false},"excerpt":{"rendered":"<p>La ex candidata presidencial de Juntos por el Cambio Patricia Bullrich ser\u00e1 la ministra de Seguridad del Gobierno de Javier Milei a partir del 10 de diciembre. La presidenta del PRO ya hab\u00eda ejercido el cargo durante los cuatro a\u00f1os del Gobierno de Mauricio Macri, y vuelve a la misma funci\u00f3n en el marco de [&hellip;]<\/p>\n","protected":false},"author":2,"featured_media":30292,"comment_status":"open","ping_status":"open","sticky":false,"template":"","format":"standard","meta":{"footnotes":""},"categories":[45],"tags":[],"class_list":["post-30291","post","type-post","status-publish","format-standard","has-post-thumbnail","hentry","category-seguridad"],"yoast_head":"<!-- This site is optimized with the Yoast SEO plugin v27.4 - https:\/\/yoast.com\/product\/yoast-seo-wordpress\/ -->\n<title>Patricia Bullrich ser\u00e1 la ministra de Seguridad de Milei | CVI NOTICIAS<\/title>\n<meta name=\"robots\" content=\"index, follow, max-snippet:-1, max-image-preview:large, max-video-preview:-1\" \/>\n<link rel=\"canonical\" href=\"https:\/\/cvinoticias.com\/v3\/patricia-bullrich-sera-la-ministra-de-seguridad-de-milei\/\" \/>\n<meta property=\"og:locale\" content=\"es_ES\" \/>\n<meta property=\"og:type\" content=\"article\" \/>\n<meta property=\"og:title\" content=\"Patricia Bullrich ser\u00e1 la ministra de Seguridad de Milei | CVI NOTICIAS\" \/>\n<meta property=\"og:description\" content=\"La ex candidata presidencial de Juntos por el Cambio Patricia Bullrich ser\u00e1 la ministra de Seguridad del Gobierno de Javier Milei a partir del 10 de diciembre. La presidenta del PRO ya hab\u00eda ejercido el cargo durante los cuatro a\u00f1os del Gobierno de Mauricio Macri, y vuelve a la misma funci\u00f3n en el marco de [&hellip;]\" \/>\n<meta property=\"og:url\" content=\"https:\/\/cvinoticias.com\/v3\/patricia-bullrich-sera-la-ministra-de-seguridad-de-milei\/\" \/>\n<meta property=\"og:site_name\" content=\"CVI NOTICIAS\" \/>\n<meta property=\"article:publisher\" content=\"https:\/\/www.facebook.com\/cvinoticias\" \/>\n<meta property=\"article:published_time\" content=\"2023-11-23T23:42:51+00:00\" \/>\n<meta property=\"og:image\" content=\"https:\/\/cvinoticias.com\/wp-content\/uploads\/2023\/11\/Milei-Bullrich-1.jpg\" \/>\n\t<meta property=\"og:image:width\" content=\"1162\" \/>\n\t<meta property=\"og:image:height\" content=\"816\" \/>\n\t<meta property=\"og:image:type\" content=\"image\/jpeg\" \/>\n<meta name=\"author\" content=\"f1000024\" \/>\n<meta name=\"twitter:card\" content=\"summary_large_image\" \/>\n<meta name=\"twitter:label1\" content=\"Escrito por\" \/>\n\t<meta name=\"twitter:data1\" content=\"f1000024\" \/>\n\t<meta name=\"twitter:label2\" content=\"Tiempo de lectura\" \/>\n\t<meta name=\"twitter:data2\" content=\"3 minutos\" \/>\n<script type=\"application\/ld+json\" class=\"yoast-schema-graph\">{\"@context\":\"https:\\\/\\\/schema.org\",\"@graph\":[{\"@type\":\"Article\",\"@id\":\"https:\\\/\\\/cvinoticias.com\\\/v3\\\/patricia-bullrich-sera-la-ministra-de-seguridad-de-milei\\\/#article\",\"isPartOf\":{\"@id\":\"https:\\\/\\\/cvinoticias.com\\\/v3\\\/patricia-bullrich-sera-la-ministra-de-seguridad-de-milei\\\/\"},\"author\":{\"name\":\"f1000024\",\"@id\":\"https:\\\/\\\/cvinoticias.com\\\/v3\\\/#\\\/schema\\\/person\\\/2db77e3c6bc03c538495d7b2b8be9b66\"},\"headline\":\"Patricia Bullrich ser\u00e1 la ministra de Seguridad de Milei\",\"datePublished\":\"2023-11-23T23:42:51+00:00\",\"mainEntityOfPage\":{\"@id\":\"https:\\\/\\\/cvinoticias.com\\\/v3\\\/patricia-bullrich-sera-la-ministra-de-seguridad-de-milei\\\/\"},\"wordCount\":545,\"commentCount\":0,\"publisher\":{\"@id\":\"https:\\\/\\\/cvinoticias.com\\\/v3\\\/#organization\"},\"image\":{\"@id\":\"https:\\\/\\\/cvinoticias.com\\\/v3\\\/patricia-bullrich-sera-la-ministra-de-seguridad-de-milei\\\/#primaryimage\"},\"thumbnailUrl\":\"https:\\\/\\\/cvinoticias.com\\\/wp-content\\\/uploads\\\/2023\\\/11\\\/Milei-Bullrich-1.jpg\",\"articleSection\":[\"Seguridad\"],\"inLanguage\":\"es\",\"potentialAction\":[{\"@type\":\"CommentAction\",\"name\":\"Comment\",\"target\":[\"https:\\\/\\\/cvinoticias.com\\\/v3\\\/patricia-bullrich-sera-la-ministra-de-seguridad-de-milei\\\/#respond\"]}]},{\"@type\":\"WebPage\",\"@id\":\"https:\\\/\\\/cvinoticias.com\\\/v3\\\/patricia-bullrich-sera-la-ministra-de-seguridad-de-milei\\\/\",\"url\":\"https:\\\/\\\/cvinoticias.com\\\/v3\\\/patricia-bullrich-sera-la-ministra-de-seguridad-de-milei\\\/\",\"name\":\"Patricia Bullrich ser\u00e1 la ministra de Seguridad de Milei | CVI NOTICIAS\",\"isPartOf\":{\"@id\":\"https:\\\/\\\/cvinoticias.com\\\/v3\\\/#website\"},\"primaryImageOfPage\":{\"@id\":\"https:\\\/\\\/cvinoticias.com\\\/v3\\\/patricia-bullrich-sera-la-ministra-de-seguridad-de-milei\\\/#primaryimage\"},\"image\":{\"@id\":\"https:\\\/\\\/cvinoticias.com\\\/v3\\\/patricia-bullrich-sera-la-ministra-de-seguridad-de-milei\\\/#primaryimage\"},\"thumbnailUrl\":\"https:\\\/\\\/cvinoticias.com\\\/wp-content\\\/uploads\\\/2023\\\/11\\\/Milei-Bullrich-1.jpg\",\"datePublished\":\"2023-11-23T23:42:51+00:00\",\"breadcrumb\":{\"@id\":\"https:\\\/\\\/cvinoticias.com\\\/v3\\\/patricia-bullrich-sera-la-ministra-de-seguridad-de-milei\\\/#breadcrumb\"},\"inLanguage\":\"es\",\"potentialAction\":[{\"@type\":\"ReadAction\",\"target\":[\"https:\\\/\\\/cvinoticias.com\\\/v3\\\/patricia-bullrich-sera-la-ministra-de-seguridad-de-milei\\\/\"]}]},{\"@type\":\"ImageObject\",\"inLanguage\":\"es\",\"@id\":\"https:\\\/\\\/cvinoticias.com\\\/v3\\\/patricia-bullrich-sera-la-ministra-de-seguridad-de-milei\\\/#primaryimage\",\"url\":\"https:\\\/\\\/cvinoticias.com\\\/wp-content\\\/uploads\\\/2023\\\/11\\\/Milei-Bullrich-1.jpg\",\"contentUrl\":\"https:\\\/\\\/cvinoticias.com\\\/wp-content\\\/uploads\\\/2023\\\/11\\\/Milei-Bullrich-1.jpg\",\"width\":1162,\"height\":816},{\"@type\":\"BreadcrumbList\",\"@id\":\"https:\\\/\\\/cvinoticias.com\\\/v3\\\/patricia-bullrich-sera-la-ministra-de-seguridad-de-milei\\\/#breadcrumb\",\"itemListElement\":[{\"@type\":\"ListItem\",\"position\":1,\"name\":\"Portada\",\"item\":\"https:\\\/\\\/cvinoticias.com\\\/v3\\\/\"},{\"@type\":\"ListItem\",\"position\":2,\"name\":\"Patricia Bullrich ser\u00e1 la ministra de Seguridad de Milei\"}]},{\"@type\":\"WebSite\",\"@id\":\"https:\\\/\\\/cvinoticias.com\\\/v3\\\/#website\",\"url\":\"https:\\\/\\\/cvinoticias.com\\\/v3\\\/\",\"name\":\"CVI NOTICIAS\",\"description\":\"\",\"publisher\":{\"@id\":\"https:\\\/\\\/cvinoticias.com\\\/v3\\\/#organization\"},\"alternateName\":\"CVI\",\"potentialAction\":[{\"@type\":\"SearchAction\",\"target\":{\"@type\":\"EntryPoint\",\"urlTemplate\":\"https:\\\/\\\/cvinoticias.com\\\/v3\\\/?s={search_term_string}\"},\"query-input\":{\"@type\":\"PropertyValueSpecification\",\"valueRequired\":true,\"valueName\":\"search_term_string\"}}],\"inLanguage\":\"es\"},{\"@type\":\"Organization\",\"@id\":\"https:\\\/\\\/cvinoticias.com\\\/v3\\\/#organization\",\"name\":\"CVI NOTICIAS\",\"url\":\"https:\\\/\\\/cvinoticias.com\\\/v3\\\/\",\"logo\":{\"@type\":\"ImageObject\",\"inLanguage\":\"es\",\"@id\":\"https:\\\/\\\/cvinoticias.com\\\/v3\\\/#\\\/schema\\\/logo\\\/image\\\/\",\"url\":\"https:\\\/\\\/cvinoticias.com\\\/wp-content\\\/uploads\\\/2023\\\/04\\\/cropped-cropped-cropped-cropped-cropped-3-1.png\",\"contentUrl\":\"https:\\\/\\\/cvinoticias.com\\\/wp-content\\\/uploads\\\/2023\\\/04\\\/cropped-cropped-cropped-cropped-cropped-3-1.png\",\"width\":95,\"height\":122,\"caption\":\"CVI NOTICIAS\"},\"image\":{\"@id\":\"https:\\\/\\\/cvinoticias.com\\\/v3\\\/#\\\/schema\\\/logo\\\/image\\\/\"},\"sameAs\":[\"https:\\\/\\\/www.facebook.com\\\/cvinoticias\",\"https:\\\/\\\/www.instagram.com\\\/cvinoticias\\\/\",\"https:\\\/\\\/www.youtube.com\\\/@CVINOTICIAS\"]},{\"@type\":\"Person\",\"@id\":\"https:\\\/\\\/cvinoticias.com\\\/v3\\\/#\\\/schema\\\/person\\\/2db77e3c6bc03c538495d7b2b8be9b66\",\"name\":\"f1000024\",\"image\":{\"@type\":\"ImageObject\",\"inLanguage\":\"es\",\"@id\":\"https:\\\/\\\/secure.gravatar.com\\\/avatar\\\/d4fe7459cfc51ff5129ce1a732bbef5928568b8092d412ef95611616376bbeed?s=96&d=mm&r=g\",\"url\":\"https:\\\/\\\/secure.gravatar.com\\\/avatar\\\/d4fe7459cfc51ff5129ce1a732bbef5928568b8092d412ef95611616376bbeed?s=96&d=mm&r=g\",\"contentUrl\":\"https:\\\/\\\/secure.gravatar.com\\\/avatar\\\/d4fe7459cfc51ff5129ce1a732bbef5928568b8092d412ef95611616376bbeed?s=96&d=mm&r=g\",\"caption\":\"f1000024\"},\"url\":\"https:\\\/\\\/cvinoticias.com\\\/v3\\\/author\\\/f1000024\\\/\"}]}<\/script>\n<!-- \/ Yoast SEO plugin. -->","yoast_head_json":{"title":"Patricia Bullrich ser\u00e1 la ministra de Seguridad de Milei | CVI NOTICIAS","robots":{"index":"index","follow":"follow","max-snippet":"max-snippet:-1","max-image-preview":"max-image-preview:large","max-video-preview":"max-video-preview:-1"},"canonical":"https:\/\/cvinoticias.com\/v3\/patricia-bullrich-sera-la-ministra-de-seguridad-de-milei\/","og_locale":"es_ES","og_type":"article","og_title":"Patricia Bullrich ser\u00e1 la ministra de Seguridad de Milei | CVI NOTICIAS","og_description":"La ex candidata presidencial de Juntos por el Cambio Patricia Bullrich ser\u00e1 la ministra de Seguridad del Gobierno de Javier Milei a partir del 10 de diciembre. La presidenta del PRO ya hab\u00eda ejercido el cargo durante los cuatro a\u00f1os del Gobierno de Mauricio Macri, y vuelve a la misma funci\u00f3n en el marco de [&hellip;]","og_url":"https:\/\/cvinoticias.com\/v3\/patricia-bullrich-sera-la-ministra-de-seguridad-de-milei\/","og_site_name":"CVI NOTICIAS","article_publisher":"https:\/\/www.facebook.com\/cvinoticias","article_published_time":"2023-11-23T23:42:51+00:00","og_image":[{"width":1162,"height":816,"url":"https:\/\/cvinoticias.com\/wp-content\/uploads\/2023\/11\/Milei-Bullrich-1.jpg","type":"image\/jpeg"}],"author":"f1000024","twitter_card":"summary_large_image","twitter_misc":{"Escrito por":"f1000024","Tiempo de lectura":"3 minutos"},"schema":{"@context":"https:\/\/schema.org","@graph":[{"@type":"Article","@id":"https:\/\/cvinoticias.com\/v3\/patricia-bullrich-sera-la-ministra-de-seguridad-de-milei\/#article","isPartOf":{"@id":"https:\/\/cvinoticias.com\/v3\/patricia-bullrich-sera-la-ministra-de-seguridad-de-milei\/"},"author":{"name":"f1000024","@id":"https:\/\/cvinoticias.com\/v3\/#\/schema\/person\/2db77e3c6bc03c538495d7b2b8be9b66"},"headline":"Patricia Bullrich ser\u00e1 la ministra de Seguridad de Milei","datePublished":"2023-11-23T23:42:51+00:00","mainEntityOfPage":{"@id":"https:\/\/cvinoticias.com\/v3\/patricia-bullrich-sera-la-ministra-de-seguridad-de-milei\/"},"wordCount":545,"commentCount":0,"publisher":{"@id":"https:\/\/cvinoticias.com\/v3\/#organization"},"image":{"@id":"https:\/\/cvinoticias.com\/v3\/patricia-bullrich-sera-la-ministra-de-seguridad-de-milei\/#primaryimage"},"thumbnailUrl":"https:\/\/cvinoticias.com\/wp-content\/uploads\/2023\/11\/Milei-Bullrich-1.jpg","articleSection":["Seguridad"],"inLanguage":"es","potentialAction":[{"@type":"CommentAction","name":"Comment","target":["https:\/\/cvinoticias.com\/v3\/patricia-bullrich-sera-la-ministra-de-seguridad-de-milei\/#respond"]}]},{"@type":"WebPage","@id":"https:\/\/cvinoticias.com\/v3\/patricia-bullrich-sera-la-ministra-de-seguridad-de-milei\/","url":"https:\/\/cvinoticias.com\/v3\/patricia-bullrich-sera-la-ministra-de-seguridad-de-milei\/","name":"Patricia Bullrich ser\u00e1 la ministra de Seguridad de Milei | CVI NOTICIAS","isPartOf":{"@id":"https:\/\/cvinoticias.com\/v3\/#website"},"primaryImageOfPage":{"@id":"https:\/\/cvinoticias.com\/v3\/patricia-bullrich-sera-la-ministra-de-seguridad-de-milei\/#primaryimage"},"image":{"@id":"https:\/\/cvinoticias.com\/v3\/patricia-bullrich-sera-la-ministra-de-seguridad-de-milei\/#primaryimage"},"thumbnailUrl":"https:\/\/cvinoticias.com\/wp-content\/uploads\/2023\/11\/Milei-Bullrich-1.jpg","datePublished":"2023-11-23T23:42:51+00:00","breadcrumb":{"@id":"https:\/\/cvinoticias.com\/v3\/patricia-bullrich-sera-la-ministra-de-seguridad-de-milei\/#breadcrumb"},"inLanguage":"es","potentialAction":[{"@type":"ReadAction","target":["https:\/\/cvinoticias.com\/v3\/patricia-bullrich-sera-la-ministra-de-seguridad-de-milei\/"]}]},{"@type":"ImageObject","inLanguage":"es","@id":"https:\/\/cvinoticias.com\/v3\/patricia-bullrich-sera-la-ministra-de-seguridad-de-milei\/#primaryimage","url":"https:\/\/cvinoticias.com\/wp-content\/uploads\/2023\/11\/Milei-Bullrich-1.jpg","contentUrl":"https:\/\/cvinoticias.com\/wp-content\/uploads\/2023\/11\/Milei-Bullrich-1.jpg","width":1162,"height":816},{"@type":"BreadcrumbList","@id":"https:\/\/cvinoticias.com\/v3\/patricia-bullrich-sera-la-ministra-de-seguridad-de-milei\/#breadcrumb","itemListElement":[{"@type":"ListItem","position":1,"name":"Portada","item":"https:\/\/cvinoticias.com\/v3\/"},{"@type":"ListItem","position":2,"name":"Patricia Bullrich ser\u00e1 la ministra de Seguridad de Milei"}]},{"@type":"WebSite","@id":"https:\/\/cvinoticias.com\/v3\/#website","url":"https:\/\/cvinoticias.com\/v3\/","name":"CVI NOTICIAS","description":"","publisher":{"@id":"https:\/\/cvinoticias.com\/v3\/#organization"},"alternateName":"CVI","potentialAction":[{"@type":"SearchAction","target":{"@type":"EntryPoint","urlTemplate":"https:\/\/cvinoticias.com\/v3\/?s={search_term_string}"},"query-input":{"@type":"PropertyValueSpecification","valueRequired":true,"valueName":"search_term_string"}}],"inLanguage":"es"},{"@type":"Organization","@id":"https:\/\/cvinoticias.com\/v3\/#organization","name":"CVI NOTICIAS","url":"https:\/\/cvinoticias.com\/v3\/","logo":{"@type":"ImageObject","inLanguage":"es","@id":"https:\/\/cvinoticias.com\/v3\/#\/schema\/logo\/image\/","url":"https:\/\/cvinoticias.com\/wp-content\/uploads\/2023\/04\/cropped-cropped-cropped-cropped-cropped-3-1.png","contentUrl":"https:\/\/cvinoticias.com\/wp-content\/uploads\/2023\/04\/cropped-cropped-cropped-cropped-cropped-3-1.png","width":95,"height":122,"caption":"CVI NOTICIAS"},"image":{"@id":"https:\/\/cvinoticias.com\/v3\/#\/schema\/logo\/image\/"},"sameAs":["https:\/\/www.facebook.com\/cvinoticias","https:\/\/www.instagram.com\/cvinoticias\/","https:\/\/www.youtube.com\/@CVINOTICIAS"]},{"@type":"Person","@id":"https:\/\/cvinoticias.com\/v3\/#\/schema\/person\/2db77e3c6bc03c538495d7b2b8be9b66","name":"f1000024","image":{"@type":"ImageObject","inLanguage":"es","@id":"https:\/\/secure.gravatar.com\/avatar\/d4fe7459cfc51ff5129ce1a732bbef5928568b8092d412ef95611616376bbeed?s=96&d=mm&r=g","url":"https:\/\/secure.gravatar.com\/avatar\/d4fe7459cfc51ff5129ce1a732bbef5928568b8092d412ef95611616376bbeed?s=96&d=mm&r=g","contentUrl":"https:\/\/secure.gravatar.com\/avatar\/d4fe7459cfc51ff5129ce1a732bbef5928568b8092d412ef95611616376bbeed?s=96&d=mm&r=g","caption":"f1000024"},"url":"https:\/\/cvinoticias.com\/v3\/author\/f1000024\/"}]}},"_links":{"self":[{"href":"https:\/\/cvinoticias.com\/v3\/wp-json\/wp\/v2\/posts\/30291","targetHints":{"allow":["GET"]}}],"collection":[{"href":"https:\/\/cvinoticias.com\/v3\/wp-json\/wp\/v2\/posts"}],"about":[{"href":"https:\/\/cvinoticias.com\/v3\/wp-json\/wp\/v2\/types\/post"}],"author":[{"embeddable":true,"href":"https:\/\/cvinoticias.com\/v3\/wp-json\/wp\/v2\/users\/2"}],"replies":[{"embeddable":true,"href":"https:\/\/cvinoticias.com\/v3\/wp-json\/wp\/v2\/comments?post=30291"}],"version-history":[{"count":1,"href":"https:\/\/cvinoticias.com\/v3\/wp-json\/wp\/v2\/posts\/30291\/revisions"}],"predecessor-version":[{"id":30293,"href":"https:\/\/cvinoticias.com\/v3\/wp-json\/wp\/v2\/posts\/30291\/revisions\/30293"}],"wp:featuredmedia":[{"embeddable":true,"href":"https:\/\/cvinoticias.com\/v3\/wp-json\/wp\/v2\/media\/30292"}],"wp:attachment":[{"href":"https:\/\/cvinoticias.com\/v3\/wp-json\/wp\/v2\/media?parent=30291"}],"wp:term":[{"taxonomy":"category","embeddable":true,"href":"https:\/\/cvinoticias.com\/v3\/wp-json\/wp\/v2\/categories?post=30291"},{"taxonomy":"post_tag","embeddable":true,"href":"https:\/\/cvinoticias.com\/v3\/wp-json\/wp\/v2\/tags?post=30291"}],"curies":[{"name":"wp","href":"https:\/\/api.w.org\/{rel}","templated":true}]}}