{"id":30287,"date":"2023-11-23T15:14:43","date_gmt":"2023-11-23T18:14:43","guid":{"rendered":"https:\/\/cvinoticias.com\/v3\/?p=30287"},"modified":"2023-11-23T15:14:43","modified_gmt":"2023-11-23T18:14:43","slug":"angel-di-maria-anuncio-que-se-retira-de-la-seleccion-con-todo-el-dolor-del-alma","status":"publish","type":"post","link":"https:\/\/cvinoticias.com\/v3\/angel-di-maria-anuncio-que-se-retira-de-la-seleccion-con-todo-el-dolor-del-alma\/","title":{"rendered":"\u00c1ngel Di Mar\u00eda anunci\u00f3 que se retira de la selecci\u00f3n \u00abcon todo el dolor del alma\u00bb"},"content":{"rendered":"\n<p><strong><em>El rosarino se expres\u00f3 en las redes sociales sobre su futuro y le puso fecha al fin de su exitoso ciclo con la albiceleste.<\/em><\/strong><\/p>\n\n\n\n<p>\u00c1ngel Di Mar\u00eda anunci\u00f3 que se retira de la selecci\u00f3n: \u00abLa Copa Am\u00e9rica ser\u00e1 la \u00faltima vez que vista la camiseta argentina, con todo el dolor del alma\u00bb, expres\u00f3 el rosarino en las redes sociales.<\/p>\n\n\n\n<p>Fideo, que fue ovacionado tras la gran victoria en el Maracan\u00e1, expuso: \u00abBueno, lleg\u00f3 el \u00faltimo partido de eliminatorias para m\u00ed, no puedo expresar con palabras lo que me llena el alma la ovaci\u00f3n de la gente en este \u00faltimo tiempo, disfruto cada segundo de ese cari\u00f1o\u00bb.<\/p>\n\n\n\n<figure class=\"wp-block-image size-full is-resized\"><a href=\"https:\/\/cvinoticias.com\/wp-content\/uploads\/2023\/11\/di_maria.jpeg_240957447.jpeg\"><img decoding=\"async\" width=\"478\" height=\"253\" data-src=\"https:\/\/cvinoticias.com\/wp-content\/uploads\/2023\/11\/di_maria.jpeg_240957447.jpeg\" alt=\"\" class=\"wp-image-30288 lazyload\" style=\"--smush-placeholder-width: 478px; --smush-placeholder-aspect-ratio: 478\/253;width:697px;height:auto\" data-srcset=\"https:\/\/cvinoticias.com\/wp-content\/uploads\/2023\/11\/di_maria.jpeg_240957447.jpeg 478w, https:\/\/cvinoticias.com\/wp-content\/uploads\/2023\/11\/di_maria.jpeg_240957447-300x159.jpeg 300w\" data-sizes=\"(max-width: 478px) 100vw, 478px\" src=\"data:image\/svg+xml;base64,PHN2ZyB3aWR0aD0iMSIgaGVpZ2h0PSIxIiB4bWxucz0iaHR0cDovL3d3dy53My5vcmcvMjAwMC9zdmciPjwvc3ZnPg==\" \/><\/a><\/figure>\n\n\n\n<p>Luego, agreg\u00f3: \u00abLa Copa Am\u00e9rica ser\u00e1 la \u00faltima vez que vista la camiseta argentina, con todo el dolor del alma y sintiendo un nudo en la garganta, me despido de lo m\u00e1s hermoso que me pas\u00f3 en mi carrera, vestirla, sudarla y SENTIRLA con todo el orgullo\u00bb.<\/p>\n\n\n\n<p>Finalmente, el campe\u00f3n del mundo y de la Copa Am\u00e9rica, sum\u00f3: \u00abGracias hinchada, gracias familia, gracias amigos y compa\u00f1eros de selecci\u00f3n. Seguimos haciendo historia y eso quedar\u00e1 por toda la eternidad. \u00a1Vamos Argentina carajo!\u00bb<\/p>\n","protected":false},"excerpt":{"rendered":"<p>El rosarino se expres\u00f3 en las redes sociales sobre su futuro y le puso fecha al fin de su exitoso ciclo con la albiceleste. \u00c1ngel Di Mar\u00eda anunci\u00f3 que se retira de la selecci\u00f3n: \u00abLa Copa Am\u00e9rica ser\u00e1 la \u00faltima vez que vista la camiseta argentina, con todo el dolor del alma\u00bb, expres\u00f3 el rosarino [&hellip;]<\/p>\n","protected":false},"author":2,"featured_media":30289,"comment_status":"open","ping_status":"open","sticky":false,"template":"","format":"standard","meta":{"footnotes":""},"categories":[24],"tags":[],"class_list":["post-30287","post","type-post","status-publish","format-standard","has-post-thumbnail","hentry","category-deportes"],"yoast_head":"<!-- This site is optimized with the Yoast SEO plugin v27.5 - https:\/\/yoast.com\/product\/yoast-seo-wordpress\/ -->\n<title>\u00c1ngel Di Mar\u00eda anunci\u00f3 que se retira de la selecci\u00f3n &quot;con todo el dolor del alma&quot; | CVI NOTICIAS<\/title>\n<meta name=\"robots\" content=\"index, follow, max-snippet:-1, max-image-preview:large, max-video-preview:-1\" \/>\n<link rel=\"canonical\" href=\"https:\/\/cvinoticias.com\/v3\/angel-di-maria-anuncio-que-se-retira-de-la-seleccion-con-todo-el-dolor-del-alma\/\" \/>\n<meta property=\"og:locale\" content=\"es_ES\" \/>\n<meta property=\"og:type\" content=\"article\" \/>\n<meta property=\"og:title\" content=\"\u00c1ngel Di Mar\u00eda anunci\u00f3 que se retira de la selecci\u00f3n &quot;con todo el dolor del alma&quot; | CVI NOTICIAS\" \/>\n<meta property=\"og:description\" content=\"El rosarino se expres\u00f3 en las redes sociales sobre su futuro y le puso fecha al fin de su exitoso ciclo con la albiceleste. \u00c1ngel Di Mar\u00eda anunci\u00f3 que se retira de la selecci\u00f3n: \u00abLa Copa Am\u00e9rica ser\u00e1 la \u00faltima vez que vista la camiseta argentina, con todo el dolor del alma\u00bb, expres\u00f3 el rosarino [&hellip;]\" \/>\n<meta property=\"og:url\" content=\"https:\/\/cvinoticias.com\/v3\/angel-di-maria-anuncio-que-se-retira-de-la-seleccion-con-todo-el-dolor-del-alma\/\" \/>\n<meta property=\"og:site_name\" content=\"CVI NOTICIAS\" \/>\n<meta property=\"article:publisher\" content=\"https:\/\/www.facebook.com\/cvinoticias\" \/>\n<meta property=\"article:published_time\" content=\"2023-11-23T18:14:43+00:00\" \/>\n<meta property=\"og:image\" content=\"https:\/\/cvinoticias.com\/wp-content\/uploads\/2023\/11\/di_maria_tapa.jpeg_529145118.jpeg\" \/>\n\t<meta property=\"og:image:width\" content=\"368\" \/>\n\t<meta property=\"og:image:height\" content=\"207\" \/>\n\t<meta property=\"og:image:type\" content=\"image\/jpeg\" \/>\n<meta name=\"author\" content=\"f1000024\" \/>\n<meta name=\"twitter:card\" content=\"summary_large_image\" \/>\n<meta name=\"twitter:label1\" content=\"Escrito por\" \/>\n\t<meta name=\"twitter:data1\" content=\"f1000024\" \/>\n\t<meta name=\"twitter:label2\" content=\"Tiempo de lectura\" \/>\n\t<meta name=\"twitter:data2\" content=\"1 minuto\" \/>\n<script type=\"application\/ld+json\" class=\"yoast-schema-graph\">{\"@context\":\"https:\\\/\\\/schema.org\",\"@graph\":[{\"@type\":\"Article\",\"@id\":\"https:\\\/\\\/cvinoticias.com\\\/v3\\\/angel-di-maria-anuncio-que-se-retira-de-la-seleccion-con-todo-el-dolor-del-alma\\\/#article\",\"isPartOf\":{\"@id\":\"https:\\\/\\\/cvinoticias.com\\\/v3\\\/angel-di-maria-anuncio-que-se-retira-de-la-seleccion-con-todo-el-dolor-del-alma\\\/\"},\"author\":{\"name\":\"f1000024\",\"@id\":\"https:\\\/\\\/cvinoticias.com\\\/v3\\\/#\\\/schema\\\/person\\\/2db77e3c6bc03c538495d7b2b8be9b66\"},\"headline\":\"\u00c1ngel Di Mar\u00eda anunci\u00f3 que se retira de la selecci\u00f3n \u00abcon todo el dolor del alma\u00bb\",\"datePublished\":\"2023-11-23T18:14:43+00:00\",\"mainEntityOfPage\":{\"@id\":\"https:\\\/\\\/cvinoticias.com\\\/v3\\\/angel-di-maria-anuncio-que-se-retira-de-la-seleccion-con-todo-el-dolor-del-alma\\\/\"},\"wordCount\":216,\"commentCount\":0,\"publisher\":{\"@id\":\"https:\\\/\\\/cvinoticias.com\\\/v3\\\/#organization\"},\"image\":{\"@id\":\"https:\\\/\\\/cvinoticias.com\\\/v3\\\/angel-di-maria-anuncio-que-se-retira-de-la-seleccion-con-todo-el-dolor-del-alma\\\/#primaryimage\"},\"thumbnailUrl\":\"https:\\\/\\\/cvinoticias.com\\\/wp-content\\\/uploads\\\/2023\\\/11\\\/di_maria_tapa.jpeg_529145118.jpeg\",\"articleSection\":[\"Deportes\"],\"inLanguage\":\"es\",\"potentialAction\":[{\"@type\":\"CommentAction\",\"name\":\"Comment\",\"target\":[\"https:\\\/\\\/cvinoticias.com\\\/v3\\\/angel-di-maria-anuncio-que-se-retira-de-la-seleccion-con-todo-el-dolor-del-alma\\\/#respond\"]}]},{\"@type\":\"WebPage\",\"@id\":\"https:\\\/\\\/cvinoticias.com\\\/v3\\\/angel-di-maria-anuncio-que-se-retira-de-la-seleccion-con-todo-el-dolor-del-alma\\\/\",\"url\":\"https:\\\/\\\/cvinoticias.com\\\/v3\\\/angel-di-maria-anuncio-que-se-retira-de-la-seleccion-con-todo-el-dolor-del-alma\\\/\",\"name\":\"\u00c1ngel Di Mar\u00eda anunci\u00f3 que se retira de la selecci\u00f3n \\\"con todo el dolor del alma\\\" | CVI NOTICIAS\",\"isPartOf\":{\"@id\":\"https:\\\/\\\/cvinoticias.com\\\/v3\\\/#website\"},\"primaryImageOfPage\":{\"@id\":\"https:\\\/\\\/cvinoticias.com\\\/v3\\\/angel-di-maria-anuncio-que-se-retira-de-la-seleccion-con-todo-el-dolor-del-alma\\\/#primaryimage\"},\"image\":{\"@id\":\"https:\\\/\\\/cvinoticias.com\\\/v3\\\/angel-di-maria-anuncio-que-se-retira-de-la-seleccion-con-todo-el-dolor-del-alma\\\/#primaryimage\"},\"thumbnailUrl\":\"https:\\\/\\\/cvinoticias.com\\\/wp-content\\\/uploads\\\/2023\\\/11\\\/di_maria_tapa.jpeg_529145118.jpeg\",\"datePublished\":\"2023-11-23T18:14:43+00:00\",\"breadcrumb\":{\"@id\":\"https:\\\/\\\/cvinoticias.com\\\/v3\\\/angel-di-maria-anuncio-que-se-retira-de-la-seleccion-con-todo-el-dolor-del-alma\\\/#breadcrumb\"},\"inLanguage\":\"es\",\"potentialAction\":[{\"@type\":\"ReadAction\",\"target\":[\"https:\\\/\\\/cvinoticias.com\\\/v3\\\/angel-di-maria-anuncio-que-se-retira-de-la-seleccion-con-todo-el-dolor-del-alma\\\/\"]}]},{\"@type\":\"ImageObject\",\"inLanguage\":\"es\",\"@id\":\"https:\\\/\\\/cvinoticias.com\\\/v3\\\/angel-di-maria-anuncio-que-se-retira-de-la-seleccion-con-todo-el-dolor-del-alma\\\/#primaryimage\",\"url\":\"https:\\\/\\\/cvinoticias.com\\\/wp-content\\\/uploads\\\/2023\\\/11\\\/di_maria_tapa.jpeg_529145118.jpeg\",\"contentUrl\":\"https:\\\/\\\/cvinoticias.com\\\/wp-content\\\/uploads\\\/2023\\\/11\\\/di_maria_tapa.jpeg_529145118.jpeg\",\"width\":368,\"height\":207},{\"@type\":\"BreadcrumbList\",\"@id\":\"https:\\\/\\\/cvinoticias.com\\\/v3\\\/angel-di-maria-anuncio-que-se-retira-de-la-seleccion-con-todo-el-dolor-del-alma\\\/#breadcrumb\",\"itemListElement\":[{\"@type\":\"ListItem\",\"position\":1,\"name\":\"Portada\",\"item\":\"https:\\\/\\\/cvinoticias.com\\\/v3\\\/\"},{\"@type\":\"ListItem\",\"position\":2,\"name\":\"\u00c1ngel Di Mar\u00eda anunci\u00f3 que se retira de la selecci\u00f3n \u00abcon todo el dolor del alma\u00bb\"}]},{\"@type\":\"WebSite\",\"@id\":\"https:\\\/\\\/cvinoticias.com\\\/v3\\\/#website\",\"url\":\"https:\\\/\\\/cvinoticias.com\\\/v3\\\/\",\"name\":\"CVI NOTICIAS\",\"description\":\"\",\"publisher\":{\"@id\":\"https:\\\/\\\/cvinoticias.com\\\/v3\\\/#organization\"},\"alternateName\":\"CVI\",\"potentialAction\":[{\"@type\":\"SearchAction\",\"target\":{\"@type\":\"EntryPoint\",\"urlTemplate\":\"https:\\\/\\\/cvinoticias.com\\\/v3\\\/?s={search_term_string}\"},\"query-input\":{\"@type\":\"PropertyValueSpecification\",\"valueRequired\":true,\"valueName\":\"search_term_string\"}}],\"inLanguage\":\"es\"},{\"@type\":\"Organization\",\"@id\":\"https:\\\/\\\/cvinoticias.com\\\/v3\\\/#organization\",\"name\":\"CVI NOTICIAS\",\"url\":\"https:\\\/\\\/cvinoticias.com\\\/v3\\\/\",\"logo\":{\"@type\":\"ImageObject\",\"inLanguage\":\"es\",\"@id\":\"https:\\\/\\\/cvinoticias.com\\\/v3\\\/#\\\/schema\\\/logo\\\/image\\\/\",\"url\":\"https:\\\/\\\/cvinoticias.com\\\/wp-content\\\/uploads\\\/2023\\\/04\\\/cropped-cropped-cropped-cropped-cropped-3-1.png\",\"contentUrl\":\"https:\\\/\\\/cvinoticias.com\\\/wp-content\\\/uploads\\\/2023\\\/04\\\/cropped-cropped-cropped-cropped-cropped-3-1.png\",\"width\":95,\"height\":122,\"caption\":\"CVI NOTICIAS\"},\"image\":{\"@id\":\"https:\\\/\\\/cvinoticias.com\\\/v3\\\/#\\\/schema\\\/logo\\\/image\\\/\"},\"sameAs\":[\"https:\\\/\\\/www.facebook.com\\\/cvinoticias\",\"https:\\\/\\\/www.instagram.com\\\/cvinoticias\\\/\",\"https:\\\/\\\/www.youtube.com\\\/@CVINOTICIAS\"]},{\"@type\":\"Person\",\"@id\":\"https:\\\/\\\/cvinoticias.com\\\/v3\\\/#\\\/schema\\\/person\\\/2db77e3c6bc03c538495d7b2b8be9b66\",\"name\":\"f1000024\",\"image\":{\"@type\":\"ImageObject\",\"inLanguage\":\"es\",\"@id\":\"https:\\\/\\\/secure.gravatar.com\\\/avatar\\\/d4fe7459cfc51ff5129ce1a732bbef5928568b8092d412ef95611616376bbeed?s=96&d=mm&r=g\",\"url\":\"https:\\\/\\\/secure.gravatar.com\\\/avatar\\\/d4fe7459cfc51ff5129ce1a732bbef5928568b8092d412ef95611616376bbeed?s=96&d=mm&r=g\",\"contentUrl\":\"https:\\\/\\\/secure.gravatar.com\\\/avatar\\\/d4fe7459cfc51ff5129ce1a732bbef5928568b8092d412ef95611616376bbeed?s=96&d=mm&r=g\",\"caption\":\"f1000024\"},\"url\":\"https:\\\/\\\/cvinoticias.com\\\/v3\\\/author\\\/f1000024\\\/\"}]}<\/script>\n<!-- \/ Yoast SEO plugin. -->","yoast_head_json":{"title":"\u00c1ngel Di Mar\u00eda anunci\u00f3 que se retira de la selecci\u00f3n \"con todo el dolor del alma\" | CVI NOTICIAS","robots":{"index":"index","follow":"follow","max-snippet":"max-snippet:-1","max-image-preview":"max-image-preview:large","max-video-preview":"max-video-preview:-1"},"canonical":"https:\/\/cvinoticias.com\/v3\/angel-di-maria-anuncio-que-se-retira-de-la-seleccion-con-todo-el-dolor-del-alma\/","og_locale":"es_ES","og_type":"article","og_title":"\u00c1ngel Di Mar\u00eda anunci\u00f3 que se retira de la selecci\u00f3n \"con todo el dolor del alma\" | CVI NOTICIAS","og_description":"El rosarino se expres\u00f3 en las redes sociales sobre su futuro y le puso fecha al fin de su exitoso ciclo con la albiceleste. \u00c1ngel Di Mar\u00eda anunci\u00f3 que se retira de la selecci\u00f3n: \u00abLa Copa Am\u00e9rica ser\u00e1 la \u00faltima vez que vista la camiseta argentina, con todo el dolor del alma\u00bb, expres\u00f3 el rosarino [&hellip;]","og_url":"https:\/\/cvinoticias.com\/v3\/angel-di-maria-anuncio-que-se-retira-de-la-seleccion-con-todo-el-dolor-del-alma\/","og_site_name":"CVI NOTICIAS","article_publisher":"https:\/\/www.facebook.com\/cvinoticias","article_published_time":"2023-11-23T18:14:43+00:00","og_image":[{"width":368,"height":207,"url":"https:\/\/cvinoticias.com\/wp-content\/uploads\/2023\/11\/di_maria_tapa.jpeg_529145118.jpeg","type":"image\/jpeg"}],"author":"f1000024","twitter_card":"summary_large_image","twitter_misc":{"Escrito por":"f1000024","Tiempo de lectura":"1 minuto"},"schema":{"@context":"https:\/\/schema.org","@graph":[{"@type":"Article","@id":"https:\/\/cvinoticias.com\/v3\/angel-di-maria-anuncio-que-se-retira-de-la-seleccion-con-todo-el-dolor-del-alma\/#article","isPartOf":{"@id":"https:\/\/cvinoticias.com\/v3\/angel-di-maria-anuncio-que-se-retira-de-la-seleccion-con-todo-el-dolor-del-alma\/"},"author":{"name":"f1000024","@id":"https:\/\/cvinoticias.com\/v3\/#\/schema\/person\/2db77e3c6bc03c538495d7b2b8be9b66"},"headline":"\u00c1ngel Di Mar\u00eda anunci\u00f3 que se retira de la selecci\u00f3n \u00abcon todo el dolor del alma\u00bb","datePublished":"2023-11-23T18:14:43+00:00","mainEntityOfPage":{"@id":"https:\/\/cvinoticias.com\/v3\/angel-di-maria-anuncio-que-se-retira-de-la-seleccion-con-todo-el-dolor-del-alma\/"},"wordCount":216,"commentCount":0,"publisher":{"@id":"https:\/\/cvinoticias.com\/v3\/#organization"},"image":{"@id":"https:\/\/cvinoticias.com\/v3\/angel-di-maria-anuncio-que-se-retira-de-la-seleccion-con-todo-el-dolor-del-alma\/#primaryimage"},"thumbnailUrl":"https:\/\/cvinoticias.com\/wp-content\/uploads\/2023\/11\/di_maria_tapa.jpeg_529145118.jpeg","articleSection":["Deportes"],"inLanguage":"es","potentialAction":[{"@type":"CommentAction","name":"Comment","target":["https:\/\/cvinoticias.com\/v3\/angel-di-maria-anuncio-que-se-retira-de-la-seleccion-con-todo-el-dolor-del-alma\/#respond"]}]},{"@type":"WebPage","@id":"https:\/\/cvinoticias.com\/v3\/angel-di-maria-anuncio-que-se-retira-de-la-seleccion-con-todo-el-dolor-del-alma\/","url":"https:\/\/cvinoticias.com\/v3\/angel-di-maria-anuncio-que-se-retira-de-la-seleccion-con-todo-el-dolor-del-alma\/","name":"\u00c1ngel Di Mar\u00eda anunci\u00f3 que se retira de la selecci\u00f3n \"con todo el dolor del alma\" | CVI NOTICIAS","isPartOf":{"@id":"https:\/\/cvinoticias.com\/v3\/#website"},"primaryImageOfPage":{"@id":"https:\/\/cvinoticias.com\/v3\/angel-di-maria-anuncio-que-se-retira-de-la-seleccion-con-todo-el-dolor-del-alma\/#primaryimage"},"image":{"@id":"https:\/\/cvinoticias.com\/v3\/angel-di-maria-anuncio-que-se-retira-de-la-seleccion-con-todo-el-dolor-del-alma\/#primaryimage"},"thumbnailUrl":"https:\/\/cvinoticias.com\/wp-content\/uploads\/2023\/11\/di_maria_tapa.jpeg_529145118.jpeg","datePublished":"2023-11-23T18:14:43+00:00","breadcrumb":{"@id":"https:\/\/cvinoticias.com\/v3\/angel-di-maria-anuncio-que-se-retira-de-la-seleccion-con-todo-el-dolor-del-alma\/#breadcrumb"},"inLanguage":"es","potentialAction":[{"@type":"ReadAction","target":["https:\/\/cvinoticias.com\/v3\/angel-di-maria-anuncio-que-se-retira-de-la-seleccion-con-todo-el-dolor-del-alma\/"]}]},{"@type":"ImageObject","inLanguage":"es","@id":"https:\/\/cvinoticias.com\/v3\/angel-di-maria-anuncio-que-se-retira-de-la-seleccion-con-todo-el-dolor-del-alma\/#primaryimage","url":"https:\/\/cvinoticias.com\/wp-content\/uploads\/2023\/11\/di_maria_tapa.jpeg_529145118.jpeg","contentUrl":"https:\/\/cvinoticias.com\/wp-content\/uploads\/2023\/11\/di_maria_tapa.jpeg_529145118.jpeg","width":368,"height":207},{"@type":"BreadcrumbList","@id":"https:\/\/cvinoticias.com\/v3\/angel-di-maria-anuncio-que-se-retira-de-la-seleccion-con-todo-el-dolor-del-alma\/#breadcrumb","itemListElement":[{"@type":"ListItem","position":1,"name":"Portada","item":"https:\/\/cvinoticias.com\/v3\/"},{"@type":"ListItem","position":2,"name":"\u00c1ngel Di Mar\u00eda anunci\u00f3 que se retira de la selecci\u00f3n \u00abcon todo el dolor del alma\u00bb"}]},{"@type":"WebSite","@id":"https:\/\/cvinoticias.com\/v3\/#website","url":"https:\/\/cvinoticias.com\/v3\/","name":"CVI NOTICIAS","description":"","publisher":{"@id":"https:\/\/cvinoticias.com\/v3\/#organization"},"alternateName":"CVI","potentialAction":[{"@type":"SearchAction","target":{"@type":"EntryPoint","urlTemplate":"https:\/\/cvinoticias.com\/v3\/?s={search_term_string}"},"query-input":{"@type":"PropertyValueSpecification","valueRequired":true,"valueName":"search_term_string"}}],"inLanguage":"es"},{"@type":"Organization","@id":"https:\/\/cvinoticias.com\/v3\/#organization","name":"CVI NOTICIAS","url":"https:\/\/cvinoticias.com\/v3\/","logo":{"@type":"ImageObject","inLanguage":"es","@id":"https:\/\/cvinoticias.com\/v3\/#\/schema\/logo\/image\/","url":"https:\/\/cvinoticias.com\/wp-content\/uploads\/2023\/04\/cropped-cropped-cropped-cropped-cropped-3-1.png","contentUrl":"https:\/\/cvinoticias.com\/wp-content\/uploads\/2023\/04\/cropped-cropped-cropped-cropped-cropped-3-1.png","width":95,"height":122,"caption":"CVI NOTICIAS"},"image":{"@id":"https:\/\/cvinoticias.com\/v3\/#\/schema\/logo\/image\/"},"sameAs":["https:\/\/www.facebook.com\/cvinoticias","https:\/\/www.instagram.com\/cvinoticias\/","https:\/\/www.youtube.com\/@CVINOTICIAS"]},{"@type":"Person","@id":"https:\/\/cvinoticias.com\/v3\/#\/schema\/person\/2db77e3c6bc03c538495d7b2b8be9b66","name":"f1000024","image":{"@type":"ImageObject","inLanguage":"es","@id":"https:\/\/secure.gravatar.com\/avatar\/d4fe7459cfc51ff5129ce1a732bbef5928568b8092d412ef95611616376bbeed?s=96&d=mm&r=g","url":"https:\/\/secure.gravatar.com\/avatar\/d4fe7459cfc51ff5129ce1a732bbef5928568b8092d412ef95611616376bbeed?s=96&d=mm&r=g","contentUrl":"https:\/\/secure.gravatar.com\/avatar\/d4fe7459cfc51ff5129ce1a732bbef5928568b8092d412ef95611616376bbeed?s=96&d=mm&r=g","caption":"f1000024"},"url":"https:\/\/cvinoticias.com\/v3\/author\/f1000024\/"}]}},"_links":{"self":[{"href":"https:\/\/cvinoticias.com\/v3\/wp-json\/wp\/v2\/posts\/30287","targetHints":{"allow":["GET"]}}],"collection":[{"href":"https:\/\/cvinoticias.com\/v3\/wp-json\/wp\/v2\/posts"}],"about":[{"href":"https:\/\/cvinoticias.com\/v3\/wp-json\/wp\/v2\/types\/post"}],"author":[{"embeddable":true,"href":"https:\/\/cvinoticias.com\/v3\/wp-json\/wp\/v2\/users\/2"}],"replies":[{"embeddable":true,"href":"https:\/\/cvinoticias.com\/v3\/wp-json\/wp\/v2\/comments?post=30287"}],"version-history":[{"count":1,"href":"https:\/\/cvinoticias.com\/v3\/wp-json\/wp\/v2\/posts\/30287\/revisions"}],"predecessor-version":[{"id":30290,"href":"https:\/\/cvinoticias.com\/v3\/wp-json\/wp\/v2\/posts\/30287\/revisions\/30290"}],"wp:featuredmedia":[{"embeddable":true,"href":"https:\/\/cvinoticias.com\/v3\/wp-json\/wp\/v2\/media\/30289"}],"wp:attachment":[{"href":"https:\/\/cvinoticias.com\/v3\/wp-json\/wp\/v2\/media?parent=30287"}],"wp:term":[{"taxonomy":"category","embeddable":true,"href":"https:\/\/cvinoticias.com\/v3\/wp-json\/wp\/v2\/categories?post=30287"},{"taxonomy":"post_tag","embeddable":true,"href":"https:\/\/cvinoticias.com\/v3\/wp-json\/wp\/v2\/tags?post=30287"}],"curies":[{"name":"wp","href":"https:\/\/api.w.org\/{rel}","templated":true}]}}