{"id":30260,"date":"2023-11-23T08:19:51","date_gmt":"2023-11-23T11:19:51","guid":{"rendered":"https:\/\/cvinoticias.com\/v3\/?p=30260"},"modified":"2023-11-23T08:19:51","modified_gmt":"2023-11-23T11:19:51","slug":"en-foz-de-iguazu-se-reunieron-para-impulsar-el-camino-de-los-pueblos-jesuitas-de-la-region","status":"publish","type":"post","link":"https:\/\/cvinoticias.com\/v3\/en-foz-de-iguazu-se-reunieron-para-impulsar-el-camino-de-los-pueblos-jesuitas-de-la-region\/","title":{"rendered":"En Foz de Iguaz\u00fa se reunieron para impulsar el \u201cCamino de los Pueblos Jesuitas\u201d de la regi\u00f3n"},"content":{"rendered":"\n<p><strong><em>El evento, donde se desarrollaron diferentes talleres, se llev\u00f3 a cabo este mi\u00e9rcoles en sede del Servicio Nacional de Aprendizaje Comercial (Senac), de la ciudad brasilera de Foz de Iguaz\u00fa. Por Misiones particip\u00f3 el intendente de Campo Grande, Carlos Sartori, y actual presidente pro tempore de la Asamblea de los 30 Pueblos Jesuitas establecidos en Corrientes y Misiones.<\/em><\/strong><\/p>\n\n\n\n<p>Desde que asumi\u00f3 la presidencia, Sartori, junto a los dem\u00e1s miembros, vienen llevando a cabo diferentes acciones para impulsar el Camino de los Pueblos Jesuitas en la regi\u00f3n que est\u00e1 compuesta por Brasil, Paraguay, Uruguay y Argentina.<\/p>\n\n\n\n<p>En ese marco, en la ma\u00f1ana de este mi\u00e9rcoles participaron de talleres con representantes del Banco Interamericano de Desarrollo (BID), la Federaci\u00f3n Sudamericana de Turismo (FEDESUD), los presidentes de las C\u00e1maras de Hoteleros y Gastron\u00f3micos de Brasil y Paraguay; adem\u00e1s de la presidente de la C\u00e1mara de Turismo de Argentina.<\/p>\n\n\n\n<p>En el evento los miembros presentaron avances en la construcci\u00f3n de una agenda com\u00fan, con el fin de seguir la senda de integraci\u00f3n, para que los cuatro pa\u00edses logren sostener diferentes beneficios y financiamientos que potencien no solo la cultura, sino el turismo y el desarrollo local.<\/p>\n\n\n\n<p>Sartori destac\u00f3 el trabajo que se lleva a cabo con la Federaci\u00f3n Sudamericana de Turismo (FEDESUD), y el an\u00e1lisis y devoluci\u00f3n que hace una consultora espa\u00f1ola sobre el camino jesu\u00edtico. \u201cFue un gran avance esta presentaci\u00f3n y este jueves tendremos la reuni\u00f3n de los 30 pueblos en San Ignacio Min\u00ed, en Misiones\u201d, adelant\u00f3.<\/p>\n\n\n\n<p><strong>Nueva asamblea preparatoria en San Ignacio<\/strong><\/p>\n\n\n\n<p>Seg\u00fan cont\u00f3 el jefe comunal de Campo Grande, en el evento de este jueves participar\u00e1n unos 77 miembros de Brasil, Paraguay, Uruguay y Argentina, representada esta \u00faltima por Corrientes y Misiones. Tambi\u00e9n estar\u00e1n presentes el gobernador electo, Hugo Passalacqua, y miembros de la Comisi\u00f3n de Desarrollo Estrat\u00e9gico e Integral de Municipios (Codeim).<\/p>\n\n\n\n<figure class=\"wp-block-image size-large\"><a href=\"https:\/\/cvinoticias.com\/wp-content\/uploads\/2023\/11\/IMG-20231122-WA0129.jpg\"><img decoding=\"async\" width=\"1024\" height=\"716\" data-src=\"https:\/\/cvinoticias.com\/wp-content\/uploads\/2023\/11\/IMG-20231122-WA0129-1024x716.jpg\" alt=\"\" class=\"wp-image-30262 lazyload\" data-srcset=\"https:\/\/cvinoticias.com\/wp-content\/uploads\/2023\/11\/IMG-20231122-WA0129-1024x716.jpg 1024w, https:\/\/cvinoticias.com\/wp-content\/uploads\/2023\/11\/IMG-20231122-WA0129-300x210.jpg 300w, https:\/\/cvinoticias.com\/wp-content\/uploads\/2023\/11\/IMG-20231122-WA0129-768x537.jpg 768w, https:\/\/cvinoticias.com\/wp-content\/uploads\/2023\/11\/IMG-20231122-WA0129.jpg 1144w\" data-sizes=\"(max-width: 1024px) 100vw, 1024px\" src=\"data:image\/svg+xml;base64,PHN2ZyB3aWR0aD0iMSIgaGVpZ2h0PSIxIiB4bWxucz0iaHR0cDovL3d3dy53My5vcmcvMjAwMC9zdmciPjwvc3ZnPg==\" style=\"--smush-placeholder-width: 1024px; --smush-placeholder-aspect-ratio: 1024\/716;\" \/><\/a><\/figure>\n\n\n\n<p>Posterior a este encuentro detall\u00f3 que se prev\u00e9 otro, semanas hacia adelante, que ser\u00e1 en Bolivia, donde se seguir\u00e1 escuchando las devoluciones de la consultora espa\u00f1ola. Para fines de enero la reuni\u00f3n ser\u00e1 en Madrid, en la Feria Internacional del Turismo (FITUR).<\/p>\n\n\n\n<p>\u201cLa idea es generar un corredor para el desarrollo local y tur\u00edstico en nuestras regiones. De esta manera recibir m\u00e1s visitantes y encontrar otra oportunidad de negocios\u201d, expres\u00f3.<\/p>\n\n\n\n<p>\u201cEl norte es lograr un hilo conductor de financiamiento para poder mejorar infraestructuras p\u00fablicas y privadas, potenciando nuestros valores culturales\u201d, se\u00f1al\u00f3 Sartori.<\/p>\n","protected":false},"excerpt":{"rendered":"<p>El evento, donde se desarrollaron diferentes talleres, se llev\u00f3 a cabo este mi\u00e9rcoles en sede del Servicio Nacional de Aprendizaje Comercial (Senac), de la ciudad brasilera de Foz de Iguaz\u00fa. Por Misiones particip\u00f3 el intendente de Campo Grande, Carlos Sartori, y actual presidente pro tempore de la Asamblea de los 30 Pueblos Jesuitas establecidos en [&hellip;]<\/p>\n","protected":false},"author":2,"featured_media":30261,"comment_status":"open","ping_status":"open","sticky":false,"template":"","format":"standard","meta":{"footnotes":""},"categories":[36],"tags":[],"class_list":["post-30260","post","type-post","status-publish","format-standard","has-post-thumbnail","hentry","category-internacionales"],"yoast_head":"<!-- This site is optimized with the Yoast SEO plugin v27.5 - https:\/\/yoast.com\/product\/yoast-seo-wordpress\/ -->\n<title>En Foz de Iguaz\u00fa se reunieron para impulsar el \u201cCamino de los Pueblos Jesuitas\u201d de la regi\u00f3n | CVI NOTICIAS<\/title>\n<meta name=\"robots\" content=\"index, follow, max-snippet:-1, max-image-preview:large, max-video-preview:-1\" \/>\n<link rel=\"canonical\" href=\"https:\/\/cvinoticias.com\/v3\/en-foz-de-iguazu-se-reunieron-para-impulsar-el-camino-de-los-pueblos-jesuitas-de-la-region\/\" \/>\n<meta property=\"og:locale\" content=\"es_ES\" \/>\n<meta property=\"og:type\" content=\"article\" \/>\n<meta property=\"og:title\" content=\"En Foz de Iguaz\u00fa se reunieron para impulsar el \u201cCamino de los Pueblos Jesuitas\u201d de la regi\u00f3n | CVI NOTICIAS\" \/>\n<meta property=\"og:description\" content=\"El evento, donde se desarrollaron diferentes talleres, se llev\u00f3 a cabo este mi\u00e9rcoles en sede del Servicio Nacional de Aprendizaje Comercial (Senac), de la ciudad brasilera de Foz de Iguaz\u00fa. Por Misiones particip\u00f3 el intendente de Campo Grande, Carlos Sartori, y actual presidente pro tempore de la Asamblea de los 30 Pueblos Jesuitas establecidos en [&hellip;]\" \/>\n<meta property=\"og:url\" content=\"https:\/\/cvinoticias.com\/v3\/en-foz-de-iguazu-se-reunieron-para-impulsar-el-camino-de-los-pueblos-jesuitas-de-la-region\/\" \/>\n<meta property=\"og:site_name\" content=\"CVI NOTICIAS\" \/>\n<meta property=\"article:publisher\" content=\"https:\/\/www.facebook.com\/cvinoticias\" \/>\n<meta property=\"article:published_time\" content=\"2023-11-23T11:19:51+00:00\" \/>\n<meta property=\"og:image\" content=\"https:\/\/cvinoticias.com\/wp-content\/uploads\/2023\/11\/IMG-20231122-WA0128-1000x600-1.jpg\" \/>\n\t<meta property=\"og:image:width\" content=\"1000\" \/>\n\t<meta property=\"og:image:height\" content=\"600\" \/>\n\t<meta property=\"og:image:type\" content=\"image\/jpeg\" \/>\n<meta name=\"author\" content=\"f1000024\" \/>\n<meta name=\"twitter:card\" content=\"summary_large_image\" \/>\n<meta name=\"twitter:label1\" content=\"Escrito por\" \/>\n\t<meta name=\"twitter:data1\" content=\"f1000024\" \/>\n\t<meta name=\"twitter:label2\" content=\"Tiempo de lectura\" \/>\n\t<meta name=\"twitter:data2\" content=\"2 minutos\" \/>\n<script type=\"application\/ld+json\" class=\"yoast-schema-graph\">{\"@context\":\"https:\\\/\\\/schema.org\",\"@graph\":[{\"@type\":\"Article\",\"@id\":\"https:\\\/\\\/cvinoticias.com\\\/v3\\\/en-foz-de-iguazu-se-reunieron-para-impulsar-el-camino-de-los-pueblos-jesuitas-de-la-region\\\/#article\",\"isPartOf\":{\"@id\":\"https:\\\/\\\/cvinoticias.com\\\/v3\\\/en-foz-de-iguazu-se-reunieron-para-impulsar-el-camino-de-los-pueblos-jesuitas-de-la-region\\\/\"},\"author\":{\"name\":\"f1000024\",\"@id\":\"https:\\\/\\\/cvinoticias.com\\\/v3\\\/#\\\/schema\\\/person\\\/2db77e3c6bc03c538495d7b2b8be9b66\"},\"headline\":\"En Foz de Iguaz\u00fa se reunieron para impulsar el \u201cCamino de los Pueblos Jesuitas\u201d de la regi\u00f3n\",\"datePublished\":\"2023-11-23T11:19:51+00:00\",\"mainEntityOfPage\":{\"@id\":\"https:\\\/\\\/cvinoticias.com\\\/v3\\\/en-foz-de-iguazu-se-reunieron-para-impulsar-el-camino-de-los-pueblos-jesuitas-de-la-region\\\/\"},\"wordCount\":443,\"commentCount\":0,\"publisher\":{\"@id\":\"https:\\\/\\\/cvinoticias.com\\\/v3\\\/#organization\"},\"image\":{\"@id\":\"https:\\\/\\\/cvinoticias.com\\\/v3\\\/en-foz-de-iguazu-se-reunieron-para-impulsar-el-camino-de-los-pueblos-jesuitas-de-la-region\\\/#primaryimage\"},\"thumbnailUrl\":\"https:\\\/\\\/cvinoticias.com\\\/wp-content\\\/uploads\\\/2023\\\/11\\\/IMG-20231122-WA0128-1000x600-1.jpg\",\"articleSection\":[\"Internacionales\"],\"inLanguage\":\"es\",\"potentialAction\":[{\"@type\":\"CommentAction\",\"name\":\"Comment\",\"target\":[\"https:\\\/\\\/cvinoticias.com\\\/v3\\\/en-foz-de-iguazu-se-reunieron-para-impulsar-el-camino-de-los-pueblos-jesuitas-de-la-region\\\/#respond\"]}]},{\"@type\":\"WebPage\",\"@id\":\"https:\\\/\\\/cvinoticias.com\\\/v3\\\/en-foz-de-iguazu-se-reunieron-para-impulsar-el-camino-de-los-pueblos-jesuitas-de-la-region\\\/\",\"url\":\"https:\\\/\\\/cvinoticias.com\\\/v3\\\/en-foz-de-iguazu-se-reunieron-para-impulsar-el-camino-de-los-pueblos-jesuitas-de-la-region\\\/\",\"name\":\"En Foz de Iguaz\u00fa se reunieron para impulsar el \u201cCamino de los Pueblos Jesuitas\u201d de la regi\u00f3n | CVI NOTICIAS\",\"isPartOf\":{\"@id\":\"https:\\\/\\\/cvinoticias.com\\\/v3\\\/#website\"},\"primaryImageOfPage\":{\"@id\":\"https:\\\/\\\/cvinoticias.com\\\/v3\\\/en-foz-de-iguazu-se-reunieron-para-impulsar-el-camino-de-los-pueblos-jesuitas-de-la-region\\\/#primaryimage\"},\"image\":{\"@id\":\"https:\\\/\\\/cvinoticias.com\\\/v3\\\/en-foz-de-iguazu-se-reunieron-para-impulsar-el-camino-de-los-pueblos-jesuitas-de-la-region\\\/#primaryimage\"},\"thumbnailUrl\":\"https:\\\/\\\/cvinoticias.com\\\/wp-content\\\/uploads\\\/2023\\\/11\\\/IMG-20231122-WA0128-1000x600-1.jpg\",\"datePublished\":\"2023-11-23T11:19:51+00:00\",\"breadcrumb\":{\"@id\":\"https:\\\/\\\/cvinoticias.com\\\/v3\\\/en-foz-de-iguazu-se-reunieron-para-impulsar-el-camino-de-los-pueblos-jesuitas-de-la-region\\\/#breadcrumb\"},\"inLanguage\":\"es\",\"potentialAction\":[{\"@type\":\"ReadAction\",\"target\":[\"https:\\\/\\\/cvinoticias.com\\\/v3\\\/en-foz-de-iguazu-se-reunieron-para-impulsar-el-camino-de-los-pueblos-jesuitas-de-la-region\\\/\"]}]},{\"@type\":\"ImageObject\",\"inLanguage\":\"es\",\"@id\":\"https:\\\/\\\/cvinoticias.com\\\/v3\\\/en-foz-de-iguazu-se-reunieron-para-impulsar-el-camino-de-los-pueblos-jesuitas-de-la-region\\\/#primaryimage\",\"url\":\"https:\\\/\\\/cvinoticias.com\\\/wp-content\\\/uploads\\\/2023\\\/11\\\/IMG-20231122-WA0128-1000x600-1.jpg\",\"contentUrl\":\"https:\\\/\\\/cvinoticias.com\\\/wp-content\\\/uploads\\\/2023\\\/11\\\/IMG-20231122-WA0128-1000x600-1.jpg\",\"width\":1000,\"height\":600},{\"@type\":\"BreadcrumbList\",\"@id\":\"https:\\\/\\\/cvinoticias.com\\\/v3\\\/en-foz-de-iguazu-se-reunieron-para-impulsar-el-camino-de-los-pueblos-jesuitas-de-la-region\\\/#breadcrumb\",\"itemListElement\":[{\"@type\":\"ListItem\",\"position\":1,\"name\":\"Portada\",\"item\":\"https:\\\/\\\/cvinoticias.com\\\/v3\\\/\"},{\"@type\":\"ListItem\",\"position\":2,\"name\":\"En Foz de Iguaz\u00fa se reunieron para impulsar el \u201cCamino de los Pueblos Jesuitas\u201d de la regi\u00f3n\"}]},{\"@type\":\"WebSite\",\"@id\":\"https:\\\/\\\/cvinoticias.com\\\/v3\\\/#website\",\"url\":\"https:\\\/\\\/cvinoticias.com\\\/v3\\\/\",\"name\":\"CVI NOTICIAS\",\"description\":\"\",\"publisher\":{\"@id\":\"https:\\\/\\\/cvinoticias.com\\\/v3\\\/#organization\"},\"alternateName\":\"CVI\",\"potentialAction\":[{\"@type\":\"SearchAction\",\"target\":{\"@type\":\"EntryPoint\",\"urlTemplate\":\"https:\\\/\\\/cvinoticias.com\\\/v3\\\/?s={search_term_string}\"},\"query-input\":{\"@type\":\"PropertyValueSpecification\",\"valueRequired\":true,\"valueName\":\"search_term_string\"}}],\"inLanguage\":\"es\"},{\"@type\":\"Organization\",\"@id\":\"https:\\\/\\\/cvinoticias.com\\\/v3\\\/#organization\",\"name\":\"CVI NOTICIAS\",\"url\":\"https:\\\/\\\/cvinoticias.com\\\/v3\\\/\",\"logo\":{\"@type\":\"ImageObject\",\"inLanguage\":\"es\",\"@id\":\"https:\\\/\\\/cvinoticias.com\\\/v3\\\/#\\\/schema\\\/logo\\\/image\\\/\",\"url\":\"https:\\\/\\\/cvinoticias.com\\\/wp-content\\\/uploads\\\/2023\\\/04\\\/cropped-cropped-cropped-cropped-cropped-3-1.png\",\"contentUrl\":\"https:\\\/\\\/cvinoticias.com\\\/wp-content\\\/uploads\\\/2023\\\/04\\\/cropped-cropped-cropped-cropped-cropped-3-1.png\",\"width\":95,\"height\":122,\"caption\":\"CVI NOTICIAS\"},\"image\":{\"@id\":\"https:\\\/\\\/cvinoticias.com\\\/v3\\\/#\\\/schema\\\/logo\\\/image\\\/\"},\"sameAs\":[\"https:\\\/\\\/www.facebook.com\\\/cvinoticias\",\"https:\\\/\\\/www.instagram.com\\\/cvinoticias\\\/\",\"https:\\\/\\\/www.youtube.com\\\/@CVINOTICIAS\"]},{\"@type\":\"Person\",\"@id\":\"https:\\\/\\\/cvinoticias.com\\\/v3\\\/#\\\/schema\\\/person\\\/2db77e3c6bc03c538495d7b2b8be9b66\",\"name\":\"f1000024\",\"image\":{\"@type\":\"ImageObject\",\"inLanguage\":\"es\",\"@id\":\"https:\\\/\\\/secure.gravatar.com\\\/avatar\\\/d4fe7459cfc51ff5129ce1a732bbef5928568b8092d412ef95611616376bbeed?s=96&d=mm&r=g\",\"url\":\"https:\\\/\\\/secure.gravatar.com\\\/avatar\\\/d4fe7459cfc51ff5129ce1a732bbef5928568b8092d412ef95611616376bbeed?s=96&d=mm&r=g\",\"contentUrl\":\"https:\\\/\\\/secure.gravatar.com\\\/avatar\\\/d4fe7459cfc51ff5129ce1a732bbef5928568b8092d412ef95611616376bbeed?s=96&d=mm&r=g\",\"caption\":\"f1000024\"},\"url\":\"https:\\\/\\\/cvinoticias.com\\\/v3\\\/author\\\/f1000024\\\/\"}]}<\/script>\n<!-- \/ Yoast SEO plugin. -->","yoast_head_json":{"title":"En Foz de Iguaz\u00fa se reunieron para impulsar el \u201cCamino de los Pueblos Jesuitas\u201d de la regi\u00f3n | CVI NOTICIAS","robots":{"index":"index","follow":"follow","max-snippet":"max-snippet:-1","max-image-preview":"max-image-preview:large","max-video-preview":"max-video-preview:-1"},"canonical":"https:\/\/cvinoticias.com\/v3\/en-foz-de-iguazu-se-reunieron-para-impulsar-el-camino-de-los-pueblos-jesuitas-de-la-region\/","og_locale":"es_ES","og_type":"article","og_title":"En Foz de Iguaz\u00fa se reunieron para impulsar el \u201cCamino de los Pueblos Jesuitas\u201d de la regi\u00f3n | CVI NOTICIAS","og_description":"El evento, donde se desarrollaron diferentes talleres, se llev\u00f3 a cabo este mi\u00e9rcoles en sede del Servicio Nacional de Aprendizaje Comercial (Senac), de la ciudad brasilera de Foz de Iguaz\u00fa. Por Misiones particip\u00f3 el intendente de Campo Grande, Carlos Sartori, y actual presidente pro tempore de la Asamblea de los 30 Pueblos Jesuitas establecidos en [&hellip;]","og_url":"https:\/\/cvinoticias.com\/v3\/en-foz-de-iguazu-se-reunieron-para-impulsar-el-camino-de-los-pueblos-jesuitas-de-la-region\/","og_site_name":"CVI NOTICIAS","article_publisher":"https:\/\/www.facebook.com\/cvinoticias","article_published_time":"2023-11-23T11:19:51+00:00","og_image":[{"width":1000,"height":600,"url":"https:\/\/cvinoticias.com\/wp-content\/uploads\/2023\/11\/IMG-20231122-WA0128-1000x600-1.jpg","type":"image\/jpeg"}],"author":"f1000024","twitter_card":"summary_large_image","twitter_misc":{"Escrito por":"f1000024","Tiempo de lectura":"2 minutos"},"schema":{"@context":"https:\/\/schema.org","@graph":[{"@type":"Article","@id":"https:\/\/cvinoticias.com\/v3\/en-foz-de-iguazu-se-reunieron-para-impulsar-el-camino-de-los-pueblos-jesuitas-de-la-region\/#article","isPartOf":{"@id":"https:\/\/cvinoticias.com\/v3\/en-foz-de-iguazu-se-reunieron-para-impulsar-el-camino-de-los-pueblos-jesuitas-de-la-region\/"},"author":{"name":"f1000024","@id":"https:\/\/cvinoticias.com\/v3\/#\/schema\/person\/2db77e3c6bc03c538495d7b2b8be9b66"},"headline":"En Foz de Iguaz\u00fa se reunieron para impulsar el \u201cCamino de los Pueblos Jesuitas\u201d de la regi\u00f3n","datePublished":"2023-11-23T11:19:51+00:00","mainEntityOfPage":{"@id":"https:\/\/cvinoticias.com\/v3\/en-foz-de-iguazu-se-reunieron-para-impulsar-el-camino-de-los-pueblos-jesuitas-de-la-region\/"},"wordCount":443,"commentCount":0,"publisher":{"@id":"https:\/\/cvinoticias.com\/v3\/#organization"},"image":{"@id":"https:\/\/cvinoticias.com\/v3\/en-foz-de-iguazu-se-reunieron-para-impulsar-el-camino-de-los-pueblos-jesuitas-de-la-region\/#primaryimage"},"thumbnailUrl":"https:\/\/cvinoticias.com\/wp-content\/uploads\/2023\/11\/IMG-20231122-WA0128-1000x600-1.jpg","articleSection":["Internacionales"],"inLanguage":"es","potentialAction":[{"@type":"CommentAction","name":"Comment","target":["https:\/\/cvinoticias.com\/v3\/en-foz-de-iguazu-se-reunieron-para-impulsar-el-camino-de-los-pueblos-jesuitas-de-la-region\/#respond"]}]},{"@type":"WebPage","@id":"https:\/\/cvinoticias.com\/v3\/en-foz-de-iguazu-se-reunieron-para-impulsar-el-camino-de-los-pueblos-jesuitas-de-la-region\/","url":"https:\/\/cvinoticias.com\/v3\/en-foz-de-iguazu-se-reunieron-para-impulsar-el-camino-de-los-pueblos-jesuitas-de-la-region\/","name":"En Foz de Iguaz\u00fa se reunieron para impulsar el \u201cCamino de los Pueblos Jesuitas\u201d de la regi\u00f3n | CVI NOTICIAS","isPartOf":{"@id":"https:\/\/cvinoticias.com\/v3\/#website"},"primaryImageOfPage":{"@id":"https:\/\/cvinoticias.com\/v3\/en-foz-de-iguazu-se-reunieron-para-impulsar-el-camino-de-los-pueblos-jesuitas-de-la-region\/#primaryimage"},"image":{"@id":"https:\/\/cvinoticias.com\/v3\/en-foz-de-iguazu-se-reunieron-para-impulsar-el-camino-de-los-pueblos-jesuitas-de-la-region\/#primaryimage"},"thumbnailUrl":"https:\/\/cvinoticias.com\/wp-content\/uploads\/2023\/11\/IMG-20231122-WA0128-1000x600-1.jpg","datePublished":"2023-11-23T11:19:51+00:00","breadcrumb":{"@id":"https:\/\/cvinoticias.com\/v3\/en-foz-de-iguazu-se-reunieron-para-impulsar-el-camino-de-los-pueblos-jesuitas-de-la-region\/#breadcrumb"},"inLanguage":"es","potentialAction":[{"@type":"ReadAction","target":["https:\/\/cvinoticias.com\/v3\/en-foz-de-iguazu-se-reunieron-para-impulsar-el-camino-de-los-pueblos-jesuitas-de-la-region\/"]}]},{"@type":"ImageObject","inLanguage":"es","@id":"https:\/\/cvinoticias.com\/v3\/en-foz-de-iguazu-se-reunieron-para-impulsar-el-camino-de-los-pueblos-jesuitas-de-la-region\/#primaryimage","url":"https:\/\/cvinoticias.com\/wp-content\/uploads\/2023\/11\/IMG-20231122-WA0128-1000x600-1.jpg","contentUrl":"https:\/\/cvinoticias.com\/wp-content\/uploads\/2023\/11\/IMG-20231122-WA0128-1000x600-1.jpg","width":1000,"height":600},{"@type":"BreadcrumbList","@id":"https:\/\/cvinoticias.com\/v3\/en-foz-de-iguazu-se-reunieron-para-impulsar-el-camino-de-los-pueblos-jesuitas-de-la-region\/#breadcrumb","itemListElement":[{"@type":"ListItem","position":1,"name":"Portada","item":"https:\/\/cvinoticias.com\/v3\/"},{"@type":"ListItem","position":2,"name":"En Foz de Iguaz\u00fa se reunieron para impulsar el \u201cCamino de los Pueblos Jesuitas\u201d de la regi\u00f3n"}]},{"@type":"WebSite","@id":"https:\/\/cvinoticias.com\/v3\/#website","url":"https:\/\/cvinoticias.com\/v3\/","name":"CVI NOTICIAS","description":"","publisher":{"@id":"https:\/\/cvinoticias.com\/v3\/#organization"},"alternateName":"CVI","potentialAction":[{"@type":"SearchAction","target":{"@type":"EntryPoint","urlTemplate":"https:\/\/cvinoticias.com\/v3\/?s={search_term_string}"},"query-input":{"@type":"PropertyValueSpecification","valueRequired":true,"valueName":"search_term_string"}}],"inLanguage":"es"},{"@type":"Organization","@id":"https:\/\/cvinoticias.com\/v3\/#organization","name":"CVI NOTICIAS","url":"https:\/\/cvinoticias.com\/v3\/","logo":{"@type":"ImageObject","inLanguage":"es","@id":"https:\/\/cvinoticias.com\/v3\/#\/schema\/logo\/image\/","url":"https:\/\/cvinoticias.com\/wp-content\/uploads\/2023\/04\/cropped-cropped-cropped-cropped-cropped-3-1.png","contentUrl":"https:\/\/cvinoticias.com\/wp-content\/uploads\/2023\/04\/cropped-cropped-cropped-cropped-cropped-3-1.png","width":95,"height":122,"caption":"CVI NOTICIAS"},"image":{"@id":"https:\/\/cvinoticias.com\/v3\/#\/schema\/logo\/image\/"},"sameAs":["https:\/\/www.facebook.com\/cvinoticias","https:\/\/www.instagram.com\/cvinoticias\/","https:\/\/www.youtube.com\/@CVINOTICIAS"]},{"@type":"Person","@id":"https:\/\/cvinoticias.com\/v3\/#\/schema\/person\/2db77e3c6bc03c538495d7b2b8be9b66","name":"f1000024","image":{"@type":"ImageObject","inLanguage":"es","@id":"https:\/\/secure.gravatar.com\/avatar\/d4fe7459cfc51ff5129ce1a732bbef5928568b8092d412ef95611616376bbeed?s=96&d=mm&r=g","url":"https:\/\/secure.gravatar.com\/avatar\/d4fe7459cfc51ff5129ce1a732bbef5928568b8092d412ef95611616376bbeed?s=96&d=mm&r=g","contentUrl":"https:\/\/secure.gravatar.com\/avatar\/d4fe7459cfc51ff5129ce1a732bbef5928568b8092d412ef95611616376bbeed?s=96&d=mm&r=g","caption":"f1000024"},"url":"https:\/\/cvinoticias.com\/v3\/author\/f1000024\/"}]}},"_links":{"self":[{"href":"https:\/\/cvinoticias.com\/v3\/wp-json\/wp\/v2\/posts\/30260","targetHints":{"allow":["GET"]}}],"collection":[{"href":"https:\/\/cvinoticias.com\/v3\/wp-json\/wp\/v2\/posts"}],"about":[{"href":"https:\/\/cvinoticias.com\/v3\/wp-json\/wp\/v2\/types\/post"}],"author":[{"embeddable":true,"href":"https:\/\/cvinoticias.com\/v3\/wp-json\/wp\/v2\/users\/2"}],"replies":[{"embeddable":true,"href":"https:\/\/cvinoticias.com\/v3\/wp-json\/wp\/v2\/comments?post=30260"}],"version-history":[{"count":1,"href":"https:\/\/cvinoticias.com\/v3\/wp-json\/wp\/v2\/posts\/30260\/revisions"}],"predecessor-version":[{"id":30263,"href":"https:\/\/cvinoticias.com\/v3\/wp-json\/wp\/v2\/posts\/30260\/revisions\/30263"}],"wp:featuredmedia":[{"embeddable":true,"href":"https:\/\/cvinoticias.com\/v3\/wp-json\/wp\/v2\/media\/30261"}],"wp:attachment":[{"href":"https:\/\/cvinoticias.com\/v3\/wp-json\/wp\/v2\/media?parent=30260"}],"wp:term":[{"taxonomy":"category","embeddable":true,"href":"https:\/\/cvinoticias.com\/v3\/wp-json\/wp\/v2\/categories?post=30260"},{"taxonomy":"post_tag","embeddable":true,"href":"https:\/\/cvinoticias.com\/v3\/wp-json\/wp\/v2\/tags?post=30260"}],"curies":[{"name":"wp","href":"https:\/\/api.w.org\/{rel}","templated":true}]}}