{"id":30227,"date":"2023-11-22T08:55:35","date_gmt":"2023-11-22T11:55:35","guid":{"rendered":"https:\/\/cvinoticias.com\/v3\/?p=30227"},"modified":"2023-11-22T08:55:35","modified_gmt":"2023-11-22T11:55:35","slug":"una-argentina-fue-elegida-entre-las-100-mujeres-mas-influyentes-del-mundo","status":"publish","type":"post","link":"https:\/\/cvinoticias.com\/v3\/una-argentina-fue-elegida-entre-las-100-mujeres-mas-influyentes-del-mundo\/","title":{"rendered":"Una argentina fue elegida entre las 100 mujeres m\u00e1s influyentes del mundo"},"content":{"rendered":"\n<p><strong><em>En la edici\u00f3n 2023 del proyecto BBC 100Women, la abogada, poetisa y activista feminista Lala Pasquinelli fue seleccionada en la categor\u00eda \u00abCultura y Educaci\u00f3n\u00bb, por su trabajo en \u00abMujeres que no fueron tapa (Mqnft)\u00bb contra estereotipos y mandatos.<\/em><\/strong><\/p>\n\n\n\n<p>La abogada, poetisa y activista feminista Lala Pasquinelli fue elegida por la BBC como una de las 100 mujeres m\u00e1s influyentes del mundo por su trabajo en \u00abMujeres que no fueron tapa (Mqnft)\u00bb contra estereotipos y mandatos; siendo la \u00fanica argentina seleccionada este a\u00f1o para el proyecto BBC 100Women y la tercera en la historia de esta iniciativa, dado que la primera fue Mabel Bianco en 2019 y la segunda Alba Rueda en 2021.<\/p>\n\n\n\n<p>La lista 2023 est\u00e1 integrada tambi\u00e9n por la \u00edcono feminista Gloria Steinem, la ex primera dama estadounidense Michelle Obama, la ganadora del Nobel de Econom\u00eda Claudia Gold\u00edn, la abogada de derechos humanos Amal Clooney, la futbolista ganadora del Bal\u00f3n de Oro Aitana Bonmat\u00ed, la experta en inteligencia artificial Timnit Gebru, la estrella de Hollywood Am\u00e9rica Ferrera y la empresaria Huda Kattan.<\/p>\n\n\n\n<p>\u00abEn estos momentos tan particulares para los feminismos en nuestro pa\u00eds, recibir este reconocimiento, integrar una lista llena de las mujeres que admiramos y nos han abierto camino, nos confirma en el trabajo y en el hacer, nos legitima y nos visibiliza\u00bb, dijo Pasquinelli quien fue seleccionada en la categor\u00eda \u00abCultura y Educaci\u00f3n\u00bb.<\/p>\n\n\n\n<p>\u00abMujeres que no fueron tapa\u00bb (de una revista) es una idea original de la artista Lala Pasquinelli, fundada en 2015 para cuestionar los estereotipos de belleza y la representaci\u00f3n de las mujeres en los medios de comunicaci\u00f3n y la cultura popular\u00bb, dice el portal de la BBC al dar a conocer las ganadoras con un breve perfil de cada una.<\/p>\n\n\n\n<p>\u00abEl proyecto est\u00e1 detr\u00e1s de campa\u00f1as virales que invitan a las mujeres a reevaluar la narrativa en torno a sus cuerpos, abordando cuestiones como el envejecimiento y las dietas. Su reciente llamado a la acci\u00f3n #HermanaSoltaLaPanza destac\u00f3 historias reales de personas de todas las formas y tama\u00f1os\u00bb, agregaron.<\/p>\n\n\n\n<p>En lo personal, el art\u00edculo destaca que \u00abPasquinelli trabaja para desmantelar los ideales de belleza femenina homog\u00e9neos que, seg\u00fan ella, son &#8216;clasistas, sexistas y racistas&#8217;, y que alimentan a\u00fan m\u00e1s la desigualdad de g\u00e9nero\u00bb.<\/p>\n\n\n\n<p>El criterio de selecci\u00f3n fue basado en destacar a las mujeres que han estado trabajando para ayudar a sus comunidades en los \u00e1mbitos de la pol\u00edtica, cultura, educaci\u00f3n, deporte, ciencia, salud y tecnolog\u00eda.<\/p>\n\n\n\n<p>Adem\u00e1s, de cara a la Conferencia de Naciones Unidas sobre el Cambio Clim\u00e1tico (COP28), se eligi\u00f3 a quienes colaboraron para enfrentar el cambio clim\u00e1tico y tomar medidas para adaptarse a sus impactos.<\/p>\n","protected":false},"excerpt":{"rendered":"<p>En la edici\u00f3n 2023 del proyecto BBC 100Women, la abogada, poetisa y activista feminista Lala Pasquinelli fue seleccionada en la categor\u00eda \u00abCultura y Educaci\u00f3n\u00bb, por su trabajo en \u00abMujeres que no fueron tapa (Mqnft)\u00bb contra estereotipos y mandatos. La abogada, poetisa y activista feminista Lala Pasquinelli fue elegida por la BBC como una de las [&hellip;]<\/p>\n","protected":false},"author":2,"featured_media":30228,"comment_status":"open","ping_status":"open","sticky":false,"template":"","format":"standard","meta":{"footnotes":""},"categories":[47],"tags":[],"class_list":["post-30227","post","type-post","status-publish","format-standard","has-post-thumbnail","hentry","category-sociedad"],"yoast_head":"<!-- This site is optimized with the Yoast SEO plugin v27.5 - https:\/\/yoast.com\/product\/yoast-seo-wordpress\/ -->\n<title>Una argentina fue elegida entre las 100 mujeres m\u00e1s influyentes del mundo | CVI NOTICIAS<\/title>\n<meta name=\"robots\" content=\"index, follow, max-snippet:-1, max-image-preview:large, max-video-preview:-1\" \/>\n<link rel=\"canonical\" href=\"https:\/\/cvinoticias.com\/v3\/una-argentina-fue-elegida-entre-las-100-mujeres-mas-influyentes-del-mundo\/\" \/>\n<meta property=\"og:locale\" content=\"es_ES\" \/>\n<meta property=\"og:type\" content=\"article\" \/>\n<meta property=\"og:title\" content=\"Una argentina fue elegida entre las 100 mujeres m\u00e1s influyentes del mundo | CVI NOTICIAS\" \/>\n<meta property=\"og:description\" content=\"En la edici\u00f3n 2023 del proyecto BBC 100Women, la abogada, poetisa y activista feminista Lala Pasquinelli fue seleccionada en la categor\u00eda \u00abCultura y Educaci\u00f3n\u00bb, por su trabajo en \u00abMujeres que no fueron tapa (Mqnft)\u00bb contra estereotipos y mandatos. La abogada, poetisa y activista feminista Lala Pasquinelli fue elegida por la BBC como una de las [&hellip;]\" \/>\n<meta property=\"og:url\" content=\"https:\/\/cvinoticias.com\/v3\/una-argentina-fue-elegida-entre-las-100-mujeres-mas-influyentes-del-mundo\/\" \/>\n<meta property=\"og:site_name\" content=\"CVI NOTICIAS\" \/>\n<meta property=\"article:publisher\" content=\"https:\/\/www.facebook.com\/cvinoticias\" \/>\n<meta property=\"article:published_time\" content=\"2023-11-22T11:55:35+00:00\" \/>\n<meta property=\"og:image\" content=\"https:\/\/cvinoticias.com\/wp-content\/uploads\/2023\/11\/655d0ee26e8e5__993x610.jpg\" \/>\n\t<meta property=\"og:image:width\" content=\"993\" \/>\n\t<meta property=\"og:image:height\" content=\"610\" \/>\n\t<meta property=\"og:image:type\" content=\"image\/jpeg\" \/>\n<meta name=\"author\" content=\"f1000024\" \/>\n<meta name=\"twitter:card\" content=\"summary_large_image\" \/>\n<meta name=\"twitter:label1\" content=\"Escrito por\" \/>\n\t<meta name=\"twitter:data1\" content=\"f1000024\" \/>\n\t<meta name=\"twitter:label2\" content=\"Tiempo de lectura\" \/>\n\t<meta name=\"twitter:data2\" content=\"2 minutos\" \/>\n<script type=\"application\/ld+json\" class=\"yoast-schema-graph\">{\"@context\":\"https:\\\/\\\/schema.org\",\"@graph\":[{\"@type\":\"Article\",\"@id\":\"https:\\\/\\\/cvinoticias.com\\\/v3\\\/una-argentina-fue-elegida-entre-las-100-mujeres-mas-influyentes-del-mundo\\\/#article\",\"isPartOf\":{\"@id\":\"https:\\\/\\\/cvinoticias.com\\\/v3\\\/una-argentina-fue-elegida-entre-las-100-mujeres-mas-influyentes-del-mundo\\\/\"},\"author\":{\"name\":\"f1000024\",\"@id\":\"https:\\\/\\\/cvinoticias.com\\\/v3\\\/#\\\/schema\\\/person\\\/2db77e3c6bc03c538495d7b2b8be9b66\"},\"headline\":\"Una argentina fue elegida entre las 100 mujeres m\u00e1s influyentes del mundo\",\"datePublished\":\"2023-11-22T11:55:35+00:00\",\"mainEntityOfPage\":{\"@id\":\"https:\\\/\\\/cvinoticias.com\\\/v3\\\/una-argentina-fue-elegida-entre-las-100-mujeres-mas-influyentes-del-mundo\\\/\"},\"wordCount\":471,\"commentCount\":0,\"publisher\":{\"@id\":\"https:\\\/\\\/cvinoticias.com\\\/v3\\\/#organization\"},\"image\":{\"@id\":\"https:\\\/\\\/cvinoticias.com\\\/v3\\\/una-argentina-fue-elegida-entre-las-100-mujeres-mas-influyentes-del-mundo\\\/#primaryimage\"},\"thumbnailUrl\":\"https:\\\/\\\/cvinoticias.com\\\/wp-content\\\/uploads\\\/2023\\\/11\\\/655d0ee26e8e5__993x610.jpg\",\"articleSection\":[\"Sociedad\"],\"inLanguage\":\"es\",\"potentialAction\":[{\"@type\":\"CommentAction\",\"name\":\"Comment\",\"target\":[\"https:\\\/\\\/cvinoticias.com\\\/v3\\\/una-argentina-fue-elegida-entre-las-100-mujeres-mas-influyentes-del-mundo\\\/#respond\"]}]},{\"@type\":\"WebPage\",\"@id\":\"https:\\\/\\\/cvinoticias.com\\\/v3\\\/una-argentina-fue-elegida-entre-las-100-mujeres-mas-influyentes-del-mundo\\\/\",\"url\":\"https:\\\/\\\/cvinoticias.com\\\/v3\\\/una-argentina-fue-elegida-entre-las-100-mujeres-mas-influyentes-del-mundo\\\/\",\"name\":\"Una argentina fue elegida entre las 100 mujeres m\u00e1s influyentes del mundo | CVI NOTICIAS\",\"isPartOf\":{\"@id\":\"https:\\\/\\\/cvinoticias.com\\\/v3\\\/#website\"},\"primaryImageOfPage\":{\"@id\":\"https:\\\/\\\/cvinoticias.com\\\/v3\\\/una-argentina-fue-elegida-entre-las-100-mujeres-mas-influyentes-del-mundo\\\/#primaryimage\"},\"image\":{\"@id\":\"https:\\\/\\\/cvinoticias.com\\\/v3\\\/una-argentina-fue-elegida-entre-las-100-mujeres-mas-influyentes-del-mundo\\\/#primaryimage\"},\"thumbnailUrl\":\"https:\\\/\\\/cvinoticias.com\\\/wp-content\\\/uploads\\\/2023\\\/11\\\/655d0ee26e8e5__993x610.jpg\",\"datePublished\":\"2023-11-22T11:55:35+00:00\",\"breadcrumb\":{\"@id\":\"https:\\\/\\\/cvinoticias.com\\\/v3\\\/una-argentina-fue-elegida-entre-las-100-mujeres-mas-influyentes-del-mundo\\\/#breadcrumb\"},\"inLanguage\":\"es\",\"potentialAction\":[{\"@type\":\"ReadAction\",\"target\":[\"https:\\\/\\\/cvinoticias.com\\\/v3\\\/una-argentina-fue-elegida-entre-las-100-mujeres-mas-influyentes-del-mundo\\\/\"]}]},{\"@type\":\"ImageObject\",\"inLanguage\":\"es\",\"@id\":\"https:\\\/\\\/cvinoticias.com\\\/v3\\\/una-argentina-fue-elegida-entre-las-100-mujeres-mas-influyentes-del-mundo\\\/#primaryimage\",\"url\":\"https:\\\/\\\/cvinoticias.com\\\/wp-content\\\/uploads\\\/2023\\\/11\\\/655d0ee26e8e5__993x610.jpg\",\"contentUrl\":\"https:\\\/\\\/cvinoticias.com\\\/wp-content\\\/uploads\\\/2023\\\/11\\\/655d0ee26e8e5__993x610.jpg\",\"width\":993,\"height\":610},{\"@type\":\"BreadcrumbList\",\"@id\":\"https:\\\/\\\/cvinoticias.com\\\/v3\\\/una-argentina-fue-elegida-entre-las-100-mujeres-mas-influyentes-del-mundo\\\/#breadcrumb\",\"itemListElement\":[{\"@type\":\"ListItem\",\"position\":1,\"name\":\"Portada\",\"item\":\"https:\\\/\\\/cvinoticias.com\\\/v3\\\/\"},{\"@type\":\"ListItem\",\"position\":2,\"name\":\"Una argentina fue elegida entre las 100 mujeres m\u00e1s influyentes del mundo\"}]},{\"@type\":\"WebSite\",\"@id\":\"https:\\\/\\\/cvinoticias.com\\\/v3\\\/#website\",\"url\":\"https:\\\/\\\/cvinoticias.com\\\/v3\\\/\",\"name\":\"CVI NOTICIAS\",\"description\":\"\",\"publisher\":{\"@id\":\"https:\\\/\\\/cvinoticias.com\\\/v3\\\/#organization\"},\"alternateName\":\"CVI\",\"potentialAction\":[{\"@type\":\"SearchAction\",\"target\":{\"@type\":\"EntryPoint\",\"urlTemplate\":\"https:\\\/\\\/cvinoticias.com\\\/v3\\\/?s={search_term_string}\"},\"query-input\":{\"@type\":\"PropertyValueSpecification\",\"valueRequired\":true,\"valueName\":\"search_term_string\"}}],\"inLanguage\":\"es\"},{\"@type\":\"Organization\",\"@id\":\"https:\\\/\\\/cvinoticias.com\\\/v3\\\/#organization\",\"name\":\"CVI NOTICIAS\",\"url\":\"https:\\\/\\\/cvinoticias.com\\\/v3\\\/\",\"logo\":{\"@type\":\"ImageObject\",\"inLanguage\":\"es\",\"@id\":\"https:\\\/\\\/cvinoticias.com\\\/v3\\\/#\\\/schema\\\/logo\\\/image\\\/\",\"url\":\"https:\\\/\\\/cvinoticias.com\\\/wp-content\\\/uploads\\\/2023\\\/04\\\/cropped-cropped-cropped-cropped-cropped-3-1.png\",\"contentUrl\":\"https:\\\/\\\/cvinoticias.com\\\/wp-content\\\/uploads\\\/2023\\\/04\\\/cropped-cropped-cropped-cropped-cropped-3-1.png\",\"width\":95,\"height\":122,\"caption\":\"CVI NOTICIAS\"},\"image\":{\"@id\":\"https:\\\/\\\/cvinoticias.com\\\/v3\\\/#\\\/schema\\\/logo\\\/image\\\/\"},\"sameAs\":[\"https:\\\/\\\/www.facebook.com\\\/cvinoticias\",\"https:\\\/\\\/www.instagram.com\\\/cvinoticias\\\/\",\"https:\\\/\\\/www.youtube.com\\\/@CVINOTICIAS\"]},{\"@type\":\"Person\",\"@id\":\"https:\\\/\\\/cvinoticias.com\\\/v3\\\/#\\\/schema\\\/person\\\/2db77e3c6bc03c538495d7b2b8be9b66\",\"name\":\"f1000024\",\"image\":{\"@type\":\"ImageObject\",\"inLanguage\":\"es\",\"@id\":\"https:\\\/\\\/secure.gravatar.com\\\/avatar\\\/d4fe7459cfc51ff5129ce1a732bbef5928568b8092d412ef95611616376bbeed?s=96&d=mm&r=g\",\"url\":\"https:\\\/\\\/secure.gravatar.com\\\/avatar\\\/d4fe7459cfc51ff5129ce1a732bbef5928568b8092d412ef95611616376bbeed?s=96&d=mm&r=g\",\"contentUrl\":\"https:\\\/\\\/secure.gravatar.com\\\/avatar\\\/d4fe7459cfc51ff5129ce1a732bbef5928568b8092d412ef95611616376bbeed?s=96&d=mm&r=g\",\"caption\":\"f1000024\"},\"url\":\"https:\\\/\\\/cvinoticias.com\\\/v3\\\/author\\\/f1000024\\\/\"}]}<\/script>\n<!-- \/ Yoast SEO plugin. -->","yoast_head_json":{"title":"Una argentina fue elegida entre las 100 mujeres m\u00e1s influyentes del mundo | CVI NOTICIAS","robots":{"index":"index","follow":"follow","max-snippet":"max-snippet:-1","max-image-preview":"max-image-preview:large","max-video-preview":"max-video-preview:-1"},"canonical":"https:\/\/cvinoticias.com\/v3\/una-argentina-fue-elegida-entre-las-100-mujeres-mas-influyentes-del-mundo\/","og_locale":"es_ES","og_type":"article","og_title":"Una argentina fue elegida entre las 100 mujeres m\u00e1s influyentes del mundo | CVI NOTICIAS","og_description":"En la edici\u00f3n 2023 del proyecto BBC 100Women, la abogada, poetisa y activista feminista Lala Pasquinelli fue seleccionada en la categor\u00eda \u00abCultura y Educaci\u00f3n\u00bb, por su trabajo en \u00abMujeres que no fueron tapa (Mqnft)\u00bb contra estereotipos y mandatos. La abogada, poetisa y activista feminista Lala Pasquinelli fue elegida por la BBC como una de las [&hellip;]","og_url":"https:\/\/cvinoticias.com\/v3\/una-argentina-fue-elegida-entre-las-100-mujeres-mas-influyentes-del-mundo\/","og_site_name":"CVI NOTICIAS","article_publisher":"https:\/\/www.facebook.com\/cvinoticias","article_published_time":"2023-11-22T11:55:35+00:00","og_image":[{"width":993,"height":610,"url":"https:\/\/cvinoticias.com\/wp-content\/uploads\/2023\/11\/655d0ee26e8e5__993x610.jpg","type":"image\/jpeg"}],"author":"f1000024","twitter_card":"summary_large_image","twitter_misc":{"Escrito por":"f1000024","Tiempo de lectura":"2 minutos"},"schema":{"@context":"https:\/\/schema.org","@graph":[{"@type":"Article","@id":"https:\/\/cvinoticias.com\/v3\/una-argentina-fue-elegida-entre-las-100-mujeres-mas-influyentes-del-mundo\/#article","isPartOf":{"@id":"https:\/\/cvinoticias.com\/v3\/una-argentina-fue-elegida-entre-las-100-mujeres-mas-influyentes-del-mundo\/"},"author":{"name":"f1000024","@id":"https:\/\/cvinoticias.com\/v3\/#\/schema\/person\/2db77e3c6bc03c538495d7b2b8be9b66"},"headline":"Una argentina fue elegida entre las 100 mujeres m\u00e1s influyentes del mundo","datePublished":"2023-11-22T11:55:35+00:00","mainEntityOfPage":{"@id":"https:\/\/cvinoticias.com\/v3\/una-argentina-fue-elegida-entre-las-100-mujeres-mas-influyentes-del-mundo\/"},"wordCount":471,"commentCount":0,"publisher":{"@id":"https:\/\/cvinoticias.com\/v3\/#organization"},"image":{"@id":"https:\/\/cvinoticias.com\/v3\/una-argentina-fue-elegida-entre-las-100-mujeres-mas-influyentes-del-mundo\/#primaryimage"},"thumbnailUrl":"https:\/\/cvinoticias.com\/wp-content\/uploads\/2023\/11\/655d0ee26e8e5__993x610.jpg","articleSection":["Sociedad"],"inLanguage":"es","potentialAction":[{"@type":"CommentAction","name":"Comment","target":["https:\/\/cvinoticias.com\/v3\/una-argentina-fue-elegida-entre-las-100-mujeres-mas-influyentes-del-mundo\/#respond"]}]},{"@type":"WebPage","@id":"https:\/\/cvinoticias.com\/v3\/una-argentina-fue-elegida-entre-las-100-mujeres-mas-influyentes-del-mundo\/","url":"https:\/\/cvinoticias.com\/v3\/una-argentina-fue-elegida-entre-las-100-mujeres-mas-influyentes-del-mundo\/","name":"Una argentina fue elegida entre las 100 mujeres m\u00e1s influyentes del mundo | CVI NOTICIAS","isPartOf":{"@id":"https:\/\/cvinoticias.com\/v3\/#website"},"primaryImageOfPage":{"@id":"https:\/\/cvinoticias.com\/v3\/una-argentina-fue-elegida-entre-las-100-mujeres-mas-influyentes-del-mundo\/#primaryimage"},"image":{"@id":"https:\/\/cvinoticias.com\/v3\/una-argentina-fue-elegida-entre-las-100-mujeres-mas-influyentes-del-mundo\/#primaryimage"},"thumbnailUrl":"https:\/\/cvinoticias.com\/wp-content\/uploads\/2023\/11\/655d0ee26e8e5__993x610.jpg","datePublished":"2023-11-22T11:55:35+00:00","breadcrumb":{"@id":"https:\/\/cvinoticias.com\/v3\/una-argentina-fue-elegida-entre-las-100-mujeres-mas-influyentes-del-mundo\/#breadcrumb"},"inLanguage":"es","potentialAction":[{"@type":"ReadAction","target":["https:\/\/cvinoticias.com\/v3\/una-argentina-fue-elegida-entre-las-100-mujeres-mas-influyentes-del-mundo\/"]}]},{"@type":"ImageObject","inLanguage":"es","@id":"https:\/\/cvinoticias.com\/v3\/una-argentina-fue-elegida-entre-las-100-mujeres-mas-influyentes-del-mundo\/#primaryimage","url":"https:\/\/cvinoticias.com\/wp-content\/uploads\/2023\/11\/655d0ee26e8e5__993x610.jpg","contentUrl":"https:\/\/cvinoticias.com\/wp-content\/uploads\/2023\/11\/655d0ee26e8e5__993x610.jpg","width":993,"height":610},{"@type":"BreadcrumbList","@id":"https:\/\/cvinoticias.com\/v3\/una-argentina-fue-elegida-entre-las-100-mujeres-mas-influyentes-del-mundo\/#breadcrumb","itemListElement":[{"@type":"ListItem","position":1,"name":"Portada","item":"https:\/\/cvinoticias.com\/v3\/"},{"@type":"ListItem","position":2,"name":"Una argentina fue elegida entre las 100 mujeres m\u00e1s influyentes del mundo"}]},{"@type":"WebSite","@id":"https:\/\/cvinoticias.com\/v3\/#website","url":"https:\/\/cvinoticias.com\/v3\/","name":"CVI NOTICIAS","description":"","publisher":{"@id":"https:\/\/cvinoticias.com\/v3\/#organization"},"alternateName":"CVI","potentialAction":[{"@type":"SearchAction","target":{"@type":"EntryPoint","urlTemplate":"https:\/\/cvinoticias.com\/v3\/?s={search_term_string}"},"query-input":{"@type":"PropertyValueSpecification","valueRequired":true,"valueName":"search_term_string"}}],"inLanguage":"es"},{"@type":"Organization","@id":"https:\/\/cvinoticias.com\/v3\/#organization","name":"CVI NOTICIAS","url":"https:\/\/cvinoticias.com\/v3\/","logo":{"@type":"ImageObject","inLanguage":"es","@id":"https:\/\/cvinoticias.com\/v3\/#\/schema\/logo\/image\/","url":"https:\/\/cvinoticias.com\/wp-content\/uploads\/2023\/04\/cropped-cropped-cropped-cropped-cropped-3-1.png","contentUrl":"https:\/\/cvinoticias.com\/wp-content\/uploads\/2023\/04\/cropped-cropped-cropped-cropped-cropped-3-1.png","width":95,"height":122,"caption":"CVI NOTICIAS"},"image":{"@id":"https:\/\/cvinoticias.com\/v3\/#\/schema\/logo\/image\/"},"sameAs":["https:\/\/www.facebook.com\/cvinoticias","https:\/\/www.instagram.com\/cvinoticias\/","https:\/\/www.youtube.com\/@CVINOTICIAS"]},{"@type":"Person","@id":"https:\/\/cvinoticias.com\/v3\/#\/schema\/person\/2db77e3c6bc03c538495d7b2b8be9b66","name":"f1000024","image":{"@type":"ImageObject","inLanguage":"es","@id":"https:\/\/secure.gravatar.com\/avatar\/d4fe7459cfc51ff5129ce1a732bbef5928568b8092d412ef95611616376bbeed?s=96&d=mm&r=g","url":"https:\/\/secure.gravatar.com\/avatar\/d4fe7459cfc51ff5129ce1a732bbef5928568b8092d412ef95611616376bbeed?s=96&d=mm&r=g","contentUrl":"https:\/\/secure.gravatar.com\/avatar\/d4fe7459cfc51ff5129ce1a732bbef5928568b8092d412ef95611616376bbeed?s=96&d=mm&r=g","caption":"f1000024"},"url":"https:\/\/cvinoticias.com\/v3\/author\/f1000024\/"}]}},"_links":{"self":[{"href":"https:\/\/cvinoticias.com\/v3\/wp-json\/wp\/v2\/posts\/30227","targetHints":{"allow":["GET"]}}],"collection":[{"href":"https:\/\/cvinoticias.com\/v3\/wp-json\/wp\/v2\/posts"}],"about":[{"href":"https:\/\/cvinoticias.com\/v3\/wp-json\/wp\/v2\/types\/post"}],"author":[{"embeddable":true,"href":"https:\/\/cvinoticias.com\/v3\/wp-json\/wp\/v2\/users\/2"}],"replies":[{"embeddable":true,"href":"https:\/\/cvinoticias.com\/v3\/wp-json\/wp\/v2\/comments?post=30227"}],"version-history":[{"count":1,"href":"https:\/\/cvinoticias.com\/v3\/wp-json\/wp\/v2\/posts\/30227\/revisions"}],"predecessor-version":[{"id":30229,"href":"https:\/\/cvinoticias.com\/v3\/wp-json\/wp\/v2\/posts\/30227\/revisions\/30229"}],"wp:featuredmedia":[{"embeddable":true,"href":"https:\/\/cvinoticias.com\/v3\/wp-json\/wp\/v2\/media\/30228"}],"wp:attachment":[{"href":"https:\/\/cvinoticias.com\/v3\/wp-json\/wp\/v2\/media?parent=30227"}],"wp:term":[{"taxonomy":"category","embeddable":true,"href":"https:\/\/cvinoticias.com\/v3\/wp-json\/wp\/v2\/categories?post=30227"},{"taxonomy":"post_tag","embeddable":true,"href":"https:\/\/cvinoticias.com\/v3\/wp-json\/wp\/v2\/tags?post=30227"}],"curies":[{"name":"wp","href":"https:\/\/api.w.org\/{rel}","templated":true}]}}