{"id":30224,"date":"2023-11-22T08:47:32","date_gmt":"2023-11-22T11:47:32","guid":{"rendered":"https:\/\/cvinoticias.com\/v3\/?p=30224"},"modified":"2023-11-22T08:47:32","modified_gmt":"2023-11-22T11:47:32","slug":"israel-y-hamas-pactaron-una-tregua-de-cuatro-dias-para-la-liberacion-de-rehenes-y-la-entrada-de-ayuda-en-gaza","status":"publish","type":"post","link":"https:\/\/cvinoticias.com\/v3\/israel-y-hamas-pactaron-una-tregua-de-cuatro-dias-para-la-liberacion-de-rehenes-y-la-entrada-de-ayuda-en-gaza\/","title":{"rendered":"Israel y Ham\u00e1s pactaron una tregua de cuatro d\u00edas para la liberaci\u00f3n de rehenes y la entrada de ayuda en Gaza"},"content":{"rendered":"\n<p><strong><em>En un comunicado de la oficina del primer ministro israel\u00ed, Benjamin Netanyahu, se afirma que se liberar\u00e1 a 50 mujeres y ni\u00f1os en cuatro d\u00edas, durante los cuales habr\u00e1 una pausa en los combates.<\/em><\/strong><\/p>\n\n\n\n<p>El Gobierno de Israel y Ham\u00e1s acordaron este mi\u00e9rcoles hacer una pausa de cuatro d\u00edas en los combates para permitir la liberaci\u00f3n de 50 rehenes retenidos en Gaza a cambio de 150 palestinos encarcelados en Israel y la entrada de ayuda humanitaria en el enclave asediado.<\/p>\n\n\n\n<p>Autoridades de Qatar que estuvieron mediando en las negociaciones secretas, as\u00ed como de Estados Unidos, Israel y Ham\u00e1s llevaban d\u00edas afirmando que el acuerdo era inminente.<\/p>\n\n\n\n<p>Se cree que Ham\u00e1s retiene a m\u00e1s de 200 rehenes, tomados cuando sus combatientes irrumpieron en Israel el 7 de octubre, matando a 1.200 personas, seg\u00fan los recuentos israel\u00edes.<\/p>\n\n\n\n<p>En un comunicado de la oficina del primer ministro israel\u00ed, Benjamin Netanyahu, se afirma que se liberar\u00e1 a 50 mujeres y ni\u00f1os en cuatro d\u00edas, durante los cuales habr\u00e1 una pausa en los combates.<\/p>\n\n\n\n<p>Por cada 10 rehenes adicionales liberados, la pausa se prolongar\u00eda un d\u00eda m\u00e1s, dijo, sin mencionar la liberaci\u00f3n de prisioneros palestinos a cambio.<\/p>\n\n\n\n<p>\u00abEl Gobierno de Israel se ha comprometido a devolver a todos los rehenes a casa. Esta noche ha aprobado el acuerdo propuesto como primera etapa para lograr este objetivo\u00bb, dice el comunicado.<\/p>\n\n\n\n<p>Ham\u00e1s dijo que los 50 rehenes ser\u00edan liberados a cambio de 150 mujeres y ni\u00f1os palestinos retenidos en c\u00e1rceles israel\u00edes. El acuerdo de tregua tambi\u00e9n permitir\u00e1 la entrada en Gaza de cientos de camiones con ayuda humanitaria, m\u00e9dica y combustible, afirm\u00f3 el grupo palestino en un comunicado.<\/p>\n\n\n\n<p>Israel se comprometi\u00f3 a no atacar ni detener a nadie en ninguna parte de Gaza durante el periodo de tregua, a\u00f1adi\u00f3, mientras que el presidente de Estados Unidos, Joe Biden, acogi\u00f3 con satisfacci\u00f3n el acuerdo.<\/p>\n\n\n\n<p>\u00abEl acuerdo de hoy deber\u00eda traer de vuelta a casa a m\u00e1s rehenes estadounidenses y no parar\u00e9 hasta que todos sean liberados\u00bb, dijo Biden en un comunicado.<\/p>\n\n\n\n<p>El Gobierno de Qatar anunci\u00f3 que 50 mujeres y ni\u00f1os civiles rehenes ser\u00edan liberados de Gaza a cambio de la liberaci\u00f3n de \u00abun n\u00famero de mujeres y ni\u00f1os palestinos retenidos en prisiones israel\u00edes\u00bb. La hora de inicio de la tregua se anunciar\u00e1 en las pr\u00f3ximas 24 horas, seg\u00fan un comunicado.<\/p>\n\n\n\n<p>El Ministerio de Justicia israel\u00ed public\u00f3 una lista de unos 300 presos palestinos cuya liberaci\u00f3n estaba prevista, una publicaci\u00f3n que parec\u00eda destinada a permitir cualquier impugnaci\u00f3n legal de \u00faltima hora.<\/p>\n\n\n\n<p>El acuerdo es la primera tregua de una guerra en la que los bombardeos israel\u00edes arrasaron franjas de Gaza gobernada por Ham\u00e1s, asesinando a 13.300 civiles en el peque\u00f1o enclave densamente poblado y dejando sin hogar a cerca de dos tercios de sus 2,3 millones de habitantes, seg\u00fan las autoridades de Gaza. Pero Netanyahu dijo que la misi\u00f3n de Israel no hab\u00eda cambiado.<\/p>\n\n\n\n<p>\u00abEstamos en guerra y continuaremos la guerra hasta que logremos todos nuestros objetivos. Destruir a Ham\u00e1s, devolver a todos nuestros rehenes y garantizar que ninguna entidad de Gaza pueda amenazar a Israel\u00bb, dijo en un mensaje grabado al comienzo de la reuni\u00f3n del Gobierno.<\/p>\n\n\n\n<p>Ham\u00e1s dijo en su declaraci\u00f3n: \u00abAl anunciar la consecuci\u00f3n de un acuerdo de tregua, afirmamos que nuestros dedos siguen en el gatillo y que nuestros victoriosos combatientes seguir\u00e1n al acecho para defender a nuestro pueblo y derrotar a la ocupaci\u00f3n.\u00bb<\/p>\n\n\n\n<p><strong><em>La liberaci\u00f3n comenzar\u00eda el jueves<\/em><\/strong><\/p>\n\n\n\n<p>Se espera que tres estadounidenses, entre ellos una ni\u00f1a de 3 a\u00f1os cuyos padres se encontraban entre los muertos durante el ataque de Ham\u00e1s del 7 de octubre, est\u00e9n entre los rehenes que ser\u00e1n liberados, seg\u00fan declar\u00f3 un alto cargo estadounidense.<\/p>\n\n\n\n<p>Adem\u00e1s de ciudadanos israel\u00edes, m\u00e1s de la mitad de los rehenes ten\u00edan nacionalidad extranjera o doble nacionalidad de unos 40 pa\u00edses, entre ellos Estados Unidos, Tailandia, Reino Unido, Francia, Argentina, Alemania, Chile, Espa\u00f1a y Portugal, seg\u00fan declar\u00f3 el Gobierno de Israel.<\/p>\n\n\n\n<p>Los medios de comunicaci\u00f3n israel\u00edes dijeron que la primera liberaci\u00f3n de rehenes se esperaba para el jueves. La aplicaci\u00f3n del acuerdo debe esperar 24 horas para dar a los ciudadanos israel\u00edes la oportunidad de pedir al Tribunal Supremo que bloquee la liberaci\u00f3n de los presos palestinos, seg\u00fan esas informaciones.<\/p>\n\n\n\n<p>Kamelia Hoter Ishay, abuela de Gali Tarshansky, de 13 a\u00f1os, que se cree que est\u00e1 retenida en Gaza, dijo que no creer\u00eda las informaciones sobre un acuerdo hasta que recibiera una llamada de que la adolescente hab\u00eda sido liberada. \u00abEntonces sabr\u00e9 que se ha acabado de verdad y podr\u00e9 respirar aliviada y decir ya est\u00e1, se acab\u00f3\u00bb, declar\u00f3.<\/p>\n\n\n\n<p>Qadura Fares, responsable de la Comisi\u00f3n de Asuntos de los Presos de la Autoridad Palestina, con sede en Ramala, dijo a Reuters que entre los m\u00e1s de 7.800 palestinos encarcelados por Israel hab\u00eda unas 85 mujeres y 350 menores. La mayor\u00eda fueron detenidos sin cargos o por incidentes como lanzar piedras a soldados israel\u00edes, no por tomar parte en ataques de milicianos, dijo.<\/p>\n\n\n\n<p>El principal negociador de Qatar en las conversaciones de alto el fuego, el ministro de Estado del Ministerio de Asuntos Exteriores Mohamed al-Khulaifi, declar\u00f3 a Reuters que el Comit\u00e9 Internacional de la Cruz Roja trabajar\u00eda dentro de Gaza para facilitar la liberaci\u00f3n de los rehenes.<\/p>\n\n\n\n<p>Afirm\u00f3 que la tregua significa que no habr\u00e1 \u00abning\u00fan ataque en absoluto. Ning\u00fan movimiento militar, ninguna expansi\u00f3n, nada\u00bb.<\/p>\n\n\n\n<p>Al-Khulaifi a\u00f1adi\u00f3 que Qatar espera que el acuerdo \u00absea la semilla\u00bb de un acuerdo mayor y de un alto el fuego permanente. \u00abEsa es nuestra intenci\u00f3n\u00bb.<\/p>\n\n\n\n<p>Hasta la fecha, Ham\u00e1s s\u00f3lo liber\u00f3 a cuatro cautivos: Las ciudadanas estadounidenses Judith Raanan, de 59 a\u00f1os, y su hija Natalie Raanan, de 17, el 20 de octubre, alegando \u00abrazones humanitarias\u00bb, y las israel\u00edes Nurit Cooper, de 79, y Yocheved Lifshitz, de 85, el 23 de octubre.<\/p>\n\n\n\n<p>El brazo armado del grupo militante palestino Yihad Isl\u00e1mica, que particip\u00f3 en el asalto del 7 de octubre junto con Ham\u00e1s, dijo a \u00faltima hora del martes que uno de los rehenes israel\u00edes que manten\u00eda retenidos desde los ataques del 7 de octubre contra Israel hab\u00eda muerto.<\/p>\n\n\n\n<p>Mientras la atenci\u00f3n se centraba en el acuerdo de liberaci\u00f3n de los rehenes, los combates sobre el terreno continuaban.<\/p>\n\n\n\n<p>El mi\u00e9rcoles, en Cisjordania, territorio palestino bajo ocupaci\u00f3n israel\u00ed, un ataque israel\u00ed con un dron mat\u00f3 a cinco palestinos e hiri\u00f3 a otros en el campo de Tolkurm, inform\u00f3 la agencia de noticias palestina WAFA.<\/p>\n\n\n\n<p>Mounir al-Barsh, director general del Ministerio de Sanidad de Gaza, declar\u00f3 a Al Jazeera que el ej\u00e9rcito israel\u00ed hab\u00eda ordenado la evacuaci\u00f3n del Hospital Indonesio de la ciudad de Gaza. Israel afirm\u00f3 que hab\u00eda milicianos operando desde las instalaciones y amenaz\u00f3 con actuar contra ellos en un plazo de cuatro horas, a\u00f1adi\u00f3.<\/p>\n\n\n\n<p>El martes, Israel tambi\u00e9n anunci\u00f3 que sus fuerzas hab\u00edan rodeado el campo de refugiados de Jabaliya, una congestionada extensi\u00f3n urbana de la ciudad de Gaza donde Ham\u00e1s ha estado luchando contra el avance de las fuerzas blindadas israel\u00edes.<\/p>\n\n\n\n<p>Seg\u00fan WAFA, 33 personas murieron y decenas resultaron heridas en un ataque a\u00e9reo israel\u00ed contra parte de Jabaliya.<\/p>\n\n\n\n<p>En el sur de Gaza, medios de comunicaci\u00f3n afines a Ham\u00e1s dijeron que 10 personas hab\u00edan muerto y 22 hab\u00edan resultado heridas por un ataque a\u00e9reo israel\u00ed contra un apartamento en la ciudad de Jan Yunis.<\/p>\n\n\n\n<p>Reuters no pudo verificar de inmediato las versiones de ambos bandos sobre los enfrentamientos.<\/p>\n","protected":false},"excerpt":{"rendered":"<p>En un comunicado de la oficina del primer ministro israel\u00ed, Benjamin Netanyahu, se afirma que se liberar\u00e1 a 50 mujeres y ni\u00f1os en cuatro d\u00edas, durante los cuales habr\u00e1 una pausa en los combates. El Gobierno de Israel y Ham\u00e1s acordaron este mi\u00e9rcoles hacer una pausa de cuatro d\u00edas en los combates para permitir la [&hellip;]<\/p>\n","protected":false},"author":2,"featured_media":30225,"comment_status":"open","ping_status":"open","sticky":false,"template":"","format":"standard","meta":{"footnotes":""},"categories":[36],"tags":[],"class_list":["post-30224","post","type-post","status-publish","format-standard","has-post-thumbnail","hentry","category-internacionales"],"yoast_head":"<!-- This site is optimized with the Yoast SEO plugin v27.5 - https:\/\/yoast.com\/product\/yoast-seo-wordpress\/ -->\n<title>Israel y Ham\u00e1s pactaron una tregua de cuatro d\u00edas para la liberaci\u00f3n de rehenes y la entrada de ayuda en Gaza | CVI NOTICIAS<\/title>\n<meta name=\"robots\" content=\"index, follow, max-snippet:-1, max-image-preview:large, max-video-preview:-1\" \/>\n<link rel=\"canonical\" href=\"https:\/\/cvinoticias.com\/v3\/israel-y-hamas-pactaron-una-tregua-de-cuatro-dias-para-la-liberacion-de-rehenes-y-la-entrada-de-ayuda-en-gaza\/\" \/>\n<meta property=\"og:locale\" content=\"es_ES\" \/>\n<meta property=\"og:type\" content=\"article\" \/>\n<meta property=\"og:title\" content=\"Israel y Ham\u00e1s pactaron una tregua de cuatro d\u00edas para la liberaci\u00f3n de rehenes y la entrada de ayuda en Gaza | CVI NOTICIAS\" \/>\n<meta property=\"og:description\" content=\"En un comunicado de la oficina del primer ministro israel\u00ed, Benjamin Netanyahu, se afirma que se liberar\u00e1 a 50 mujeres y ni\u00f1os en cuatro d\u00edas, durante los cuales habr\u00e1 una pausa en los combates. El Gobierno de Israel y Ham\u00e1s acordaron este mi\u00e9rcoles hacer una pausa de cuatro d\u00edas en los combates para permitir la [&hellip;]\" \/>\n<meta property=\"og:url\" content=\"https:\/\/cvinoticias.com\/v3\/israel-y-hamas-pactaron-una-tregua-de-cuatro-dias-para-la-liberacion-de-rehenes-y-la-entrada-de-ayuda-en-gaza\/\" \/>\n<meta property=\"og:site_name\" content=\"CVI NOTICIAS\" \/>\n<meta property=\"article:publisher\" content=\"https:\/\/www.facebook.com\/cvinoticias\" \/>\n<meta property=\"article:published_time\" content=\"2023-11-22T11:47:32+00:00\" \/>\n<meta property=\"og:image\" content=\"https:\/\/cvinoticias.com\/wp-content\/uploads\/2023\/11\/57f8aeb406534159665a5ab7ccf027d8_M.jpg\" \/>\n\t<meta property=\"og:image:width\" content=\"768\" \/>\n\t<meta property=\"og:image:height\" content=\"512\" \/>\n\t<meta property=\"og:image:type\" content=\"image\/jpeg\" \/>\n<meta name=\"author\" content=\"f1000024\" \/>\n<meta name=\"twitter:card\" content=\"summary_large_image\" \/>\n<meta name=\"twitter:label1\" content=\"Escrito por\" \/>\n\t<meta name=\"twitter:data1\" content=\"f1000024\" \/>\n\t<meta name=\"twitter:label2\" content=\"Tiempo de lectura\" \/>\n\t<meta name=\"twitter:data2\" content=\"6 minutos\" \/>\n<script type=\"application\/ld+json\" class=\"yoast-schema-graph\">{\"@context\":\"https:\\\/\\\/schema.org\",\"@graph\":[{\"@type\":\"Article\",\"@id\":\"https:\\\/\\\/cvinoticias.com\\\/v3\\\/israel-y-hamas-pactaron-una-tregua-de-cuatro-dias-para-la-liberacion-de-rehenes-y-la-entrada-de-ayuda-en-gaza\\\/#article\",\"isPartOf\":{\"@id\":\"https:\\\/\\\/cvinoticias.com\\\/v3\\\/israel-y-hamas-pactaron-una-tregua-de-cuatro-dias-para-la-liberacion-de-rehenes-y-la-entrada-de-ayuda-en-gaza\\\/\"},\"author\":{\"name\":\"f1000024\",\"@id\":\"https:\\\/\\\/cvinoticias.com\\\/v3\\\/#\\\/schema\\\/person\\\/2db77e3c6bc03c538495d7b2b8be9b66\"},\"headline\":\"Israel y Ham\u00e1s pactaron una tregua de cuatro d\u00edas para la liberaci\u00f3n de rehenes y la entrada de ayuda en Gaza\",\"datePublished\":\"2023-11-22T11:47:32+00:00\",\"mainEntityOfPage\":{\"@id\":\"https:\\\/\\\/cvinoticias.com\\\/v3\\\/israel-y-hamas-pactaron-una-tregua-de-cuatro-dias-para-la-liberacion-de-rehenes-y-la-entrada-de-ayuda-en-gaza\\\/\"},\"wordCount\":1323,\"commentCount\":0,\"publisher\":{\"@id\":\"https:\\\/\\\/cvinoticias.com\\\/v3\\\/#organization\"},\"image\":{\"@id\":\"https:\\\/\\\/cvinoticias.com\\\/v3\\\/israel-y-hamas-pactaron-una-tregua-de-cuatro-dias-para-la-liberacion-de-rehenes-y-la-entrada-de-ayuda-en-gaza\\\/#primaryimage\"},\"thumbnailUrl\":\"https:\\\/\\\/cvinoticias.com\\\/wp-content\\\/uploads\\\/2023\\\/11\\\/57f8aeb406534159665a5ab7ccf027d8_M.jpg\",\"articleSection\":[\"Internacionales\"],\"inLanguage\":\"es\",\"potentialAction\":[{\"@type\":\"CommentAction\",\"name\":\"Comment\",\"target\":[\"https:\\\/\\\/cvinoticias.com\\\/v3\\\/israel-y-hamas-pactaron-una-tregua-de-cuatro-dias-para-la-liberacion-de-rehenes-y-la-entrada-de-ayuda-en-gaza\\\/#respond\"]}]},{\"@type\":\"WebPage\",\"@id\":\"https:\\\/\\\/cvinoticias.com\\\/v3\\\/israel-y-hamas-pactaron-una-tregua-de-cuatro-dias-para-la-liberacion-de-rehenes-y-la-entrada-de-ayuda-en-gaza\\\/\",\"url\":\"https:\\\/\\\/cvinoticias.com\\\/v3\\\/israel-y-hamas-pactaron-una-tregua-de-cuatro-dias-para-la-liberacion-de-rehenes-y-la-entrada-de-ayuda-en-gaza\\\/\",\"name\":\"Israel y Ham\u00e1s pactaron una tregua de cuatro d\u00edas para la liberaci\u00f3n de rehenes y la entrada de ayuda en Gaza | CVI NOTICIAS\",\"isPartOf\":{\"@id\":\"https:\\\/\\\/cvinoticias.com\\\/v3\\\/#website\"},\"primaryImageOfPage\":{\"@id\":\"https:\\\/\\\/cvinoticias.com\\\/v3\\\/israel-y-hamas-pactaron-una-tregua-de-cuatro-dias-para-la-liberacion-de-rehenes-y-la-entrada-de-ayuda-en-gaza\\\/#primaryimage\"},\"image\":{\"@id\":\"https:\\\/\\\/cvinoticias.com\\\/v3\\\/israel-y-hamas-pactaron-una-tregua-de-cuatro-dias-para-la-liberacion-de-rehenes-y-la-entrada-de-ayuda-en-gaza\\\/#primaryimage\"},\"thumbnailUrl\":\"https:\\\/\\\/cvinoticias.com\\\/wp-content\\\/uploads\\\/2023\\\/11\\\/57f8aeb406534159665a5ab7ccf027d8_M.jpg\",\"datePublished\":\"2023-11-22T11:47:32+00:00\",\"breadcrumb\":{\"@id\":\"https:\\\/\\\/cvinoticias.com\\\/v3\\\/israel-y-hamas-pactaron-una-tregua-de-cuatro-dias-para-la-liberacion-de-rehenes-y-la-entrada-de-ayuda-en-gaza\\\/#breadcrumb\"},\"inLanguage\":\"es\",\"potentialAction\":[{\"@type\":\"ReadAction\",\"target\":[\"https:\\\/\\\/cvinoticias.com\\\/v3\\\/israel-y-hamas-pactaron-una-tregua-de-cuatro-dias-para-la-liberacion-de-rehenes-y-la-entrada-de-ayuda-en-gaza\\\/\"]}]},{\"@type\":\"ImageObject\",\"inLanguage\":\"es\",\"@id\":\"https:\\\/\\\/cvinoticias.com\\\/v3\\\/israel-y-hamas-pactaron-una-tregua-de-cuatro-dias-para-la-liberacion-de-rehenes-y-la-entrada-de-ayuda-en-gaza\\\/#primaryimage\",\"url\":\"https:\\\/\\\/cvinoticias.com\\\/wp-content\\\/uploads\\\/2023\\\/11\\\/57f8aeb406534159665a5ab7ccf027d8_M.jpg\",\"contentUrl\":\"https:\\\/\\\/cvinoticias.com\\\/wp-content\\\/uploads\\\/2023\\\/11\\\/57f8aeb406534159665a5ab7ccf027d8_M.jpg\",\"width\":768,\"height\":512},{\"@type\":\"BreadcrumbList\",\"@id\":\"https:\\\/\\\/cvinoticias.com\\\/v3\\\/israel-y-hamas-pactaron-una-tregua-de-cuatro-dias-para-la-liberacion-de-rehenes-y-la-entrada-de-ayuda-en-gaza\\\/#breadcrumb\",\"itemListElement\":[{\"@type\":\"ListItem\",\"position\":1,\"name\":\"Portada\",\"item\":\"https:\\\/\\\/cvinoticias.com\\\/v3\\\/\"},{\"@type\":\"ListItem\",\"position\":2,\"name\":\"Israel y Ham\u00e1s pactaron una tregua de cuatro d\u00edas para la liberaci\u00f3n de rehenes y la entrada de ayuda en Gaza\"}]},{\"@type\":\"WebSite\",\"@id\":\"https:\\\/\\\/cvinoticias.com\\\/v3\\\/#website\",\"url\":\"https:\\\/\\\/cvinoticias.com\\\/v3\\\/\",\"name\":\"CVI NOTICIAS\",\"description\":\"\",\"publisher\":{\"@id\":\"https:\\\/\\\/cvinoticias.com\\\/v3\\\/#organization\"},\"alternateName\":\"CVI\",\"potentialAction\":[{\"@type\":\"SearchAction\",\"target\":{\"@type\":\"EntryPoint\",\"urlTemplate\":\"https:\\\/\\\/cvinoticias.com\\\/v3\\\/?s={search_term_string}\"},\"query-input\":{\"@type\":\"PropertyValueSpecification\",\"valueRequired\":true,\"valueName\":\"search_term_string\"}}],\"inLanguage\":\"es\"},{\"@type\":\"Organization\",\"@id\":\"https:\\\/\\\/cvinoticias.com\\\/v3\\\/#organization\",\"name\":\"CVI NOTICIAS\",\"url\":\"https:\\\/\\\/cvinoticias.com\\\/v3\\\/\",\"logo\":{\"@type\":\"ImageObject\",\"inLanguage\":\"es\",\"@id\":\"https:\\\/\\\/cvinoticias.com\\\/v3\\\/#\\\/schema\\\/logo\\\/image\\\/\",\"url\":\"https:\\\/\\\/cvinoticias.com\\\/wp-content\\\/uploads\\\/2023\\\/04\\\/cropped-cropped-cropped-cropped-cropped-3-1.png\",\"contentUrl\":\"https:\\\/\\\/cvinoticias.com\\\/wp-content\\\/uploads\\\/2023\\\/04\\\/cropped-cropped-cropped-cropped-cropped-3-1.png\",\"width\":95,\"height\":122,\"caption\":\"CVI NOTICIAS\"},\"image\":{\"@id\":\"https:\\\/\\\/cvinoticias.com\\\/v3\\\/#\\\/schema\\\/logo\\\/image\\\/\"},\"sameAs\":[\"https:\\\/\\\/www.facebook.com\\\/cvinoticias\",\"https:\\\/\\\/www.instagram.com\\\/cvinoticias\\\/\",\"https:\\\/\\\/www.youtube.com\\\/@CVINOTICIAS\"]},{\"@type\":\"Person\",\"@id\":\"https:\\\/\\\/cvinoticias.com\\\/v3\\\/#\\\/schema\\\/person\\\/2db77e3c6bc03c538495d7b2b8be9b66\",\"name\":\"f1000024\",\"image\":{\"@type\":\"ImageObject\",\"inLanguage\":\"es\",\"@id\":\"https:\\\/\\\/secure.gravatar.com\\\/avatar\\\/d4fe7459cfc51ff5129ce1a732bbef5928568b8092d412ef95611616376bbeed?s=96&d=mm&r=g\",\"url\":\"https:\\\/\\\/secure.gravatar.com\\\/avatar\\\/d4fe7459cfc51ff5129ce1a732bbef5928568b8092d412ef95611616376bbeed?s=96&d=mm&r=g\",\"contentUrl\":\"https:\\\/\\\/secure.gravatar.com\\\/avatar\\\/d4fe7459cfc51ff5129ce1a732bbef5928568b8092d412ef95611616376bbeed?s=96&d=mm&r=g\",\"caption\":\"f1000024\"},\"url\":\"https:\\\/\\\/cvinoticias.com\\\/v3\\\/author\\\/f1000024\\\/\"}]}<\/script>\n<!-- \/ Yoast SEO plugin. -->","yoast_head_json":{"title":"Israel y Ham\u00e1s pactaron una tregua de cuatro d\u00edas para la liberaci\u00f3n de rehenes y la entrada de ayuda en Gaza | CVI NOTICIAS","robots":{"index":"index","follow":"follow","max-snippet":"max-snippet:-1","max-image-preview":"max-image-preview:large","max-video-preview":"max-video-preview:-1"},"canonical":"https:\/\/cvinoticias.com\/v3\/israel-y-hamas-pactaron-una-tregua-de-cuatro-dias-para-la-liberacion-de-rehenes-y-la-entrada-de-ayuda-en-gaza\/","og_locale":"es_ES","og_type":"article","og_title":"Israel y Ham\u00e1s pactaron una tregua de cuatro d\u00edas para la liberaci\u00f3n de rehenes y la entrada de ayuda en Gaza | CVI NOTICIAS","og_description":"En un comunicado de la oficina del primer ministro israel\u00ed, Benjamin Netanyahu, se afirma que se liberar\u00e1 a 50 mujeres y ni\u00f1os en cuatro d\u00edas, durante los cuales habr\u00e1 una pausa en los combates. El Gobierno de Israel y Ham\u00e1s acordaron este mi\u00e9rcoles hacer una pausa de cuatro d\u00edas en los combates para permitir la [&hellip;]","og_url":"https:\/\/cvinoticias.com\/v3\/israel-y-hamas-pactaron-una-tregua-de-cuatro-dias-para-la-liberacion-de-rehenes-y-la-entrada-de-ayuda-en-gaza\/","og_site_name":"CVI NOTICIAS","article_publisher":"https:\/\/www.facebook.com\/cvinoticias","article_published_time":"2023-11-22T11:47:32+00:00","og_image":[{"width":768,"height":512,"url":"https:\/\/cvinoticias.com\/wp-content\/uploads\/2023\/11\/57f8aeb406534159665a5ab7ccf027d8_M.jpg","type":"image\/jpeg"}],"author":"f1000024","twitter_card":"summary_large_image","twitter_misc":{"Escrito por":"f1000024","Tiempo de lectura":"6 minutos"},"schema":{"@context":"https:\/\/schema.org","@graph":[{"@type":"Article","@id":"https:\/\/cvinoticias.com\/v3\/israel-y-hamas-pactaron-una-tregua-de-cuatro-dias-para-la-liberacion-de-rehenes-y-la-entrada-de-ayuda-en-gaza\/#article","isPartOf":{"@id":"https:\/\/cvinoticias.com\/v3\/israel-y-hamas-pactaron-una-tregua-de-cuatro-dias-para-la-liberacion-de-rehenes-y-la-entrada-de-ayuda-en-gaza\/"},"author":{"name":"f1000024","@id":"https:\/\/cvinoticias.com\/v3\/#\/schema\/person\/2db77e3c6bc03c538495d7b2b8be9b66"},"headline":"Israel y Ham\u00e1s pactaron una tregua de cuatro d\u00edas para la liberaci\u00f3n de rehenes y la entrada de ayuda en Gaza","datePublished":"2023-11-22T11:47:32+00:00","mainEntityOfPage":{"@id":"https:\/\/cvinoticias.com\/v3\/israel-y-hamas-pactaron-una-tregua-de-cuatro-dias-para-la-liberacion-de-rehenes-y-la-entrada-de-ayuda-en-gaza\/"},"wordCount":1323,"commentCount":0,"publisher":{"@id":"https:\/\/cvinoticias.com\/v3\/#organization"},"image":{"@id":"https:\/\/cvinoticias.com\/v3\/israel-y-hamas-pactaron-una-tregua-de-cuatro-dias-para-la-liberacion-de-rehenes-y-la-entrada-de-ayuda-en-gaza\/#primaryimage"},"thumbnailUrl":"https:\/\/cvinoticias.com\/wp-content\/uploads\/2023\/11\/57f8aeb406534159665a5ab7ccf027d8_M.jpg","articleSection":["Internacionales"],"inLanguage":"es","potentialAction":[{"@type":"CommentAction","name":"Comment","target":["https:\/\/cvinoticias.com\/v3\/israel-y-hamas-pactaron-una-tregua-de-cuatro-dias-para-la-liberacion-de-rehenes-y-la-entrada-de-ayuda-en-gaza\/#respond"]}]},{"@type":"WebPage","@id":"https:\/\/cvinoticias.com\/v3\/israel-y-hamas-pactaron-una-tregua-de-cuatro-dias-para-la-liberacion-de-rehenes-y-la-entrada-de-ayuda-en-gaza\/","url":"https:\/\/cvinoticias.com\/v3\/israel-y-hamas-pactaron-una-tregua-de-cuatro-dias-para-la-liberacion-de-rehenes-y-la-entrada-de-ayuda-en-gaza\/","name":"Israel y Ham\u00e1s pactaron una tregua de cuatro d\u00edas para la liberaci\u00f3n de rehenes y la entrada de ayuda en Gaza | CVI NOTICIAS","isPartOf":{"@id":"https:\/\/cvinoticias.com\/v3\/#website"},"primaryImageOfPage":{"@id":"https:\/\/cvinoticias.com\/v3\/israel-y-hamas-pactaron-una-tregua-de-cuatro-dias-para-la-liberacion-de-rehenes-y-la-entrada-de-ayuda-en-gaza\/#primaryimage"},"image":{"@id":"https:\/\/cvinoticias.com\/v3\/israel-y-hamas-pactaron-una-tregua-de-cuatro-dias-para-la-liberacion-de-rehenes-y-la-entrada-de-ayuda-en-gaza\/#primaryimage"},"thumbnailUrl":"https:\/\/cvinoticias.com\/wp-content\/uploads\/2023\/11\/57f8aeb406534159665a5ab7ccf027d8_M.jpg","datePublished":"2023-11-22T11:47:32+00:00","breadcrumb":{"@id":"https:\/\/cvinoticias.com\/v3\/israel-y-hamas-pactaron-una-tregua-de-cuatro-dias-para-la-liberacion-de-rehenes-y-la-entrada-de-ayuda-en-gaza\/#breadcrumb"},"inLanguage":"es","potentialAction":[{"@type":"ReadAction","target":["https:\/\/cvinoticias.com\/v3\/israel-y-hamas-pactaron-una-tregua-de-cuatro-dias-para-la-liberacion-de-rehenes-y-la-entrada-de-ayuda-en-gaza\/"]}]},{"@type":"ImageObject","inLanguage":"es","@id":"https:\/\/cvinoticias.com\/v3\/israel-y-hamas-pactaron-una-tregua-de-cuatro-dias-para-la-liberacion-de-rehenes-y-la-entrada-de-ayuda-en-gaza\/#primaryimage","url":"https:\/\/cvinoticias.com\/wp-content\/uploads\/2023\/11\/57f8aeb406534159665a5ab7ccf027d8_M.jpg","contentUrl":"https:\/\/cvinoticias.com\/wp-content\/uploads\/2023\/11\/57f8aeb406534159665a5ab7ccf027d8_M.jpg","width":768,"height":512},{"@type":"BreadcrumbList","@id":"https:\/\/cvinoticias.com\/v3\/israel-y-hamas-pactaron-una-tregua-de-cuatro-dias-para-la-liberacion-de-rehenes-y-la-entrada-de-ayuda-en-gaza\/#breadcrumb","itemListElement":[{"@type":"ListItem","position":1,"name":"Portada","item":"https:\/\/cvinoticias.com\/v3\/"},{"@type":"ListItem","position":2,"name":"Israel y Ham\u00e1s pactaron una tregua de cuatro d\u00edas para la liberaci\u00f3n de rehenes y la entrada de ayuda en Gaza"}]},{"@type":"WebSite","@id":"https:\/\/cvinoticias.com\/v3\/#website","url":"https:\/\/cvinoticias.com\/v3\/","name":"CVI NOTICIAS","description":"","publisher":{"@id":"https:\/\/cvinoticias.com\/v3\/#organization"},"alternateName":"CVI","potentialAction":[{"@type":"SearchAction","target":{"@type":"EntryPoint","urlTemplate":"https:\/\/cvinoticias.com\/v3\/?s={search_term_string}"},"query-input":{"@type":"PropertyValueSpecification","valueRequired":true,"valueName":"search_term_string"}}],"inLanguage":"es"},{"@type":"Organization","@id":"https:\/\/cvinoticias.com\/v3\/#organization","name":"CVI NOTICIAS","url":"https:\/\/cvinoticias.com\/v3\/","logo":{"@type":"ImageObject","inLanguage":"es","@id":"https:\/\/cvinoticias.com\/v3\/#\/schema\/logo\/image\/","url":"https:\/\/cvinoticias.com\/wp-content\/uploads\/2023\/04\/cropped-cropped-cropped-cropped-cropped-3-1.png","contentUrl":"https:\/\/cvinoticias.com\/wp-content\/uploads\/2023\/04\/cropped-cropped-cropped-cropped-cropped-3-1.png","width":95,"height":122,"caption":"CVI NOTICIAS"},"image":{"@id":"https:\/\/cvinoticias.com\/v3\/#\/schema\/logo\/image\/"},"sameAs":["https:\/\/www.facebook.com\/cvinoticias","https:\/\/www.instagram.com\/cvinoticias\/","https:\/\/www.youtube.com\/@CVINOTICIAS"]},{"@type":"Person","@id":"https:\/\/cvinoticias.com\/v3\/#\/schema\/person\/2db77e3c6bc03c538495d7b2b8be9b66","name":"f1000024","image":{"@type":"ImageObject","inLanguage":"es","@id":"https:\/\/secure.gravatar.com\/avatar\/d4fe7459cfc51ff5129ce1a732bbef5928568b8092d412ef95611616376bbeed?s=96&d=mm&r=g","url":"https:\/\/secure.gravatar.com\/avatar\/d4fe7459cfc51ff5129ce1a732bbef5928568b8092d412ef95611616376bbeed?s=96&d=mm&r=g","contentUrl":"https:\/\/secure.gravatar.com\/avatar\/d4fe7459cfc51ff5129ce1a732bbef5928568b8092d412ef95611616376bbeed?s=96&d=mm&r=g","caption":"f1000024"},"url":"https:\/\/cvinoticias.com\/v3\/author\/f1000024\/"}]}},"_links":{"self":[{"href":"https:\/\/cvinoticias.com\/v3\/wp-json\/wp\/v2\/posts\/30224","targetHints":{"allow":["GET"]}}],"collection":[{"href":"https:\/\/cvinoticias.com\/v3\/wp-json\/wp\/v2\/posts"}],"about":[{"href":"https:\/\/cvinoticias.com\/v3\/wp-json\/wp\/v2\/types\/post"}],"author":[{"embeddable":true,"href":"https:\/\/cvinoticias.com\/v3\/wp-json\/wp\/v2\/users\/2"}],"replies":[{"embeddable":true,"href":"https:\/\/cvinoticias.com\/v3\/wp-json\/wp\/v2\/comments?post=30224"}],"version-history":[{"count":1,"href":"https:\/\/cvinoticias.com\/v3\/wp-json\/wp\/v2\/posts\/30224\/revisions"}],"predecessor-version":[{"id":30226,"href":"https:\/\/cvinoticias.com\/v3\/wp-json\/wp\/v2\/posts\/30224\/revisions\/30226"}],"wp:featuredmedia":[{"embeddable":true,"href":"https:\/\/cvinoticias.com\/v3\/wp-json\/wp\/v2\/media\/30225"}],"wp:attachment":[{"href":"https:\/\/cvinoticias.com\/v3\/wp-json\/wp\/v2\/media?parent=30224"}],"wp:term":[{"taxonomy":"category","embeddable":true,"href":"https:\/\/cvinoticias.com\/v3\/wp-json\/wp\/v2\/categories?post=30224"},{"taxonomy":"post_tag","embeddable":true,"href":"https:\/\/cvinoticias.com\/v3\/wp-json\/wp\/v2\/tags?post=30224"}],"curies":[{"name":"wp","href":"https:\/\/api.w.org\/{rel}","templated":true}]}}