{"id":30221,"date":"2023-11-22T01:04:51","date_gmt":"2023-11-22T04:04:51","guid":{"rendered":"https:\/\/cvinoticias.com\/v3\/?p=30221"},"modified":"2023-11-22T01:04:51","modified_gmt":"2023-11-22T04:04:51","slug":"scaloni-sembro-dudas-sobre-su-continuidad-en-la-seleccion-necesito-pensar-que-voy-a-hacer-con-mi-futuro","status":"publish","type":"post","link":"https:\/\/cvinoticias.com\/v3\/scaloni-sembro-dudas-sobre-su-continuidad-en-la-seleccion-necesito-pensar-que-voy-a-hacer-con-mi-futuro\/","title":{"rendered":"Scaloni sembr\u00f3 dudas sobre su continuidad en la Selecci\u00f3n: \u00abNecesito pensar qu\u00e9 voy a hacer con mi futuro\u00bb"},"content":{"rendered":"\n<p><strong><em>Si bien aclar\u00f3 que no es \u00abun adi\u00f3s\u00bb, el t\u00e9cnico no asegur\u00f3 seguir en el cargo porque \u00abla vara est\u00e1 muy alta\u00bb.<\/em><\/strong><\/p>\n\n\n\n<p>El entrenador de la Selecci\u00f3n argentina, Lionel Scaloni, sembr\u00f3 dudas sobre su futuro en el cargo luego de la hist\u00f3rica victoria sobre Brasil en el estadio Maracan\u00e1 por las Eliminatoria sudamericanas al afirmar que necesita pensar qu\u00e9 ser\u00e1 de su futuro debido a que \u00abla vara est\u00e1 muy alta\u00bb.<\/p>\n\n\n\n<p>\u00abAhora toca parar la pelota y ponerme a pensar. Tengo muchas cosas que pensar en este tiempo. Estos jugadores nos han dado un mont\u00f3n de cosas a todo el cuerpo t\u00e9cnico y necesito pensar qu\u00e9 voy a hacer\u00bb, expres\u00f3 Scaloni en conferencia de prensa.<\/p>\n\n\n\n<p>Y cerr\u00f3: \u00abNo es un adi\u00f3s, pero necesito pensar porque la vara est\u00e1 muy alta. Est\u00e1 complicado seguir y seguir ganando. Esta Selecci\u00f3n necesita un entrenador que tenga todas las energ\u00edas posibles y que est\u00e9 bien. Ya se lo comunicar\u00e9 al presidente (de AFA, Claudio \u00abChiqui\u00bb Tapia) y a los chicos\u00bb.<\/p>\n\n\n\n<p>De esta manera, el t\u00e9cnico campe\u00f3n del mundo puso en duda de forma sorpresiva su continuidad al mando de la Selecci\u00f3n argentina y dej\u00f3 entrever una posible renuncia a pocos meses del comienzo de la Copa Am\u00e9rica.<\/p>\n\n\n\n<p>Antes de referirse a su futuro en la Selecci\u00f3n, Scaloni se mostr\u00f3 \u00aborgulloso\u00bb por lo hecho por sus dirigidos en el partido de esta noche y conden\u00f3 la feroz represi\u00f3n policial que sufrieron los hinchas albicelestes.<\/p>\n\n\n\n<p>Al hablar del desarrollo del juego, manifest\u00f3: \u00abSiento un enorme orgullo de dirigir a estos chicos, de tener un grupo as\u00ed. La vara est\u00e1 muy alta, el otro d\u00eda perdimos y hoy volvimos a competir, que es lo que queremos y lo que les pedimos a ellos. Despu\u00e9s el resultado puede cambiar, pero compitiendo de esta manera ellos saben que son una Selecci\u00f3n dif\u00edcil\u00bb, expres\u00f3 Scaloni en conferencia de prensa.<\/p>\n\n\n\n<p>En cuanto a la represi\u00f3n, indic\u00f3: \u00abNo s\u00e9 qu\u00e9 palabra utilizar para no ser grosero, es muy feo que pase eso siendo argentinos o brasile\u00f1os. Algunos jugadores ten\u00edan familiares cercanos ah\u00ed. Jugar as\u00ed fue dif\u00edcil, pero igualmente sali\u00f3 dentro de lo planeado. Sabemos que no es f\u00e1cil ganar ac\u00e1, estamos contentos\u00bb.<\/p>\n\n\n\n<p>En esa l\u00ednea, a\u00f1adi\u00f3 sobre el regreso del plantel al vestuario: \u00abBuscamos cambiar los \u00e1nimos, enterarnos si hab\u00eda familiares\u2026 Fue muy duro. Yo no entend\u00eda primero desde el banco qu\u00e9 pasaba. La decisi\u00f3n fue entendible para que se pudiera tranquilizar todo y despu\u00e9s volver. Es muy triste, sobre todo de cara al mundo, que pasen estas cosas. Yo hubiera apartado a la gente de Argentina a otra tribuna y eso no se hizo\u00bb.<\/p>\n\n\n\n<p>Por \u00faltimo, se refiri\u00f3 al capit\u00e1n Lionel Messi: \u00abEste equipo siempre tiene muestras de car\u00e1cter y de compromiso. Messi es el \u00fanico futbolista del mundo que puede jugar en las condiciones en las que lo hizo hoy. Ten\u00eda una molestia en el aductor pero igualmente se qued\u00f3 para darle una mano al equipo\u00bb.<\/p>\n","protected":false},"excerpt":{"rendered":"<p>Si bien aclar\u00f3 que no es \u00abun adi\u00f3s\u00bb, el t\u00e9cnico no asegur\u00f3 seguir en el cargo porque \u00abla vara est\u00e1 muy alta\u00bb. El entrenador de la Selecci\u00f3n argentina, Lionel Scaloni, sembr\u00f3 dudas sobre su futuro en el cargo luego de la hist\u00f3rica victoria sobre Brasil en el estadio Maracan\u00e1 por las Eliminatoria sudamericanas al afirmar [&hellip;]<\/p>\n","protected":false},"author":2,"featured_media":30222,"comment_status":"open","ping_status":"open","sticky":false,"template":"","format":"standard","meta":{"footnotes":""},"categories":[24],"tags":[],"class_list":["post-30221","post","type-post","status-publish","format-standard","has-post-thumbnail","hentry","category-deportes"],"yoast_head":"<!-- This site is optimized with the Yoast SEO plugin v27.5 - https:\/\/yoast.com\/product\/yoast-seo-wordpress\/ -->\n<title>Scaloni sembr\u00f3 dudas sobre su continuidad en la Selecci\u00f3n: &quot;Necesito pensar qu\u00e9 voy a hacer con mi futuro&quot; | CVI NOTICIAS<\/title>\n<meta name=\"robots\" content=\"index, follow, max-snippet:-1, max-image-preview:large, max-video-preview:-1\" \/>\n<link rel=\"canonical\" href=\"https:\/\/cvinoticias.com\/v3\/scaloni-sembro-dudas-sobre-su-continuidad-en-la-seleccion-necesito-pensar-que-voy-a-hacer-con-mi-futuro\/\" \/>\n<meta property=\"og:locale\" content=\"es_ES\" \/>\n<meta property=\"og:type\" content=\"article\" \/>\n<meta property=\"og:title\" content=\"Scaloni sembr\u00f3 dudas sobre su continuidad en la Selecci\u00f3n: &quot;Necesito pensar qu\u00e9 voy a hacer con mi futuro&quot; | CVI NOTICIAS\" \/>\n<meta property=\"og:description\" content=\"Si bien aclar\u00f3 que no es \u00abun adi\u00f3s\u00bb, el t\u00e9cnico no asegur\u00f3 seguir en el cargo porque \u00abla vara est\u00e1 muy alta\u00bb. El entrenador de la Selecci\u00f3n argentina, Lionel Scaloni, sembr\u00f3 dudas sobre su futuro en el cargo luego de la hist\u00f3rica victoria sobre Brasil en el estadio Maracan\u00e1 por las Eliminatoria sudamericanas al afirmar [&hellip;]\" \/>\n<meta property=\"og:url\" content=\"https:\/\/cvinoticias.com\/v3\/scaloni-sembro-dudas-sobre-su-continuidad-en-la-seleccion-necesito-pensar-que-voy-a-hacer-con-mi-futuro\/\" \/>\n<meta property=\"og:site_name\" content=\"CVI NOTICIAS\" \/>\n<meta property=\"article:publisher\" content=\"https:\/\/www.facebook.com\/cvinoticias\" \/>\n<meta property=\"article:published_time\" content=\"2023-11-22T04:04:51+00:00\" \/>\n<meta property=\"og:image\" content=\"https:\/\/cvinoticias.com\/wp-content\/uploads\/2023\/11\/0e4164356bfc55a86cfd014e5b240c01_M.jpg\" \/>\n\t<meta property=\"og:image:width\" content=\"768\" \/>\n\t<meta property=\"og:image:height\" content=\"431\" \/>\n\t<meta property=\"og:image:type\" content=\"image\/jpeg\" \/>\n<meta name=\"author\" content=\"f1000024\" \/>\n<meta name=\"twitter:card\" content=\"summary_large_image\" \/>\n<meta name=\"twitter:label1\" content=\"Escrito por\" \/>\n\t<meta name=\"twitter:data1\" content=\"f1000024\" \/>\n\t<meta name=\"twitter:label2\" content=\"Tiempo de lectura\" \/>\n\t<meta name=\"twitter:data2\" content=\"3 minutos\" \/>\n<script type=\"application\/ld+json\" class=\"yoast-schema-graph\">{\"@context\":\"https:\\\/\\\/schema.org\",\"@graph\":[{\"@type\":\"Article\",\"@id\":\"https:\\\/\\\/cvinoticias.com\\\/v3\\\/scaloni-sembro-dudas-sobre-su-continuidad-en-la-seleccion-necesito-pensar-que-voy-a-hacer-con-mi-futuro\\\/#article\",\"isPartOf\":{\"@id\":\"https:\\\/\\\/cvinoticias.com\\\/v3\\\/scaloni-sembro-dudas-sobre-su-continuidad-en-la-seleccion-necesito-pensar-que-voy-a-hacer-con-mi-futuro\\\/\"},\"author\":{\"name\":\"f1000024\",\"@id\":\"https:\\\/\\\/cvinoticias.com\\\/v3\\\/#\\\/schema\\\/person\\\/2db77e3c6bc03c538495d7b2b8be9b66\"},\"headline\":\"Scaloni sembr\u00f3 dudas sobre su continuidad en la Selecci\u00f3n: \u00abNecesito pensar qu\u00e9 voy a hacer con mi futuro\u00bb\",\"datePublished\":\"2023-11-22T04:04:51+00:00\",\"mainEntityOfPage\":{\"@id\":\"https:\\\/\\\/cvinoticias.com\\\/v3\\\/scaloni-sembro-dudas-sobre-su-continuidad-en-la-seleccion-necesito-pensar-que-voy-a-hacer-con-mi-futuro\\\/\"},\"wordCount\":538,\"commentCount\":0,\"publisher\":{\"@id\":\"https:\\\/\\\/cvinoticias.com\\\/v3\\\/#organization\"},\"image\":{\"@id\":\"https:\\\/\\\/cvinoticias.com\\\/v3\\\/scaloni-sembro-dudas-sobre-su-continuidad-en-la-seleccion-necesito-pensar-que-voy-a-hacer-con-mi-futuro\\\/#primaryimage\"},\"thumbnailUrl\":\"https:\\\/\\\/cvinoticias.com\\\/wp-content\\\/uploads\\\/2023\\\/11\\\/0e4164356bfc55a86cfd014e5b240c01_M.jpg\",\"articleSection\":[\"Deportes\"],\"inLanguage\":\"es\",\"potentialAction\":[{\"@type\":\"CommentAction\",\"name\":\"Comment\",\"target\":[\"https:\\\/\\\/cvinoticias.com\\\/v3\\\/scaloni-sembro-dudas-sobre-su-continuidad-en-la-seleccion-necesito-pensar-que-voy-a-hacer-con-mi-futuro\\\/#respond\"]}]},{\"@type\":\"WebPage\",\"@id\":\"https:\\\/\\\/cvinoticias.com\\\/v3\\\/scaloni-sembro-dudas-sobre-su-continuidad-en-la-seleccion-necesito-pensar-que-voy-a-hacer-con-mi-futuro\\\/\",\"url\":\"https:\\\/\\\/cvinoticias.com\\\/v3\\\/scaloni-sembro-dudas-sobre-su-continuidad-en-la-seleccion-necesito-pensar-que-voy-a-hacer-con-mi-futuro\\\/\",\"name\":\"Scaloni sembr\u00f3 dudas sobre su continuidad en la Selecci\u00f3n: \\\"Necesito pensar qu\u00e9 voy a hacer con mi futuro\\\" | CVI NOTICIAS\",\"isPartOf\":{\"@id\":\"https:\\\/\\\/cvinoticias.com\\\/v3\\\/#website\"},\"primaryImageOfPage\":{\"@id\":\"https:\\\/\\\/cvinoticias.com\\\/v3\\\/scaloni-sembro-dudas-sobre-su-continuidad-en-la-seleccion-necesito-pensar-que-voy-a-hacer-con-mi-futuro\\\/#primaryimage\"},\"image\":{\"@id\":\"https:\\\/\\\/cvinoticias.com\\\/v3\\\/scaloni-sembro-dudas-sobre-su-continuidad-en-la-seleccion-necesito-pensar-que-voy-a-hacer-con-mi-futuro\\\/#primaryimage\"},\"thumbnailUrl\":\"https:\\\/\\\/cvinoticias.com\\\/wp-content\\\/uploads\\\/2023\\\/11\\\/0e4164356bfc55a86cfd014e5b240c01_M.jpg\",\"datePublished\":\"2023-11-22T04:04:51+00:00\",\"breadcrumb\":{\"@id\":\"https:\\\/\\\/cvinoticias.com\\\/v3\\\/scaloni-sembro-dudas-sobre-su-continuidad-en-la-seleccion-necesito-pensar-que-voy-a-hacer-con-mi-futuro\\\/#breadcrumb\"},\"inLanguage\":\"es\",\"potentialAction\":[{\"@type\":\"ReadAction\",\"target\":[\"https:\\\/\\\/cvinoticias.com\\\/v3\\\/scaloni-sembro-dudas-sobre-su-continuidad-en-la-seleccion-necesito-pensar-que-voy-a-hacer-con-mi-futuro\\\/\"]}]},{\"@type\":\"ImageObject\",\"inLanguage\":\"es\",\"@id\":\"https:\\\/\\\/cvinoticias.com\\\/v3\\\/scaloni-sembro-dudas-sobre-su-continuidad-en-la-seleccion-necesito-pensar-que-voy-a-hacer-con-mi-futuro\\\/#primaryimage\",\"url\":\"https:\\\/\\\/cvinoticias.com\\\/wp-content\\\/uploads\\\/2023\\\/11\\\/0e4164356bfc55a86cfd014e5b240c01_M.jpg\",\"contentUrl\":\"https:\\\/\\\/cvinoticias.com\\\/wp-content\\\/uploads\\\/2023\\\/11\\\/0e4164356bfc55a86cfd014e5b240c01_M.jpg\",\"width\":768,\"height\":431},{\"@type\":\"BreadcrumbList\",\"@id\":\"https:\\\/\\\/cvinoticias.com\\\/v3\\\/scaloni-sembro-dudas-sobre-su-continuidad-en-la-seleccion-necesito-pensar-que-voy-a-hacer-con-mi-futuro\\\/#breadcrumb\",\"itemListElement\":[{\"@type\":\"ListItem\",\"position\":1,\"name\":\"Portada\",\"item\":\"https:\\\/\\\/cvinoticias.com\\\/v3\\\/\"},{\"@type\":\"ListItem\",\"position\":2,\"name\":\"Scaloni sembr\u00f3 dudas sobre su continuidad en la Selecci\u00f3n: \u00abNecesito pensar qu\u00e9 voy a hacer con mi futuro\u00bb\"}]},{\"@type\":\"WebSite\",\"@id\":\"https:\\\/\\\/cvinoticias.com\\\/v3\\\/#website\",\"url\":\"https:\\\/\\\/cvinoticias.com\\\/v3\\\/\",\"name\":\"CVI NOTICIAS\",\"description\":\"\",\"publisher\":{\"@id\":\"https:\\\/\\\/cvinoticias.com\\\/v3\\\/#organization\"},\"alternateName\":\"CVI\",\"potentialAction\":[{\"@type\":\"SearchAction\",\"target\":{\"@type\":\"EntryPoint\",\"urlTemplate\":\"https:\\\/\\\/cvinoticias.com\\\/v3\\\/?s={search_term_string}\"},\"query-input\":{\"@type\":\"PropertyValueSpecification\",\"valueRequired\":true,\"valueName\":\"search_term_string\"}}],\"inLanguage\":\"es\"},{\"@type\":\"Organization\",\"@id\":\"https:\\\/\\\/cvinoticias.com\\\/v3\\\/#organization\",\"name\":\"CVI NOTICIAS\",\"url\":\"https:\\\/\\\/cvinoticias.com\\\/v3\\\/\",\"logo\":{\"@type\":\"ImageObject\",\"inLanguage\":\"es\",\"@id\":\"https:\\\/\\\/cvinoticias.com\\\/v3\\\/#\\\/schema\\\/logo\\\/image\\\/\",\"url\":\"https:\\\/\\\/cvinoticias.com\\\/wp-content\\\/uploads\\\/2023\\\/04\\\/cropped-cropped-cropped-cropped-cropped-3-1.png\",\"contentUrl\":\"https:\\\/\\\/cvinoticias.com\\\/wp-content\\\/uploads\\\/2023\\\/04\\\/cropped-cropped-cropped-cropped-cropped-3-1.png\",\"width\":95,\"height\":122,\"caption\":\"CVI NOTICIAS\"},\"image\":{\"@id\":\"https:\\\/\\\/cvinoticias.com\\\/v3\\\/#\\\/schema\\\/logo\\\/image\\\/\"},\"sameAs\":[\"https:\\\/\\\/www.facebook.com\\\/cvinoticias\",\"https:\\\/\\\/www.instagram.com\\\/cvinoticias\\\/\",\"https:\\\/\\\/www.youtube.com\\\/@CVINOTICIAS\"]},{\"@type\":\"Person\",\"@id\":\"https:\\\/\\\/cvinoticias.com\\\/v3\\\/#\\\/schema\\\/person\\\/2db77e3c6bc03c538495d7b2b8be9b66\",\"name\":\"f1000024\",\"image\":{\"@type\":\"ImageObject\",\"inLanguage\":\"es\",\"@id\":\"https:\\\/\\\/secure.gravatar.com\\\/avatar\\\/d4fe7459cfc51ff5129ce1a732bbef5928568b8092d412ef95611616376bbeed?s=96&d=mm&r=g\",\"url\":\"https:\\\/\\\/secure.gravatar.com\\\/avatar\\\/d4fe7459cfc51ff5129ce1a732bbef5928568b8092d412ef95611616376bbeed?s=96&d=mm&r=g\",\"contentUrl\":\"https:\\\/\\\/secure.gravatar.com\\\/avatar\\\/d4fe7459cfc51ff5129ce1a732bbef5928568b8092d412ef95611616376bbeed?s=96&d=mm&r=g\",\"caption\":\"f1000024\"},\"url\":\"https:\\\/\\\/cvinoticias.com\\\/v3\\\/author\\\/f1000024\\\/\"}]}<\/script>\n<!-- \/ Yoast SEO plugin. -->","yoast_head_json":{"title":"Scaloni sembr\u00f3 dudas sobre su continuidad en la Selecci\u00f3n: \"Necesito pensar qu\u00e9 voy a hacer con mi futuro\" | CVI NOTICIAS","robots":{"index":"index","follow":"follow","max-snippet":"max-snippet:-1","max-image-preview":"max-image-preview:large","max-video-preview":"max-video-preview:-1"},"canonical":"https:\/\/cvinoticias.com\/v3\/scaloni-sembro-dudas-sobre-su-continuidad-en-la-seleccion-necesito-pensar-que-voy-a-hacer-con-mi-futuro\/","og_locale":"es_ES","og_type":"article","og_title":"Scaloni sembr\u00f3 dudas sobre su continuidad en la Selecci\u00f3n: \"Necesito pensar qu\u00e9 voy a hacer con mi futuro\" | CVI NOTICIAS","og_description":"Si bien aclar\u00f3 que no es \u00abun adi\u00f3s\u00bb, el t\u00e9cnico no asegur\u00f3 seguir en el cargo porque \u00abla vara est\u00e1 muy alta\u00bb. El entrenador de la Selecci\u00f3n argentina, Lionel Scaloni, sembr\u00f3 dudas sobre su futuro en el cargo luego de la hist\u00f3rica victoria sobre Brasil en el estadio Maracan\u00e1 por las Eliminatoria sudamericanas al afirmar [&hellip;]","og_url":"https:\/\/cvinoticias.com\/v3\/scaloni-sembro-dudas-sobre-su-continuidad-en-la-seleccion-necesito-pensar-que-voy-a-hacer-con-mi-futuro\/","og_site_name":"CVI NOTICIAS","article_publisher":"https:\/\/www.facebook.com\/cvinoticias","article_published_time":"2023-11-22T04:04:51+00:00","og_image":[{"width":768,"height":431,"url":"https:\/\/cvinoticias.com\/wp-content\/uploads\/2023\/11\/0e4164356bfc55a86cfd014e5b240c01_M.jpg","type":"image\/jpeg"}],"author":"f1000024","twitter_card":"summary_large_image","twitter_misc":{"Escrito por":"f1000024","Tiempo de lectura":"3 minutos"},"schema":{"@context":"https:\/\/schema.org","@graph":[{"@type":"Article","@id":"https:\/\/cvinoticias.com\/v3\/scaloni-sembro-dudas-sobre-su-continuidad-en-la-seleccion-necesito-pensar-que-voy-a-hacer-con-mi-futuro\/#article","isPartOf":{"@id":"https:\/\/cvinoticias.com\/v3\/scaloni-sembro-dudas-sobre-su-continuidad-en-la-seleccion-necesito-pensar-que-voy-a-hacer-con-mi-futuro\/"},"author":{"name":"f1000024","@id":"https:\/\/cvinoticias.com\/v3\/#\/schema\/person\/2db77e3c6bc03c538495d7b2b8be9b66"},"headline":"Scaloni sembr\u00f3 dudas sobre su continuidad en la Selecci\u00f3n: \u00abNecesito pensar qu\u00e9 voy a hacer con mi futuro\u00bb","datePublished":"2023-11-22T04:04:51+00:00","mainEntityOfPage":{"@id":"https:\/\/cvinoticias.com\/v3\/scaloni-sembro-dudas-sobre-su-continuidad-en-la-seleccion-necesito-pensar-que-voy-a-hacer-con-mi-futuro\/"},"wordCount":538,"commentCount":0,"publisher":{"@id":"https:\/\/cvinoticias.com\/v3\/#organization"},"image":{"@id":"https:\/\/cvinoticias.com\/v3\/scaloni-sembro-dudas-sobre-su-continuidad-en-la-seleccion-necesito-pensar-que-voy-a-hacer-con-mi-futuro\/#primaryimage"},"thumbnailUrl":"https:\/\/cvinoticias.com\/wp-content\/uploads\/2023\/11\/0e4164356bfc55a86cfd014e5b240c01_M.jpg","articleSection":["Deportes"],"inLanguage":"es","potentialAction":[{"@type":"CommentAction","name":"Comment","target":["https:\/\/cvinoticias.com\/v3\/scaloni-sembro-dudas-sobre-su-continuidad-en-la-seleccion-necesito-pensar-que-voy-a-hacer-con-mi-futuro\/#respond"]}]},{"@type":"WebPage","@id":"https:\/\/cvinoticias.com\/v3\/scaloni-sembro-dudas-sobre-su-continuidad-en-la-seleccion-necesito-pensar-que-voy-a-hacer-con-mi-futuro\/","url":"https:\/\/cvinoticias.com\/v3\/scaloni-sembro-dudas-sobre-su-continuidad-en-la-seleccion-necesito-pensar-que-voy-a-hacer-con-mi-futuro\/","name":"Scaloni sembr\u00f3 dudas sobre su continuidad en la Selecci\u00f3n: \"Necesito pensar qu\u00e9 voy a hacer con mi futuro\" | CVI NOTICIAS","isPartOf":{"@id":"https:\/\/cvinoticias.com\/v3\/#website"},"primaryImageOfPage":{"@id":"https:\/\/cvinoticias.com\/v3\/scaloni-sembro-dudas-sobre-su-continuidad-en-la-seleccion-necesito-pensar-que-voy-a-hacer-con-mi-futuro\/#primaryimage"},"image":{"@id":"https:\/\/cvinoticias.com\/v3\/scaloni-sembro-dudas-sobre-su-continuidad-en-la-seleccion-necesito-pensar-que-voy-a-hacer-con-mi-futuro\/#primaryimage"},"thumbnailUrl":"https:\/\/cvinoticias.com\/wp-content\/uploads\/2023\/11\/0e4164356bfc55a86cfd014e5b240c01_M.jpg","datePublished":"2023-11-22T04:04:51+00:00","breadcrumb":{"@id":"https:\/\/cvinoticias.com\/v3\/scaloni-sembro-dudas-sobre-su-continuidad-en-la-seleccion-necesito-pensar-que-voy-a-hacer-con-mi-futuro\/#breadcrumb"},"inLanguage":"es","potentialAction":[{"@type":"ReadAction","target":["https:\/\/cvinoticias.com\/v3\/scaloni-sembro-dudas-sobre-su-continuidad-en-la-seleccion-necesito-pensar-que-voy-a-hacer-con-mi-futuro\/"]}]},{"@type":"ImageObject","inLanguage":"es","@id":"https:\/\/cvinoticias.com\/v3\/scaloni-sembro-dudas-sobre-su-continuidad-en-la-seleccion-necesito-pensar-que-voy-a-hacer-con-mi-futuro\/#primaryimage","url":"https:\/\/cvinoticias.com\/wp-content\/uploads\/2023\/11\/0e4164356bfc55a86cfd014e5b240c01_M.jpg","contentUrl":"https:\/\/cvinoticias.com\/wp-content\/uploads\/2023\/11\/0e4164356bfc55a86cfd014e5b240c01_M.jpg","width":768,"height":431},{"@type":"BreadcrumbList","@id":"https:\/\/cvinoticias.com\/v3\/scaloni-sembro-dudas-sobre-su-continuidad-en-la-seleccion-necesito-pensar-que-voy-a-hacer-con-mi-futuro\/#breadcrumb","itemListElement":[{"@type":"ListItem","position":1,"name":"Portada","item":"https:\/\/cvinoticias.com\/v3\/"},{"@type":"ListItem","position":2,"name":"Scaloni sembr\u00f3 dudas sobre su continuidad en la Selecci\u00f3n: \u00abNecesito pensar qu\u00e9 voy a hacer con mi futuro\u00bb"}]},{"@type":"WebSite","@id":"https:\/\/cvinoticias.com\/v3\/#website","url":"https:\/\/cvinoticias.com\/v3\/","name":"CVI NOTICIAS","description":"","publisher":{"@id":"https:\/\/cvinoticias.com\/v3\/#organization"},"alternateName":"CVI","potentialAction":[{"@type":"SearchAction","target":{"@type":"EntryPoint","urlTemplate":"https:\/\/cvinoticias.com\/v3\/?s={search_term_string}"},"query-input":{"@type":"PropertyValueSpecification","valueRequired":true,"valueName":"search_term_string"}}],"inLanguage":"es"},{"@type":"Organization","@id":"https:\/\/cvinoticias.com\/v3\/#organization","name":"CVI NOTICIAS","url":"https:\/\/cvinoticias.com\/v3\/","logo":{"@type":"ImageObject","inLanguage":"es","@id":"https:\/\/cvinoticias.com\/v3\/#\/schema\/logo\/image\/","url":"https:\/\/cvinoticias.com\/wp-content\/uploads\/2023\/04\/cropped-cropped-cropped-cropped-cropped-3-1.png","contentUrl":"https:\/\/cvinoticias.com\/wp-content\/uploads\/2023\/04\/cropped-cropped-cropped-cropped-cropped-3-1.png","width":95,"height":122,"caption":"CVI NOTICIAS"},"image":{"@id":"https:\/\/cvinoticias.com\/v3\/#\/schema\/logo\/image\/"},"sameAs":["https:\/\/www.facebook.com\/cvinoticias","https:\/\/www.instagram.com\/cvinoticias\/","https:\/\/www.youtube.com\/@CVINOTICIAS"]},{"@type":"Person","@id":"https:\/\/cvinoticias.com\/v3\/#\/schema\/person\/2db77e3c6bc03c538495d7b2b8be9b66","name":"f1000024","image":{"@type":"ImageObject","inLanguage":"es","@id":"https:\/\/secure.gravatar.com\/avatar\/d4fe7459cfc51ff5129ce1a732bbef5928568b8092d412ef95611616376bbeed?s=96&d=mm&r=g","url":"https:\/\/secure.gravatar.com\/avatar\/d4fe7459cfc51ff5129ce1a732bbef5928568b8092d412ef95611616376bbeed?s=96&d=mm&r=g","contentUrl":"https:\/\/secure.gravatar.com\/avatar\/d4fe7459cfc51ff5129ce1a732bbef5928568b8092d412ef95611616376bbeed?s=96&d=mm&r=g","caption":"f1000024"},"url":"https:\/\/cvinoticias.com\/v3\/author\/f1000024\/"}]}},"_links":{"self":[{"href":"https:\/\/cvinoticias.com\/v3\/wp-json\/wp\/v2\/posts\/30221","targetHints":{"allow":["GET"]}}],"collection":[{"href":"https:\/\/cvinoticias.com\/v3\/wp-json\/wp\/v2\/posts"}],"about":[{"href":"https:\/\/cvinoticias.com\/v3\/wp-json\/wp\/v2\/types\/post"}],"author":[{"embeddable":true,"href":"https:\/\/cvinoticias.com\/v3\/wp-json\/wp\/v2\/users\/2"}],"replies":[{"embeddable":true,"href":"https:\/\/cvinoticias.com\/v3\/wp-json\/wp\/v2\/comments?post=30221"}],"version-history":[{"count":1,"href":"https:\/\/cvinoticias.com\/v3\/wp-json\/wp\/v2\/posts\/30221\/revisions"}],"predecessor-version":[{"id":30223,"href":"https:\/\/cvinoticias.com\/v3\/wp-json\/wp\/v2\/posts\/30221\/revisions\/30223"}],"wp:featuredmedia":[{"embeddable":true,"href":"https:\/\/cvinoticias.com\/v3\/wp-json\/wp\/v2\/media\/30222"}],"wp:attachment":[{"href":"https:\/\/cvinoticias.com\/v3\/wp-json\/wp\/v2\/media?parent=30221"}],"wp:term":[{"taxonomy":"category","embeddable":true,"href":"https:\/\/cvinoticias.com\/v3\/wp-json\/wp\/v2\/categories?post=30221"},{"taxonomy":"post_tag","embeddable":true,"href":"https:\/\/cvinoticias.com\/v3\/wp-json\/wp\/v2\/tags?post=30221"}],"curies":[{"name":"wp","href":"https:\/\/api.w.org\/{rel}","templated":true}]}}