{"id":30198,"date":"2023-11-21T15:38:27","date_gmt":"2023-11-21T18:38:27","guid":{"rendered":"https:\/\/cvinoticias.com\/v3\/?p=30198"},"modified":"2023-11-21T15:38:27","modified_gmt":"2023-11-21T18:38:27","slug":"el-papa-francisco-se-comunico-con-javier-milei-para-felicitarlo","status":"publish","type":"post","link":"https:\/\/cvinoticias.com\/v3\/el-papa-francisco-se-comunico-con-javier-milei-para-felicitarlo\/","title":{"rendered":"El Papa Francisco se comunic\u00f3 con Javier Milei para felicitarlo"},"content":{"rendered":"\n<p><strong><em>El presidente electo recibi\u00f3 el llamado del Sumo Pont\u00edfice dos d\u00edas despu\u00e9s de su victoria en el balotaje sobre el candidato de Uni\u00f3n por la Patria, Sergio Massa.<\/em><\/strong><\/p>\n\n\n\n<p>El Papa Francisco se comunic\u00f3 con el presidente electo de La Libertad Avanza, Javier Milei, para felicitarlo por el triunfo en las elecciones que lo consagraron como el pr\u00f3ximo mandatario nacional.<\/p>\n\n\n\n<p>As\u00ed lo confirmaron fuentes cercanas a libertario, durante la segunda jornada tras la victoria en el balotaje sobre Sergio Massa. Al parecer, en el di\u00e1logo no hubo menci\u00f3n a las cr\u00edticas del ahora presidente electo respecto al Sumo Pont\u00edfice.<\/p>\n\n\n\n<p>El contacto entre ambos lo hizo el excandidato a jefe de Gobierno de la Ciudad de Buenos Aires, Ramiro Marra. La conversaci\u00f3n fue \u00abamena\u00bb, seg\u00fan la describieron fuentes libertarias, y dur\u00f3 alrededor de ocho minutos, en los que Milei se dirigi\u00f3 al Sumo Pont\u00edfice como \u00abSu Santidad\u00bb.<\/p>\n\n\n\n<p>Agregaron que \u00abhablaron de la pobreza y sucintamente de los planes de Javier Milei para el \u00e1rea social\u00bb.<\/p>\n","protected":false},"excerpt":{"rendered":"<p>El presidente electo recibi\u00f3 el llamado del Sumo Pont\u00edfice dos d\u00edas despu\u00e9s de su victoria en el balotaje sobre el candidato de Uni\u00f3n por la Patria, Sergio Massa. El Papa Francisco se comunic\u00f3 con el presidente electo de La Libertad Avanza, Javier Milei, para felicitarlo por el triunfo en las elecciones que lo consagraron como [&hellip;]<\/p>\n","protected":false},"author":2,"featured_media":30199,"comment_status":"open","ping_status":"open","sticky":false,"template":"","format":"standard","meta":{"footnotes":""},"categories":[47],"tags":[],"class_list":["post-30198","post","type-post","status-publish","format-standard","has-post-thumbnail","hentry","category-sociedad"],"yoast_head":"<!-- This site is optimized with the Yoast SEO plugin v27.5 - https:\/\/yoast.com\/product\/yoast-seo-wordpress\/ -->\n<title>El Papa Francisco se comunic\u00f3 con Javier Milei para felicitarlo | CVI NOTICIAS<\/title>\n<meta name=\"robots\" content=\"index, follow, max-snippet:-1, max-image-preview:large, max-video-preview:-1\" \/>\n<link rel=\"canonical\" href=\"https:\/\/cvinoticias.com\/v3\/el-papa-francisco-se-comunico-con-javier-milei-para-felicitarlo\/\" \/>\n<meta property=\"og:locale\" content=\"es_ES\" \/>\n<meta property=\"og:type\" content=\"article\" \/>\n<meta property=\"og:title\" content=\"El Papa Francisco se comunic\u00f3 con Javier Milei para felicitarlo | CVI NOTICIAS\" \/>\n<meta property=\"og:description\" content=\"El presidente electo recibi\u00f3 el llamado del Sumo Pont\u00edfice dos d\u00edas despu\u00e9s de su victoria en el balotaje sobre el candidato de Uni\u00f3n por la Patria, Sergio Massa. El Papa Francisco se comunic\u00f3 con el presidente electo de La Libertad Avanza, Javier Milei, para felicitarlo por el triunfo en las elecciones que lo consagraron como [&hellip;]\" \/>\n<meta property=\"og:url\" content=\"https:\/\/cvinoticias.com\/v3\/el-papa-francisco-se-comunico-con-javier-milei-para-felicitarlo\/\" \/>\n<meta property=\"og:site_name\" content=\"CVI NOTICIAS\" \/>\n<meta property=\"article:publisher\" content=\"https:\/\/www.facebook.com\/cvinoticias\" \/>\n<meta property=\"article:published_time\" content=\"2023-11-21T18:38:27+00:00\" \/>\n<meta property=\"og:image\" content=\"https:\/\/cvinoticias.com\/wp-content\/uploads\/2023\/11\/20230518-imagen-de-archivo-del-p-1024x576-1.jpg\" \/>\n\t<meta property=\"og:image:width\" content=\"1024\" \/>\n\t<meta property=\"og:image:height\" content=\"576\" \/>\n\t<meta property=\"og:image:type\" content=\"image\/jpeg\" \/>\n<meta name=\"author\" content=\"f1000024\" \/>\n<meta name=\"twitter:card\" content=\"summary_large_image\" \/>\n<meta name=\"twitter:label1\" content=\"Escrito por\" \/>\n\t<meta name=\"twitter:data1\" content=\"f1000024\" \/>\n\t<meta name=\"twitter:label2\" content=\"Tiempo de lectura\" \/>\n\t<meta name=\"twitter:data2\" content=\"1 minuto\" \/>\n<script type=\"application\/ld+json\" class=\"yoast-schema-graph\">{\"@context\":\"https:\\\/\\\/schema.org\",\"@graph\":[{\"@type\":\"Article\",\"@id\":\"https:\\\/\\\/cvinoticias.com\\\/v3\\\/el-papa-francisco-se-comunico-con-javier-milei-para-felicitarlo\\\/#article\",\"isPartOf\":{\"@id\":\"https:\\\/\\\/cvinoticias.com\\\/v3\\\/el-papa-francisco-se-comunico-con-javier-milei-para-felicitarlo\\\/\"},\"author\":{\"name\":\"f1000024\",\"@id\":\"https:\\\/\\\/cvinoticias.com\\\/v3\\\/#\\\/schema\\\/person\\\/2db77e3c6bc03c538495d7b2b8be9b66\"},\"headline\":\"El Papa Francisco se comunic\u00f3 con Javier Milei para felicitarlo\",\"datePublished\":\"2023-11-21T18:38:27+00:00\",\"mainEntityOfPage\":{\"@id\":\"https:\\\/\\\/cvinoticias.com\\\/v3\\\/el-papa-francisco-se-comunico-con-javier-milei-para-felicitarlo\\\/\"},\"wordCount\":185,\"commentCount\":0,\"publisher\":{\"@id\":\"https:\\\/\\\/cvinoticias.com\\\/v3\\\/#organization\"},\"image\":{\"@id\":\"https:\\\/\\\/cvinoticias.com\\\/v3\\\/el-papa-francisco-se-comunico-con-javier-milei-para-felicitarlo\\\/#primaryimage\"},\"thumbnailUrl\":\"https:\\\/\\\/cvinoticias.com\\\/wp-content\\\/uploads\\\/2023\\\/11\\\/20230518-imagen-de-archivo-del-p-1024x576-1.jpg\",\"articleSection\":[\"Sociedad\"],\"inLanguage\":\"es\",\"potentialAction\":[{\"@type\":\"CommentAction\",\"name\":\"Comment\",\"target\":[\"https:\\\/\\\/cvinoticias.com\\\/v3\\\/el-papa-francisco-se-comunico-con-javier-milei-para-felicitarlo\\\/#respond\"]}]},{\"@type\":\"WebPage\",\"@id\":\"https:\\\/\\\/cvinoticias.com\\\/v3\\\/el-papa-francisco-se-comunico-con-javier-milei-para-felicitarlo\\\/\",\"url\":\"https:\\\/\\\/cvinoticias.com\\\/v3\\\/el-papa-francisco-se-comunico-con-javier-milei-para-felicitarlo\\\/\",\"name\":\"El Papa Francisco se comunic\u00f3 con Javier Milei para felicitarlo | CVI NOTICIAS\",\"isPartOf\":{\"@id\":\"https:\\\/\\\/cvinoticias.com\\\/v3\\\/#website\"},\"primaryImageOfPage\":{\"@id\":\"https:\\\/\\\/cvinoticias.com\\\/v3\\\/el-papa-francisco-se-comunico-con-javier-milei-para-felicitarlo\\\/#primaryimage\"},\"image\":{\"@id\":\"https:\\\/\\\/cvinoticias.com\\\/v3\\\/el-papa-francisco-se-comunico-con-javier-milei-para-felicitarlo\\\/#primaryimage\"},\"thumbnailUrl\":\"https:\\\/\\\/cvinoticias.com\\\/wp-content\\\/uploads\\\/2023\\\/11\\\/20230518-imagen-de-archivo-del-p-1024x576-1.jpg\",\"datePublished\":\"2023-11-21T18:38:27+00:00\",\"breadcrumb\":{\"@id\":\"https:\\\/\\\/cvinoticias.com\\\/v3\\\/el-papa-francisco-se-comunico-con-javier-milei-para-felicitarlo\\\/#breadcrumb\"},\"inLanguage\":\"es\",\"potentialAction\":[{\"@type\":\"ReadAction\",\"target\":[\"https:\\\/\\\/cvinoticias.com\\\/v3\\\/el-papa-francisco-se-comunico-con-javier-milei-para-felicitarlo\\\/\"]}]},{\"@type\":\"ImageObject\",\"inLanguage\":\"es\",\"@id\":\"https:\\\/\\\/cvinoticias.com\\\/v3\\\/el-papa-francisco-se-comunico-con-javier-milei-para-felicitarlo\\\/#primaryimage\",\"url\":\"https:\\\/\\\/cvinoticias.com\\\/wp-content\\\/uploads\\\/2023\\\/11\\\/20230518-imagen-de-archivo-del-p-1024x576-1.jpg\",\"contentUrl\":\"https:\\\/\\\/cvinoticias.com\\\/wp-content\\\/uploads\\\/2023\\\/11\\\/20230518-imagen-de-archivo-del-p-1024x576-1.jpg\",\"width\":1024,\"height\":576},{\"@type\":\"BreadcrumbList\",\"@id\":\"https:\\\/\\\/cvinoticias.com\\\/v3\\\/el-papa-francisco-se-comunico-con-javier-milei-para-felicitarlo\\\/#breadcrumb\",\"itemListElement\":[{\"@type\":\"ListItem\",\"position\":1,\"name\":\"Portada\",\"item\":\"https:\\\/\\\/cvinoticias.com\\\/v3\\\/\"},{\"@type\":\"ListItem\",\"position\":2,\"name\":\"El Papa Francisco se comunic\u00f3 con Javier Milei para felicitarlo\"}]},{\"@type\":\"WebSite\",\"@id\":\"https:\\\/\\\/cvinoticias.com\\\/v3\\\/#website\",\"url\":\"https:\\\/\\\/cvinoticias.com\\\/v3\\\/\",\"name\":\"CVI NOTICIAS\",\"description\":\"\",\"publisher\":{\"@id\":\"https:\\\/\\\/cvinoticias.com\\\/v3\\\/#organization\"},\"alternateName\":\"CVI\",\"potentialAction\":[{\"@type\":\"SearchAction\",\"target\":{\"@type\":\"EntryPoint\",\"urlTemplate\":\"https:\\\/\\\/cvinoticias.com\\\/v3\\\/?s={search_term_string}\"},\"query-input\":{\"@type\":\"PropertyValueSpecification\",\"valueRequired\":true,\"valueName\":\"search_term_string\"}}],\"inLanguage\":\"es\"},{\"@type\":\"Organization\",\"@id\":\"https:\\\/\\\/cvinoticias.com\\\/v3\\\/#organization\",\"name\":\"CVI NOTICIAS\",\"url\":\"https:\\\/\\\/cvinoticias.com\\\/v3\\\/\",\"logo\":{\"@type\":\"ImageObject\",\"inLanguage\":\"es\",\"@id\":\"https:\\\/\\\/cvinoticias.com\\\/v3\\\/#\\\/schema\\\/logo\\\/image\\\/\",\"url\":\"https:\\\/\\\/cvinoticias.com\\\/wp-content\\\/uploads\\\/2023\\\/04\\\/cropped-cropped-cropped-cropped-cropped-3-1.png\",\"contentUrl\":\"https:\\\/\\\/cvinoticias.com\\\/wp-content\\\/uploads\\\/2023\\\/04\\\/cropped-cropped-cropped-cropped-cropped-3-1.png\",\"width\":95,\"height\":122,\"caption\":\"CVI NOTICIAS\"},\"image\":{\"@id\":\"https:\\\/\\\/cvinoticias.com\\\/v3\\\/#\\\/schema\\\/logo\\\/image\\\/\"},\"sameAs\":[\"https:\\\/\\\/www.facebook.com\\\/cvinoticias\",\"https:\\\/\\\/www.instagram.com\\\/cvinoticias\\\/\",\"https:\\\/\\\/www.youtube.com\\\/@CVINOTICIAS\"]},{\"@type\":\"Person\",\"@id\":\"https:\\\/\\\/cvinoticias.com\\\/v3\\\/#\\\/schema\\\/person\\\/2db77e3c6bc03c538495d7b2b8be9b66\",\"name\":\"f1000024\",\"image\":{\"@type\":\"ImageObject\",\"inLanguage\":\"es\",\"@id\":\"https:\\\/\\\/secure.gravatar.com\\\/avatar\\\/d4fe7459cfc51ff5129ce1a732bbef5928568b8092d412ef95611616376bbeed?s=96&d=mm&r=g\",\"url\":\"https:\\\/\\\/secure.gravatar.com\\\/avatar\\\/d4fe7459cfc51ff5129ce1a732bbef5928568b8092d412ef95611616376bbeed?s=96&d=mm&r=g\",\"contentUrl\":\"https:\\\/\\\/secure.gravatar.com\\\/avatar\\\/d4fe7459cfc51ff5129ce1a732bbef5928568b8092d412ef95611616376bbeed?s=96&d=mm&r=g\",\"caption\":\"f1000024\"},\"url\":\"https:\\\/\\\/cvinoticias.com\\\/v3\\\/author\\\/f1000024\\\/\"}]}<\/script>\n<!-- \/ Yoast SEO plugin. -->","yoast_head_json":{"title":"El Papa Francisco se comunic\u00f3 con Javier Milei para felicitarlo | CVI NOTICIAS","robots":{"index":"index","follow":"follow","max-snippet":"max-snippet:-1","max-image-preview":"max-image-preview:large","max-video-preview":"max-video-preview:-1"},"canonical":"https:\/\/cvinoticias.com\/v3\/el-papa-francisco-se-comunico-con-javier-milei-para-felicitarlo\/","og_locale":"es_ES","og_type":"article","og_title":"El Papa Francisco se comunic\u00f3 con Javier Milei para felicitarlo | CVI NOTICIAS","og_description":"El presidente electo recibi\u00f3 el llamado del Sumo Pont\u00edfice dos d\u00edas despu\u00e9s de su victoria en el balotaje sobre el candidato de Uni\u00f3n por la Patria, Sergio Massa. El Papa Francisco se comunic\u00f3 con el presidente electo de La Libertad Avanza, Javier Milei, para felicitarlo por el triunfo en las elecciones que lo consagraron como [&hellip;]","og_url":"https:\/\/cvinoticias.com\/v3\/el-papa-francisco-se-comunico-con-javier-milei-para-felicitarlo\/","og_site_name":"CVI NOTICIAS","article_publisher":"https:\/\/www.facebook.com\/cvinoticias","article_published_time":"2023-11-21T18:38:27+00:00","og_image":[{"width":1024,"height":576,"url":"https:\/\/cvinoticias.com\/wp-content\/uploads\/2023\/11\/20230518-imagen-de-archivo-del-p-1024x576-1.jpg","type":"image\/jpeg"}],"author":"f1000024","twitter_card":"summary_large_image","twitter_misc":{"Escrito por":"f1000024","Tiempo de lectura":"1 minuto"},"schema":{"@context":"https:\/\/schema.org","@graph":[{"@type":"Article","@id":"https:\/\/cvinoticias.com\/v3\/el-papa-francisco-se-comunico-con-javier-milei-para-felicitarlo\/#article","isPartOf":{"@id":"https:\/\/cvinoticias.com\/v3\/el-papa-francisco-se-comunico-con-javier-milei-para-felicitarlo\/"},"author":{"name":"f1000024","@id":"https:\/\/cvinoticias.com\/v3\/#\/schema\/person\/2db77e3c6bc03c538495d7b2b8be9b66"},"headline":"El Papa Francisco se comunic\u00f3 con Javier Milei para felicitarlo","datePublished":"2023-11-21T18:38:27+00:00","mainEntityOfPage":{"@id":"https:\/\/cvinoticias.com\/v3\/el-papa-francisco-se-comunico-con-javier-milei-para-felicitarlo\/"},"wordCount":185,"commentCount":0,"publisher":{"@id":"https:\/\/cvinoticias.com\/v3\/#organization"},"image":{"@id":"https:\/\/cvinoticias.com\/v3\/el-papa-francisco-se-comunico-con-javier-milei-para-felicitarlo\/#primaryimage"},"thumbnailUrl":"https:\/\/cvinoticias.com\/wp-content\/uploads\/2023\/11\/20230518-imagen-de-archivo-del-p-1024x576-1.jpg","articleSection":["Sociedad"],"inLanguage":"es","potentialAction":[{"@type":"CommentAction","name":"Comment","target":["https:\/\/cvinoticias.com\/v3\/el-papa-francisco-se-comunico-con-javier-milei-para-felicitarlo\/#respond"]}]},{"@type":"WebPage","@id":"https:\/\/cvinoticias.com\/v3\/el-papa-francisco-se-comunico-con-javier-milei-para-felicitarlo\/","url":"https:\/\/cvinoticias.com\/v3\/el-papa-francisco-se-comunico-con-javier-milei-para-felicitarlo\/","name":"El Papa Francisco se comunic\u00f3 con Javier Milei para felicitarlo | CVI NOTICIAS","isPartOf":{"@id":"https:\/\/cvinoticias.com\/v3\/#website"},"primaryImageOfPage":{"@id":"https:\/\/cvinoticias.com\/v3\/el-papa-francisco-se-comunico-con-javier-milei-para-felicitarlo\/#primaryimage"},"image":{"@id":"https:\/\/cvinoticias.com\/v3\/el-papa-francisco-se-comunico-con-javier-milei-para-felicitarlo\/#primaryimage"},"thumbnailUrl":"https:\/\/cvinoticias.com\/wp-content\/uploads\/2023\/11\/20230518-imagen-de-archivo-del-p-1024x576-1.jpg","datePublished":"2023-11-21T18:38:27+00:00","breadcrumb":{"@id":"https:\/\/cvinoticias.com\/v3\/el-papa-francisco-se-comunico-con-javier-milei-para-felicitarlo\/#breadcrumb"},"inLanguage":"es","potentialAction":[{"@type":"ReadAction","target":["https:\/\/cvinoticias.com\/v3\/el-papa-francisco-se-comunico-con-javier-milei-para-felicitarlo\/"]}]},{"@type":"ImageObject","inLanguage":"es","@id":"https:\/\/cvinoticias.com\/v3\/el-papa-francisco-se-comunico-con-javier-milei-para-felicitarlo\/#primaryimage","url":"https:\/\/cvinoticias.com\/wp-content\/uploads\/2023\/11\/20230518-imagen-de-archivo-del-p-1024x576-1.jpg","contentUrl":"https:\/\/cvinoticias.com\/wp-content\/uploads\/2023\/11\/20230518-imagen-de-archivo-del-p-1024x576-1.jpg","width":1024,"height":576},{"@type":"BreadcrumbList","@id":"https:\/\/cvinoticias.com\/v3\/el-papa-francisco-se-comunico-con-javier-milei-para-felicitarlo\/#breadcrumb","itemListElement":[{"@type":"ListItem","position":1,"name":"Portada","item":"https:\/\/cvinoticias.com\/v3\/"},{"@type":"ListItem","position":2,"name":"El Papa Francisco se comunic\u00f3 con Javier Milei para felicitarlo"}]},{"@type":"WebSite","@id":"https:\/\/cvinoticias.com\/v3\/#website","url":"https:\/\/cvinoticias.com\/v3\/","name":"CVI NOTICIAS","description":"","publisher":{"@id":"https:\/\/cvinoticias.com\/v3\/#organization"},"alternateName":"CVI","potentialAction":[{"@type":"SearchAction","target":{"@type":"EntryPoint","urlTemplate":"https:\/\/cvinoticias.com\/v3\/?s={search_term_string}"},"query-input":{"@type":"PropertyValueSpecification","valueRequired":true,"valueName":"search_term_string"}}],"inLanguage":"es"},{"@type":"Organization","@id":"https:\/\/cvinoticias.com\/v3\/#organization","name":"CVI NOTICIAS","url":"https:\/\/cvinoticias.com\/v3\/","logo":{"@type":"ImageObject","inLanguage":"es","@id":"https:\/\/cvinoticias.com\/v3\/#\/schema\/logo\/image\/","url":"https:\/\/cvinoticias.com\/wp-content\/uploads\/2023\/04\/cropped-cropped-cropped-cropped-cropped-3-1.png","contentUrl":"https:\/\/cvinoticias.com\/wp-content\/uploads\/2023\/04\/cropped-cropped-cropped-cropped-cropped-3-1.png","width":95,"height":122,"caption":"CVI NOTICIAS"},"image":{"@id":"https:\/\/cvinoticias.com\/v3\/#\/schema\/logo\/image\/"},"sameAs":["https:\/\/www.facebook.com\/cvinoticias","https:\/\/www.instagram.com\/cvinoticias\/","https:\/\/www.youtube.com\/@CVINOTICIAS"]},{"@type":"Person","@id":"https:\/\/cvinoticias.com\/v3\/#\/schema\/person\/2db77e3c6bc03c538495d7b2b8be9b66","name":"f1000024","image":{"@type":"ImageObject","inLanguage":"es","@id":"https:\/\/secure.gravatar.com\/avatar\/d4fe7459cfc51ff5129ce1a732bbef5928568b8092d412ef95611616376bbeed?s=96&d=mm&r=g","url":"https:\/\/secure.gravatar.com\/avatar\/d4fe7459cfc51ff5129ce1a732bbef5928568b8092d412ef95611616376bbeed?s=96&d=mm&r=g","contentUrl":"https:\/\/secure.gravatar.com\/avatar\/d4fe7459cfc51ff5129ce1a732bbef5928568b8092d412ef95611616376bbeed?s=96&d=mm&r=g","caption":"f1000024"},"url":"https:\/\/cvinoticias.com\/v3\/author\/f1000024\/"}]}},"_links":{"self":[{"href":"https:\/\/cvinoticias.com\/v3\/wp-json\/wp\/v2\/posts\/30198","targetHints":{"allow":["GET"]}}],"collection":[{"href":"https:\/\/cvinoticias.com\/v3\/wp-json\/wp\/v2\/posts"}],"about":[{"href":"https:\/\/cvinoticias.com\/v3\/wp-json\/wp\/v2\/types\/post"}],"author":[{"embeddable":true,"href":"https:\/\/cvinoticias.com\/v3\/wp-json\/wp\/v2\/users\/2"}],"replies":[{"embeddable":true,"href":"https:\/\/cvinoticias.com\/v3\/wp-json\/wp\/v2\/comments?post=30198"}],"version-history":[{"count":1,"href":"https:\/\/cvinoticias.com\/v3\/wp-json\/wp\/v2\/posts\/30198\/revisions"}],"predecessor-version":[{"id":30200,"href":"https:\/\/cvinoticias.com\/v3\/wp-json\/wp\/v2\/posts\/30198\/revisions\/30200"}],"wp:featuredmedia":[{"embeddable":true,"href":"https:\/\/cvinoticias.com\/v3\/wp-json\/wp\/v2\/media\/30199"}],"wp:attachment":[{"href":"https:\/\/cvinoticias.com\/v3\/wp-json\/wp\/v2\/media?parent=30198"}],"wp:term":[{"taxonomy":"category","embeddable":true,"href":"https:\/\/cvinoticias.com\/v3\/wp-json\/wp\/v2\/categories?post=30198"},{"taxonomy":"post_tag","embeddable":true,"href":"https:\/\/cvinoticias.com\/v3\/wp-json\/wp\/v2\/tags?post=30198"}],"curies":[{"name":"wp","href":"https:\/\/api.w.org\/{rel}","templated":true}]}}