{"id":30192,"date":"2023-11-21T09:52:30","date_gmt":"2023-11-21T12:52:30","guid":{"rendered":"https:\/\/cvinoticias.com\/v3\/?p=30192"},"modified":"2023-11-21T09:52:30","modified_gmt":"2023-11-21T12:52:30","slug":"javier-milei-y-alberto-fernandez-inician-la-transicion-clave-para-la-economia-de-argentina","status":"publish","type":"post","link":"https:\/\/cvinoticias.com\/v3\/javier-milei-y-alberto-fernandez-inician-la-transicion-clave-para-la-economia-de-argentina\/","title":{"rendered":"Javier Milei y Alberto Fern\u00e1ndez inician la transici\u00f3n clave para la econom\u00eda de Argentina"},"content":{"rendered":"\n<p><strong><em>En un acontecimiento hist\u00f3rico para la pol\u00edtica argentina, el presidente electo est\u00e1 reunido con el actual mandatario en la residencia de Olivos. Es el primer encuentro formal entre ambos.<\/em><\/strong><\/p>\n\n\n\n<p>Esta reuni\u00f3n marca el inicio formal de un proceso de transici\u00f3n gubernamental que estuvo te\u00f1ido de incertidumbre y expectativas en las \u00faltimas horas. El pasado domingo, Argentina fue testigo de un cambio de rumbo pol\u00edtico significativo cuando Javier Milei gan\u00f3 el balotaje a Sergio Massa, ministro de Econom\u00eda.<\/p>\n\n\n\n<p>El presidente Alberto Fern\u00e1ndez se encuentra reunido con el jefe de Estado electo, Javier Milei, en el marco de la transici\u00f3n hacia el inicio de la pr\u00f3xima gesti\u00f3n, el 10 de diciembre.<\/p>\n\n\n\n<p>Fuentes oficiales consignaron que el encuentro entre el actual mandatario y el ganador del balotaje presidencial fue confirmado este martes por la ma\u00f1ana.<\/p>\n\n\n\n<p>Milei parti\u00f3 desde el Hotel Libertador, ubicado en el avenida C\u00f3rdoba 690 del centro porte\u00f1o, rumbo a la residencia de Olivos sin formular declaraciones a la prensa.<\/p>\n\n\n\n<p>En un comunicado difundido el lunes en la red social X a trav\u00e9s de la cuenta creada con el nombre de Oficina del Presidente, se inform\u00f3 que \u00abno habr\u00e1 ning\u00fan anuncio de nombramientos respecto a cargos del futuro gobierno hasta el d\u00eda de la asunci\u00f3n\u00bb.<\/p>\n\n\n\n<p>\u00abHasta el 10 de diciembre, el presidente Alberto Fern\u00e1ndez y el ministro de Econom\u00eda, Sergio Massa, son los responsables constitucionales de la situaci\u00f3n de los argentinos\u00bb, manifestaron desde el espacio de Milei.<\/p>\n\n\n\n<p>El economista libertario result\u00f3 ganador en el balotaje del domingo con el 55,69% de los votos, lo que lo dej\u00f3 con una ventaja de 11,4 puntos sobre el candidato del oficialismo, Sergio Massa.<\/p>\n\n\n\n<p>La situaci\u00f3n econ\u00f3mica del pa\u00eds, marcada por la inflaci\u00f3n y la deuda, probablemente dominar\u00e1 gran parte de las discusiones.<\/p>\n\n\n\n<p>Adem\u00e1s, este encuentro podr\u00eda servir para suavizar las tensiones y establecer un tono de cooperaci\u00f3n entre ambos l\u00edderes, algo vital para el futuro inmediato de Argentina.<\/p>\n\n\n\n<p><strong>Ejes de la reuni\u00f3n<\/strong><\/p>\n\n\n\n<p>La reuni\u00f3n de hoy, por tanto, es un paso crucial hacia adelante. Se espera que Milei y Fern\u00e1ndez aborden una serie de temas clave, incluyendo la econom\u00eda, la pol\u00edtica exterior, y los desaf\u00edos sociales que enfrenta Argentina.<\/p>\n\n\n\n<p>La situaci\u00f3n econ\u00f3mica del pa\u00eds, marcada por la inflaci\u00f3n y la deuda, probablemente dominar\u00e1 gran parte de las discusiones.<\/p>\n\n\n\n<p>Adem\u00e1s, este encuentro podr\u00eda servir para suavizar las tensiones y establecer un tono de cooperaci\u00f3n entre ambos l\u00edderes, algo vital para el futuro inmediato de Argentina.<\/p>\n","protected":false},"excerpt":{"rendered":"<p>En un acontecimiento hist\u00f3rico para la pol\u00edtica argentina, el presidente electo est\u00e1 reunido con el actual mandatario en la residencia de Olivos. Es el primer encuentro formal entre ambos. Esta reuni\u00f3n marca el inicio formal de un proceso de transici\u00f3n gubernamental que estuvo te\u00f1ido de incertidumbre y expectativas en las \u00faltimas horas. El pasado domingo, [&hellip;]<\/p>\n","protected":false},"author":2,"featured_media":30193,"comment_status":"open","ping_status":"open","sticky":false,"template":"","format":"standard","meta":{"footnotes":""},"categories":[42],"tags":[],"class_list":["post-30192","post","type-post","status-publish","format-standard","has-post-thumbnail","hentry","category-politica"],"yoast_head":"<!-- This site is optimized with the Yoast SEO plugin v27.4 - https:\/\/yoast.com\/product\/yoast-seo-wordpress\/ -->\n<title>Javier Milei y Alberto Fern\u00e1ndez inician la transici\u00f3n clave para la econom\u00eda de Argentina | CVI NOTICIAS<\/title>\n<meta name=\"robots\" content=\"index, follow, max-snippet:-1, max-image-preview:large, max-video-preview:-1\" \/>\n<link rel=\"canonical\" href=\"https:\/\/cvinoticias.com\/v3\/javier-milei-y-alberto-fernandez-inician-la-transicion-clave-para-la-economia-de-argentina\/\" \/>\n<meta property=\"og:locale\" content=\"es_ES\" \/>\n<meta property=\"og:type\" content=\"article\" \/>\n<meta property=\"og:title\" content=\"Javier Milei y Alberto Fern\u00e1ndez inician la transici\u00f3n clave para la econom\u00eda de Argentina | CVI NOTICIAS\" \/>\n<meta property=\"og:description\" content=\"En un acontecimiento hist\u00f3rico para la pol\u00edtica argentina, el presidente electo est\u00e1 reunido con el actual mandatario en la residencia de Olivos. Es el primer encuentro formal entre ambos. Esta reuni\u00f3n marca el inicio formal de un proceso de transici\u00f3n gubernamental que estuvo te\u00f1ido de incertidumbre y expectativas en las \u00faltimas horas. El pasado domingo, [&hellip;]\" \/>\n<meta property=\"og:url\" content=\"https:\/\/cvinoticias.com\/v3\/javier-milei-y-alberto-fernandez-inician-la-transicion-clave-para-la-economia-de-argentina\/\" \/>\n<meta property=\"og:site_name\" content=\"CVI NOTICIAS\" \/>\n<meta property=\"article:publisher\" content=\"https:\/\/www.facebook.com\/cvinoticias\" \/>\n<meta property=\"article:published_time\" content=\"2023-11-21T12:52:30+00:00\" \/>\n<meta property=\"og:image\" content=\"https:\/\/cvinoticias.com\/wp-content\/uploads\/2023\/11\/1700569966282.jpg\" \/>\n\t<meta property=\"og:image:width\" content=\"722\" \/>\n\t<meta property=\"og:image:height\" content=\"404\" \/>\n\t<meta property=\"og:image:type\" content=\"image\/jpeg\" \/>\n<meta name=\"author\" content=\"f1000024\" \/>\n<meta name=\"twitter:card\" content=\"summary_large_image\" \/>\n<meta name=\"twitter:label1\" content=\"Escrito por\" \/>\n\t<meta name=\"twitter:data1\" content=\"f1000024\" \/>\n\t<meta name=\"twitter:label2\" content=\"Tiempo de lectura\" \/>\n\t<meta name=\"twitter:data2\" content=\"2 minutos\" \/>\n<script type=\"application\/ld+json\" class=\"yoast-schema-graph\">{\"@context\":\"https:\\\/\\\/schema.org\",\"@graph\":[{\"@type\":\"Article\",\"@id\":\"https:\\\/\\\/cvinoticias.com\\\/v3\\\/javier-milei-y-alberto-fernandez-inician-la-transicion-clave-para-la-economia-de-argentina\\\/#article\",\"isPartOf\":{\"@id\":\"https:\\\/\\\/cvinoticias.com\\\/v3\\\/javier-milei-y-alberto-fernandez-inician-la-transicion-clave-para-la-economia-de-argentina\\\/\"},\"author\":{\"name\":\"f1000024\",\"@id\":\"https:\\\/\\\/cvinoticias.com\\\/v3\\\/#\\\/schema\\\/person\\\/2db77e3c6bc03c538495d7b2b8be9b66\"},\"headline\":\"Javier Milei y Alberto Fern\u00e1ndez inician la transici\u00f3n clave para la econom\u00eda de Argentina\",\"datePublished\":\"2023-11-21T12:52:30+00:00\",\"mainEntityOfPage\":{\"@id\":\"https:\\\/\\\/cvinoticias.com\\\/v3\\\/javier-milei-y-alberto-fernandez-inician-la-transicion-clave-para-la-economia-de-argentina\\\/\"},\"wordCount\":455,\"commentCount\":0,\"publisher\":{\"@id\":\"https:\\\/\\\/cvinoticias.com\\\/v3\\\/#organization\"},\"image\":{\"@id\":\"https:\\\/\\\/cvinoticias.com\\\/v3\\\/javier-milei-y-alberto-fernandez-inician-la-transicion-clave-para-la-economia-de-argentina\\\/#primaryimage\"},\"thumbnailUrl\":\"https:\\\/\\\/cvinoticias.com\\\/wp-content\\\/uploads\\\/2023\\\/11\\\/1700569966282.jpg\",\"articleSection\":[\"Politica\"],\"inLanguage\":\"es\",\"potentialAction\":[{\"@type\":\"CommentAction\",\"name\":\"Comment\",\"target\":[\"https:\\\/\\\/cvinoticias.com\\\/v3\\\/javier-milei-y-alberto-fernandez-inician-la-transicion-clave-para-la-economia-de-argentina\\\/#respond\"]}]},{\"@type\":\"WebPage\",\"@id\":\"https:\\\/\\\/cvinoticias.com\\\/v3\\\/javier-milei-y-alberto-fernandez-inician-la-transicion-clave-para-la-economia-de-argentina\\\/\",\"url\":\"https:\\\/\\\/cvinoticias.com\\\/v3\\\/javier-milei-y-alberto-fernandez-inician-la-transicion-clave-para-la-economia-de-argentina\\\/\",\"name\":\"Javier Milei y Alberto Fern\u00e1ndez inician la transici\u00f3n clave para la econom\u00eda de Argentina | CVI NOTICIAS\",\"isPartOf\":{\"@id\":\"https:\\\/\\\/cvinoticias.com\\\/v3\\\/#website\"},\"primaryImageOfPage\":{\"@id\":\"https:\\\/\\\/cvinoticias.com\\\/v3\\\/javier-milei-y-alberto-fernandez-inician-la-transicion-clave-para-la-economia-de-argentina\\\/#primaryimage\"},\"image\":{\"@id\":\"https:\\\/\\\/cvinoticias.com\\\/v3\\\/javier-milei-y-alberto-fernandez-inician-la-transicion-clave-para-la-economia-de-argentina\\\/#primaryimage\"},\"thumbnailUrl\":\"https:\\\/\\\/cvinoticias.com\\\/wp-content\\\/uploads\\\/2023\\\/11\\\/1700569966282.jpg\",\"datePublished\":\"2023-11-21T12:52:30+00:00\",\"breadcrumb\":{\"@id\":\"https:\\\/\\\/cvinoticias.com\\\/v3\\\/javier-milei-y-alberto-fernandez-inician-la-transicion-clave-para-la-economia-de-argentina\\\/#breadcrumb\"},\"inLanguage\":\"es\",\"potentialAction\":[{\"@type\":\"ReadAction\",\"target\":[\"https:\\\/\\\/cvinoticias.com\\\/v3\\\/javier-milei-y-alberto-fernandez-inician-la-transicion-clave-para-la-economia-de-argentina\\\/\"]}]},{\"@type\":\"ImageObject\",\"inLanguage\":\"es\",\"@id\":\"https:\\\/\\\/cvinoticias.com\\\/v3\\\/javier-milei-y-alberto-fernandez-inician-la-transicion-clave-para-la-economia-de-argentina\\\/#primaryimage\",\"url\":\"https:\\\/\\\/cvinoticias.com\\\/wp-content\\\/uploads\\\/2023\\\/11\\\/1700569966282.jpg\",\"contentUrl\":\"https:\\\/\\\/cvinoticias.com\\\/wp-content\\\/uploads\\\/2023\\\/11\\\/1700569966282.jpg\",\"width\":722,\"height\":404},{\"@type\":\"BreadcrumbList\",\"@id\":\"https:\\\/\\\/cvinoticias.com\\\/v3\\\/javier-milei-y-alberto-fernandez-inician-la-transicion-clave-para-la-economia-de-argentina\\\/#breadcrumb\",\"itemListElement\":[{\"@type\":\"ListItem\",\"position\":1,\"name\":\"Portada\",\"item\":\"https:\\\/\\\/cvinoticias.com\\\/v3\\\/\"},{\"@type\":\"ListItem\",\"position\":2,\"name\":\"Javier Milei y Alberto Fern\u00e1ndez inician la transici\u00f3n clave para la econom\u00eda de Argentina\"}]},{\"@type\":\"WebSite\",\"@id\":\"https:\\\/\\\/cvinoticias.com\\\/v3\\\/#website\",\"url\":\"https:\\\/\\\/cvinoticias.com\\\/v3\\\/\",\"name\":\"CVI NOTICIAS\",\"description\":\"\",\"publisher\":{\"@id\":\"https:\\\/\\\/cvinoticias.com\\\/v3\\\/#organization\"},\"alternateName\":\"CVI\",\"potentialAction\":[{\"@type\":\"SearchAction\",\"target\":{\"@type\":\"EntryPoint\",\"urlTemplate\":\"https:\\\/\\\/cvinoticias.com\\\/v3\\\/?s={search_term_string}\"},\"query-input\":{\"@type\":\"PropertyValueSpecification\",\"valueRequired\":true,\"valueName\":\"search_term_string\"}}],\"inLanguage\":\"es\"},{\"@type\":\"Organization\",\"@id\":\"https:\\\/\\\/cvinoticias.com\\\/v3\\\/#organization\",\"name\":\"CVI NOTICIAS\",\"url\":\"https:\\\/\\\/cvinoticias.com\\\/v3\\\/\",\"logo\":{\"@type\":\"ImageObject\",\"inLanguage\":\"es\",\"@id\":\"https:\\\/\\\/cvinoticias.com\\\/v3\\\/#\\\/schema\\\/logo\\\/image\\\/\",\"url\":\"https:\\\/\\\/cvinoticias.com\\\/wp-content\\\/uploads\\\/2023\\\/04\\\/cropped-cropped-cropped-cropped-cropped-3-1.png\",\"contentUrl\":\"https:\\\/\\\/cvinoticias.com\\\/wp-content\\\/uploads\\\/2023\\\/04\\\/cropped-cropped-cropped-cropped-cropped-3-1.png\",\"width\":95,\"height\":122,\"caption\":\"CVI NOTICIAS\"},\"image\":{\"@id\":\"https:\\\/\\\/cvinoticias.com\\\/v3\\\/#\\\/schema\\\/logo\\\/image\\\/\"},\"sameAs\":[\"https:\\\/\\\/www.facebook.com\\\/cvinoticias\",\"https:\\\/\\\/www.instagram.com\\\/cvinoticias\\\/\",\"https:\\\/\\\/www.youtube.com\\\/@CVINOTICIAS\"]},{\"@type\":\"Person\",\"@id\":\"https:\\\/\\\/cvinoticias.com\\\/v3\\\/#\\\/schema\\\/person\\\/2db77e3c6bc03c538495d7b2b8be9b66\",\"name\":\"f1000024\",\"image\":{\"@type\":\"ImageObject\",\"inLanguage\":\"es\",\"@id\":\"https:\\\/\\\/secure.gravatar.com\\\/avatar\\\/d4fe7459cfc51ff5129ce1a732bbef5928568b8092d412ef95611616376bbeed?s=96&d=mm&r=g\",\"url\":\"https:\\\/\\\/secure.gravatar.com\\\/avatar\\\/d4fe7459cfc51ff5129ce1a732bbef5928568b8092d412ef95611616376bbeed?s=96&d=mm&r=g\",\"contentUrl\":\"https:\\\/\\\/secure.gravatar.com\\\/avatar\\\/d4fe7459cfc51ff5129ce1a732bbef5928568b8092d412ef95611616376bbeed?s=96&d=mm&r=g\",\"caption\":\"f1000024\"},\"url\":\"https:\\\/\\\/cvinoticias.com\\\/v3\\\/author\\\/f1000024\\\/\"}]}<\/script>\n<!-- \/ Yoast SEO plugin. -->","yoast_head_json":{"title":"Javier Milei y Alberto Fern\u00e1ndez inician la transici\u00f3n clave para la econom\u00eda de Argentina | CVI NOTICIAS","robots":{"index":"index","follow":"follow","max-snippet":"max-snippet:-1","max-image-preview":"max-image-preview:large","max-video-preview":"max-video-preview:-1"},"canonical":"https:\/\/cvinoticias.com\/v3\/javier-milei-y-alberto-fernandez-inician-la-transicion-clave-para-la-economia-de-argentina\/","og_locale":"es_ES","og_type":"article","og_title":"Javier Milei y Alberto Fern\u00e1ndez inician la transici\u00f3n clave para la econom\u00eda de Argentina | CVI NOTICIAS","og_description":"En un acontecimiento hist\u00f3rico para la pol\u00edtica argentina, el presidente electo est\u00e1 reunido con el actual mandatario en la residencia de Olivos. Es el primer encuentro formal entre ambos. Esta reuni\u00f3n marca el inicio formal de un proceso de transici\u00f3n gubernamental que estuvo te\u00f1ido de incertidumbre y expectativas en las \u00faltimas horas. El pasado domingo, [&hellip;]","og_url":"https:\/\/cvinoticias.com\/v3\/javier-milei-y-alberto-fernandez-inician-la-transicion-clave-para-la-economia-de-argentina\/","og_site_name":"CVI NOTICIAS","article_publisher":"https:\/\/www.facebook.com\/cvinoticias","article_published_time":"2023-11-21T12:52:30+00:00","og_image":[{"width":722,"height":404,"url":"https:\/\/cvinoticias.com\/wp-content\/uploads\/2023\/11\/1700569966282.jpg","type":"image\/jpeg"}],"author":"f1000024","twitter_card":"summary_large_image","twitter_misc":{"Escrito por":"f1000024","Tiempo de lectura":"2 minutos"},"schema":{"@context":"https:\/\/schema.org","@graph":[{"@type":"Article","@id":"https:\/\/cvinoticias.com\/v3\/javier-milei-y-alberto-fernandez-inician-la-transicion-clave-para-la-economia-de-argentina\/#article","isPartOf":{"@id":"https:\/\/cvinoticias.com\/v3\/javier-milei-y-alberto-fernandez-inician-la-transicion-clave-para-la-economia-de-argentina\/"},"author":{"name":"f1000024","@id":"https:\/\/cvinoticias.com\/v3\/#\/schema\/person\/2db77e3c6bc03c538495d7b2b8be9b66"},"headline":"Javier Milei y Alberto Fern\u00e1ndez inician la transici\u00f3n clave para la econom\u00eda de Argentina","datePublished":"2023-11-21T12:52:30+00:00","mainEntityOfPage":{"@id":"https:\/\/cvinoticias.com\/v3\/javier-milei-y-alberto-fernandez-inician-la-transicion-clave-para-la-economia-de-argentina\/"},"wordCount":455,"commentCount":0,"publisher":{"@id":"https:\/\/cvinoticias.com\/v3\/#organization"},"image":{"@id":"https:\/\/cvinoticias.com\/v3\/javier-milei-y-alberto-fernandez-inician-la-transicion-clave-para-la-economia-de-argentina\/#primaryimage"},"thumbnailUrl":"https:\/\/cvinoticias.com\/wp-content\/uploads\/2023\/11\/1700569966282.jpg","articleSection":["Politica"],"inLanguage":"es","potentialAction":[{"@type":"CommentAction","name":"Comment","target":["https:\/\/cvinoticias.com\/v3\/javier-milei-y-alberto-fernandez-inician-la-transicion-clave-para-la-economia-de-argentina\/#respond"]}]},{"@type":"WebPage","@id":"https:\/\/cvinoticias.com\/v3\/javier-milei-y-alberto-fernandez-inician-la-transicion-clave-para-la-economia-de-argentina\/","url":"https:\/\/cvinoticias.com\/v3\/javier-milei-y-alberto-fernandez-inician-la-transicion-clave-para-la-economia-de-argentina\/","name":"Javier Milei y Alberto Fern\u00e1ndez inician la transici\u00f3n clave para la econom\u00eda de Argentina | CVI NOTICIAS","isPartOf":{"@id":"https:\/\/cvinoticias.com\/v3\/#website"},"primaryImageOfPage":{"@id":"https:\/\/cvinoticias.com\/v3\/javier-milei-y-alberto-fernandez-inician-la-transicion-clave-para-la-economia-de-argentina\/#primaryimage"},"image":{"@id":"https:\/\/cvinoticias.com\/v3\/javier-milei-y-alberto-fernandez-inician-la-transicion-clave-para-la-economia-de-argentina\/#primaryimage"},"thumbnailUrl":"https:\/\/cvinoticias.com\/wp-content\/uploads\/2023\/11\/1700569966282.jpg","datePublished":"2023-11-21T12:52:30+00:00","breadcrumb":{"@id":"https:\/\/cvinoticias.com\/v3\/javier-milei-y-alberto-fernandez-inician-la-transicion-clave-para-la-economia-de-argentina\/#breadcrumb"},"inLanguage":"es","potentialAction":[{"@type":"ReadAction","target":["https:\/\/cvinoticias.com\/v3\/javier-milei-y-alberto-fernandez-inician-la-transicion-clave-para-la-economia-de-argentina\/"]}]},{"@type":"ImageObject","inLanguage":"es","@id":"https:\/\/cvinoticias.com\/v3\/javier-milei-y-alberto-fernandez-inician-la-transicion-clave-para-la-economia-de-argentina\/#primaryimage","url":"https:\/\/cvinoticias.com\/wp-content\/uploads\/2023\/11\/1700569966282.jpg","contentUrl":"https:\/\/cvinoticias.com\/wp-content\/uploads\/2023\/11\/1700569966282.jpg","width":722,"height":404},{"@type":"BreadcrumbList","@id":"https:\/\/cvinoticias.com\/v3\/javier-milei-y-alberto-fernandez-inician-la-transicion-clave-para-la-economia-de-argentina\/#breadcrumb","itemListElement":[{"@type":"ListItem","position":1,"name":"Portada","item":"https:\/\/cvinoticias.com\/v3\/"},{"@type":"ListItem","position":2,"name":"Javier Milei y Alberto Fern\u00e1ndez inician la transici\u00f3n clave para la econom\u00eda de Argentina"}]},{"@type":"WebSite","@id":"https:\/\/cvinoticias.com\/v3\/#website","url":"https:\/\/cvinoticias.com\/v3\/","name":"CVI NOTICIAS","description":"","publisher":{"@id":"https:\/\/cvinoticias.com\/v3\/#organization"},"alternateName":"CVI","potentialAction":[{"@type":"SearchAction","target":{"@type":"EntryPoint","urlTemplate":"https:\/\/cvinoticias.com\/v3\/?s={search_term_string}"},"query-input":{"@type":"PropertyValueSpecification","valueRequired":true,"valueName":"search_term_string"}}],"inLanguage":"es"},{"@type":"Organization","@id":"https:\/\/cvinoticias.com\/v3\/#organization","name":"CVI NOTICIAS","url":"https:\/\/cvinoticias.com\/v3\/","logo":{"@type":"ImageObject","inLanguage":"es","@id":"https:\/\/cvinoticias.com\/v3\/#\/schema\/logo\/image\/","url":"https:\/\/cvinoticias.com\/wp-content\/uploads\/2023\/04\/cropped-cropped-cropped-cropped-cropped-3-1.png","contentUrl":"https:\/\/cvinoticias.com\/wp-content\/uploads\/2023\/04\/cropped-cropped-cropped-cropped-cropped-3-1.png","width":95,"height":122,"caption":"CVI NOTICIAS"},"image":{"@id":"https:\/\/cvinoticias.com\/v3\/#\/schema\/logo\/image\/"},"sameAs":["https:\/\/www.facebook.com\/cvinoticias","https:\/\/www.instagram.com\/cvinoticias\/","https:\/\/www.youtube.com\/@CVINOTICIAS"]},{"@type":"Person","@id":"https:\/\/cvinoticias.com\/v3\/#\/schema\/person\/2db77e3c6bc03c538495d7b2b8be9b66","name":"f1000024","image":{"@type":"ImageObject","inLanguage":"es","@id":"https:\/\/secure.gravatar.com\/avatar\/d4fe7459cfc51ff5129ce1a732bbef5928568b8092d412ef95611616376bbeed?s=96&d=mm&r=g","url":"https:\/\/secure.gravatar.com\/avatar\/d4fe7459cfc51ff5129ce1a732bbef5928568b8092d412ef95611616376bbeed?s=96&d=mm&r=g","contentUrl":"https:\/\/secure.gravatar.com\/avatar\/d4fe7459cfc51ff5129ce1a732bbef5928568b8092d412ef95611616376bbeed?s=96&d=mm&r=g","caption":"f1000024"},"url":"https:\/\/cvinoticias.com\/v3\/author\/f1000024\/"}]}},"_links":{"self":[{"href":"https:\/\/cvinoticias.com\/v3\/wp-json\/wp\/v2\/posts\/30192","targetHints":{"allow":["GET"]}}],"collection":[{"href":"https:\/\/cvinoticias.com\/v3\/wp-json\/wp\/v2\/posts"}],"about":[{"href":"https:\/\/cvinoticias.com\/v3\/wp-json\/wp\/v2\/types\/post"}],"author":[{"embeddable":true,"href":"https:\/\/cvinoticias.com\/v3\/wp-json\/wp\/v2\/users\/2"}],"replies":[{"embeddable":true,"href":"https:\/\/cvinoticias.com\/v3\/wp-json\/wp\/v2\/comments?post=30192"}],"version-history":[{"count":1,"href":"https:\/\/cvinoticias.com\/v3\/wp-json\/wp\/v2\/posts\/30192\/revisions"}],"predecessor-version":[{"id":30194,"href":"https:\/\/cvinoticias.com\/v3\/wp-json\/wp\/v2\/posts\/30192\/revisions\/30194"}],"wp:featuredmedia":[{"embeddable":true,"href":"https:\/\/cvinoticias.com\/v3\/wp-json\/wp\/v2\/media\/30193"}],"wp:attachment":[{"href":"https:\/\/cvinoticias.com\/v3\/wp-json\/wp\/v2\/media?parent=30192"}],"wp:term":[{"taxonomy":"category","embeddable":true,"href":"https:\/\/cvinoticias.com\/v3\/wp-json\/wp\/v2\/categories?post=30192"},{"taxonomy":"post_tag","embeddable":true,"href":"https:\/\/cvinoticias.com\/v3\/wp-json\/wp\/v2\/tags?post=30192"}],"curies":[{"name":"wp","href":"https:\/\/api.w.org\/{rel}","templated":true}]}}