{"id":30181,"date":"2023-11-21T09:09:48","date_gmt":"2023-11-21T12:09:48","guid":{"rendered":"https:\/\/cvinoticias.com\/v3\/?p=30181"},"modified":"2023-11-21T09:09:48","modified_gmt":"2023-11-21T12:09:48","slug":"el-conflicto-entre-israel-y-hamas-ya-se-cobro-mas-de-12-mil-vidas","status":"publish","type":"post","link":"https:\/\/cvinoticias.com\/v3\/el-conflicto-entre-israel-y-hamas-ya-se-cobro-mas-de-12-mil-vidas\/","title":{"rendered":"El conflicto entre Israel y Ham\u00e1s ya se cobr\u00f3 m\u00e1s de 12 mil vidas"},"content":{"rendered":"\n<p><strong><em>Adem\u00e1s, son m\u00e1s de 31.000 los heridos y hay cientos o miles de desaparecidos bajo los escombros de la ciudad, tras los constantes bombardeos del Ej\u00e9rcito de Israel, sobre la ciudad palestina.<\/em><\/strong><\/p>\n\n\n\n<p>La cat\u00e1strofe humanitaria que atraviesa la Franja de Gaza, tras la invasi\u00f3n de las fuerzas de Israel, se profundiza d\u00eda a d\u00eda y queda, sobre todo, evidenciada en la cantidad de personas que han fallecido, en seis semanas.<\/p>\n\n\n\n<p>Seg\u00fan los recuentos publicados por la agencia Efe, los muertos en la Franja por los bombardeos de Israel han superado los 13.300 en 45 d\u00edas de guerra. Y se calcula que son cifras a la baja sobre civiles muertos.<\/p>\n\n\n\n<p>En este recuento de muertes, denunciadas por los palestinos como cr\u00edmenes de guerra, entre ellos hay por lo menos 5.600 ni\u00f1as y ni\u00f1os y 3.550 mujeres. Adem\u00e1s, se estima que el total de heridos sube a m\u00e1s de 31.000. Mientras que hay cientos o miles de desaparecidos bajo los escombros de la ciudad de Palestina.<\/p>\n\n\n\n<p>As\u00ed lo ha revelado el Ministerio de Sanidad gazat\u00ed, controlado por el movimiento islamista Ham\u00e1s. Asimismo, hay que considerar que hay ciento o miles de personas desaparecidas bajo los escombros de la ciudad.<\/p>\n","protected":false},"excerpt":{"rendered":"<p>Adem\u00e1s, son m\u00e1s de 31.000 los heridos y hay cientos o miles de desaparecidos bajo los escombros de la ciudad, tras los constantes bombardeos del Ej\u00e9rcito de Israel, sobre la ciudad palestina. La cat\u00e1strofe humanitaria que atraviesa la Franja de Gaza, tras la invasi\u00f3n de las fuerzas de Israel, se profundiza d\u00eda a d\u00eda y [&hellip;]<\/p>\n","protected":false},"author":2,"featured_media":30182,"comment_status":"open","ping_status":"open","sticky":false,"template":"","format":"standard","meta":{"footnotes":""},"categories":[36],"tags":[],"class_list":["post-30181","post","type-post","status-publish","format-standard","has-post-thumbnail","hentry","category-internacionales"],"yoast_head":"<!-- This site is optimized with the Yoast SEO plugin v27.5 - https:\/\/yoast.com\/product\/yoast-seo-wordpress\/ -->\n<title>El conflicto entre Israel y Ham\u00e1s ya se cobr\u00f3 m\u00e1s de 12 mil vidas | CVI NOTICIAS<\/title>\n<meta name=\"robots\" content=\"index, follow, max-snippet:-1, max-image-preview:large, max-video-preview:-1\" \/>\n<link rel=\"canonical\" href=\"https:\/\/cvinoticias.com\/v3\/el-conflicto-entre-israel-y-hamas-ya-se-cobro-mas-de-12-mil-vidas\/\" \/>\n<meta property=\"og:locale\" content=\"es_ES\" \/>\n<meta property=\"og:type\" content=\"article\" \/>\n<meta property=\"og:title\" content=\"El conflicto entre Israel y Ham\u00e1s ya se cobr\u00f3 m\u00e1s de 12 mil vidas | CVI NOTICIAS\" \/>\n<meta property=\"og:description\" content=\"Adem\u00e1s, son m\u00e1s de 31.000 los heridos y hay cientos o miles de desaparecidos bajo los escombros de la ciudad, tras los constantes bombardeos del Ej\u00e9rcito de Israel, sobre la ciudad palestina. La cat\u00e1strofe humanitaria que atraviesa la Franja de Gaza, tras la invasi\u00f3n de las fuerzas de Israel, se profundiza d\u00eda a d\u00eda y [&hellip;]\" \/>\n<meta property=\"og:url\" content=\"https:\/\/cvinoticias.com\/v3\/el-conflicto-entre-israel-y-hamas-ya-se-cobro-mas-de-12-mil-vidas\/\" \/>\n<meta property=\"og:site_name\" content=\"CVI NOTICIAS\" \/>\n<meta property=\"article:publisher\" content=\"https:\/\/www.facebook.com\/cvinoticias\" \/>\n<meta property=\"article:published_time\" content=\"2023-11-21T12:09:48+00:00\" \/>\n<meta property=\"og:image\" content=\"https:\/\/cvinoticias.com\/wp-content\/uploads\/2023\/11\/f400x260-1501189_1516064_0.jpg\" \/>\n\t<meta property=\"og:image:width\" content=\"335\" \/>\n\t<meta property=\"og:image:height\" content=\"260\" \/>\n\t<meta property=\"og:image:type\" content=\"image\/jpeg\" \/>\n<meta name=\"author\" content=\"f1000024\" \/>\n<meta name=\"twitter:card\" content=\"summary_large_image\" \/>\n<meta name=\"twitter:label1\" content=\"Escrito por\" \/>\n\t<meta name=\"twitter:data1\" content=\"f1000024\" \/>\n\t<meta name=\"twitter:label2\" content=\"Tiempo de lectura\" \/>\n\t<meta name=\"twitter:data2\" content=\"1 minuto\" \/>\n<script type=\"application\/ld+json\" class=\"yoast-schema-graph\">{\"@context\":\"https:\\\/\\\/schema.org\",\"@graph\":[{\"@type\":\"Article\",\"@id\":\"https:\\\/\\\/cvinoticias.com\\\/v3\\\/el-conflicto-entre-israel-y-hamas-ya-se-cobro-mas-de-12-mil-vidas\\\/#article\",\"isPartOf\":{\"@id\":\"https:\\\/\\\/cvinoticias.com\\\/v3\\\/el-conflicto-entre-israel-y-hamas-ya-se-cobro-mas-de-12-mil-vidas\\\/\"},\"author\":{\"name\":\"f1000024\",\"@id\":\"https:\\\/\\\/cvinoticias.com\\\/v3\\\/#\\\/schema\\\/person\\\/2db77e3c6bc03c538495d7b2b8be9b66\"},\"headline\":\"El conflicto entre Israel y Ham\u00e1s ya se cobr\u00f3 m\u00e1s de 12 mil vidas\",\"datePublished\":\"2023-11-21T12:09:48+00:00\",\"mainEntityOfPage\":{\"@id\":\"https:\\\/\\\/cvinoticias.com\\\/v3\\\/el-conflicto-entre-israel-y-hamas-ya-se-cobro-mas-de-12-mil-vidas\\\/\"},\"wordCount\":221,\"commentCount\":0,\"publisher\":{\"@id\":\"https:\\\/\\\/cvinoticias.com\\\/v3\\\/#organization\"},\"image\":{\"@id\":\"https:\\\/\\\/cvinoticias.com\\\/v3\\\/el-conflicto-entre-israel-y-hamas-ya-se-cobro-mas-de-12-mil-vidas\\\/#primaryimage\"},\"thumbnailUrl\":\"https:\\\/\\\/cvinoticias.com\\\/wp-content\\\/uploads\\\/2023\\\/11\\\/f400x260-1501189_1516064_0.jpg\",\"articleSection\":[\"Internacionales\"],\"inLanguage\":\"es\",\"potentialAction\":[{\"@type\":\"CommentAction\",\"name\":\"Comment\",\"target\":[\"https:\\\/\\\/cvinoticias.com\\\/v3\\\/el-conflicto-entre-israel-y-hamas-ya-se-cobro-mas-de-12-mil-vidas\\\/#respond\"]}]},{\"@type\":\"WebPage\",\"@id\":\"https:\\\/\\\/cvinoticias.com\\\/v3\\\/el-conflicto-entre-israel-y-hamas-ya-se-cobro-mas-de-12-mil-vidas\\\/\",\"url\":\"https:\\\/\\\/cvinoticias.com\\\/v3\\\/el-conflicto-entre-israel-y-hamas-ya-se-cobro-mas-de-12-mil-vidas\\\/\",\"name\":\"El conflicto entre Israel y Ham\u00e1s ya se cobr\u00f3 m\u00e1s de 12 mil vidas | CVI NOTICIAS\",\"isPartOf\":{\"@id\":\"https:\\\/\\\/cvinoticias.com\\\/v3\\\/#website\"},\"primaryImageOfPage\":{\"@id\":\"https:\\\/\\\/cvinoticias.com\\\/v3\\\/el-conflicto-entre-israel-y-hamas-ya-se-cobro-mas-de-12-mil-vidas\\\/#primaryimage\"},\"image\":{\"@id\":\"https:\\\/\\\/cvinoticias.com\\\/v3\\\/el-conflicto-entre-israel-y-hamas-ya-se-cobro-mas-de-12-mil-vidas\\\/#primaryimage\"},\"thumbnailUrl\":\"https:\\\/\\\/cvinoticias.com\\\/wp-content\\\/uploads\\\/2023\\\/11\\\/f400x260-1501189_1516064_0.jpg\",\"datePublished\":\"2023-11-21T12:09:48+00:00\",\"breadcrumb\":{\"@id\":\"https:\\\/\\\/cvinoticias.com\\\/v3\\\/el-conflicto-entre-israel-y-hamas-ya-se-cobro-mas-de-12-mil-vidas\\\/#breadcrumb\"},\"inLanguage\":\"es\",\"potentialAction\":[{\"@type\":\"ReadAction\",\"target\":[\"https:\\\/\\\/cvinoticias.com\\\/v3\\\/el-conflicto-entre-israel-y-hamas-ya-se-cobro-mas-de-12-mil-vidas\\\/\"]}]},{\"@type\":\"ImageObject\",\"inLanguage\":\"es\",\"@id\":\"https:\\\/\\\/cvinoticias.com\\\/v3\\\/el-conflicto-entre-israel-y-hamas-ya-se-cobro-mas-de-12-mil-vidas\\\/#primaryimage\",\"url\":\"https:\\\/\\\/cvinoticias.com\\\/wp-content\\\/uploads\\\/2023\\\/11\\\/f400x260-1501189_1516064_0.jpg\",\"contentUrl\":\"https:\\\/\\\/cvinoticias.com\\\/wp-content\\\/uploads\\\/2023\\\/11\\\/f400x260-1501189_1516064_0.jpg\",\"width\":335,\"height\":260},{\"@type\":\"BreadcrumbList\",\"@id\":\"https:\\\/\\\/cvinoticias.com\\\/v3\\\/el-conflicto-entre-israel-y-hamas-ya-se-cobro-mas-de-12-mil-vidas\\\/#breadcrumb\",\"itemListElement\":[{\"@type\":\"ListItem\",\"position\":1,\"name\":\"Portada\",\"item\":\"https:\\\/\\\/cvinoticias.com\\\/v3\\\/\"},{\"@type\":\"ListItem\",\"position\":2,\"name\":\"El conflicto entre Israel y Ham\u00e1s ya se cobr\u00f3 m\u00e1s de 12 mil vidas\"}]},{\"@type\":\"WebSite\",\"@id\":\"https:\\\/\\\/cvinoticias.com\\\/v3\\\/#website\",\"url\":\"https:\\\/\\\/cvinoticias.com\\\/v3\\\/\",\"name\":\"CVI NOTICIAS\",\"description\":\"\",\"publisher\":{\"@id\":\"https:\\\/\\\/cvinoticias.com\\\/v3\\\/#organization\"},\"alternateName\":\"CVI\",\"potentialAction\":[{\"@type\":\"SearchAction\",\"target\":{\"@type\":\"EntryPoint\",\"urlTemplate\":\"https:\\\/\\\/cvinoticias.com\\\/v3\\\/?s={search_term_string}\"},\"query-input\":{\"@type\":\"PropertyValueSpecification\",\"valueRequired\":true,\"valueName\":\"search_term_string\"}}],\"inLanguage\":\"es\"},{\"@type\":\"Organization\",\"@id\":\"https:\\\/\\\/cvinoticias.com\\\/v3\\\/#organization\",\"name\":\"CVI NOTICIAS\",\"url\":\"https:\\\/\\\/cvinoticias.com\\\/v3\\\/\",\"logo\":{\"@type\":\"ImageObject\",\"inLanguage\":\"es\",\"@id\":\"https:\\\/\\\/cvinoticias.com\\\/v3\\\/#\\\/schema\\\/logo\\\/image\\\/\",\"url\":\"https:\\\/\\\/cvinoticias.com\\\/wp-content\\\/uploads\\\/2023\\\/04\\\/cropped-cropped-cropped-cropped-cropped-3-1.png\",\"contentUrl\":\"https:\\\/\\\/cvinoticias.com\\\/wp-content\\\/uploads\\\/2023\\\/04\\\/cropped-cropped-cropped-cropped-cropped-3-1.png\",\"width\":95,\"height\":122,\"caption\":\"CVI NOTICIAS\"},\"image\":{\"@id\":\"https:\\\/\\\/cvinoticias.com\\\/v3\\\/#\\\/schema\\\/logo\\\/image\\\/\"},\"sameAs\":[\"https:\\\/\\\/www.facebook.com\\\/cvinoticias\",\"https:\\\/\\\/www.instagram.com\\\/cvinoticias\\\/\",\"https:\\\/\\\/www.youtube.com\\\/@CVINOTICIAS\"]},{\"@type\":\"Person\",\"@id\":\"https:\\\/\\\/cvinoticias.com\\\/v3\\\/#\\\/schema\\\/person\\\/2db77e3c6bc03c538495d7b2b8be9b66\",\"name\":\"f1000024\",\"image\":{\"@type\":\"ImageObject\",\"inLanguage\":\"es\",\"@id\":\"https:\\\/\\\/secure.gravatar.com\\\/avatar\\\/d4fe7459cfc51ff5129ce1a732bbef5928568b8092d412ef95611616376bbeed?s=96&d=mm&r=g\",\"url\":\"https:\\\/\\\/secure.gravatar.com\\\/avatar\\\/d4fe7459cfc51ff5129ce1a732bbef5928568b8092d412ef95611616376bbeed?s=96&d=mm&r=g\",\"contentUrl\":\"https:\\\/\\\/secure.gravatar.com\\\/avatar\\\/d4fe7459cfc51ff5129ce1a732bbef5928568b8092d412ef95611616376bbeed?s=96&d=mm&r=g\",\"caption\":\"f1000024\"},\"url\":\"https:\\\/\\\/cvinoticias.com\\\/v3\\\/author\\\/f1000024\\\/\"}]}<\/script>\n<!-- \/ Yoast SEO plugin. -->","yoast_head_json":{"title":"El conflicto entre Israel y Ham\u00e1s ya se cobr\u00f3 m\u00e1s de 12 mil vidas | CVI NOTICIAS","robots":{"index":"index","follow":"follow","max-snippet":"max-snippet:-1","max-image-preview":"max-image-preview:large","max-video-preview":"max-video-preview:-1"},"canonical":"https:\/\/cvinoticias.com\/v3\/el-conflicto-entre-israel-y-hamas-ya-se-cobro-mas-de-12-mil-vidas\/","og_locale":"es_ES","og_type":"article","og_title":"El conflicto entre Israel y Ham\u00e1s ya se cobr\u00f3 m\u00e1s de 12 mil vidas | CVI NOTICIAS","og_description":"Adem\u00e1s, son m\u00e1s de 31.000 los heridos y hay cientos o miles de desaparecidos bajo los escombros de la ciudad, tras los constantes bombardeos del Ej\u00e9rcito de Israel, sobre la ciudad palestina. La cat\u00e1strofe humanitaria que atraviesa la Franja de Gaza, tras la invasi\u00f3n de las fuerzas de Israel, se profundiza d\u00eda a d\u00eda y [&hellip;]","og_url":"https:\/\/cvinoticias.com\/v3\/el-conflicto-entre-israel-y-hamas-ya-se-cobro-mas-de-12-mil-vidas\/","og_site_name":"CVI NOTICIAS","article_publisher":"https:\/\/www.facebook.com\/cvinoticias","article_published_time":"2023-11-21T12:09:48+00:00","og_image":[{"width":335,"height":260,"url":"https:\/\/cvinoticias.com\/wp-content\/uploads\/2023\/11\/f400x260-1501189_1516064_0.jpg","type":"image\/jpeg"}],"author":"f1000024","twitter_card":"summary_large_image","twitter_misc":{"Escrito por":"f1000024","Tiempo de lectura":"1 minuto"},"schema":{"@context":"https:\/\/schema.org","@graph":[{"@type":"Article","@id":"https:\/\/cvinoticias.com\/v3\/el-conflicto-entre-israel-y-hamas-ya-se-cobro-mas-de-12-mil-vidas\/#article","isPartOf":{"@id":"https:\/\/cvinoticias.com\/v3\/el-conflicto-entre-israel-y-hamas-ya-se-cobro-mas-de-12-mil-vidas\/"},"author":{"name":"f1000024","@id":"https:\/\/cvinoticias.com\/v3\/#\/schema\/person\/2db77e3c6bc03c538495d7b2b8be9b66"},"headline":"El conflicto entre Israel y Ham\u00e1s ya se cobr\u00f3 m\u00e1s de 12 mil vidas","datePublished":"2023-11-21T12:09:48+00:00","mainEntityOfPage":{"@id":"https:\/\/cvinoticias.com\/v3\/el-conflicto-entre-israel-y-hamas-ya-se-cobro-mas-de-12-mil-vidas\/"},"wordCount":221,"commentCount":0,"publisher":{"@id":"https:\/\/cvinoticias.com\/v3\/#organization"},"image":{"@id":"https:\/\/cvinoticias.com\/v3\/el-conflicto-entre-israel-y-hamas-ya-se-cobro-mas-de-12-mil-vidas\/#primaryimage"},"thumbnailUrl":"https:\/\/cvinoticias.com\/wp-content\/uploads\/2023\/11\/f400x260-1501189_1516064_0.jpg","articleSection":["Internacionales"],"inLanguage":"es","potentialAction":[{"@type":"CommentAction","name":"Comment","target":["https:\/\/cvinoticias.com\/v3\/el-conflicto-entre-israel-y-hamas-ya-se-cobro-mas-de-12-mil-vidas\/#respond"]}]},{"@type":"WebPage","@id":"https:\/\/cvinoticias.com\/v3\/el-conflicto-entre-israel-y-hamas-ya-se-cobro-mas-de-12-mil-vidas\/","url":"https:\/\/cvinoticias.com\/v3\/el-conflicto-entre-israel-y-hamas-ya-se-cobro-mas-de-12-mil-vidas\/","name":"El conflicto entre Israel y Ham\u00e1s ya se cobr\u00f3 m\u00e1s de 12 mil vidas | CVI NOTICIAS","isPartOf":{"@id":"https:\/\/cvinoticias.com\/v3\/#website"},"primaryImageOfPage":{"@id":"https:\/\/cvinoticias.com\/v3\/el-conflicto-entre-israel-y-hamas-ya-se-cobro-mas-de-12-mil-vidas\/#primaryimage"},"image":{"@id":"https:\/\/cvinoticias.com\/v3\/el-conflicto-entre-israel-y-hamas-ya-se-cobro-mas-de-12-mil-vidas\/#primaryimage"},"thumbnailUrl":"https:\/\/cvinoticias.com\/wp-content\/uploads\/2023\/11\/f400x260-1501189_1516064_0.jpg","datePublished":"2023-11-21T12:09:48+00:00","breadcrumb":{"@id":"https:\/\/cvinoticias.com\/v3\/el-conflicto-entre-israel-y-hamas-ya-se-cobro-mas-de-12-mil-vidas\/#breadcrumb"},"inLanguage":"es","potentialAction":[{"@type":"ReadAction","target":["https:\/\/cvinoticias.com\/v3\/el-conflicto-entre-israel-y-hamas-ya-se-cobro-mas-de-12-mil-vidas\/"]}]},{"@type":"ImageObject","inLanguage":"es","@id":"https:\/\/cvinoticias.com\/v3\/el-conflicto-entre-israel-y-hamas-ya-se-cobro-mas-de-12-mil-vidas\/#primaryimage","url":"https:\/\/cvinoticias.com\/wp-content\/uploads\/2023\/11\/f400x260-1501189_1516064_0.jpg","contentUrl":"https:\/\/cvinoticias.com\/wp-content\/uploads\/2023\/11\/f400x260-1501189_1516064_0.jpg","width":335,"height":260},{"@type":"BreadcrumbList","@id":"https:\/\/cvinoticias.com\/v3\/el-conflicto-entre-israel-y-hamas-ya-se-cobro-mas-de-12-mil-vidas\/#breadcrumb","itemListElement":[{"@type":"ListItem","position":1,"name":"Portada","item":"https:\/\/cvinoticias.com\/v3\/"},{"@type":"ListItem","position":2,"name":"El conflicto entre Israel y Ham\u00e1s ya se cobr\u00f3 m\u00e1s de 12 mil vidas"}]},{"@type":"WebSite","@id":"https:\/\/cvinoticias.com\/v3\/#website","url":"https:\/\/cvinoticias.com\/v3\/","name":"CVI NOTICIAS","description":"","publisher":{"@id":"https:\/\/cvinoticias.com\/v3\/#organization"},"alternateName":"CVI","potentialAction":[{"@type":"SearchAction","target":{"@type":"EntryPoint","urlTemplate":"https:\/\/cvinoticias.com\/v3\/?s={search_term_string}"},"query-input":{"@type":"PropertyValueSpecification","valueRequired":true,"valueName":"search_term_string"}}],"inLanguage":"es"},{"@type":"Organization","@id":"https:\/\/cvinoticias.com\/v3\/#organization","name":"CVI NOTICIAS","url":"https:\/\/cvinoticias.com\/v3\/","logo":{"@type":"ImageObject","inLanguage":"es","@id":"https:\/\/cvinoticias.com\/v3\/#\/schema\/logo\/image\/","url":"https:\/\/cvinoticias.com\/wp-content\/uploads\/2023\/04\/cropped-cropped-cropped-cropped-cropped-3-1.png","contentUrl":"https:\/\/cvinoticias.com\/wp-content\/uploads\/2023\/04\/cropped-cropped-cropped-cropped-cropped-3-1.png","width":95,"height":122,"caption":"CVI NOTICIAS"},"image":{"@id":"https:\/\/cvinoticias.com\/v3\/#\/schema\/logo\/image\/"},"sameAs":["https:\/\/www.facebook.com\/cvinoticias","https:\/\/www.instagram.com\/cvinoticias\/","https:\/\/www.youtube.com\/@CVINOTICIAS"]},{"@type":"Person","@id":"https:\/\/cvinoticias.com\/v3\/#\/schema\/person\/2db77e3c6bc03c538495d7b2b8be9b66","name":"f1000024","image":{"@type":"ImageObject","inLanguage":"es","@id":"https:\/\/secure.gravatar.com\/avatar\/d4fe7459cfc51ff5129ce1a732bbef5928568b8092d412ef95611616376bbeed?s=96&d=mm&r=g","url":"https:\/\/secure.gravatar.com\/avatar\/d4fe7459cfc51ff5129ce1a732bbef5928568b8092d412ef95611616376bbeed?s=96&d=mm&r=g","contentUrl":"https:\/\/secure.gravatar.com\/avatar\/d4fe7459cfc51ff5129ce1a732bbef5928568b8092d412ef95611616376bbeed?s=96&d=mm&r=g","caption":"f1000024"},"url":"https:\/\/cvinoticias.com\/v3\/author\/f1000024\/"}]}},"_links":{"self":[{"href":"https:\/\/cvinoticias.com\/v3\/wp-json\/wp\/v2\/posts\/30181","targetHints":{"allow":["GET"]}}],"collection":[{"href":"https:\/\/cvinoticias.com\/v3\/wp-json\/wp\/v2\/posts"}],"about":[{"href":"https:\/\/cvinoticias.com\/v3\/wp-json\/wp\/v2\/types\/post"}],"author":[{"embeddable":true,"href":"https:\/\/cvinoticias.com\/v3\/wp-json\/wp\/v2\/users\/2"}],"replies":[{"embeddable":true,"href":"https:\/\/cvinoticias.com\/v3\/wp-json\/wp\/v2\/comments?post=30181"}],"version-history":[{"count":1,"href":"https:\/\/cvinoticias.com\/v3\/wp-json\/wp\/v2\/posts\/30181\/revisions"}],"predecessor-version":[{"id":30183,"href":"https:\/\/cvinoticias.com\/v3\/wp-json\/wp\/v2\/posts\/30181\/revisions\/30183"}],"wp:featuredmedia":[{"embeddable":true,"href":"https:\/\/cvinoticias.com\/v3\/wp-json\/wp\/v2\/media\/30182"}],"wp:attachment":[{"href":"https:\/\/cvinoticias.com\/v3\/wp-json\/wp\/v2\/media?parent=30181"}],"wp:term":[{"taxonomy":"category","embeddable":true,"href":"https:\/\/cvinoticias.com\/v3\/wp-json\/wp\/v2\/categories?post=30181"},{"taxonomy":"post_tag","embeddable":true,"href":"https:\/\/cvinoticias.com\/v3\/wp-json\/wp\/v2\/tags?post=30181"}],"curies":[{"name":"wp","href":"https:\/\/api.w.org\/{rel}","templated":true}]}}