{"id":3014,"date":"2021-02-27T13:57:24","date_gmt":"2021-02-27T13:57:24","guid":{"rendered":"https:\/\/cvinoticias.com\/v3\/?p=3014"},"modified":"2021-02-27T13:57:24","modified_gmt":"2021-02-27T13:57:24","slug":"paritaria-nacional-docentes-firmaron-un-aumento-acumulado-del-346","status":"publish","type":"post","link":"https:\/\/cvinoticias.com\/v3\/paritaria-nacional-docentes-firmaron-un-aumento-acumulado-del-346\/","title":{"rendered":"Paritaria nacional: docentes firmaron un aumento acumulado del 34,6%"},"content":{"rendered":"\n<p><strong><em>Se pagar\u00e1 en tres cuotas y tendr\u00e1 dos cl\u00e1usulas de revisi\u00f3n. Tras el acuerdo entre el Ministerio de Educaci\u00f3n y los gremios.<\/em><\/strong><\/p>\n\n\n\n<p>El gobierno nacional y los gremios docentes acordaron este viernes un aumento salarial del 32% (34,6% en el acumulado anual) que se abonar\u00e1 en tres cuotas a trav\u00e9s de los gobiernos provinciales\u00a0y regir\u00e1 hasta noviembre.\u00a0Las cuotas se pagar\u00e1n en marzo, julio y septiembre.<\/p>\n\n\n\n<p>La reuni\u00f3n entre los representantes de los cinco gremios nacionales y las autoridades educativas tuvo lugar en la sede de la cartera.\u00a0El acuerdo tambi\u00e9n incluy\u00f3 dos cl\u00e1usulas de revisi\u00f3n, en julio y noviembre.<\/p>\n\n\n\n<p>De esta forma,\u00a0el salario inicial del sector subir\u00e1 de 27.500 pesos a 31.000 pesos en marzo, 34.500 en julio y 37.000 en septiembre.<\/p>\n\n\n\n<p>En la paritaria nacional, se fija el salario m\u00ednimo docente en todo el pa\u00eds, que hasta hoy estaba en $27.500. Luego,<strong>\u00a0<\/strong>desde ese piso, son las provincias las que negocian con sus sindicatosde base los salarios de los maestros.<\/p>\n\n\n\n<p>Adem\u00e1s de Ctera, que est\u00e1 dentro de la CTA, participaron los otros cuatro gremios docentes nacionales de la CGT (Uda, Amet, Cea y Sadop) en la paritaria<strong>.<\/strong>\u00a0El reclamo hab\u00eda sido un\u00e1nime: que la suba del salario inicial supere la proyecci\u00f3n inflacionaria para este a\u00f1o del 29%.<\/p>\n\n\n\n<p>Por otra parte,<strong>\u00a0<\/strong>los gremios reiteraron la necesidad de avanzar en la vacunaci\u00f3n de los docentes, cuyo inicio se anunci\u00f3 para los primeros d\u00edas de febrero pero se demor\u00f3 por la falta de dosis<strong>.<\/strong>\u00a0Hasta el momento solo algunos pocos docentes mayores de 60 a\u00f1os o con enfermedades preexistentes accedieron a la vacuna.<\/p>\n\n\n\n<p><\/p>\n","protected":false},"excerpt":{"rendered":"<p>Se pagar\u00e1 en tres cuotas y tendr\u00e1 dos cl\u00e1usulas de revisi\u00f3n. Tras el acuerdo entre el Ministerio de Educaci\u00f3n y los gremios. El gobierno nacional y los gremios docentes acordaron este viernes un aumento salarial del 32% (34,6% en el acumulado anual) que se abonar\u00e1 en tres cuotas a trav\u00e9s de los gobiernos provinciales\u00a0y regir\u00e1 [&hellip;]<\/p>\n","protected":false},"author":2,"featured_media":3015,"comment_status":"open","ping_status":"open","sticky":false,"template":"","format":"standard","meta":{"footnotes":""},"categories":[32,26],"tags":[],"class_list":["post-3014","post","type-post","status-publish","format-standard","has-post-thumbnail","hentry","category-economia","category-educacion"],"yoast_head":"<!-- This site is optimized with the Yoast SEO plugin v27.5 - https:\/\/yoast.com\/product\/yoast-seo-wordpress\/ -->\n<title>Paritaria nacional: docentes firmaron un aumento acumulado del 34,6% | CVI NOTICIAS<\/title>\n<meta name=\"robots\" content=\"index, follow, max-snippet:-1, max-image-preview:large, max-video-preview:-1\" \/>\n<link rel=\"canonical\" href=\"https:\/\/cvinoticias.com\/v3\/paritaria-nacional-docentes-firmaron-un-aumento-acumulado-del-346\/\" \/>\n<meta property=\"og:locale\" content=\"es_ES\" \/>\n<meta property=\"og:type\" content=\"article\" \/>\n<meta property=\"og:title\" content=\"Paritaria nacional: docentes firmaron un aumento acumulado del 34,6% | CVI NOTICIAS\" \/>\n<meta property=\"og:description\" content=\"Se pagar\u00e1 en tres cuotas y tendr\u00e1 dos cl\u00e1usulas de revisi\u00f3n. Tras el acuerdo entre el Ministerio de Educaci\u00f3n y los gremios. El gobierno nacional y los gremios docentes acordaron este viernes un aumento salarial del 32% (34,6% en el acumulado anual) que se abonar\u00e1 en tres cuotas a trav\u00e9s de los gobiernos provinciales\u00a0y regir\u00e1 [&hellip;]\" \/>\n<meta property=\"og:url\" content=\"https:\/\/cvinoticias.com\/v3\/paritaria-nacional-docentes-firmaron-un-aumento-acumulado-del-346\/\" \/>\n<meta property=\"og:site_name\" content=\"CVI NOTICIAS\" \/>\n<meta property=\"article:publisher\" content=\"https:\/\/www.facebook.com\/cvinoticias\" \/>\n<meta property=\"article:published_time\" content=\"2021-02-27T13:57:24+00:00\" \/>\n<meta property=\"og:image\" content=\"https:\/\/cvinoticias.com\/wp-content\/uploads\/2021\/02\/603987d041645_1004x577.png\" \/>\n\t<meta property=\"og:image:width\" content=\"1004\" \/>\n\t<meta property=\"og:image:height\" content=\"577\" \/>\n\t<meta property=\"og:image:type\" content=\"image\/png\" \/>\n<meta name=\"author\" content=\"f1000024\" \/>\n<meta name=\"twitter:card\" content=\"summary_large_image\" \/>\n<meta name=\"twitter:label1\" content=\"Escrito por\" \/>\n\t<meta name=\"twitter:data1\" content=\"f1000024\" \/>\n\t<meta name=\"twitter:label2\" content=\"Tiempo de lectura\" \/>\n\t<meta name=\"twitter:data2\" content=\"1 minuto\" \/>\n<script type=\"application\/ld+json\" class=\"yoast-schema-graph\">{\"@context\":\"https:\\\/\\\/schema.org\",\"@graph\":[{\"@type\":\"Article\",\"@id\":\"https:\\\/\\\/cvinoticias.com\\\/v3\\\/paritaria-nacional-docentes-firmaron-un-aumento-acumulado-del-346\\\/#article\",\"isPartOf\":{\"@id\":\"https:\\\/\\\/cvinoticias.com\\\/v3\\\/paritaria-nacional-docentes-firmaron-un-aumento-acumulado-del-346\\\/\"},\"author\":{\"name\":\"f1000024\",\"@id\":\"https:\\\/\\\/cvinoticias.com\\\/v3\\\/#\\\/schema\\\/person\\\/2db77e3c6bc03c538495d7b2b8be9b66\"},\"headline\":\"Paritaria nacional: docentes firmaron un aumento acumulado del 34,6%\",\"datePublished\":\"2021-02-27T13:57:24+00:00\",\"mainEntityOfPage\":{\"@id\":\"https:\\\/\\\/cvinoticias.com\\\/v3\\\/paritaria-nacional-docentes-firmaron-un-aumento-acumulado-del-346\\\/\"},\"wordCount\":282,\"commentCount\":0,\"publisher\":{\"@id\":\"https:\\\/\\\/cvinoticias.com\\\/v3\\\/#organization\"},\"image\":{\"@id\":\"https:\\\/\\\/cvinoticias.com\\\/v3\\\/paritaria-nacional-docentes-firmaron-un-aumento-acumulado-del-346\\\/#primaryimage\"},\"thumbnailUrl\":\"https:\\\/\\\/cvinoticias.com\\\/wp-content\\\/uploads\\\/2021\\\/02\\\/603987d041645_1004x577.png\",\"articleSection\":[\"Econom\u00eda\",\"Educacion\"],\"inLanguage\":\"es\",\"potentialAction\":[{\"@type\":\"CommentAction\",\"name\":\"Comment\",\"target\":[\"https:\\\/\\\/cvinoticias.com\\\/v3\\\/paritaria-nacional-docentes-firmaron-un-aumento-acumulado-del-346\\\/#respond\"]}]},{\"@type\":\"WebPage\",\"@id\":\"https:\\\/\\\/cvinoticias.com\\\/v3\\\/paritaria-nacional-docentes-firmaron-un-aumento-acumulado-del-346\\\/\",\"url\":\"https:\\\/\\\/cvinoticias.com\\\/v3\\\/paritaria-nacional-docentes-firmaron-un-aumento-acumulado-del-346\\\/\",\"name\":\"Paritaria nacional: docentes firmaron un aumento acumulado del 34,6% | CVI NOTICIAS\",\"isPartOf\":{\"@id\":\"https:\\\/\\\/cvinoticias.com\\\/v3\\\/#website\"},\"primaryImageOfPage\":{\"@id\":\"https:\\\/\\\/cvinoticias.com\\\/v3\\\/paritaria-nacional-docentes-firmaron-un-aumento-acumulado-del-346\\\/#primaryimage\"},\"image\":{\"@id\":\"https:\\\/\\\/cvinoticias.com\\\/v3\\\/paritaria-nacional-docentes-firmaron-un-aumento-acumulado-del-346\\\/#primaryimage\"},\"thumbnailUrl\":\"https:\\\/\\\/cvinoticias.com\\\/wp-content\\\/uploads\\\/2021\\\/02\\\/603987d041645_1004x577.png\",\"datePublished\":\"2021-02-27T13:57:24+00:00\",\"breadcrumb\":{\"@id\":\"https:\\\/\\\/cvinoticias.com\\\/v3\\\/paritaria-nacional-docentes-firmaron-un-aumento-acumulado-del-346\\\/#breadcrumb\"},\"inLanguage\":\"es\",\"potentialAction\":[{\"@type\":\"ReadAction\",\"target\":[\"https:\\\/\\\/cvinoticias.com\\\/v3\\\/paritaria-nacional-docentes-firmaron-un-aumento-acumulado-del-346\\\/\"]}]},{\"@type\":\"ImageObject\",\"inLanguage\":\"es\",\"@id\":\"https:\\\/\\\/cvinoticias.com\\\/v3\\\/paritaria-nacional-docentes-firmaron-un-aumento-acumulado-del-346\\\/#primaryimage\",\"url\":\"https:\\\/\\\/cvinoticias.com\\\/wp-content\\\/uploads\\\/2021\\\/02\\\/603987d041645_1004x577.png\",\"contentUrl\":\"https:\\\/\\\/cvinoticias.com\\\/wp-content\\\/uploads\\\/2021\\\/02\\\/603987d041645_1004x577.png\",\"width\":1004,\"height\":577},{\"@type\":\"BreadcrumbList\",\"@id\":\"https:\\\/\\\/cvinoticias.com\\\/v3\\\/paritaria-nacional-docentes-firmaron-un-aumento-acumulado-del-346\\\/#breadcrumb\",\"itemListElement\":[{\"@type\":\"ListItem\",\"position\":1,\"name\":\"Portada\",\"item\":\"https:\\\/\\\/cvinoticias.com\\\/v3\\\/\"},{\"@type\":\"ListItem\",\"position\":2,\"name\":\"Paritaria nacional: docentes firmaron un aumento acumulado del 34,6%\"}]},{\"@type\":\"WebSite\",\"@id\":\"https:\\\/\\\/cvinoticias.com\\\/v3\\\/#website\",\"url\":\"https:\\\/\\\/cvinoticias.com\\\/v3\\\/\",\"name\":\"CVI NOTICIAS\",\"description\":\"\",\"publisher\":{\"@id\":\"https:\\\/\\\/cvinoticias.com\\\/v3\\\/#organization\"},\"alternateName\":\"CVI\",\"potentialAction\":[{\"@type\":\"SearchAction\",\"target\":{\"@type\":\"EntryPoint\",\"urlTemplate\":\"https:\\\/\\\/cvinoticias.com\\\/v3\\\/?s={search_term_string}\"},\"query-input\":{\"@type\":\"PropertyValueSpecification\",\"valueRequired\":true,\"valueName\":\"search_term_string\"}}],\"inLanguage\":\"es\"},{\"@type\":\"Organization\",\"@id\":\"https:\\\/\\\/cvinoticias.com\\\/v3\\\/#organization\",\"name\":\"CVI NOTICIAS\",\"url\":\"https:\\\/\\\/cvinoticias.com\\\/v3\\\/\",\"logo\":{\"@type\":\"ImageObject\",\"inLanguage\":\"es\",\"@id\":\"https:\\\/\\\/cvinoticias.com\\\/v3\\\/#\\\/schema\\\/logo\\\/image\\\/\",\"url\":\"https:\\\/\\\/cvinoticias.com\\\/wp-content\\\/uploads\\\/2023\\\/04\\\/cropped-cropped-cropped-cropped-cropped-3-1.png\",\"contentUrl\":\"https:\\\/\\\/cvinoticias.com\\\/wp-content\\\/uploads\\\/2023\\\/04\\\/cropped-cropped-cropped-cropped-cropped-3-1.png\",\"width\":95,\"height\":122,\"caption\":\"CVI NOTICIAS\"},\"image\":{\"@id\":\"https:\\\/\\\/cvinoticias.com\\\/v3\\\/#\\\/schema\\\/logo\\\/image\\\/\"},\"sameAs\":[\"https:\\\/\\\/www.facebook.com\\\/cvinoticias\",\"https:\\\/\\\/www.instagram.com\\\/cvinoticias\\\/\",\"https:\\\/\\\/www.youtube.com\\\/@CVINOTICIAS\"]},{\"@type\":\"Person\",\"@id\":\"https:\\\/\\\/cvinoticias.com\\\/v3\\\/#\\\/schema\\\/person\\\/2db77e3c6bc03c538495d7b2b8be9b66\",\"name\":\"f1000024\",\"image\":{\"@type\":\"ImageObject\",\"inLanguage\":\"es\",\"@id\":\"https:\\\/\\\/secure.gravatar.com\\\/avatar\\\/d4fe7459cfc51ff5129ce1a732bbef5928568b8092d412ef95611616376bbeed?s=96&d=mm&r=g\",\"url\":\"https:\\\/\\\/secure.gravatar.com\\\/avatar\\\/d4fe7459cfc51ff5129ce1a732bbef5928568b8092d412ef95611616376bbeed?s=96&d=mm&r=g\",\"contentUrl\":\"https:\\\/\\\/secure.gravatar.com\\\/avatar\\\/d4fe7459cfc51ff5129ce1a732bbef5928568b8092d412ef95611616376bbeed?s=96&d=mm&r=g\",\"caption\":\"f1000024\"},\"url\":\"https:\\\/\\\/cvinoticias.com\\\/v3\\\/author\\\/f1000024\\\/\"}]}<\/script>\n<!-- \/ Yoast SEO plugin. -->","yoast_head_json":{"title":"Paritaria nacional: docentes firmaron un aumento acumulado del 34,6% | CVI NOTICIAS","robots":{"index":"index","follow":"follow","max-snippet":"max-snippet:-1","max-image-preview":"max-image-preview:large","max-video-preview":"max-video-preview:-1"},"canonical":"https:\/\/cvinoticias.com\/v3\/paritaria-nacional-docentes-firmaron-un-aumento-acumulado-del-346\/","og_locale":"es_ES","og_type":"article","og_title":"Paritaria nacional: docentes firmaron un aumento acumulado del 34,6% | CVI NOTICIAS","og_description":"Se pagar\u00e1 en tres cuotas y tendr\u00e1 dos cl\u00e1usulas de revisi\u00f3n. Tras el acuerdo entre el Ministerio de Educaci\u00f3n y los gremios. El gobierno nacional y los gremios docentes acordaron este viernes un aumento salarial del 32% (34,6% en el acumulado anual) que se abonar\u00e1 en tres cuotas a trav\u00e9s de los gobiernos provinciales\u00a0y regir\u00e1 [&hellip;]","og_url":"https:\/\/cvinoticias.com\/v3\/paritaria-nacional-docentes-firmaron-un-aumento-acumulado-del-346\/","og_site_name":"CVI NOTICIAS","article_publisher":"https:\/\/www.facebook.com\/cvinoticias","article_published_time":"2021-02-27T13:57:24+00:00","og_image":[{"width":1004,"height":577,"url":"https:\/\/cvinoticias.com\/wp-content\/uploads\/2021\/02\/603987d041645_1004x577.png","type":"image\/png"}],"author":"f1000024","twitter_card":"summary_large_image","twitter_misc":{"Escrito por":"f1000024","Tiempo de lectura":"1 minuto"},"schema":{"@context":"https:\/\/schema.org","@graph":[{"@type":"Article","@id":"https:\/\/cvinoticias.com\/v3\/paritaria-nacional-docentes-firmaron-un-aumento-acumulado-del-346\/#article","isPartOf":{"@id":"https:\/\/cvinoticias.com\/v3\/paritaria-nacional-docentes-firmaron-un-aumento-acumulado-del-346\/"},"author":{"name":"f1000024","@id":"https:\/\/cvinoticias.com\/v3\/#\/schema\/person\/2db77e3c6bc03c538495d7b2b8be9b66"},"headline":"Paritaria nacional: docentes firmaron un aumento acumulado del 34,6%","datePublished":"2021-02-27T13:57:24+00:00","mainEntityOfPage":{"@id":"https:\/\/cvinoticias.com\/v3\/paritaria-nacional-docentes-firmaron-un-aumento-acumulado-del-346\/"},"wordCount":282,"commentCount":0,"publisher":{"@id":"https:\/\/cvinoticias.com\/v3\/#organization"},"image":{"@id":"https:\/\/cvinoticias.com\/v3\/paritaria-nacional-docentes-firmaron-un-aumento-acumulado-del-346\/#primaryimage"},"thumbnailUrl":"https:\/\/cvinoticias.com\/wp-content\/uploads\/2021\/02\/603987d041645_1004x577.png","articleSection":["Econom\u00eda","Educacion"],"inLanguage":"es","potentialAction":[{"@type":"CommentAction","name":"Comment","target":["https:\/\/cvinoticias.com\/v3\/paritaria-nacional-docentes-firmaron-un-aumento-acumulado-del-346\/#respond"]}]},{"@type":"WebPage","@id":"https:\/\/cvinoticias.com\/v3\/paritaria-nacional-docentes-firmaron-un-aumento-acumulado-del-346\/","url":"https:\/\/cvinoticias.com\/v3\/paritaria-nacional-docentes-firmaron-un-aumento-acumulado-del-346\/","name":"Paritaria nacional: docentes firmaron un aumento acumulado del 34,6% | CVI NOTICIAS","isPartOf":{"@id":"https:\/\/cvinoticias.com\/v3\/#website"},"primaryImageOfPage":{"@id":"https:\/\/cvinoticias.com\/v3\/paritaria-nacional-docentes-firmaron-un-aumento-acumulado-del-346\/#primaryimage"},"image":{"@id":"https:\/\/cvinoticias.com\/v3\/paritaria-nacional-docentes-firmaron-un-aumento-acumulado-del-346\/#primaryimage"},"thumbnailUrl":"https:\/\/cvinoticias.com\/wp-content\/uploads\/2021\/02\/603987d041645_1004x577.png","datePublished":"2021-02-27T13:57:24+00:00","breadcrumb":{"@id":"https:\/\/cvinoticias.com\/v3\/paritaria-nacional-docentes-firmaron-un-aumento-acumulado-del-346\/#breadcrumb"},"inLanguage":"es","potentialAction":[{"@type":"ReadAction","target":["https:\/\/cvinoticias.com\/v3\/paritaria-nacional-docentes-firmaron-un-aumento-acumulado-del-346\/"]}]},{"@type":"ImageObject","inLanguage":"es","@id":"https:\/\/cvinoticias.com\/v3\/paritaria-nacional-docentes-firmaron-un-aumento-acumulado-del-346\/#primaryimage","url":"https:\/\/cvinoticias.com\/wp-content\/uploads\/2021\/02\/603987d041645_1004x577.png","contentUrl":"https:\/\/cvinoticias.com\/wp-content\/uploads\/2021\/02\/603987d041645_1004x577.png","width":1004,"height":577},{"@type":"BreadcrumbList","@id":"https:\/\/cvinoticias.com\/v3\/paritaria-nacional-docentes-firmaron-un-aumento-acumulado-del-346\/#breadcrumb","itemListElement":[{"@type":"ListItem","position":1,"name":"Portada","item":"https:\/\/cvinoticias.com\/v3\/"},{"@type":"ListItem","position":2,"name":"Paritaria nacional: docentes firmaron un aumento acumulado del 34,6%"}]},{"@type":"WebSite","@id":"https:\/\/cvinoticias.com\/v3\/#website","url":"https:\/\/cvinoticias.com\/v3\/","name":"CVI NOTICIAS","description":"","publisher":{"@id":"https:\/\/cvinoticias.com\/v3\/#organization"},"alternateName":"CVI","potentialAction":[{"@type":"SearchAction","target":{"@type":"EntryPoint","urlTemplate":"https:\/\/cvinoticias.com\/v3\/?s={search_term_string}"},"query-input":{"@type":"PropertyValueSpecification","valueRequired":true,"valueName":"search_term_string"}}],"inLanguage":"es"},{"@type":"Organization","@id":"https:\/\/cvinoticias.com\/v3\/#organization","name":"CVI NOTICIAS","url":"https:\/\/cvinoticias.com\/v3\/","logo":{"@type":"ImageObject","inLanguage":"es","@id":"https:\/\/cvinoticias.com\/v3\/#\/schema\/logo\/image\/","url":"https:\/\/cvinoticias.com\/wp-content\/uploads\/2023\/04\/cropped-cropped-cropped-cropped-cropped-3-1.png","contentUrl":"https:\/\/cvinoticias.com\/wp-content\/uploads\/2023\/04\/cropped-cropped-cropped-cropped-cropped-3-1.png","width":95,"height":122,"caption":"CVI NOTICIAS"},"image":{"@id":"https:\/\/cvinoticias.com\/v3\/#\/schema\/logo\/image\/"},"sameAs":["https:\/\/www.facebook.com\/cvinoticias","https:\/\/www.instagram.com\/cvinoticias\/","https:\/\/www.youtube.com\/@CVINOTICIAS"]},{"@type":"Person","@id":"https:\/\/cvinoticias.com\/v3\/#\/schema\/person\/2db77e3c6bc03c538495d7b2b8be9b66","name":"f1000024","image":{"@type":"ImageObject","inLanguage":"es","@id":"https:\/\/secure.gravatar.com\/avatar\/d4fe7459cfc51ff5129ce1a732bbef5928568b8092d412ef95611616376bbeed?s=96&d=mm&r=g","url":"https:\/\/secure.gravatar.com\/avatar\/d4fe7459cfc51ff5129ce1a732bbef5928568b8092d412ef95611616376bbeed?s=96&d=mm&r=g","contentUrl":"https:\/\/secure.gravatar.com\/avatar\/d4fe7459cfc51ff5129ce1a732bbef5928568b8092d412ef95611616376bbeed?s=96&d=mm&r=g","caption":"f1000024"},"url":"https:\/\/cvinoticias.com\/v3\/author\/f1000024\/"}]}},"_links":{"self":[{"href":"https:\/\/cvinoticias.com\/v3\/wp-json\/wp\/v2\/posts\/3014","targetHints":{"allow":["GET"]}}],"collection":[{"href":"https:\/\/cvinoticias.com\/v3\/wp-json\/wp\/v2\/posts"}],"about":[{"href":"https:\/\/cvinoticias.com\/v3\/wp-json\/wp\/v2\/types\/post"}],"author":[{"embeddable":true,"href":"https:\/\/cvinoticias.com\/v3\/wp-json\/wp\/v2\/users\/2"}],"replies":[{"embeddable":true,"href":"https:\/\/cvinoticias.com\/v3\/wp-json\/wp\/v2\/comments?post=3014"}],"version-history":[{"count":1,"href":"https:\/\/cvinoticias.com\/v3\/wp-json\/wp\/v2\/posts\/3014\/revisions"}],"predecessor-version":[{"id":3016,"href":"https:\/\/cvinoticias.com\/v3\/wp-json\/wp\/v2\/posts\/3014\/revisions\/3016"}],"wp:featuredmedia":[{"embeddable":true,"href":"https:\/\/cvinoticias.com\/v3\/wp-json\/wp\/v2\/media\/3015"}],"wp:attachment":[{"href":"https:\/\/cvinoticias.com\/v3\/wp-json\/wp\/v2\/media?parent=3014"}],"wp:term":[{"taxonomy":"category","embeddable":true,"href":"https:\/\/cvinoticias.com\/v3\/wp-json\/wp\/v2\/categories?post=3014"},{"taxonomy":"post_tag","embeddable":true,"href":"https:\/\/cvinoticias.com\/v3\/wp-json\/wp\/v2\/tags?post=3014"}],"curies":[{"name":"wp","href":"https:\/\/api.w.org\/{rel}","templated":true}]}}