{"id":30130,"date":"2023-11-19T14:31:17","date_gmt":"2023-11-19T17:31:17","guid":{"rendered":"https:\/\/cvinoticias.com\/v3\/?p=30130"},"modified":"2023-11-19T14:31:17","modified_gmt":"2023-11-19T17:31:17","slug":"schiaretti-destaco-que-elegir-al-presidente-es-el-mejor-homenaje-a-los-40-anos-de-democracia","status":"publish","type":"post","link":"https:\/\/cvinoticias.com\/v3\/schiaretti-destaco-que-elegir-al-presidente-es-el-mejor-homenaje-a-los-40-anos-de-democracia\/","title":{"rendered":"Schiaretti destac\u00f3 que \u201celegir al Presidente\u201d es el mejor homenaje a los 40 a\u00f1os de democracia"},"content":{"rendered":"\n<p><strong><em>El gobernador de C\u00f3rdoba y excandidato presidencial de Hacemos por Nuestro Pa\u00eds, Juan Schiaretti, vot\u00f3 hoy en la capital de esa provincia y destac\u00f3 que el mejor homenaje por los 40 a\u00f1os de la recuperaci\u00f3n de la democracia es \u201cejercer nuestro derecho a elegir al futuro presidente de los argentinos\u201d.<\/em><\/strong><\/p>\n\n\n\n<p>\u201cLe pido a todos los cordobeses y a todos los argentinos que vayan a votar, que ejerzan su derecho de elegir porque hoy es el momento donde vamos a decidir qui\u00e9n es el pr\u00f3ximo Presidente\u201d, convoc\u00f3 el gobernador en declaraciones a la prensa.<\/p>\n\n\n\n<p>Se\u00f1al\u00f3 que \u201ctodas las elecciones presidente son importantes por las expectativas de lo que puede pasar en los pr\u00f3ximos cuatro a\u00f1os\u201d.<\/p>\n\n\n\n<p>Por otra parte se refiri\u00f3 a la reciente reuni\u00f3n que mantuvo en la provincia con la presidenta de Abuelas de Plaza de Mayo, Estela de Carlotto, sostuvo que se trata de una de las luchadoras contra la \u201cdictadura genocida\u201d y dijo que por eso rescata a las Madres y Abuelas de Plaza de Mayo, \u201cpor lo que expresaron y lo que expresan\u201d.<\/p>\n","protected":false},"excerpt":{"rendered":"<p>El gobernador de C\u00f3rdoba y excandidato presidencial de Hacemos por Nuestro Pa\u00eds, Juan Schiaretti, vot\u00f3 hoy en la capital de esa provincia y destac\u00f3 que el mejor homenaje por los 40 a\u00f1os de la recuperaci\u00f3n de la democracia es \u201cejercer nuestro derecho a elegir al futuro presidente de los argentinos\u201d. \u201cLe pido a todos los [&hellip;]<\/p>\n","protected":false},"author":2,"featured_media":30131,"comment_status":"open","ping_status":"open","sticky":false,"template":"","format":"standard","meta":{"footnotes":""},"categories":[41],"tags":[],"class_list":["post-30130","post","type-post","status-publish","format-standard","has-post-thumbnail","hentry","category-policiales"],"yoast_head":"<!-- This site is optimized with the Yoast SEO plugin v27.4 - https:\/\/yoast.com\/product\/yoast-seo-wordpress\/ -->\n<title>Schiaretti destac\u00f3 que \u201celegir al Presidente\u201d es el mejor homenaje a los 40 a\u00f1os de democracia | CVI NOTICIAS<\/title>\n<meta name=\"robots\" content=\"index, follow, max-snippet:-1, max-image-preview:large, max-video-preview:-1\" \/>\n<link rel=\"canonical\" href=\"https:\/\/cvinoticias.com\/v3\/schiaretti-destaco-que-elegir-al-presidente-es-el-mejor-homenaje-a-los-40-anos-de-democracia\/\" \/>\n<meta property=\"og:locale\" content=\"es_ES\" \/>\n<meta property=\"og:type\" content=\"article\" \/>\n<meta property=\"og:title\" content=\"Schiaretti destac\u00f3 que \u201celegir al Presidente\u201d es el mejor homenaje a los 40 a\u00f1os de democracia | CVI NOTICIAS\" \/>\n<meta property=\"og:description\" content=\"El gobernador de C\u00f3rdoba y excandidato presidencial de Hacemos por Nuestro Pa\u00eds, Juan Schiaretti, vot\u00f3 hoy en la capital de esa provincia y destac\u00f3 que el mejor homenaje por los 40 a\u00f1os de la recuperaci\u00f3n de la democracia es \u201cejercer nuestro derecho a elegir al futuro presidente de los argentinos\u201d. \u201cLe pido a todos los [&hellip;]\" \/>\n<meta property=\"og:url\" content=\"https:\/\/cvinoticias.com\/v3\/schiaretti-destaco-que-elegir-al-presidente-es-el-mejor-homenaje-a-los-40-anos-de-democracia\/\" \/>\n<meta property=\"og:site_name\" content=\"CVI NOTICIAS\" \/>\n<meta property=\"article:publisher\" content=\"https:\/\/www.facebook.com\/cvinoticias\" \/>\n<meta property=\"article:published_time\" content=\"2023-11-19T17:31:17+00:00\" \/>\n<meta property=\"og:image\" content=\"https:\/\/cvinoticias.com\/wp-content\/uploads\/2023\/11\/430e81fdaf10e771669b4a7f1546ee52_M.jpg\" \/>\n\t<meta property=\"og:image:width\" content=\"768\" \/>\n\t<meta property=\"og:image:height\" content=\"432\" \/>\n\t<meta property=\"og:image:type\" content=\"image\/jpeg\" \/>\n<meta name=\"author\" content=\"f1000024\" \/>\n<meta name=\"twitter:card\" content=\"summary_large_image\" \/>\n<meta name=\"twitter:label1\" content=\"Escrito por\" \/>\n\t<meta name=\"twitter:data1\" content=\"f1000024\" \/>\n\t<meta name=\"twitter:label2\" content=\"Tiempo de lectura\" \/>\n\t<meta name=\"twitter:data2\" content=\"1 minuto\" \/>\n<script type=\"application\/ld+json\" class=\"yoast-schema-graph\">{\"@context\":\"https:\\\/\\\/schema.org\",\"@graph\":[{\"@type\":\"Article\",\"@id\":\"https:\\\/\\\/cvinoticias.com\\\/v3\\\/schiaretti-destaco-que-elegir-al-presidente-es-el-mejor-homenaje-a-los-40-anos-de-democracia\\\/#article\",\"isPartOf\":{\"@id\":\"https:\\\/\\\/cvinoticias.com\\\/v3\\\/schiaretti-destaco-que-elegir-al-presidente-es-el-mejor-homenaje-a-los-40-anos-de-democracia\\\/\"},\"author\":{\"name\":\"f1000024\",\"@id\":\"https:\\\/\\\/cvinoticias.com\\\/v3\\\/#\\\/schema\\\/person\\\/2db77e3c6bc03c538495d7b2b8be9b66\"},\"headline\":\"Schiaretti destac\u00f3 que \u201celegir al Presidente\u201d es el mejor homenaje a los 40 a\u00f1os de democracia\",\"datePublished\":\"2023-11-19T17:31:17+00:00\",\"mainEntityOfPage\":{\"@id\":\"https:\\\/\\\/cvinoticias.com\\\/v3\\\/schiaretti-destaco-que-elegir-al-presidente-es-el-mejor-homenaje-a-los-40-anos-de-democracia\\\/\"},\"wordCount\":201,\"commentCount\":0,\"publisher\":{\"@id\":\"https:\\\/\\\/cvinoticias.com\\\/v3\\\/#organization\"},\"image\":{\"@id\":\"https:\\\/\\\/cvinoticias.com\\\/v3\\\/schiaretti-destaco-que-elegir-al-presidente-es-el-mejor-homenaje-a-los-40-anos-de-democracia\\\/#primaryimage\"},\"thumbnailUrl\":\"https:\\\/\\\/cvinoticias.com\\\/wp-content\\\/uploads\\\/2023\\\/11\\\/430e81fdaf10e771669b4a7f1546ee52_M.jpg\",\"articleSection\":[\"Policiales\"],\"inLanguage\":\"es\",\"potentialAction\":[{\"@type\":\"CommentAction\",\"name\":\"Comment\",\"target\":[\"https:\\\/\\\/cvinoticias.com\\\/v3\\\/schiaretti-destaco-que-elegir-al-presidente-es-el-mejor-homenaje-a-los-40-anos-de-democracia\\\/#respond\"]}]},{\"@type\":\"WebPage\",\"@id\":\"https:\\\/\\\/cvinoticias.com\\\/v3\\\/schiaretti-destaco-que-elegir-al-presidente-es-el-mejor-homenaje-a-los-40-anos-de-democracia\\\/\",\"url\":\"https:\\\/\\\/cvinoticias.com\\\/v3\\\/schiaretti-destaco-que-elegir-al-presidente-es-el-mejor-homenaje-a-los-40-anos-de-democracia\\\/\",\"name\":\"Schiaretti destac\u00f3 que \u201celegir al Presidente\u201d es el mejor homenaje a los 40 a\u00f1os de democracia | CVI NOTICIAS\",\"isPartOf\":{\"@id\":\"https:\\\/\\\/cvinoticias.com\\\/v3\\\/#website\"},\"primaryImageOfPage\":{\"@id\":\"https:\\\/\\\/cvinoticias.com\\\/v3\\\/schiaretti-destaco-que-elegir-al-presidente-es-el-mejor-homenaje-a-los-40-anos-de-democracia\\\/#primaryimage\"},\"image\":{\"@id\":\"https:\\\/\\\/cvinoticias.com\\\/v3\\\/schiaretti-destaco-que-elegir-al-presidente-es-el-mejor-homenaje-a-los-40-anos-de-democracia\\\/#primaryimage\"},\"thumbnailUrl\":\"https:\\\/\\\/cvinoticias.com\\\/wp-content\\\/uploads\\\/2023\\\/11\\\/430e81fdaf10e771669b4a7f1546ee52_M.jpg\",\"datePublished\":\"2023-11-19T17:31:17+00:00\",\"breadcrumb\":{\"@id\":\"https:\\\/\\\/cvinoticias.com\\\/v3\\\/schiaretti-destaco-que-elegir-al-presidente-es-el-mejor-homenaje-a-los-40-anos-de-democracia\\\/#breadcrumb\"},\"inLanguage\":\"es\",\"potentialAction\":[{\"@type\":\"ReadAction\",\"target\":[\"https:\\\/\\\/cvinoticias.com\\\/v3\\\/schiaretti-destaco-que-elegir-al-presidente-es-el-mejor-homenaje-a-los-40-anos-de-democracia\\\/\"]}]},{\"@type\":\"ImageObject\",\"inLanguage\":\"es\",\"@id\":\"https:\\\/\\\/cvinoticias.com\\\/v3\\\/schiaretti-destaco-que-elegir-al-presidente-es-el-mejor-homenaje-a-los-40-anos-de-democracia\\\/#primaryimage\",\"url\":\"https:\\\/\\\/cvinoticias.com\\\/wp-content\\\/uploads\\\/2023\\\/11\\\/430e81fdaf10e771669b4a7f1546ee52_M.jpg\",\"contentUrl\":\"https:\\\/\\\/cvinoticias.com\\\/wp-content\\\/uploads\\\/2023\\\/11\\\/430e81fdaf10e771669b4a7f1546ee52_M.jpg\",\"width\":768,\"height\":432},{\"@type\":\"BreadcrumbList\",\"@id\":\"https:\\\/\\\/cvinoticias.com\\\/v3\\\/schiaretti-destaco-que-elegir-al-presidente-es-el-mejor-homenaje-a-los-40-anos-de-democracia\\\/#breadcrumb\",\"itemListElement\":[{\"@type\":\"ListItem\",\"position\":1,\"name\":\"Portada\",\"item\":\"https:\\\/\\\/cvinoticias.com\\\/v3\\\/\"},{\"@type\":\"ListItem\",\"position\":2,\"name\":\"Schiaretti destac\u00f3 que \u201celegir al Presidente\u201d es el mejor homenaje a los 40 a\u00f1os de democracia\"}]},{\"@type\":\"WebSite\",\"@id\":\"https:\\\/\\\/cvinoticias.com\\\/v3\\\/#website\",\"url\":\"https:\\\/\\\/cvinoticias.com\\\/v3\\\/\",\"name\":\"CVI NOTICIAS\",\"description\":\"\",\"publisher\":{\"@id\":\"https:\\\/\\\/cvinoticias.com\\\/v3\\\/#organization\"},\"alternateName\":\"CVI\",\"potentialAction\":[{\"@type\":\"SearchAction\",\"target\":{\"@type\":\"EntryPoint\",\"urlTemplate\":\"https:\\\/\\\/cvinoticias.com\\\/v3\\\/?s={search_term_string}\"},\"query-input\":{\"@type\":\"PropertyValueSpecification\",\"valueRequired\":true,\"valueName\":\"search_term_string\"}}],\"inLanguage\":\"es\"},{\"@type\":\"Organization\",\"@id\":\"https:\\\/\\\/cvinoticias.com\\\/v3\\\/#organization\",\"name\":\"CVI NOTICIAS\",\"url\":\"https:\\\/\\\/cvinoticias.com\\\/v3\\\/\",\"logo\":{\"@type\":\"ImageObject\",\"inLanguage\":\"es\",\"@id\":\"https:\\\/\\\/cvinoticias.com\\\/v3\\\/#\\\/schema\\\/logo\\\/image\\\/\",\"url\":\"https:\\\/\\\/cvinoticias.com\\\/wp-content\\\/uploads\\\/2023\\\/04\\\/cropped-cropped-cropped-cropped-cropped-3-1.png\",\"contentUrl\":\"https:\\\/\\\/cvinoticias.com\\\/wp-content\\\/uploads\\\/2023\\\/04\\\/cropped-cropped-cropped-cropped-cropped-3-1.png\",\"width\":95,\"height\":122,\"caption\":\"CVI NOTICIAS\"},\"image\":{\"@id\":\"https:\\\/\\\/cvinoticias.com\\\/v3\\\/#\\\/schema\\\/logo\\\/image\\\/\"},\"sameAs\":[\"https:\\\/\\\/www.facebook.com\\\/cvinoticias\",\"https:\\\/\\\/www.instagram.com\\\/cvinoticias\\\/\",\"https:\\\/\\\/www.youtube.com\\\/@CVINOTICIAS\"]},{\"@type\":\"Person\",\"@id\":\"https:\\\/\\\/cvinoticias.com\\\/v3\\\/#\\\/schema\\\/person\\\/2db77e3c6bc03c538495d7b2b8be9b66\",\"name\":\"f1000024\",\"image\":{\"@type\":\"ImageObject\",\"inLanguage\":\"es\",\"@id\":\"https:\\\/\\\/secure.gravatar.com\\\/avatar\\\/d4fe7459cfc51ff5129ce1a732bbef5928568b8092d412ef95611616376bbeed?s=96&d=mm&r=g\",\"url\":\"https:\\\/\\\/secure.gravatar.com\\\/avatar\\\/d4fe7459cfc51ff5129ce1a732bbef5928568b8092d412ef95611616376bbeed?s=96&d=mm&r=g\",\"contentUrl\":\"https:\\\/\\\/secure.gravatar.com\\\/avatar\\\/d4fe7459cfc51ff5129ce1a732bbef5928568b8092d412ef95611616376bbeed?s=96&d=mm&r=g\",\"caption\":\"f1000024\"},\"url\":\"https:\\\/\\\/cvinoticias.com\\\/v3\\\/author\\\/f1000024\\\/\"}]}<\/script>\n<!-- \/ Yoast SEO plugin. -->","yoast_head_json":{"title":"Schiaretti destac\u00f3 que \u201celegir al Presidente\u201d es el mejor homenaje a los 40 a\u00f1os de democracia | CVI NOTICIAS","robots":{"index":"index","follow":"follow","max-snippet":"max-snippet:-1","max-image-preview":"max-image-preview:large","max-video-preview":"max-video-preview:-1"},"canonical":"https:\/\/cvinoticias.com\/v3\/schiaretti-destaco-que-elegir-al-presidente-es-el-mejor-homenaje-a-los-40-anos-de-democracia\/","og_locale":"es_ES","og_type":"article","og_title":"Schiaretti destac\u00f3 que \u201celegir al Presidente\u201d es el mejor homenaje a los 40 a\u00f1os de democracia | CVI NOTICIAS","og_description":"El gobernador de C\u00f3rdoba y excandidato presidencial de Hacemos por Nuestro Pa\u00eds, Juan Schiaretti, vot\u00f3 hoy en la capital de esa provincia y destac\u00f3 que el mejor homenaje por los 40 a\u00f1os de la recuperaci\u00f3n de la democracia es \u201cejercer nuestro derecho a elegir al futuro presidente de los argentinos\u201d. \u201cLe pido a todos los [&hellip;]","og_url":"https:\/\/cvinoticias.com\/v3\/schiaretti-destaco-que-elegir-al-presidente-es-el-mejor-homenaje-a-los-40-anos-de-democracia\/","og_site_name":"CVI NOTICIAS","article_publisher":"https:\/\/www.facebook.com\/cvinoticias","article_published_time":"2023-11-19T17:31:17+00:00","og_image":[{"width":768,"height":432,"url":"https:\/\/cvinoticias.com\/wp-content\/uploads\/2023\/11\/430e81fdaf10e771669b4a7f1546ee52_M.jpg","type":"image\/jpeg"}],"author":"f1000024","twitter_card":"summary_large_image","twitter_misc":{"Escrito por":"f1000024","Tiempo de lectura":"1 minuto"},"schema":{"@context":"https:\/\/schema.org","@graph":[{"@type":"Article","@id":"https:\/\/cvinoticias.com\/v3\/schiaretti-destaco-que-elegir-al-presidente-es-el-mejor-homenaje-a-los-40-anos-de-democracia\/#article","isPartOf":{"@id":"https:\/\/cvinoticias.com\/v3\/schiaretti-destaco-que-elegir-al-presidente-es-el-mejor-homenaje-a-los-40-anos-de-democracia\/"},"author":{"name":"f1000024","@id":"https:\/\/cvinoticias.com\/v3\/#\/schema\/person\/2db77e3c6bc03c538495d7b2b8be9b66"},"headline":"Schiaretti destac\u00f3 que \u201celegir al Presidente\u201d es el mejor homenaje a los 40 a\u00f1os de democracia","datePublished":"2023-11-19T17:31:17+00:00","mainEntityOfPage":{"@id":"https:\/\/cvinoticias.com\/v3\/schiaretti-destaco-que-elegir-al-presidente-es-el-mejor-homenaje-a-los-40-anos-de-democracia\/"},"wordCount":201,"commentCount":0,"publisher":{"@id":"https:\/\/cvinoticias.com\/v3\/#organization"},"image":{"@id":"https:\/\/cvinoticias.com\/v3\/schiaretti-destaco-que-elegir-al-presidente-es-el-mejor-homenaje-a-los-40-anos-de-democracia\/#primaryimage"},"thumbnailUrl":"https:\/\/cvinoticias.com\/wp-content\/uploads\/2023\/11\/430e81fdaf10e771669b4a7f1546ee52_M.jpg","articleSection":["Policiales"],"inLanguage":"es","potentialAction":[{"@type":"CommentAction","name":"Comment","target":["https:\/\/cvinoticias.com\/v3\/schiaretti-destaco-que-elegir-al-presidente-es-el-mejor-homenaje-a-los-40-anos-de-democracia\/#respond"]}]},{"@type":"WebPage","@id":"https:\/\/cvinoticias.com\/v3\/schiaretti-destaco-que-elegir-al-presidente-es-el-mejor-homenaje-a-los-40-anos-de-democracia\/","url":"https:\/\/cvinoticias.com\/v3\/schiaretti-destaco-que-elegir-al-presidente-es-el-mejor-homenaje-a-los-40-anos-de-democracia\/","name":"Schiaretti destac\u00f3 que \u201celegir al Presidente\u201d es el mejor homenaje a los 40 a\u00f1os de democracia | CVI NOTICIAS","isPartOf":{"@id":"https:\/\/cvinoticias.com\/v3\/#website"},"primaryImageOfPage":{"@id":"https:\/\/cvinoticias.com\/v3\/schiaretti-destaco-que-elegir-al-presidente-es-el-mejor-homenaje-a-los-40-anos-de-democracia\/#primaryimage"},"image":{"@id":"https:\/\/cvinoticias.com\/v3\/schiaretti-destaco-que-elegir-al-presidente-es-el-mejor-homenaje-a-los-40-anos-de-democracia\/#primaryimage"},"thumbnailUrl":"https:\/\/cvinoticias.com\/wp-content\/uploads\/2023\/11\/430e81fdaf10e771669b4a7f1546ee52_M.jpg","datePublished":"2023-11-19T17:31:17+00:00","breadcrumb":{"@id":"https:\/\/cvinoticias.com\/v3\/schiaretti-destaco-que-elegir-al-presidente-es-el-mejor-homenaje-a-los-40-anos-de-democracia\/#breadcrumb"},"inLanguage":"es","potentialAction":[{"@type":"ReadAction","target":["https:\/\/cvinoticias.com\/v3\/schiaretti-destaco-que-elegir-al-presidente-es-el-mejor-homenaje-a-los-40-anos-de-democracia\/"]}]},{"@type":"ImageObject","inLanguage":"es","@id":"https:\/\/cvinoticias.com\/v3\/schiaretti-destaco-que-elegir-al-presidente-es-el-mejor-homenaje-a-los-40-anos-de-democracia\/#primaryimage","url":"https:\/\/cvinoticias.com\/wp-content\/uploads\/2023\/11\/430e81fdaf10e771669b4a7f1546ee52_M.jpg","contentUrl":"https:\/\/cvinoticias.com\/wp-content\/uploads\/2023\/11\/430e81fdaf10e771669b4a7f1546ee52_M.jpg","width":768,"height":432},{"@type":"BreadcrumbList","@id":"https:\/\/cvinoticias.com\/v3\/schiaretti-destaco-que-elegir-al-presidente-es-el-mejor-homenaje-a-los-40-anos-de-democracia\/#breadcrumb","itemListElement":[{"@type":"ListItem","position":1,"name":"Portada","item":"https:\/\/cvinoticias.com\/v3\/"},{"@type":"ListItem","position":2,"name":"Schiaretti destac\u00f3 que \u201celegir al Presidente\u201d es el mejor homenaje a los 40 a\u00f1os de democracia"}]},{"@type":"WebSite","@id":"https:\/\/cvinoticias.com\/v3\/#website","url":"https:\/\/cvinoticias.com\/v3\/","name":"CVI NOTICIAS","description":"","publisher":{"@id":"https:\/\/cvinoticias.com\/v3\/#organization"},"alternateName":"CVI","potentialAction":[{"@type":"SearchAction","target":{"@type":"EntryPoint","urlTemplate":"https:\/\/cvinoticias.com\/v3\/?s={search_term_string}"},"query-input":{"@type":"PropertyValueSpecification","valueRequired":true,"valueName":"search_term_string"}}],"inLanguage":"es"},{"@type":"Organization","@id":"https:\/\/cvinoticias.com\/v3\/#organization","name":"CVI NOTICIAS","url":"https:\/\/cvinoticias.com\/v3\/","logo":{"@type":"ImageObject","inLanguage":"es","@id":"https:\/\/cvinoticias.com\/v3\/#\/schema\/logo\/image\/","url":"https:\/\/cvinoticias.com\/wp-content\/uploads\/2023\/04\/cropped-cropped-cropped-cropped-cropped-3-1.png","contentUrl":"https:\/\/cvinoticias.com\/wp-content\/uploads\/2023\/04\/cropped-cropped-cropped-cropped-cropped-3-1.png","width":95,"height":122,"caption":"CVI NOTICIAS"},"image":{"@id":"https:\/\/cvinoticias.com\/v3\/#\/schema\/logo\/image\/"},"sameAs":["https:\/\/www.facebook.com\/cvinoticias","https:\/\/www.instagram.com\/cvinoticias\/","https:\/\/www.youtube.com\/@CVINOTICIAS"]},{"@type":"Person","@id":"https:\/\/cvinoticias.com\/v3\/#\/schema\/person\/2db77e3c6bc03c538495d7b2b8be9b66","name":"f1000024","image":{"@type":"ImageObject","inLanguage":"es","@id":"https:\/\/secure.gravatar.com\/avatar\/d4fe7459cfc51ff5129ce1a732bbef5928568b8092d412ef95611616376bbeed?s=96&d=mm&r=g","url":"https:\/\/secure.gravatar.com\/avatar\/d4fe7459cfc51ff5129ce1a732bbef5928568b8092d412ef95611616376bbeed?s=96&d=mm&r=g","contentUrl":"https:\/\/secure.gravatar.com\/avatar\/d4fe7459cfc51ff5129ce1a732bbef5928568b8092d412ef95611616376bbeed?s=96&d=mm&r=g","caption":"f1000024"},"url":"https:\/\/cvinoticias.com\/v3\/author\/f1000024\/"}]}},"_links":{"self":[{"href":"https:\/\/cvinoticias.com\/v3\/wp-json\/wp\/v2\/posts\/30130","targetHints":{"allow":["GET"]}}],"collection":[{"href":"https:\/\/cvinoticias.com\/v3\/wp-json\/wp\/v2\/posts"}],"about":[{"href":"https:\/\/cvinoticias.com\/v3\/wp-json\/wp\/v2\/types\/post"}],"author":[{"embeddable":true,"href":"https:\/\/cvinoticias.com\/v3\/wp-json\/wp\/v2\/users\/2"}],"replies":[{"embeddable":true,"href":"https:\/\/cvinoticias.com\/v3\/wp-json\/wp\/v2\/comments?post=30130"}],"version-history":[{"count":1,"href":"https:\/\/cvinoticias.com\/v3\/wp-json\/wp\/v2\/posts\/30130\/revisions"}],"predecessor-version":[{"id":30132,"href":"https:\/\/cvinoticias.com\/v3\/wp-json\/wp\/v2\/posts\/30130\/revisions\/30132"}],"wp:featuredmedia":[{"embeddable":true,"href":"https:\/\/cvinoticias.com\/v3\/wp-json\/wp\/v2\/media\/30131"}],"wp:attachment":[{"href":"https:\/\/cvinoticias.com\/v3\/wp-json\/wp\/v2\/media?parent=30130"}],"wp:term":[{"taxonomy":"category","embeddable":true,"href":"https:\/\/cvinoticias.com\/v3\/wp-json\/wp\/v2\/categories?post=30130"},{"taxonomy":"post_tag","embeddable":true,"href":"https:\/\/cvinoticias.com\/v3\/wp-json\/wp\/v2\/tags?post=30130"}],"curies":[{"name":"wp","href":"https:\/\/api.w.org\/{rel}","templated":true}]}}