{"id":30109,"date":"2023-11-19T08:20:42","date_gmt":"2023-11-19T11:20:42","guid":{"rendered":"https:\/\/cvinoticias.com\/v3\/?p=30109"},"modified":"2023-11-19T08:20:42","modified_gmt":"2023-11-19T11:20:42","slug":"que-derechos-tienen-las-personas-con-discapacidad-para-poder-votar-este-domingo","status":"publish","type":"post","link":"https:\/\/cvinoticias.com\/v3\/que-derechos-tienen-las-personas-con-discapacidad-para-poder-votar-este-domingo\/","title":{"rendered":"Qu\u00e9 derechos tienen las personas con discapacidad para poder votar este domingo"},"content":{"rendered":"\n<p><em><strong>La C\u00e1mara Electoral Nacional garantiza el Voto asistido para que todas las personas con discapacidad puedan votar este domingo 19 de noviembre<\/strong><\/em><\/p>\n\n\n\n<p>La Ley 26.571 de democratizaci\u00f3n de la representaci\u00f3n pol\u00edtica, transparencia y la equidad electoral en su art\u00edculo 105 garantiza el derecho a la accesibilidad del voto para todas las personas.<\/p>\n\n\n\n<p>La ley obliga a todas las instituciones p\u00fablicas a contar con rampas de acceso y desplazamiento dentro del edificio. Adem\u00e1s todas las autoridades de mesa deben estar capacitadas para asistir a todas las personas que tengan alguna discapacidad.<\/p>\n\n\n\n<p>Se considera discapacitado a toda personas que tienen alguna deficiencia motriz, sensorial, intelectual o mental y que no pueden participar de manera plena y en igualdad de condiciones en la sociedad porque se encuentran con alguna barrera que se los impide.<\/p>\n\n\n\n<p><strong>Voto Asistido<\/strong><\/p>\n\n\n\n<p>El voto asistido es el derecho de una persona con discapacidad a ser acompa\u00f1ado en todo momento del proceso electivo, por una persona de su confianza. Adem\u00e1s puede entrar con perros gu\u00eda y en todo momento, el presidente de mesa debe proporcionarle la asistencia que requiera o solicite.<\/p>\n\n\n\n<p>Vale aclarar que este derecho no es exclusivo para las personas con discapacidad visual, sino para toda persona que tenga una limitaci\u00f3n transitoria o permanente.<\/p>\n","protected":false},"excerpt":{"rendered":"<p>La C\u00e1mara Electoral Nacional garantiza el Voto asistido para que todas las personas con discapacidad puedan votar este domingo 19 de noviembre La Ley 26.571 de democratizaci\u00f3n de la representaci\u00f3n pol\u00edtica, transparencia y la equidad electoral en su art\u00edculo 105 garantiza el derecho a la accesibilidad del voto para todas las personas. La ley obliga [&hellip;]<\/p>\n","protected":false},"author":2,"featured_media":30110,"comment_status":"open","ping_status":"open","sticky":false,"template":"","format":"standard","meta":{"footnotes":""},"categories":[47],"tags":[],"class_list":["post-30109","post","type-post","status-publish","format-standard","has-post-thumbnail","hentry","category-sociedad"],"yoast_head":"<!-- This site is optimized with the Yoast SEO plugin v27.4 - https:\/\/yoast.com\/product\/yoast-seo-wordpress\/ -->\n<title>Qu\u00e9 derechos tienen las personas con discapacidad para poder votar este domingo | CVI NOTICIAS<\/title>\n<meta name=\"robots\" content=\"index, follow, max-snippet:-1, max-image-preview:large, max-video-preview:-1\" \/>\n<link rel=\"canonical\" href=\"https:\/\/cvinoticias.com\/v3\/que-derechos-tienen-las-personas-con-discapacidad-para-poder-votar-este-domingo\/\" \/>\n<meta property=\"og:locale\" content=\"es_ES\" \/>\n<meta property=\"og:type\" content=\"article\" \/>\n<meta property=\"og:title\" content=\"Qu\u00e9 derechos tienen las personas con discapacidad para poder votar este domingo | CVI NOTICIAS\" \/>\n<meta property=\"og:description\" content=\"La C\u00e1mara Electoral Nacional garantiza el Voto asistido para que todas las personas con discapacidad puedan votar este domingo 19 de noviembre La Ley 26.571 de democratizaci\u00f3n de la representaci\u00f3n pol\u00edtica, transparencia y la equidad electoral en su art\u00edculo 105 garantiza el derecho a la accesibilidad del voto para todas las personas. La ley obliga [&hellip;]\" \/>\n<meta property=\"og:url\" content=\"https:\/\/cvinoticias.com\/v3\/que-derechos-tienen-las-personas-con-discapacidad-para-poder-votar-este-domingo\/\" \/>\n<meta property=\"og:site_name\" content=\"CVI NOTICIAS\" \/>\n<meta property=\"article:publisher\" content=\"https:\/\/www.facebook.com\/cvinoticias\" \/>\n<meta property=\"article:published_time\" content=\"2023-11-19T11:20:42+00:00\" \/>\n<meta property=\"og:image\" content=\"https:\/\/cvinoticias.com\/wp-content\/uploads\/2023\/11\/elecciones-discapacidadjpg.jpg\" \/>\n\t<meta property=\"og:image:width\" content=\"574\" \/>\n\t<meta property=\"og:image:height\" content=\"324\" \/>\n\t<meta property=\"og:image:type\" content=\"image\/jpeg\" \/>\n<meta name=\"author\" content=\"f1000024\" \/>\n<meta name=\"twitter:card\" content=\"summary_large_image\" \/>\n<meta name=\"twitter:label1\" content=\"Escrito por\" \/>\n\t<meta name=\"twitter:data1\" content=\"f1000024\" \/>\n\t<meta name=\"twitter:label2\" content=\"Tiempo de lectura\" \/>\n\t<meta name=\"twitter:data2\" content=\"1 minuto\" \/>\n<script type=\"application\/ld+json\" class=\"yoast-schema-graph\">{\"@context\":\"https:\\\/\\\/schema.org\",\"@graph\":[{\"@type\":\"Article\",\"@id\":\"https:\\\/\\\/cvinoticias.com\\\/v3\\\/que-derechos-tienen-las-personas-con-discapacidad-para-poder-votar-este-domingo\\\/#article\",\"isPartOf\":{\"@id\":\"https:\\\/\\\/cvinoticias.com\\\/v3\\\/que-derechos-tienen-las-personas-con-discapacidad-para-poder-votar-este-domingo\\\/\"},\"author\":{\"name\":\"f1000024\",\"@id\":\"https:\\\/\\\/cvinoticias.com\\\/v3\\\/#\\\/schema\\\/person\\\/2db77e3c6bc03c538495d7b2b8be9b66\"},\"headline\":\"Qu\u00e9 derechos tienen las personas con discapacidad para poder votar este domingo\",\"datePublished\":\"2023-11-19T11:20:42+00:00\",\"mainEntityOfPage\":{\"@id\":\"https:\\\/\\\/cvinoticias.com\\\/v3\\\/que-derechos-tienen-las-personas-con-discapacidad-para-poder-votar-este-domingo\\\/\"},\"wordCount\":226,\"commentCount\":0,\"publisher\":{\"@id\":\"https:\\\/\\\/cvinoticias.com\\\/v3\\\/#organization\"},\"image\":{\"@id\":\"https:\\\/\\\/cvinoticias.com\\\/v3\\\/que-derechos-tienen-las-personas-con-discapacidad-para-poder-votar-este-domingo\\\/#primaryimage\"},\"thumbnailUrl\":\"https:\\\/\\\/cvinoticias.com\\\/wp-content\\\/uploads\\\/2023\\\/11\\\/elecciones-discapacidadjpg.jpg\",\"articleSection\":[\"Sociedad\"],\"inLanguage\":\"es\",\"potentialAction\":[{\"@type\":\"CommentAction\",\"name\":\"Comment\",\"target\":[\"https:\\\/\\\/cvinoticias.com\\\/v3\\\/que-derechos-tienen-las-personas-con-discapacidad-para-poder-votar-este-domingo\\\/#respond\"]}]},{\"@type\":\"WebPage\",\"@id\":\"https:\\\/\\\/cvinoticias.com\\\/v3\\\/que-derechos-tienen-las-personas-con-discapacidad-para-poder-votar-este-domingo\\\/\",\"url\":\"https:\\\/\\\/cvinoticias.com\\\/v3\\\/que-derechos-tienen-las-personas-con-discapacidad-para-poder-votar-este-domingo\\\/\",\"name\":\"Qu\u00e9 derechos tienen las personas con discapacidad para poder votar este domingo | CVI NOTICIAS\",\"isPartOf\":{\"@id\":\"https:\\\/\\\/cvinoticias.com\\\/v3\\\/#website\"},\"primaryImageOfPage\":{\"@id\":\"https:\\\/\\\/cvinoticias.com\\\/v3\\\/que-derechos-tienen-las-personas-con-discapacidad-para-poder-votar-este-domingo\\\/#primaryimage\"},\"image\":{\"@id\":\"https:\\\/\\\/cvinoticias.com\\\/v3\\\/que-derechos-tienen-las-personas-con-discapacidad-para-poder-votar-este-domingo\\\/#primaryimage\"},\"thumbnailUrl\":\"https:\\\/\\\/cvinoticias.com\\\/wp-content\\\/uploads\\\/2023\\\/11\\\/elecciones-discapacidadjpg.jpg\",\"datePublished\":\"2023-11-19T11:20:42+00:00\",\"breadcrumb\":{\"@id\":\"https:\\\/\\\/cvinoticias.com\\\/v3\\\/que-derechos-tienen-las-personas-con-discapacidad-para-poder-votar-este-domingo\\\/#breadcrumb\"},\"inLanguage\":\"es\",\"potentialAction\":[{\"@type\":\"ReadAction\",\"target\":[\"https:\\\/\\\/cvinoticias.com\\\/v3\\\/que-derechos-tienen-las-personas-con-discapacidad-para-poder-votar-este-domingo\\\/\"]}]},{\"@type\":\"ImageObject\",\"inLanguage\":\"es\",\"@id\":\"https:\\\/\\\/cvinoticias.com\\\/v3\\\/que-derechos-tienen-las-personas-con-discapacidad-para-poder-votar-este-domingo\\\/#primaryimage\",\"url\":\"https:\\\/\\\/cvinoticias.com\\\/wp-content\\\/uploads\\\/2023\\\/11\\\/elecciones-discapacidadjpg.jpg\",\"contentUrl\":\"https:\\\/\\\/cvinoticias.com\\\/wp-content\\\/uploads\\\/2023\\\/11\\\/elecciones-discapacidadjpg.jpg\",\"width\":574,\"height\":324},{\"@type\":\"BreadcrumbList\",\"@id\":\"https:\\\/\\\/cvinoticias.com\\\/v3\\\/que-derechos-tienen-las-personas-con-discapacidad-para-poder-votar-este-domingo\\\/#breadcrumb\",\"itemListElement\":[{\"@type\":\"ListItem\",\"position\":1,\"name\":\"Portada\",\"item\":\"https:\\\/\\\/cvinoticias.com\\\/v3\\\/\"},{\"@type\":\"ListItem\",\"position\":2,\"name\":\"Qu\u00e9 derechos tienen las personas con discapacidad para poder votar este domingo\"}]},{\"@type\":\"WebSite\",\"@id\":\"https:\\\/\\\/cvinoticias.com\\\/v3\\\/#website\",\"url\":\"https:\\\/\\\/cvinoticias.com\\\/v3\\\/\",\"name\":\"CVI NOTICIAS\",\"description\":\"\",\"publisher\":{\"@id\":\"https:\\\/\\\/cvinoticias.com\\\/v3\\\/#organization\"},\"alternateName\":\"CVI\",\"potentialAction\":[{\"@type\":\"SearchAction\",\"target\":{\"@type\":\"EntryPoint\",\"urlTemplate\":\"https:\\\/\\\/cvinoticias.com\\\/v3\\\/?s={search_term_string}\"},\"query-input\":{\"@type\":\"PropertyValueSpecification\",\"valueRequired\":true,\"valueName\":\"search_term_string\"}}],\"inLanguage\":\"es\"},{\"@type\":\"Organization\",\"@id\":\"https:\\\/\\\/cvinoticias.com\\\/v3\\\/#organization\",\"name\":\"CVI NOTICIAS\",\"url\":\"https:\\\/\\\/cvinoticias.com\\\/v3\\\/\",\"logo\":{\"@type\":\"ImageObject\",\"inLanguage\":\"es\",\"@id\":\"https:\\\/\\\/cvinoticias.com\\\/v3\\\/#\\\/schema\\\/logo\\\/image\\\/\",\"url\":\"https:\\\/\\\/cvinoticias.com\\\/wp-content\\\/uploads\\\/2023\\\/04\\\/cropped-cropped-cropped-cropped-cropped-3-1.png\",\"contentUrl\":\"https:\\\/\\\/cvinoticias.com\\\/wp-content\\\/uploads\\\/2023\\\/04\\\/cropped-cropped-cropped-cropped-cropped-3-1.png\",\"width\":95,\"height\":122,\"caption\":\"CVI NOTICIAS\"},\"image\":{\"@id\":\"https:\\\/\\\/cvinoticias.com\\\/v3\\\/#\\\/schema\\\/logo\\\/image\\\/\"},\"sameAs\":[\"https:\\\/\\\/www.facebook.com\\\/cvinoticias\",\"https:\\\/\\\/www.instagram.com\\\/cvinoticias\\\/\",\"https:\\\/\\\/www.youtube.com\\\/@CVINOTICIAS\"]},{\"@type\":\"Person\",\"@id\":\"https:\\\/\\\/cvinoticias.com\\\/v3\\\/#\\\/schema\\\/person\\\/2db77e3c6bc03c538495d7b2b8be9b66\",\"name\":\"f1000024\",\"image\":{\"@type\":\"ImageObject\",\"inLanguage\":\"es\",\"@id\":\"https:\\\/\\\/secure.gravatar.com\\\/avatar\\\/d4fe7459cfc51ff5129ce1a732bbef5928568b8092d412ef95611616376bbeed?s=96&d=mm&r=g\",\"url\":\"https:\\\/\\\/secure.gravatar.com\\\/avatar\\\/d4fe7459cfc51ff5129ce1a732bbef5928568b8092d412ef95611616376bbeed?s=96&d=mm&r=g\",\"contentUrl\":\"https:\\\/\\\/secure.gravatar.com\\\/avatar\\\/d4fe7459cfc51ff5129ce1a732bbef5928568b8092d412ef95611616376bbeed?s=96&d=mm&r=g\",\"caption\":\"f1000024\"},\"url\":\"https:\\\/\\\/cvinoticias.com\\\/v3\\\/author\\\/f1000024\\\/\"}]}<\/script>\n<!-- \/ Yoast SEO plugin. -->","yoast_head_json":{"title":"Qu\u00e9 derechos tienen las personas con discapacidad para poder votar este domingo | CVI NOTICIAS","robots":{"index":"index","follow":"follow","max-snippet":"max-snippet:-1","max-image-preview":"max-image-preview:large","max-video-preview":"max-video-preview:-1"},"canonical":"https:\/\/cvinoticias.com\/v3\/que-derechos-tienen-las-personas-con-discapacidad-para-poder-votar-este-domingo\/","og_locale":"es_ES","og_type":"article","og_title":"Qu\u00e9 derechos tienen las personas con discapacidad para poder votar este domingo | CVI NOTICIAS","og_description":"La C\u00e1mara Electoral Nacional garantiza el Voto asistido para que todas las personas con discapacidad puedan votar este domingo 19 de noviembre La Ley 26.571 de democratizaci\u00f3n de la representaci\u00f3n pol\u00edtica, transparencia y la equidad electoral en su art\u00edculo 105 garantiza el derecho a la accesibilidad del voto para todas las personas. La ley obliga [&hellip;]","og_url":"https:\/\/cvinoticias.com\/v3\/que-derechos-tienen-las-personas-con-discapacidad-para-poder-votar-este-domingo\/","og_site_name":"CVI NOTICIAS","article_publisher":"https:\/\/www.facebook.com\/cvinoticias","article_published_time":"2023-11-19T11:20:42+00:00","og_image":[{"width":574,"height":324,"url":"https:\/\/cvinoticias.com\/wp-content\/uploads\/2023\/11\/elecciones-discapacidadjpg.jpg","type":"image\/jpeg"}],"author":"f1000024","twitter_card":"summary_large_image","twitter_misc":{"Escrito por":"f1000024","Tiempo de lectura":"1 minuto"},"schema":{"@context":"https:\/\/schema.org","@graph":[{"@type":"Article","@id":"https:\/\/cvinoticias.com\/v3\/que-derechos-tienen-las-personas-con-discapacidad-para-poder-votar-este-domingo\/#article","isPartOf":{"@id":"https:\/\/cvinoticias.com\/v3\/que-derechos-tienen-las-personas-con-discapacidad-para-poder-votar-este-domingo\/"},"author":{"name":"f1000024","@id":"https:\/\/cvinoticias.com\/v3\/#\/schema\/person\/2db77e3c6bc03c538495d7b2b8be9b66"},"headline":"Qu\u00e9 derechos tienen las personas con discapacidad para poder votar este domingo","datePublished":"2023-11-19T11:20:42+00:00","mainEntityOfPage":{"@id":"https:\/\/cvinoticias.com\/v3\/que-derechos-tienen-las-personas-con-discapacidad-para-poder-votar-este-domingo\/"},"wordCount":226,"commentCount":0,"publisher":{"@id":"https:\/\/cvinoticias.com\/v3\/#organization"},"image":{"@id":"https:\/\/cvinoticias.com\/v3\/que-derechos-tienen-las-personas-con-discapacidad-para-poder-votar-este-domingo\/#primaryimage"},"thumbnailUrl":"https:\/\/cvinoticias.com\/wp-content\/uploads\/2023\/11\/elecciones-discapacidadjpg.jpg","articleSection":["Sociedad"],"inLanguage":"es","potentialAction":[{"@type":"CommentAction","name":"Comment","target":["https:\/\/cvinoticias.com\/v3\/que-derechos-tienen-las-personas-con-discapacidad-para-poder-votar-este-domingo\/#respond"]}]},{"@type":"WebPage","@id":"https:\/\/cvinoticias.com\/v3\/que-derechos-tienen-las-personas-con-discapacidad-para-poder-votar-este-domingo\/","url":"https:\/\/cvinoticias.com\/v3\/que-derechos-tienen-las-personas-con-discapacidad-para-poder-votar-este-domingo\/","name":"Qu\u00e9 derechos tienen las personas con discapacidad para poder votar este domingo | CVI NOTICIAS","isPartOf":{"@id":"https:\/\/cvinoticias.com\/v3\/#website"},"primaryImageOfPage":{"@id":"https:\/\/cvinoticias.com\/v3\/que-derechos-tienen-las-personas-con-discapacidad-para-poder-votar-este-domingo\/#primaryimage"},"image":{"@id":"https:\/\/cvinoticias.com\/v3\/que-derechos-tienen-las-personas-con-discapacidad-para-poder-votar-este-domingo\/#primaryimage"},"thumbnailUrl":"https:\/\/cvinoticias.com\/wp-content\/uploads\/2023\/11\/elecciones-discapacidadjpg.jpg","datePublished":"2023-11-19T11:20:42+00:00","breadcrumb":{"@id":"https:\/\/cvinoticias.com\/v3\/que-derechos-tienen-las-personas-con-discapacidad-para-poder-votar-este-domingo\/#breadcrumb"},"inLanguage":"es","potentialAction":[{"@type":"ReadAction","target":["https:\/\/cvinoticias.com\/v3\/que-derechos-tienen-las-personas-con-discapacidad-para-poder-votar-este-domingo\/"]}]},{"@type":"ImageObject","inLanguage":"es","@id":"https:\/\/cvinoticias.com\/v3\/que-derechos-tienen-las-personas-con-discapacidad-para-poder-votar-este-domingo\/#primaryimage","url":"https:\/\/cvinoticias.com\/wp-content\/uploads\/2023\/11\/elecciones-discapacidadjpg.jpg","contentUrl":"https:\/\/cvinoticias.com\/wp-content\/uploads\/2023\/11\/elecciones-discapacidadjpg.jpg","width":574,"height":324},{"@type":"BreadcrumbList","@id":"https:\/\/cvinoticias.com\/v3\/que-derechos-tienen-las-personas-con-discapacidad-para-poder-votar-este-domingo\/#breadcrumb","itemListElement":[{"@type":"ListItem","position":1,"name":"Portada","item":"https:\/\/cvinoticias.com\/v3\/"},{"@type":"ListItem","position":2,"name":"Qu\u00e9 derechos tienen las personas con discapacidad para poder votar este domingo"}]},{"@type":"WebSite","@id":"https:\/\/cvinoticias.com\/v3\/#website","url":"https:\/\/cvinoticias.com\/v3\/","name":"CVI NOTICIAS","description":"","publisher":{"@id":"https:\/\/cvinoticias.com\/v3\/#organization"},"alternateName":"CVI","potentialAction":[{"@type":"SearchAction","target":{"@type":"EntryPoint","urlTemplate":"https:\/\/cvinoticias.com\/v3\/?s={search_term_string}"},"query-input":{"@type":"PropertyValueSpecification","valueRequired":true,"valueName":"search_term_string"}}],"inLanguage":"es"},{"@type":"Organization","@id":"https:\/\/cvinoticias.com\/v3\/#organization","name":"CVI NOTICIAS","url":"https:\/\/cvinoticias.com\/v3\/","logo":{"@type":"ImageObject","inLanguage":"es","@id":"https:\/\/cvinoticias.com\/v3\/#\/schema\/logo\/image\/","url":"https:\/\/cvinoticias.com\/wp-content\/uploads\/2023\/04\/cropped-cropped-cropped-cropped-cropped-3-1.png","contentUrl":"https:\/\/cvinoticias.com\/wp-content\/uploads\/2023\/04\/cropped-cropped-cropped-cropped-cropped-3-1.png","width":95,"height":122,"caption":"CVI NOTICIAS"},"image":{"@id":"https:\/\/cvinoticias.com\/v3\/#\/schema\/logo\/image\/"},"sameAs":["https:\/\/www.facebook.com\/cvinoticias","https:\/\/www.instagram.com\/cvinoticias\/","https:\/\/www.youtube.com\/@CVINOTICIAS"]},{"@type":"Person","@id":"https:\/\/cvinoticias.com\/v3\/#\/schema\/person\/2db77e3c6bc03c538495d7b2b8be9b66","name":"f1000024","image":{"@type":"ImageObject","inLanguage":"es","@id":"https:\/\/secure.gravatar.com\/avatar\/d4fe7459cfc51ff5129ce1a732bbef5928568b8092d412ef95611616376bbeed?s=96&d=mm&r=g","url":"https:\/\/secure.gravatar.com\/avatar\/d4fe7459cfc51ff5129ce1a732bbef5928568b8092d412ef95611616376bbeed?s=96&d=mm&r=g","contentUrl":"https:\/\/secure.gravatar.com\/avatar\/d4fe7459cfc51ff5129ce1a732bbef5928568b8092d412ef95611616376bbeed?s=96&d=mm&r=g","caption":"f1000024"},"url":"https:\/\/cvinoticias.com\/v3\/author\/f1000024\/"}]}},"_links":{"self":[{"href":"https:\/\/cvinoticias.com\/v3\/wp-json\/wp\/v2\/posts\/30109","targetHints":{"allow":["GET"]}}],"collection":[{"href":"https:\/\/cvinoticias.com\/v3\/wp-json\/wp\/v2\/posts"}],"about":[{"href":"https:\/\/cvinoticias.com\/v3\/wp-json\/wp\/v2\/types\/post"}],"author":[{"embeddable":true,"href":"https:\/\/cvinoticias.com\/v3\/wp-json\/wp\/v2\/users\/2"}],"replies":[{"embeddable":true,"href":"https:\/\/cvinoticias.com\/v3\/wp-json\/wp\/v2\/comments?post=30109"}],"version-history":[{"count":1,"href":"https:\/\/cvinoticias.com\/v3\/wp-json\/wp\/v2\/posts\/30109\/revisions"}],"predecessor-version":[{"id":30111,"href":"https:\/\/cvinoticias.com\/v3\/wp-json\/wp\/v2\/posts\/30109\/revisions\/30111"}],"wp:featuredmedia":[{"embeddable":true,"href":"https:\/\/cvinoticias.com\/v3\/wp-json\/wp\/v2\/media\/30110"}],"wp:attachment":[{"href":"https:\/\/cvinoticias.com\/v3\/wp-json\/wp\/v2\/media?parent=30109"}],"wp:term":[{"taxonomy":"category","embeddable":true,"href":"https:\/\/cvinoticias.com\/v3\/wp-json\/wp\/v2\/categories?post=30109"},{"taxonomy":"post_tag","embeddable":true,"href":"https:\/\/cvinoticias.com\/v3\/wp-json\/wp\/v2\/tags?post=30109"}],"curies":[{"name":"wp","href":"https:\/\/api.w.org\/{rel}","templated":true}]}}