{"id":29991,"date":"2023-11-16T01:36:41","date_gmt":"2023-11-16T04:36:41","guid":{"rendered":"https:\/\/cvinoticias.com\/v3\/?p=29991"},"modified":"2023-11-16T01:36:41","modified_gmt":"2023-11-16T04:36:41","slug":"horror-en-brasil-se-olvidaron-a-un-nene-de-dos-anos-en-un-bus-escolar-y-murio-por-la-ola-de-calor","status":"publish","type":"post","link":"https:\/\/cvinoticias.com\/v3\/horror-en-brasil-se-olvidaron-a-un-nene-de-dos-anos-en-un-bus-escolar-y-murio-por-la-ola-de-calor\/","title":{"rendered":"Horror en Brasil: Se olvidaron a un nene de dos a\u00f1os en un bus escolar y muri\u00f3 por la ola de calor"},"content":{"rendered":"\n<p><strong><em>Un nene de dos a\u00f1os muri\u00f3 en la ciudad brasile\u00f1a de San Pablo tras haber sido olvidado en un micro escolar durante horas y en medio de una ola de calor sin precedentes en el pa\u00eds, con una t\u00e9rmica que el martes superaba los 40\u00b0C. Detuvieron al chofer y su esposa, que lo asist\u00eda en el cuidado de los chicos.<\/em><\/strong><\/p>\n\n\n\n<p>El peque\u00f1o Apollo Gabriel Rodrigues hab\u00eda sido dejado en el transporte escolar por su madre a las 7 de la ma\u00f1ana en Vila Mar\u00eda, zona norte de San Pablo, para que pase el d\u00eda en el jard\u00edn de infantes.<\/p>\n\n\n\n<p>Pero el chofer de la combi y su esposa se olvidaron del nene. Reci\u00e9n a las 16, cuando el hombre fue a buscar el veh\u00edculo a un estacionamiento, se dio cuenta de la negligencia y encontr\u00f3 al nene inconsciente. Lo llev\u00f3 al Hospital Municipal Vereador Jos\u00e9 Storopolli, donde lleg\u00f3 ya sin vida.<\/p>\n\n\n\n<p>El chofer Fl\u00e1vio Robson Benes, de 45 a\u00f1os, y su esposa, Luciana Coelho Graft, de 44 a\u00f1os fueron detenidos y acusados de homicidio doloso.<\/p>\n\n\n\n<p>En di\u00e1logo con el sitio g1, Kaliane Rodrigues, la madre del nene, cont\u00f3 que justo ese d\u00eda su hijo \u00abllor\u00f3\u00bb porque \u00abno quer\u00eda ir\u00bb. Tambi\u00e9n cont\u00f3 que sol\u00eda viajar en la primera fila, pero que ese d\u00eda lo ubicaron al fondo del veh\u00edculo. \u00abLo puso en el asiento trasero y se olvid\u00f3 de mi hijo\u00bb, dijo Rodrigues.<\/p>\n\n\n\n<p>\u00abHoy llegu\u00e9 y mi hijo no estaba y nunca lo volver\u00e9 a ver. Nunca volver\u00e9 a ver a mi hijo\u00bb, se lament\u00f3 la mujer. La mujer denunci\u00f3 la irresponsabilidad del chofer y su esposa. \u00abCualquiera que trabaja con ni\u00f1os tiene que prestar mucha atenci\u00f3n\u00bb, sostuvo y pidi\u00f3 \u00abjusticia\u00bb.<\/p>\n\n\n\n<p>La abuela del nene tambi\u00e9n lament\u00f3 la muerte de su nieto y tambi\u00e9n habl\u00f3 de la irresponsabilidad del matrimonio responsable de la combi. \u00abDej\u00f3 el veh\u00edculo en el estacionamiento, con un calor terrible y solo se dio cuenta [de que el ni\u00f1o a\u00fan estaba atr\u00e1s] cuando lleg\u00f3 el momento de devolver a los ni\u00f1os\u00bb.<\/p>\n\n\n\n<p>\u00abMi hija quiere justicia. Quien cuida a los ni\u00f1os tiene que tener la m\u00e1xima responsabilidad\u00bb, dijo Luzinete Rodrigues dos Santos.<\/p>\n\n\n\n<p>Ante los polic\u00edas, la esposa del chofer cont\u00f3 que ella suele controlar a los ni\u00f1os, pero que ese d\u00eda se encontraba mal y ten\u00eda migra\u00f1a, lo que puede ha perjudicado su atenci\u00f3n en el trabajo.<\/p>\n","protected":false},"excerpt":{"rendered":"<p>Un nene de dos a\u00f1os muri\u00f3 en la ciudad brasile\u00f1a de San Pablo tras haber sido olvidado en un micro escolar durante horas y en medio de una ola de calor sin precedentes en el pa\u00eds, con una t\u00e9rmica que el martes superaba los 40\u00b0C. Detuvieron al chofer y su esposa, que lo asist\u00eda en [&hellip;]<\/p>\n","protected":false},"author":2,"featured_media":29992,"comment_status":"open","ping_status":"open","sticky":false,"template":"","format":"standard","meta":{"footnotes":""},"categories":[36],"tags":[],"class_list":["post-29991","post","type-post","status-publish","format-standard","has-post-thumbnail","hentry","category-internacionales"],"yoast_head":"<!-- This site is optimized with the Yoast SEO plugin v27.5 - https:\/\/yoast.com\/product\/yoast-seo-wordpress\/ -->\n<title>Horror en Brasil: Se olvidaron a un nene de dos a\u00f1os en un bus escolar y muri\u00f3 por la ola de calor | CVI NOTICIAS<\/title>\n<meta name=\"robots\" content=\"index, follow, max-snippet:-1, max-image-preview:large, max-video-preview:-1\" \/>\n<link rel=\"canonical\" href=\"https:\/\/cvinoticias.com\/v3\/horror-en-brasil-se-olvidaron-a-un-nene-de-dos-anos-en-un-bus-escolar-y-murio-por-la-ola-de-calor\/\" \/>\n<meta property=\"og:locale\" content=\"es_ES\" \/>\n<meta property=\"og:type\" content=\"article\" \/>\n<meta property=\"og:title\" content=\"Horror en Brasil: Se olvidaron a un nene de dos a\u00f1os en un bus escolar y muri\u00f3 por la ola de calor | CVI NOTICIAS\" \/>\n<meta property=\"og:description\" content=\"Un nene de dos a\u00f1os muri\u00f3 en la ciudad brasile\u00f1a de San Pablo tras haber sido olvidado en un micro escolar durante horas y en medio de una ola de calor sin precedentes en el pa\u00eds, con una t\u00e9rmica que el martes superaba los 40\u00b0C. Detuvieron al chofer y su esposa, que lo asist\u00eda en [&hellip;]\" \/>\n<meta property=\"og:url\" content=\"https:\/\/cvinoticias.com\/v3\/horror-en-brasil-se-olvidaron-a-un-nene-de-dos-anos-en-un-bus-escolar-y-murio-por-la-ola-de-calor\/\" \/>\n<meta property=\"og:site_name\" content=\"CVI NOTICIAS\" \/>\n<meta property=\"article:publisher\" content=\"https:\/\/www.facebook.com\/cvinoticias\" \/>\n<meta property=\"article:published_time\" content=\"2023-11-16T04:36:41+00:00\" \/>\n<meta property=\"og:image\" content=\"https:\/\/cvinoticias.com\/wp-content\/uploads\/2023\/11\/589946w850h476c.jpg.jpg\" \/>\n\t<meta property=\"og:image:width\" content=\"850\" \/>\n\t<meta property=\"og:image:height\" content=\"476\" \/>\n\t<meta property=\"og:image:type\" content=\"image\/jpeg\" \/>\n<meta name=\"author\" content=\"f1000024\" \/>\n<meta name=\"twitter:card\" content=\"summary_large_image\" \/>\n<meta name=\"twitter:label1\" content=\"Escrito por\" \/>\n\t<meta name=\"twitter:data1\" content=\"f1000024\" \/>\n\t<meta name=\"twitter:label2\" content=\"Tiempo de lectura\" \/>\n\t<meta name=\"twitter:data2\" content=\"2 minutos\" \/>\n<script type=\"application\/ld+json\" class=\"yoast-schema-graph\">{\"@context\":\"https:\\\/\\\/schema.org\",\"@graph\":[{\"@type\":\"Article\",\"@id\":\"https:\\\/\\\/cvinoticias.com\\\/v3\\\/horror-en-brasil-se-olvidaron-a-un-nene-de-dos-anos-en-un-bus-escolar-y-murio-por-la-ola-de-calor\\\/#article\",\"isPartOf\":{\"@id\":\"https:\\\/\\\/cvinoticias.com\\\/v3\\\/horror-en-brasil-se-olvidaron-a-un-nene-de-dos-anos-en-un-bus-escolar-y-murio-por-la-ola-de-calor\\\/\"},\"author\":{\"name\":\"f1000024\",\"@id\":\"https:\\\/\\\/cvinoticias.com\\\/v3\\\/#\\\/schema\\\/person\\\/2db77e3c6bc03c538495d7b2b8be9b66\"},\"headline\":\"Horror en Brasil: Se olvidaron a un nene de dos a\u00f1os en un bus escolar y muri\u00f3 por la ola de calor\",\"datePublished\":\"2023-11-16T04:36:41+00:00\",\"mainEntityOfPage\":{\"@id\":\"https:\\\/\\\/cvinoticias.com\\\/v3\\\/horror-en-brasil-se-olvidaron-a-un-nene-de-dos-anos-en-un-bus-escolar-y-murio-por-la-ola-de-calor\\\/\"},\"wordCount\":448,\"commentCount\":0,\"publisher\":{\"@id\":\"https:\\\/\\\/cvinoticias.com\\\/v3\\\/#organization\"},\"image\":{\"@id\":\"https:\\\/\\\/cvinoticias.com\\\/v3\\\/horror-en-brasil-se-olvidaron-a-un-nene-de-dos-anos-en-un-bus-escolar-y-murio-por-la-ola-de-calor\\\/#primaryimage\"},\"thumbnailUrl\":\"https:\\\/\\\/cvinoticias.com\\\/wp-content\\\/uploads\\\/2023\\\/11\\\/589946w850h476c.jpg.jpg\",\"articleSection\":[\"Internacionales\"],\"inLanguage\":\"es\",\"potentialAction\":[{\"@type\":\"CommentAction\",\"name\":\"Comment\",\"target\":[\"https:\\\/\\\/cvinoticias.com\\\/v3\\\/horror-en-brasil-se-olvidaron-a-un-nene-de-dos-anos-en-un-bus-escolar-y-murio-por-la-ola-de-calor\\\/#respond\"]}]},{\"@type\":\"WebPage\",\"@id\":\"https:\\\/\\\/cvinoticias.com\\\/v3\\\/horror-en-brasil-se-olvidaron-a-un-nene-de-dos-anos-en-un-bus-escolar-y-murio-por-la-ola-de-calor\\\/\",\"url\":\"https:\\\/\\\/cvinoticias.com\\\/v3\\\/horror-en-brasil-se-olvidaron-a-un-nene-de-dos-anos-en-un-bus-escolar-y-murio-por-la-ola-de-calor\\\/\",\"name\":\"Horror en Brasil: Se olvidaron a un nene de dos a\u00f1os en un bus escolar y muri\u00f3 por la ola de calor | CVI NOTICIAS\",\"isPartOf\":{\"@id\":\"https:\\\/\\\/cvinoticias.com\\\/v3\\\/#website\"},\"primaryImageOfPage\":{\"@id\":\"https:\\\/\\\/cvinoticias.com\\\/v3\\\/horror-en-brasil-se-olvidaron-a-un-nene-de-dos-anos-en-un-bus-escolar-y-murio-por-la-ola-de-calor\\\/#primaryimage\"},\"image\":{\"@id\":\"https:\\\/\\\/cvinoticias.com\\\/v3\\\/horror-en-brasil-se-olvidaron-a-un-nene-de-dos-anos-en-un-bus-escolar-y-murio-por-la-ola-de-calor\\\/#primaryimage\"},\"thumbnailUrl\":\"https:\\\/\\\/cvinoticias.com\\\/wp-content\\\/uploads\\\/2023\\\/11\\\/589946w850h476c.jpg.jpg\",\"datePublished\":\"2023-11-16T04:36:41+00:00\",\"breadcrumb\":{\"@id\":\"https:\\\/\\\/cvinoticias.com\\\/v3\\\/horror-en-brasil-se-olvidaron-a-un-nene-de-dos-anos-en-un-bus-escolar-y-murio-por-la-ola-de-calor\\\/#breadcrumb\"},\"inLanguage\":\"es\",\"potentialAction\":[{\"@type\":\"ReadAction\",\"target\":[\"https:\\\/\\\/cvinoticias.com\\\/v3\\\/horror-en-brasil-se-olvidaron-a-un-nene-de-dos-anos-en-un-bus-escolar-y-murio-por-la-ola-de-calor\\\/\"]}]},{\"@type\":\"ImageObject\",\"inLanguage\":\"es\",\"@id\":\"https:\\\/\\\/cvinoticias.com\\\/v3\\\/horror-en-brasil-se-olvidaron-a-un-nene-de-dos-anos-en-un-bus-escolar-y-murio-por-la-ola-de-calor\\\/#primaryimage\",\"url\":\"https:\\\/\\\/cvinoticias.com\\\/wp-content\\\/uploads\\\/2023\\\/11\\\/589946w850h476c.jpg.jpg\",\"contentUrl\":\"https:\\\/\\\/cvinoticias.com\\\/wp-content\\\/uploads\\\/2023\\\/11\\\/589946w850h476c.jpg.jpg\",\"width\":850,\"height\":476},{\"@type\":\"BreadcrumbList\",\"@id\":\"https:\\\/\\\/cvinoticias.com\\\/v3\\\/horror-en-brasil-se-olvidaron-a-un-nene-de-dos-anos-en-un-bus-escolar-y-murio-por-la-ola-de-calor\\\/#breadcrumb\",\"itemListElement\":[{\"@type\":\"ListItem\",\"position\":1,\"name\":\"Portada\",\"item\":\"https:\\\/\\\/cvinoticias.com\\\/v3\\\/\"},{\"@type\":\"ListItem\",\"position\":2,\"name\":\"Horror en Brasil: Se olvidaron a un nene de dos a\u00f1os en un bus escolar y muri\u00f3 por la ola de calor\"}]},{\"@type\":\"WebSite\",\"@id\":\"https:\\\/\\\/cvinoticias.com\\\/v3\\\/#website\",\"url\":\"https:\\\/\\\/cvinoticias.com\\\/v3\\\/\",\"name\":\"CVI NOTICIAS\",\"description\":\"\",\"publisher\":{\"@id\":\"https:\\\/\\\/cvinoticias.com\\\/v3\\\/#organization\"},\"alternateName\":\"CVI\",\"potentialAction\":[{\"@type\":\"SearchAction\",\"target\":{\"@type\":\"EntryPoint\",\"urlTemplate\":\"https:\\\/\\\/cvinoticias.com\\\/v3\\\/?s={search_term_string}\"},\"query-input\":{\"@type\":\"PropertyValueSpecification\",\"valueRequired\":true,\"valueName\":\"search_term_string\"}}],\"inLanguage\":\"es\"},{\"@type\":\"Organization\",\"@id\":\"https:\\\/\\\/cvinoticias.com\\\/v3\\\/#organization\",\"name\":\"CVI NOTICIAS\",\"url\":\"https:\\\/\\\/cvinoticias.com\\\/v3\\\/\",\"logo\":{\"@type\":\"ImageObject\",\"inLanguage\":\"es\",\"@id\":\"https:\\\/\\\/cvinoticias.com\\\/v3\\\/#\\\/schema\\\/logo\\\/image\\\/\",\"url\":\"https:\\\/\\\/cvinoticias.com\\\/wp-content\\\/uploads\\\/2023\\\/04\\\/cropped-cropped-cropped-cropped-cropped-3-1.png\",\"contentUrl\":\"https:\\\/\\\/cvinoticias.com\\\/wp-content\\\/uploads\\\/2023\\\/04\\\/cropped-cropped-cropped-cropped-cropped-3-1.png\",\"width\":95,\"height\":122,\"caption\":\"CVI NOTICIAS\"},\"image\":{\"@id\":\"https:\\\/\\\/cvinoticias.com\\\/v3\\\/#\\\/schema\\\/logo\\\/image\\\/\"},\"sameAs\":[\"https:\\\/\\\/www.facebook.com\\\/cvinoticias\",\"https:\\\/\\\/www.instagram.com\\\/cvinoticias\\\/\",\"https:\\\/\\\/www.youtube.com\\\/@CVINOTICIAS\"]},{\"@type\":\"Person\",\"@id\":\"https:\\\/\\\/cvinoticias.com\\\/v3\\\/#\\\/schema\\\/person\\\/2db77e3c6bc03c538495d7b2b8be9b66\",\"name\":\"f1000024\",\"image\":{\"@type\":\"ImageObject\",\"inLanguage\":\"es\",\"@id\":\"https:\\\/\\\/secure.gravatar.com\\\/avatar\\\/d4fe7459cfc51ff5129ce1a732bbef5928568b8092d412ef95611616376bbeed?s=96&d=mm&r=g\",\"url\":\"https:\\\/\\\/secure.gravatar.com\\\/avatar\\\/d4fe7459cfc51ff5129ce1a732bbef5928568b8092d412ef95611616376bbeed?s=96&d=mm&r=g\",\"contentUrl\":\"https:\\\/\\\/secure.gravatar.com\\\/avatar\\\/d4fe7459cfc51ff5129ce1a732bbef5928568b8092d412ef95611616376bbeed?s=96&d=mm&r=g\",\"caption\":\"f1000024\"},\"url\":\"https:\\\/\\\/cvinoticias.com\\\/v3\\\/author\\\/f1000024\\\/\"}]}<\/script>\n<!-- \/ Yoast SEO plugin. -->","yoast_head_json":{"title":"Horror en Brasil: Se olvidaron a un nene de dos a\u00f1os en un bus escolar y muri\u00f3 por la ola de calor | CVI NOTICIAS","robots":{"index":"index","follow":"follow","max-snippet":"max-snippet:-1","max-image-preview":"max-image-preview:large","max-video-preview":"max-video-preview:-1"},"canonical":"https:\/\/cvinoticias.com\/v3\/horror-en-brasil-se-olvidaron-a-un-nene-de-dos-anos-en-un-bus-escolar-y-murio-por-la-ola-de-calor\/","og_locale":"es_ES","og_type":"article","og_title":"Horror en Brasil: Se olvidaron a un nene de dos a\u00f1os en un bus escolar y muri\u00f3 por la ola de calor | CVI NOTICIAS","og_description":"Un nene de dos a\u00f1os muri\u00f3 en la ciudad brasile\u00f1a de San Pablo tras haber sido olvidado en un micro escolar durante horas y en medio de una ola de calor sin precedentes en el pa\u00eds, con una t\u00e9rmica que el martes superaba los 40\u00b0C. Detuvieron al chofer y su esposa, que lo asist\u00eda en [&hellip;]","og_url":"https:\/\/cvinoticias.com\/v3\/horror-en-brasil-se-olvidaron-a-un-nene-de-dos-anos-en-un-bus-escolar-y-murio-por-la-ola-de-calor\/","og_site_name":"CVI NOTICIAS","article_publisher":"https:\/\/www.facebook.com\/cvinoticias","article_published_time":"2023-11-16T04:36:41+00:00","og_image":[{"width":850,"height":476,"url":"https:\/\/cvinoticias.com\/wp-content\/uploads\/2023\/11\/589946w850h476c.jpg.jpg","type":"image\/jpeg"}],"author":"f1000024","twitter_card":"summary_large_image","twitter_misc":{"Escrito por":"f1000024","Tiempo de lectura":"2 minutos"},"schema":{"@context":"https:\/\/schema.org","@graph":[{"@type":"Article","@id":"https:\/\/cvinoticias.com\/v3\/horror-en-brasil-se-olvidaron-a-un-nene-de-dos-anos-en-un-bus-escolar-y-murio-por-la-ola-de-calor\/#article","isPartOf":{"@id":"https:\/\/cvinoticias.com\/v3\/horror-en-brasil-se-olvidaron-a-un-nene-de-dos-anos-en-un-bus-escolar-y-murio-por-la-ola-de-calor\/"},"author":{"name":"f1000024","@id":"https:\/\/cvinoticias.com\/v3\/#\/schema\/person\/2db77e3c6bc03c538495d7b2b8be9b66"},"headline":"Horror en Brasil: Se olvidaron a un nene de dos a\u00f1os en un bus escolar y muri\u00f3 por la ola de calor","datePublished":"2023-11-16T04:36:41+00:00","mainEntityOfPage":{"@id":"https:\/\/cvinoticias.com\/v3\/horror-en-brasil-se-olvidaron-a-un-nene-de-dos-anos-en-un-bus-escolar-y-murio-por-la-ola-de-calor\/"},"wordCount":448,"commentCount":0,"publisher":{"@id":"https:\/\/cvinoticias.com\/v3\/#organization"},"image":{"@id":"https:\/\/cvinoticias.com\/v3\/horror-en-brasil-se-olvidaron-a-un-nene-de-dos-anos-en-un-bus-escolar-y-murio-por-la-ola-de-calor\/#primaryimage"},"thumbnailUrl":"https:\/\/cvinoticias.com\/wp-content\/uploads\/2023\/11\/589946w850h476c.jpg.jpg","articleSection":["Internacionales"],"inLanguage":"es","potentialAction":[{"@type":"CommentAction","name":"Comment","target":["https:\/\/cvinoticias.com\/v3\/horror-en-brasil-se-olvidaron-a-un-nene-de-dos-anos-en-un-bus-escolar-y-murio-por-la-ola-de-calor\/#respond"]}]},{"@type":"WebPage","@id":"https:\/\/cvinoticias.com\/v3\/horror-en-brasil-se-olvidaron-a-un-nene-de-dos-anos-en-un-bus-escolar-y-murio-por-la-ola-de-calor\/","url":"https:\/\/cvinoticias.com\/v3\/horror-en-brasil-se-olvidaron-a-un-nene-de-dos-anos-en-un-bus-escolar-y-murio-por-la-ola-de-calor\/","name":"Horror en Brasil: Se olvidaron a un nene de dos a\u00f1os en un bus escolar y muri\u00f3 por la ola de calor | CVI NOTICIAS","isPartOf":{"@id":"https:\/\/cvinoticias.com\/v3\/#website"},"primaryImageOfPage":{"@id":"https:\/\/cvinoticias.com\/v3\/horror-en-brasil-se-olvidaron-a-un-nene-de-dos-anos-en-un-bus-escolar-y-murio-por-la-ola-de-calor\/#primaryimage"},"image":{"@id":"https:\/\/cvinoticias.com\/v3\/horror-en-brasil-se-olvidaron-a-un-nene-de-dos-anos-en-un-bus-escolar-y-murio-por-la-ola-de-calor\/#primaryimage"},"thumbnailUrl":"https:\/\/cvinoticias.com\/wp-content\/uploads\/2023\/11\/589946w850h476c.jpg.jpg","datePublished":"2023-11-16T04:36:41+00:00","breadcrumb":{"@id":"https:\/\/cvinoticias.com\/v3\/horror-en-brasil-se-olvidaron-a-un-nene-de-dos-anos-en-un-bus-escolar-y-murio-por-la-ola-de-calor\/#breadcrumb"},"inLanguage":"es","potentialAction":[{"@type":"ReadAction","target":["https:\/\/cvinoticias.com\/v3\/horror-en-brasil-se-olvidaron-a-un-nene-de-dos-anos-en-un-bus-escolar-y-murio-por-la-ola-de-calor\/"]}]},{"@type":"ImageObject","inLanguage":"es","@id":"https:\/\/cvinoticias.com\/v3\/horror-en-brasil-se-olvidaron-a-un-nene-de-dos-anos-en-un-bus-escolar-y-murio-por-la-ola-de-calor\/#primaryimage","url":"https:\/\/cvinoticias.com\/wp-content\/uploads\/2023\/11\/589946w850h476c.jpg.jpg","contentUrl":"https:\/\/cvinoticias.com\/wp-content\/uploads\/2023\/11\/589946w850h476c.jpg.jpg","width":850,"height":476},{"@type":"BreadcrumbList","@id":"https:\/\/cvinoticias.com\/v3\/horror-en-brasil-se-olvidaron-a-un-nene-de-dos-anos-en-un-bus-escolar-y-murio-por-la-ola-de-calor\/#breadcrumb","itemListElement":[{"@type":"ListItem","position":1,"name":"Portada","item":"https:\/\/cvinoticias.com\/v3\/"},{"@type":"ListItem","position":2,"name":"Horror en Brasil: Se olvidaron a un nene de dos a\u00f1os en un bus escolar y muri\u00f3 por la ola de calor"}]},{"@type":"WebSite","@id":"https:\/\/cvinoticias.com\/v3\/#website","url":"https:\/\/cvinoticias.com\/v3\/","name":"CVI NOTICIAS","description":"","publisher":{"@id":"https:\/\/cvinoticias.com\/v3\/#organization"},"alternateName":"CVI","potentialAction":[{"@type":"SearchAction","target":{"@type":"EntryPoint","urlTemplate":"https:\/\/cvinoticias.com\/v3\/?s={search_term_string}"},"query-input":{"@type":"PropertyValueSpecification","valueRequired":true,"valueName":"search_term_string"}}],"inLanguage":"es"},{"@type":"Organization","@id":"https:\/\/cvinoticias.com\/v3\/#organization","name":"CVI NOTICIAS","url":"https:\/\/cvinoticias.com\/v3\/","logo":{"@type":"ImageObject","inLanguage":"es","@id":"https:\/\/cvinoticias.com\/v3\/#\/schema\/logo\/image\/","url":"https:\/\/cvinoticias.com\/wp-content\/uploads\/2023\/04\/cropped-cropped-cropped-cropped-cropped-3-1.png","contentUrl":"https:\/\/cvinoticias.com\/wp-content\/uploads\/2023\/04\/cropped-cropped-cropped-cropped-cropped-3-1.png","width":95,"height":122,"caption":"CVI NOTICIAS"},"image":{"@id":"https:\/\/cvinoticias.com\/v3\/#\/schema\/logo\/image\/"},"sameAs":["https:\/\/www.facebook.com\/cvinoticias","https:\/\/www.instagram.com\/cvinoticias\/","https:\/\/www.youtube.com\/@CVINOTICIAS"]},{"@type":"Person","@id":"https:\/\/cvinoticias.com\/v3\/#\/schema\/person\/2db77e3c6bc03c538495d7b2b8be9b66","name":"f1000024","image":{"@type":"ImageObject","inLanguage":"es","@id":"https:\/\/secure.gravatar.com\/avatar\/d4fe7459cfc51ff5129ce1a732bbef5928568b8092d412ef95611616376bbeed?s=96&d=mm&r=g","url":"https:\/\/secure.gravatar.com\/avatar\/d4fe7459cfc51ff5129ce1a732bbef5928568b8092d412ef95611616376bbeed?s=96&d=mm&r=g","contentUrl":"https:\/\/secure.gravatar.com\/avatar\/d4fe7459cfc51ff5129ce1a732bbef5928568b8092d412ef95611616376bbeed?s=96&d=mm&r=g","caption":"f1000024"},"url":"https:\/\/cvinoticias.com\/v3\/author\/f1000024\/"}]}},"_links":{"self":[{"href":"https:\/\/cvinoticias.com\/v3\/wp-json\/wp\/v2\/posts\/29991","targetHints":{"allow":["GET"]}}],"collection":[{"href":"https:\/\/cvinoticias.com\/v3\/wp-json\/wp\/v2\/posts"}],"about":[{"href":"https:\/\/cvinoticias.com\/v3\/wp-json\/wp\/v2\/types\/post"}],"author":[{"embeddable":true,"href":"https:\/\/cvinoticias.com\/v3\/wp-json\/wp\/v2\/users\/2"}],"replies":[{"embeddable":true,"href":"https:\/\/cvinoticias.com\/v3\/wp-json\/wp\/v2\/comments?post=29991"}],"version-history":[{"count":1,"href":"https:\/\/cvinoticias.com\/v3\/wp-json\/wp\/v2\/posts\/29991\/revisions"}],"predecessor-version":[{"id":29993,"href":"https:\/\/cvinoticias.com\/v3\/wp-json\/wp\/v2\/posts\/29991\/revisions\/29993"}],"wp:featuredmedia":[{"embeddable":true,"href":"https:\/\/cvinoticias.com\/v3\/wp-json\/wp\/v2\/media\/29992"}],"wp:attachment":[{"href":"https:\/\/cvinoticias.com\/v3\/wp-json\/wp\/v2\/media?parent=29991"}],"wp:term":[{"taxonomy":"category","embeddable":true,"href":"https:\/\/cvinoticias.com\/v3\/wp-json\/wp\/v2\/categories?post=29991"},{"taxonomy":"post_tag","embeddable":true,"href":"https:\/\/cvinoticias.com\/v3\/wp-json\/wp\/v2\/tags?post=29991"}],"curies":[{"name":"wp","href":"https:\/\/api.w.org\/{rel}","templated":true}]}}