{"id":29983,"date":"2023-11-17T02:19:00","date_gmt":"2023-11-17T05:19:00","guid":{"rendered":"https:\/\/cvinoticias.com\/v3\/?p=29983"},"modified":"2023-11-17T07:10:05","modified_gmt":"2023-11-17T10:10:05","slug":"la-iglesia-convoca-a-una-jornada-de-oracion-por-la-patria-dos-dias-antes-del-balotaje","status":"publish","type":"post","link":"https:\/\/cvinoticias.com\/v3\/la-iglesia-convoca-a-una-jornada-de-oracion-por-la-patria-dos-dias-antes-del-balotaje\/","title":{"rendered":"La iglesia convoca a una \u00abjornada de oraci\u00f3n por la Patria\u00bb, dos d\u00edas antes del balotaje"},"content":{"rendered":"\n<p><strong><em>El presidente de la Conferencia Episcopal Argentina, Oscar Ojea, convoc\u00f3 a todas las comunidades y parroquias a participar este viernes 17 de \u00abuna jornada de oraci\u00f3n por la Patria\u00bb, dos d\u00edas antes del balotaje presidencial.<\/em><\/strong><\/p>\n\n\n\n<p>Oficialmente, la Iglesia no se pronunci\u00f3 sobre la coyuntura electoral, aunque muchos integrantes de la instituci\u00f3n rechazaron las cr\u00edticas del libertario Javier Milei al Papa Francisco, a quien catalog\u00f3 como el \u00abrepresentante del Maligno en la Tierra\u00bb y acus\u00f3 de \u00abestar del lado de dictaduras comunistas asesinas\u00bb.<\/p>\n\n\n\n<p>El pasado martes se conoci\u00f3 la convocatoria de los obispos encabezados por Ojea a rezar una \u00aboraci\u00f3n por la Patria\u00bb este viernes, apenas dos d\u00edas antes de la trascendental votaci\u00f3n. El titular de la Di\u00f3cesis de San Isidro hab\u00eda salido en nombre de la Iglesia argentina a contestar los \u00abinsultos irreproducibles y falsedades\u00bb vertidas por Milei contra el Sumo Pont\u00edfice.<\/p>\n\n\n\n<p>Ojea advirti\u00f3 que \u00able \u00abpreocupa mucho que haya aparecido un clima de autodestrucci\u00f3n, un deseo de que todo se desborde para caer en el vac\u00edo\u00bb. En la misma entrevista, el l\u00edder religioso consider\u00f3 que \u00abes imposible construir un pa\u00eds sin di\u00e1logo y con insultos, gritos y descalificaciones\u00bb, en alusi\u00f3n al estilo de Milei, y resalt\u00f3 que \u00abel clima de violencia en las expresiones de los candidatos no ayuda a la paz social\u00bb.<\/p>\n\n\n\n<p>Tambi\u00e9n pidi\u00f3 que el compromiso a sostener \u00abun Estado presente\u00bb, una premisa que el libertario defenestra cada vez que tiene la oportunidad. \u00abEn estos \u00faltimos a\u00f1os le hemos pedido a todos los gobiernos un Estado presente, tanto brindando seguridad como garantizando la provisi\u00f3n de bienes primarios para la vida humana, en particular en los barrios m\u00e1s humildes, el respeto por las econom\u00edas solidarias, y la creaci\u00f3n de trabajo genuino y digno, ya que el trabajo es un aut\u00e9ntico ordenador de la vida\u00bb, indic\u00f3.<\/p>\n\n\n\n<p>En este marco, Ojea aclar\u00f3 que eso \u00abno es hacer &#8216;pobrismo'\u00bb, y destac\u00f3 a su vez que es \u00abirrenunciable el compromiso con el cuidado de la casa com\u00fan\u00bb.<\/p>\n\n\n\n<p>La discusi\u00f3n electoral se da en momentos en que la Iglesia busca que el Papa Francisco visite la Argentina el pr\u00f3ximo a\u00f1o. El v\u00ednculo con el Santo Padre se col\u00f3 en la agenda de discusi\u00f3n electoral por motivaci\u00f3n de Massa, quien durante el debate presidencial del domingo le pregunt\u00f3 a su adversario si le iba a \u00abpedir perd\u00f3n\u00bb al Papa por sus numerosas descalificaciones recientes.<\/p>\n\n\n\n<p>\u00abLo voy a respetar como jefe de Estado y l\u00edder de la Iglesia\u00bb, respondi\u00f3 Milei, quien reconoci\u00f3 que fue un \u00aberror\u00bb confrontar con la m\u00e1xima figura del culto cat\u00f3lico, que en Argentina sigue siendo mayoritario.<\/p>\n\n\n\n<p>No solamente el diputado nacional libertario lo defini\u00f3 como un \u00abjesuita que promueve el comunismo\u00bb, \u00abrepresentante del Maligno en la Tierra\u00bb y un \u00abpersonaje impresentable y nefasto\u00bb, sino que su m\u00e1ximo referente econ\u00f3mico, Alberto Benegas Lynch hijo, propuso cortar relaciones diplom\u00e1ticas con El Vaticano.<\/p>\n\n\n\n<p>Por su parte, Massa le hizo llegar al Papa su deseo de que visite prontamente el pa\u00eds durante el 2024, una invitaci\u00f3n que podr\u00eda aceptar si se tiene en cuenta que en una entrevista reciente, Bergoglio hab\u00eda comentado que su regreso a la Argentina era una cuenta pendiente y que le \u00abgustar\u00eda ir\u00bb.<\/p>\n\n\n\n<figure class=\"wp-block-image size-full\"><a href=\"https:\/\/cvinoticias.com\/wp-content\/uploads\/2023\/11\/IMG_20231115_162826_720.webp\"><img decoding=\"async\" width=\"1112\" height=\"1080\" data-src=\"https:\/\/cvinoticias.com\/wp-content\/uploads\/2023\/11\/IMG_20231115_162826_720.webp\" alt=\"\" class=\"wp-image-29988 lazyload\" src=\"data:image\/svg+xml;base64,PHN2ZyB3aWR0aD0iMSIgaGVpZ2h0PSIxIiB4bWxucz0iaHR0cDovL3d3dy53My5vcmcvMjAwMC9zdmciPjwvc3ZnPg==\" style=\"--smush-placeholder-width: 1112px; --smush-placeholder-aspect-ratio: 1112\/1080;\" \/><\/a><\/figure>\n","protected":false},"excerpt":{"rendered":"<p>El presidente de la Conferencia Episcopal Argentina, Oscar Ojea, convoc\u00f3 a todas las comunidades y parroquias a participar este viernes 17 de \u00abuna jornada de oraci\u00f3n por la Patria\u00bb, dos d\u00edas antes del balotaje presidencial. Oficialmente, la Iglesia no se pronunci\u00f3 sobre la coyuntura electoral, aunque muchos integrantes de la instituci\u00f3n rechazaron las cr\u00edticas del [&hellip;]<\/p>\n","protected":false},"author":2,"featured_media":29989,"comment_status":"open","ping_status":"open","sticky":false,"template":"","format":"standard","meta":{"footnotes":""},"categories":[44],"tags":[],"class_list":["post-29983","post","type-post","status-publish","format-standard","has-post-thumbnail","hentry","category-religion"],"yoast_head":"<!-- This site is optimized with the Yoast SEO plugin v27.4 - https:\/\/yoast.com\/product\/yoast-seo-wordpress\/ -->\n<title>La iglesia convoca a una &quot;jornada de oraci\u00f3n por la Patria&quot;, dos d\u00edas antes del balotaje | CVI NOTICIAS<\/title>\n<meta name=\"robots\" content=\"index, follow, max-snippet:-1, max-image-preview:large, max-video-preview:-1\" \/>\n<link rel=\"canonical\" href=\"https:\/\/cvinoticias.com\/v3\/la-iglesia-convoca-a-una-jornada-de-oracion-por-la-patria-dos-dias-antes-del-balotaje\/\" \/>\n<meta property=\"og:locale\" content=\"es_ES\" \/>\n<meta property=\"og:type\" content=\"article\" \/>\n<meta property=\"og:title\" content=\"La iglesia convoca a una &quot;jornada de oraci\u00f3n por la Patria&quot;, dos d\u00edas antes del balotaje | CVI NOTICIAS\" \/>\n<meta property=\"og:description\" content=\"El presidente de la Conferencia Episcopal Argentina, Oscar Ojea, convoc\u00f3 a todas las comunidades y parroquias a participar este viernes 17 de \u00abuna jornada de oraci\u00f3n por la Patria\u00bb, dos d\u00edas antes del balotaje presidencial. Oficialmente, la Iglesia no se pronunci\u00f3 sobre la coyuntura electoral, aunque muchos integrantes de la instituci\u00f3n rechazaron las cr\u00edticas del [&hellip;]\" \/>\n<meta property=\"og:url\" content=\"https:\/\/cvinoticias.com\/v3\/la-iglesia-convoca-a-una-jornada-de-oracion-por-la-patria-dos-dias-antes-del-balotaje\/\" \/>\n<meta property=\"og:site_name\" content=\"CVI NOTICIAS\" \/>\n<meta property=\"article:publisher\" content=\"https:\/\/www.facebook.com\/cvinoticias\" \/>\n<meta property=\"article:published_time\" content=\"2023-11-17T05:19:00+00:00\" \/>\n<meta property=\"article:modified_time\" content=\"2023-11-17T10:10:05+00:00\" \/>\n<meta property=\"og:image\" content=\"https:\/\/cvinoticias.com\/wp-content\/uploads\/2023\/11\/IMG_20231115_162826_632.webp\" \/>\n\t<meta property=\"og:image:width\" content=\"1080\" \/>\n\t<meta property=\"og:image:height\" content=\"1049\" \/>\n\t<meta property=\"og:image:type\" content=\"image\/webp\" \/>\n<meta name=\"author\" content=\"f1000024\" \/>\n<meta name=\"twitter:card\" content=\"summary_large_image\" \/>\n<meta name=\"twitter:label1\" content=\"Escrito por\" \/>\n\t<meta name=\"twitter:data1\" content=\"f1000024\" \/>\n\t<meta name=\"twitter:label2\" content=\"Tiempo de lectura\" \/>\n\t<meta name=\"twitter:data2\" content=\"3 minutos\" \/>\n<script type=\"application\/ld+json\" class=\"yoast-schema-graph\">{\"@context\":\"https:\\\/\\\/schema.org\",\"@graph\":[{\"@type\":\"Article\",\"@id\":\"https:\\\/\\\/cvinoticias.com\\\/v3\\\/la-iglesia-convoca-a-una-jornada-de-oracion-por-la-patria-dos-dias-antes-del-balotaje\\\/#article\",\"isPartOf\":{\"@id\":\"https:\\\/\\\/cvinoticias.com\\\/v3\\\/la-iglesia-convoca-a-una-jornada-de-oracion-por-la-patria-dos-dias-antes-del-balotaje\\\/\"},\"author\":{\"name\":\"f1000024\",\"@id\":\"https:\\\/\\\/cvinoticias.com\\\/v3\\\/#\\\/schema\\\/person\\\/2db77e3c6bc03c538495d7b2b8be9b66\"},\"headline\":\"La iglesia convoca a una \u00abjornada de oraci\u00f3n por la Patria\u00bb, dos d\u00edas antes del balotaje\",\"datePublished\":\"2023-11-17T05:19:00+00:00\",\"dateModified\":\"2023-11-17T10:10:05+00:00\",\"mainEntityOfPage\":{\"@id\":\"https:\\\/\\\/cvinoticias.com\\\/v3\\\/la-iglesia-convoca-a-una-jornada-de-oracion-por-la-patria-dos-dias-antes-del-balotaje\\\/\"},\"wordCount\":580,\"commentCount\":0,\"publisher\":{\"@id\":\"https:\\\/\\\/cvinoticias.com\\\/v3\\\/#organization\"},\"image\":{\"@id\":\"https:\\\/\\\/cvinoticias.com\\\/v3\\\/la-iglesia-convoca-a-una-jornada-de-oracion-por-la-patria-dos-dias-antes-del-balotaje\\\/#primaryimage\"},\"thumbnailUrl\":\"https:\\\/\\\/cvinoticias.com\\\/wp-content\\\/uploads\\\/2023\\\/11\\\/IMG_20231115_162826_632.webp\",\"articleSection\":[\"Religi\u00f3n\"],\"inLanguage\":\"es\",\"potentialAction\":[{\"@type\":\"CommentAction\",\"name\":\"Comment\",\"target\":[\"https:\\\/\\\/cvinoticias.com\\\/v3\\\/la-iglesia-convoca-a-una-jornada-de-oracion-por-la-patria-dos-dias-antes-del-balotaje\\\/#respond\"]}]},{\"@type\":\"WebPage\",\"@id\":\"https:\\\/\\\/cvinoticias.com\\\/v3\\\/la-iglesia-convoca-a-una-jornada-de-oracion-por-la-patria-dos-dias-antes-del-balotaje\\\/\",\"url\":\"https:\\\/\\\/cvinoticias.com\\\/v3\\\/la-iglesia-convoca-a-una-jornada-de-oracion-por-la-patria-dos-dias-antes-del-balotaje\\\/\",\"name\":\"La iglesia convoca a una \\\"jornada de oraci\u00f3n por la Patria\\\", dos d\u00edas antes del balotaje | CVI NOTICIAS\",\"isPartOf\":{\"@id\":\"https:\\\/\\\/cvinoticias.com\\\/v3\\\/#website\"},\"primaryImageOfPage\":{\"@id\":\"https:\\\/\\\/cvinoticias.com\\\/v3\\\/la-iglesia-convoca-a-una-jornada-de-oracion-por-la-patria-dos-dias-antes-del-balotaje\\\/#primaryimage\"},\"image\":{\"@id\":\"https:\\\/\\\/cvinoticias.com\\\/v3\\\/la-iglesia-convoca-a-una-jornada-de-oracion-por-la-patria-dos-dias-antes-del-balotaje\\\/#primaryimage\"},\"thumbnailUrl\":\"https:\\\/\\\/cvinoticias.com\\\/wp-content\\\/uploads\\\/2023\\\/11\\\/IMG_20231115_162826_632.webp\",\"datePublished\":\"2023-11-17T05:19:00+00:00\",\"dateModified\":\"2023-11-17T10:10:05+00:00\",\"breadcrumb\":{\"@id\":\"https:\\\/\\\/cvinoticias.com\\\/v3\\\/la-iglesia-convoca-a-una-jornada-de-oracion-por-la-patria-dos-dias-antes-del-balotaje\\\/#breadcrumb\"},\"inLanguage\":\"es\",\"potentialAction\":[{\"@type\":\"ReadAction\",\"target\":[\"https:\\\/\\\/cvinoticias.com\\\/v3\\\/la-iglesia-convoca-a-una-jornada-de-oracion-por-la-patria-dos-dias-antes-del-balotaje\\\/\"]}]},{\"@type\":\"ImageObject\",\"inLanguage\":\"es\",\"@id\":\"https:\\\/\\\/cvinoticias.com\\\/v3\\\/la-iglesia-convoca-a-una-jornada-de-oracion-por-la-patria-dos-dias-antes-del-balotaje\\\/#primaryimage\",\"url\":\"https:\\\/\\\/cvinoticias.com\\\/wp-content\\\/uploads\\\/2023\\\/11\\\/IMG_20231115_162826_632.webp\",\"contentUrl\":\"https:\\\/\\\/cvinoticias.com\\\/wp-content\\\/uploads\\\/2023\\\/11\\\/IMG_20231115_162826_632.webp\",\"width\":1080,\"height\":1049},{\"@type\":\"BreadcrumbList\",\"@id\":\"https:\\\/\\\/cvinoticias.com\\\/v3\\\/la-iglesia-convoca-a-una-jornada-de-oracion-por-la-patria-dos-dias-antes-del-balotaje\\\/#breadcrumb\",\"itemListElement\":[{\"@type\":\"ListItem\",\"position\":1,\"name\":\"Portada\",\"item\":\"https:\\\/\\\/cvinoticias.com\\\/v3\\\/\"},{\"@type\":\"ListItem\",\"position\":2,\"name\":\"La iglesia convoca a una \u00abjornada de oraci\u00f3n por la Patria\u00bb, dos d\u00edas antes del balotaje\"}]},{\"@type\":\"WebSite\",\"@id\":\"https:\\\/\\\/cvinoticias.com\\\/v3\\\/#website\",\"url\":\"https:\\\/\\\/cvinoticias.com\\\/v3\\\/\",\"name\":\"CVI NOTICIAS\",\"description\":\"\",\"publisher\":{\"@id\":\"https:\\\/\\\/cvinoticias.com\\\/v3\\\/#organization\"},\"alternateName\":\"CVI\",\"potentialAction\":[{\"@type\":\"SearchAction\",\"target\":{\"@type\":\"EntryPoint\",\"urlTemplate\":\"https:\\\/\\\/cvinoticias.com\\\/v3\\\/?s={search_term_string}\"},\"query-input\":{\"@type\":\"PropertyValueSpecification\",\"valueRequired\":true,\"valueName\":\"search_term_string\"}}],\"inLanguage\":\"es\"},{\"@type\":\"Organization\",\"@id\":\"https:\\\/\\\/cvinoticias.com\\\/v3\\\/#organization\",\"name\":\"CVI NOTICIAS\",\"url\":\"https:\\\/\\\/cvinoticias.com\\\/v3\\\/\",\"logo\":{\"@type\":\"ImageObject\",\"inLanguage\":\"es\",\"@id\":\"https:\\\/\\\/cvinoticias.com\\\/v3\\\/#\\\/schema\\\/logo\\\/image\\\/\",\"url\":\"https:\\\/\\\/cvinoticias.com\\\/wp-content\\\/uploads\\\/2023\\\/04\\\/cropped-cropped-cropped-cropped-cropped-3-1.png\",\"contentUrl\":\"https:\\\/\\\/cvinoticias.com\\\/wp-content\\\/uploads\\\/2023\\\/04\\\/cropped-cropped-cropped-cropped-cropped-3-1.png\",\"width\":95,\"height\":122,\"caption\":\"CVI NOTICIAS\"},\"image\":{\"@id\":\"https:\\\/\\\/cvinoticias.com\\\/v3\\\/#\\\/schema\\\/logo\\\/image\\\/\"},\"sameAs\":[\"https:\\\/\\\/www.facebook.com\\\/cvinoticias\",\"https:\\\/\\\/www.instagram.com\\\/cvinoticias\\\/\",\"https:\\\/\\\/www.youtube.com\\\/@CVINOTICIAS\"]},{\"@type\":\"Person\",\"@id\":\"https:\\\/\\\/cvinoticias.com\\\/v3\\\/#\\\/schema\\\/person\\\/2db77e3c6bc03c538495d7b2b8be9b66\",\"name\":\"f1000024\",\"image\":{\"@type\":\"ImageObject\",\"inLanguage\":\"es\",\"@id\":\"https:\\\/\\\/secure.gravatar.com\\\/avatar\\\/d4fe7459cfc51ff5129ce1a732bbef5928568b8092d412ef95611616376bbeed?s=96&d=mm&r=g\",\"url\":\"https:\\\/\\\/secure.gravatar.com\\\/avatar\\\/d4fe7459cfc51ff5129ce1a732bbef5928568b8092d412ef95611616376bbeed?s=96&d=mm&r=g\",\"contentUrl\":\"https:\\\/\\\/secure.gravatar.com\\\/avatar\\\/d4fe7459cfc51ff5129ce1a732bbef5928568b8092d412ef95611616376bbeed?s=96&d=mm&r=g\",\"caption\":\"f1000024\"},\"url\":\"https:\\\/\\\/cvinoticias.com\\\/v3\\\/author\\\/f1000024\\\/\"}]}<\/script>\n<!-- \/ Yoast SEO plugin. -->","yoast_head_json":{"title":"La iglesia convoca a una \"jornada de oraci\u00f3n por la Patria\", dos d\u00edas antes del balotaje | CVI NOTICIAS","robots":{"index":"index","follow":"follow","max-snippet":"max-snippet:-1","max-image-preview":"max-image-preview:large","max-video-preview":"max-video-preview:-1"},"canonical":"https:\/\/cvinoticias.com\/v3\/la-iglesia-convoca-a-una-jornada-de-oracion-por-la-patria-dos-dias-antes-del-balotaje\/","og_locale":"es_ES","og_type":"article","og_title":"La iglesia convoca a una \"jornada de oraci\u00f3n por la Patria\", dos d\u00edas antes del balotaje | CVI NOTICIAS","og_description":"El presidente de la Conferencia Episcopal Argentina, Oscar Ojea, convoc\u00f3 a todas las comunidades y parroquias a participar este viernes 17 de \u00abuna jornada de oraci\u00f3n por la Patria\u00bb, dos d\u00edas antes del balotaje presidencial. Oficialmente, la Iglesia no se pronunci\u00f3 sobre la coyuntura electoral, aunque muchos integrantes de la instituci\u00f3n rechazaron las cr\u00edticas del [&hellip;]","og_url":"https:\/\/cvinoticias.com\/v3\/la-iglesia-convoca-a-una-jornada-de-oracion-por-la-patria-dos-dias-antes-del-balotaje\/","og_site_name":"CVI NOTICIAS","article_publisher":"https:\/\/www.facebook.com\/cvinoticias","article_published_time":"2023-11-17T05:19:00+00:00","article_modified_time":"2023-11-17T10:10:05+00:00","og_image":[{"width":1080,"height":1049,"url":"https:\/\/cvinoticias.com\/wp-content\/uploads\/2023\/11\/IMG_20231115_162826_632.webp","type":"image\/webp"}],"author":"f1000024","twitter_card":"summary_large_image","twitter_misc":{"Escrito por":"f1000024","Tiempo de lectura":"3 minutos"},"schema":{"@context":"https:\/\/schema.org","@graph":[{"@type":"Article","@id":"https:\/\/cvinoticias.com\/v3\/la-iglesia-convoca-a-una-jornada-de-oracion-por-la-patria-dos-dias-antes-del-balotaje\/#article","isPartOf":{"@id":"https:\/\/cvinoticias.com\/v3\/la-iglesia-convoca-a-una-jornada-de-oracion-por-la-patria-dos-dias-antes-del-balotaje\/"},"author":{"name":"f1000024","@id":"https:\/\/cvinoticias.com\/v3\/#\/schema\/person\/2db77e3c6bc03c538495d7b2b8be9b66"},"headline":"La iglesia convoca a una \u00abjornada de oraci\u00f3n por la Patria\u00bb, dos d\u00edas antes del balotaje","datePublished":"2023-11-17T05:19:00+00:00","dateModified":"2023-11-17T10:10:05+00:00","mainEntityOfPage":{"@id":"https:\/\/cvinoticias.com\/v3\/la-iglesia-convoca-a-una-jornada-de-oracion-por-la-patria-dos-dias-antes-del-balotaje\/"},"wordCount":580,"commentCount":0,"publisher":{"@id":"https:\/\/cvinoticias.com\/v3\/#organization"},"image":{"@id":"https:\/\/cvinoticias.com\/v3\/la-iglesia-convoca-a-una-jornada-de-oracion-por-la-patria-dos-dias-antes-del-balotaje\/#primaryimage"},"thumbnailUrl":"https:\/\/cvinoticias.com\/wp-content\/uploads\/2023\/11\/IMG_20231115_162826_632.webp","articleSection":["Religi\u00f3n"],"inLanguage":"es","potentialAction":[{"@type":"CommentAction","name":"Comment","target":["https:\/\/cvinoticias.com\/v3\/la-iglesia-convoca-a-una-jornada-de-oracion-por-la-patria-dos-dias-antes-del-balotaje\/#respond"]}]},{"@type":"WebPage","@id":"https:\/\/cvinoticias.com\/v3\/la-iglesia-convoca-a-una-jornada-de-oracion-por-la-patria-dos-dias-antes-del-balotaje\/","url":"https:\/\/cvinoticias.com\/v3\/la-iglesia-convoca-a-una-jornada-de-oracion-por-la-patria-dos-dias-antes-del-balotaje\/","name":"La iglesia convoca a una \"jornada de oraci\u00f3n por la Patria\", dos d\u00edas antes del balotaje | CVI NOTICIAS","isPartOf":{"@id":"https:\/\/cvinoticias.com\/v3\/#website"},"primaryImageOfPage":{"@id":"https:\/\/cvinoticias.com\/v3\/la-iglesia-convoca-a-una-jornada-de-oracion-por-la-patria-dos-dias-antes-del-balotaje\/#primaryimage"},"image":{"@id":"https:\/\/cvinoticias.com\/v3\/la-iglesia-convoca-a-una-jornada-de-oracion-por-la-patria-dos-dias-antes-del-balotaje\/#primaryimage"},"thumbnailUrl":"https:\/\/cvinoticias.com\/wp-content\/uploads\/2023\/11\/IMG_20231115_162826_632.webp","datePublished":"2023-11-17T05:19:00+00:00","dateModified":"2023-11-17T10:10:05+00:00","breadcrumb":{"@id":"https:\/\/cvinoticias.com\/v3\/la-iglesia-convoca-a-una-jornada-de-oracion-por-la-patria-dos-dias-antes-del-balotaje\/#breadcrumb"},"inLanguage":"es","potentialAction":[{"@type":"ReadAction","target":["https:\/\/cvinoticias.com\/v3\/la-iglesia-convoca-a-una-jornada-de-oracion-por-la-patria-dos-dias-antes-del-balotaje\/"]}]},{"@type":"ImageObject","inLanguage":"es","@id":"https:\/\/cvinoticias.com\/v3\/la-iglesia-convoca-a-una-jornada-de-oracion-por-la-patria-dos-dias-antes-del-balotaje\/#primaryimage","url":"https:\/\/cvinoticias.com\/wp-content\/uploads\/2023\/11\/IMG_20231115_162826_632.webp","contentUrl":"https:\/\/cvinoticias.com\/wp-content\/uploads\/2023\/11\/IMG_20231115_162826_632.webp","width":1080,"height":1049},{"@type":"BreadcrumbList","@id":"https:\/\/cvinoticias.com\/v3\/la-iglesia-convoca-a-una-jornada-de-oracion-por-la-patria-dos-dias-antes-del-balotaje\/#breadcrumb","itemListElement":[{"@type":"ListItem","position":1,"name":"Portada","item":"https:\/\/cvinoticias.com\/v3\/"},{"@type":"ListItem","position":2,"name":"La iglesia convoca a una \u00abjornada de oraci\u00f3n por la Patria\u00bb, dos d\u00edas antes del balotaje"}]},{"@type":"WebSite","@id":"https:\/\/cvinoticias.com\/v3\/#website","url":"https:\/\/cvinoticias.com\/v3\/","name":"CVI NOTICIAS","description":"","publisher":{"@id":"https:\/\/cvinoticias.com\/v3\/#organization"},"alternateName":"CVI","potentialAction":[{"@type":"SearchAction","target":{"@type":"EntryPoint","urlTemplate":"https:\/\/cvinoticias.com\/v3\/?s={search_term_string}"},"query-input":{"@type":"PropertyValueSpecification","valueRequired":true,"valueName":"search_term_string"}}],"inLanguage":"es"},{"@type":"Organization","@id":"https:\/\/cvinoticias.com\/v3\/#organization","name":"CVI NOTICIAS","url":"https:\/\/cvinoticias.com\/v3\/","logo":{"@type":"ImageObject","inLanguage":"es","@id":"https:\/\/cvinoticias.com\/v3\/#\/schema\/logo\/image\/","url":"https:\/\/cvinoticias.com\/wp-content\/uploads\/2023\/04\/cropped-cropped-cropped-cropped-cropped-3-1.png","contentUrl":"https:\/\/cvinoticias.com\/wp-content\/uploads\/2023\/04\/cropped-cropped-cropped-cropped-cropped-3-1.png","width":95,"height":122,"caption":"CVI NOTICIAS"},"image":{"@id":"https:\/\/cvinoticias.com\/v3\/#\/schema\/logo\/image\/"},"sameAs":["https:\/\/www.facebook.com\/cvinoticias","https:\/\/www.instagram.com\/cvinoticias\/","https:\/\/www.youtube.com\/@CVINOTICIAS"]},{"@type":"Person","@id":"https:\/\/cvinoticias.com\/v3\/#\/schema\/person\/2db77e3c6bc03c538495d7b2b8be9b66","name":"f1000024","image":{"@type":"ImageObject","inLanguage":"es","@id":"https:\/\/secure.gravatar.com\/avatar\/d4fe7459cfc51ff5129ce1a732bbef5928568b8092d412ef95611616376bbeed?s=96&d=mm&r=g","url":"https:\/\/secure.gravatar.com\/avatar\/d4fe7459cfc51ff5129ce1a732bbef5928568b8092d412ef95611616376bbeed?s=96&d=mm&r=g","contentUrl":"https:\/\/secure.gravatar.com\/avatar\/d4fe7459cfc51ff5129ce1a732bbef5928568b8092d412ef95611616376bbeed?s=96&d=mm&r=g","caption":"f1000024"},"url":"https:\/\/cvinoticias.com\/v3\/author\/f1000024\/"}]}},"_links":{"self":[{"href":"https:\/\/cvinoticias.com\/v3\/wp-json\/wp\/v2\/posts\/29983","targetHints":{"allow":["GET"]}}],"collection":[{"href":"https:\/\/cvinoticias.com\/v3\/wp-json\/wp\/v2\/posts"}],"about":[{"href":"https:\/\/cvinoticias.com\/v3\/wp-json\/wp\/v2\/types\/post"}],"author":[{"embeddable":true,"href":"https:\/\/cvinoticias.com\/v3\/wp-json\/wp\/v2\/users\/2"}],"replies":[{"embeddable":true,"href":"https:\/\/cvinoticias.com\/v3\/wp-json\/wp\/v2\/comments?post=29983"}],"version-history":[{"count":5,"href":"https:\/\/cvinoticias.com\/v3\/wp-json\/wp\/v2\/posts\/29983\/revisions"}],"predecessor-version":[{"id":30059,"href":"https:\/\/cvinoticias.com\/v3\/wp-json\/wp\/v2\/posts\/29983\/revisions\/30059"}],"wp:featuredmedia":[{"embeddable":true,"href":"https:\/\/cvinoticias.com\/v3\/wp-json\/wp\/v2\/media\/29989"}],"wp:attachment":[{"href":"https:\/\/cvinoticias.com\/v3\/wp-json\/wp\/v2\/media?parent=29983"}],"wp:term":[{"taxonomy":"category","embeddable":true,"href":"https:\/\/cvinoticias.com\/v3\/wp-json\/wp\/v2\/categories?post=29983"},{"taxonomy":"post_tag","embeddable":true,"href":"https:\/\/cvinoticias.com\/v3\/wp-json\/wp\/v2\/tags?post=29983"}],"curies":[{"name":"wp","href":"https:\/\/api.w.org\/{rel}","templated":true}]}}