{"id":299,"date":"2020-12-08T06:45:37","date_gmt":"2020-12-08T06:45:37","guid":{"rendered":"https:\/\/cvinoticias.com\/v3\/?p=299"},"modified":"2020-12-08T06:50:44","modified_gmt":"2020-12-08T06:50:44","slug":"con-superclasico-incluidoasi-quedo-el-sorteo-de-los-grupos-de-la-copa-diego-maradona","status":"publish","type":"post","link":"https:\/\/cvinoticias.com\/v3\/con-superclasico-incluidoasi-quedo-el-sorteo-de-los-grupos-de-la-copa-diego-maradona\/","title":{"rendered":"Con superclasico incluido,as\u00ed quedo el sorteo de los grupos de la Copa Diego Maradona"},"content":{"rendered":"\n<p><\/p>\n\n\n\n<p><strong><em>El siguiente es el programa estipulado para la zona Campeonatos de la Copa de la Liga Profesional (LPF), luego del sorteo efectuado esta noche para definir la continuidad del certamen.<\/em><\/strong><\/p>\n\n\n\n<ul class=\"wp-block-list\"><li>Zona Campeonato<\/li><\/ul>\n\n\n\n<p>Primera fecha, 13 de diciembre<\/p>\n\n\n\n<p>&#x25aa;&#xfe0f;  Zona A<\/p>\n\n\n\n<ul class=\"wp-block-list\"><li>River Plate-Argentinos Juniors<\/li><\/ul>\n\n\n\n<ul class=\"wp-block-list\"><li>Boca Juniors-Arsenal<\/li><\/ul>\n\n\n\n<ul class=\"wp-block-list\"><li>Hurac\u00e1n-Independiente<\/li><\/ul>\n\n\n\n<p> &#x25aa;&#xfe0f; Zona B<\/p>\n\n\n\n<ul class=\"wp-block-list\"><li>Col\u00f3n-Gimnasia y Esgrima La Plata<\/li><\/ul>\n\n\n\n<ul class=\"wp-block-list\"><li>Atl\u00e9tico Tucum\u00e1n-Banfield<\/li><\/ul>\n\n\n\n<ul class=\"wp-block-list\"><li>San Lorenzo-Talleres de C\u00f3rdoba<\/li><\/ul>\n\n\n\n<ul class=\"wp-block-list\"><li>Segunda fecha, 20 de diciembre<\/li><\/ul>\n\n\n\n<p> &#x25aa;&#xfe0f; Zona A-<\/p>\n\n\n\n<ul class=\"wp-block-list\"><li>Hurac\u00e1n-River Plate<\/li><\/ul>\n\n\n\n<ul class=\"wp-block-list\"><li>Independiente-Boca<\/li><\/ul>\n\n\n\n<ul class=\"wp-block-list\"><li>Arsenal-Argentinos Juniors<\/li><\/ul>\n\n\n\n<p>&#x25aa;&#xfe0f;  Zona B<\/p>\n\n\n\n<ul class=\"wp-block-list\"><li>San Lorenzo-Col\u00f3n<\/li><\/ul>\n\n\n\n<ul class=\"wp-block-list\"><li>Talleres de C\u00f3rdoba-Atl\u00e9tico Tucum\u00e1n<\/li><\/ul>\n\n\n\n<ul class=\"wp-block-list\"><li>Banfield-Gimnasia<\/li><\/ul>\n\n\n\n<ul class=\"wp-block-list\"><li>Tercera fecha, 27 de diciembre<\/li><\/ul>\n\n\n\n<p> &#x25aa;&#xfe0f; Zona A<\/p>\n\n\n\n<ul class=\"wp-block-list\"><li>River Plate-Arsenal<\/li><\/ul>\n\n\n\n<ul class=\"wp-block-list\"><li>Argentinos Juniors-Independiente<\/li><\/ul>\n\n\n\n<ul class=\"wp-block-list\"><li>Boca-Hurac\u00e1n<\/li><\/ul>\n\n\n\n<p> &#x25aa;&#xfe0f; Zona B<\/p>\n\n\n\n<ul class=\"wp-block-list\"><li>Col\u00f3n-Banfield<\/li><\/ul>\n\n\n\n<ul class=\"wp-block-list\"><li>Gimnasia LP-Talleres<\/li><\/ul>\n\n\n\n<ul class=\"wp-block-list\"><li>Atl\u00e9tico Tucum\u00e1n-San Lorenzo<\/li><\/ul>\n\n\n\n<ul class=\"wp-block-list\"><li>Cuarta fecha, 3 de enero de 2021<\/li><\/ul>\n\n\n\n<p> &#x25aa;&#xfe0f; Zona A<\/p>\n\n\n\n<ul class=\"wp-block-list\"><li>BOCA JUNIORS&nbsp;&#8211; RIVER PLATE<\/li><\/ul>\n\n\n\n<ul class=\"wp-block-list\"><li>Hurac\u00e1n-Argentinos Juniors<\/li><\/ul>\n\n\n\n<ul class=\"wp-block-list\"><li>Independiente-Arsenal<\/li><\/ul>\n\n\n\n<p> &#x25aa;&#xfe0f; Zona B<\/p>\n\n\n\n<ul class=\"wp-block-list\"><li>Atl\u00e9tico Tucum\u00e1n-Col\u00f3n<\/li><\/ul>\n\n\n\n<ul class=\"wp-block-list\"><li>San Lorenzo-Gimnasia<\/li><\/ul>\n\n\n\n<ul class=\"wp-block-list\"><li>Talleres de C\u00f3rdoba-Banfield<\/li><\/ul>\n\n\n\n<ul class=\"wp-block-list\"><li>Quinta fecha, 10 de enero de 2021<\/li><\/ul>\n\n\n\n<p> &#x25aa;&#xfe0f; Zona A<\/p>\n\n\n\n<ul class=\"wp-block-list\"><li>River Plate-Independiente<\/li><\/ul>\n\n\n\n<ul class=\"wp-block-list\"><li>Arsenal-Hurac\u00e1n<\/li><\/ul>\n\n\n\n<ul class=\"wp-block-list\"><li>Argentinos Juniors-Boca Juniors<\/li><\/ul>\n\n\n\n<p> &#x25aa;&#xfe0f; Zona B<\/p>\n\n\n\n<ul class=\"wp-block-list\"><li>Col\u00f3n-Talleres<\/li><\/ul>\n\n\n\n<ul class=\"wp-block-list\"><li>Banfield-San Lorenzo<\/li><\/ul>\n\n\n\n<ul class=\"wp-block-list\"><li>Gimnasia LP-Atl\u00e9tico Tucum\u00e1n.<\/li><\/ul>\n","protected":false},"excerpt":{"rendered":"<p>El siguiente es el programa estipulado para la zona Campeonatos de la Copa de la Liga Profesional (LPF), luego del sorteo efectuado esta noche para definir la continuidad del certamen. Zona Campeonato Primera fecha, 13 de diciembre &#x25aa;&#xfe0f; Zona A River Plate-Argentinos Juniors Boca Juniors-Arsenal Hurac\u00e1n-Independiente &#x25aa;&#xfe0f; Zona B Col\u00f3n-Gimnasia y Esgrima La Plata Atl\u00e9tico [&hellip;]<\/p>\n","protected":false},"author":2,"featured_media":303,"comment_status":"open","ping_status":"open","sticky":false,"template":"","format":"standard","meta":{"footnotes":""},"categories":[24],"tags":[56],"class_list":["post-299","post","type-post","status-publish","format-standard","has-post-thumbnail","hentry","category-deportes","tag-futbol"],"yoast_head":"<!-- This site is optimized with the Yoast SEO plugin v27.5 - https:\/\/yoast.com\/product\/yoast-seo-wordpress\/ -->\n<title>Con superclasico incluido,as\u00ed quedo el sorteo de los grupos de la Copa Diego Maradona | CVI NOTICIAS<\/title>\n<meta name=\"robots\" content=\"index, follow, max-snippet:-1, max-image-preview:large, max-video-preview:-1\" \/>\n<link rel=\"canonical\" href=\"https:\/\/cvinoticias.com\/v3\/con-superclasico-incluidoasi-quedo-el-sorteo-de-los-grupos-de-la-copa-diego-maradona\/\" \/>\n<meta property=\"og:locale\" content=\"es_ES\" \/>\n<meta property=\"og:type\" content=\"article\" \/>\n<meta property=\"og:title\" content=\"Con superclasico incluido,as\u00ed quedo el sorteo de los grupos de la Copa Diego Maradona | CVI NOTICIAS\" \/>\n<meta property=\"og:description\" content=\"El siguiente es el programa estipulado para la zona Campeonatos de la Copa de la Liga Profesional (LPF), luego del sorteo efectuado esta noche para definir la continuidad del certamen. Zona Campeonato Primera fecha, 13 de diciembre &#x25aa;&#xfe0f; Zona A River Plate-Argentinos Juniors Boca Juniors-Arsenal Hurac\u00e1n-Independiente &#x25aa;&#xfe0f; Zona B Col\u00f3n-Gimnasia y Esgrima La Plata Atl\u00e9tico [&hellip;]\" \/>\n<meta property=\"og:url\" content=\"https:\/\/cvinoticias.com\/v3\/con-superclasico-incluidoasi-quedo-el-sorteo-de-los-grupos-de-la-copa-diego-maradona\/\" \/>\n<meta property=\"og:site_name\" content=\"CVI NOTICIAS\" \/>\n<meta property=\"article:publisher\" content=\"https:\/\/www.facebook.com\/cvinoticias\" \/>\n<meta property=\"article:published_time\" content=\"2020-12-08T06:45:37+00:00\" \/>\n<meta property=\"article:modified_time\" content=\"2020-12-08T06:50:44+00:00\" \/>\n<meta property=\"og:image\" content=\"https:\/\/cvinoticias.com\/wp-content\/uploads\/2020\/12\/IMG_20201208_032928.png\" \/>\n\t<meta property=\"og:image:width\" content=\"980\" \/>\n\t<meta property=\"og:image:height\" content=\"741\" \/>\n\t<meta property=\"og:image:type\" content=\"image\/png\" \/>\n<meta name=\"author\" content=\"f1000024\" \/>\n<meta name=\"twitter:card\" content=\"summary_large_image\" \/>\n<meta name=\"twitter:label1\" content=\"Escrito por\" \/>\n\t<meta name=\"twitter:data1\" content=\"f1000024\" \/>\n\t<meta name=\"twitter:label2\" content=\"Tiempo de lectura\" \/>\n\t<meta name=\"twitter:data2\" content=\"1 minuto\" \/>\n<script type=\"application\/ld+json\" class=\"yoast-schema-graph\">{\"@context\":\"https:\\\/\\\/schema.org\",\"@graph\":[{\"@type\":\"Article\",\"@id\":\"https:\\\/\\\/cvinoticias.com\\\/v3\\\/con-superclasico-incluidoasi-quedo-el-sorteo-de-los-grupos-de-la-copa-diego-maradona\\\/#article\",\"isPartOf\":{\"@id\":\"https:\\\/\\\/cvinoticias.com\\\/v3\\\/con-superclasico-incluidoasi-quedo-el-sorteo-de-los-grupos-de-la-copa-diego-maradona\\\/\"},\"author\":{\"name\":\"f1000024\",\"@id\":\"https:\\\/\\\/cvinoticias.com\\\/v3\\\/#\\\/schema\\\/person\\\/2db77e3c6bc03c538495d7b2b8be9b66\"},\"headline\":\"Con superclasico incluido,as\u00ed quedo el sorteo de los grupos de la Copa Diego Maradona\",\"datePublished\":\"2020-12-08T06:45:37+00:00\",\"dateModified\":\"2020-12-08T06:50:44+00:00\",\"mainEntityOfPage\":{\"@id\":\"https:\\\/\\\/cvinoticias.com\\\/v3\\\/con-superclasico-incluidoasi-quedo-el-sorteo-de-los-grupos-de-la-copa-diego-maradona\\\/\"},\"wordCount\":220,\"commentCount\":0,\"publisher\":{\"@id\":\"https:\\\/\\\/cvinoticias.com\\\/v3\\\/#organization\"},\"image\":{\"@id\":\"https:\\\/\\\/cvinoticias.com\\\/v3\\\/con-superclasico-incluidoasi-quedo-el-sorteo-de-los-grupos-de-la-copa-diego-maradona\\\/#primaryimage\"},\"thumbnailUrl\":\"https:\\\/\\\/cvinoticias.com\\\/wp-content\\\/uploads\\\/2020\\\/12\\\/IMG_20201208_032928.png\",\"keywords\":[\"FUTBOL\"],\"articleSection\":[\"Deportes\"],\"inLanguage\":\"es\",\"potentialAction\":[{\"@type\":\"CommentAction\",\"name\":\"Comment\",\"target\":[\"https:\\\/\\\/cvinoticias.com\\\/v3\\\/con-superclasico-incluidoasi-quedo-el-sorteo-de-los-grupos-de-la-copa-diego-maradona\\\/#respond\"]}]},{\"@type\":\"WebPage\",\"@id\":\"https:\\\/\\\/cvinoticias.com\\\/v3\\\/con-superclasico-incluidoasi-quedo-el-sorteo-de-los-grupos-de-la-copa-diego-maradona\\\/\",\"url\":\"https:\\\/\\\/cvinoticias.com\\\/v3\\\/con-superclasico-incluidoasi-quedo-el-sorteo-de-los-grupos-de-la-copa-diego-maradona\\\/\",\"name\":\"Con superclasico incluido,as\u00ed quedo el sorteo de los grupos de la Copa Diego Maradona | CVI NOTICIAS\",\"isPartOf\":{\"@id\":\"https:\\\/\\\/cvinoticias.com\\\/v3\\\/#website\"},\"primaryImageOfPage\":{\"@id\":\"https:\\\/\\\/cvinoticias.com\\\/v3\\\/con-superclasico-incluidoasi-quedo-el-sorteo-de-los-grupos-de-la-copa-diego-maradona\\\/#primaryimage\"},\"image\":{\"@id\":\"https:\\\/\\\/cvinoticias.com\\\/v3\\\/con-superclasico-incluidoasi-quedo-el-sorteo-de-los-grupos-de-la-copa-diego-maradona\\\/#primaryimage\"},\"thumbnailUrl\":\"https:\\\/\\\/cvinoticias.com\\\/wp-content\\\/uploads\\\/2020\\\/12\\\/IMG_20201208_032928.png\",\"datePublished\":\"2020-12-08T06:45:37+00:00\",\"dateModified\":\"2020-12-08T06:50:44+00:00\",\"breadcrumb\":{\"@id\":\"https:\\\/\\\/cvinoticias.com\\\/v3\\\/con-superclasico-incluidoasi-quedo-el-sorteo-de-los-grupos-de-la-copa-diego-maradona\\\/#breadcrumb\"},\"inLanguage\":\"es\",\"potentialAction\":[{\"@type\":\"ReadAction\",\"target\":[\"https:\\\/\\\/cvinoticias.com\\\/v3\\\/con-superclasico-incluidoasi-quedo-el-sorteo-de-los-grupos-de-la-copa-diego-maradona\\\/\"]}]},{\"@type\":\"ImageObject\",\"inLanguage\":\"es\",\"@id\":\"https:\\\/\\\/cvinoticias.com\\\/v3\\\/con-superclasico-incluidoasi-quedo-el-sorteo-de-los-grupos-de-la-copa-diego-maradona\\\/#primaryimage\",\"url\":\"https:\\\/\\\/cvinoticias.com\\\/wp-content\\\/uploads\\\/2020\\\/12\\\/IMG_20201208_032928.png\",\"contentUrl\":\"https:\\\/\\\/cvinoticias.com\\\/wp-content\\\/uploads\\\/2020\\\/12\\\/IMG_20201208_032928.png\",\"width\":980,\"height\":741},{\"@type\":\"BreadcrumbList\",\"@id\":\"https:\\\/\\\/cvinoticias.com\\\/v3\\\/con-superclasico-incluidoasi-quedo-el-sorteo-de-los-grupos-de-la-copa-diego-maradona\\\/#breadcrumb\",\"itemListElement\":[{\"@type\":\"ListItem\",\"position\":1,\"name\":\"Portada\",\"item\":\"https:\\\/\\\/cvinoticias.com\\\/v3\\\/\"},{\"@type\":\"ListItem\",\"position\":2,\"name\":\"Con superclasico incluido,as\u00ed quedo el sorteo de los grupos de la Copa Diego Maradona\"}]},{\"@type\":\"WebSite\",\"@id\":\"https:\\\/\\\/cvinoticias.com\\\/v3\\\/#website\",\"url\":\"https:\\\/\\\/cvinoticias.com\\\/v3\\\/\",\"name\":\"CVI NOTICIAS\",\"description\":\"\",\"publisher\":{\"@id\":\"https:\\\/\\\/cvinoticias.com\\\/v3\\\/#organization\"},\"alternateName\":\"CVI\",\"potentialAction\":[{\"@type\":\"SearchAction\",\"target\":{\"@type\":\"EntryPoint\",\"urlTemplate\":\"https:\\\/\\\/cvinoticias.com\\\/v3\\\/?s={search_term_string}\"},\"query-input\":{\"@type\":\"PropertyValueSpecification\",\"valueRequired\":true,\"valueName\":\"search_term_string\"}}],\"inLanguage\":\"es\"},{\"@type\":\"Organization\",\"@id\":\"https:\\\/\\\/cvinoticias.com\\\/v3\\\/#organization\",\"name\":\"CVI NOTICIAS\",\"url\":\"https:\\\/\\\/cvinoticias.com\\\/v3\\\/\",\"logo\":{\"@type\":\"ImageObject\",\"inLanguage\":\"es\",\"@id\":\"https:\\\/\\\/cvinoticias.com\\\/v3\\\/#\\\/schema\\\/logo\\\/image\\\/\",\"url\":\"https:\\\/\\\/cvinoticias.com\\\/wp-content\\\/uploads\\\/2023\\\/04\\\/cropped-cropped-cropped-cropped-cropped-3-1.png\",\"contentUrl\":\"https:\\\/\\\/cvinoticias.com\\\/wp-content\\\/uploads\\\/2023\\\/04\\\/cropped-cropped-cropped-cropped-cropped-3-1.png\",\"width\":95,\"height\":122,\"caption\":\"CVI NOTICIAS\"},\"image\":{\"@id\":\"https:\\\/\\\/cvinoticias.com\\\/v3\\\/#\\\/schema\\\/logo\\\/image\\\/\"},\"sameAs\":[\"https:\\\/\\\/www.facebook.com\\\/cvinoticias\",\"https:\\\/\\\/www.instagram.com\\\/cvinoticias\\\/\",\"https:\\\/\\\/www.youtube.com\\\/@CVINOTICIAS\"]},{\"@type\":\"Person\",\"@id\":\"https:\\\/\\\/cvinoticias.com\\\/v3\\\/#\\\/schema\\\/person\\\/2db77e3c6bc03c538495d7b2b8be9b66\",\"name\":\"f1000024\",\"image\":{\"@type\":\"ImageObject\",\"inLanguage\":\"es\",\"@id\":\"https:\\\/\\\/secure.gravatar.com\\\/avatar\\\/d4fe7459cfc51ff5129ce1a732bbef5928568b8092d412ef95611616376bbeed?s=96&d=mm&r=g\",\"url\":\"https:\\\/\\\/secure.gravatar.com\\\/avatar\\\/d4fe7459cfc51ff5129ce1a732bbef5928568b8092d412ef95611616376bbeed?s=96&d=mm&r=g\",\"contentUrl\":\"https:\\\/\\\/secure.gravatar.com\\\/avatar\\\/d4fe7459cfc51ff5129ce1a732bbef5928568b8092d412ef95611616376bbeed?s=96&d=mm&r=g\",\"caption\":\"f1000024\"},\"url\":\"https:\\\/\\\/cvinoticias.com\\\/v3\\\/author\\\/f1000024\\\/\"}]}<\/script>\n<!-- \/ Yoast SEO plugin. -->","yoast_head_json":{"title":"Con superclasico incluido,as\u00ed quedo el sorteo de los grupos de la Copa Diego Maradona | CVI NOTICIAS","robots":{"index":"index","follow":"follow","max-snippet":"max-snippet:-1","max-image-preview":"max-image-preview:large","max-video-preview":"max-video-preview:-1"},"canonical":"https:\/\/cvinoticias.com\/v3\/con-superclasico-incluidoasi-quedo-el-sorteo-de-los-grupos-de-la-copa-diego-maradona\/","og_locale":"es_ES","og_type":"article","og_title":"Con superclasico incluido,as\u00ed quedo el sorteo de los grupos de la Copa Diego Maradona | CVI NOTICIAS","og_description":"El siguiente es el programa estipulado para la zona Campeonatos de la Copa de la Liga Profesional (LPF), luego del sorteo efectuado esta noche para definir la continuidad del certamen. Zona Campeonato Primera fecha, 13 de diciembre &#x25aa;&#xfe0f; Zona A River Plate-Argentinos Juniors Boca Juniors-Arsenal Hurac\u00e1n-Independiente &#x25aa;&#xfe0f; Zona B Col\u00f3n-Gimnasia y Esgrima La Plata Atl\u00e9tico [&hellip;]","og_url":"https:\/\/cvinoticias.com\/v3\/con-superclasico-incluidoasi-quedo-el-sorteo-de-los-grupos-de-la-copa-diego-maradona\/","og_site_name":"CVI NOTICIAS","article_publisher":"https:\/\/www.facebook.com\/cvinoticias","article_published_time":"2020-12-08T06:45:37+00:00","article_modified_time":"2020-12-08T06:50:44+00:00","og_image":[{"width":980,"height":741,"url":"https:\/\/cvinoticias.com\/wp-content\/uploads\/2020\/12\/IMG_20201208_032928.png","type":"image\/png"}],"author":"f1000024","twitter_card":"summary_large_image","twitter_misc":{"Escrito por":"f1000024","Tiempo de lectura":"1 minuto"},"schema":{"@context":"https:\/\/schema.org","@graph":[{"@type":"Article","@id":"https:\/\/cvinoticias.com\/v3\/con-superclasico-incluidoasi-quedo-el-sorteo-de-los-grupos-de-la-copa-diego-maradona\/#article","isPartOf":{"@id":"https:\/\/cvinoticias.com\/v3\/con-superclasico-incluidoasi-quedo-el-sorteo-de-los-grupos-de-la-copa-diego-maradona\/"},"author":{"name":"f1000024","@id":"https:\/\/cvinoticias.com\/v3\/#\/schema\/person\/2db77e3c6bc03c538495d7b2b8be9b66"},"headline":"Con superclasico incluido,as\u00ed quedo el sorteo de los grupos de la Copa Diego Maradona","datePublished":"2020-12-08T06:45:37+00:00","dateModified":"2020-12-08T06:50:44+00:00","mainEntityOfPage":{"@id":"https:\/\/cvinoticias.com\/v3\/con-superclasico-incluidoasi-quedo-el-sorteo-de-los-grupos-de-la-copa-diego-maradona\/"},"wordCount":220,"commentCount":0,"publisher":{"@id":"https:\/\/cvinoticias.com\/v3\/#organization"},"image":{"@id":"https:\/\/cvinoticias.com\/v3\/con-superclasico-incluidoasi-quedo-el-sorteo-de-los-grupos-de-la-copa-diego-maradona\/#primaryimage"},"thumbnailUrl":"https:\/\/cvinoticias.com\/wp-content\/uploads\/2020\/12\/IMG_20201208_032928.png","keywords":["FUTBOL"],"articleSection":["Deportes"],"inLanguage":"es","potentialAction":[{"@type":"CommentAction","name":"Comment","target":["https:\/\/cvinoticias.com\/v3\/con-superclasico-incluidoasi-quedo-el-sorteo-de-los-grupos-de-la-copa-diego-maradona\/#respond"]}]},{"@type":"WebPage","@id":"https:\/\/cvinoticias.com\/v3\/con-superclasico-incluidoasi-quedo-el-sorteo-de-los-grupos-de-la-copa-diego-maradona\/","url":"https:\/\/cvinoticias.com\/v3\/con-superclasico-incluidoasi-quedo-el-sorteo-de-los-grupos-de-la-copa-diego-maradona\/","name":"Con superclasico incluido,as\u00ed quedo el sorteo de los grupos de la Copa Diego Maradona | CVI NOTICIAS","isPartOf":{"@id":"https:\/\/cvinoticias.com\/v3\/#website"},"primaryImageOfPage":{"@id":"https:\/\/cvinoticias.com\/v3\/con-superclasico-incluidoasi-quedo-el-sorteo-de-los-grupos-de-la-copa-diego-maradona\/#primaryimage"},"image":{"@id":"https:\/\/cvinoticias.com\/v3\/con-superclasico-incluidoasi-quedo-el-sorteo-de-los-grupos-de-la-copa-diego-maradona\/#primaryimage"},"thumbnailUrl":"https:\/\/cvinoticias.com\/wp-content\/uploads\/2020\/12\/IMG_20201208_032928.png","datePublished":"2020-12-08T06:45:37+00:00","dateModified":"2020-12-08T06:50:44+00:00","breadcrumb":{"@id":"https:\/\/cvinoticias.com\/v3\/con-superclasico-incluidoasi-quedo-el-sorteo-de-los-grupos-de-la-copa-diego-maradona\/#breadcrumb"},"inLanguage":"es","potentialAction":[{"@type":"ReadAction","target":["https:\/\/cvinoticias.com\/v3\/con-superclasico-incluidoasi-quedo-el-sorteo-de-los-grupos-de-la-copa-diego-maradona\/"]}]},{"@type":"ImageObject","inLanguage":"es","@id":"https:\/\/cvinoticias.com\/v3\/con-superclasico-incluidoasi-quedo-el-sorteo-de-los-grupos-de-la-copa-diego-maradona\/#primaryimage","url":"https:\/\/cvinoticias.com\/wp-content\/uploads\/2020\/12\/IMG_20201208_032928.png","contentUrl":"https:\/\/cvinoticias.com\/wp-content\/uploads\/2020\/12\/IMG_20201208_032928.png","width":980,"height":741},{"@type":"BreadcrumbList","@id":"https:\/\/cvinoticias.com\/v3\/con-superclasico-incluidoasi-quedo-el-sorteo-de-los-grupos-de-la-copa-diego-maradona\/#breadcrumb","itemListElement":[{"@type":"ListItem","position":1,"name":"Portada","item":"https:\/\/cvinoticias.com\/v3\/"},{"@type":"ListItem","position":2,"name":"Con superclasico incluido,as\u00ed quedo el sorteo de los grupos de la Copa Diego Maradona"}]},{"@type":"WebSite","@id":"https:\/\/cvinoticias.com\/v3\/#website","url":"https:\/\/cvinoticias.com\/v3\/","name":"CVI NOTICIAS","description":"","publisher":{"@id":"https:\/\/cvinoticias.com\/v3\/#organization"},"alternateName":"CVI","potentialAction":[{"@type":"SearchAction","target":{"@type":"EntryPoint","urlTemplate":"https:\/\/cvinoticias.com\/v3\/?s={search_term_string}"},"query-input":{"@type":"PropertyValueSpecification","valueRequired":true,"valueName":"search_term_string"}}],"inLanguage":"es"},{"@type":"Organization","@id":"https:\/\/cvinoticias.com\/v3\/#organization","name":"CVI NOTICIAS","url":"https:\/\/cvinoticias.com\/v3\/","logo":{"@type":"ImageObject","inLanguage":"es","@id":"https:\/\/cvinoticias.com\/v3\/#\/schema\/logo\/image\/","url":"https:\/\/cvinoticias.com\/wp-content\/uploads\/2023\/04\/cropped-cropped-cropped-cropped-cropped-3-1.png","contentUrl":"https:\/\/cvinoticias.com\/wp-content\/uploads\/2023\/04\/cropped-cropped-cropped-cropped-cropped-3-1.png","width":95,"height":122,"caption":"CVI NOTICIAS"},"image":{"@id":"https:\/\/cvinoticias.com\/v3\/#\/schema\/logo\/image\/"},"sameAs":["https:\/\/www.facebook.com\/cvinoticias","https:\/\/www.instagram.com\/cvinoticias\/","https:\/\/www.youtube.com\/@CVINOTICIAS"]},{"@type":"Person","@id":"https:\/\/cvinoticias.com\/v3\/#\/schema\/person\/2db77e3c6bc03c538495d7b2b8be9b66","name":"f1000024","image":{"@type":"ImageObject","inLanguage":"es","@id":"https:\/\/secure.gravatar.com\/avatar\/d4fe7459cfc51ff5129ce1a732bbef5928568b8092d412ef95611616376bbeed?s=96&d=mm&r=g","url":"https:\/\/secure.gravatar.com\/avatar\/d4fe7459cfc51ff5129ce1a732bbef5928568b8092d412ef95611616376bbeed?s=96&d=mm&r=g","contentUrl":"https:\/\/secure.gravatar.com\/avatar\/d4fe7459cfc51ff5129ce1a732bbef5928568b8092d412ef95611616376bbeed?s=96&d=mm&r=g","caption":"f1000024"},"url":"https:\/\/cvinoticias.com\/v3\/author\/f1000024\/"}]}},"_links":{"self":[{"href":"https:\/\/cvinoticias.com\/v3\/wp-json\/wp\/v2\/posts\/299","targetHints":{"allow":["GET"]}}],"collection":[{"href":"https:\/\/cvinoticias.com\/v3\/wp-json\/wp\/v2\/posts"}],"about":[{"href":"https:\/\/cvinoticias.com\/v3\/wp-json\/wp\/v2\/types\/post"}],"author":[{"embeddable":true,"href":"https:\/\/cvinoticias.com\/v3\/wp-json\/wp\/v2\/users\/2"}],"replies":[{"embeddable":true,"href":"https:\/\/cvinoticias.com\/v3\/wp-json\/wp\/v2\/comments?post=299"}],"version-history":[{"count":1,"href":"https:\/\/cvinoticias.com\/v3\/wp-json\/wp\/v2\/posts\/299\/revisions"}],"predecessor-version":[{"id":305,"href":"https:\/\/cvinoticias.com\/v3\/wp-json\/wp\/v2\/posts\/299\/revisions\/305"}],"wp:featuredmedia":[{"embeddable":true,"href":"https:\/\/cvinoticias.com\/v3\/wp-json\/wp\/v2\/media\/303"}],"wp:attachment":[{"href":"https:\/\/cvinoticias.com\/v3\/wp-json\/wp\/v2\/media?parent=299"}],"wp:term":[{"taxonomy":"category","embeddable":true,"href":"https:\/\/cvinoticias.com\/v3\/wp-json\/wp\/v2\/categories?post=299"},{"taxonomy":"post_tag","embeddable":true,"href":"https:\/\/cvinoticias.com\/v3\/wp-json\/wp\/v2\/tags?post=299"}],"curies":[{"name":"wp","href":"https:\/\/api.w.org\/{rel}","templated":true}]}}