{"id":29859,"date":"2023-11-10T22:09:14","date_gmt":"2023-11-11T01:09:14","guid":{"rendered":"https:\/\/cvinoticias.com\/v3\/?p=29859"},"modified":"2023-11-10T22:09:14","modified_gmt":"2023-11-11T01:09:14","slug":"misiones-celebra-la-semana-provincial-del-nino-prematuro","status":"publish","type":"post","link":"https:\/\/cvinoticias.com\/v3\/misiones-celebra-la-semana-provincial-del-nino-prematuro\/","title":{"rendered":"Misiones celebra la semana provincial del ni\u00f1o prematuro"},"content":{"rendered":"\n<p><strong><em>Esta ma\u00f1ana se llev\u00f3 a cabo el lanzamiento de la Semana Provincial del Ni\u00f1o Prematuro en la sala de situaci\u00f3n Andr\u00e9s Guacurar\u00ed de la Vicegobernaci\u00f3n, con la presencia del Vicegobernador de la Provincia, Carlos Arce, el Ministro de Salud, Oscar Alarc\u00f3n, la Ministra de Trabajo, Silvana Gim\u00e9nez, la Diputada Provincial Adriana Bezus y la Presidenta de la Fundaci\u00f3n Peque\u00f1os Gigantes, Paula Schapovaloff.<\/em><\/strong><\/p>\n\n\n\n<p>Del 11 al 17 de noviembre se celebra en Misiones la Semana Provincial del Ni\u00f1o Prematuro, una iniciativa impulsada por la ley decimos\u00e9ptima n\u00famero 145 art. 8 bis, \u00fanica en todo el pa\u00eds, que busca concientizar sobre la importancia de la atenci\u00f3n y el cuidado de los beb\u00e9s nacidos antes de t\u00e9rmino.<\/p>\n\n\n\n<p>Durante el acto, las autoridades destacaron el trabajo que se viene realizando en la provincia para mejorar la calidad de vida de los ni\u00f1os prematuros y sus familias, as\u00ed como para reducir la mortalidad infantil y neonatal. Tambi\u00e9n resaltaron el rol de las organizaciones sociales y las familias que acompa\u00f1an y apoyan a los ni\u00f1os prematuros en su desarrollo.<\/p>\n\n\n\n<p>\u201cEsta es una semana bastante importante para nosotros, somos los \u00fanicos en el mundo que tenemos esta semana dedicada a la prematurez no solo en Argentina sino que en el mundo entero\u201d menciono la presidenta de la Fundaci\u00f3n Peque\u00f1os Gigantes, Paula Schapovaloff., donde tambi\u00e9n comento que dicha fundaci\u00f3n es la \u00fanica en tener un centro de contenci\u00f3n y seguimiento p\u00fablico y gratuito para todos los ni\u00f1os que reciben las terapias que necesitan sin importar la edad o la patolog\u00eda hasta el momento en que se le d\u00e9 el alta.<\/p>\n\n\n\n<p>Por su parte, el Ministro Alarc\u00f3n se\u00f1alo que \u201cesta ley del prematuro viene a enmarcar un enorme trabajo que se viene haciendo hace mucho tiempo, trabajando de forma conjunta con las familias para lograr un trabajo determinante\u201d.<\/p>\n\n\n\n<p>El Vicegobernador Arce destac\u00f3 el trabajo articulado que se viene llevando adelante con la fundaci\u00f3n y desde la salud, representando al pueblo con la ley, y brindando contenci\u00f3n a los ni\u00f1os prematuros y sus familias.<\/p>\n\n\n\n<figure class=\"wp-block-image size-large\"><a href=\"https:\/\/cvinoticias.com\/wp-content\/uploads\/2023\/11\/Screenshot_20231110_095344_Zoom.jpg\"><img decoding=\"async\" width=\"1024\" height=\"518\" data-src=\"https:\/\/cvinoticias.com\/wp-content\/uploads\/2023\/11\/Screenshot_20231110_095344_Zoom-1024x518.jpg\" alt=\"\" class=\"wp-image-29860 lazyload\" data-srcset=\"https:\/\/cvinoticias.com\/wp-content\/uploads\/2023\/11\/Screenshot_20231110_095344_Zoom-1024x518.jpg 1024w, https:\/\/cvinoticias.com\/wp-content\/uploads\/2023\/11\/Screenshot_20231110_095344_Zoom-300x152.jpg 300w, https:\/\/cvinoticias.com\/wp-content\/uploads\/2023\/11\/Screenshot_20231110_095344_Zoom-768x388.jpg 768w, https:\/\/cvinoticias.com\/wp-content\/uploads\/2023\/11\/Screenshot_20231110_095344_Zoom-1536x777.jpg 1536w, https:\/\/cvinoticias.com\/wp-content\/uploads\/2023\/11\/Screenshot_20231110_095344_Zoom-2048x1036.jpg 2048w\" data-sizes=\"(max-width: 1024px) 100vw, 1024px\" src=\"data:image\/svg+xml;base64,PHN2ZyB3aWR0aD0iMSIgaGVpZ2h0PSIxIiB4bWxucz0iaHR0cDovL3d3dy53My5vcmcvMjAwMC9zdmciPjwvc3ZnPg==\" style=\"--smush-placeholder-width: 1024px; --smush-placeholder-aspect-ratio: 1024\/518;\" \/><\/a><\/figure>\n\n\n\n<p><strong>Las actividades que se llevar\u00e1n a cabo durante la semana ser\u00e1n las siguiente<\/strong><\/p>\n\n\n\n<ul class=\"wp-block-list\">\n<li>S\u00e1bado 11 y Domingo 12: Recorridas por las salas de Neonatolog\u00eda de la Provincia.<\/li>\n\n\n\n<li>Lunes 13- 9 horas: Acto de apertura Hospital Materno Neonatal de Posadas, y a las 11 horas Aniversario del Centro de Contenci\u00f3n y Seguimiento al ni\u00f1o nacido prematuro- Fundaci\u00f3n Peque\u00f1os Gigantes.<\/li>\n\n\n\n<li>Martes 14- 8 horas: Encuentro internacional de la prematurez y a las 17 horas recorrida por la sala de neonatolog\u00eda del SAMIC de Ober\u00e1.<\/li>\n\n\n\n<li>Mi\u00e9rcoles 15- 8 horas: Encuentro internacional por la prematurez<\/li>\n\n\n\n<li>Jueves 16- 20 horas: Vigilia por la prematurez- iluminaci\u00f3n del monumento Andr\u00e9s Guacura\u00ed.<\/li>\n\n\n\n<li>Viernes 17- 9 horas: Celebraci\u00f3n con las familias de ni\u00f1os nacidos prematuros internados en neonatolog\u00eda del Hospital Materno Neonatal.<\/li>\n\n\n\n<li>S\u00e1bado 25- 17 horas Fiesta del cierre de la semana provincial del ni\u00f1o prematuro en la cascada de la Costanera.<\/li>\n<\/ul>\n\n\n\n<p>Adem\u00e1s, anunciaron que se celebrar\u00e1 el primer encuentro internacional de la prematurez, donde participar\u00e1n representantes de la Organizaci\u00f3n Panamericana de la Salud (OPS), del Hospital Garrahan y de fundaciones y organizaciones de otros pa\u00edses como M\u00e9xico, Nicaragua, Paraguay, Brasil y Costa Rica. El objetivo del encuentro es compartir experiencias y buenas pr\u00e1cticas en el abordaje de la prematurez, as\u00ed como establecer qu\u00e9 es lo que necesitan de Misiones para continuar avanzando con su trabajo.<\/p>\n\n\n\n<p>El encuentro se realizar\u00e1 el 14 y 15 de noviembre en el auditorio Tierra sin Mal del cuarto tramo de la Costanera, y contar\u00e1 con la presencia de especialistas nacionales e internacionales en neonatolog\u00eda, pediatr\u00eda, obstetricia, enfermer\u00eda, psicolog\u00eda, nutrici\u00f3n y estimulaci\u00f3n temprana, entre otras disciplinas.<\/p>\n","protected":false},"excerpt":{"rendered":"<p>Esta ma\u00f1ana se llev\u00f3 a cabo el lanzamiento de la Semana Provincial del Ni\u00f1o Prematuro en la sala de situaci\u00f3n Andr\u00e9s Guacurar\u00ed de la Vicegobernaci\u00f3n, con la presencia del Vicegobernador de la Provincia, Carlos Arce, el Ministro de Salud, Oscar Alarc\u00f3n, la Ministra de Trabajo, Silvana Gim\u00e9nez, la Diputada Provincial Adriana Bezus y la Presidenta [&hellip;]<\/p>\n","protected":false},"author":2,"featured_media":29861,"comment_status":"open","ping_status":"open","sticky":false,"template":"","format":"standard","meta":{"footnotes":""},"categories":[22],"tags":[],"class_list":["post-29859","post","type-post","status-publish","format-standard","has-post-thumbnail","hentry","category-salud"],"yoast_head":"<!-- This site is optimized with the Yoast SEO plugin v27.5 - https:\/\/yoast.com\/product\/yoast-seo-wordpress\/ -->\n<title>Misiones celebra la semana provincial del ni\u00f1o prematuro | CVI NOTICIAS<\/title>\n<meta name=\"robots\" content=\"index, follow, max-snippet:-1, max-image-preview:large, max-video-preview:-1\" \/>\n<link rel=\"canonical\" href=\"https:\/\/cvinoticias.com\/v3\/misiones-celebra-la-semana-provincial-del-nino-prematuro\/\" \/>\n<meta property=\"og:locale\" content=\"es_ES\" \/>\n<meta property=\"og:type\" content=\"article\" \/>\n<meta property=\"og:title\" content=\"Misiones celebra la semana provincial del ni\u00f1o prematuro | CVI NOTICIAS\" \/>\n<meta property=\"og:description\" content=\"Esta ma\u00f1ana se llev\u00f3 a cabo el lanzamiento de la Semana Provincial del Ni\u00f1o Prematuro en la sala de situaci\u00f3n Andr\u00e9s Guacurar\u00ed de la Vicegobernaci\u00f3n, con la presencia del Vicegobernador de la Provincia, Carlos Arce, el Ministro de Salud, Oscar Alarc\u00f3n, la Ministra de Trabajo, Silvana Gim\u00e9nez, la Diputada Provincial Adriana Bezus y la Presidenta [&hellip;]\" \/>\n<meta property=\"og:url\" content=\"https:\/\/cvinoticias.com\/v3\/misiones-celebra-la-semana-provincial-del-nino-prematuro\/\" \/>\n<meta property=\"og:site_name\" content=\"CVI NOTICIAS\" \/>\n<meta property=\"article:publisher\" content=\"https:\/\/www.facebook.com\/cvinoticias\" \/>\n<meta property=\"article:published_time\" content=\"2023-11-11T01:09:14+00:00\" \/>\n<meta property=\"og:image\" content=\"https:\/\/cvinoticias.com\/wp-content\/uploads\/2023\/11\/Screenshot_20231110_095104_Zoom.jpg\" \/>\n\t<meta property=\"og:image:width\" content=\"2158\" \/>\n\t<meta property=\"og:image:height\" content=\"1080\" \/>\n\t<meta property=\"og:image:type\" content=\"image\/jpeg\" \/>\n<meta name=\"author\" content=\"f1000024\" \/>\n<meta name=\"twitter:card\" content=\"summary_large_image\" \/>\n<meta name=\"twitter:label1\" content=\"Escrito por\" \/>\n\t<meta name=\"twitter:data1\" content=\"f1000024\" \/>\n\t<meta name=\"twitter:label2\" content=\"Tiempo de lectura\" \/>\n\t<meta name=\"twitter:data2\" content=\"3 minutos\" \/>\n<script type=\"application\/ld+json\" class=\"yoast-schema-graph\">{\"@context\":\"https:\\\/\\\/schema.org\",\"@graph\":[{\"@type\":\"Article\",\"@id\":\"https:\\\/\\\/cvinoticias.com\\\/v3\\\/misiones-celebra-la-semana-provincial-del-nino-prematuro\\\/#article\",\"isPartOf\":{\"@id\":\"https:\\\/\\\/cvinoticias.com\\\/v3\\\/misiones-celebra-la-semana-provincial-del-nino-prematuro\\\/\"},\"author\":{\"name\":\"f1000024\",\"@id\":\"https:\\\/\\\/cvinoticias.com\\\/v3\\\/#\\\/schema\\\/person\\\/2db77e3c6bc03c538495d7b2b8be9b66\"},\"headline\":\"Misiones celebra la semana provincial del ni\u00f1o prematuro\",\"datePublished\":\"2023-11-11T01:09:14+00:00\",\"mainEntityOfPage\":{\"@id\":\"https:\\\/\\\/cvinoticias.com\\\/v3\\\/misiones-celebra-la-semana-provincial-del-nino-prematuro\\\/\"},\"wordCount\":651,\"commentCount\":0,\"publisher\":{\"@id\":\"https:\\\/\\\/cvinoticias.com\\\/v3\\\/#organization\"},\"image\":{\"@id\":\"https:\\\/\\\/cvinoticias.com\\\/v3\\\/misiones-celebra-la-semana-provincial-del-nino-prematuro\\\/#primaryimage\"},\"thumbnailUrl\":\"https:\\\/\\\/cvinoticias.com\\\/wp-content\\\/uploads\\\/2023\\\/11\\\/Screenshot_20231110_095104_Zoom.jpg\",\"articleSection\":[\"Salud\"],\"inLanguage\":\"es\",\"potentialAction\":[{\"@type\":\"CommentAction\",\"name\":\"Comment\",\"target\":[\"https:\\\/\\\/cvinoticias.com\\\/v3\\\/misiones-celebra-la-semana-provincial-del-nino-prematuro\\\/#respond\"]}]},{\"@type\":\"WebPage\",\"@id\":\"https:\\\/\\\/cvinoticias.com\\\/v3\\\/misiones-celebra-la-semana-provincial-del-nino-prematuro\\\/\",\"url\":\"https:\\\/\\\/cvinoticias.com\\\/v3\\\/misiones-celebra-la-semana-provincial-del-nino-prematuro\\\/\",\"name\":\"Misiones celebra la semana provincial del ni\u00f1o prematuro | CVI NOTICIAS\",\"isPartOf\":{\"@id\":\"https:\\\/\\\/cvinoticias.com\\\/v3\\\/#website\"},\"primaryImageOfPage\":{\"@id\":\"https:\\\/\\\/cvinoticias.com\\\/v3\\\/misiones-celebra-la-semana-provincial-del-nino-prematuro\\\/#primaryimage\"},\"image\":{\"@id\":\"https:\\\/\\\/cvinoticias.com\\\/v3\\\/misiones-celebra-la-semana-provincial-del-nino-prematuro\\\/#primaryimage\"},\"thumbnailUrl\":\"https:\\\/\\\/cvinoticias.com\\\/wp-content\\\/uploads\\\/2023\\\/11\\\/Screenshot_20231110_095104_Zoom.jpg\",\"datePublished\":\"2023-11-11T01:09:14+00:00\",\"breadcrumb\":{\"@id\":\"https:\\\/\\\/cvinoticias.com\\\/v3\\\/misiones-celebra-la-semana-provincial-del-nino-prematuro\\\/#breadcrumb\"},\"inLanguage\":\"es\",\"potentialAction\":[{\"@type\":\"ReadAction\",\"target\":[\"https:\\\/\\\/cvinoticias.com\\\/v3\\\/misiones-celebra-la-semana-provincial-del-nino-prematuro\\\/\"]}]},{\"@type\":\"ImageObject\",\"inLanguage\":\"es\",\"@id\":\"https:\\\/\\\/cvinoticias.com\\\/v3\\\/misiones-celebra-la-semana-provincial-del-nino-prematuro\\\/#primaryimage\",\"url\":\"https:\\\/\\\/cvinoticias.com\\\/wp-content\\\/uploads\\\/2023\\\/11\\\/Screenshot_20231110_095104_Zoom.jpg\",\"contentUrl\":\"https:\\\/\\\/cvinoticias.com\\\/wp-content\\\/uploads\\\/2023\\\/11\\\/Screenshot_20231110_095104_Zoom.jpg\",\"width\":2158,\"height\":1080},{\"@type\":\"BreadcrumbList\",\"@id\":\"https:\\\/\\\/cvinoticias.com\\\/v3\\\/misiones-celebra-la-semana-provincial-del-nino-prematuro\\\/#breadcrumb\",\"itemListElement\":[{\"@type\":\"ListItem\",\"position\":1,\"name\":\"Portada\",\"item\":\"https:\\\/\\\/cvinoticias.com\\\/v3\\\/\"},{\"@type\":\"ListItem\",\"position\":2,\"name\":\"Misiones celebra la semana provincial del ni\u00f1o prematuro\"}]},{\"@type\":\"WebSite\",\"@id\":\"https:\\\/\\\/cvinoticias.com\\\/v3\\\/#website\",\"url\":\"https:\\\/\\\/cvinoticias.com\\\/v3\\\/\",\"name\":\"CVI NOTICIAS\",\"description\":\"\",\"publisher\":{\"@id\":\"https:\\\/\\\/cvinoticias.com\\\/v3\\\/#organization\"},\"alternateName\":\"CVI\",\"potentialAction\":[{\"@type\":\"SearchAction\",\"target\":{\"@type\":\"EntryPoint\",\"urlTemplate\":\"https:\\\/\\\/cvinoticias.com\\\/v3\\\/?s={search_term_string}\"},\"query-input\":{\"@type\":\"PropertyValueSpecification\",\"valueRequired\":true,\"valueName\":\"search_term_string\"}}],\"inLanguage\":\"es\"},{\"@type\":\"Organization\",\"@id\":\"https:\\\/\\\/cvinoticias.com\\\/v3\\\/#organization\",\"name\":\"CVI NOTICIAS\",\"url\":\"https:\\\/\\\/cvinoticias.com\\\/v3\\\/\",\"logo\":{\"@type\":\"ImageObject\",\"inLanguage\":\"es\",\"@id\":\"https:\\\/\\\/cvinoticias.com\\\/v3\\\/#\\\/schema\\\/logo\\\/image\\\/\",\"url\":\"https:\\\/\\\/cvinoticias.com\\\/wp-content\\\/uploads\\\/2023\\\/04\\\/cropped-cropped-cropped-cropped-cropped-3-1.png\",\"contentUrl\":\"https:\\\/\\\/cvinoticias.com\\\/wp-content\\\/uploads\\\/2023\\\/04\\\/cropped-cropped-cropped-cropped-cropped-3-1.png\",\"width\":95,\"height\":122,\"caption\":\"CVI NOTICIAS\"},\"image\":{\"@id\":\"https:\\\/\\\/cvinoticias.com\\\/v3\\\/#\\\/schema\\\/logo\\\/image\\\/\"},\"sameAs\":[\"https:\\\/\\\/www.facebook.com\\\/cvinoticias\",\"https:\\\/\\\/www.instagram.com\\\/cvinoticias\\\/\",\"https:\\\/\\\/www.youtube.com\\\/@CVINOTICIAS\"]},{\"@type\":\"Person\",\"@id\":\"https:\\\/\\\/cvinoticias.com\\\/v3\\\/#\\\/schema\\\/person\\\/2db77e3c6bc03c538495d7b2b8be9b66\",\"name\":\"f1000024\",\"image\":{\"@type\":\"ImageObject\",\"inLanguage\":\"es\",\"@id\":\"https:\\\/\\\/secure.gravatar.com\\\/avatar\\\/d4fe7459cfc51ff5129ce1a732bbef5928568b8092d412ef95611616376bbeed?s=96&d=mm&r=g\",\"url\":\"https:\\\/\\\/secure.gravatar.com\\\/avatar\\\/d4fe7459cfc51ff5129ce1a732bbef5928568b8092d412ef95611616376bbeed?s=96&d=mm&r=g\",\"contentUrl\":\"https:\\\/\\\/secure.gravatar.com\\\/avatar\\\/d4fe7459cfc51ff5129ce1a732bbef5928568b8092d412ef95611616376bbeed?s=96&d=mm&r=g\",\"caption\":\"f1000024\"},\"url\":\"https:\\\/\\\/cvinoticias.com\\\/v3\\\/author\\\/f1000024\\\/\"}]}<\/script>\n<!-- \/ Yoast SEO plugin. -->","yoast_head_json":{"title":"Misiones celebra la semana provincial del ni\u00f1o prematuro | CVI NOTICIAS","robots":{"index":"index","follow":"follow","max-snippet":"max-snippet:-1","max-image-preview":"max-image-preview:large","max-video-preview":"max-video-preview:-1"},"canonical":"https:\/\/cvinoticias.com\/v3\/misiones-celebra-la-semana-provincial-del-nino-prematuro\/","og_locale":"es_ES","og_type":"article","og_title":"Misiones celebra la semana provincial del ni\u00f1o prematuro | CVI NOTICIAS","og_description":"Esta ma\u00f1ana se llev\u00f3 a cabo el lanzamiento de la Semana Provincial del Ni\u00f1o Prematuro en la sala de situaci\u00f3n Andr\u00e9s Guacurar\u00ed de la Vicegobernaci\u00f3n, con la presencia del Vicegobernador de la Provincia, Carlos Arce, el Ministro de Salud, Oscar Alarc\u00f3n, la Ministra de Trabajo, Silvana Gim\u00e9nez, la Diputada Provincial Adriana Bezus y la Presidenta [&hellip;]","og_url":"https:\/\/cvinoticias.com\/v3\/misiones-celebra-la-semana-provincial-del-nino-prematuro\/","og_site_name":"CVI NOTICIAS","article_publisher":"https:\/\/www.facebook.com\/cvinoticias","article_published_time":"2023-11-11T01:09:14+00:00","og_image":[{"width":2158,"height":1080,"url":"https:\/\/cvinoticias.com\/wp-content\/uploads\/2023\/11\/Screenshot_20231110_095104_Zoom.jpg","type":"image\/jpeg"}],"author":"f1000024","twitter_card":"summary_large_image","twitter_misc":{"Escrito por":"f1000024","Tiempo de lectura":"3 minutos"},"schema":{"@context":"https:\/\/schema.org","@graph":[{"@type":"Article","@id":"https:\/\/cvinoticias.com\/v3\/misiones-celebra-la-semana-provincial-del-nino-prematuro\/#article","isPartOf":{"@id":"https:\/\/cvinoticias.com\/v3\/misiones-celebra-la-semana-provincial-del-nino-prematuro\/"},"author":{"name":"f1000024","@id":"https:\/\/cvinoticias.com\/v3\/#\/schema\/person\/2db77e3c6bc03c538495d7b2b8be9b66"},"headline":"Misiones celebra la semana provincial del ni\u00f1o prematuro","datePublished":"2023-11-11T01:09:14+00:00","mainEntityOfPage":{"@id":"https:\/\/cvinoticias.com\/v3\/misiones-celebra-la-semana-provincial-del-nino-prematuro\/"},"wordCount":651,"commentCount":0,"publisher":{"@id":"https:\/\/cvinoticias.com\/v3\/#organization"},"image":{"@id":"https:\/\/cvinoticias.com\/v3\/misiones-celebra-la-semana-provincial-del-nino-prematuro\/#primaryimage"},"thumbnailUrl":"https:\/\/cvinoticias.com\/wp-content\/uploads\/2023\/11\/Screenshot_20231110_095104_Zoom.jpg","articleSection":["Salud"],"inLanguage":"es","potentialAction":[{"@type":"CommentAction","name":"Comment","target":["https:\/\/cvinoticias.com\/v3\/misiones-celebra-la-semana-provincial-del-nino-prematuro\/#respond"]}]},{"@type":"WebPage","@id":"https:\/\/cvinoticias.com\/v3\/misiones-celebra-la-semana-provincial-del-nino-prematuro\/","url":"https:\/\/cvinoticias.com\/v3\/misiones-celebra-la-semana-provincial-del-nino-prematuro\/","name":"Misiones celebra la semana provincial del ni\u00f1o prematuro | CVI NOTICIAS","isPartOf":{"@id":"https:\/\/cvinoticias.com\/v3\/#website"},"primaryImageOfPage":{"@id":"https:\/\/cvinoticias.com\/v3\/misiones-celebra-la-semana-provincial-del-nino-prematuro\/#primaryimage"},"image":{"@id":"https:\/\/cvinoticias.com\/v3\/misiones-celebra-la-semana-provincial-del-nino-prematuro\/#primaryimage"},"thumbnailUrl":"https:\/\/cvinoticias.com\/wp-content\/uploads\/2023\/11\/Screenshot_20231110_095104_Zoom.jpg","datePublished":"2023-11-11T01:09:14+00:00","breadcrumb":{"@id":"https:\/\/cvinoticias.com\/v3\/misiones-celebra-la-semana-provincial-del-nino-prematuro\/#breadcrumb"},"inLanguage":"es","potentialAction":[{"@type":"ReadAction","target":["https:\/\/cvinoticias.com\/v3\/misiones-celebra-la-semana-provincial-del-nino-prematuro\/"]}]},{"@type":"ImageObject","inLanguage":"es","@id":"https:\/\/cvinoticias.com\/v3\/misiones-celebra-la-semana-provincial-del-nino-prematuro\/#primaryimage","url":"https:\/\/cvinoticias.com\/wp-content\/uploads\/2023\/11\/Screenshot_20231110_095104_Zoom.jpg","contentUrl":"https:\/\/cvinoticias.com\/wp-content\/uploads\/2023\/11\/Screenshot_20231110_095104_Zoom.jpg","width":2158,"height":1080},{"@type":"BreadcrumbList","@id":"https:\/\/cvinoticias.com\/v3\/misiones-celebra-la-semana-provincial-del-nino-prematuro\/#breadcrumb","itemListElement":[{"@type":"ListItem","position":1,"name":"Portada","item":"https:\/\/cvinoticias.com\/v3\/"},{"@type":"ListItem","position":2,"name":"Misiones celebra la semana provincial del ni\u00f1o prematuro"}]},{"@type":"WebSite","@id":"https:\/\/cvinoticias.com\/v3\/#website","url":"https:\/\/cvinoticias.com\/v3\/","name":"CVI NOTICIAS","description":"","publisher":{"@id":"https:\/\/cvinoticias.com\/v3\/#organization"},"alternateName":"CVI","potentialAction":[{"@type":"SearchAction","target":{"@type":"EntryPoint","urlTemplate":"https:\/\/cvinoticias.com\/v3\/?s={search_term_string}"},"query-input":{"@type":"PropertyValueSpecification","valueRequired":true,"valueName":"search_term_string"}}],"inLanguage":"es"},{"@type":"Organization","@id":"https:\/\/cvinoticias.com\/v3\/#organization","name":"CVI NOTICIAS","url":"https:\/\/cvinoticias.com\/v3\/","logo":{"@type":"ImageObject","inLanguage":"es","@id":"https:\/\/cvinoticias.com\/v3\/#\/schema\/logo\/image\/","url":"https:\/\/cvinoticias.com\/wp-content\/uploads\/2023\/04\/cropped-cropped-cropped-cropped-cropped-3-1.png","contentUrl":"https:\/\/cvinoticias.com\/wp-content\/uploads\/2023\/04\/cropped-cropped-cropped-cropped-cropped-3-1.png","width":95,"height":122,"caption":"CVI NOTICIAS"},"image":{"@id":"https:\/\/cvinoticias.com\/v3\/#\/schema\/logo\/image\/"},"sameAs":["https:\/\/www.facebook.com\/cvinoticias","https:\/\/www.instagram.com\/cvinoticias\/","https:\/\/www.youtube.com\/@CVINOTICIAS"]},{"@type":"Person","@id":"https:\/\/cvinoticias.com\/v3\/#\/schema\/person\/2db77e3c6bc03c538495d7b2b8be9b66","name":"f1000024","image":{"@type":"ImageObject","inLanguage":"es","@id":"https:\/\/secure.gravatar.com\/avatar\/d4fe7459cfc51ff5129ce1a732bbef5928568b8092d412ef95611616376bbeed?s=96&d=mm&r=g","url":"https:\/\/secure.gravatar.com\/avatar\/d4fe7459cfc51ff5129ce1a732bbef5928568b8092d412ef95611616376bbeed?s=96&d=mm&r=g","contentUrl":"https:\/\/secure.gravatar.com\/avatar\/d4fe7459cfc51ff5129ce1a732bbef5928568b8092d412ef95611616376bbeed?s=96&d=mm&r=g","caption":"f1000024"},"url":"https:\/\/cvinoticias.com\/v3\/author\/f1000024\/"}]}},"_links":{"self":[{"href":"https:\/\/cvinoticias.com\/v3\/wp-json\/wp\/v2\/posts\/29859","targetHints":{"allow":["GET"]}}],"collection":[{"href":"https:\/\/cvinoticias.com\/v3\/wp-json\/wp\/v2\/posts"}],"about":[{"href":"https:\/\/cvinoticias.com\/v3\/wp-json\/wp\/v2\/types\/post"}],"author":[{"embeddable":true,"href":"https:\/\/cvinoticias.com\/v3\/wp-json\/wp\/v2\/users\/2"}],"replies":[{"embeddable":true,"href":"https:\/\/cvinoticias.com\/v3\/wp-json\/wp\/v2\/comments?post=29859"}],"version-history":[{"count":1,"href":"https:\/\/cvinoticias.com\/v3\/wp-json\/wp\/v2\/posts\/29859\/revisions"}],"predecessor-version":[{"id":29862,"href":"https:\/\/cvinoticias.com\/v3\/wp-json\/wp\/v2\/posts\/29859\/revisions\/29862"}],"wp:featuredmedia":[{"embeddable":true,"href":"https:\/\/cvinoticias.com\/v3\/wp-json\/wp\/v2\/media\/29861"}],"wp:attachment":[{"href":"https:\/\/cvinoticias.com\/v3\/wp-json\/wp\/v2\/media?parent=29859"}],"wp:term":[{"taxonomy":"category","embeddable":true,"href":"https:\/\/cvinoticias.com\/v3\/wp-json\/wp\/v2\/categories?post=29859"},{"taxonomy":"post_tag","embeddable":true,"href":"https:\/\/cvinoticias.com\/v3\/wp-json\/wp\/v2\/tags?post=29859"}],"curies":[{"name":"wp","href":"https:\/\/api.w.org\/{rel}","templated":true}]}}