{"id":2973,"date":"2021-02-26T12:27:46","date_gmt":"2021-02-26T12:27:46","guid":{"rendered":"https:\/\/cvinoticias.com\/v3\/?p=2973"},"modified":"2021-02-26T12:27:46","modified_gmt":"2021-02-26T12:27:46","slug":"colegios-privados-de-misiones-tendran-un-techo-del-20-en-aumento-de-sus-cuotas","status":"publish","type":"post","link":"https:\/\/cvinoticias.com\/v3\/colegios-privados-de-misiones-tendran-un-techo-del-20-en-aumento-de-sus-cuotas\/","title":{"rendered":"Colegios privados de Misiones tendr\u00e1n un techo del 20% en aumento de sus cuotas"},"content":{"rendered":"\n<p><strong><em>La Asociaci\u00f3n de Institutos Privados de la provincia (AIPEM) hab\u00eda solicitado un incremento del 30%. La resoluci\u00f3n del SPEPM saldr\u00e1 entre hoy y el lunes.<\/em><\/strong><\/p>\n\n\n\n<p>A\u00a0menos de dos semanas del inicio de las clases en la provincia, con el sistema de alternancia estudiantil, los colegios de gesti\u00f3n privada esperaban una definici\u00f3n en porcentajes para la actualizaci\u00f3n de las cuotas.\u00a0Desde la Asociaci\u00f3n que los nuclea presentaron un pedido formal para un incremento de un 30%.<\/p>\n\n\n\n<p>Sinembargo,\u00a0el Servicio Provincial de Ense\u00f1anza Privada de Misiones (SPEPM) fijar\u00e1 como techo un incremento del 20%.<\/p>\n\n\n\n<p>El director de Control y Financiamiento del SPEPM, Gustavo Lezcano, adelant\u00f3 que \u201clo que vamos a fijar como techo es el 20%, como m\u00e1ximo. Cada entidad sabe a qu\u00e9 p\u00fablico atiende, lo que llamamos la cuota program\u00e1tica de contenidos. La resoluci\u00f3n est\u00e1 materializada y la divulgaremos entre ma\u00f1ana (por hoy) y el lunes\u201d.<\/p>\n\n\n\n<p>Respecto al pedido realizado por la Asociaci\u00f3n de Institutos Privados de la provincia de Misiones (AIPEM), que supera el monto establecido por el SPEPM, respondi\u00f3 que,\u00a0\u00abhay<strong> <\/strong>colegios que no llegan al techo que fijamos porque la misma comunidad establece lo que puede pagar\u201d.<\/p>\n\n\n\n<p>Lezcano adem\u00e1s indic\u00f3 que \u201cdesde el Estado debemos tratar de ver todas las perspectivas y tambi\u00e9n considerar las familias en situaci\u00f3n al contexto.<strong>\u00a0<\/strong>El universo de la educaci\u00f3n privada en Misiones es complejo y hay muchos porcentajes en cuestiones que no se han resuelto en 2020\u201d.<\/p>\n\n\n\n<p>M\u00e1s all\u00e1 de que el pedido fue presentado hace una semana, explic\u00f3 que \u201ces una discusi\u00f3n, son propuestas de porcentajes.\u00a0Tambi\u00e9n\u00a0est\u00e1bamos esperando que culminen las paritarias docentes, porque tenemos que ver los porcentajes que se contemplen en los cargos que no son subsidiados, porque estos corren por cuenta de la generaci\u00f3n de recursos generados desde las cuotas\u201d.<\/p>\n\n\n\n<p>\u00a0En cuanto\u00a0a la necesidad de una prueba piloto del regreso a las clases presenciales en instituciones de gesti\u00f3n privada, Gustavo Lezcano detall\u00f3 que \u201clas escuelas se est\u00e1n preparando para ello, estuvimos distribuyendo desde la primera mitad de febrero los elementos, con la entrega de barbijos y elementos indispensables en el protocolo.\u00a0Seguramente la pr\u00f3xima semana estaremos haciendo la simulaci\u00f3n en la escuela\u201d.<\/p>\n\n\n\n<p>Sobre la influencia de la pandemia en la parte educativa privada, explic\u00f3 que \u201cera un escenario nuevo, at\u00edpico que no est\u00e1bamos acostumbrados.\u00a0Primero tratamos de acoplar desde lo pedag\u00f3gico el ciclo 2020-2021, luego la bioseguridad, sanitizaci\u00f3n y preparar la bioseguridad.\u00a0Tambi\u00e9n hubo un esfuerzo en conjunto entre las entidades privadas, porque se hicieron determinadas contenciones, financiamientos y planes de pago\u201d.<\/p>\n\n\n\n<p><\/p>\n","protected":false},"excerpt":{"rendered":"<p>La Asociaci\u00f3n de Institutos Privados de la provincia (AIPEM) hab\u00eda solicitado un incremento del 30%. La resoluci\u00f3n del SPEPM saldr\u00e1 entre hoy y el lunes. A\u00a0menos de dos semanas del inicio de las clases en la provincia, con el sistema de alternancia estudiantil, los colegios de gesti\u00f3n privada esperaban una definici\u00f3n en porcentajes para la [&hellip;]<\/p>\n","protected":false},"author":2,"featured_media":2974,"comment_status":"open","ping_status":"open","sticky":false,"template":"","format":"standard","meta":{"footnotes":""},"categories":[32],"tags":[],"class_list":["post-2973","post","type-post","status-publish","format-standard","has-post-thumbnail","hentry","category-economia"],"yoast_head":"<!-- This site is optimized with the Yoast SEO plugin v27.5 - https:\/\/yoast.com\/product\/yoast-seo-wordpress\/ -->\n<title>Colegios privados de Misiones tendr\u00e1n un techo del 20% en aumento de sus cuotas | CVI NOTICIAS<\/title>\n<meta name=\"robots\" content=\"index, follow, max-snippet:-1, max-image-preview:large, max-video-preview:-1\" \/>\n<link rel=\"canonical\" href=\"https:\/\/cvinoticias.com\/v3\/colegios-privados-de-misiones-tendran-un-techo-del-20-en-aumento-de-sus-cuotas\/\" \/>\n<meta property=\"og:locale\" content=\"es_ES\" \/>\n<meta property=\"og:type\" content=\"article\" \/>\n<meta property=\"og:title\" content=\"Colegios privados de Misiones tendr\u00e1n un techo del 20% en aumento de sus cuotas | CVI NOTICIAS\" \/>\n<meta property=\"og:description\" content=\"La Asociaci\u00f3n de Institutos Privados de la provincia (AIPEM) hab\u00eda solicitado un incremento del 30%. La resoluci\u00f3n del SPEPM saldr\u00e1 entre hoy y el lunes. A\u00a0menos de dos semanas del inicio de las clases en la provincia, con el sistema de alternancia estudiantil, los colegios de gesti\u00f3n privada esperaban una definici\u00f3n en porcentajes para la [&hellip;]\" \/>\n<meta property=\"og:url\" content=\"https:\/\/cvinoticias.com\/v3\/colegios-privados-de-misiones-tendran-un-techo-del-20-en-aumento-de-sus-cuotas\/\" \/>\n<meta property=\"og:site_name\" content=\"CVI NOTICIAS\" \/>\n<meta property=\"article:publisher\" content=\"https:\/\/www.facebook.com\/cvinoticias\" \/>\n<meta property=\"article:published_time\" content=\"2021-02-26T12:27:46+00:00\" \/>\n<meta property=\"og:image\" content=\"https:\/\/cvinoticias.com\/wp-content\/uploads\/2021\/02\/PWTN3XQC7NBIFFM6CF5HKGHXDI.jpg\" \/>\n\t<meta property=\"og:image:width\" content=\"1200\" \/>\n\t<meta property=\"og:image:height\" content=\"900\" \/>\n\t<meta property=\"og:image:type\" content=\"image\/jpeg\" \/>\n<meta name=\"author\" content=\"f1000024\" \/>\n<meta name=\"twitter:card\" content=\"summary_large_image\" \/>\n<meta name=\"twitter:label1\" content=\"Escrito por\" \/>\n\t<meta name=\"twitter:data1\" content=\"f1000024\" \/>\n\t<meta name=\"twitter:label2\" content=\"Tiempo de lectura\" \/>\n\t<meta name=\"twitter:data2\" content=\"2 minutos\" \/>\n<script type=\"application\/ld+json\" class=\"yoast-schema-graph\">{\"@context\":\"https:\\\/\\\/schema.org\",\"@graph\":[{\"@type\":\"Article\",\"@id\":\"https:\\\/\\\/cvinoticias.com\\\/v3\\\/colegios-privados-de-misiones-tendran-un-techo-del-20-en-aumento-de-sus-cuotas\\\/#article\",\"isPartOf\":{\"@id\":\"https:\\\/\\\/cvinoticias.com\\\/v3\\\/colegios-privados-de-misiones-tendran-un-techo-del-20-en-aumento-de-sus-cuotas\\\/\"},\"author\":{\"name\":\"f1000024\",\"@id\":\"https:\\\/\\\/cvinoticias.com\\\/v3\\\/#\\\/schema\\\/person\\\/2db77e3c6bc03c538495d7b2b8be9b66\"},\"headline\":\"Colegios privados de Misiones tendr\u00e1n un techo del 20% en aumento de sus cuotas\",\"datePublished\":\"2021-02-26T12:27:46+00:00\",\"mainEntityOfPage\":{\"@id\":\"https:\\\/\\\/cvinoticias.com\\\/v3\\\/colegios-privados-de-misiones-tendran-un-techo-del-20-en-aumento-de-sus-cuotas\\\/\"},\"wordCount\":458,\"commentCount\":0,\"publisher\":{\"@id\":\"https:\\\/\\\/cvinoticias.com\\\/v3\\\/#organization\"},\"image\":{\"@id\":\"https:\\\/\\\/cvinoticias.com\\\/v3\\\/colegios-privados-de-misiones-tendran-un-techo-del-20-en-aumento-de-sus-cuotas\\\/#primaryimage\"},\"thumbnailUrl\":\"https:\\\/\\\/cvinoticias.com\\\/wp-content\\\/uploads\\\/2021\\\/02\\\/PWTN3XQC7NBIFFM6CF5HKGHXDI.jpg\",\"articleSection\":[\"Econom\u00eda\"],\"inLanguage\":\"es\",\"potentialAction\":[{\"@type\":\"CommentAction\",\"name\":\"Comment\",\"target\":[\"https:\\\/\\\/cvinoticias.com\\\/v3\\\/colegios-privados-de-misiones-tendran-un-techo-del-20-en-aumento-de-sus-cuotas\\\/#respond\"]}]},{\"@type\":\"WebPage\",\"@id\":\"https:\\\/\\\/cvinoticias.com\\\/v3\\\/colegios-privados-de-misiones-tendran-un-techo-del-20-en-aumento-de-sus-cuotas\\\/\",\"url\":\"https:\\\/\\\/cvinoticias.com\\\/v3\\\/colegios-privados-de-misiones-tendran-un-techo-del-20-en-aumento-de-sus-cuotas\\\/\",\"name\":\"Colegios privados de Misiones tendr\u00e1n un techo del 20% en aumento de sus cuotas | CVI NOTICIAS\",\"isPartOf\":{\"@id\":\"https:\\\/\\\/cvinoticias.com\\\/v3\\\/#website\"},\"primaryImageOfPage\":{\"@id\":\"https:\\\/\\\/cvinoticias.com\\\/v3\\\/colegios-privados-de-misiones-tendran-un-techo-del-20-en-aumento-de-sus-cuotas\\\/#primaryimage\"},\"image\":{\"@id\":\"https:\\\/\\\/cvinoticias.com\\\/v3\\\/colegios-privados-de-misiones-tendran-un-techo-del-20-en-aumento-de-sus-cuotas\\\/#primaryimage\"},\"thumbnailUrl\":\"https:\\\/\\\/cvinoticias.com\\\/wp-content\\\/uploads\\\/2021\\\/02\\\/PWTN3XQC7NBIFFM6CF5HKGHXDI.jpg\",\"datePublished\":\"2021-02-26T12:27:46+00:00\",\"breadcrumb\":{\"@id\":\"https:\\\/\\\/cvinoticias.com\\\/v3\\\/colegios-privados-de-misiones-tendran-un-techo-del-20-en-aumento-de-sus-cuotas\\\/#breadcrumb\"},\"inLanguage\":\"es\",\"potentialAction\":[{\"@type\":\"ReadAction\",\"target\":[\"https:\\\/\\\/cvinoticias.com\\\/v3\\\/colegios-privados-de-misiones-tendran-un-techo-del-20-en-aumento-de-sus-cuotas\\\/\"]}]},{\"@type\":\"ImageObject\",\"inLanguage\":\"es\",\"@id\":\"https:\\\/\\\/cvinoticias.com\\\/v3\\\/colegios-privados-de-misiones-tendran-un-techo-del-20-en-aumento-de-sus-cuotas\\\/#primaryimage\",\"url\":\"https:\\\/\\\/cvinoticias.com\\\/wp-content\\\/uploads\\\/2021\\\/02\\\/PWTN3XQC7NBIFFM6CF5HKGHXDI.jpg\",\"contentUrl\":\"https:\\\/\\\/cvinoticias.com\\\/wp-content\\\/uploads\\\/2021\\\/02\\\/PWTN3XQC7NBIFFM6CF5HKGHXDI.jpg\",\"width\":1200,\"height\":900},{\"@type\":\"BreadcrumbList\",\"@id\":\"https:\\\/\\\/cvinoticias.com\\\/v3\\\/colegios-privados-de-misiones-tendran-un-techo-del-20-en-aumento-de-sus-cuotas\\\/#breadcrumb\",\"itemListElement\":[{\"@type\":\"ListItem\",\"position\":1,\"name\":\"Portada\",\"item\":\"https:\\\/\\\/cvinoticias.com\\\/v3\\\/\"},{\"@type\":\"ListItem\",\"position\":2,\"name\":\"Colegios privados de Misiones tendr\u00e1n un techo del 20% en aumento de sus cuotas\"}]},{\"@type\":\"WebSite\",\"@id\":\"https:\\\/\\\/cvinoticias.com\\\/v3\\\/#website\",\"url\":\"https:\\\/\\\/cvinoticias.com\\\/v3\\\/\",\"name\":\"CVI NOTICIAS\",\"description\":\"\",\"publisher\":{\"@id\":\"https:\\\/\\\/cvinoticias.com\\\/v3\\\/#organization\"},\"alternateName\":\"CVI\",\"potentialAction\":[{\"@type\":\"SearchAction\",\"target\":{\"@type\":\"EntryPoint\",\"urlTemplate\":\"https:\\\/\\\/cvinoticias.com\\\/v3\\\/?s={search_term_string}\"},\"query-input\":{\"@type\":\"PropertyValueSpecification\",\"valueRequired\":true,\"valueName\":\"search_term_string\"}}],\"inLanguage\":\"es\"},{\"@type\":\"Organization\",\"@id\":\"https:\\\/\\\/cvinoticias.com\\\/v3\\\/#organization\",\"name\":\"CVI NOTICIAS\",\"url\":\"https:\\\/\\\/cvinoticias.com\\\/v3\\\/\",\"logo\":{\"@type\":\"ImageObject\",\"inLanguage\":\"es\",\"@id\":\"https:\\\/\\\/cvinoticias.com\\\/v3\\\/#\\\/schema\\\/logo\\\/image\\\/\",\"url\":\"https:\\\/\\\/cvinoticias.com\\\/wp-content\\\/uploads\\\/2023\\\/04\\\/cropped-cropped-cropped-cropped-cropped-3-1.png\",\"contentUrl\":\"https:\\\/\\\/cvinoticias.com\\\/wp-content\\\/uploads\\\/2023\\\/04\\\/cropped-cropped-cropped-cropped-cropped-3-1.png\",\"width\":95,\"height\":122,\"caption\":\"CVI NOTICIAS\"},\"image\":{\"@id\":\"https:\\\/\\\/cvinoticias.com\\\/v3\\\/#\\\/schema\\\/logo\\\/image\\\/\"},\"sameAs\":[\"https:\\\/\\\/www.facebook.com\\\/cvinoticias\",\"https:\\\/\\\/www.instagram.com\\\/cvinoticias\\\/\",\"https:\\\/\\\/www.youtube.com\\\/@CVINOTICIAS\"]},{\"@type\":\"Person\",\"@id\":\"https:\\\/\\\/cvinoticias.com\\\/v3\\\/#\\\/schema\\\/person\\\/2db77e3c6bc03c538495d7b2b8be9b66\",\"name\":\"f1000024\",\"image\":{\"@type\":\"ImageObject\",\"inLanguage\":\"es\",\"@id\":\"https:\\\/\\\/secure.gravatar.com\\\/avatar\\\/d4fe7459cfc51ff5129ce1a732bbef5928568b8092d412ef95611616376bbeed?s=96&d=mm&r=g\",\"url\":\"https:\\\/\\\/secure.gravatar.com\\\/avatar\\\/d4fe7459cfc51ff5129ce1a732bbef5928568b8092d412ef95611616376bbeed?s=96&d=mm&r=g\",\"contentUrl\":\"https:\\\/\\\/secure.gravatar.com\\\/avatar\\\/d4fe7459cfc51ff5129ce1a732bbef5928568b8092d412ef95611616376bbeed?s=96&d=mm&r=g\",\"caption\":\"f1000024\"},\"url\":\"https:\\\/\\\/cvinoticias.com\\\/v3\\\/author\\\/f1000024\\\/\"}]}<\/script>\n<!-- \/ Yoast SEO plugin. -->","yoast_head_json":{"title":"Colegios privados de Misiones tendr\u00e1n un techo del 20% en aumento de sus cuotas | CVI NOTICIAS","robots":{"index":"index","follow":"follow","max-snippet":"max-snippet:-1","max-image-preview":"max-image-preview:large","max-video-preview":"max-video-preview:-1"},"canonical":"https:\/\/cvinoticias.com\/v3\/colegios-privados-de-misiones-tendran-un-techo-del-20-en-aumento-de-sus-cuotas\/","og_locale":"es_ES","og_type":"article","og_title":"Colegios privados de Misiones tendr\u00e1n un techo del 20% en aumento de sus cuotas | CVI NOTICIAS","og_description":"La Asociaci\u00f3n de Institutos Privados de la provincia (AIPEM) hab\u00eda solicitado un incremento del 30%. La resoluci\u00f3n del SPEPM saldr\u00e1 entre hoy y el lunes. A\u00a0menos de dos semanas del inicio de las clases en la provincia, con el sistema de alternancia estudiantil, los colegios de gesti\u00f3n privada esperaban una definici\u00f3n en porcentajes para la [&hellip;]","og_url":"https:\/\/cvinoticias.com\/v3\/colegios-privados-de-misiones-tendran-un-techo-del-20-en-aumento-de-sus-cuotas\/","og_site_name":"CVI NOTICIAS","article_publisher":"https:\/\/www.facebook.com\/cvinoticias","article_published_time":"2021-02-26T12:27:46+00:00","og_image":[{"width":1200,"height":900,"url":"https:\/\/cvinoticias.com\/wp-content\/uploads\/2021\/02\/PWTN3XQC7NBIFFM6CF5HKGHXDI.jpg","type":"image\/jpeg"}],"author":"f1000024","twitter_card":"summary_large_image","twitter_misc":{"Escrito por":"f1000024","Tiempo de lectura":"2 minutos"},"schema":{"@context":"https:\/\/schema.org","@graph":[{"@type":"Article","@id":"https:\/\/cvinoticias.com\/v3\/colegios-privados-de-misiones-tendran-un-techo-del-20-en-aumento-de-sus-cuotas\/#article","isPartOf":{"@id":"https:\/\/cvinoticias.com\/v3\/colegios-privados-de-misiones-tendran-un-techo-del-20-en-aumento-de-sus-cuotas\/"},"author":{"name":"f1000024","@id":"https:\/\/cvinoticias.com\/v3\/#\/schema\/person\/2db77e3c6bc03c538495d7b2b8be9b66"},"headline":"Colegios privados de Misiones tendr\u00e1n un techo del 20% en aumento de sus cuotas","datePublished":"2021-02-26T12:27:46+00:00","mainEntityOfPage":{"@id":"https:\/\/cvinoticias.com\/v3\/colegios-privados-de-misiones-tendran-un-techo-del-20-en-aumento-de-sus-cuotas\/"},"wordCount":458,"commentCount":0,"publisher":{"@id":"https:\/\/cvinoticias.com\/v3\/#organization"},"image":{"@id":"https:\/\/cvinoticias.com\/v3\/colegios-privados-de-misiones-tendran-un-techo-del-20-en-aumento-de-sus-cuotas\/#primaryimage"},"thumbnailUrl":"https:\/\/cvinoticias.com\/wp-content\/uploads\/2021\/02\/PWTN3XQC7NBIFFM6CF5HKGHXDI.jpg","articleSection":["Econom\u00eda"],"inLanguage":"es","potentialAction":[{"@type":"CommentAction","name":"Comment","target":["https:\/\/cvinoticias.com\/v3\/colegios-privados-de-misiones-tendran-un-techo-del-20-en-aumento-de-sus-cuotas\/#respond"]}]},{"@type":"WebPage","@id":"https:\/\/cvinoticias.com\/v3\/colegios-privados-de-misiones-tendran-un-techo-del-20-en-aumento-de-sus-cuotas\/","url":"https:\/\/cvinoticias.com\/v3\/colegios-privados-de-misiones-tendran-un-techo-del-20-en-aumento-de-sus-cuotas\/","name":"Colegios privados de Misiones tendr\u00e1n un techo del 20% en aumento de sus cuotas | CVI NOTICIAS","isPartOf":{"@id":"https:\/\/cvinoticias.com\/v3\/#website"},"primaryImageOfPage":{"@id":"https:\/\/cvinoticias.com\/v3\/colegios-privados-de-misiones-tendran-un-techo-del-20-en-aumento-de-sus-cuotas\/#primaryimage"},"image":{"@id":"https:\/\/cvinoticias.com\/v3\/colegios-privados-de-misiones-tendran-un-techo-del-20-en-aumento-de-sus-cuotas\/#primaryimage"},"thumbnailUrl":"https:\/\/cvinoticias.com\/wp-content\/uploads\/2021\/02\/PWTN3XQC7NBIFFM6CF5HKGHXDI.jpg","datePublished":"2021-02-26T12:27:46+00:00","breadcrumb":{"@id":"https:\/\/cvinoticias.com\/v3\/colegios-privados-de-misiones-tendran-un-techo-del-20-en-aumento-de-sus-cuotas\/#breadcrumb"},"inLanguage":"es","potentialAction":[{"@type":"ReadAction","target":["https:\/\/cvinoticias.com\/v3\/colegios-privados-de-misiones-tendran-un-techo-del-20-en-aumento-de-sus-cuotas\/"]}]},{"@type":"ImageObject","inLanguage":"es","@id":"https:\/\/cvinoticias.com\/v3\/colegios-privados-de-misiones-tendran-un-techo-del-20-en-aumento-de-sus-cuotas\/#primaryimage","url":"https:\/\/cvinoticias.com\/wp-content\/uploads\/2021\/02\/PWTN3XQC7NBIFFM6CF5HKGHXDI.jpg","contentUrl":"https:\/\/cvinoticias.com\/wp-content\/uploads\/2021\/02\/PWTN3XQC7NBIFFM6CF5HKGHXDI.jpg","width":1200,"height":900},{"@type":"BreadcrumbList","@id":"https:\/\/cvinoticias.com\/v3\/colegios-privados-de-misiones-tendran-un-techo-del-20-en-aumento-de-sus-cuotas\/#breadcrumb","itemListElement":[{"@type":"ListItem","position":1,"name":"Portada","item":"https:\/\/cvinoticias.com\/v3\/"},{"@type":"ListItem","position":2,"name":"Colegios privados de Misiones tendr\u00e1n un techo del 20% en aumento de sus cuotas"}]},{"@type":"WebSite","@id":"https:\/\/cvinoticias.com\/v3\/#website","url":"https:\/\/cvinoticias.com\/v3\/","name":"CVI NOTICIAS","description":"","publisher":{"@id":"https:\/\/cvinoticias.com\/v3\/#organization"},"alternateName":"CVI","potentialAction":[{"@type":"SearchAction","target":{"@type":"EntryPoint","urlTemplate":"https:\/\/cvinoticias.com\/v3\/?s={search_term_string}"},"query-input":{"@type":"PropertyValueSpecification","valueRequired":true,"valueName":"search_term_string"}}],"inLanguage":"es"},{"@type":"Organization","@id":"https:\/\/cvinoticias.com\/v3\/#organization","name":"CVI NOTICIAS","url":"https:\/\/cvinoticias.com\/v3\/","logo":{"@type":"ImageObject","inLanguage":"es","@id":"https:\/\/cvinoticias.com\/v3\/#\/schema\/logo\/image\/","url":"https:\/\/cvinoticias.com\/wp-content\/uploads\/2023\/04\/cropped-cropped-cropped-cropped-cropped-3-1.png","contentUrl":"https:\/\/cvinoticias.com\/wp-content\/uploads\/2023\/04\/cropped-cropped-cropped-cropped-cropped-3-1.png","width":95,"height":122,"caption":"CVI NOTICIAS"},"image":{"@id":"https:\/\/cvinoticias.com\/v3\/#\/schema\/logo\/image\/"},"sameAs":["https:\/\/www.facebook.com\/cvinoticias","https:\/\/www.instagram.com\/cvinoticias\/","https:\/\/www.youtube.com\/@CVINOTICIAS"]},{"@type":"Person","@id":"https:\/\/cvinoticias.com\/v3\/#\/schema\/person\/2db77e3c6bc03c538495d7b2b8be9b66","name":"f1000024","image":{"@type":"ImageObject","inLanguage":"es","@id":"https:\/\/secure.gravatar.com\/avatar\/d4fe7459cfc51ff5129ce1a732bbef5928568b8092d412ef95611616376bbeed?s=96&d=mm&r=g","url":"https:\/\/secure.gravatar.com\/avatar\/d4fe7459cfc51ff5129ce1a732bbef5928568b8092d412ef95611616376bbeed?s=96&d=mm&r=g","contentUrl":"https:\/\/secure.gravatar.com\/avatar\/d4fe7459cfc51ff5129ce1a732bbef5928568b8092d412ef95611616376bbeed?s=96&d=mm&r=g","caption":"f1000024"},"url":"https:\/\/cvinoticias.com\/v3\/author\/f1000024\/"}]}},"_links":{"self":[{"href":"https:\/\/cvinoticias.com\/v3\/wp-json\/wp\/v2\/posts\/2973","targetHints":{"allow":["GET"]}}],"collection":[{"href":"https:\/\/cvinoticias.com\/v3\/wp-json\/wp\/v2\/posts"}],"about":[{"href":"https:\/\/cvinoticias.com\/v3\/wp-json\/wp\/v2\/types\/post"}],"author":[{"embeddable":true,"href":"https:\/\/cvinoticias.com\/v3\/wp-json\/wp\/v2\/users\/2"}],"replies":[{"embeddable":true,"href":"https:\/\/cvinoticias.com\/v3\/wp-json\/wp\/v2\/comments?post=2973"}],"version-history":[{"count":1,"href":"https:\/\/cvinoticias.com\/v3\/wp-json\/wp\/v2\/posts\/2973\/revisions"}],"predecessor-version":[{"id":2975,"href":"https:\/\/cvinoticias.com\/v3\/wp-json\/wp\/v2\/posts\/2973\/revisions\/2975"}],"wp:featuredmedia":[{"embeddable":true,"href":"https:\/\/cvinoticias.com\/v3\/wp-json\/wp\/v2\/media\/2974"}],"wp:attachment":[{"href":"https:\/\/cvinoticias.com\/v3\/wp-json\/wp\/v2\/media?parent=2973"}],"wp:term":[{"taxonomy":"category","embeddable":true,"href":"https:\/\/cvinoticias.com\/v3\/wp-json\/wp\/v2\/categories?post=2973"},{"taxonomy":"post_tag","embeddable":true,"href":"https:\/\/cvinoticias.com\/v3\/wp-json\/wp\/v2\/tags?post=2973"}],"curies":[{"name":"wp","href":"https:\/\/api.w.org\/{rel}","templated":true}]}}