{"id":29674,"date":"2023-11-06T18:23:22","date_gmt":"2023-11-06T21:23:22","guid":{"rendered":"https:\/\/cvinoticias.com\/v3\/?p=29674"},"modified":"2023-11-06T18:23:22","modified_gmt":"2023-11-06T21:23:22","slug":"nuevos-copagos-en-salud-bioquimicos-anunciaron-que-cobraran-adicionales-a-los-pacientes-de-prepagas","status":"publish","type":"post","link":"https:\/\/cvinoticias.com\/v3\/nuevos-copagos-en-salud-bioquimicos-anunciaron-que-cobraran-adicionales-a-los-pacientes-de-prepagas\/","title":{"rendered":"Nuevos copagos en salud: bioqu\u00edmicos anunciaron que cobrar\u00e1n adicionales a los pacientes de prepagas"},"content":{"rendered":"\n<p><strong><em>Aunque la situaci\u00f3n no es homog\u00e9nea en todo el pa\u00eds, existe un consenso entre los profesionales sobre la necesidad de cobrar un extra.<\/em><\/strong><\/p>\n\n\n\n<p>Los laboratorios de an\u00e1lisis bioqu\u00edmicos de Argentina implementar\u00e1n un copago para usuarios de medicina prepaga de al menos tres mil pesos por los retrasos en los aumentos de las tarifas que las financiadoras de servicios de salud privados pagan a los prestadores. Este bono para los an\u00e1lisis cl\u00ednicos se suma a los que ya abonan los pacientes de prepagas para otras especialidades.<\/p>\n\n\n\n<p>La Confederaci\u00f3n Unificada Bioqu\u00edmica de la Rep\u00fablica Argentina (Cubra) anunci\u00f3 a trav\u00e9s de un comunicado que la decisi\u00f3n de aplicar un cobro extra se dio luego de los fracasos de las negociaciones con los financiadores para que elevaran los valores por sus prestaciones.<\/p>\n\n\n\n<p>Desde la entidad ya hab\u00edan planteado en septiembre la posibilidad de dejar de prestar servicios para prepagas y obras sociales, una medida dr\u00e1stica que fue evitada gracias a la apertura de mesas de negociaci\u00f3n y di\u00e1logo para solucionar el problema. Sin embargo, la cuesti\u00f3n de fondo no se resolvi\u00f3.<\/p>\n\n\n\n<p>Para algunas de las obras sociales sindicales ya rige un bono extra, que fue una decisi\u00f3n unilateral, mientras que a otros afiliados comenzar\u00e1n a afectarlos por primera vez, por encima de los costos que ya afrontan.<\/p>\n\n\n\n<p>El copago de an\u00e1lisis de sangre o cualquier otro estudio de laboratorio se suma a las dem\u00e1s especialidades m\u00e9dicas que abonan un canon particular para atenderse, tanto con prepagas como con obras sociales. Se trata de una respuesta directa a la creciente brecha entre los costos operativos y los aranceles percibidos por los profesionales del sector.<\/p>\n\n\n\n<p>Aunque la situaci\u00f3n no es homog\u00e9nea en todo el pa\u00eds, existe un consenso entre los bioqu\u00edmicos de todo el territorio nacional sobre la necesidad de un copago que compense la diferencia entre lo que consideran una remuneraci\u00f3n justa y los aranceles que actualmente perciben.<\/p>\n\n\n\n<p>Representantes de Cubra y de otras entidades se reunieron el jueves de la semana pasada con Sonia Tarragona, jefa de Gabinete del Ministerio de Salud de la Naci\u00f3n, para discutir sobre \u00abla dif\u00edcil situaci\u00f3n econ\u00f3mica que enfrenta el sector de la salud\u00bb.<\/p>\n\n\n\n<p>En un comunicado publicado tras esa reuni\u00f3n, desde Cubra denunciaron un \u00abaumento excesivo de los insumos, que en algunos casos ha alcanzado hasta un 400%, sin regulaci\u00f3n alguna\u00bb, una situaci\u00f3n que ha \u00abdificultado las negociaciones para lograr un aumento en los aranceles\u00bb.<\/p>\n\n\n\n<p>Adem\u00e1s, durante el encuentro \u00abse enfatiz\u00f3 que el \u00edndice de costos en salud establecido por resoluci\u00f3n ministerial y regulado por la Superintendencia de Servicios de Salud no refleja ni representa los aumentos que el sector ha experimentado\u00bb.<\/p>\n","protected":false},"excerpt":{"rendered":"<p>Aunque la situaci\u00f3n no es homog\u00e9nea en todo el pa\u00eds, existe un consenso entre los profesionales sobre la necesidad de cobrar un extra. Los laboratorios de an\u00e1lisis bioqu\u00edmicos de Argentina implementar\u00e1n un copago para usuarios de medicina prepaga de al menos tres mil pesos por los retrasos en los aumentos de las tarifas que las [&hellip;]<\/p>\n","protected":false},"author":2,"featured_media":29675,"comment_status":"open","ping_status":"open","sticky":false,"template":"","format":"standard","meta":{"footnotes":""},"categories":[35],"tags":[],"class_list":["post-29674","post","type-post","status-publish","format-standard","has-post-thumbnail","hentry","category-informacion-general"],"yoast_head":"<!-- This site is optimized with the Yoast SEO plugin v27.4 - https:\/\/yoast.com\/product\/yoast-seo-wordpress\/ -->\n<title>Nuevos copagos en salud: bioqu\u00edmicos anunciaron que cobrar\u00e1n adicionales a los pacientes de prepagas | CVI NOTICIAS<\/title>\n<meta name=\"robots\" content=\"index, follow, max-snippet:-1, max-image-preview:large, max-video-preview:-1\" \/>\n<link rel=\"canonical\" href=\"https:\/\/cvinoticias.com\/v3\/nuevos-copagos-en-salud-bioquimicos-anunciaron-que-cobraran-adicionales-a-los-pacientes-de-prepagas\/\" \/>\n<meta property=\"og:locale\" content=\"es_ES\" \/>\n<meta property=\"og:type\" content=\"article\" \/>\n<meta property=\"og:title\" content=\"Nuevos copagos en salud: bioqu\u00edmicos anunciaron que cobrar\u00e1n adicionales a los pacientes de prepagas | CVI NOTICIAS\" \/>\n<meta property=\"og:description\" content=\"Aunque la situaci\u00f3n no es homog\u00e9nea en todo el pa\u00eds, existe un consenso entre los profesionales sobre la necesidad de cobrar un extra. Los laboratorios de an\u00e1lisis bioqu\u00edmicos de Argentina implementar\u00e1n un copago para usuarios de medicina prepaga de al menos tres mil pesos por los retrasos en los aumentos de las tarifas que las [&hellip;]\" \/>\n<meta property=\"og:url\" content=\"https:\/\/cvinoticias.com\/v3\/nuevos-copagos-en-salud-bioquimicos-anunciaron-que-cobraran-adicionales-a-los-pacientes-de-prepagas\/\" \/>\n<meta property=\"og:site_name\" content=\"CVI NOTICIAS\" \/>\n<meta property=\"article:publisher\" content=\"https:\/\/www.facebook.com\/cvinoticias\" \/>\n<meta property=\"article:published_time\" content=\"2023-11-06T21:23:22+00:00\" \/>\n<meta property=\"og:image\" content=\"https:\/\/cvinoticias.com\/wp-content\/uploads\/2023\/11\/anxlisis.jpg_529145118.jpg\" \/>\n\t<meta property=\"og:image:width\" content=\"368\" \/>\n\t<meta property=\"og:image:height\" content=\"207\" \/>\n\t<meta property=\"og:image:type\" content=\"image\/jpeg\" \/>\n<meta name=\"author\" content=\"f1000024\" \/>\n<meta name=\"twitter:card\" content=\"summary_large_image\" \/>\n<meta name=\"twitter:label1\" content=\"Escrito por\" \/>\n\t<meta name=\"twitter:data1\" content=\"f1000024\" \/>\n\t<meta name=\"twitter:label2\" content=\"Tiempo de lectura\" \/>\n\t<meta name=\"twitter:data2\" content=\"2 minutos\" \/>\n<script type=\"application\/ld+json\" class=\"yoast-schema-graph\">{\"@context\":\"https:\\\/\\\/schema.org\",\"@graph\":[{\"@type\":\"Article\",\"@id\":\"https:\\\/\\\/cvinoticias.com\\\/v3\\\/nuevos-copagos-en-salud-bioquimicos-anunciaron-que-cobraran-adicionales-a-los-pacientes-de-prepagas\\\/#article\",\"isPartOf\":{\"@id\":\"https:\\\/\\\/cvinoticias.com\\\/v3\\\/nuevos-copagos-en-salud-bioquimicos-anunciaron-que-cobraran-adicionales-a-los-pacientes-de-prepagas\\\/\"},\"author\":{\"name\":\"f1000024\",\"@id\":\"https:\\\/\\\/cvinoticias.com\\\/v3\\\/#\\\/schema\\\/person\\\/2db77e3c6bc03c538495d7b2b8be9b66\"},\"headline\":\"Nuevos copagos en salud: bioqu\u00edmicos anunciaron que cobrar\u00e1n adicionales a los pacientes de prepagas\",\"datePublished\":\"2023-11-06T21:23:22+00:00\",\"mainEntityOfPage\":{\"@id\":\"https:\\\/\\\/cvinoticias.com\\\/v3\\\/nuevos-copagos-en-salud-bioquimicos-anunciaron-que-cobraran-adicionales-a-los-pacientes-de-prepagas\\\/\"},\"wordCount\":486,\"commentCount\":0,\"publisher\":{\"@id\":\"https:\\\/\\\/cvinoticias.com\\\/v3\\\/#organization\"},\"image\":{\"@id\":\"https:\\\/\\\/cvinoticias.com\\\/v3\\\/nuevos-copagos-en-salud-bioquimicos-anunciaron-que-cobraran-adicionales-a-los-pacientes-de-prepagas\\\/#primaryimage\"},\"thumbnailUrl\":\"https:\\\/\\\/cvinoticias.com\\\/wp-content\\\/uploads\\\/2023\\\/11\\\/anxlisis.jpg_529145118.jpg\",\"articleSection\":[\"Informaci\u00f3n General\"],\"inLanguage\":\"es\",\"potentialAction\":[{\"@type\":\"CommentAction\",\"name\":\"Comment\",\"target\":[\"https:\\\/\\\/cvinoticias.com\\\/v3\\\/nuevos-copagos-en-salud-bioquimicos-anunciaron-que-cobraran-adicionales-a-los-pacientes-de-prepagas\\\/#respond\"]}]},{\"@type\":\"WebPage\",\"@id\":\"https:\\\/\\\/cvinoticias.com\\\/v3\\\/nuevos-copagos-en-salud-bioquimicos-anunciaron-que-cobraran-adicionales-a-los-pacientes-de-prepagas\\\/\",\"url\":\"https:\\\/\\\/cvinoticias.com\\\/v3\\\/nuevos-copagos-en-salud-bioquimicos-anunciaron-que-cobraran-adicionales-a-los-pacientes-de-prepagas\\\/\",\"name\":\"Nuevos copagos en salud: bioqu\u00edmicos anunciaron que cobrar\u00e1n adicionales a los pacientes de prepagas | CVI NOTICIAS\",\"isPartOf\":{\"@id\":\"https:\\\/\\\/cvinoticias.com\\\/v3\\\/#website\"},\"primaryImageOfPage\":{\"@id\":\"https:\\\/\\\/cvinoticias.com\\\/v3\\\/nuevos-copagos-en-salud-bioquimicos-anunciaron-que-cobraran-adicionales-a-los-pacientes-de-prepagas\\\/#primaryimage\"},\"image\":{\"@id\":\"https:\\\/\\\/cvinoticias.com\\\/v3\\\/nuevos-copagos-en-salud-bioquimicos-anunciaron-que-cobraran-adicionales-a-los-pacientes-de-prepagas\\\/#primaryimage\"},\"thumbnailUrl\":\"https:\\\/\\\/cvinoticias.com\\\/wp-content\\\/uploads\\\/2023\\\/11\\\/anxlisis.jpg_529145118.jpg\",\"datePublished\":\"2023-11-06T21:23:22+00:00\",\"breadcrumb\":{\"@id\":\"https:\\\/\\\/cvinoticias.com\\\/v3\\\/nuevos-copagos-en-salud-bioquimicos-anunciaron-que-cobraran-adicionales-a-los-pacientes-de-prepagas\\\/#breadcrumb\"},\"inLanguage\":\"es\",\"potentialAction\":[{\"@type\":\"ReadAction\",\"target\":[\"https:\\\/\\\/cvinoticias.com\\\/v3\\\/nuevos-copagos-en-salud-bioquimicos-anunciaron-que-cobraran-adicionales-a-los-pacientes-de-prepagas\\\/\"]}]},{\"@type\":\"ImageObject\",\"inLanguage\":\"es\",\"@id\":\"https:\\\/\\\/cvinoticias.com\\\/v3\\\/nuevos-copagos-en-salud-bioquimicos-anunciaron-que-cobraran-adicionales-a-los-pacientes-de-prepagas\\\/#primaryimage\",\"url\":\"https:\\\/\\\/cvinoticias.com\\\/wp-content\\\/uploads\\\/2023\\\/11\\\/anxlisis.jpg_529145118.jpg\",\"contentUrl\":\"https:\\\/\\\/cvinoticias.com\\\/wp-content\\\/uploads\\\/2023\\\/11\\\/anxlisis.jpg_529145118.jpg\",\"width\":368,\"height\":207},{\"@type\":\"BreadcrumbList\",\"@id\":\"https:\\\/\\\/cvinoticias.com\\\/v3\\\/nuevos-copagos-en-salud-bioquimicos-anunciaron-que-cobraran-adicionales-a-los-pacientes-de-prepagas\\\/#breadcrumb\",\"itemListElement\":[{\"@type\":\"ListItem\",\"position\":1,\"name\":\"Portada\",\"item\":\"https:\\\/\\\/cvinoticias.com\\\/v3\\\/\"},{\"@type\":\"ListItem\",\"position\":2,\"name\":\"Nuevos copagos en salud: bioqu\u00edmicos anunciaron que cobrar\u00e1n adicionales a los pacientes de prepagas\"}]},{\"@type\":\"WebSite\",\"@id\":\"https:\\\/\\\/cvinoticias.com\\\/v3\\\/#website\",\"url\":\"https:\\\/\\\/cvinoticias.com\\\/v3\\\/\",\"name\":\"CVI NOTICIAS\",\"description\":\"\",\"publisher\":{\"@id\":\"https:\\\/\\\/cvinoticias.com\\\/v3\\\/#organization\"},\"alternateName\":\"CVI\",\"potentialAction\":[{\"@type\":\"SearchAction\",\"target\":{\"@type\":\"EntryPoint\",\"urlTemplate\":\"https:\\\/\\\/cvinoticias.com\\\/v3\\\/?s={search_term_string}\"},\"query-input\":{\"@type\":\"PropertyValueSpecification\",\"valueRequired\":true,\"valueName\":\"search_term_string\"}}],\"inLanguage\":\"es\"},{\"@type\":\"Organization\",\"@id\":\"https:\\\/\\\/cvinoticias.com\\\/v3\\\/#organization\",\"name\":\"CVI NOTICIAS\",\"url\":\"https:\\\/\\\/cvinoticias.com\\\/v3\\\/\",\"logo\":{\"@type\":\"ImageObject\",\"inLanguage\":\"es\",\"@id\":\"https:\\\/\\\/cvinoticias.com\\\/v3\\\/#\\\/schema\\\/logo\\\/image\\\/\",\"url\":\"https:\\\/\\\/cvinoticias.com\\\/wp-content\\\/uploads\\\/2023\\\/04\\\/cropped-cropped-cropped-cropped-cropped-3-1.png\",\"contentUrl\":\"https:\\\/\\\/cvinoticias.com\\\/wp-content\\\/uploads\\\/2023\\\/04\\\/cropped-cropped-cropped-cropped-cropped-3-1.png\",\"width\":95,\"height\":122,\"caption\":\"CVI NOTICIAS\"},\"image\":{\"@id\":\"https:\\\/\\\/cvinoticias.com\\\/v3\\\/#\\\/schema\\\/logo\\\/image\\\/\"},\"sameAs\":[\"https:\\\/\\\/www.facebook.com\\\/cvinoticias\",\"https:\\\/\\\/www.instagram.com\\\/cvinoticias\\\/\",\"https:\\\/\\\/www.youtube.com\\\/@CVINOTICIAS\"]},{\"@type\":\"Person\",\"@id\":\"https:\\\/\\\/cvinoticias.com\\\/v3\\\/#\\\/schema\\\/person\\\/2db77e3c6bc03c538495d7b2b8be9b66\",\"name\":\"f1000024\",\"image\":{\"@type\":\"ImageObject\",\"inLanguage\":\"es\",\"@id\":\"https:\\\/\\\/secure.gravatar.com\\\/avatar\\\/d4fe7459cfc51ff5129ce1a732bbef5928568b8092d412ef95611616376bbeed?s=96&d=mm&r=g\",\"url\":\"https:\\\/\\\/secure.gravatar.com\\\/avatar\\\/d4fe7459cfc51ff5129ce1a732bbef5928568b8092d412ef95611616376bbeed?s=96&d=mm&r=g\",\"contentUrl\":\"https:\\\/\\\/secure.gravatar.com\\\/avatar\\\/d4fe7459cfc51ff5129ce1a732bbef5928568b8092d412ef95611616376bbeed?s=96&d=mm&r=g\",\"caption\":\"f1000024\"},\"url\":\"https:\\\/\\\/cvinoticias.com\\\/v3\\\/author\\\/f1000024\\\/\"}]}<\/script>\n<!-- \/ Yoast SEO plugin. -->","yoast_head_json":{"title":"Nuevos copagos en salud: bioqu\u00edmicos anunciaron que cobrar\u00e1n adicionales a los pacientes de prepagas | CVI NOTICIAS","robots":{"index":"index","follow":"follow","max-snippet":"max-snippet:-1","max-image-preview":"max-image-preview:large","max-video-preview":"max-video-preview:-1"},"canonical":"https:\/\/cvinoticias.com\/v3\/nuevos-copagos-en-salud-bioquimicos-anunciaron-que-cobraran-adicionales-a-los-pacientes-de-prepagas\/","og_locale":"es_ES","og_type":"article","og_title":"Nuevos copagos en salud: bioqu\u00edmicos anunciaron que cobrar\u00e1n adicionales a los pacientes de prepagas | CVI NOTICIAS","og_description":"Aunque la situaci\u00f3n no es homog\u00e9nea en todo el pa\u00eds, existe un consenso entre los profesionales sobre la necesidad de cobrar un extra. Los laboratorios de an\u00e1lisis bioqu\u00edmicos de Argentina implementar\u00e1n un copago para usuarios de medicina prepaga de al menos tres mil pesos por los retrasos en los aumentos de las tarifas que las [&hellip;]","og_url":"https:\/\/cvinoticias.com\/v3\/nuevos-copagos-en-salud-bioquimicos-anunciaron-que-cobraran-adicionales-a-los-pacientes-de-prepagas\/","og_site_name":"CVI NOTICIAS","article_publisher":"https:\/\/www.facebook.com\/cvinoticias","article_published_time":"2023-11-06T21:23:22+00:00","og_image":[{"width":368,"height":207,"url":"https:\/\/cvinoticias.com\/wp-content\/uploads\/2023\/11\/anxlisis.jpg_529145118.jpg","type":"image\/jpeg"}],"author":"f1000024","twitter_card":"summary_large_image","twitter_misc":{"Escrito por":"f1000024","Tiempo de lectura":"2 minutos"},"schema":{"@context":"https:\/\/schema.org","@graph":[{"@type":"Article","@id":"https:\/\/cvinoticias.com\/v3\/nuevos-copagos-en-salud-bioquimicos-anunciaron-que-cobraran-adicionales-a-los-pacientes-de-prepagas\/#article","isPartOf":{"@id":"https:\/\/cvinoticias.com\/v3\/nuevos-copagos-en-salud-bioquimicos-anunciaron-que-cobraran-adicionales-a-los-pacientes-de-prepagas\/"},"author":{"name":"f1000024","@id":"https:\/\/cvinoticias.com\/v3\/#\/schema\/person\/2db77e3c6bc03c538495d7b2b8be9b66"},"headline":"Nuevos copagos en salud: bioqu\u00edmicos anunciaron que cobrar\u00e1n adicionales a los pacientes de prepagas","datePublished":"2023-11-06T21:23:22+00:00","mainEntityOfPage":{"@id":"https:\/\/cvinoticias.com\/v3\/nuevos-copagos-en-salud-bioquimicos-anunciaron-que-cobraran-adicionales-a-los-pacientes-de-prepagas\/"},"wordCount":486,"commentCount":0,"publisher":{"@id":"https:\/\/cvinoticias.com\/v3\/#organization"},"image":{"@id":"https:\/\/cvinoticias.com\/v3\/nuevos-copagos-en-salud-bioquimicos-anunciaron-que-cobraran-adicionales-a-los-pacientes-de-prepagas\/#primaryimage"},"thumbnailUrl":"https:\/\/cvinoticias.com\/wp-content\/uploads\/2023\/11\/anxlisis.jpg_529145118.jpg","articleSection":["Informaci\u00f3n General"],"inLanguage":"es","potentialAction":[{"@type":"CommentAction","name":"Comment","target":["https:\/\/cvinoticias.com\/v3\/nuevos-copagos-en-salud-bioquimicos-anunciaron-que-cobraran-adicionales-a-los-pacientes-de-prepagas\/#respond"]}]},{"@type":"WebPage","@id":"https:\/\/cvinoticias.com\/v3\/nuevos-copagos-en-salud-bioquimicos-anunciaron-que-cobraran-adicionales-a-los-pacientes-de-prepagas\/","url":"https:\/\/cvinoticias.com\/v3\/nuevos-copagos-en-salud-bioquimicos-anunciaron-que-cobraran-adicionales-a-los-pacientes-de-prepagas\/","name":"Nuevos copagos en salud: bioqu\u00edmicos anunciaron que cobrar\u00e1n adicionales a los pacientes de prepagas | CVI NOTICIAS","isPartOf":{"@id":"https:\/\/cvinoticias.com\/v3\/#website"},"primaryImageOfPage":{"@id":"https:\/\/cvinoticias.com\/v3\/nuevos-copagos-en-salud-bioquimicos-anunciaron-que-cobraran-adicionales-a-los-pacientes-de-prepagas\/#primaryimage"},"image":{"@id":"https:\/\/cvinoticias.com\/v3\/nuevos-copagos-en-salud-bioquimicos-anunciaron-que-cobraran-adicionales-a-los-pacientes-de-prepagas\/#primaryimage"},"thumbnailUrl":"https:\/\/cvinoticias.com\/wp-content\/uploads\/2023\/11\/anxlisis.jpg_529145118.jpg","datePublished":"2023-11-06T21:23:22+00:00","breadcrumb":{"@id":"https:\/\/cvinoticias.com\/v3\/nuevos-copagos-en-salud-bioquimicos-anunciaron-que-cobraran-adicionales-a-los-pacientes-de-prepagas\/#breadcrumb"},"inLanguage":"es","potentialAction":[{"@type":"ReadAction","target":["https:\/\/cvinoticias.com\/v3\/nuevos-copagos-en-salud-bioquimicos-anunciaron-que-cobraran-adicionales-a-los-pacientes-de-prepagas\/"]}]},{"@type":"ImageObject","inLanguage":"es","@id":"https:\/\/cvinoticias.com\/v3\/nuevos-copagos-en-salud-bioquimicos-anunciaron-que-cobraran-adicionales-a-los-pacientes-de-prepagas\/#primaryimage","url":"https:\/\/cvinoticias.com\/wp-content\/uploads\/2023\/11\/anxlisis.jpg_529145118.jpg","contentUrl":"https:\/\/cvinoticias.com\/wp-content\/uploads\/2023\/11\/anxlisis.jpg_529145118.jpg","width":368,"height":207},{"@type":"BreadcrumbList","@id":"https:\/\/cvinoticias.com\/v3\/nuevos-copagos-en-salud-bioquimicos-anunciaron-que-cobraran-adicionales-a-los-pacientes-de-prepagas\/#breadcrumb","itemListElement":[{"@type":"ListItem","position":1,"name":"Portada","item":"https:\/\/cvinoticias.com\/v3\/"},{"@type":"ListItem","position":2,"name":"Nuevos copagos en salud: bioqu\u00edmicos anunciaron que cobrar\u00e1n adicionales a los pacientes de prepagas"}]},{"@type":"WebSite","@id":"https:\/\/cvinoticias.com\/v3\/#website","url":"https:\/\/cvinoticias.com\/v3\/","name":"CVI NOTICIAS","description":"","publisher":{"@id":"https:\/\/cvinoticias.com\/v3\/#organization"},"alternateName":"CVI","potentialAction":[{"@type":"SearchAction","target":{"@type":"EntryPoint","urlTemplate":"https:\/\/cvinoticias.com\/v3\/?s={search_term_string}"},"query-input":{"@type":"PropertyValueSpecification","valueRequired":true,"valueName":"search_term_string"}}],"inLanguage":"es"},{"@type":"Organization","@id":"https:\/\/cvinoticias.com\/v3\/#organization","name":"CVI NOTICIAS","url":"https:\/\/cvinoticias.com\/v3\/","logo":{"@type":"ImageObject","inLanguage":"es","@id":"https:\/\/cvinoticias.com\/v3\/#\/schema\/logo\/image\/","url":"https:\/\/cvinoticias.com\/wp-content\/uploads\/2023\/04\/cropped-cropped-cropped-cropped-cropped-3-1.png","contentUrl":"https:\/\/cvinoticias.com\/wp-content\/uploads\/2023\/04\/cropped-cropped-cropped-cropped-cropped-3-1.png","width":95,"height":122,"caption":"CVI NOTICIAS"},"image":{"@id":"https:\/\/cvinoticias.com\/v3\/#\/schema\/logo\/image\/"},"sameAs":["https:\/\/www.facebook.com\/cvinoticias","https:\/\/www.instagram.com\/cvinoticias\/","https:\/\/www.youtube.com\/@CVINOTICIAS"]},{"@type":"Person","@id":"https:\/\/cvinoticias.com\/v3\/#\/schema\/person\/2db77e3c6bc03c538495d7b2b8be9b66","name":"f1000024","image":{"@type":"ImageObject","inLanguage":"es","@id":"https:\/\/secure.gravatar.com\/avatar\/d4fe7459cfc51ff5129ce1a732bbef5928568b8092d412ef95611616376bbeed?s=96&d=mm&r=g","url":"https:\/\/secure.gravatar.com\/avatar\/d4fe7459cfc51ff5129ce1a732bbef5928568b8092d412ef95611616376bbeed?s=96&d=mm&r=g","contentUrl":"https:\/\/secure.gravatar.com\/avatar\/d4fe7459cfc51ff5129ce1a732bbef5928568b8092d412ef95611616376bbeed?s=96&d=mm&r=g","caption":"f1000024"},"url":"https:\/\/cvinoticias.com\/v3\/author\/f1000024\/"}]}},"_links":{"self":[{"href":"https:\/\/cvinoticias.com\/v3\/wp-json\/wp\/v2\/posts\/29674","targetHints":{"allow":["GET"]}}],"collection":[{"href":"https:\/\/cvinoticias.com\/v3\/wp-json\/wp\/v2\/posts"}],"about":[{"href":"https:\/\/cvinoticias.com\/v3\/wp-json\/wp\/v2\/types\/post"}],"author":[{"embeddable":true,"href":"https:\/\/cvinoticias.com\/v3\/wp-json\/wp\/v2\/users\/2"}],"replies":[{"embeddable":true,"href":"https:\/\/cvinoticias.com\/v3\/wp-json\/wp\/v2\/comments?post=29674"}],"version-history":[{"count":1,"href":"https:\/\/cvinoticias.com\/v3\/wp-json\/wp\/v2\/posts\/29674\/revisions"}],"predecessor-version":[{"id":29676,"href":"https:\/\/cvinoticias.com\/v3\/wp-json\/wp\/v2\/posts\/29674\/revisions\/29676"}],"wp:featuredmedia":[{"embeddable":true,"href":"https:\/\/cvinoticias.com\/v3\/wp-json\/wp\/v2\/media\/29675"}],"wp:attachment":[{"href":"https:\/\/cvinoticias.com\/v3\/wp-json\/wp\/v2\/media?parent=29674"}],"wp:term":[{"taxonomy":"category","embeddable":true,"href":"https:\/\/cvinoticias.com\/v3\/wp-json\/wp\/v2\/categories?post=29674"},{"taxonomy":"post_tag","embeddable":true,"href":"https:\/\/cvinoticias.com\/v3\/wp-json\/wp\/v2\/tags?post=29674"}],"curies":[{"name":"wp","href":"https:\/\/api.w.org\/{rel}","templated":true}]}}