{"id":29643,"date":"2023-11-06T05:10:53","date_gmt":"2023-11-06T08:10:53","guid":{"rendered":"https:\/\/cvinoticias.com\/v3\/?p=29643"},"modified":"2023-11-06T05:12:34","modified_gmt":"2023-11-06T08:12:34","slug":"dia-de-los-parques-nacionales-hace-120-anos-una-donacion-marcaba-el-futuro-de-las-reservas-naturales","status":"publish","type":"post","link":"https:\/\/cvinoticias.com\/v3\/dia-de-los-parques-nacionales-hace-120-anos-una-donacion-marcaba-el-futuro-de-las-reservas-naturales\/","title":{"rendered":"D\u00eda de los Parques Nacionales: hace 120 a\u00f1os, una donaci\u00f3n marcaba el futuro de las reservas naturales"},"content":{"rendered":"\n<p><strong><em>Se celebra el D\u00eda Nacional de los Parques Nacionales en conmemoraci\u00f3n de la fecha de 1903 en la que el explorador y ge\u00f3grafo Francisco Moreno don\u00f3 extensos terrenos al estado para la creaci\u00f3n de reservas naturales.<\/em><\/strong><\/p>\n\n\n\n<p>Aquel 6 de noviembre, hace 120 a\u00f1os, Francisco Moreno cedi\u00f3 a la Argentina tres leguas cuadradas de su propiedad, en las cercan\u00edas de la Laguna Fr\u00edas y Puerto Blest, al oeste del lago Nahuel Huapi. El cient\u00edfico, naturalista, bot\u00e1nico y ge\u00f3grafo don\u00f3 las tierras con el fin de que fueran \u201cconsagradas como parque p\u00fablico natural\u201d, seg\u00fan explica el Ministerio de Cultura de la Naci\u00f3n.<\/p>\n\n\n\n<figure class=\"wp-block-image size-full\"><a href=\"https:\/\/cvinoticias.com\/wp-content\/uploads\/2023\/11\/tu-parque-nacional-iguazu-01-1024x680-1.jpg\"><img decoding=\"async\" width=\"1024\" height=\"680\" data-src=\"https:\/\/cvinoticias.com\/wp-content\/uploads\/2023\/11\/tu-parque-nacional-iguazu-01-1024x680-1.jpg\" alt=\"\" class=\"wp-image-29645 lazyload\" data-srcset=\"https:\/\/cvinoticias.com\/wp-content\/uploads\/2023\/11\/tu-parque-nacional-iguazu-01-1024x680-1.jpg 1024w, https:\/\/cvinoticias.com\/wp-content\/uploads\/2023\/11\/tu-parque-nacional-iguazu-01-1024x680-1-300x199.jpg 300w, https:\/\/cvinoticias.com\/wp-content\/uploads\/2023\/11\/tu-parque-nacional-iguazu-01-1024x680-1-768x510.jpg 768w\" data-sizes=\"(max-width: 1024px) 100vw, 1024px\" src=\"data:image\/svg+xml;base64,PHN2ZyB3aWR0aD0iMSIgaGVpZ2h0PSIxIiB4bWxucz0iaHR0cDovL3d3dy53My5vcmcvMjAwMC9zdmciPjwvc3ZnPg==\" style=\"--smush-placeholder-width: 1024px; --smush-placeholder-aspect-ratio: 1024\/680;\" \/><\/a><\/figure>\n\n\n\n<p>As\u00ed fue como se origin\u00f3 el n\u00facleo primitivo de las \u00e1reas protegidas nacionales, conocido como el \u201cParque Nacional del Sur\u201d, que 31 a\u00f1os m\u00e1s tarde se bautizar\u00eda como el Parque Nacional Nahuel Huapi.<\/p>\n\n\n\n<p>Los Parques Nacionales, explica el ministerio, \u201cson \u00e1reas protegidas que cumplen funciones de relevancia en la conservaci\u00f3n de recursos naturales y culturales.\u201d<\/p>\n","protected":false},"excerpt":{"rendered":"<p>Se celebra el D\u00eda Nacional de los Parques Nacionales en conmemoraci\u00f3n de la fecha de 1903 en la que el explorador y ge\u00f3grafo Francisco Moreno don\u00f3 extensos terrenos al estado para la creaci\u00f3n de reservas naturales. Aquel 6 de noviembre, hace 120 a\u00f1os, Francisco Moreno cedi\u00f3 a la Argentina tres leguas cuadradas de su propiedad, [&hellip;]<\/p>\n","protected":false},"author":2,"featured_media":29644,"comment_status":"open","ping_status":"open","sticky":false,"template":"","format":"standard","meta":{"footnotes":""},"categories":[35],"tags":[],"class_list":["post-29643","post","type-post","status-publish","format-standard","has-post-thumbnail","hentry","category-informacion-general"],"yoast_head":"<!-- This site is optimized with the Yoast SEO plugin v27.4 - https:\/\/yoast.com\/product\/yoast-seo-wordpress\/ -->\n<title>D\u00eda de los Parques Nacionales: hace 120 a\u00f1os, una donaci\u00f3n marcaba el futuro de las reservas naturales | CVI NOTICIAS<\/title>\n<meta name=\"robots\" content=\"index, follow, max-snippet:-1, max-image-preview:large, max-video-preview:-1\" \/>\n<link rel=\"canonical\" href=\"https:\/\/cvinoticias.com\/v3\/dia-de-los-parques-nacionales-hace-120-anos-una-donacion-marcaba-el-futuro-de-las-reservas-naturales\/\" \/>\n<meta property=\"og:locale\" content=\"es_ES\" \/>\n<meta property=\"og:type\" content=\"article\" \/>\n<meta property=\"og:title\" content=\"D\u00eda de los Parques Nacionales: hace 120 a\u00f1os, una donaci\u00f3n marcaba el futuro de las reservas naturales | CVI NOTICIAS\" \/>\n<meta property=\"og:description\" content=\"Se celebra el D\u00eda Nacional de los Parques Nacionales en conmemoraci\u00f3n de la fecha de 1903 en la que el explorador y ge\u00f3grafo Francisco Moreno don\u00f3 extensos terrenos al estado para la creaci\u00f3n de reservas naturales. Aquel 6 de noviembre, hace 120 a\u00f1os, Francisco Moreno cedi\u00f3 a la Argentina tres leguas cuadradas de su propiedad, [&hellip;]\" \/>\n<meta property=\"og:url\" content=\"https:\/\/cvinoticias.com\/v3\/dia-de-los-parques-nacionales-hace-120-anos-una-donacion-marcaba-el-futuro-de-las-reservas-naturales\/\" \/>\n<meta property=\"og:site_name\" content=\"CVI NOTICIAS\" \/>\n<meta property=\"article:publisher\" content=\"https:\/\/www.facebook.com\/cvinoticias\" \/>\n<meta property=\"article:published_time\" content=\"2023-11-06T08:10:53+00:00\" \/>\n<meta property=\"article:modified_time\" content=\"2023-11-06T08:12:34+00:00\" \/>\n<meta property=\"og:image\" content=\"https:\/\/cvinoticias.com\/wp-content\/uploads\/2023\/11\/IMG_8956-1-scaled.jpg\" \/>\n\t<meta property=\"og:image:width\" content=\"2560\" \/>\n\t<meta property=\"og:image:height\" content=\"1920\" \/>\n\t<meta property=\"og:image:type\" content=\"image\/jpeg\" \/>\n<meta name=\"author\" content=\"f1000024\" \/>\n<meta name=\"twitter:card\" content=\"summary_large_image\" \/>\n<meta name=\"twitter:label1\" content=\"Escrito por\" \/>\n\t<meta name=\"twitter:data1\" content=\"f1000024\" \/>\n\t<meta name=\"twitter:label2\" content=\"Tiempo de lectura\" \/>\n\t<meta name=\"twitter:data2\" content=\"1 minuto\" \/>\n<script type=\"application\/ld+json\" class=\"yoast-schema-graph\">{\"@context\":\"https:\\\/\\\/schema.org\",\"@graph\":[{\"@type\":\"Article\",\"@id\":\"https:\\\/\\\/cvinoticias.com\\\/v3\\\/dia-de-los-parques-nacionales-hace-120-anos-una-donacion-marcaba-el-futuro-de-las-reservas-naturales\\\/#article\",\"isPartOf\":{\"@id\":\"https:\\\/\\\/cvinoticias.com\\\/v3\\\/dia-de-los-parques-nacionales-hace-120-anos-una-donacion-marcaba-el-futuro-de-las-reservas-naturales\\\/\"},\"author\":{\"name\":\"f1000024\",\"@id\":\"https:\\\/\\\/cvinoticias.com\\\/v3\\\/#\\\/schema\\\/person\\\/2db77e3c6bc03c538495d7b2b8be9b66\"},\"headline\":\"D\u00eda de los Parques Nacionales: hace 120 a\u00f1os, una donaci\u00f3n marcaba el futuro de las reservas naturales\",\"datePublished\":\"2023-11-06T08:10:53+00:00\",\"dateModified\":\"2023-11-06T08:12:34+00:00\",\"mainEntityOfPage\":{\"@id\":\"https:\\\/\\\/cvinoticias.com\\\/v3\\\/dia-de-los-parques-nacionales-hace-120-anos-una-donacion-marcaba-el-futuro-de-las-reservas-naturales\\\/\"},\"wordCount\":188,\"commentCount\":0,\"publisher\":{\"@id\":\"https:\\\/\\\/cvinoticias.com\\\/v3\\\/#organization\"},\"image\":{\"@id\":\"https:\\\/\\\/cvinoticias.com\\\/v3\\\/dia-de-los-parques-nacionales-hace-120-anos-una-donacion-marcaba-el-futuro-de-las-reservas-naturales\\\/#primaryimage\"},\"thumbnailUrl\":\"https:\\\/\\\/cvinoticias.com\\\/wp-content\\\/uploads\\\/2023\\\/11\\\/IMG_8956-1-scaled.jpg\",\"articleSection\":[\"Informaci\u00f3n General\"],\"inLanguage\":\"es\",\"potentialAction\":[{\"@type\":\"CommentAction\",\"name\":\"Comment\",\"target\":[\"https:\\\/\\\/cvinoticias.com\\\/v3\\\/dia-de-los-parques-nacionales-hace-120-anos-una-donacion-marcaba-el-futuro-de-las-reservas-naturales\\\/#respond\"]}]},{\"@type\":\"WebPage\",\"@id\":\"https:\\\/\\\/cvinoticias.com\\\/v3\\\/dia-de-los-parques-nacionales-hace-120-anos-una-donacion-marcaba-el-futuro-de-las-reservas-naturales\\\/\",\"url\":\"https:\\\/\\\/cvinoticias.com\\\/v3\\\/dia-de-los-parques-nacionales-hace-120-anos-una-donacion-marcaba-el-futuro-de-las-reservas-naturales\\\/\",\"name\":\"D\u00eda de los Parques Nacionales: hace 120 a\u00f1os, una donaci\u00f3n marcaba el futuro de las reservas naturales | CVI NOTICIAS\",\"isPartOf\":{\"@id\":\"https:\\\/\\\/cvinoticias.com\\\/v3\\\/#website\"},\"primaryImageOfPage\":{\"@id\":\"https:\\\/\\\/cvinoticias.com\\\/v3\\\/dia-de-los-parques-nacionales-hace-120-anos-una-donacion-marcaba-el-futuro-de-las-reservas-naturales\\\/#primaryimage\"},\"image\":{\"@id\":\"https:\\\/\\\/cvinoticias.com\\\/v3\\\/dia-de-los-parques-nacionales-hace-120-anos-una-donacion-marcaba-el-futuro-de-las-reservas-naturales\\\/#primaryimage\"},\"thumbnailUrl\":\"https:\\\/\\\/cvinoticias.com\\\/wp-content\\\/uploads\\\/2023\\\/11\\\/IMG_8956-1-scaled.jpg\",\"datePublished\":\"2023-11-06T08:10:53+00:00\",\"dateModified\":\"2023-11-06T08:12:34+00:00\",\"breadcrumb\":{\"@id\":\"https:\\\/\\\/cvinoticias.com\\\/v3\\\/dia-de-los-parques-nacionales-hace-120-anos-una-donacion-marcaba-el-futuro-de-las-reservas-naturales\\\/#breadcrumb\"},\"inLanguage\":\"es\",\"potentialAction\":[{\"@type\":\"ReadAction\",\"target\":[\"https:\\\/\\\/cvinoticias.com\\\/v3\\\/dia-de-los-parques-nacionales-hace-120-anos-una-donacion-marcaba-el-futuro-de-las-reservas-naturales\\\/\"]}]},{\"@type\":\"ImageObject\",\"inLanguage\":\"es\",\"@id\":\"https:\\\/\\\/cvinoticias.com\\\/v3\\\/dia-de-los-parques-nacionales-hace-120-anos-una-donacion-marcaba-el-futuro-de-las-reservas-naturales\\\/#primaryimage\",\"url\":\"https:\\\/\\\/cvinoticias.com\\\/wp-content\\\/uploads\\\/2023\\\/11\\\/IMG_8956-1-scaled.jpg\",\"contentUrl\":\"https:\\\/\\\/cvinoticias.com\\\/wp-content\\\/uploads\\\/2023\\\/11\\\/IMG_8956-1-scaled.jpg\",\"width\":2560,\"height\":1920},{\"@type\":\"BreadcrumbList\",\"@id\":\"https:\\\/\\\/cvinoticias.com\\\/v3\\\/dia-de-los-parques-nacionales-hace-120-anos-una-donacion-marcaba-el-futuro-de-las-reservas-naturales\\\/#breadcrumb\",\"itemListElement\":[{\"@type\":\"ListItem\",\"position\":1,\"name\":\"Portada\",\"item\":\"https:\\\/\\\/cvinoticias.com\\\/v3\\\/\"},{\"@type\":\"ListItem\",\"position\":2,\"name\":\"D\u00eda de los Parques Nacionales: hace 120 a\u00f1os, una donaci\u00f3n marcaba el futuro de las reservas naturales\"}]},{\"@type\":\"WebSite\",\"@id\":\"https:\\\/\\\/cvinoticias.com\\\/v3\\\/#website\",\"url\":\"https:\\\/\\\/cvinoticias.com\\\/v3\\\/\",\"name\":\"CVI NOTICIAS\",\"description\":\"\",\"publisher\":{\"@id\":\"https:\\\/\\\/cvinoticias.com\\\/v3\\\/#organization\"},\"alternateName\":\"CVI\",\"potentialAction\":[{\"@type\":\"SearchAction\",\"target\":{\"@type\":\"EntryPoint\",\"urlTemplate\":\"https:\\\/\\\/cvinoticias.com\\\/v3\\\/?s={search_term_string}\"},\"query-input\":{\"@type\":\"PropertyValueSpecification\",\"valueRequired\":true,\"valueName\":\"search_term_string\"}}],\"inLanguage\":\"es\"},{\"@type\":\"Organization\",\"@id\":\"https:\\\/\\\/cvinoticias.com\\\/v3\\\/#organization\",\"name\":\"CVI NOTICIAS\",\"url\":\"https:\\\/\\\/cvinoticias.com\\\/v3\\\/\",\"logo\":{\"@type\":\"ImageObject\",\"inLanguage\":\"es\",\"@id\":\"https:\\\/\\\/cvinoticias.com\\\/v3\\\/#\\\/schema\\\/logo\\\/image\\\/\",\"url\":\"https:\\\/\\\/cvinoticias.com\\\/wp-content\\\/uploads\\\/2023\\\/04\\\/cropped-cropped-cropped-cropped-cropped-3-1.png\",\"contentUrl\":\"https:\\\/\\\/cvinoticias.com\\\/wp-content\\\/uploads\\\/2023\\\/04\\\/cropped-cropped-cropped-cropped-cropped-3-1.png\",\"width\":95,\"height\":122,\"caption\":\"CVI NOTICIAS\"},\"image\":{\"@id\":\"https:\\\/\\\/cvinoticias.com\\\/v3\\\/#\\\/schema\\\/logo\\\/image\\\/\"},\"sameAs\":[\"https:\\\/\\\/www.facebook.com\\\/cvinoticias\",\"https:\\\/\\\/www.instagram.com\\\/cvinoticias\\\/\",\"https:\\\/\\\/www.youtube.com\\\/@CVINOTICIAS\"]},{\"@type\":\"Person\",\"@id\":\"https:\\\/\\\/cvinoticias.com\\\/v3\\\/#\\\/schema\\\/person\\\/2db77e3c6bc03c538495d7b2b8be9b66\",\"name\":\"f1000024\",\"image\":{\"@type\":\"ImageObject\",\"inLanguage\":\"es\",\"@id\":\"https:\\\/\\\/secure.gravatar.com\\\/avatar\\\/d4fe7459cfc51ff5129ce1a732bbef5928568b8092d412ef95611616376bbeed?s=96&d=mm&r=g\",\"url\":\"https:\\\/\\\/secure.gravatar.com\\\/avatar\\\/d4fe7459cfc51ff5129ce1a732bbef5928568b8092d412ef95611616376bbeed?s=96&d=mm&r=g\",\"contentUrl\":\"https:\\\/\\\/secure.gravatar.com\\\/avatar\\\/d4fe7459cfc51ff5129ce1a732bbef5928568b8092d412ef95611616376bbeed?s=96&d=mm&r=g\",\"caption\":\"f1000024\"},\"url\":\"https:\\\/\\\/cvinoticias.com\\\/v3\\\/author\\\/f1000024\\\/\"}]}<\/script>\n<!-- \/ Yoast SEO plugin. -->","yoast_head_json":{"title":"D\u00eda de los Parques Nacionales: hace 120 a\u00f1os, una donaci\u00f3n marcaba el futuro de las reservas naturales | CVI NOTICIAS","robots":{"index":"index","follow":"follow","max-snippet":"max-snippet:-1","max-image-preview":"max-image-preview:large","max-video-preview":"max-video-preview:-1"},"canonical":"https:\/\/cvinoticias.com\/v3\/dia-de-los-parques-nacionales-hace-120-anos-una-donacion-marcaba-el-futuro-de-las-reservas-naturales\/","og_locale":"es_ES","og_type":"article","og_title":"D\u00eda de los Parques Nacionales: hace 120 a\u00f1os, una donaci\u00f3n marcaba el futuro de las reservas naturales | CVI NOTICIAS","og_description":"Se celebra el D\u00eda Nacional de los Parques Nacionales en conmemoraci\u00f3n de la fecha de 1903 en la que el explorador y ge\u00f3grafo Francisco Moreno don\u00f3 extensos terrenos al estado para la creaci\u00f3n de reservas naturales. Aquel 6 de noviembre, hace 120 a\u00f1os, Francisco Moreno cedi\u00f3 a la Argentina tres leguas cuadradas de su propiedad, [&hellip;]","og_url":"https:\/\/cvinoticias.com\/v3\/dia-de-los-parques-nacionales-hace-120-anos-una-donacion-marcaba-el-futuro-de-las-reservas-naturales\/","og_site_name":"CVI NOTICIAS","article_publisher":"https:\/\/www.facebook.com\/cvinoticias","article_published_time":"2023-11-06T08:10:53+00:00","article_modified_time":"2023-11-06T08:12:34+00:00","og_image":[{"width":2560,"height":1920,"url":"https:\/\/cvinoticias.com\/wp-content\/uploads\/2023\/11\/IMG_8956-1-scaled.jpg","type":"image\/jpeg"}],"author":"f1000024","twitter_card":"summary_large_image","twitter_misc":{"Escrito por":"f1000024","Tiempo de lectura":"1 minuto"},"schema":{"@context":"https:\/\/schema.org","@graph":[{"@type":"Article","@id":"https:\/\/cvinoticias.com\/v3\/dia-de-los-parques-nacionales-hace-120-anos-una-donacion-marcaba-el-futuro-de-las-reservas-naturales\/#article","isPartOf":{"@id":"https:\/\/cvinoticias.com\/v3\/dia-de-los-parques-nacionales-hace-120-anos-una-donacion-marcaba-el-futuro-de-las-reservas-naturales\/"},"author":{"name":"f1000024","@id":"https:\/\/cvinoticias.com\/v3\/#\/schema\/person\/2db77e3c6bc03c538495d7b2b8be9b66"},"headline":"D\u00eda de los Parques Nacionales: hace 120 a\u00f1os, una donaci\u00f3n marcaba el futuro de las reservas naturales","datePublished":"2023-11-06T08:10:53+00:00","dateModified":"2023-11-06T08:12:34+00:00","mainEntityOfPage":{"@id":"https:\/\/cvinoticias.com\/v3\/dia-de-los-parques-nacionales-hace-120-anos-una-donacion-marcaba-el-futuro-de-las-reservas-naturales\/"},"wordCount":188,"commentCount":0,"publisher":{"@id":"https:\/\/cvinoticias.com\/v3\/#organization"},"image":{"@id":"https:\/\/cvinoticias.com\/v3\/dia-de-los-parques-nacionales-hace-120-anos-una-donacion-marcaba-el-futuro-de-las-reservas-naturales\/#primaryimage"},"thumbnailUrl":"https:\/\/cvinoticias.com\/wp-content\/uploads\/2023\/11\/IMG_8956-1-scaled.jpg","articleSection":["Informaci\u00f3n General"],"inLanguage":"es","potentialAction":[{"@type":"CommentAction","name":"Comment","target":["https:\/\/cvinoticias.com\/v3\/dia-de-los-parques-nacionales-hace-120-anos-una-donacion-marcaba-el-futuro-de-las-reservas-naturales\/#respond"]}]},{"@type":"WebPage","@id":"https:\/\/cvinoticias.com\/v3\/dia-de-los-parques-nacionales-hace-120-anos-una-donacion-marcaba-el-futuro-de-las-reservas-naturales\/","url":"https:\/\/cvinoticias.com\/v3\/dia-de-los-parques-nacionales-hace-120-anos-una-donacion-marcaba-el-futuro-de-las-reservas-naturales\/","name":"D\u00eda de los Parques Nacionales: hace 120 a\u00f1os, una donaci\u00f3n marcaba el futuro de las reservas naturales | CVI NOTICIAS","isPartOf":{"@id":"https:\/\/cvinoticias.com\/v3\/#website"},"primaryImageOfPage":{"@id":"https:\/\/cvinoticias.com\/v3\/dia-de-los-parques-nacionales-hace-120-anos-una-donacion-marcaba-el-futuro-de-las-reservas-naturales\/#primaryimage"},"image":{"@id":"https:\/\/cvinoticias.com\/v3\/dia-de-los-parques-nacionales-hace-120-anos-una-donacion-marcaba-el-futuro-de-las-reservas-naturales\/#primaryimage"},"thumbnailUrl":"https:\/\/cvinoticias.com\/wp-content\/uploads\/2023\/11\/IMG_8956-1-scaled.jpg","datePublished":"2023-11-06T08:10:53+00:00","dateModified":"2023-11-06T08:12:34+00:00","breadcrumb":{"@id":"https:\/\/cvinoticias.com\/v3\/dia-de-los-parques-nacionales-hace-120-anos-una-donacion-marcaba-el-futuro-de-las-reservas-naturales\/#breadcrumb"},"inLanguage":"es","potentialAction":[{"@type":"ReadAction","target":["https:\/\/cvinoticias.com\/v3\/dia-de-los-parques-nacionales-hace-120-anos-una-donacion-marcaba-el-futuro-de-las-reservas-naturales\/"]}]},{"@type":"ImageObject","inLanguage":"es","@id":"https:\/\/cvinoticias.com\/v3\/dia-de-los-parques-nacionales-hace-120-anos-una-donacion-marcaba-el-futuro-de-las-reservas-naturales\/#primaryimage","url":"https:\/\/cvinoticias.com\/wp-content\/uploads\/2023\/11\/IMG_8956-1-scaled.jpg","contentUrl":"https:\/\/cvinoticias.com\/wp-content\/uploads\/2023\/11\/IMG_8956-1-scaled.jpg","width":2560,"height":1920},{"@type":"BreadcrumbList","@id":"https:\/\/cvinoticias.com\/v3\/dia-de-los-parques-nacionales-hace-120-anos-una-donacion-marcaba-el-futuro-de-las-reservas-naturales\/#breadcrumb","itemListElement":[{"@type":"ListItem","position":1,"name":"Portada","item":"https:\/\/cvinoticias.com\/v3\/"},{"@type":"ListItem","position":2,"name":"D\u00eda de los Parques Nacionales: hace 120 a\u00f1os, una donaci\u00f3n marcaba el futuro de las reservas naturales"}]},{"@type":"WebSite","@id":"https:\/\/cvinoticias.com\/v3\/#website","url":"https:\/\/cvinoticias.com\/v3\/","name":"CVI NOTICIAS","description":"","publisher":{"@id":"https:\/\/cvinoticias.com\/v3\/#organization"},"alternateName":"CVI","potentialAction":[{"@type":"SearchAction","target":{"@type":"EntryPoint","urlTemplate":"https:\/\/cvinoticias.com\/v3\/?s={search_term_string}"},"query-input":{"@type":"PropertyValueSpecification","valueRequired":true,"valueName":"search_term_string"}}],"inLanguage":"es"},{"@type":"Organization","@id":"https:\/\/cvinoticias.com\/v3\/#organization","name":"CVI NOTICIAS","url":"https:\/\/cvinoticias.com\/v3\/","logo":{"@type":"ImageObject","inLanguage":"es","@id":"https:\/\/cvinoticias.com\/v3\/#\/schema\/logo\/image\/","url":"https:\/\/cvinoticias.com\/wp-content\/uploads\/2023\/04\/cropped-cropped-cropped-cropped-cropped-3-1.png","contentUrl":"https:\/\/cvinoticias.com\/wp-content\/uploads\/2023\/04\/cropped-cropped-cropped-cropped-cropped-3-1.png","width":95,"height":122,"caption":"CVI NOTICIAS"},"image":{"@id":"https:\/\/cvinoticias.com\/v3\/#\/schema\/logo\/image\/"},"sameAs":["https:\/\/www.facebook.com\/cvinoticias","https:\/\/www.instagram.com\/cvinoticias\/","https:\/\/www.youtube.com\/@CVINOTICIAS"]},{"@type":"Person","@id":"https:\/\/cvinoticias.com\/v3\/#\/schema\/person\/2db77e3c6bc03c538495d7b2b8be9b66","name":"f1000024","image":{"@type":"ImageObject","inLanguage":"es","@id":"https:\/\/secure.gravatar.com\/avatar\/d4fe7459cfc51ff5129ce1a732bbef5928568b8092d412ef95611616376bbeed?s=96&d=mm&r=g","url":"https:\/\/secure.gravatar.com\/avatar\/d4fe7459cfc51ff5129ce1a732bbef5928568b8092d412ef95611616376bbeed?s=96&d=mm&r=g","contentUrl":"https:\/\/secure.gravatar.com\/avatar\/d4fe7459cfc51ff5129ce1a732bbef5928568b8092d412ef95611616376bbeed?s=96&d=mm&r=g","caption":"f1000024"},"url":"https:\/\/cvinoticias.com\/v3\/author\/f1000024\/"}]}},"_links":{"self":[{"href":"https:\/\/cvinoticias.com\/v3\/wp-json\/wp\/v2\/posts\/29643","targetHints":{"allow":["GET"]}}],"collection":[{"href":"https:\/\/cvinoticias.com\/v3\/wp-json\/wp\/v2\/posts"}],"about":[{"href":"https:\/\/cvinoticias.com\/v3\/wp-json\/wp\/v2\/types\/post"}],"author":[{"embeddable":true,"href":"https:\/\/cvinoticias.com\/v3\/wp-json\/wp\/v2\/users\/2"}],"replies":[{"embeddable":true,"href":"https:\/\/cvinoticias.com\/v3\/wp-json\/wp\/v2\/comments?post=29643"}],"version-history":[{"count":2,"href":"https:\/\/cvinoticias.com\/v3\/wp-json\/wp\/v2\/posts\/29643\/revisions"}],"predecessor-version":[{"id":29647,"href":"https:\/\/cvinoticias.com\/v3\/wp-json\/wp\/v2\/posts\/29643\/revisions\/29647"}],"wp:featuredmedia":[{"embeddable":true,"href":"https:\/\/cvinoticias.com\/v3\/wp-json\/wp\/v2\/media\/29644"}],"wp:attachment":[{"href":"https:\/\/cvinoticias.com\/v3\/wp-json\/wp\/v2\/media?parent=29643"}],"wp:term":[{"taxonomy":"category","embeddable":true,"href":"https:\/\/cvinoticias.com\/v3\/wp-json\/wp\/v2\/categories?post=29643"},{"taxonomy":"post_tag","embeddable":true,"href":"https:\/\/cvinoticias.com\/v3\/wp-json\/wp\/v2\/tags?post=29643"}],"curies":[{"name":"wp","href":"https:\/\/api.w.org\/{rel}","templated":true}]}}