{"id":29562,"date":"2023-11-03T00:05:53","date_gmt":"2023-11-03T03:05:53","guid":{"rendered":"https:\/\/cvinoticias.com\/v3\/?p=29562"},"modified":"2023-11-03T00:05:53","modified_gmt":"2023-11-03T03:05:53","slug":"massa-cumple-la-tarifa-diferencial-electrica-para-misiones-significara-una-reduccion-tarifaria-del-9","status":"publish","type":"post","link":"https:\/\/cvinoticias.com\/v3\/massa-cumple-la-tarifa-diferencial-electrica-para-misiones-significara-una-reduccion-tarifaria-del-9\/","title":{"rendered":"Massa Cumple, La Tarifa Diferencial el\u00e9ctrica para Misiones Significar\u00e1 una Reducci\u00f3n Tarifaria del 9%"},"content":{"rendered":"\n<p><strong><em>El Ministro de econom\u00eda confirm\u00f3 la tarifa diferencial el\u00e9ctrica para Misiones, la rebaja representar\u00e1 un 9% que impactar\u00e1 directamente en los hogares de clase media, industrias y comercios a partir de noviembre.<\/em><\/strong><\/p>\n\n\n\n<p>El candidato de Uni\u00f3n por la Patria contin\u00faa demostrando su vocaci\u00f3n federal, la cual a trav\u00e9s de medidas de vanguardia y en conjunci\u00f3n de una gesti\u00f3n activa del gobierno de la provincia, resultar\u00e1n en grandes beneficios para los hogares de sectores medios y altos misioneros, adem\u00e1s de los industriales y comerciales, mientras que en los dem\u00e1s grupos no habr\u00e1 aumento, pese al pedido del FMI.<\/p>\n\n\n\n<p>En un contexto inflacionario bajar precios es una panacea, por ello la importancia de esta medida que demuestra una vez m\u00e1s la ingenier\u00eda econ\u00f3mica que pone en el centro a las personas, sabiendo que la econom\u00eda debe cerrar, pero con la gente adentro.<\/p>\n\n\n\n<p>La baja ser\u00e1 de un 9% que se podr\u00e1 ver en las facturas de noviembre, beneficiando a todos aquellos usuarios que no tienen subsidios.<\/p>\n\n\n\n<p>Mientras tanto, la Secretaria de Energ\u00eda de Naci\u00f3n, Flavia Roy\u00f3n, explic\u00f3 que la posibilidad de rebajar las tarifas se debe a una baja en los costos de la generaci\u00f3n el\u00e9ctrica. Seg\u00fan especialistas que ahondaron en el tema expusieron que, Cammesa hace una programaci\u00f3n para el pr\u00f3ximo cuatrimestre, teniendo en cuenta que no se proyecta una devaluaci\u00f3n del tipo de cambio, adem\u00e1s de que se espera una baja en el costo de generaci\u00f3n, debido a un fuerte incremento en la producci\u00f3n de energ\u00eda hidr\u00e1ulica, dando como resultado una ca\u00edda en el precio para los usuarios sin subsidio.<\/p>\n","protected":false},"excerpt":{"rendered":"<p>El Ministro de econom\u00eda confirm\u00f3 la tarifa diferencial el\u00e9ctrica para Misiones, la rebaja representar\u00e1 un 9% que impactar\u00e1 directamente en los hogares de clase media, industrias y comercios a partir de noviembre. El candidato de Uni\u00f3n por la Patria contin\u00faa demostrando su vocaci\u00f3n federal, la cual a trav\u00e9s de medidas de vanguardia y en conjunci\u00f3n [&hellip;]<\/p>\n","protected":false},"author":2,"featured_media":29563,"comment_status":"open","ping_status":"open","sticky":false,"template":"","format":"standard","meta":{"footnotes":""},"categories":[42],"tags":[],"class_list":["post-29562","post","type-post","status-publish","format-standard","has-post-thumbnail","hentry","category-politica"],"yoast_head":"<!-- This site is optimized with the Yoast SEO plugin v27.5 - https:\/\/yoast.com\/product\/yoast-seo-wordpress\/ -->\n<title>Massa Cumple, La Tarifa Diferencial el\u00e9ctrica para Misiones Significar\u00e1 una Reducci\u00f3n Tarifaria del 9% | CVI NOTICIAS<\/title>\n<meta name=\"robots\" content=\"index, follow, max-snippet:-1, max-image-preview:large, max-video-preview:-1\" \/>\n<link rel=\"canonical\" href=\"https:\/\/cvinoticias.com\/v3\/massa-cumple-la-tarifa-diferencial-electrica-para-misiones-significara-una-reduccion-tarifaria-del-9\/\" \/>\n<meta property=\"og:locale\" content=\"es_ES\" \/>\n<meta property=\"og:type\" content=\"article\" \/>\n<meta property=\"og:title\" content=\"Massa Cumple, La Tarifa Diferencial el\u00e9ctrica para Misiones Significar\u00e1 una Reducci\u00f3n Tarifaria del 9% | CVI NOTICIAS\" \/>\n<meta property=\"og:description\" content=\"El Ministro de econom\u00eda confirm\u00f3 la tarifa diferencial el\u00e9ctrica para Misiones, la rebaja representar\u00e1 un 9% que impactar\u00e1 directamente en los hogares de clase media, industrias y comercios a partir de noviembre. El candidato de Uni\u00f3n por la Patria contin\u00faa demostrando su vocaci\u00f3n federal, la cual a trav\u00e9s de medidas de vanguardia y en conjunci\u00f3n [&hellip;]\" \/>\n<meta property=\"og:url\" content=\"https:\/\/cvinoticias.com\/v3\/massa-cumple-la-tarifa-diferencial-electrica-para-misiones-significara-una-reduccion-tarifaria-del-9\/\" \/>\n<meta property=\"og:site_name\" content=\"CVI NOTICIAS\" \/>\n<meta property=\"article:publisher\" content=\"https:\/\/www.facebook.com\/cvinoticias\" \/>\n<meta property=\"article:published_time\" content=\"2023-11-03T03:05:53+00:00\" \/>\n<meta property=\"og:image\" content=\"https:\/\/cvinoticias.com\/wp-content\/uploads\/2023\/11\/IMG-20231102-WA0786.jpg\" \/>\n\t<meta property=\"og:image:width\" content=\"900\" \/>\n\t<meta property=\"og:image:height\" content=\"600\" \/>\n\t<meta property=\"og:image:type\" content=\"image\/jpeg\" \/>\n<meta name=\"author\" content=\"f1000024\" \/>\n<meta name=\"twitter:card\" content=\"summary_large_image\" \/>\n<meta name=\"twitter:label1\" content=\"Escrito por\" \/>\n\t<meta name=\"twitter:data1\" content=\"f1000024\" \/>\n\t<meta name=\"twitter:label2\" content=\"Tiempo de lectura\" \/>\n\t<meta name=\"twitter:data2\" content=\"1 minuto\" \/>\n<script type=\"application\/ld+json\" class=\"yoast-schema-graph\">{\"@context\":\"https:\\\/\\\/schema.org\",\"@graph\":[{\"@type\":\"Article\",\"@id\":\"https:\\\/\\\/cvinoticias.com\\\/v3\\\/massa-cumple-la-tarifa-diferencial-electrica-para-misiones-significara-una-reduccion-tarifaria-del-9\\\/#article\",\"isPartOf\":{\"@id\":\"https:\\\/\\\/cvinoticias.com\\\/v3\\\/massa-cumple-la-tarifa-diferencial-electrica-para-misiones-significara-una-reduccion-tarifaria-del-9\\\/\"},\"author\":{\"name\":\"f1000024\",\"@id\":\"https:\\\/\\\/cvinoticias.com\\\/v3\\\/#\\\/schema\\\/person\\\/2db77e3c6bc03c538495d7b2b8be9b66\"},\"headline\":\"Massa Cumple, La Tarifa Diferencial el\u00e9ctrica para Misiones Significar\u00e1 una Reducci\u00f3n Tarifaria del 9%\",\"datePublished\":\"2023-11-03T03:05:53+00:00\",\"mainEntityOfPage\":{\"@id\":\"https:\\\/\\\/cvinoticias.com\\\/v3\\\/massa-cumple-la-tarifa-diferencial-electrica-para-misiones-significara-una-reduccion-tarifaria-del-9\\\/\"},\"wordCount\":303,\"commentCount\":0,\"publisher\":{\"@id\":\"https:\\\/\\\/cvinoticias.com\\\/v3\\\/#organization\"},\"image\":{\"@id\":\"https:\\\/\\\/cvinoticias.com\\\/v3\\\/massa-cumple-la-tarifa-diferencial-electrica-para-misiones-significara-una-reduccion-tarifaria-del-9\\\/#primaryimage\"},\"thumbnailUrl\":\"https:\\\/\\\/cvinoticias.com\\\/wp-content\\\/uploads\\\/2023\\\/11\\\/IMG-20231102-WA0786.jpg\",\"articleSection\":[\"Politica\"],\"inLanguage\":\"es\",\"potentialAction\":[{\"@type\":\"CommentAction\",\"name\":\"Comment\",\"target\":[\"https:\\\/\\\/cvinoticias.com\\\/v3\\\/massa-cumple-la-tarifa-diferencial-electrica-para-misiones-significara-una-reduccion-tarifaria-del-9\\\/#respond\"]}]},{\"@type\":\"WebPage\",\"@id\":\"https:\\\/\\\/cvinoticias.com\\\/v3\\\/massa-cumple-la-tarifa-diferencial-electrica-para-misiones-significara-una-reduccion-tarifaria-del-9\\\/\",\"url\":\"https:\\\/\\\/cvinoticias.com\\\/v3\\\/massa-cumple-la-tarifa-diferencial-electrica-para-misiones-significara-una-reduccion-tarifaria-del-9\\\/\",\"name\":\"Massa Cumple, La Tarifa Diferencial el\u00e9ctrica para Misiones Significar\u00e1 una Reducci\u00f3n Tarifaria del 9% | CVI NOTICIAS\",\"isPartOf\":{\"@id\":\"https:\\\/\\\/cvinoticias.com\\\/v3\\\/#website\"},\"primaryImageOfPage\":{\"@id\":\"https:\\\/\\\/cvinoticias.com\\\/v3\\\/massa-cumple-la-tarifa-diferencial-electrica-para-misiones-significara-una-reduccion-tarifaria-del-9\\\/#primaryimage\"},\"image\":{\"@id\":\"https:\\\/\\\/cvinoticias.com\\\/v3\\\/massa-cumple-la-tarifa-diferencial-electrica-para-misiones-significara-una-reduccion-tarifaria-del-9\\\/#primaryimage\"},\"thumbnailUrl\":\"https:\\\/\\\/cvinoticias.com\\\/wp-content\\\/uploads\\\/2023\\\/11\\\/IMG-20231102-WA0786.jpg\",\"datePublished\":\"2023-11-03T03:05:53+00:00\",\"breadcrumb\":{\"@id\":\"https:\\\/\\\/cvinoticias.com\\\/v3\\\/massa-cumple-la-tarifa-diferencial-electrica-para-misiones-significara-una-reduccion-tarifaria-del-9\\\/#breadcrumb\"},\"inLanguage\":\"es\",\"potentialAction\":[{\"@type\":\"ReadAction\",\"target\":[\"https:\\\/\\\/cvinoticias.com\\\/v3\\\/massa-cumple-la-tarifa-diferencial-electrica-para-misiones-significara-una-reduccion-tarifaria-del-9\\\/\"]}]},{\"@type\":\"ImageObject\",\"inLanguage\":\"es\",\"@id\":\"https:\\\/\\\/cvinoticias.com\\\/v3\\\/massa-cumple-la-tarifa-diferencial-electrica-para-misiones-significara-una-reduccion-tarifaria-del-9\\\/#primaryimage\",\"url\":\"https:\\\/\\\/cvinoticias.com\\\/wp-content\\\/uploads\\\/2023\\\/11\\\/IMG-20231102-WA0786.jpg\",\"contentUrl\":\"https:\\\/\\\/cvinoticias.com\\\/wp-content\\\/uploads\\\/2023\\\/11\\\/IMG-20231102-WA0786.jpg\",\"width\":900,\"height\":600},{\"@type\":\"BreadcrumbList\",\"@id\":\"https:\\\/\\\/cvinoticias.com\\\/v3\\\/massa-cumple-la-tarifa-diferencial-electrica-para-misiones-significara-una-reduccion-tarifaria-del-9\\\/#breadcrumb\",\"itemListElement\":[{\"@type\":\"ListItem\",\"position\":1,\"name\":\"Portada\",\"item\":\"https:\\\/\\\/cvinoticias.com\\\/v3\\\/\"},{\"@type\":\"ListItem\",\"position\":2,\"name\":\"Massa Cumple, La Tarifa Diferencial el\u00e9ctrica para Misiones Significar\u00e1 una Reducci\u00f3n Tarifaria del 9%\"}]},{\"@type\":\"WebSite\",\"@id\":\"https:\\\/\\\/cvinoticias.com\\\/v3\\\/#website\",\"url\":\"https:\\\/\\\/cvinoticias.com\\\/v3\\\/\",\"name\":\"CVI NOTICIAS\",\"description\":\"\",\"publisher\":{\"@id\":\"https:\\\/\\\/cvinoticias.com\\\/v3\\\/#organization\"},\"alternateName\":\"CVI\",\"potentialAction\":[{\"@type\":\"SearchAction\",\"target\":{\"@type\":\"EntryPoint\",\"urlTemplate\":\"https:\\\/\\\/cvinoticias.com\\\/v3\\\/?s={search_term_string}\"},\"query-input\":{\"@type\":\"PropertyValueSpecification\",\"valueRequired\":true,\"valueName\":\"search_term_string\"}}],\"inLanguage\":\"es\"},{\"@type\":\"Organization\",\"@id\":\"https:\\\/\\\/cvinoticias.com\\\/v3\\\/#organization\",\"name\":\"CVI NOTICIAS\",\"url\":\"https:\\\/\\\/cvinoticias.com\\\/v3\\\/\",\"logo\":{\"@type\":\"ImageObject\",\"inLanguage\":\"es\",\"@id\":\"https:\\\/\\\/cvinoticias.com\\\/v3\\\/#\\\/schema\\\/logo\\\/image\\\/\",\"url\":\"https:\\\/\\\/cvinoticias.com\\\/wp-content\\\/uploads\\\/2023\\\/04\\\/cropped-cropped-cropped-cropped-cropped-3-1.png\",\"contentUrl\":\"https:\\\/\\\/cvinoticias.com\\\/wp-content\\\/uploads\\\/2023\\\/04\\\/cropped-cropped-cropped-cropped-cropped-3-1.png\",\"width\":95,\"height\":122,\"caption\":\"CVI NOTICIAS\"},\"image\":{\"@id\":\"https:\\\/\\\/cvinoticias.com\\\/v3\\\/#\\\/schema\\\/logo\\\/image\\\/\"},\"sameAs\":[\"https:\\\/\\\/www.facebook.com\\\/cvinoticias\",\"https:\\\/\\\/www.instagram.com\\\/cvinoticias\\\/\",\"https:\\\/\\\/www.youtube.com\\\/@CVINOTICIAS\"]},{\"@type\":\"Person\",\"@id\":\"https:\\\/\\\/cvinoticias.com\\\/v3\\\/#\\\/schema\\\/person\\\/2db77e3c6bc03c538495d7b2b8be9b66\",\"name\":\"f1000024\",\"image\":{\"@type\":\"ImageObject\",\"inLanguage\":\"es\",\"@id\":\"https:\\\/\\\/secure.gravatar.com\\\/avatar\\\/d4fe7459cfc51ff5129ce1a732bbef5928568b8092d412ef95611616376bbeed?s=96&d=mm&r=g\",\"url\":\"https:\\\/\\\/secure.gravatar.com\\\/avatar\\\/d4fe7459cfc51ff5129ce1a732bbef5928568b8092d412ef95611616376bbeed?s=96&d=mm&r=g\",\"contentUrl\":\"https:\\\/\\\/secure.gravatar.com\\\/avatar\\\/d4fe7459cfc51ff5129ce1a732bbef5928568b8092d412ef95611616376bbeed?s=96&d=mm&r=g\",\"caption\":\"f1000024\"},\"url\":\"https:\\\/\\\/cvinoticias.com\\\/v3\\\/author\\\/f1000024\\\/\"}]}<\/script>\n<!-- \/ Yoast SEO plugin. -->","yoast_head_json":{"title":"Massa Cumple, La Tarifa Diferencial el\u00e9ctrica para Misiones Significar\u00e1 una Reducci\u00f3n Tarifaria del 9% | CVI NOTICIAS","robots":{"index":"index","follow":"follow","max-snippet":"max-snippet:-1","max-image-preview":"max-image-preview:large","max-video-preview":"max-video-preview:-1"},"canonical":"https:\/\/cvinoticias.com\/v3\/massa-cumple-la-tarifa-diferencial-electrica-para-misiones-significara-una-reduccion-tarifaria-del-9\/","og_locale":"es_ES","og_type":"article","og_title":"Massa Cumple, La Tarifa Diferencial el\u00e9ctrica para Misiones Significar\u00e1 una Reducci\u00f3n Tarifaria del 9% | CVI NOTICIAS","og_description":"El Ministro de econom\u00eda confirm\u00f3 la tarifa diferencial el\u00e9ctrica para Misiones, la rebaja representar\u00e1 un 9% que impactar\u00e1 directamente en los hogares de clase media, industrias y comercios a partir de noviembre. El candidato de Uni\u00f3n por la Patria contin\u00faa demostrando su vocaci\u00f3n federal, la cual a trav\u00e9s de medidas de vanguardia y en conjunci\u00f3n [&hellip;]","og_url":"https:\/\/cvinoticias.com\/v3\/massa-cumple-la-tarifa-diferencial-electrica-para-misiones-significara-una-reduccion-tarifaria-del-9\/","og_site_name":"CVI NOTICIAS","article_publisher":"https:\/\/www.facebook.com\/cvinoticias","article_published_time":"2023-11-03T03:05:53+00:00","og_image":[{"width":900,"height":600,"url":"https:\/\/cvinoticias.com\/wp-content\/uploads\/2023\/11\/IMG-20231102-WA0786.jpg","type":"image\/jpeg"}],"author":"f1000024","twitter_card":"summary_large_image","twitter_misc":{"Escrito por":"f1000024","Tiempo de lectura":"1 minuto"},"schema":{"@context":"https:\/\/schema.org","@graph":[{"@type":"Article","@id":"https:\/\/cvinoticias.com\/v3\/massa-cumple-la-tarifa-diferencial-electrica-para-misiones-significara-una-reduccion-tarifaria-del-9\/#article","isPartOf":{"@id":"https:\/\/cvinoticias.com\/v3\/massa-cumple-la-tarifa-diferencial-electrica-para-misiones-significara-una-reduccion-tarifaria-del-9\/"},"author":{"name":"f1000024","@id":"https:\/\/cvinoticias.com\/v3\/#\/schema\/person\/2db77e3c6bc03c538495d7b2b8be9b66"},"headline":"Massa Cumple, La Tarifa Diferencial el\u00e9ctrica para Misiones Significar\u00e1 una Reducci\u00f3n Tarifaria del 9%","datePublished":"2023-11-03T03:05:53+00:00","mainEntityOfPage":{"@id":"https:\/\/cvinoticias.com\/v3\/massa-cumple-la-tarifa-diferencial-electrica-para-misiones-significara-una-reduccion-tarifaria-del-9\/"},"wordCount":303,"commentCount":0,"publisher":{"@id":"https:\/\/cvinoticias.com\/v3\/#organization"},"image":{"@id":"https:\/\/cvinoticias.com\/v3\/massa-cumple-la-tarifa-diferencial-electrica-para-misiones-significara-una-reduccion-tarifaria-del-9\/#primaryimage"},"thumbnailUrl":"https:\/\/cvinoticias.com\/wp-content\/uploads\/2023\/11\/IMG-20231102-WA0786.jpg","articleSection":["Politica"],"inLanguage":"es","potentialAction":[{"@type":"CommentAction","name":"Comment","target":["https:\/\/cvinoticias.com\/v3\/massa-cumple-la-tarifa-diferencial-electrica-para-misiones-significara-una-reduccion-tarifaria-del-9\/#respond"]}]},{"@type":"WebPage","@id":"https:\/\/cvinoticias.com\/v3\/massa-cumple-la-tarifa-diferencial-electrica-para-misiones-significara-una-reduccion-tarifaria-del-9\/","url":"https:\/\/cvinoticias.com\/v3\/massa-cumple-la-tarifa-diferencial-electrica-para-misiones-significara-una-reduccion-tarifaria-del-9\/","name":"Massa Cumple, La Tarifa Diferencial el\u00e9ctrica para Misiones Significar\u00e1 una Reducci\u00f3n Tarifaria del 9% | CVI NOTICIAS","isPartOf":{"@id":"https:\/\/cvinoticias.com\/v3\/#website"},"primaryImageOfPage":{"@id":"https:\/\/cvinoticias.com\/v3\/massa-cumple-la-tarifa-diferencial-electrica-para-misiones-significara-una-reduccion-tarifaria-del-9\/#primaryimage"},"image":{"@id":"https:\/\/cvinoticias.com\/v3\/massa-cumple-la-tarifa-diferencial-electrica-para-misiones-significara-una-reduccion-tarifaria-del-9\/#primaryimage"},"thumbnailUrl":"https:\/\/cvinoticias.com\/wp-content\/uploads\/2023\/11\/IMG-20231102-WA0786.jpg","datePublished":"2023-11-03T03:05:53+00:00","breadcrumb":{"@id":"https:\/\/cvinoticias.com\/v3\/massa-cumple-la-tarifa-diferencial-electrica-para-misiones-significara-una-reduccion-tarifaria-del-9\/#breadcrumb"},"inLanguage":"es","potentialAction":[{"@type":"ReadAction","target":["https:\/\/cvinoticias.com\/v3\/massa-cumple-la-tarifa-diferencial-electrica-para-misiones-significara-una-reduccion-tarifaria-del-9\/"]}]},{"@type":"ImageObject","inLanguage":"es","@id":"https:\/\/cvinoticias.com\/v3\/massa-cumple-la-tarifa-diferencial-electrica-para-misiones-significara-una-reduccion-tarifaria-del-9\/#primaryimage","url":"https:\/\/cvinoticias.com\/wp-content\/uploads\/2023\/11\/IMG-20231102-WA0786.jpg","contentUrl":"https:\/\/cvinoticias.com\/wp-content\/uploads\/2023\/11\/IMG-20231102-WA0786.jpg","width":900,"height":600},{"@type":"BreadcrumbList","@id":"https:\/\/cvinoticias.com\/v3\/massa-cumple-la-tarifa-diferencial-electrica-para-misiones-significara-una-reduccion-tarifaria-del-9\/#breadcrumb","itemListElement":[{"@type":"ListItem","position":1,"name":"Portada","item":"https:\/\/cvinoticias.com\/v3\/"},{"@type":"ListItem","position":2,"name":"Massa Cumple, La Tarifa Diferencial el\u00e9ctrica para Misiones Significar\u00e1 una Reducci\u00f3n Tarifaria del 9%"}]},{"@type":"WebSite","@id":"https:\/\/cvinoticias.com\/v3\/#website","url":"https:\/\/cvinoticias.com\/v3\/","name":"CVI NOTICIAS","description":"","publisher":{"@id":"https:\/\/cvinoticias.com\/v3\/#organization"},"alternateName":"CVI","potentialAction":[{"@type":"SearchAction","target":{"@type":"EntryPoint","urlTemplate":"https:\/\/cvinoticias.com\/v3\/?s={search_term_string}"},"query-input":{"@type":"PropertyValueSpecification","valueRequired":true,"valueName":"search_term_string"}}],"inLanguage":"es"},{"@type":"Organization","@id":"https:\/\/cvinoticias.com\/v3\/#organization","name":"CVI NOTICIAS","url":"https:\/\/cvinoticias.com\/v3\/","logo":{"@type":"ImageObject","inLanguage":"es","@id":"https:\/\/cvinoticias.com\/v3\/#\/schema\/logo\/image\/","url":"https:\/\/cvinoticias.com\/wp-content\/uploads\/2023\/04\/cropped-cropped-cropped-cropped-cropped-3-1.png","contentUrl":"https:\/\/cvinoticias.com\/wp-content\/uploads\/2023\/04\/cropped-cropped-cropped-cropped-cropped-3-1.png","width":95,"height":122,"caption":"CVI NOTICIAS"},"image":{"@id":"https:\/\/cvinoticias.com\/v3\/#\/schema\/logo\/image\/"},"sameAs":["https:\/\/www.facebook.com\/cvinoticias","https:\/\/www.instagram.com\/cvinoticias\/","https:\/\/www.youtube.com\/@CVINOTICIAS"]},{"@type":"Person","@id":"https:\/\/cvinoticias.com\/v3\/#\/schema\/person\/2db77e3c6bc03c538495d7b2b8be9b66","name":"f1000024","image":{"@type":"ImageObject","inLanguage":"es","@id":"https:\/\/secure.gravatar.com\/avatar\/d4fe7459cfc51ff5129ce1a732bbef5928568b8092d412ef95611616376bbeed?s=96&d=mm&r=g","url":"https:\/\/secure.gravatar.com\/avatar\/d4fe7459cfc51ff5129ce1a732bbef5928568b8092d412ef95611616376bbeed?s=96&d=mm&r=g","contentUrl":"https:\/\/secure.gravatar.com\/avatar\/d4fe7459cfc51ff5129ce1a732bbef5928568b8092d412ef95611616376bbeed?s=96&d=mm&r=g","caption":"f1000024"},"url":"https:\/\/cvinoticias.com\/v3\/author\/f1000024\/"}]}},"_links":{"self":[{"href":"https:\/\/cvinoticias.com\/v3\/wp-json\/wp\/v2\/posts\/29562","targetHints":{"allow":["GET"]}}],"collection":[{"href":"https:\/\/cvinoticias.com\/v3\/wp-json\/wp\/v2\/posts"}],"about":[{"href":"https:\/\/cvinoticias.com\/v3\/wp-json\/wp\/v2\/types\/post"}],"author":[{"embeddable":true,"href":"https:\/\/cvinoticias.com\/v3\/wp-json\/wp\/v2\/users\/2"}],"replies":[{"embeddable":true,"href":"https:\/\/cvinoticias.com\/v3\/wp-json\/wp\/v2\/comments?post=29562"}],"version-history":[{"count":1,"href":"https:\/\/cvinoticias.com\/v3\/wp-json\/wp\/v2\/posts\/29562\/revisions"}],"predecessor-version":[{"id":29564,"href":"https:\/\/cvinoticias.com\/v3\/wp-json\/wp\/v2\/posts\/29562\/revisions\/29564"}],"wp:featuredmedia":[{"embeddable":true,"href":"https:\/\/cvinoticias.com\/v3\/wp-json\/wp\/v2\/media\/29563"}],"wp:attachment":[{"href":"https:\/\/cvinoticias.com\/v3\/wp-json\/wp\/v2\/media?parent=29562"}],"wp:term":[{"taxonomy":"category","embeddable":true,"href":"https:\/\/cvinoticias.com\/v3\/wp-json\/wp\/v2\/categories?post=29562"},{"taxonomy":"post_tag","embeddable":true,"href":"https:\/\/cvinoticias.com\/v3\/wp-json\/wp\/v2\/tags?post=29562"}],"curies":[{"name":"wp","href":"https:\/\/api.w.org\/{rel}","templated":true}]}}