{"id":29489,"date":"2023-11-01T00:42:17","date_gmt":"2023-11-01T00:42:17","guid":{"rendered":"https:\/\/cvinoticias.com\/v3\/?p=29489"},"modified":"2023-11-01T00:42:17","modified_gmt":"2023-11-01T00:42:17","slug":"la-asamblea-legislativa-se-reune-para-consagrar-las-formulas-presidenciales-que-van-al-balotaje","status":"publish","type":"post","link":"https:\/\/cvinoticias.com\/v3\/la-asamblea-legislativa-se-reune-para-consagrar-las-formulas-presidenciales-que-van-al-balotaje\/","title":{"rendered":"La Asamblea Legislativa se re\u00fane para consagrar las f\u00f3rmulas presidenciales que van al balotaje"},"content":{"rendered":"\n<p><strong><em>La C\u00e1mara que preside Cecilia Moreau tambi\u00e9n abrir\u00e1 el recinto para aceptar las renuncias de tres legisladores y tomar juramento a sus respectivos reemplazantes.<\/em><\/strong><\/p>\n\n\n\n<p>La Asamblea Legislativa se reunir\u00e1 este jueves en la C\u00e1mara de Diputados para proclamar las dos f\u00f3rmulas presidenciales que competir\u00e1n en el balotaje presidencial el pr\u00f3ximo domingo 19 de noviembre.<\/p>\n\n\n\n<p>Antes de cumplir con esta ceremonia formal de consagraci\u00f3n de las f\u00f3rmulas de Uni\u00f3n por la Patria (Sergio Massa-Agust\u00edn Rossi) y de La Libertad Avanza (Javier Milei-Victoria Villarruel), que fue convocada para las 14 horas, el recinto de la C\u00e1mara baja abrir\u00e1 a las 12 horas para considerar la aceptaci\u00f3n de las renuncias de tres legisladores y la jura de sus respectivos reemplazantes.<\/p>\n\n\n\n<p>Con el env\u00edo de los resultados oficiales del escrutinio definitivo por parte de la C\u00e1mara Nacional Electoral, la Asamblea Legislativa, integrada por los 257 diputados y 72 senadores nacionales, cumplir\u00e1 formalmente con el mandato constitucional.<\/p>\n\n\n\n<p>El art\u00edculo 120 del C\u00f3digo Electoral dispone que la Asamblea Legislativa deber\u00e1 \u00abhacer la sumatoria (de votos) para determinar si se deber\u00e1 realizar una segunda vuelta electoral conforme lo dispuesto en el art\u00edculo 96 de la Constituci\u00f3n Nacional\u00bb.<\/p>\n\n\n\n<p>Una vez que la Asamblea Legislativa avale los resultados surgidos del escrutinio definitivo, la Presidencia del Senado comunicar\u00e1 al presidente Alberto Fern\u00e1ndez que ning\u00fan candidato alcanz\u00f3 en la primera vuelta electoral los porcentajes que establece la Constituci\u00f3n Nacional para ser proclamado como mandatario nacional por los pr\u00f3ximos cuatro a\u00f1os.<\/p>\n\n\n\n<p>Transcurrida esa instancia, Uni\u00f3n por la Patria y La Libertad Avanza tendr\u00e1n un plazo de cinco d\u00edas para confirmar o declinar la voluntad de participar en el balotaje.<\/p>\n\n\n\n<p>Al mediod\u00eda, como preludio a la Asamblea Legislativa, se desarrollar\u00e1 la sesi\u00f3n especial pedida por el jefe del bloque oficialista, Germ\u00e1n Mart\u00ednez, para aceptar las renuncias de legisladores y tomar la jura de sus reemplazantes.<\/p>\n\n\n\n<p>Uno de los que har\u00e1 efectiva su renuncia el jueves ser\u00e1 Claudio Poggi (Avanzar San Luis &#8211; Juntos por el Cambio), quien fue elegido gobernador de su provincia en las elecciones del 12 de junio pasado.<\/p>\n\n\n\n<p>Su banca, cuyo mandato tiene vigencia hasta 2025, ser\u00e1 ocupada por el dirigente del Partido Dem\u00f3crata Ricardo Arancibia Rodr\u00edguez.<\/p>\n\n\n\n<p>Tambi\u00e9n renunciar\u00e1 a la banca la intendenta electa de la ciudad de San Miguel de Tucum\u00e1n, Rossana Chahla (Frente de Todos), quien se despidi\u00f3 de la C\u00e1mara de Diputados el s\u00e1bado pasado, y asumi\u00f3 su nuevo cargo como jefa comunal de la capital tucumana este domingo.<\/p>\n\n\n\n<p>Ser\u00e1 reemplazada por la intendenta de Aguilares, El\u00eda Mansilla, quien completar\u00e1 el mandato de Chahla hasta diciembre de 2025.<\/p>\n\n\n\n<p>\u201cMe despido de la presidenta de Diputados, Cecilia Moreau, con agradecimiento y estima por los meses de trabajo que hemos compartido para lograr leyes que mejoren la calidad de vida de los argentinos.\u201d, se\u00f1al\u00f3 Chahla el pasado martes en la red social X.<\/p>\n\n\n\n<p>Por \u00faltimo, tambi\u00e9n se le tomar\u00e1 juramento a la tucumana Mar\u00eda Marcela Herrera (Frente de Todos) en sustituci\u00f3n de su coprovinciano Mario Leito, quien asumir\u00e1 una banca en la Legislatura tucumana.<\/p>\n\n\n\n<p>\u00abFueron cuatro a\u00f1os de trabajo intenso. Me voy con el orgullo de haber cumplido de manera responsable y comprometida con mi mandato y mi palabra: cuando llegu\u00e9, dije que jam\u00e1s iba a votar una ley que vaya en contra de los intereses de Tucum\u00e1n y de los trabajadores. Y as\u00ed fue\u201d, expres\u00f3 Leito.<\/p>\n","protected":false},"excerpt":{"rendered":"<p>La C\u00e1mara que preside Cecilia Moreau tambi\u00e9n abrir\u00e1 el recinto para aceptar las renuncias de tres legisladores y tomar juramento a sus respectivos reemplazantes. La Asamblea Legislativa se reunir\u00e1 este jueves en la C\u00e1mara de Diputados para proclamar las dos f\u00f3rmulas presidenciales que competir\u00e1n en el balotaje presidencial el pr\u00f3ximo domingo 19 de noviembre. Antes [&hellip;]<\/p>\n","protected":false},"author":2,"featured_media":29490,"comment_status":"open","ping_status":"open","sticky":false,"template":"","format":"standard","meta":{"footnotes":""},"categories":[42],"tags":[],"class_list":["post-29489","post","type-post","status-publish","format-standard","has-post-thumbnail","hentry","category-politica"],"yoast_head":"<!-- This site is optimized with the Yoast SEO plugin v27.5 - https:\/\/yoast.com\/product\/yoast-seo-wordpress\/ -->\n<title>La Asamblea Legislativa se re\u00fane para consagrar las f\u00f3rmulas presidenciales que van al balotaje | CVI NOTICIAS<\/title>\n<meta name=\"robots\" content=\"index, follow, max-snippet:-1, max-image-preview:large, max-video-preview:-1\" \/>\n<link rel=\"canonical\" href=\"https:\/\/cvinoticias.com\/v3\/la-asamblea-legislativa-se-reune-para-consagrar-las-formulas-presidenciales-que-van-al-balotaje\/\" \/>\n<meta property=\"og:locale\" content=\"es_ES\" \/>\n<meta property=\"og:type\" content=\"article\" \/>\n<meta property=\"og:title\" content=\"La Asamblea Legislativa se re\u00fane para consagrar las f\u00f3rmulas presidenciales que van al balotaje | CVI NOTICIAS\" \/>\n<meta property=\"og:description\" content=\"La C\u00e1mara que preside Cecilia Moreau tambi\u00e9n abrir\u00e1 el recinto para aceptar las renuncias de tres legisladores y tomar juramento a sus respectivos reemplazantes. La Asamblea Legislativa se reunir\u00e1 este jueves en la C\u00e1mara de Diputados para proclamar las dos f\u00f3rmulas presidenciales que competir\u00e1n en el balotaje presidencial el pr\u00f3ximo domingo 19 de noviembre. Antes [&hellip;]\" \/>\n<meta property=\"og:url\" content=\"https:\/\/cvinoticias.com\/v3\/la-asamblea-legislativa-se-reune-para-consagrar-las-formulas-presidenciales-que-van-al-balotaje\/\" \/>\n<meta property=\"og:site_name\" content=\"CVI NOTICIAS\" \/>\n<meta property=\"article:publisher\" content=\"https:\/\/www.facebook.com\/cvinoticias\" \/>\n<meta property=\"article:published_time\" content=\"2023-11-01T00:42:17+00:00\" \/>\n<meta property=\"og:image\" content=\"https:\/\/cvinoticias.com\/wp-content\/uploads\/2023\/11\/5b064e8cbf46d283823a0267b7b2867c_M.jpg\" \/>\n\t<meta property=\"og:image:width\" content=\"768\" \/>\n\t<meta property=\"og:image:height\" content=\"499\" \/>\n\t<meta property=\"og:image:type\" content=\"image\/jpeg\" \/>\n<meta name=\"author\" content=\"f1000024\" \/>\n<meta name=\"twitter:card\" content=\"summary_large_image\" \/>\n<meta name=\"twitter:label1\" content=\"Escrito por\" \/>\n\t<meta name=\"twitter:data1\" content=\"f1000024\" \/>\n\t<meta name=\"twitter:label2\" content=\"Tiempo de lectura\" \/>\n\t<meta name=\"twitter:data2\" content=\"3 minutos\" \/>\n<script type=\"application\/ld+json\" class=\"yoast-schema-graph\">{\"@context\":\"https:\\\/\\\/schema.org\",\"@graph\":[{\"@type\":\"Article\",\"@id\":\"https:\\\/\\\/cvinoticias.com\\\/v3\\\/la-asamblea-legislativa-se-reune-para-consagrar-las-formulas-presidenciales-que-van-al-balotaje\\\/#article\",\"isPartOf\":{\"@id\":\"https:\\\/\\\/cvinoticias.com\\\/v3\\\/la-asamblea-legislativa-se-reune-para-consagrar-las-formulas-presidenciales-que-van-al-balotaje\\\/\"},\"author\":{\"name\":\"f1000024\",\"@id\":\"https:\\\/\\\/cvinoticias.com\\\/v3\\\/#\\\/schema\\\/person\\\/2db77e3c6bc03c538495d7b2b8be9b66\"},\"headline\":\"La Asamblea Legislativa se re\u00fane para consagrar las f\u00f3rmulas presidenciales que van al balotaje\",\"datePublished\":\"2023-11-01T00:42:17+00:00\",\"mainEntityOfPage\":{\"@id\":\"https:\\\/\\\/cvinoticias.com\\\/v3\\\/la-asamblea-legislativa-se-reune-para-consagrar-las-formulas-presidenciales-que-van-al-balotaje\\\/\"},\"wordCount\":599,\"commentCount\":0,\"publisher\":{\"@id\":\"https:\\\/\\\/cvinoticias.com\\\/v3\\\/#organization\"},\"image\":{\"@id\":\"https:\\\/\\\/cvinoticias.com\\\/v3\\\/la-asamblea-legislativa-se-reune-para-consagrar-las-formulas-presidenciales-que-van-al-balotaje\\\/#primaryimage\"},\"thumbnailUrl\":\"https:\\\/\\\/cvinoticias.com\\\/wp-content\\\/uploads\\\/2023\\\/11\\\/5b064e8cbf46d283823a0267b7b2867c_M.jpg\",\"articleSection\":[\"Politica\"],\"inLanguage\":\"es\",\"potentialAction\":[{\"@type\":\"CommentAction\",\"name\":\"Comment\",\"target\":[\"https:\\\/\\\/cvinoticias.com\\\/v3\\\/la-asamblea-legislativa-se-reune-para-consagrar-las-formulas-presidenciales-que-van-al-balotaje\\\/#respond\"]}]},{\"@type\":\"WebPage\",\"@id\":\"https:\\\/\\\/cvinoticias.com\\\/v3\\\/la-asamblea-legislativa-se-reune-para-consagrar-las-formulas-presidenciales-que-van-al-balotaje\\\/\",\"url\":\"https:\\\/\\\/cvinoticias.com\\\/v3\\\/la-asamblea-legislativa-se-reune-para-consagrar-las-formulas-presidenciales-que-van-al-balotaje\\\/\",\"name\":\"La Asamblea Legislativa se re\u00fane para consagrar las f\u00f3rmulas presidenciales que van al balotaje | CVI NOTICIAS\",\"isPartOf\":{\"@id\":\"https:\\\/\\\/cvinoticias.com\\\/v3\\\/#website\"},\"primaryImageOfPage\":{\"@id\":\"https:\\\/\\\/cvinoticias.com\\\/v3\\\/la-asamblea-legislativa-se-reune-para-consagrar-las-formulas-presidenciales-que-van-al-balotaje\\\/#primaryimage\"},\"image\":{\"@id\":\"https:\\\/\\\/cvinoticias.com\\\/v3\\\/la-asamblea-legislativa-se-reune-para-consagrar-las-formulas-presidenciales-que-van-al-balotaje\\\/#primaryimage\"},\"thumbnailUrl\":\"https:\\\/\\\/cvinoticias.com\\\/wp-content\\\/uploads\\\/2023\\\/11\\\/5b064e8cbf46d283823a0267b7b2867c_M.jpg\",\"datePublished\":\"2023-11-01T00:42:17+00:00\",\"breadcrumb\":{\"@id\":\"https:\\\/\\\/cvinoticias.com\\\/v3\\\/la-asamblea-legislativa-se-reune-para-consagrar-las-formulas-presidenciales-que-van-al-balotaje\\\/#breadcrumb\"},\"inLanguage\":\"es\",\"potentialAction\":[{\"@type\":\"ReadAction\",\"target\":[\"https:\\\/\\\/cvinoticias.com\\\/v3\\\/la-asamblea-legislativa-se-reune-para-consagrar-las-formulas-presidenciales-que-van-al-balotaje\\\/\"]}]},{\"@type\":\"ImageObject\",\"inLanguage\":\"es\",\"@id\":\"https:\\\/\\\/cvinoticias.com\\\/v3\\\/la-asamblea-legislativa-se-reune-para-consagrar-las-formulas-presidenciales-que-van-al-balotaje\\\/#primaryimage\",\"url\":\"https:\\\/\\\/cvinoticias.com\\\/wp-content\\\/uploads\\\/2023\\\/11\\\/5b064e8cbf46d283823a0267b7b2867c_M.jpg\",\"contentUrl\":\"https:\\\/\\\/cvinoticias.com\\\/wp-content\\\/uploads\\\/2023\\\/11\\\/5b064e8cbf46d283823a0267b7b2867c_M.jpg\",\"width\":768,\"height\":499},{\"@type\":\"BreadcrumbList\",\"@id\":\"https:\\\/\\\/cvinoticias.com\\\/v3\\\/la-asamblea-legislativa-se-reune-para-consagrar-las-formulas-presidenciales-que-van-al-balotaje\\\/#breadcrumb\",\"itemListElement\":[{\"@type\":\"ListItem\",\"position\":1,\"name\":\"Portada\",\"item\":\"https:\\\/\\\/cvinoticias.com\\\/v3\\\/\"},{\"@type\":\"ListItem\",\"position\":2,\"name\":\"La Asamblea Legislativa se re\u00fane para consagrar las f\u00f3rmulas presidenciales que van al balotaje\"}]},{\"@type\":\"WebSite\",\"@id\":\"https:\\\/\\\/cvinoticias.com\\\/v3\\\/#website\",\"url\":\"https:\\\/\\\/cvinoticias.com\\\/v3\\\/\",\"name\":\"CVI NOTICIAS\",\"description\":\"\",\"publisher\":{\"@id\":\"https:\\\/\\\/cvinoticias.com\\\/v3\\\/#organization\"},\"alternateName\":\"CVI\",\"potentialAction\":[{\"@type\":\"SearchAction\",\"target\":{\"@type\":\"EntryPoint\",\"urlTemplate\":\"https:\\\/\\\/cvinoticias.com\\\/v3\\\/?s={search_term_string}\"},\"query-input\":{\"@type\":\"PropertyValueSpecification\",\"valueRequired\":true,\"valueName\":\"search_term_string\"}}],\"inLanguage\":\"es\"},{\"@type\":\"Organization\",\"@id\":\"https:\\\/\\\/cvinoticias.com\\\/v3\\\/#organization\",\"name\":\"CVI NOTICIAS\",\"url\":\"https:\\\/\\\/cvinoticias.com\\\/v3\\\/\",\"logo\":{\"@type\":\"ImageObject\",\"inLanguage\":\"es\",\"@id\":\"https:\\\/\\\/cvinoticias.com\\\/v3\\\/#\\\/schema\\\/logo\\\/image\\\/\",\"url\":\"https:\\\/\\\/cvinoticias.com\\\/wp-content\\\/uploads\\\/2023\\\/04\\\/cropped-cropped-cropped-cropped-cropped-3-1.png\",\"contentUrl\":\"https:\\\/\\\/cvinoticias.com\\\/wp-content\\\/uploads\\\/2023\\\/04\\\/cropped-cropped-cropped-cropped-cropped-3-1.png\",\"width\":95,\"height\":122,\"caption\":\"CVI NOTICIAS\"},\"image\":{\"@id\":\"https:\\\/\\\/cvinoticias.com\\\/v3\\\/#\\\/schema\\\/logo\\\/image\\\/\"},\"sameAs\":[\"https:\\\/\\\/www.facebook.com\\\/cvinoticias\",\"https:\\\/\\\/www.instagram.com\\\/cvinoticias\\\/\",\"https:\\\/\\\/www.youtube.com\\\/@CVINOTICIAS\"]},{\"@type\":\"Person\",\"@id\":\"https:\\\/\\\/cvinoticias.com\\\/v3\\\/#\\\/schema\\\/person\\\/2db77e3c6bc03c538495d7b2b8be9b66\",\"name\":\"f1000024\",\"image\":{\"@type\":\"ImageObject\",\"inLanguage\":\"es\",\"@id\":\"https:\\\/\\\/secure.gravatar.com\\\/avatar\\\/d4fe7459cfc51ff5129ce1a732bbef5928568b8092d412ef95611616376bbeed?s=96&d=mm&r=g\",\"url\":\"https:\\\/\\\/secure.gravatar.com\\\/avatar\\\/d4fe7459cfc51ff5129ce1a732bbef5928568b8092d412ef95611616376bbeed?s=96&d=mm&r=g\",\"contentUrl\":\"https:\\\/\\\/secure.gravatar.com\\\/avatar\\\/d4fe7459cfc51ff5129ce1a732bbef5928568b8092d412ef95611616376bbeed?s=96&d=mm&r=g\",\"caption\":\"f1000024\"},\"url\":\"https:\\\/\\\/cvinoticias.com\\\/v3\\\/author\\\/f1000024\\\/\"}]}<\/script>\n<!-- \/ Yoast SEO plugin. -->","yoast_head_json":{"title":"La Asamblea Legislativa se re\u00fane para consagrar las f\u00f3rmulas presidenciales que van al balotaje | CVI NOTICIAS","robots":{"index":"index","follow":"follow","max-snippet":"max-snippet:-1","max-image-preview":"max-image-preview:large","max-video-preview":"max-video-preview:-1"},"canonical":"https:\/\/cvinoticias.com\/v3\/la-asamblea-legislativa-se-reune-para-consagrar-las-formulas-presidenciales-que-van-al-balotaje\/","og_locale":"es_ES","og_type":"article","og_title":"La Asamblea Legislativa se re\u00fane para consagrar las f\u00f3rmulas presidenciales que van al balotaje | CVI NOTICIAS","og_description":"La C\u00e1mara que preside Cecilia Moreau tambi\u00e9n abrir\u00e1 el recinto para aceptar las renuncias de tres legisladores y tomar juramento a sus respectivos reemplazantes. La Asamblea Legislativa se reunir\u00e1 este jueves en la C\u00e1mara de Diputados para proclamar las dos f\u00f3rmulas presidenciales que competir\u00e1n en el balotaje presidencial el pr\u00f3ximo domingo 19 de noviembre. Antes [&hellip;]","og_url":"https:\/\/cvinoticias.com\/v3\/la-asamblea-legislativa-se-reune-para-consagrar-las-formulas-presidenciales-que-van-al-balotaje\/","og_site_name":"CVI NOTICIAS","article_publisher":"https:\/\/www.facebook.com\/cvinoticias","article_published_time":"2023-11-01T00:42:17+00:00","og_image":[{"width":768,"height":499,"url":"https:\/\/cvinoticias.com\/wp-content\/uploads\/2023\/11\/5b064e8cbf46d283823a0267b7b2867c_M.jpg","type":"image\/jpeg"}],"author":"f1000024","twitter_card":"summary_large_image","twitter_misc":{"Escrito por":"f1000024","Tiempo de lectura":"3 minutos"},"schema":{"@context":"https:\/\/schema.org","@graph":[{"@type":"Article","@id":"https:\/\/cvinoticias.com\/v3\/la-asamblea-legislativa-se-reune-para-consagrar-las-formulas-presidenciales-que-van-al-balotaje\/#article","isPartOf":{"@id":"https:\/\/cvinoticias.com\/v3\/la-asamblea-legislativa-se-reune-para-consagrar-las-formulas-presidenciales-que-van-al-balotaje\/"},"author":{"name":"f1000024","@id":"https:\/\/cvinoticias.com\/v3\/#\/schema\/person\/2db77e3c6bc03c538495d7b2b8be9b66"},"headline":"La Asamblea Legislativa se re\u00fane para consagrar las f\u00f3rmulas presidenciales que van al balotaje","datePublished":"2023-11-01T00:42:17+00:00","mainEntityOfPage":{"@id":"https:\/\/cvinoticias.com\/v3\/la-asamblea-legislativa-se-reune-para-consagrar-las-formulas-presidenciales-que-van-al-balotaje\/"},"wordCount":599,"commentCount":0,"publisher":{"@id":"https:\/\/cvinoticias.com\/v3\/#organization"},"image":{"@id":"https:\/\/cvinoticias.com\/v3\/la-asamblea-legislativa-se-reune-para-consagrar-las-formulas-presidenciales-que-van-al-balotaje\/#primaryimage"},"thumbnailUrl":"https:\/\/cvinoticias.com\/wp-content\/uploads\/2023\/11\/5b064e8cbf46d283823a0267b7b2867c_M.jpg","articleSection":["Politica"],"inLanguage":"es","potentialAction":[{"@type":"CommentAction","name":"Comment","target":["https:\/\/cvinoticias.com\/v3\/la-asamblea-legislativa-se-reune-para-consagrar-las-formulas-presidenciales-que-van-al-balotaje\/#respond"]}]},{"@type":"WebPage","@id":"https:\/\/cvinoticias.com\/v3\/la-asamblea-legislativa-se-reune-para-consagrar-las-formulas-presidenciales-que-van-al-balotaje\/","url":"https:\/\/cvinoticias.com\/v3\/la-asamblea-legislativa-se-reune-para-consagrar-las-formulas-presidenciales-que-van-al-balotaje\/","name":"La Asamblea Legislativa se re\u00fane para consagrar las f\u00f3rmulas presidenciales que van al balotaje | CVI NOTICIAS","isPartOf":{"@id":"https:\/\/cvinoticias.com\/v3\/#website"},"primaryImageOfPage":{"@id":"https:\/\/cvinoticias.com\/v3\/la-asamblea-legislativa-se-reune-para-consagrar-las-formulas-presidenciales-que-van-al-balotaje\/#primaryimage"},"image":{"@id":"https:\/\/cvinoticias.com\/v3\/la-asamblea-legislativa-se-reune-para-consagrar-las-formulas-presidenciales-que-van-al-balotaje\/#primaryimage"},"thumbnailUrl":"https:\/\/cvinoticias.com\/wp-content\/uploads\/2023\/11\/5b064e8cbf46d283823a0267b7b2867c_M.jpg","datePublished":"2023-11-01T00:42:17+00:00","breadcrumb":{"@id":"https:\/\/cvinoticias.com\/v3\/la-asamblea-legislativa-se-reune-para-consagrar-las-formulas-presidenciales-que-van-al-balotaje\/#breadcrumb"},"inLanguage":"es","potentialAction":[{"@type":"ReadAction","target":["https:\/\/cvinoticias.com\/v3\/la-asamblea-legislativa-se-reune-para-consagrar-las-formulas-presidenciales-que-van-al-balotaje\/"]}]},{"@type":"ImageObject","inLanguage":"es","@id":"https:\/\/cvinoticias.com\/v3\/la-asamblea-legislativa-se-reune-para-consagrar-las-formulas-presidenciales-que-van-al-balotaje\/#primaryimage","url":"https:\/\/cvinoticias.com\/wp-content\/uploads\/2023\/11\/5b064e8cbf46d283823a0267b7b2867c_M.jpg","contentUrl":"https:\/\/cvinoticias.com\/wp-content\/uploads\/2023\/11\/5b064e8cbf46d283823a0267b7b2867c_M.jpg","width":768,"height":499},{"@type":"BreadcrumbList","@id":"https:\/\/cvinoticias.com\/v3\/la-asamblea-legislativa-se-reune-para-consagrar-las-formulas-presidenciales-que-van-al-balotaje\/#breadcrumb","itemListElement":[{"@type":"ListItem","position":1,"name":"Portada","item":"https:\/\/cvinoticias.com\/v3\/"},{"@type":"ListItem","position":2,"name":"La Asamblea Legislativa se re\u00fane para consagrar las f\u00f3rmulas presidenciales que van al balotaje"}]},{"@type":"WebSite","@id":"https:\/\/cvinoticias.com\/v3\/#website","url":"https:\/\/cvinoticias.com\/v3\/","name":"CVI NOTICIAS","description":"","publisher":{"@id":"https:\/\/cvinoticias.com\/v3\/#organization"},"alternateName":"CVI","potentialAction":[{"@type":"SearchAction","target":{"@type":"EntryPoint","urlTemplate":"https:\/\/cvinoticias.com\/v3\/?s={search_term_string}"},"query-input":{"@type":"PropertyValueSpecification","valueRequired":true,"valueName":"search_term_string"}}],"inLanguage":"es"},{"@type":"Organization","@id":"https:\/\/cvinoticias.com\/v3\/#organization","name":"CVI NOTICIAS","url":"https:\/\/cvinoticias.com\/v3\/","logo":{"@type":"ImageObject","inLanguage":"es","@id":"https:\/\/cvinoticias.com\/v3\/#\/schema\/logo\/image\/","url":"https:\/\/cvinoticias.com\/wp-content\/uploads\/2023\/04\/cropped-cropped-cropped-cropped-cropped-3-1.png","contentUrl":"https:\/\/cvinoticias.com\/wp-content\/uploads\/2023\/04\/cropped-cropped-cropped-cropped-cropped-3-1.png","width":95,"height":122,"caption":"CVI NOTICIAS"},"image":{"@id":"https:\/\/cvinoticias.com\/v3\/#\/schema\/logo\/image\/"},"sameAs":["https:\/\/www.facebook.com\/cvinoticias","https:\/\/www.instagram.com\/cvinoticias\/","https:\/\/www.youtube.com\/@CVINOTICIAS"]},{"@type":"Person","@id":"https:\/\/cvinoticias.com\/v3\/#\/schema\/person\/2db77e3c6bc03c538495d7b2b8be9b66","name":"f1000024","image":{"@type":"ImageObject","inLanguage":"es","@id":"https:\/\/secure.gravatar.com\/avatar\/d4fe7459cfc51ff5129ce1a732bbef5928568b8092d412ef95611616376bbeed?s=96&d=mm&r=g","url":"https:\/\/secure.gravatar.com\/avatar\/d4fe7459cfc51ff5129ce1a732bbef5928568b8092d412ef95611616376bbeed?s=96&d=mm&r=g","contentUrl":"https:\/\/secure.gravatar.com\/avatar\/d4fe7459cfc51ff5129ce1a732bbef5928568b8092d412ef95611616376bbeed?s=96&d=mm&r=g","caption":"f1000024"},"url":"https:\/\/cvinoticias.com\/v3\/author\/f1000024\/"}]}},"_links":{"self":[{"href":"https:\/\/cvinoticias.com\/v3\/wp-json\/wp\/v2\/posts\/29489","targetHints":{"allow":["GET"]}}],"collection":[{"href":"https:\/\/cvinoticias.com\/v3\/wp-json\/wp\/v2\/posts"}],"about":[{"href":"https:\/\/cvinoticias.com\/v3\/wp-json\/wp\/v2\/types\/post"}],"author":[{"embeddable":true,"href":"https:\/\/cvinoticias.com\/v3\/wp-json\/wp\/v2\/users\/2"}],"replies":[{"embeddable":true,"href":"https:\/\/cvinoticias.com\/v3\/wp-json\/wp\/v2\/comments?post=29489"}],"version-history":[{"count":1,"href":"https:\/\/cvinoticias.com\/v3\/wp-json\/wp\/v2\/posts\/29489\/revisions"}],"predecessor-version":[{"id":29491,"href":"https:\/\/cvinoticias.com\/v3\/wp-json\/wp\/v2\/posts\/29489\/revisions\/29491"}],"wp:featuredmedia":[{"embeddable":true,"href":"https:\/\/cvinoticias.com\/v3\/wp-json\/wp\/v2\/media\/29490"}],"wp:attachment":[{"href":"https:\/\/cvinoticias.com\/v3\/wp-json\/wp\/v2\/media?parent=29489"}],"wp:term":[{"taxonomy":"category","embeddable":true,"href":"https:\/\/cvinoticias.com\/v3\/wp-json\/wp\/v2\/categories?post=29489"},{"taxonomy":"post_tag","embeddable":true,"href":"https:\/\/cvinoticias.com\/v3\/wp-json\/wp\/v2\/tags?post=29489"}],"curies":[{"name":"wp","href":"https:\/\/api.w.org\/{rel}","templated":true}]}}