{"id":2946,"date":"2021-02-25T12:31:33","date_gmt":"2021-02-25T12:31:33","guid":{"rendered":"https:\/\/cvinoticias.com\/v3\/?p=2946"},"modified":"2021-02-25T12:31:33","modified_gmt":"2021-02-25T12:31:33","slug":"detuvieron-a-mas-de-30-personas-y-retuvieron-62-vehiculos-en-un-nuevo-operativo-de-seguridad-ciudadana","status":"publish","type":"post","link":"https:\/\/cvinoticias.com\/v3\/detuvieron-a-mas-de-30-personas-y-retuvieron-62-vehiculos-en-un-nuevo-operativo-de-seguridad-ciudadana\/","title":{"rendered":"Detuvieron a m\u00e1s de 30 personas y retuvieron 62 veh\u00edculos en un nuevo Operativo de Seguridad Ciudadana"},"content":{"rendered":"\n<p><strong><em>Una nueva jornada de operativos preventivos con m\u00e1s de 850 efectivos, que se replicaron en los treces Unidades Regionales de toda la Provincia, dejaron un total de 95 infractores. 77 de ellos fueron notificados por Infracci\u00f3n a la Ley Nacional de Tr\u00e1nsito por no contar con seguro obligatorio, verificaci\u00f3n t\u00e9cnica vehicular e identificaci\u00f3n del rodado<\/em><\/strong>.<\/p>\n\n\n\n<p>Asimismo, con apoyo de la Agencia Nacional de Tr\u00e1nsito, se retuvieron 57 motocicletas, cinco autom\u00f3viles y 32 licencias de conducir por las faltas anteriormente mencionadas. En materia de controles de bioseguridad, se notificaron a 18 ciudadanos por Infracci\u00f3n al Decreto de Aislamiento Social por no utilizar barbijos y\/o tapabocas obligatorio.<\/p>\n\n\n\n<p>Finalmente, 34 personas fueron detenidas por diferentes causas, de las cuales cinco de ellas, se entregaron a familiares por ser menores de edad.<\/p>\n\n\n\n<p>Cabe recordar que el lanzamiento de estos despliegues preventivos, que obedecen a medidas impuestas por el Ministerio de Gobierno y la Jefatura de Polic\u00eda, estuvo supervisado por el subjefe de la fuerza provincial, comisario general V\u00edctor Eduardo Maj.<\/p>\n\n\n\n<figure class=\"wp-block-image size-large\"><a href=\"https:\/\/cvinoticias.com\/wp-content\/uploads\/2021\/02\/IMG-20210225-WA0008.jpg\"><img decoding=\"async\" width=\"1024\" height=\"768\" data-src=\"https:\/\/cvinoticias.com\/wp-content\/uploads\/2021\/02\/IMG-20210225-WA0008-1024x768.jpg\" alt=\"\" class=\"wp-image-2948 lazyload\" data-srcset=\"https:\/\/cvinoticias.com\/wp-content\/uploads\/2021\/02\/IMG-20210225-WA0008-1024x768.jpg 1024w, https:\/\/cvinoticias.com\/wp-content\/uploads\/2021\/02\/IMG-20210225-WA0008-300x225.jpg 300w, https:\/\/cvinoticias.com\/wp-content\/uploads\/2021\/02\/IMG-20210225-WA0008-768x576.jpg 768w, https:\/\/cvinoticias.com\/wp-content\/uploads\/2021\/02\/IMG-20210225-WA0008.jpg 1152w\" data-sizes=\"(max-width: 1024px) 100vw, 1024px\" src=\"data:image\/svg+xml;base64,PHN2ZyB3aWR0aD0iMSIgaGVpZ2h0PSIxIiB4bWxucz0iaHR0cDovL3d3dy53My5vcmcvMjAwMC9zdmciPjwvc3ZnPg==\" style=\"--smush-placeholder-width: 1024px; --smush-placeholder-aspect-ratio: 1024\/768;\" \/><\/a><\/figure>\n\n\n\n<figure class=\"wp-block-image size-large\"><a href=\"https:\/\/cvinoticias.com\/wp-content\/uploads\/2021\/02\/IMG-20210225-WA0012.jpg\"><img decoding=\"async\" width=\"856\" height=\"652\" data-src=\"https:\/\/cvinoticias.com\/wp-content\/uploads\/2021\/02\/IMG-20210225-WA0012.jpg\" alt=\"\" class=\"wp-image-2949 lazyload\" data-srcset=\"https:\/\/cvinoticias.com\/wp-content\/uploads\/2021\/02\/IMG-20210225-WA0012.jpg 856w, https:\/\/cvinoticias.com\/wp-content\/uploads\/2021\/02\/IMG-20210225-WA0012-300x229.jpg 300w, https:\/\/cvinoticias.com\/wp-content\/uploads\/2021\/02\/IMG-20210225-WA0012-768x585.jpg 768w\" data-sizes=\"(max-width: 856px) 100vw, 856px\" src=\"data:image\/svg+xml;base64,PHN2ZyB3aWR0aD0iMSIgaGVpZ2h0PSIxIiB4bWxucz0iaHR0cDovL3d3dy53My5vcmcvMjAwMC9zdmciPjwvc3ZnPg==\" style=\"--smush-placeholder-width: 856px; --smush-placeholder-aspect-ratio: 856\/652;\" \/><\/a><\/figure>\n\n\n\n<figure class=\"wp-block-image size-large\"><a href=\"https:\/\/cvinoticias.com\/wp-content\/uploads\/2021\/02\/IMG-20210225-WA0010.jpg\"><img decoding=\"async\" width=\"1024\" height=\"768\" data-src=\"https:\/\/cvinoticias.com\/wp-content\/uploads\/2021\/02\/IMG-20210225-WA0010-1024x768.jpg\" alt=\"\" class=\"wp-image-2950 lazyload\" data-srcset=\"https:\/\/cvinoticias.com\/wp-content\/uploads\/2021\/02\/IMG-20210225-WA0010-1024x768.jpg 1024w, https:\/\/cvinoticias.com\/wp-content\/uploads\/2021\/02\/IMG-20210225-WA0010-300x225.jpg 300w, https:\/\/cvinoticias.com\/wp-content\/uploads\/2021\/02\/IMG-20210225-WA0010-768x576.jpg 768w, https:\/\/cvinoticias.com\/wp-content\/uploads\/2021\/02\/IMG-20210225-WA0010.jpg 1080w\" data-sizes=\"(max-width: 1024px) 100vw, 1024px\" src=\"data:image\/svg+xml;base64,PHN2ZyB3aWR0aD0iMSIgaGVpZ2h0PSIxIiB4bWxucz0iaHR0cDovL3d3dy53My5vcmcvMjAwMC9zdmciPjwvc3ZnPg==\" style=\"--smush-placeholder-width: 1024px; --smush-placeholder-aspect-ratio: 1024\/768;\" \/><\/a><\/figure>\n","protected":false},"excerpt":{"rendered":"<p>Una nueva jornada de operativos preventivos con m\u00e1s de 850 efectivos, que se replicaron en los treces Unidades Regionales de toda la Provincia, dejaron un total de 95 infractores. 77 de ellos fueron notificados por Infracci\u00f3n a la Ley Nacional de Tr\u00e1nsito por no contar con seguro obligatorio, verificaci\u00f3n t\u00e9cnica vehicular e identificaci\u00f3n del rodado. [&hellip;]<\/p>\n","protected":false},"author":2,"featured_media":2947,"comment_status":"open","ping_status":"open","sticky":false,"template":"","format":"standard","meta":{"footnotes":""},"categories":[45],"tags":[],"class_list":["post-2946","post","type-post","status-publish","format-standard","has-post-thumbnail","hentry","category-seguridad"],"yoast_head":"<!-- This site is optimized with the Yoast SEO plugin v27.4 - https:\/\/yoast.com\/product\/yoast-seo-wordpress\/ -->\n<title>Detuvieron a m\u00e1s de 30 personas y retuvieron 62 veh\u00edculos en un nuevo Operativo de Seguridad Ciudadana | CVI NOTICIAS<\/title>\n<meta name=\"robots\" content=\"index, follow, max-snippet:-1, max-image-preview:large, max-video-preview:-1\" \/>\n<link rel=\"canonical\" href=\"https:\/\/cvinoticias.com\/v3\/detuvieron-a-mas-de-30-personas-y-retuvieron-62-vehiculos-en-un-nuevo-operativo-de-seguridad-ciudadana\/\" \/>\n<meta property=\"og:locale\" content=\"es_ES\" \/>\n<meta property=\"og:type\" content=\"article\" \/>\n<meta property=\"og:title\" content=\"Detuvieron a m\u00e1s de 30 personas y retuvieron 62 veh\u00edculos en un nuevo Operativo de Seguridad Ciudadana | CVI NOTICIAS\" \/>\n<meta property=\"og:description\" content=\"Una nueva jornada de operativos preventivos con m\u00e1s de 850 efectivos, que se replicaron en los treces Unidades Regionales de toda la Provincia, dejaron un total de 95 infractores. 77 de ellos fueron notificados por Infracci\u00f3n a la Ley Nacional de Tr\u00e1nsito por no contar con seguro obligatorio, verificaci\u00f3n t\u00e9cnica vehicular e identificaci\u00f3n del rodado. [&hellip;]\" \/>\n<meta property=\"og:url\" content=\"https:\/\/cvinoticias.com\/v3\/detuvieron-a-mas-de-30-personas-y-retuvieron-62-vehiculos-en-un-nuevo-operativo-de-seguridad-ciudadana\/\" \/>\n<meta property=\"og:site_name\" content=\"CVI NOTICIAS\" \/>\n<meta property=\"article:publisher\" content=\"https:\/\/www.facebook.com\/cvinoticias\" \/>\n<meta property=\"article:published_time\" content=\"2021-02-25T12:31:33+00:00\" \/>\n<meta property=\"og:image\" content=\"https:\/\/cvinoticias.com\/wp-content\/uploads\/2021\/02\/IMG-20210225-WA0009.jpg\" \/>\n\t<meta property=\"og:image:width\" content=\"1280\" \/>\n\t<meta property=\"og:image:height\" content=\"852\" \/>\n\t<meta property=\"og:image:type\" content=\"image\/jpeg\" \/>\n<meta name=\"author\" content=\"f1000024\" \/>\n<meta name=\"twitter:card\" content=\"summary_large_image\" \/>\n<meta name=\"twitter:label1\" content=\"Escrito por\" \/>\n\t<meta name=\"twitter:data1\" content=\"f1000024\" \/>\n\t<meta name=\"twitter:label2\" content=\"Tiempo de lectura\" \/>\n\t<meta name=\"twitter:data2\" content=\"1 minuto\" \/>\n<script type=\"application\/ld+json\" class=\"yoast-schema-graph\">{\"@context\":\"https:\\\/\\\/schema.org\",\"@graph\":[{\"@type\":\"Article\",\"@id\":\"https:\\\/\\\/cvinoticias.com\\\/v3\\\/detuvieron-a-mas-de-30-personas-y-retuvieron-62-vehiculos-en-un-nuevo-operativo-de-seguridad-ciudadana\\\/#article\",\"isPartOf\":{\"@id\":\"https:\\\/\\\/cvinoticias.com\\\/v3\\\/detuvieron-a-mas-de-30-personas-y-retuvieron-62-vehiculos-en-un-nuevo-operativo-de-seguridad-ciudadana\\\/\"},\"author\":{\"name\":\"f1000024\",\"@id\":\"https:\\\/\\\/cvinoticias.com\\\/v3\\\/#\\\/schema\\\/person\\\/2db77e3c6bc03c538495d7b2b8be9b66\"},\"headline\":\"Detuvieron a m\u00e1s de 30 personas y retuvieron 62 veh\u00edculos en un nuevo Operativo de Seguridad Ciudadana\",\"datePublished\":\"2021-02-25T12:31:33+00:00\",\"mainEntityOfPage\":{\"@id\":\"https:\\\/\\\/cvinoticias.com\\\/v3\\\/detuvieron-a-mas-de-30-personas-y-retuvieron-62-vehiculos-en-un-nuevo-operativo-de-seguridad-ciudadana\\\/\"},\"wordCount\":188,\"commentCount\":0,\"publisher\":{\"@id\":\"https:\\\/\\\/cvinoticias.com\\\/v3\\\/#organization\"},\"image\":{\"@id\":\"https:\\\/\\\/cvinoticias.com\\\/v3\\\/detuvieron-a-mas-de-30-personas-y-retuvieron-62-vehiculos-en-un-nuevo-operativo-de-seguridad-ciudadana\\\/#primaryimage\"},\"thumbnailUrl\":\"https:\\\/\\\/cvinoticias.com\\\/wp-content\\\/uploads\\\/2021\\\/02\\\/IMG-20210225-WA0009.jpg\",\"articleSection\":[\"Seguridad\"],\"inLanguage\":\"es\",\"potentialAction\":[{\"@type\":\"CommentAction\",\"name\":\"Comment\",\"target\":[\"https:\\\/\\\/cvinoticias.com\\\/v3\\\/detuvieron-a-mas-de-30-personas-y-retuvieron-62-vehiculos-en-un-nuevo-operativo-de-seguridad-ciudadana\\\/#respond\"]}]},{\"@type\":\"WebPage\",\"@id\":\"https:\\\/\\\/cvinoticias.com\\\/v3\\\/detuvieron-a-mas-de-30-personas-y-retuvieron-62-vehiculos-en-un-nuevo-operativo-de-seguridad-ciudadana\\\/\",\"url\":\"https:\\\/\\\/cvinoticias.com\\\/v3\\\/detuvieron-a-mas-de-30-personas-y-retuvieron-62-vehiculos-en-un-nuevo-operativo-de-seguridad-ciudadana\\\/\",\"name\":\"Detuvieron a m\u00e1s de 30 personas y retuvieron 62 veh\u00edculos en un nuevo Operativo de Seguridad Ciudadana | CVI NOTICIAS\",\"isPartOf\":{\"@id\":\"https:\\\/\\\/cvinoticias.com\\\/v3\\\/#website\"},\"primaryImageOfPage\":{\"@id\":\"https:\\\/\\\/cvinoticias.com\\\/v3\\\/detuvieron-a-mas-de-30-personas-y-retuvieron-62-vehiculos-en-un-nuevo-operativo-de-seguridad-ciudadana\\\/#primaryimage\"},\"image\":{\"@id\":\"https:\\\/\\\/cvinoticias.com\\\/v3\\\/detuvieron-a-mas-de-30-personas-y-retuvieron-62-vehiculos-en-un-nuevo-operativo-de-seguridad-ciudadana\\\/#primaryimage\"},\"thumbnailUrl\":\"https:\\\/\\\/cvinoticias.com\\\/wp-content\\\/uploads\\\/2021\\\/02\\\/IMG-20210225-WA0009.jpg\",\"datePublished\":\"2021-02-25T12:31:33+00:00\",\"breadcrumb\":{\"@id\":\"https:\\\/\\\/cvinoticias.com\\\/v3\\\/detuvieron-a-mas-de-30-personas-y-retuvieron-62-vehiculos-en-un-nuevo-operativo-de-seguridad-ciudadana\\\/#breadcrumb\"},\"inLanguage\":\"es\",\"potentialAction\":[{\"@type\":\"ReadAction\",\"target\":[\"https:\\\/\\\/cvinoticias.com\\\/v3\\\/detuvieron-a-mas-de-30-personas-y-retuvieron-62-vehiculos-en-un-nuevo-operativo-de-seguridad-ciudadana\\\/\"]}]},{\"@type\":\"ImageObject\",\"inLanguage\":\"es\",\"@id\":\"https:\\\/\\\/cvinoticias.com\\\/v3\\\/detuvieron-a-mas-de-30-personas-y-retuvieron-62-vehiculos-en-un-nuevo-operativo-de-seguridad-ciudadana\\\/#primaryimage\",\"url\":\"https:\\\/\\\/cvinoticias.com\\\/wp-content\\\/uploads\\\/2021\\\/02\\\/IMG-20210225-WA0009.jpg\",\"contentUrl\":\"https:\\\/\\\/cvinoticias.com\\\/wp-content\\\/uploads\\\/2021\\\/02\\\/IMG-20210225-WA0009.jpg\",\"width\":1280,\"height\":852},{\"@type\":\"BreadcrumbList\",\"@id\":\"https:\\\/\\\/cvinoticias.com\\\/v3\\\/detuvieron-a-mas-de-30-personas-y-retuvieron-62-vehiculos-en-un-nuevo-operativo-de-seguridad-ciudadana\\\/#breadcrumb\",\"itemListElement\":[{\"@type\":\"ListItem\",\"position\":1,\"name\":\"Portada\",\"item\":\"https:\\\/\\\/cvinoticias.com\\\/v3\\\/\"},{\"@type\":\"ListItem\",\"position\":2,\"name\":\"Detuvieron a m\u00e1s de 30 personas y retuvieron 62 veh\u00edculos en un nuevo Operativo de Seguridad Ciudadana\"}]},{\"@type\":\"WebSite\",\"@id\":\"https:\\\/\\\/cvinoticias.com\\\/v3\\\/#website\",\"url\":\"https:\\\/\\\/cvinoticias.com\\\/v3\\\/\",\"name\":\"CVI NOTICIAS\",\"description\":\"\",\"publisher\":{\"@id\":\"https:\\\/\\\/cvinoticias.com\\\/v3\\\/#organization\"},\"alternateName\":\"CVI\",\"potentialAction\":[{\"@type\":\"SearchAction\",\"target\":{\"@type\":\"EntryPoint\",\"urlTemplate\":\"https:\\\/\\\/cvinoticias.com\\\/v3\\\/?s={search_term_string}\"},\"query-input\":{\"@type\":\"PropertyValueSpecification\",\"valueRequired\":true,\"valueName\":\"search_term_string\"}}],\"inLanguage\":\"es\"},{\"@type\":\"Organization\",\"@id\":\"https:\\\/\\\/cvinoticias.com\\\/v3\\\/#organization\",\"name\":\"CVI NOTICIAS\",\"url\":\"https:\\\/\\\/cvinoticias.com\\\/v3\\\/\",\"logo\":{\"@type\":\"ImageObject\",\"inLanguage\":\"es\",\"@id\":\"https:\\\/\\\/cvinoticias.com\\\/v3\\\/#\\\/schema\\\/logo\\\/image\\\/\",\"url\":\"https:\\\/\\\/cvinoticias.com\\\/wp-content\\\/uploads\\\/2023\\\/04\\\/cropped-cropped-cropped-cropped-cropped-3-1.png\",\"contentUrl\":\"https:\\\/\\\/cvinoticias.com\\\/wp-content\\\/uploads\\\/2023\\\/04\\\/cropped-cropped-cropped-cropped-cropped-3-1.png\",\"width\":95,\"height\":122,\"caption\":\"CVI NOTICIAS\"},\"image\":{\"@id\":\"https:\\\/\\\/cvinoticias.com\\\/v3\\\/#\\\/schema\\\/logo\\\/image\\\/\"},\"sameAs\":[\"https:\\\/\\\/www.facebook.com\\\/cvinoticias\",\"https:\\\/\\\/www.instagram.com\\\/cvinoticias\\\/\",\"https:\\\/\\\/www.youtube.com\\\/@CVINOTICIAS\"]},{\"@type\":\"Person\",\"@id\":\"https:\\\/\\\/cvinoticias.com\\\/v3\\\/#\\\/schema\\\/person\\\/2db77e3c6bc03c538495d7b2b8be9b66\",\"name\":\"f1000024\",\"image\":{\"@type\":\"ImageObject\",\"inLanguage\":\"es\",\"@id\":\"https:\\\/\\\/secure.gravatar.com\\\/avatar\\\/d4fe7459cfc51ff5129ce1a732bbef5928568b8092d412ef95611616376bbeed?s=96&d=mm&r=g\",\"url\":\"https:\\\/\\\/secure.gravatar.com\\\/avatar\\\/d4fe7459cfc51ff5129ce1a732bbef5928568b8092d412ef95611616376bbeed?s=96&d=mm&r=g\",\"contentUrl\":\"https:\\\/\\\/secure.gravatar.com\\\/avatar\\\/d4fe7459cfc51ff5129ce1a732bbef5928568b8092d412ef95611616376bbeed?s=96&d=mm&r=g\",\"caption\":\"f1000024\"},\"url\":\"https:\\\/\\\/cvinoticias.com\\\/v3\\\/author\\\/f1000024\\\/\"}]}<\/script>\n<!-- \/ Yoast SEO plugin. -->","yoast_head_json":{"title":"Detuvieron a m\u00e1s de 30 personas y retuvieron 62 veh\u00edculos en un nuevo Operativo de Seguridad Ciudadana | CVI NOTICIAS","robots":{"index":"index","follow":"follow","max-snippet":"max-snippet:-1","max-image-preview":"max-image-preview:large","max-video-preview":"max-video-preview:-1"},"canonical":"https:\/\/cvinoticias.com\/v3\/detuvieron-a-mas-de-30-personas-y-retuvieron-62-vehiculos-en-un-nuevo-operativo-de-seguridad-ciudadana\/","og_locale":"es_ES","og_type":"article","og_title":"Detuvieron a m\u00e1s de 30 personas y retuvieron 62 veh\u00edculos en un nuevo Operativo de Seguridad Ciudadana | CVI NOTICIAS","og_description":"Una nueva jornada de operativos preventivos con m\u00e1s de 850 efectivos, que se replicaron en los treces Unidades Regionales de toda la Provincia, dejaron un total de 95 infractores. 77 de ellos fueron notificados por Infracci\u00f3n a la Ley Nacional de Tr\u00e1nsito por no contar con seguro obligatorio, verificaci\u00f3n t\u00e9cnica vehicular e identificaci\u00f3n del rodado. [&hellip;]","og_url":"https:\/\/cvinoticias.com\/v3\/detuvieron-a-mas-de-30-personas-y-retuvieron-62-vehiculos-en-un-nuevo-operativo-de-seguridad-ciudadana\/","og_site_name":"CVI NOTICIAS","article_publisher":"https:\/\/www.facebook.com\/cvinoticias","article_published_time":"2021-02-25T12:31:33+00:00","og_image":[{"width":1280,"height":852,"url":"https:\/\/cvinoticias.com\/wp-content\/uploads\/2021\/02\/IMG-20210225-WA0009.jpg","type":"image\/jpeg"}],"author":"f1000024","twitter_card":"summary_large_image","twitter_misc":{"Escrito por":"f1000024","Tiempo de lectura":"1 minuto"},"schema":{"@context":"https:\/\/schema.org","@graph":[{"@type":"Article","@id":"https:\/\/cvinoticias.com\/v3\/detuvieron-a-mas-de-30-personas-y-retuvieron-62-vehiculos-en-un-nuevo-operativo-de-seguridad-ciudadana\/#article","isPartOf":{"@id":"https:\/\/cvinoticias.com\/v3\/detuvieron-a-mas-de-30-personas-y-retuvieron-62-vehiculos-en-un-nuevo-operativo-de-seguridad-ciudadana\/"},"author":{"name":"f1000024","@id":"https:\/\/cvinoticias.com\/v3\/#\/schema\/person\/2db77e3c6bc03c538495d7b2b8be9b66"},"headline":"Detuvieron a m\u00e1s de 30 personas y retuvieron 62 veh\u00edculos en un nuevo Operativo de Seguridad Ciudadana","datePublished":"2021-02-25T12:31:33+00:00","mainEntityOfPage":{"@id":"https:\/\/cvinoticias.com\/v3\/detuvieron-a-mas-de-30-personas-y-retuvieron-62-vehiculos-en-un-nuevo-operativo-de-seguridad-ciudadana\/"},"wordCount":188,"commentCount":0,"publisher":{"@id":"https:\/\/cvinoticias.com\/v3\/#organization"},"image":{"@id":"https:\/\/cvinoticias.com\/v3\/detuvieron-a-mas-de-30-personas-y-retuvieron-62-vehiculos-en-un-nuevo-operativo-de-seguridad-ciudadana\/#primaryimage"},"thumbnailUrl":"https:\/\/cvinoticias.com\/wp-content\/uploads\/2021\/02\/IMG-20210225-WA0009.jpg","articleSection":["Seguridad"],"inLanguage":"es","potentialAction":[{"@type":"CommentAction","name":"Comment","target":["https:\/\/cvinoticias.com\/v3\/detuvieron-a-mas-de-30-personas-y-retuvieron-62-vehiculos-en-un-nuevo-operativo-de-seguridad-ciudadana\/#respond"]}]},{"@type":"WebPage","@id":"https:\/\/cvinoticias.com\/v3\/detuvieron-a-mas-de-30-personas-y-retuvieron-62-vehiculos-en-un-nuevo-operativo-de-seguridad-ciudadana\/","url":"https:\/\/cvinoticias.com\/v3\/detuvieron-a-mas-de-30-personas-y-retuvieron-62-vehiculos-en-un-nuevo-operativo-de-seguridad-ciudadana\/","name":"Detuvieron a m\u00e1s de 30 personas y retuvieron 62 veh\u00edculos en un nuevo Operativo de Seguridad Ciudadana | CVI NOTICIAS","isPartOf":{"@id":"https:\/\/cvinoticias.com\/v3\/#website"},"primaryImageOfPage":{"@id":"https:\/\/cvinoticias.com\/v3\/detuvieron-a-mas-de-30-personas-y-retuvieron-62-vehiculos-en-un-nuevo-operativo-de-seguridad-ciudadana\/#primaryimage"},"image":{"@id":"https:\/\/cvinoticias.com\/v3\/detuvieron-a-mas-de-30-personas-y-retuvieron-62-vehiculos-en-un-nuevo-operativo-de-seguridad-ciudadana\/#primaryimage"},"thumbnailUrl":"https:\/\/cvinoticias.com\/wp-content\/uploads\/2021\/02\/IMG-20210225-WA0009.jpg","datePublished":"2021-02-25T12:31:33+00:00","breadcrumb":{"@id":"https:\/\/cvinoticias.com\/v3\/detuvieron-a-mas-de-30-personas-y-retuvieron-62-vehiculos-en-un-nuevo-operativo-de-seguridad-ciudadana\/#breadcrumb"},"inLanguage":"es","potentialAction":[{"@type":"ReadAction","target":["https:\/\/cvinoticias.com\/v3\/detuvieron-a-mas-de-30-personas-y-retuvieron-62-vehiculos-en-un-nuevo-operativo-de-seguridad-ciudadana\/"]}]},{"@type":"ImageObject","inLanguage":"es","@id":"https:\/\/cvinoticias.com\/v3\/detuvieron-a-mas-de-30-personas-y-retuvieron-62-vehiculos-en-un-nuevo-operativo-de-seguridad-ciudadana\/#primaryimage","url":"https:\/\/cvinoticias.com\/wp-content\/uploads\/2021\/02\/IMG-20210225-WA0009.jpg","contentUrl":"https:\/\/cvinoticias.com\/wp-content\/uploads\/2021\/02\/IMG-20210225-WA0009.jpg","width":1280,"height":852},{"@type":"BreadcrumbList","@id":"https:\/\/cvinoticias.com\/v3\/detuvieron-a-mas-de-30-personas-y-retuvieron-62-vehiculos-en-un-nuevo-operativo-de-seguridad-ciudadana\/#breadcrumb","itemListElement":[{"@type":"ListItem","position":1,"name":"Portada","item":"https:\/\/cvinoticias.com\/v3\/"},{"@type":"ListItem","position":2,"name":"Detuvieron a m\u00e1s de 30 personas y retuvieron 62 veh\u00edculos en un nuevo Operativo de Seguridad Ciudadana"}]},{"@type":"WebSite","@id":"https:\/\/cvinoticias.com\/v3\/#website","url":"https:\/\/cvinoticias.com\/v3\/","name":"CVI NOTICIAS","description":"","publisher":{"@id":"https:\/\/cvinoticias.com\/v3\/#organization"},"alternateName":"CVI","potentialAction":[{"@type":"SearchAction","target":{"@type":"EntryPoint","urlTemplate":"https:\/\/cvinoticias.com\/v3\/?s={search_term_string}"},"query-input":{"@type":"PropertyValueSpecification","valueRequired":true,"valueName":"search_term_string"}}],"inLanguage":"es"},{"@type":"Organization","@id":"https:\/\/cvinoticias.com\/v3\/#organization","name":"CVI NOTICIAS","url":"https:\/\/cvinoticias.com\/v3\/","logo":{"@type":"ImageObject","inLanguage":"es","@id":"https:\/\/cvinoticias.com\/v3\/#\/schema\/logo\/image\/","url":"https:\/\/cvinoticias.com\/wp-content\/uploads\/2023\/04\/cropped-cropped-cropped-cropped-cropped-3-1.png","contentUrl":"https:\/\/cvinoticias.com\/wp-content\/uploads\/2023\/04\/cropped-cropped-cropped-cropped-cropped-3-1.png","width":95,"height":122,"caption":"CVI NOTICIAS"},"image":{"@id":"https:\/\/cvinoticias.com\/v3\/#\/schema\/logo\/image\/"},"sameAs":["https:\/\/www.facebook.com\/cvinoticias","https:\/\/www.instagram.com\/cvinoticias\/","https:\/\/www.youtube.com\/@CVINOTICIAS"]},{"@type":"Person","@id":"https:\/\/cvinoticias.com\/v3\/#\/schema\/person\/2db77e3c6bc03c538495d7b2b8be9b66","name":"f1000024","image":{"@type":"ImageObject","inLanguage":"es","@id":"https:\/\/secure.gravatar.com\/avatar\/d4fe7459cfc51ff5129ce1a732bbef5928568b8092d412ef95611616376bbeed?s=96&d=mm&r=g","url":"https:\/\/secure.gravatar.com\/avatar\/d4fe7459cfc51ff5129ce1a732bbef5928568b8092d412ef95611616376bbeed?s=96&d=mm&r=g","contentUrl":"https:\/\/secure.gravatar.com\/avatar\/d4fe7459cfc51ff5129ce1a732bbef5928568b8092d412ef95611616376bbeed?s=96&d=mm&r=g","caption":"f1000024"},"url":"https:\/\/cvinoticias.com\/v3\/author\/f1000024\/"}]}},"_links":{"self":[{"href":"https:\/\/cvinoticias.com\/v3\/wp-json\/wp\/v2\/posts\/2946","targetHints":{"allow":["GET"]}}],"collection":[{"href":"https:\/\/cvinoticias.com\/v3\/wp-json\/wp\/v2\/posts"}],"about":[{"href":"https:\/\/cvinoticias.com\/v3\/wp-json\/wp\/v2\/types\/post"}],"author":[{"embeddable":true,"href":"https:\/\/cvinoticias.com\/v3\/wp-json\/wp\/v2\/users\/2"}],"replies":[{"embeddable":true,"href":"https:\/\/cvinoticias.com\/v3\/wp-json\/wp\/v2\/comments?post=2946"}],"version-history":[{"count":1,"href":"https:\/\/cvinoticias.com\/v3\/wp-json\/wp\/v2\/posts\/2946\/revisions"}],"predecessor-version":[{"id":2951,"href":"https:\/\/cvinoticias.com\/v3\/wp-json\/wp\/v2\/posts\/2946\/revisions\/2951"}],"wp:featuredmedia":[{"embeddable":true,"href":"https:\/\/cvinoticias.com\/v3\/wp-json\/wp\/v2\/media\/2947"}],"wp:attachment":[{"href":"https:\/\/cvinoticias.com\/v3\/wp-json\/wp\/v2\/media?parent=2946"}],"wp:term":[{"taxonomy":"category","embeddable":true,"href":"https:\/\/cvinoticias.com\/v3\/wp-json\/wp\/v2\/categories?post=2946"},{"taxonomy":"post_tag","embeddable":true,"href":"https:\/\/cvinoticias.com\/v3\/wp-json\/wp\/v2\/tags?post=2946"}],"curies":[{"name":"wp","href":"https:\/\/api.w.org\/{rel}","templated":true}]}}