{"id":29352,"date":"2023-10-27T11:50:06","date_gmt":"2023-10-27T11:50:06","guid":{"rendered":"https:\/\/cvinoticias.com\/v3\/?p=29352"},"modified":"2023-10-27T11:52:18","modified_gmt":"2023-10-27T11:52:18","slug":"el-gobierno-autorizo-un-incremento-del-89-en-el-precio-de-la-harina-subsidiada-para-elaborar-pan","status":"publish","type":"post","link":"https:\/\/cvinoticias.com\/v3\/el-gobierno-autorizo-un-incremento-del-89-en-el-precio-de-la-harina-subsidiada-para-elaborar-pan\/","title":{"rendered":"El Gobierno autoriz\u00f3 un incremento del 8,9% en el precio de la harina subsidiada para elaborar pan"},"content":{"rendered":"\n<p><strong><em>El Gobierno nacional defini\u00f3 un incremento del 8,9% en los precios de referencia de la harina com\u00fan 000 a la salida del molino, a trav\u00e9s de la resoluci\u00f3n 1869\/2023 publicada este jueves en el Bolet\u00edn Oficial, en el marco del Fondo Estabilizador del Trigo Argentino (Feta).<\/em><\/strong><\/p>\n\n\n\n<p>De este modo, el precio de las bolsas de 25 kilos qued\u00f3 establecido en $2825, frente a los $2594 que estaban vigentes desde el 11 de septiembre.<\/p>\n\n\n\n<p>En tanto, el valor de la tonelada qued\u00f3 fijado en $110.881,25, tomando como referencia un precio del trigo de $ 59.585,07 por tonelada, frente a los $ 54.715,40 de la actualizaci\u00f3n previa, seg\u00fan la disposici\u00f3n firmada por el secretario de Comercio, Mat\u00edas Tombolini.<\/p>\n\n\n\n<p>Los precios en todas las variedades son sin impuestos, a la salida del molino y sin costos de entrega, a lo que se le debe incorporar los siguientes costos log\u00edsticos por regi\u00f3n: ciudad y provincia de Buenos Aires (3,50%); Centro, Cuyo y Litoral (5,50%) NEA y NOA (7%) y Patagonia (10,5%).<\/p>\n\n\n\n<p>Estos incrementos se dieron en el marco del Fondo Estabilizador del Trigo Argentino (Feta), que cre\u00f3 el Gobierno para subsidiar el precio de la harina y tratar de abaratar el valor del pan.<\/p>\n\n\n\n<p>En los \u201cconsiderandos\u201d de la disposici\u00f3n, se se\u00f1ala que este fideicomiso \u201cprocura garantizar un valor de referencia para el trigo en el mercado interno que permita conservar una estabilidad en la participaci\u00f3n de la bolsa de harina como componente del costo de los productos que de \u00e9sta se derivan\u201d.<\/p>\n\n\n\n<p>All\u00ed tambi\u00e9n se indica que el Estado Nacional viene adoptando \u201cuna serie de pol\u00edticas p\u00fablicas que buscan estabilizar los precios de los productos a favor del consumidor\u201d, como el programa \u201cPrecios Justos\u201d, creado por la Resoluci\u00f3n N\u00b0 823 del 10 de noviembre de 2022<\/p>\n\n\n\n<p>Por eso, a fin de mejorar el impacto de la herramienta financiera tanto en la estructura de costos como en el producto al consumidor, la resoluci\u00f3n indic\u00f3 que \u201cresulta necesario aumentar la oferta de la harina con compensaci\u00f3n en el mercado y, asimismo, actualizar sus valores para que sean consecuentes con la evoluci\u00f3n del resto de los componentes del costo de los productos derivados de la harina de trigo\u201d.<\/p>\n\n\n\n<p><strong>FIDEICOMISO POL\u00c9MICO<\/strong><\/p>\n\n\n\n<p>El Feta fue ideado para subsidiar a la bolsa de harina con un 1,3% de lo recaudado con las retenciones de los derivados de la soja.<\/p>\n\n\n\n<p>El fideicomiso se dispuso mediante el Decreto 132\/2022 del 19 de marzo del a\u00f1o pasado, \u201cdebido el aumento sostenido del precio de los alimentos\u201d, que \u201cimpact\u00f3 fuertemente en el trigo, el ma\u00edz, el girasol y sus derivados a partir del inicio del conflicto b\u00e9lico entre Rusia y Ucrania\u201d.<\/p>\n\n\n\n<p>\u201cLa implementaci\u00f3n de los precios subsidiados procura garantizar un valor de referencia para el trigo en el mercado interno, que permita conservar una estabilidad en la participaci\u00f3n de la bolsa de harina como componente del costo de los productos que de \u00e9sta se derivan\u201d, remarcaron desde el Gobierno.<\/p>\n\n\n\n<p>Sin embargo, la herramienta gener\u00f3 controversias en la cadena de valor del cereal de invierno.<\/p>\n\n\n\n<p>Mientras los productores agropecuarios y una parte de los molinos se oponen, ya que consideran que no logra el objetivo buscado y distorsiona el mercado, otra parte de la industria, como los panaderos, la consideran necesaria para amortiguar los efectos de la inflaci\u00f3n.<\/p>\n","protected":false},"excerpt":{"rendered":"<p>El Gobierno nacional defini\u00f3 un incremento del 8,9% en los precios de referencia de la harina com\u00fan 000 a la salida del molino, a trav\u00e9s de la resoluci\u00f3n 1869\/2023 publicada este jueves en el Bolet\u00edn Oficial, en el marco del Fondo Estabilizador del Trigo Argentino (Feta). De este modo, el precio de las bolsas de [&hellip;]<\/p>\n","protected":false},"author":2,"featured_media":29353,"comment_status":"open","ping_status":"open","sticky":false,"template":"","format":"standard","meta":{"footnotes":""},"categories":[32],"tags":[],"class_list":["post-29352","post","type-post","status-publish","format-standard","has-post-thumbnail","hentry","category-economia"],"yoast_head":"<!-- This site is optimized with the Yoast SEO plugin v27.5 - https:\/\/yoast.com\/product\/yoast-seo-wordpress\/ -->\n<title>El Gobierno autoriz\u00f3 un incremento del 8,9% en el precio de la harina subsidiada para elaborar pan | CVI NOTICIAS<\/title>\n<meta name=\"robots\" content=\"index, follow, max-snippet:-1, max-image-preview:large, max-video-preview:-1\" \/>\n<link rel=\"canonical\" href=\"https:\/\/cvinoticias.com\/v3\/el-gobierno-autorizo-un-incremento-del-89-en-el-precio-de-la-harina-subsidiada-para-elaborar-pan\/\" \/>\n<meta property=\"og:locale\" content=\"es_ES\" \/>\n<meta property=\"og:type\" content=\"article\" \/>\n<meta property=\"og:title\" content=\"El Gobierno autoriz\u00f3 un incremento del 8,9% en el precio de la harina subsidiada para elaborar pan | CVI NOTICIAS\" \/>\n<meta property=\"og:description\" content=\"El Gobierno nacional defini\u00f3 un incremento del 8,9% en los precios de referencia de la harina com\u00fan 000 a la salida del molino, a trav\u00e9s de la resoluci\u00f3n 1869\/2023 publicada este jueves en el Bolet\u00edn Oficial, en el marco del Fondo Estabilizador del Trigo Argentino (Feta). De este modo, el precio de las bolsas de [&hellip;]\" \/>\n<meta property=\"og:url\" content=\"https:\/\/cvinoticias.com\/v3\/el-gobierno-autorizo-un-incremento-del-89-en-el-precio-de-la-harina-subsidiada-para-elaborar-pan\/\" \/>\n<meta property=\"og:site_name\" content=\"CVI NOTICIAS\" \/>\n<meta property=\"article:publisher\" content=\"https:\/\/www.facebook.com\/cvinoticias\" \/>\n<meta property=\"article:published_time\" content=\"2023-10-27T11:50:06+00:00\" \/>\n<meta property=\"article:modified_time\" content=\"2023-10-27T11:52:18+00:00\" \/>\n<meta property=\"og:image\" content=\"https:\/\/cvinoticias.com\/wp-content\/uploads\/2023\/10\/Screenshot_20231027_084947_Facebook.jpg\" \/>\n\t<meta property=\"og:image:width\" content=\"1080\" \/>\n\t<meta property=\"og:image:height\" content=\"1072\" \/>\n\t<meta property=\"og:image:type\" content=\"image\/jpeg\" \/>\n<meta name=\"author\" content=\"f1000024\" \/>\n<meta name=\"twitter:card\" content=\"summary_large_image\" \/>\n<meta name=\"twitter:label1\" content=\"Escrito por\" \/>\n\t<meta name=\"twitter:data1\" content=\"f1000024\" \/>\n\t<meta name=\"twitter:label2\" content=\"Tiempo de lectura\" \/>\n\t<meta name=\"twitter:data2\" content=\"3 minutos\" \/>\n<script type=\"application\/ld+json\" class=\"yoast-schema-graph\">{\"@context\":\"https:\\\/\\\/schema.org\",\"@graph\":[{\"@type\":\"Article\",\"@id\":\"https:\\\/\\\/cvinoticias.com\\\/v3\\\/el-gobierno-autorizo-un-incremento-del-89-en-el-precio-de-la-harina-subsidiada-para-elaborar-pan\\\/#article\",\"isPartOf\":{\"@id\":\"https:\\\/\\\/cvinoticias.com\\\/v3\\\/el-gobierno-autorizo-un-incremento-del-89-en-el-precio-de-la-harina-subsidiada-para-elaborar-pan\\\/\"},\"author\":{\"name\":\"f1000024\",\"@id\":\"https:\\\/\\\/cvinoticias.com\\\/v3\\\/#\\\/schema\\\/person\\\/2db77e3c6bc03c538495d7b2b8be9b66\"},\"headline\":\"El Gobierno autoriz\u00f3 un incremento del 8,9% en el precio de la harina subsidiada para elaborar pan\",\"datePublished\":\"2023-10-27T11:50:06+00:00\",\"dateModified\":\"2023-10-27T11:52:18+00:00\",\"mainEntityOfPage\":{\"@id\":\"https:\\\/\\\/cvinoticias.com\\\/v3\\\/el-gobierno-autorizo-un-incremento-del-89-en-el-precio-de-la-harina-subsidiada-para-elaborar-pan\\\/\"},\"wordCount\":565,\"commentCount\":0,\"publisher\":{\"@id\":\"https:\\\/\\\/cvinoticias.com\\\/v3\\\/#organization\"},\"image\":{\"@id\":\"https:\\\/\\\/cvinoticias.com\\\/v3\\\/el-gobierno-autorizo-un-incremento-del-89-en-el-precio-de-la-harina-subsidiada-para-elaborar-pan\\\/#primaryimage\"},\"thumbnailUrl\":\"https:\\\/\\\/cvinoticias.com\\\/wp-content\\\/uploads\\\/2023\\\/10\\\/Screenshot_20231027_084947_Facebook.jpg\",\"articleSection\":[\"Econom\u00eda\"],\"inLanguage\":\"es\",\"potentialAction\":[{\"@type\":\"CommentAction\",\"name\":\"Comment\",\"target\":[\"https:\\\/\\\/cvinoticias.com\\\/v3\\\/el-gobierno-autorizo-un-incremento-del-89-en-el-precio-de-la-harina-subsidiada-para-elaborar-pan\\\/#respond\"]}]},{\"@type\":\"WebPage\",\"@id\":\"https:\\\/\\\/cvinoticias.com\\\/v3\\\/el-gobierno-autorizo-un-incremento-del-89-en-el-precio-de-la-harina-subsidiada-para-elaborar-pan\\\/\",\"url\":\"https:\\\/\\\/cvinoticias.com\\\/v3\\\/el-gobierno-autorizo-un-incremento-del-89-en-el-precio-de-la-harina-subsidiada-para-elaborar-pan\\\/\",\"name\":\"El Gobierno autoriz\u00f3 un incremento del 8,9% en el precio de la harina subsidiada para elaborar pan | CVI NOTICIAS\",\"isPartOf\":{\"@id\":\"https:\\\/\\\/cvinoticias.com\\\/v3\\\/#website\"},\"primaryImageOfPage\":{\"@id\":\"https:\\\/\\\/cvinoticias.com\\\/v3\\\/el-gobierno-autorizo-un-incremento-del-89-en-el-precio-de-la-harina-subsidiada-para-elaborar-pan\\\/#primaryimage\"},\"image\":{\"@id\":\"https:\\\/\\\/cvinoticias.com\\\/v3\\\/el-gobierno-autorizo-un-incremento-del-89-en-el-precio-de-la-harina-subsidiada-para-elaborar-pan\\\/#primaryimage\"},\"thumbnailUrl\":\"https:\\\/\\\/cvinoticias.com\\\/wp-content\\\/uploads\\\/2023\\\/10\\\/Screenshot_20231027_084947_Facebook.jpg\",\"datePublished\":\"2023-10-27T11:50:06+00:00\",\"dateModified\":\"2023-10-27T11:52:18+00:00\",\"breadcrumb\":{\"@id\":\"https:\\\/\\\/cvinoticias.com\\\/v3\\\/el-gobierno-autorizo-un-incremento-del-89-en-el-precio-de-la-harina-subsidiada-para-elaborar-pan\\\/#breadcrumb\"},\"inLanguage\":\"es\",\"potentialAction\":[{\"@type\":\"ReadAction\",\"target\":[\"https:\\\/\\\/cvinoticias.com\\\/v3\\\/el-gobierno-autorizo-un-incremento-del-89-en-el-precio-de-la-harina-subsidiada-para-elaborar-pan\\\/\"]}]},{\"@type\":\"ImageObject\",\"inLanguage\":\"es\",\"@id\":\"https:\\\/\\\/cvinoticias.com\\\/v3\\\/el-gobierno-autorizo-un-incremento-del-89-en-el-precio-de-la-harina-subsidiada-para-elaborar-pan\\\/#primaryimage\",\"url\":\"https:\\\/\\\/cvinoticias.com\\\/wp-content\\\/uploads\\\/2023\\\/10\\\/Screenshot_20231027_084947_Facebook.jpg\",\"contentUrl\":\"https:\\\/\\\/cvinoticias.com\\\/wp-content\\\/uploads\\\/2023\\\/10\\\/Screenshot_20231027_084947_Facebook.jpg\",\"width\":1080,\"height\":1072},{\"@type\":\"BreadcrumbList\",\"@id\":\"https:\\\/\\\/cvinoticias.com\\\/v3\\\/el-gobierno-autorizo-un-incremento-del-89-en-el-precio-de-la-harina-subsidiada-para-elaborar-pan\\\/#breadcrumb\",\"itemListElement\":[{\"@type\":\"ListItem\",\"position\":1,\"name\":\"Portada\",\"item\":\"https:\\\/\\\/cvinoticias.com\\\/v3\\\/\"},{\"@type\":\"ListItem\",\"position\":2,\"name\":\"El Gobierno autoriz\u00f3 un incremento del 8,9% en el precio de la harina subsidiada para elaborar pan\"}]},{\"@type\":\"WebSite\",\"@id\":\"https:\\\/\\\/cvinoticias.com\\\/v3\\\/#website\",\"url\":\"https:\\\/\\\/cvinoticias.com\\\/v3\\\/\",\"name\":\"CVI NOTICIAS\",\"description\":\"\",\"publisher\":{\"@id\":\"https:\\\/\\\/cvinoticias.com\\\/v3\\\/#organization\"},\"alternateName\":\"CVI\",\"potentialAction\":[{\"@type\":\"SearchAction\",\"target\":{\"@type\":\"EntryPoint\",\"urlTemplate\":\"https:\\\/\\\/cvinoticias.com\\\/v3\\\/?s={search_term_string}\"},\"query-input\":{\"@type\":\"PropertyValueSpecification\",\"valueRequired\":true,\"valueName\":\"search_term_string\"}}],\"inLanguage\":\"es\"},{\"@type\":\"Organization\",\"@id\":\"https:\\\/\\\/cvinoticias.com\\\/v3\\\/#organization\",\"name\":\"CVI NOTICIAS\",\"url\":\"https:\\\/\\\/cvinoticias.com\\\/v3\\\/\",\"logo\":{\"@type\":\"ImageObject\",\"inLanguage\":\"es\",\"@id\":\"https:\\\/\\\/cvinoticias.com\\\/v3\\\/#\\\/schema\\\/logo\\\/image\\\/\",\"url\":\"https:\\\/\\\/cvinoticias.com\\\/wp-content\\\/uploads\\\/2023\\\/04\\\/cropped-cropped-cropped-cropped-cropped-3-1.png\",\"contentUrl\":\"https:\\\/\\\/cvinoticias.com\\\/wp-content\\\/uploads\\\/2023\\\/04\\\/cropped-cropped-cropped-cropped-cropped-3-1.png\",\"width\":95,\"height\":122,\"caption\":\"CVI NOTICIAS\"},\"image\":{\"@id\":\"https:\\\/\\\/cvinoticias.com\\\/v3\\\/#\\\/schema\\\/logo\\\/image\\\/\"},\"sameAs\":[\"https:\\\/\\\/www.facebook.com\\\/cvinoticias\",\"https:\\\/\\\/www.instagram.com\\\/cvinoticias\\\/\",\"https:\\\/\\\/www.youtube.com\\\/@CVINOTICIAS\"]},{\"@type\":\"Person\",\"@id\":\"https:\\\/\\\/cvinoticias.com\\\/v3\\\/#\\\/schema\\\/person\\\/2db77e3c6bc03c538495d7b2b8be9b66\",\"name\":\"f1000024\",\"image\":{\"@type\":\"ImageObject\",\"inLanguage\":\"es\",\"@id\":\"https:\\\/\\\/secure.gravatar.com\\\/avatar\\\/d4fe7459cfc51ff5129ce1a732bbef5928568b8092d412ef95611616376bbeed?s=96&d=mm&r=g\",\"url\":\"https:\\\/\\\/secure.gravatar.com\\\/avatar\\\/d4fe7459cfc51ff5129ce1a732bbef5928568b8092d412ef95611616376bbeed?s=96&d=mm&r=g\",\"contentUrl\":\"https:\\\/\\\/secure.gravatar.com\\\/avatar\\\/d4fe7459cfc51ff5129ce1a732bbef5928568b8092d412ef95611616376bbeed?s=96&d=mm&r=g\",\"caption\":\"f1000024\"},\"url\":\"https:\\\/\\\/cvinoticias.com\\\/v3\\\/author\\\/f1000024\\\/\"}]}<\/script>\n<!-- \/ Yoast SEO plugin. -->","yoast_head_json":{"title":"El Gobierno autoriz\u00f3 un incremento del 8,9% en el precio de la harina subsidiada para elaborar pan | CVI NOTICIAS","robots":{"index":"index","follow":"follow","max-snippet":"max-snippet:-1","max-image-preview":"max-image-preview:large","max-video-preview":"max-video-preview:-1"},"canonical":"https:\/\/cvinoticias.com\/v3\/el-gobierno-autorizo-un-incremento-del-89-en-el-precio-de-la-harina-subsidiada-para-elaborar-pan\/","og_locale":"es_ES","og_type":"article","og_title":"El Gobierno autoriz\u00f3 un incremento del 8,9% en el precio de la harina subsidiada para elaborar pan | CVI NOTICIAS","og_description":"El Gobierno nacional defini\u00f3 un incremento del 8,9% en los precios de referencia de la harina com\u00fan 000 a la salida del molino, a trav\u00e9s de la resoluci\u00f3n 1869\/2023 publicada este jueves en el Bolet\u00edn Oficial, en el marco del Fondo Estabilizador del Trigo Argentino (Feta). De este modo, el precio de las bolsas de [&hellip;]","og_url":"https:\/\/cvinoticias.com\/v3\/el-gobierno-autorizo-un-incremento-del-89-en-el-precio-de-la-harina-subsidiada-para-elaborar-pan\/","og_site_name":"CVI NOTICIAS","article_publisher":"https:\/\/www.facebook.com\/cvinoticias","article_published_time":"2023-10-27T11:50:06+00:00","article_modified_time":"2023-10-27T11:52:18+00:00","og_image":[{"width":1080,"height":1072,"url":"https:\/\/cvinoticias.com\/wp-content\/uploads\/2023\/10\/Screenshot_20231027_084947_Facebook.jpg","type":"image\/jpeg"}],"author":"f1000024","twitter_card":"summary_large_image","twitter_misc":{"Escrito por":"f1000024","Tiempo de lectura":"3 minutos"},"schema":{"@context":"https:\/\/schema.org","@graph":[{"@type":"Article","@id":"https:\/\/cvinoticias.com\/v3\/el-gobierno-autorizo-un-incremento-del-89-en-el-precio-de-la-harina-subsidiada-para-elaborar-pan\/#article","isPartOf":{"@id":"https:\/\/cvinoticias.com\/v3\/el-gobierno-autorizo-un-incremento-del-89-en-el-precio-de-la-harina-subsidiada-para-elaborar-pan\/"},"author":{"name":"f1000024","@id":"https:\/\/cvinoticias.com\/v3\/#\/schema\/person\/2db77e3c6bc03c538495d7b2b8be9b66"},"headline":"El Gobierno autoriz\u00f3 un incremento del 8,9% en el precio de la harina subsidiada para elaborar pan","datePublished":"2023-10-27T11:50:06+00:00","dateModified":"2023-10-27T11:52:18+00:00","mainEntityOfPage":{"@id":"https:\/\/cvinoticias.com\/v3\/el-gobierno-autorizo-un-incremento-del-89-en-el-precio-de-la-harina-subsidiada-para-elaborar-pan\/"},"wordCount":565,"commentCount":0,"publisher":{"@id":"https:\/\/cvinoticias.com\/v3\/#organization"},"image":{"@id":"https:\/\/cvinoticias.com\/v3\/el-gobierno-autorizo-un-incremento-del-89-en-el-precio-de-la-harina-subsidiada-para-elaborar-pan\/#primaryimage"},"thumbnailUrl":"https:\/\/cvinoticias.com\/wp-content\/uploads\/2023\/10\/Screenshot_20231027_084947_Facebook.jpg","articleSection":["Econom\u00eda"],"inLanguage":"es","potentialAction":[{"@type":"CommentAction","name":"Comment","target":["https:\/\/cvinoticias.com\/v3\/el-gobierno-autorizo-un-incremento-del-89-en-el-precio-de-la-harina-subsidiada-para-elaborar-pan\/#respond"]}]},{"@type":"WebPage","@id":"https:\/\/cvinoticias.com\/v3\/el-gobierno-autorizo-un-incremento-del-89-en-el-precio-de-la-harina-subsidiada-para-elaborar-pan\/","url":"https:\/\/cvinoticias.com\/v3\/el-gobierno-autorizo-un-incremento-del-89-en-el-precio-de-la-harina-subsidiada-para-elaborar-pan\/","name":"El Gobierno autoriz\u00f3 un incremento del 8,9% en el precio de la harina subsidiada para elaborar pan | CVI NOTICIAS","isPartOf":{"@id":"https:\/\/cvinoticias.com\/v3\/#website"},"primaryImageOfPage":{"@id":"https:\/\/cvinoticias.com\/v3\/el-gobierno-autorizo-un-incremento-del-89-en-el-precio-de-la-harina-subsidiada-para-elaborar-pan\/#primaryimage"},"image":{"@id":"https:\/\/cvinoticias.com\/v3\/el-gobierno-autorizo-un-incremento-del-89-en-el-precio-de-la-harina-subsidiada-para-elaborar-pan\/#primaryimage"},"thumbnailUrl":"https:\/\/cvinoticias.com\/wp-content\/uploads\/2023\/10\/Screenshot_20231027_084947_Facebook.jpg","datePublished":"2023-10-27T11:50:06+00:00","dateModified":"2023-10-27T11:52:18+00:00","breadcrumb":{"@id":"https:\/\/cvinoticias.com\/v3\/el-gobierno-autorizo-un-incremento-del-89-en-el-precio-de-la-harina-subsidiada-para-elaborar-pan\/#breadcrumb"},"inLanguage":"es","potentialAction":[{"@type":"ReadAction","target":["https:\/\/cvinoticias.com\/v3\/el-gobierno-autorizo-un-incremento-del-89-en-el-precio-de-la-harina-subsidiada-para-elaborar-pan\/"]}]},{"@type":"ImageObject","inLanguage":"es","@id":"https:\/\/cvinoticias.com\/v3\/el-gobierno-autorizo-un-incremento-del-89-en-el-precio-de-la-harina-subsidiada-para-elaborar-pan\/#primaryimage","url":"https:\/\/cvinoticias.com\/wp-content\/uploads\/2023\/10\/Screenshot_20231027_084947_Facebook.jpg","contentUrl":"https:\/\/cvinoticias.com\/wp-content\/uploads\/2023\/10\/Screenshot_20231027_084947_Facebook.jpg","width":1080,"height":1072},{"@type":"BreadcrumbList","@id":"https:\/\/cvinoticias.com\/v3\/el-gobierno-autorizo-un-incremento-del-89-en-el-precio-de-la-harina-subsidiada-para-elaborar-pan\/#breadcrumb","itemListElement":[{"@type":"ListItem","position":1,"name":"Portada","item":"https:\/\/cvinoticias.com\/v3\/"},{"@type":"ListItem","position":2,"name":"El Gobierno autoriz\u00f3 un incremento del 8,9% en el precio de la harina subsidiada para elaborar pan"}]},{"@type":"WebSite","@id":"https:\/\/cvinoticias.com\/v3\/#website","url":"https:\/\/cvinoticias.com\/v3\/","name":"CVI NOTICIAS","description":"","publisher":{"@id":"https:\/\/cvinoticias.com\/v3\/#organization"},"alternateName":"CVI","potentialAction":[{"@type":"SearchAction","target":{"@type":"EntryPoint","urlTemplate":"https:\/\/cvinoticias.com\/v3\/?s={search_term_string}"},"query-input":{"@type":"PropertyValueSpecification","valueRequired":true,"valueName":"search_term_string"}}],"inLanguage":"es"},{"@type":"Organization","@id":"https:\/\/cvinoticias.com\/v3\/#organization","name":"CVI NOTICIAS","url":"https:\/\/cvinoticias.com\/v3\/","logo":{"@type":"ImageObject","inLanguage":"es","@id":"https:\/\/cvinoticias.com\/v3\/#\/schema\/logo\/image\/","url":"https:\/\/cvinoticias.com\/wp-content\/uploads\/2023\/04\/cropped-cropped-cropped-cropped-cropped-3-1.png","contentUrl":"https:\/\/cvinoticias.com\/wp-content\/uploads\/2023\/04\/cropped-cropped-cropped-cropped-cropped-3-1.png","width":95,"height":122,"caption":"CVI NOTICIAS"},"image":{"@id":"https:\/\/cvinoticias.com\/v3\/#\/schema\/logo\/image\/"},"sameAs":["https:\/\/www.facebook.com\/cvinoticias","https:\/\/www.instagram.com\/cvinoticias\/","https:\/\/www.youtube.com\/@CVINOTICIAS"]},{"@type":"Person","@id":"https:\/\/cvinoticias.com\/v3\/#\/schema\/person\/2db77e3c6bc03c538495d7b2b8be9b66","name":"f1000024","image":{"@type":"ImageObject","inLanguage":"es","@id":"https:\/\/secure.gravatar.com\/avatar\/d4fe7459cfc51ff5129ce1a732bbef5928568b8092d412ef95611616376bbeed?s=96&d=mm&r=g","url":"https:\/\/secure.gravatar.com\/avatar\/d4fe7459cfc51ff5129ce1a732bbef5928568b8092d412ef95611616376bbeed?s=96&d=mm&r=g","contentUrl":"https:\/\/secure.gravatar.com\/avatar\/d4fe7459cfc51ff5129ce1a732bbef5928568b8092d412ef95611616376bbeed?s=96&d=mm&r=g","caption":"f1000024"},"url":"https:\/\/cvinoticias.com\/v3\/author\/f1000024\/"}]}},"_links":{"self":[{"href":"https:\/\/cvinoticias.com\/v3\/wp-json\/wp\/v2\/posts\/29352","targetHints":{"allow":["GET"]}}],"collection":[{"href":"https:\/\/cvinoticias.com\/v3\/wp-json\/wp\/v2\/posts"}],"about":[{"href":"https:\/\/cvinoticias.com\/v3\/wp-json\/wp\/v2\/types\/post"}],"author":[{"embeddable":true,"href":"https:\/\/cvinoticias.com\/v3\/wp-json\/wp\/v2\/users\/2"}],"replies":[{"embeddable":true,"href":"https:\/\/cvinoticias.com\/v3\/wp-json\/wp\/v2\/comments?post=29352"}],"version-history":[{"count":3,"href":"https:\/\/cvinoticias.com\/v3\/wp-json\/wp\/v2\/posts\/29352\/revisions"}],"predecessor-version":[{"id":29356,"href":"https:\/\/cvinoticias.com\/v3\/wp-json\/wp\/v2\/posts\/29352\/revisions\/29356"}],"wp:featuredmedia":[{"embeddable":true,"href":"https:\/\/cvinoticias.com\/v3\/wp-json\/wp\/v2\/media\/29353"}],"wp:attachment":[{"href":"https:\/\/cvinoticias.com\/v3\/wp-json\/wp\/v2\/media?parent=29352"}],"wp:term":[{"taxonomy":"category","embeddable":true,"href":"https:\/\/cvinoticias.com\/v3\/wp-json\/wp\/v2\/categories?post=29352"},{"taxonomy":"post_tag","embeddable":true,"href":"https:\/\/cvinoticias.com\/v3\/wp-json\/wp\/v2\/tags?post=29352"}],"curies":[{"name":"wp","href":"https:\/\/api.w.org\/{rel}","templated":true}]}}