{"id":29340,"date":"2023-10-27T01:14:27","date_gmt":"2023-10-27T01:14:27","guid":{"rendered":"https:\/\/cvinoticias.com\/v3\/?p=29340"},"modified":"2023-10-27T01:14:27","modified_gmt":"2023-10-27T01:14:27","slug":"el-sindicato-de-comercio-arreglo-una-super-paritaria-y-le-mete-presion-al-plan-massa-contra-la-inflacion","status":"publish","type":"post","link":"https:\/\/cvinoticias.com\/v3\/el-sindicato-de-comercio-arreglo-una-super-paritaria-y-le-mete-presion-al-plan-massa-contra-la-inflacion\/","title":{"rendered":"El sindicato de Comercio arregl\u00f3 una s\u00faper paritaria y le mete presi\u00f3n al plan Massa contra la inflaci\u00f3n"},"content":{"rendered":"\n<p><strong><em>El gremio liderado por el hist\u00f3rico Cavalieri es uno de los que se toman como testigos para otros acuerdos salariales.<\/em><\/strong><\/p>\n\n\n\n<p>El sindicato de Comercio, el m\u00e1s grande de la Argentina, cerr\u00f3 hoy una paritaria del 47 por ciento para el \u00faltimo trimestre del a\u00f1o, a raz\u00f3n del 16% mensual, por muy encima de la inflaci\u00f3n.<\/p>\n\n\n\n<p>El costo de vida esperado para octubre ronda el 10%, seg\u00fan consultoras privadas.<\/p>\n\n\n\n<p>De esta forma, el acuerdo de un sindicato tan poderoso podr\u00eda presionar sobre la inflaci\u00f3n en un momento clave de la campa\u00f1a electoral.<\/p>\n\n\n\n<p>La Federaci\u00f3n Argentina de Empleados de Comercio y Servicios (FAECYS) y la C\u00e1mara Argentina de Comercio (CAC), la Confederaci\u00f3n de la Mediana Empresa (CAME) y la Uni\u00f3n de Entidades Comerciales (Udeca) firmaron hoy un acuerdo paritario trimestral (octubre-diciembre 2023) con un incremento del 47% (20% en octubre, 13,3% en noviembre y 13,3% diciembre).<\/p>\n\n\n\n<p>De esta manera, el salario b\u00e1sico alcanza el piso de $397.400 m\u00e1s adicionales. Asimismo, se acord\u00f3 realizar una nueva reuni\u00f3n en diciembre.<\/p>\n\n\n\n<p>Al respecto, Armando Cavalieri, secretario general de la FAECYS, destac\u00f3: \u00abEstos acuerdos trimestrales nos permiten estar m\u00e1s en sinton\u00eda con el incremento de los precios, y de esta manera, contribuimos a fortalecer el poder adquisitivo de los empleados de Comercio, garantizar su bienestar econ\u00f3mico en un entorno marcado por la fluctuaci\u00f3n de los costos y la constante evoluci\u00f3n de la econom\u00eda\u00bb.<\/p>\n\n\n\n<p>El acuerdo salarial, que se firm\u00f3 en el Ministerio de Trabajo, Empleo y Seguridad Social, corresponde a la paritaria de Comercio, que va de abril 2023 a marzo 2024.<\/p>\n\n\n\n<p>\u00abEs importante destacar el trabajo y la participaci\u00f3n de todos los sectores, los empresarios, el Ministerio de Trabajo y los trabajadores, y que, a pesar de la complejidad del contexto, mantengamos un di\u00e1logo constante\u00bb, sostuvo Cavalieri.<\/p>\n","protected":false},"excerpt":{"rendered":"<p>El gremio liderado por el hist\u00f3rico Cavalieri es uno de los que se toman como testigos para otros acuerdos salariales. El sindicato de Comercio, el m\u00e1s grande de la Argentina, cerr\u00f3 hoy una paritaria del 47 por ciento para el \u00faltimo trimestre del a\u00f1o, a raz\u00f3n del 16% mensual, por muy encima de la inflaci\u00f3n. [&hellip;]<\/p>\n","protected":false},"author":2,"featured_media":29341,"comment_status":"open","ping_status":"open","sticky":false,"template":"","format":"standard","meta":{"footnotes":""},"categories":[32],"tags":[],"class_list":["post-29340","post","type-post","status-publish","format-standard","has-post-thumbnail","hentry","category-economia"],"yoast_head":"<!-- This site is optimized with the Yoast SEO plugin v27.5 - https:\/\/yoast.com\/product\/yoast-seo-wordpress\/ -->\n<title>El sindicato de Comercio arregl\u00f3 una s\u00faper paritaria y le mete presi\u00f3n al plan Massa contra la inflaci\u00f3n | CVI NOTICIAS<\/title>\n<meta name=\"robots\" content=\"index, follow, max-snippet:-1, max-image-preview:large, max-video-preview:-1\" \/>\n<link rel=\"canonical\" href=\"https:\/\/cvinoticias.com\/v3\/el-sindicato-de-comercio-arreglo-una-super-paritaria-y-le-mete-presion-al-plan-massa-contra-la-inflacion\/\" \/>\n<meta property=\"og:locale\" content=\"es_ES\" \/>\n<meta property=\"og:type\" content=\"article\" \/>\n<meta property=\"og:title\" content=\"El sindicato de Comercio arregl\u00f3 una s\u00faper paritaria y le mete presi\u00f3n al plan Massa contra la inflaci\u00f3n | CVI NOTICIAS\" \/>\n<meta property=\"og:description\" content=\"El gremio liderado por el hist\u00f3rico Cavalieri es uno de los que se toman como testigos para otros acuerdos salariales. El sindicato de Comercio, el m\u00e1s grande de la Argentina, cerr\u00f3 hoy una paritaria del 47 por ciento para el \u00faltimo trimestre del a\u00f1o, a raz\u00f3n del 16% mensual, por muy encima de la inflaci\u00f3n. [&hellip;]\" \/>\n<meta property=\"og:url\" content=\"https:\/\/cvinoticias.com\/v3\/el-sindicato-de-comercio-arreglo-una-super-paritaria-y-le-mete-presion-al-plan-massa-contra-la-inflacion\/\" \/>\n<meta property=\"og:site_name\" content=\"CVI NOTICIAS\" \/>\n<meta property=\"article:publisher\" content=\"https:\/\/www.facebook.com\/cvinoticias\" \/>\n<meta property=\"article:published_time\" content=\"2023-10-27T01:14:27+00:00\" \/>\n<meta property=\"og:image\" content=\"https:\/\/cvinoticias.com\/wp-content\/uploads\/2023\/10\/6701fcba4fc66de27389d46e74f53f70_M.jpg\" \/>\n\t<meta property=\"og:image:width\" content=\"768\" \/>\n\t<meta property=\"og:image:height\" content=\"512\" \/>\n\t<meta property=\"og:image:type\" content=\"image\/jpeg\" \/>\n<meta name=\"author\" content=\"f1000024\" \/>\n<meta name=\"twitter:card\" content=\"summary_large_image\" \/>\n<meta name=\"twitter:label1\" content=\"Escrito por\" \/>\n\t<meta name=\"twitter:data1\" content=\"f1000024\" \/>\n\t<meta name=\"twitter:label2\" content=\"Tiempo de lectura\" \/>\n\t<meta name=\"twitter:data2\" content=\"2 minutos\" \/>\n<script type=\"application\/ld+json\" class=\"yoast-schema-graph\">{\"@context\":\"https:\\\/\\\/schema.org\",\"@graph\":[{\"@type\":\"Article\",\"@id\":\"https:\\\/\\\/cvinoticias.com\\\/v3\\\/el-sindicato-de-comercio-arreglo-una-super-paritaria-y-le-mete-presion-al-plan-massa-contra-la-inflacion\\\/#article\",\"isPartOf\":{\"@id\":\"https:\\\/\\\/cvinoticias.com\\\/v3\\\/el-sindicato-de-comercio-arreglo-una-super-paritaria-y-le-mete-presion-al-plan-massa-contra-la-inflacion\\\/\"},\"author\":{\"name\":\"f1000024\",\"@id\":\"https:\\\/\\\/cvinoticias.com\\\/v3\\\/#\\\/schema\\\/person\\\/2db77e3c6bc03c538495d7b2b8be9b66\"},\"headline\":\"El sindicato de Comercio arregl\u00f3 una s\u00faper paritaria y le mete presi\u00f3n al plan Massa contra la inflaci\u00f3n\",\"datePublished\":\"2023-10-27T01:14:27+00:00\",\"mainEntityOfPage\":{\"@id\":\"https:\\\/\\\/cvinoticias.com\\\/v3\\\/el-sindicato-de-comercio-arreglo-una-super-paritaria-y-le-mete-presion-al-plan-massa-contra-la-inflacion\\\/\"},\"wordCount\":326,\"commentCount\":0,\"publisher\":{\"@id\":\"https:\\\/\\\/cvinoticias.com\\\/v3\\\/#organization\"},\"image\":{\"@id\":\"https:\\\/\\\/cvinoticias.com\\\/v3\\\/el-sindicato-de-comercio-arreglo-una-super-paritaria-y-le-mete-presion-al-plan-massa-contra-la-inflacion\\\/#primaryimage\"},\"thumbnailUrl\":\"https:\\\/\\\/cvinoticias.com\\\/wp-content\\\/uploads\\\/2023\\\/10\\\/6701fcba4fc66de27389d46e74f53f70_M.jpg\",\"articleSection\":[\"Econom\u00eda\"],\"inLanguage\":\"es\",\"potentialAction\":[{\"@type\":\"CommentAction\",\"name\":\"Comment\",\"target\":[\"https:\\\/\\\/cvinoticias.com\\\/v3\\\/el-sindicato-de-comercio-arreglo-una-super-paritaria-y-le-mete-presion-al-plan-massa-contra-la-inflacion\\\/#respond\"]}]},{\"@type\":\"WebPage\",\"@id\":\"https:\\\/\\\/cvinoticias.com\\\/v3\\\/el-sindicato-de-comercio-arreglo-una-super-paritaria-y-le-mete-presion-al-plan-massa-contra-la-inflacion\\\/\",\"url\":\"https:\\\/\\\/cvinoticias.com\\\/v3\\\/el-sindicato-de-comercio-arreglo-una-super-paritaria-y-le-mete-presion-al-plan-massa-contra-la-inflacion\\\/\",\"name\":\"El sindicato de Comercio arregl\u00f3 una s\u00faper paritaria y le mete presi\u00f3n al plan Massa contra la inflaci\u00f3n | CVI NOTICIAS\",\"isPartOf\":{\"@id\":\"https:\\\/\\\/cvinoticias.com\\\/v3\\\/#website\"},\"primaryImageOfPage\":{\"@id\":\"https:\\\/\\\/cvinoticias.com\\\/v3\\\/el-sindicato-de-comercio-arreglo-una-super-paritaria-y-le-mete-presion-al-plan-massa-contra-la-inflacion\\\/#primaryimage\"},\"image\":{\"@id\":\"https:\\\/\\\/cvinoticias.com\\\/v3\\\/el-sindicato-de-comercio-arreglo-una-super-paritaria-y-le-mete-presion-al-plan-massa-contra-la-inflacion\\\/#primaryimage\"},\"thumbnailUrl\":\"https:\\\/\\\/cvinoticias.com\\\/wp-content\\\/uploads\\\/2023\\\/10\\\/6701fcba4fc66de27389d46e74f53f70_M.jpg\",\"datePublished\":\"2023-10-27T01:14:27+00:00\",\"breadcrumb\":{\"@id\":\"https:\\\/\\\/cvinoticias.com\\\/v3\\\/el-sindicato-de-comercio-arreglo-una-super-paritaria-y-le-mete-presion-al-plan-massa-contra-la-inflacion\\\/#breadcrumb\"},\"inLanguage\":\"es\",\"potentialAction\":[{\"@type\":\"ReadAction\",\"target\":[\"https:\\\/\\\/cvinoticias.com\\\/v3\\\/el-sindicato-de-comercio-arreglo-una-super-paritaria-y-le-mete-presion-al-plan-massa-contra-la-inflacion\\\/\"]}]},{\"@type\":\"ImageObject\",\"inLanguage\":\"es\",\"@id\":\"https:\\\/\\\/cvinoticias.com\\\/v3\\\/el-sindicato-de-comercio-arreglo-una-super-paritaria-y-le-mete-presion-al-plan-massa-contra-la-inflacion\\\/#primaryimage\",\"url\":\"https:\\\/\\\/cvinoticias.com\\\/wp-content\\\/uploads\\\/2023\\\/10\\\/6701fcba4fc66de27389d46e74f53f70_M.jpg\",\"contentUrl\":\"https:\\\/\\\/cvinoticias.com\\\/wp-content\\\/uploads\\\/2023\\\/10\\\/6701fcba4fc66de27389d46e74f53f70_M.jpg\",\"width\":768,\"height\":512},{\"@type\":\"BreadcrumbList\",\"@id\":\"https:\\\/\\\/cvinoticias.com\\\/v3\\\/el-sindicato-de-comercio-arreglo-una-super-paritaria-y-le-mete-presion-al-plan-massa-contra-la-inflacion\\\/#breadcrumb\",\"itemListElement\":[{\"@type\":\"ListItem\",\"position\":1,\"name\":\"Portada\",\"item\":\"https:\\\/\\\/cvinoticias.com\\\/v3\\\/\"},{\"@type\":\"ListItem\",\"position\":2,\"name\":\"El sindicato de Comercio arregl\u00f3 una s\u00faper paritaria y le mete presi\u00f3n al plan Massa contra la inflaci\u00f3n\"}]},{\"@type\":\"WebSite\",\"@id\":\"https:\\\/\\\/cvinoticias.com\\\/v3\\\/#website\",\"url\":\"https:\\\/\\\/cvinoticias.com\\\/v3\\\/\",\"name\":\"CVI NOTICIAS\",\"description\":\"\",\"publisher\":{\"@id\":\"https:\\\/\\\/cvinoticias.com\\\/v3\\\/#organization\"},\"alternateName\":\"CVI\",\"potentialAction\":[{\"@type\":\"SearchAction\",\"target\":{\"@type\":\"EntryPoint\",\"urlTemplate\":\"https:\\\/\\\/cvinoticias.com\\\/v3\\\/?s={search_term_string}\"},\"query-input\":{\"@type\":\"PropertyValueSpecification\",\"valueRequired\":true,\"valueName\":\"search_term_string\"}}],\"inLanguage\":\"es\"},{\"@type\":\"Organization\",\"@id\":\"https:\\\/\\\/cvinoticias.com\\\/v3\\\/#organization\",\"name\":\"CVI NOTICIAS\",\"url\":\"https:\\\/\\\/cvinoticias.com\\\/v3\\\/\",\"logo\":{\"@type\":\"ImageObject\",\"inLanguage\":\"es\",\"@id\":\"https:\\\/\\\/cvinoticias.com\\\/v3\\\/#\\\/schema\\\/logo\\\/image\\\/\",\"url\":\"https:\\\/\\\/cvinoticias.com\\\/wp-content\\\/uploads\\\/2023\\\/04\\\/cropped-cropped-cropped-cropped-cropped-3-1.png\",\"contentUrl\":\"https:\\\/\\\/cvinoticias.com\\\/wp-content\\\/uploads\\\/2023\\\/04\\\/cropped-cropped-cropped-cropped-cropped-3-1.png\",\"width\":95,\"height\":122,\"caption\":\"CVI NOTICIAS\"},\"image\":{\"@id\":\"https:\\\/\\\/cvinoticias.com\\\/v3\\\/#\\\/schema\\\/logo\\\/image\\\/\"},\"sameAs\":[\"https:\\\/\\\/www.facebook.com\\\/cvinoticias\",\"https:\\\/\\\/www.instagram.com\\\/cvinoticias\\\/\",\"https:\\\/\\\/www.youtube.com\\\/@CVINOTICIAS\"]},{\"@type\":\"Person\",\"@id\":\"https:\\\/\\\/cvinoticias.com\\\/v3\\\/#\\\/schema\\\/person\\\/2db77e3c6bc03c538495d7b2b8be9b66\",\"name\":\"f1000024\",\"image\":{\"@type\":\"ImageObject\",\"inLanguage\":\"es\",\"@id\":\"https:\\\/\\\/secure.gravatar.com\\\/avatar\\\/d4fe7459cfc51ff5129ce1a732bbef5928568b8092d412ef95611616376bbeed?s=96&d=mm&r=g\",\"url\":\"https:\\\/\\\/secure.gravatar.com\\\/avatar\\\/d4fe7459cfc51ff5129ce1a732bbef5928568b8092d412ef95611616376bbeed?s=96&d=mm&r=g\",\"contentUrl\":\"https:\\\/\\\/secure.gravatar.com\\\/avatar\\\/d4fe7459cfc51ff5129ce1a732bbef5928568b8092d412ef95611616376bbeed?s=96&d=mm&r=g\",\"caption\":\"f1000024\"},\"url\":\"https:\\\/\\\/cvinoticias.com\\\/v3\\\/author\\\/f1000024\\\/\"}]}<\/script>\n<!-- \/ Yoast SEO plugin. -->","yoast_head_json":{"title":"El sindicato de Comercio arregl\u00f3 una s\u00faper paritaria y le mete presi\u00f3n al plan Massa contra la inflaci\u00f3n | CVI NOTICIAS","robots":{"index":"index","follow":"follow","max-snippet":"max-snippet:-1","max-image-preview":"max-image-preview:large","max-video-preview":"max-video-preview:-1"},"canonical":"https:\/\/cvinoticias.com\/v3\/el-sindicato-de-comercio-arreglo-una-super-paritaria-y-le-mete-presion-al-plan-massa-contra-la-inflacion\/","og_locale":"es_ES","og_type":"article","og_title":"El sindicato de Comercio arregl\u00f3 una s\u00faper paritaria y le mete presi\u00f3n al plan Massa contra la inflaci\u00f3n | CVI NOTICIAS","og_description":"El gremio liderado por el hist\u00f3rico Cavalieri es uno de los que se toman como testigos para otros acuerdos salariales. El sindicato de Comercio, el m\u00e1s grande de la Argentina, cerr\u00f3 hoy una paritaria del 47 por ciento para el \u00faltimo trimestre del a\u00f1o, a raz\u00f3n del 16% mensual, por muy encima de la inflaci\u00f3n. [&hellip;]","og_url":"https:\/\/cvinoticias.com\/v3\/el-sindicato-de-comercio-arreglo-una-super-paritaria-y-le-mete-presion-al-plan-massa-contra-la-inflacion\/","og_site_name":"CVI NOTICIAS","article_publisher":"https:\/\/www.facebook.com\/cvinoticias","article_published_time":"2023-10-27T01:14:27+00:00","og_image":[{"width":768,"height":512,"url":"https:\/\/cvinoticias.com\/wp-content\/uploads\/2023\/10\/6701fcba4fc66de27389d46e74f53f70_M.jpg","type":"image\/jpeg"}],"author":"f1000024","twitter_card":"summary_large_image","twitter_misc":{"Escrito por":"f1000024","Tiempo de lectura":"2 minutos"},"schema":{"@context":"https:\/\/schema.org","@graph":[{"@type":"Article","@id":"https:\/\/cvinoticias.com\/v3\/el-sindicato-de-comercio-arreglo-una-super-paritaria-y-le-mete-presion-al-plan-massa-contra-la-inflacion\/#article","isPartOf":{"@id":"https:\/\/cvinoticias.com\/v3\/el-sindicato-de-comercio-arreglo-una-super-paritaria-y-le-mete-presion-al-plan-massa-contra-la-inflacion\/"},"author":{"name":"f1000024","@id":"https:\/\/cvinoticias.com\/v3\/#\/schema\/person\/2db77e3c6bc03c538495d7b2b8be9b66"},"headline":"El sindicato de Comercio arregl\u00f3 una s\u00faper paritaria y le mete presi\u00f3n al plan Massa contra la inflaci\u00f3n","datePublished":"2023-10-27T01:14:27+00:00","mainEntityOfPage":{"@id":"https:\/\/cvinoticias.com\/v3\/el-sindicato-de-comercio-arreglo-una-super-paritaria-y-le-mete-presion-al-plan-massa-contra-la-inflacion\/"},"wordCount":326,"commentCount":0,"publisher":{"@id":"https:\/\/cvinoticias.com\/v3\/#organization"},"image":{"@id":"https:\/\/cvinoticias.com\/v3\/el-sindicato-de-comercio-arreglo-una-super-paritaria-y-le-mete-presion-al-plan-massa-contra-la-inflacion\/#primaryimage"},"thumbnailUrl":"https:\/\/cvinoticias.com\/wp-content\/uploads\/2023\/10\/6701fcba4fc66de27389d46e74f53f70_M.jpg","articleSection":["Econom\u00eda"],"inLanguage":"es","potentialAction":[{"@type":"CommentAction","name":"Comment","target":["https:\/\/cvinoticias.com\/v3\/el-sindicato-de-comercio-arreglo-una-super-paritaria-y-le-mete-presion-al-plan-massa-contra-la-inflacion\/#respond"]}]},{"@type":"WebPage","@id":"https:\/\/cvinoticias.com\/v3\/el-sindicato-de-comercio-arreglo-una-super-paritaria-y-le-mete-presion-al-plan-massa-contra-la-inflacion\/","url":"https:\/\/cvinoticias.com\/v3\/el-sindicato-de-comercio-arreglo-una-super-paritaria-y-le-mete-presion-al-plan-massa-contra-la-inflacion\/","name":"El sindicato de Comercio arregl\u00f3 una s\u00faper paritaria y le mete presi\u00f3n al plan Massa contra la inflaci\u00f3n | CVI NOTICIAS","isPartOf":{"@id":"https:\/\/cvinoticias.com\/v3\/#website"},"primaryImageOfPage":{"@id":"https:\/\/cvinoticias.com\/v3\/el-sindicato-de-comercio-arreglo-una-super-paritaria-y-le-mete-presion-al-plan-massa-contra-la-inflacion\/#primaryimage"},"image":{"@id":"https:\/\/cvinoticias.com\/v3\/el-sindicato-de-comercio-arreglo-una-super-paritaria-y-le-mete-presion-al-plan-massa-contra-la-inflacion\/#primaryimage"},"thumbnailUrl":"https:\/\/cvinoticias.com\/wp-content\/uploads\/2023\/10\/6701fcba4fc66de27389d46e74f53f70_M.jpg","datePublished":"2023-10-27T01:14:27+00:00","breadcrumb":{"@id":"https:\/\/cvinoticias.com\/v3\/el-sindicato-de-comercio-arreglo-una-super-paritaria-y-le-mete-presion-al-plan-massa-contra-la-inflacion\/#breadcrumb"},"inLanguage":"es","potentialAction":[{"@type":"ReadAction","target":["https:\/\/cvinoticias.com\/v3\/el-sindicato-de-comercio-arreglo-una-super-paritaria-y-le-mete-presion-al-plan-massa-contra-la-inflacion\/"]}]},{"@type":"ImageObject","inLanguage":"es","@id":"https:\/\/cvinoticias.com\/v3\/el-sindicato-de-comercio-arreglo-una-super-paritaria-y-le-mete-presion-al-plan-massa-contra-la-inflacion\/#primaryimage","url":"https:\/\/cvinoticias.com\/wp-content\/uploads\/2023\/10\/6701fcba4fc66de27389d46e74f53f70_M.jpg","contentUrl":"https:\/\/cvinoticias.com\/wp-content\/uploads\/2023\/10\/6701fcba4fc66de27389d46e74f53f70_M.jpg","width":768,"height":512},{"@type":"BreadcrumbList","@id":"https:\/\/cvinoticias.com\/v3\/el-sindicato-de-comercio-arreglo-una-super-paritaria-y-le-mete-presion-al-plan-massa-contra-la-inflacion\/#breadcrumb","itemListElement":[{"@type":"ListItem","position":1,"name":"Portada","item":"https:\/\/cvinoticias.com\/v3\/"},{"@type":"ListItem","position":2,"name":"El sindicato de Comercio arregl\u00f3 una s\u00faper paritaria y le mete presi\u00f3n al plan Massa contra la inflaci\u00f3n"}]},{"@type":"WebSite","@id":"https:\/\/cvinoticias.com\/v3\/#website","url":"https:\/\/cvinoticias.com\/v3\/","name":"CVI NOTICIAS","description":"","publisher":{"@id":"https:\/\/cvinoticias.com\/v3\/#organization"},"alternateName":"CVI","potentialAction":[{"@type":"SearchAction","target":{"@type":"EntryPoint","urlTemplate":"https:\/\/cvinoticias.com\/v3\/?s={search_term_string}"},"query-input":{"@type":"PropertyValueSpecification","valueRequired":true,"valueName":"search_term_string"}}],"inLanguage":"es"},{"@type":"Organization","@id":"https:\/\/cvinoticias.com\/v3\/#organization","name":"CVI NOTICIAS","url":"https:\/\/cvinoticias.com\/v3\/","logo":{"@type":"ImageObject","inLanguage":"es","@id":"https:\/\/cvinoticias.com\/v3\/#\/schema\/logo\/image\/","url":"https:\/\/cvinoticias.com\/wp-content\/uploads\/2023\/04\/cropped-cropped-cropped-cropped-cropped-3-1.png","contentUrl":"https:\/\/cvinoticias.com\/wp-content\/uploads\/2023\/04\/cropped-cropped-cropped-cropped-cropped-3-1.png","width":95,"height":122,"caption":"CVI NOTICIAS"},"image":{"@id":"https:\/\/cvinoticias.com\/v3\/#\/schema\/logo\/image\/"},"sameAs":["https:\/\/www.facebook.com\/cvinoticias","https:\/\/www.instagram.com\/cvinoticias\/","https:\/\/www.youtube.com\/@CVINOTICIAS"]},{"@type":"Person","@id":"https:\/\/cvinoticias.com\/v3\/#\/schema\/person\/2db77e3c6bc03c538495d7b2b8be9b66","name":"f1000024","image":{"@type":"ImageObject","inLanguage":"es","@id":"https:\/\/secure.gravatar.com\/avatar\/d4fe7459cfc51ff5129ce1a732bbef5928568b8092d412ef95611616376bbeed?s=96&d=mm&r=g","url":"https:\/\/secure.gravatar.com\/avatar\/d4fe7459cfc51ff5129ce1a732bbef5928568b8092d412ef95611616376bbeed?s=96&d=mm&r=g","contentUrl":"https:\/\/secure.gravatar.com\/avatar\/d4fe7459cfc51ff5129ce1a732bbef5928568b8092d412ef95611616376bbeed?s=96&d=mm&r=g","caption":"f1000024"},"url":"https:\/\/cvinoticias.com\/v3\/author\/f1000024\/"}]}},"_links":{"self":[{"href":"https:\/\/cvinoticias.com\/v3\/wp-json\/wp\/v2\/posts\/29340","targetHints":{"allow":["GET"]}}],"collection":[{"href":"https:\/\/cvinoticias.com\/v3\/wp-json\/wp\/v2\/posts"}],"about":[{"href":"https:\/\/cvinoticias.com\/v3\/wp-json\/wp\/v2\/types\/post"}],"author":[{"embeddable":true,"href":"https:\/\/cvinoticias.com\/v3\/wp-json\/wp\/v2\/users\/2"}],"replies":[{"embeddable":true,"href":"https:\/\/cvinoticias.com\/v3\/wp-json\/wp\/v2\/comments?post=29340"}],"version-history":[{"count":1,"href":"https:\/\/cvinoticias.com\/v3\/wp-json\/wp\/v2\/posts\/29340\/revisions"}],"predecessor-version":[{"id":29342,"href":"https:\/\/cvinoticias.com\/v3\/wp-json\/wp\/v2\/posts\/29340\/revisions\/29342"}],"wp:featuredmedia":[{"embeddable":true,"href":"https:\/\/cvinoticias.com\/v3\/wp-json\/wp\/v2\/media\/29341"}],"wp:attachment":[{"href":"https:\/\/cvinoticias.com\/v3\/wp-json\/wp\/v2\/media?parent=29340"}],"wp:term":[{"taxonomy":"category","embeddable":true,"href":"https:\/\/cvinoticias.com\/v3\/wp-json\/wp\/v2\/categories?post=29340"},{"taxonomy":"post_tag","embeddable":true,"href":"https:\/\/cvinoticias.com\/v3\/wp-json\/wp\/v2\/tags?post=29340"}],"curies":[{"name":"wp","href":"https:\/\/api.w.org\/{rel}","templated":true}]}}