{"id":29218,"date":"2023-10-24T00:30:59","date_gmt":"2023-10-24T00:30:59","guid":{"rendered":"https:\/\/cvinoticias.com\/v3\/?p=29218"},"modified":"2023-10-24T00:30:59","modified_gmt":"2023-10-24T00:30:59","slug":"anunciaron-un-dolar-diferencial-para-el-sector-exportador","status":"publish","type":"post","link":"https:\/\/cvinoticias.com\/v3\/anunciaron-un-dolar-diferencial-para-el-sector-exportador\/","title":{"rendered":"Anunciaron un d\u00f3lar diferencial para el sector exportador"},"content":{"rendered":"\n<p><strong><em>El anuncio lo realiz\u00f3 Sergio Massa, en una medida que durar\u00e1 en principio por 30 d\u00edas, permitiendo liquidar el 30% al d\u00f3lar contado con Liquidaci\u00f3n.<\/em><\/strong><\/p>\n\n\n\n<p>Sergio Massa, anunci\u00f3 nuevas medidas que benefician a todo el complejo exportador, solo un d\u00eda despu\u00e9s de haber quedado como el candidato m\u00e1s votado en la carrera presidencial tras celebrarse las elecciones generales.<\/p>\n\n\n\n<p>Se trata de la puesta en marcha de un d\u00f3lar diferencial para todo el complejo exportador, que estar\u00e1 vigente durante los pr\u00f3ximos 30 d\u00edas, permitiendo liquidar el 30% al tipo de cambio financiero denominado contado con liquidaci\u00f3n (CCL).<\/p>\n\n\n\n<p>Fue este mediod\u00eda en el marco de un contacto mantenido con la prensa internacional, donde el Ministro de Econom\u00eda y candidato a presidente por Uni\u00f3n por la Patria (UxP) anticip\u00f3 que \u00abpara fortalecer las reservas argentinas, vamos a ampliar el Programa de Fortalecimiento Exportador a todas las actividades\u00bb.<\/p>\n\n\n\n<p>Adem\u00e1s agreg\u00f3 que \u00abtodo el complejo exportador argentino, incluyendo bienes intermedios, bienes terminados, productos primarios y servicios, podr\u00e1 hacer uso por los pr\u00f3ximos 30 d\u00edas de un r\u00e9gimen de liquidaci\u00f3n de 70% ingresado por lo que se denomina el mercado \u00fanico y libre de cambios (MULC) y 30% por lo que se denomina sistema de d\u00f3lares financieros o contado con liquidaci\u00f3n\u00bb.<\/p>\n\n\n\n<p>De esta manera, los exportadores terminan recibiendo una mayor cantidad de pesos que los que obtendr\u00edan si tuvieran que liquidar el 100% de sus exportaciones al tipo de cambio oficial minorista, que se ubica alrededor de los $367 por d\u00f3lar.<\/p>\n\n\n\n<p>El contado con liquidaci\u00f3n cotizaba esta tarde a $910, tras experimentar una importante baja de m\u00e1s del 18% en comparaci\u00f3n con el cierre del viernes pasado.<\/p>\n\n\n\n<p>Por otro lado, el jefe del Palacio de Hacienda tambi\u00e9n asegur\u00f3 que proyecta para el pa\u00eds, un super\u00e1vit primario del 1%, un crecimiento del PIB y un incremento de m\u00e1s de US$31.000 millones en las ventas al exterior.<\/p>\n","protected":false},"excerpt":{"rendered":"<p>El anuncio lo realiz\u00f3 Sergio Massa, en una medida que durar\u00e1 en principio por 30 d\u00edas, permitiendo liquidar el 30% al d\u00f3lar contado con Liquidaci\u00f3n. Sergio Massa, anunci\u00f3 nuevas medidas que benefician a todo el complejo exportador, solo un d\u00eda despu\u00e9s de haber quedado como el candidato m\u00e1s votado en la carrera presidencial tras celebrarse [&hellip;]<\/p>\n","protected":false},"author":2,"featured_media":29219,"comment_status":"open","ping_status":"open","sticky":false,"template":"","format":"standard","meta":{"footnotes":""},"categories":[32],"tags":[],"class_list":["post-29218","post","type-post","status-publish","format-standard","has-post-thumbnail","hentry","category-economia"],"yoast_head":"<!-- This site is optimized with the Yoast SEO plugin v27.5 - https:\/\/yoast.com\/product\/yoast-seo-wordpress\/ -->\n<title>Anunciaron un d\u00f3lar diferencial para el sector exportador | CVI NOTICIAS<\/title>\n<meta name=\"robots\" content=\"index, follow, max-snippet:-1, max-image-preview:large, max-video-preview:-1\" \/>\n<link rel=\"canonical\" href=\"https:\/\/cvinoticias.com\/v3\/anunciaron-un-dolar-diferencial-para-el-sector-exportador\/\" \/>\n<meta property=\"og:locale\" content=\"es_ES\" \/>\n<meta property=\"og:type\" content=\"article\" \/>\n<meta property=\"og:title\" content=\"Anunciaron un d\u00f3lar diferencial para el sector exportador | CVI NOTICIAS\" \/>\n<meta property=\"og:description\" content=\"El anuncio lo realiz\u00f3 Sergio Massa, en una medida que durar\u00e1 en principio por 30 d\u00edas, permitiendo liquidar el 30% al d\u00f3lar contado con Liquidaci\u00f3n. Sergio Massa, anunci\u00f3 nuevas medidas que benefician a todo el complejo exportador, solo un d\u00eda despu\u00e9s de haber quedado como el candidato m\u00e1s votado en la carrera presidencial tras celebrarse [&hellip;]\" \/>\n<meta property=\"og:url\" content=\"https:\/\/cvinoticias.com\/v3\/anunciaron-un-dolar-diferencial-para-el-sector-exportador\/\" \/>\n<meta property=\"og:site_name\" content=\"CVI NOTICIAS\" \/>\n<meta property=\"article:publisher\" content=\"https:\/\/www.facebook.com\/cvinoticias\" \/>\n<meta property=\"article:published_time\" content=\"2023-10-24T00:30:59+00:00\" \/>\n<meta property=\"og:image\" content=\"https:\/\/cvinoticias.com\/wp-content\/uploads\/2023\/10\/0000149069.jpg\" \/>\n\t<meta property=\"og:image:width\" content=\"1200\" \/>\n\t<meta property=\"og:image:height\" content=\"675\" \/>\n\t<meta property=\"og:image:type\" content=\"image\/jpeg\" \/>\n<meta name=\"author\" content=\"f1000024\" \/>\n<meta name=\"twitter:card\" content=\"summary_large_image\" \/>\n<meta name=\"twitter:label1\" content=\"Escrito por\" \/>\n\t<meta name=\"twitter:data1\" content=\"f1000024\" \/>\n\t<meta name=\"twitter:label2\" content=\"Tiempo de lectura\" \/>\n\t<meta name=\"twitter:data2\" content=\"2 minutos\" \/>\n<script type=\"application\/ld+json\" class=\"yoast-schema-graph\">{\"@context\":\"https:\\\/\\\/schema.org\",\"@graph\":[{\"@type\":\"Article\",\"@id\":\"https:\\\/\\\/cvinoticias.com\\\/v3\\\/anunciaron-un-dolar-diferencial-para-el-sector-exportador\\\/#article\",\"isPartOf\":{\"@id\":\"https:\\\/\\\/cvinoticias.com\\\/v3\\\/anunciaron-un-dolar-diferencial-para-el-sector-exportador\\\/\"},\"author\":{\"name\":\"f1000024\",\"@id\":\"https:\\\/\\\/cvinoticias.com\\\/v3\\\/#\\\/schema\\\/person\\\/2db77e3c6bc03c538495d7b2b8be9b66\"},\"headline\":\"Anunciaron un d\u00f3lar diferencial para el sector exportador\",\"datePublished\":\"2023-10-24T00:30:59+00:00\",\"mainEntityOfPage\":{\"@id\":\"https:\\\/\\\/cvinoticias.com\\\/v3\\\/anunciaron-un-dolar-diferencial-para-el-sector-exportador\\\/\"},\"wordCount\":335,\"commentCount\":0,\"publisher\":{\"@id\":\"https:\\\/\\\/cvinoticias.com\\\/v3\\\/#organization\"},\"image\":{\"@id\":\"https:\\\/\\\/cvinoticias.com\\\/v3\\\/anunciaron-un-dolar-diferencial-para-el-sector-exportador\\\/#primaryimage\"},\"thumbnailUrl\":\"https:\\\/\\\/cvinoticias.com\\\/wp-content\\\/uploads\\\/2023\\\/10\\\/0000149069.jpg\",\"articleSection\":[\"Econom\u00eda\"],\"inLanguage\":\"es\",\"potentialAction\":[{\"@type\":\"CommentAction\",\"name\":\"Comment\",\"target\":[\"https:\\\/\\\/cvinoticias.com\\\/v3\\\/anunciaron-un-dolar-diferencial-para-el-sector-exportador\\\/#respond\"]}]},{\"@type\":\"WebPage\",\"@id\":\"https:\\\/\\\/cvinoticias.com\\\/v3\\\/anunciaron-un-dolar-diferencial-para-el-sector-exportador\\\/\",\"url\":\"https:\\\/\\\/cvinoticias.com\\\/v3\\\/anunciaron-un-dolar-diferencial-para-el-sector-exportador\\\/\",\"name\":\"Anunciaron un d\u00f3lar diferencial para el sector exportador | CVI NOTICIAS\",\"isPartOf\":{\"@id\":\"https:\\\/\\\/cvinoticias.com\\\/v3\\\/#website\"},\"primaryImageOfPage\":{\"@id\":\"https:\\\/\\\/cvinoticias.com\\\/v3\\\/anunciaron-un-dolar-diferencial-para-el-sector-exportador\\\/#primaryimage\"},\"image\":{\"@id\":\"https:\\\/\\\/cvinoticias.com\\\/v3\\\/anunciaron-un-dolar-diferencial-para-el-sector-exportador\\\/#primaryimage\"},\"thumbnailUrl\":\"https:\\\/\\\/cvinoticias.com\\\/wp-content\\\/uploads\\\/2023\\\/10\\\/0000149069.jpg\",\"datePublished\":\"2023-10-24T00:30:59+00:00\",\"breadcrumb\":{\"@id\":\"https:\\\/\\\/cvinoticias.com\\\/v3\\\/anunciaron-un-dolar-diferencial-para-el-sector-exportador\\\/#breadcrumb\"},\"inLanguage\":\"es\",\"potentialAction\":[{\"@type\":\"ReadAction\",\"target\":[\"https:\\\/\\\/cvinoticias.com\\\/v3\\\/anunciaron-un-dolar-diferencial-para-el-sector-exportador\\\/\"]}]},{\"@type\":\"ImageObject\",\"inLanguage\":\"es\",\"@id\":\"https:\\\/\\\/cvinoticias.com\\\/v3\\\/anunciaron-un-dolar-diferencial-para-el-sector-exportador\\\/#primaryimage\",\"url\":\"https:\\\/\\\/cvinoticias.com\\\/wp-content\\\/uploads\\\/2023\\\/10\\\/0000149069.jpg\",\"contentUrl\":\"https:\\\/\\\/cvinoticias.com\\\/wp-content\\\/uploads\\\/2023\\\/10\\\/0000149069.jpg\",\"width\":1200,\"height\":675},{\"@type\":\"BreadcrumbList\",\"@id\":\"https:\\\/\\\/cvinoticias.com\\\/v3\\\/anunciaron-un-dolar-diferencial-para-el-sector-exportador\\\/#breadcrumb\",\"itemListElement\":[{\"@type\":\"ListItem\",\"position\":1,\"name\":\"Portada\",\"item\":\"https:\\\/\\\/cvinoticias.com\\\/v3\\\/\"},{\"@type\":\"ListItem\",\"position\":2,\"name\":\"Anunciaron un d\u00f3lar diferencial para el sector exportador\"}]},{\"@type\":\"WebSite\",\"@id\":\"https:\\\/\\\/cvinoticias.com\\\/v3\\\/#website\",\"url\":\"https:\\\/\\\/cvinoticias.com\\\/v3\\\/\",\"name\":\"CVI NOTICIAS\",\"description\":\"\",\"publisher\":{\"@id\":\"https:\\\/\\\/cvinoticias.com\\\/v3\\\/#organization\"},\"alternateName\":\"CVI\",\"potentialAction\":[{\"@type\":\"SearchAction\",\"target\":{\"@type\":\"EntryPoint\",\"urlTemplate\":\"https:\\\/\\\/cvinoticias.com\\\/v3\\\/?s={search_term_string}\"},\"query-input\":{\"@type\":\"PropertyValueSpecification\",\"valueRequired\":true,\"valueName\":\"search_term_string\"}}],\"inLanguage\":\"es\"},{\"@type\":\"Organization\",\"@id\":\"https:\\\/\\\/cvinoticias.com\\\/v3\\\/#organization\",\"name\":\"CVI NOTICIAS\",\"url\":\"https:\\\/\\\/cvinoticias.com\\\/v3\\\/\",\"logo\":{\"@type\":\"ImageObject\",\"inLanguage\":\"es\",\"@id\":\"https:\\\/\\\/cvinoticias.com\\\/v3\\\/#\\\/schema\\\/logo\\\/image\\\/\",\"url\":\"https:\\\/\\\/cvinoticias.com\\\/wp-content\\\/uploads\\\/2023\\\/04\\\/cropped-cropped-cropped-cropped-cropped-3-1.png\",\"contentUrl\":\"https:\\\/\\\/cvinoticias.com\\\/wp-content\\\/uploads\\\/2023\\\/04\\\/cropped-cropped-cropped-cropped-cropped-3-1.png\",\"width\":95,\"height\":122,\"caption\":\"CVI NOTICIAS\"},\"image\":{\"@id\":\"https:\\\/\\\/cvinoticias.com\\\/v3\\\/#\\\/schema\\\/logo\\\/image\\\/\"},\"sameAs\":[\"https:\\\/\\\/www.facebook.com\\\/cvinoticias\",\"https:\\\/\\\/www.instagram.com\\\/cvinoticias\\\/\",\"https:\\\/\\\/www.youtube.com\\\/@CVINOTICIAS\"]},{\"@type\":\"Person\",\"@id\":\"https:\\\/\\\/cvinoticias.com\\\/v3\\\/#\\\/schema\\\/person\\\/2db77e3c6bc03c538495d7b2b8be9b66\",\"name\":\"f1000024\",\"image\":{\"@type\":\"ImageObject\",\"inLanguage\":\"es\",\"@id\":\"https:\\\/\\\/secure.gravatar.com\\\/avatar\\\/d4fe7459cfc51ff5129ce1a732bbef5928568b8092d412ef95611616376bbeed?s=96&d=mm&r=g\",\"url\":\"https:\\\/\\\/secure.gravatar.com\\\/avatar\\\/d4fe7459cfc51ff5129ce1a732bbef5928568b8092d412ef95611616376bbeed?s=96&d=mm&r=g\",\"contentUrl\":\"https:\\\/\\\/secure.gravatar.com\\\/avatar\\\/d4fe7459cfc51ff5129ce1a732bbef5928568b8092d412ef95611616376bbeed?s=96&d=mm&r=g\",\"caption\":\"f1000024\"},\"url\":\"https:\\\/\\\/cvinoticias.com\\\/v3\\\/author\\\/f1000024\\\/\"}]}<\/script>\n<!-- \/ Yoast SEO plugin. -->","yoast_head_json":{"title":"Anunciaron un d\u00f3lar diferencial para el sector exportador | CVI NOTICIAS","robots":{"index":"index","follow":"follow","max-snippet":"max-snippet:-1","max-image-preview":"max-image-preview:large","max-video-preview":"max-video-preview:-1"},"canonical":"https:\/\/cvinoticias.com\/v3\/anunciaron-un-dolar-diferencial-para-el-sector-exportador\/","og_locale":"es_ES","og_type":"article","og_title":"Anunciaron un d\u00f3lar diferencial para el sector exportador | CVI NOTICIAS","og_description":"El anuncio lo realiz\u00f3 Sergio Massa, en una medida que durar\u00e1 en principio por 30 d\u00edas, permitiendo liquidar el 30% al d\u00f3lar contado con Liquidaci\u00f3n. Sergio Massa, anunci\u00f3 nuevas medidas que benefician a todo el complejo exportador, solo un d\u00eda despu\u00e9s de haber quedado como el candidato m\u00e1s votado en la carrera presidencial tras celebrarse [&hellip;]","og_url":"https:\/\/cvinoticias.com\/v3\/anunciaron-un-dolar-diferencial-para-el-sector-exportador\/","og_site_name":"CVI NOTICIAS","article_publisher":"https:\/\/www.facebook.com\/cvinoticias","article_published_time":"2023-10-24T00:30:59+00:00","og_image":[{"width":1200,"height":675,"url":"https:\/\/cvinoticias.com\/wp-content\/uploads\/2023\/10\/0000149069.jpg","type":"image\/jpeg"}],"author":"f1000024","twitter_card":"summary_large_image","twitter_misc":{"Escrito por":"f1000024","Tiempo de lectura":"2 minutos"},"schema":{"@context":"https:\/\/schema.org","@graph":[{"@type":"Article","@id":"https:\/\/cvinoticias.com\/v3\/anunciaron-un-dolar-diferencial-para-el-sector-exportador\/#article","isPartOf":{"@id":"https:\/\/cvinoticias.com\/v3\/anunciaron-un-dolar-diferencial-para-el-sector-exportador\/"},"author":{"name":"f1000024","@id":"https:\/\/cvinoticias.com\/v3\/#\/schema\/person\/2db77e3c6bc03c538495d7b2b8be9b66"},"headline":"Anunciaron un d\u00f3lar diferencial para el sector exportador","datePublished":"2023-10-24T00:30:59+00:00","mainEntityOfPage":{"@id":"https:\/\/cvinoticias.com\/v3\/anunciaron-un-dolar-diferencial-para-el-sector-exportador\/"},"wordCount":335,"commentCount":0,"publisher":{"@id":"https:\/\/cvinoticias.com\/v3\/#organization"},"image":{"@id":"https:\/\/cvinoticias.com\/v3\/anunciaron-un-dolar-diferencial-para-el-sector-exportador\/#primaryimage"},"thumbnailUrl":"https:\/\/cvinoticias.com\/wp-content\/uploads\/2023\/10\/0000149069.jpg","articleSection":["Econom\u00eda"],"inLanguage":"es","potentialAction":[{"@type":"CommentAction","name":"Comment","target":["https:\/\/cvinoticias.com\/v3\/anunciaron-un-dolar-diferencial-para-el-sector-exportador\/#respond"]}]},{"@type":"WebPage","@id":"https:\/\/cvinoticias.com\/v3\/anunciaron-un-dolar-diferencial-para-el-sector-exportador\/","url":"https:\/\/cvinoticias.com\/v3\/anunciaron-un-dolar-diferencial-para-el-sector-exportador\/","name":"Anunciaron un d\u00f3lar diferencial para el sector exportador | CVI NOTICIAS","isPartOf":{"@id":"https:\/\/cvinoticias.com\/v3\/#website"},"primaryImageOfPage":{"@id":"https:\/\/cvinoticias.com\/v3\/anunciaron-un-dolar-diferencial-para-el-sector-exportador\/#primaryimage"},"image":{"@id":"https:\/\/cvinoticias.com\/v3\/anunciaron-un-dolar-diferencial-para-el-sector-exportador\/#primaryimage"},"thumbnailUrl":"https:\/\/cvinoticias.com\/wp-content\/uploads\/2023\/10\/0000149069.jpg","datePublished":"2023-10-24T00:30:59+00:00","breadcrumb":{"@id":"https:\/\/cvinoticias.com\/v3\/anunciaron-un-dolar-diferencial-para-el-sector-exportador\/#breadcrumb"},"inLanguage":"es","potentialAction":[{"@type":"ReadAction","target":["https:\/\/cvinoticias.com\/v3\/anunciaron-un-dolar-diferencial-para-el-sector-exportador\/"]}]},{"@type":"ImageObject","inLanguage":"es","@id":"https:\/\/cvinoticias.com\/v3\/anunciaron-un-dolar-diferencial-para-el-sector-exportador\/#primaryimage","url":"https:\/\/cvinoticias.com\/wp-content\/uploads\/2023\/10\/0000149069.jpg","contentUrl":"https:\/\/cvinoticias.com\/wp-content\/uploads\/2023\/10\/0000149069.jpg","width":1200,"height":675},{"@type":"BreadcrumbList","@id":"https:\/\/cvinoticias.com\/v3\/anunciaron-un-dolar-diferencial-para-el-sector-exportador\/#breadcrumb","itemListElement":[{"@type":"ListItem","position":1,"name":"Portada","item":"https:\/\/cvinoticias.com\/v3\/"},{"@type":"ListItem","position":2,"name":"Anunciaron un d\u00f3lar diferencial para el sector exportador"}]},{"@type":"WebSite","@id":"https:\/\/cvinoticias.com\/v3\/#website","url":"https:\/\/cvinoticias.com\/v3\/","name":"CVI NOTICIAS","description":"","publisher":{"@id":"https:\/\/cvinoticias.com\/v3\/#organization"},"alternateName":"CVI","potentialAction":[{"@type":"SearchAction","target":{"@type":"EntryPoint","urlTemplate":"https:\/\/cvinoticias.com\/v3\/?s={search_term_string}"},"query-input":{"@type":"PropertyValueSpecification","valueRequired":true,"valueName":"search_term_string"}}],"inLanguage":"es"},{"@type":"Organization","@id":"https:\/\/cvinoticias.com\/v3\/#organization","name":"CVI NOTICIAS","url":"https:\/\/cvinoticias.com\/v3\/","logo":{"@type":"ImageObject","inLanguage":"es","@id":"https:\/\/cvinoticias.com\/v3\/#\/schema\/logo\/image\/","url":"https:\/\/cvinoticias.com\/wp-content\/uploads\/2023\/04\/cropped-cropped-cropped-cropped-cropped-3-1.png","contentUrl":"https:\/\/cvinoticias.com\/wp-content\/uploads\/2023\/04\/cropped-cropped-cropped-cropped-cropped-3-1.png","width":95,"height":122,"caption":"CVI NOTICIAS"},"image":{"@id":"https:\/\/cvinoticias.com\/v3\/#\/schema\/logo\/image\/"},"sameAs":["https:\/\/www.facebook.com\/cvinoticias","https:\/\/www.instagram.com\/cvinoticias\/","https:\/\/www.youtube.com\/@CVINOTICIAS"]},{"@type":"Person","@id":"https:\/\/cvinoticias.com\/v3\/#\/schema\/person\/2db77e3c6bc03c538495d7b2b8be9b66","name":"f1000024","image":{"@type":"ImageObject","inLanguage":"es","@id":"https:\/\/secure.gravatar.com\/avatar\/d4fe7459cfc51ff5129ce1a732bbef5928568b8092d412ef95611616376bbeed?s=96&d=mm&r=g","url":"https:\/\/secure.gravatar.com\/avatar\/d4fe7459cfc51ff5129ce1a732bbef5928568b8092d412ef95611616376bbeed?s=96&d=mm&r=g","contentUrl":"https:\/\/secure.gravatar.com\/avatar\/d4fe7459cfc51ff5129ce1a732bbef5928568b8092d412ef95611616376bbeed?s=96&d=mm&r=g","caption":"f1000024"},"url":"https:\/\/cvinoticias.com\/v3\/author\/f1000024\/"}]}},"_links":{"self":[{"href":"https:\/\/cvinoticias.com\/v3\/wp-json\/wp\/v2\/posts\/29218","targetHints":{"allow":["GET"]}}],"collection":[{"href":"https:\/\/cvinoticias.com\/v3\/wp-json\/wp\/v2\/posts"}],"about":[{"href":"https:\/\/cvinoticias.com\/v3\/wp-json\/wp\/v2\/types\/post"}],"author":[{"embeddable":true,"href":"https:\/\/cvinoticias.com\/v3\/wp-json\/wp\/v2\/users\/2"}],"replies":[{"embeddable":true,"href":"https:\/\/cvinoticias.com\/v3\/wp-json\/wp\/v2\/comments?post=29218"}],"version-history":[{"count":1,"href":"https:\/\/cvinoticias.com\/v3\/wp-json\/wp\/v2\/posts\/29218\/revisions"}],"predecessor-version":[{"id":29220,"href":"https:\/\/cvinoticias.com\/v3\/wp-json\/wp\/v2\/posts\/29218\/revisions\/29220"}],"wp:featuredmedia":[{"embeddable":true,"href":"https:\/\/cvinoticias.com\/v3\/wp-json\/wp\/v2\/media\/29219"}],"wp:attachment":[{"href":"https:\/\/cvinoticias.com\/v3\/wp-json\/wp\/v2\/media?parent=29218"}],"wp:term":[{"taxonomy":"category","embeddable":true,"href":"https:\/\/cvinoticias.com\/v3\/wp-json\/wp\/v2\/categories?post=29218"},{"taxonomy":"post_tag","embeddable":true,"href":"https:\/\/cvinoticias.com\/v3\/wp-json\/wp\/v2\/tags?post=29218"}],"curies":[{"name":"wp","href":"https:\/\/api.w.org\/{rel}","templated":true}]}}