{"id":29209,"date":"2023-10-23T22:07:20","date_gmt":"2023-10-23T22:07:20","guid":{"rendered":"https:\/\/cvinoticias.com\/v3\/?p=29209"},"modified":"2023-10-23T22:07:20","modified_gmt":"2023-10-23T22:07:20","slug":"ypf-aumento-un-3-el-precio-de-naftas-y-gasoil","status":"publish","type":"post","link":"https:\/\/cvinoticias.com\/v3\/ypf-aumento-un-3-el-precio-de-naftas-y-gasoil\/","title":{"rendered":"YPF aument\u00f3 un 3% el precio de naftas y gasoil"},"content":{"rendered":"\n<p><strong><em>Tras el resultado de las elecciones, la empresa YPF puso fin al congelamiento de precios y aument\u00f3 hoy sus combustibles entre un 3% y un 5% en todo el pa\u00eds para los distintos tipos de nafta y de gasoil. <\/em><\/strong><\/p>\n\n\n\n<p>Por el contrario, las estaciones de servicio de Axion y Shell ya hab\u00eda hecho dos subas de 2,5%. Por el momento, no se sumaron a este nuevo aumento.<\/p>\n\n\n\n<p>La suba en el precio de la nafta y gasoil llega en medio de la vigencia del programa \u201cPrecios Justos\u201d que manten\u00edan las petroleras con el Gobierno y que deb\u00eda mantenerse hasta el 31 de este mes.<\/p>\n\n\n\n<p>El aumento no fue confirmado por las empresas, pero s\u00ed por la Confederaci\u00f3n de Entidades del Comercio de Hidrocarburos y Afines (CECHA).<\/p>\n\n\n\n<p>Fin del congelamiento de precios<\/p>\n\n\n\n<p>El aumento se da pese a que hasta el 31 de octubre hay un acuerdo para que las petroleras mantengan congelado el valor del combustible.<\/p>\n\n\n\n<p>En agosto, despu\u00e9s de las PASO, el Gobierno acord\u00f3 aumentar un 12,5% y que luego se congelaran los precios.<\/p>\n\n\n\n<p>\u00abEste ajuste ser\u00e1 el \u00faltimo hasta el 31 de octubre, con lo cual el congelamiento de precios se iguala con el congelamiento que tendr\u00e1 el tipo de cambio hasta esa fecha, que quedar\u00e1 fijo en $350\u00bb, hab\u00eda asegurado el ministro de Econom\u00eda, Sergio Massa.<\/p>\n\n\n\n<p>Otras petroleras como Axion y Shell ya hab\u00eda hecho dos subas de 2,5% y no se sumaron a este aumento.<\/p>\n","protected":false},"excerpt":{"rendered":"<p>Tras el resultado de las elecciones, la empresa YPF puso fin al congelamiento de precios y aument\u00f3 hoy sus combustibles entre un 3% y un 5% en todo el pa\u00eds para los distintos tipos de nafta y de gasoil. Por el contrario, las estaciones de servicio de Axion y Shell ya hab\u00eda hecho dos subas [&hellip;]<\/p>\n","protected":false},"author":2,"featured_media":29210,"comment_status":"open","ping_status":"open","sticky":false,"template":"","format":"standard","meta":{"footnotes":""},"categories":[32],"tags":[],"class_list":["post-29209","post","type-post","status-publish","format-standard","has-post-thumbnail","hentry","category-economia"],"yoast_head":"<!-- This site is optimized with the Yoast SEO plugin v27.5 - https:\/\/yoast.com\/product\/yoast-seo-wordpress\/ -->\n<title>YPF aument\u00f3 un 3% el precio de naftas y gasoil | CVI NOTICIAS<\/title>\n<meta name=\"robots\" content=\"index, follow, max-snippet:-1, max-image-preview:large, max-video-preview:-1\" \/>\n<link rel=\"canonical\" href=\"https:\/\/cvinoticias.com\/v3\/ypf-aumento-un-3-el-precio-de-naftas-y-gasoil\/\" \/>\n<meta property=\"og:locale\" content=\"es_ES\" \/>\n<meta property=\"og:type\" content=\"article\" \/>\n<meta property=\"og:title\" content=\"YPF aument\u00f3 un 3% el precio de naftas y gasoil | CVI NOTICIAS\" \/>\n<meta property=\"og:description\" content=\"Tras el resultado de las elecciones, la empresa YPF puso fin al congelamiento de precios y aument\u00f3 hoy sus combustibles entre un 3% y un 5% en todo el pa\u00eds para los distintos tipos de nafta y de gasoil. Por el contrario, las estaciones de servicio de Axion y Shell ya hab\u00eda hecho dos subas [&hellip;]\" \/>\n<meta property=\"og:url\" content=\"https:\/\/cvinoticias.com\/v3\/ypf-aumento-un-3-el-precio-de-naftas-y-gasoil\/\" \/>\n<meta property=\"og:site_name\" content=\"CVI NOTICIAS\" \/>\n<meta property=\"article:publisher\" content=\"https:\/\/www.facebook.com\/cvinoticias\" \/>\n<meta property=\"article:published_time\" content=\"2023-10-23T22:07:20+00:00\" \/>\n<meta property=\"og:image\" content=\"https:\/\/cvinoticias.com\/wp-content\/uploads\/2023\/10\/0000045289.jpg\" \/>\n\t<meta property=\"og:image:width\" content=\"1024\" \/>\n\t<meta property=\"og:image:height\" content=\"680\" \/>\n\t<meta property=\"og:image:type\" content=\"image\/jpeg\" \/>\n<meta name=\"author\" content=\"f1000024\" \/>\n<meta name=\"twitter:card\" content=\"summary_large_image\" \/>\n<meta name=\"twitter:label1\" content=\"Escrito por\" \/>\n\t<meta name=\"twitter:data1\" content=\"f1000024\" \/>\n\t<meta name=\"twitter:label2\" content=\"Tiempo de lectura\" \/>\n\t<meta name=\"twitter:data2\" content=\"1 minuto\" \/>\n<script type=\"application\/ld+json\" class=\"yoast-schema-graph\">{\"@context\":\"https:\\\/\\\/schema.org\",\"@graph\":[{\"@type\":\"Article\",\"@id\":\"https:\\\/\\\/cvinoticias.com\\\/v3\\\/ypf-aumento-un-3-el-precio-de-naftas-y-gasoil\\\/#article\",\"isPartOf\":{\"@id\":\"https:\\\/\\\/cvinoticias.com\\\/v3\\\/ypf-aumento-un-3-el-precio-de-naftas-y-gasoil\\\/\"},\"author\":{\"name\":\"f1000024\",\"@id\":\"https:\\\/\\\/cvinoticias.com\\\/v3\\\/#\\\/schema\\\/person\\\/2db77e3c6bc03c538495d7b2b8be9b66\"},\"headline\":\"YPF aument\u00f3 un 3% el precio de naftas y gasoil\",\"datePublished\":\"2023-10-23T22:07:20+00:00\",\"mainEntityOfPage\":{\"@id\":\"https:\\\/\\\/cvinoticias.com\\\/v3\\\/ypf-aumento-un-3-el-precio-de-naftas-y-gasoil\\\/\"},\"wordCount\":248,\"commentCount\":0,\"publisher\":{\"@id\":\"https:\\\/\\\/cvinoticias.com\\\/v3\\\/#organization\"},\"image\":{\"@id\":\"https:\\\/\\\/cvinoticias.com\\\/v3\\\/ypf-aumento-un-3-el-precio-de-naftas-y-gasoil\\\/#primaryimage\"},\"thumbnailUrl\":\"https:\\\/\\\/cvinoticias.com\\\/wp-content\\\/uploads\\\/2023\\\/10\\\/0000045289.jpg\",\"articleSection\":[\"Econom\u00eda\"],\"inLanguage\":\"es\",\"potentialAction\":[{\"@type\":\"CommentAction\",\"name\":\"Comment\",\"target\":[\"https:\\\/\\\/cvinoticias.com\\\/v3\\\/ypf-aumento-un-3-el-precio-de-naftas-y-gasoil\\\/#respond\"]}]},{\"@type\":\"WebPage\",\"@id\":\"https:\\\/\\\/cvinoticias.com\\\/v3\\\/ypf-aumento-un-3-el-precio-de-naftas-y-gasoil\\\/\",\"url\":\"https:\\\/\\\/cvinoticias.com\\\/v3\\\/ypf-aumento-un-3-el-precio-de-naftas-y-gasoil\\\/\",\"name\":\"YPF aument\u00f3 un 3% el precio de naftas y gasoil | CVI NOTICIAS\",\"isPartOf\":{\"@id\":\"https:\\\/\\\/cvinoticias.com\\\/v3\\\/#website\"},\"primaryImageOfPage\":{\"@id\":\"https:\\\/\\\/cvinoticias.com\\\/v3\\\/ypf-aumento-un-3-el-precio-de-naftas-y-gasoil\\\/#primaryimage\"},\"image\":{\"@id\":\"https:\\\/\\\/cvinoticias.com\\\/v3\\\/ypf-aumento-un-3-el-precio-de-naftas-y-gasoil\\\/#primaryimage\"},\"thumbnailUrl\":\"https:\\\/\\\/cvinoticias.com\\\/wp-content\\\/uploads\\\/2023\\\/10\\\/0000045289.jpg\",\"datePublished\":\"2023-10-23T22:07:20+00:00\",\"breadcrumb\":{\"@id\":\"https:\\\/\\\/cvinoticias.com\\\/v3\\\/ypf-aumento-un-3-el-precio-de-naftas-y-gasoil\\\/#breadcrumb\"},\"inLanguage\":\"es\",\"potentialAction\":[{\"@type\":\"ReadAction\",\"target\":[\"https:\\\/\\\/cvinoticias.com\\\/v3\\\/ypf-aumento-un-3-el-precio-de-naftas-y-gasoil\\\/\"]}]},{\"@type\":\"ImageObject\",\"inLanguage\":\"es\",\"@id\":\"https:\\\/\\\/cvinoticias.com\\\/v3\\\/ypf-aumento-un-3-el-precio-de-naftas-y-gasoil\\\/#primaryimage\",\"url\":\"https:\\\/\\\/cvinoticias.com\\\/wp-content\\\/uploads\\\/2023\\\/10\\\/0000045289.jpg\",\"contentUrl\":\"https:\\\/\\\/cvinoticias.com\\\/wp-content\\\/uploads\\\/2023\\\/10\\\/0000045289.jpg\",\"width\":1024,\"height\":680},{\"@type\":\"BreadcrumbList\",\"@id\":\"https:\\\/\\\/cvinoticias.com\\\/v3\\\/ypf-aumento-un-3-el-precio-de-naftas-y-gasoil\\\/#breadcrumb\",\"itemListElement\":[{\"@type\":\"ListItem\",\"position\":1,\"name\":\"Portada\",\"item\":\"https:\\\/\\\/cvinoticias.com\\\/v3\\\/\"},{\"@type\":\"ListItem\",\"position\":2,\"name\":\"YPF aument\u00f3 un 3% el precio de naftas y gasoil\"}]},{\"@type\":\"WebSite\",\"@id\":\"https:\\\/\\\/cvinoticias.com\\\/v3\\\/#website\",\"url\":\"https:\\\/\\\/cvinoticias.com\\\/v3\\\/\",\"name\":\"CVI NOTICIAS\",\"description\":\"\",\"publisher\":{\"@id\":\"https:\\\/\\\/cvinoticias.com\\\/v3\\\/#organization\"},\"alternateName\":\"CVI\",\"potentialAction\":[{\"@type\":\"SearchAction\",\"target\":{\"@type\":\"EntryPoint\",\"urlTemplate\":\"https:\\\/\\\/cvinoticias.com\\\/v3\\\/?s={search_term_string}\"},\"query-input\":{\"@type\":\"PropertyValueSpecification\",\"valueRequired\":true,\"valueName\":\"search_term_string\"}}],\"inLanguage\":\"es\"},{\"@type\":\"Organization\",\"@id\":\"https:\\\/\\\/cvinoticias.com\\\/v3\\\/#organization\",\"name\":\"CVI NOTICIAS\",\"url\":\"https:\\\/\\\/cvinoticias.com\\\/v3\\\/\",\"logo\":{\"@type\":\"ImageObject\",\"inLanguage\":\"es\",\"@id\":\"https:\\\/\\\/cvinoticias.com\\\/v3\\\/#\\\/schema\\\/logo\\\/image\\\/\",\"url\":\"https:\\\/\\\/cvinoticias.com\\\/wp-content\\\/uploads\\\/2023\\\/04\\\/cropped-cropped-cropped-cropped-cropped-3-1.png\",\"contentUrl\":\"https:\\\/\\\/cvinoticias.com\\\/wp-content\\\/uploads\\\/2023\\\/04\\\/cropped-cropped-cropped-cropped-cropped-3-1.png\",\"width\":95,\"height\":122,\"caption\":\"CVI NOTICIAS\"},\"image\":{\"@id\":\"https:\\\/\\\/cvinoticias.com\\\/v3\\\/#\\\/schema\\\/logo\\\/image\\\/\"},\"sameAs\":[\"https:\\\/\\\/www.facebook.com\\\/cvinoticias\",\"https:\\\/\\\/www.instagram.com\\\/cvinoticias\\\/\",\"https:\\\/\\\/www.youtube.com\\\/@CVINOTICIAS\"]},{\"@type\":\"Person\",\"@id\":\"https:\\\/\\\/cvinoticias.com\\\/v3\\\/#\\\/schema\\\/person\\\/2db77e3c6bc03c538495d7b2b8be9b66\",\"name\":\"f1000024\",\"image\":{\"@type\":\"ImageObject\",\"inLanguage\":\"es\",\"@id\":\"https:\\\/\\\/secure.gravatar.com\\\/avatar\\\/d4fe7459cfc51ff5129ce1a732bbef5928568b8092d412ef95611616376bbeed?s=96&d=mm&r=g\",\"url\":\"https:\\\/\\\/secure.gravatar.com\\\/avatar\\\/d4fe7459cfc51ff5129ce1a732bbef5928568b8092d412ef95611616376bbeed?s=96&d=mm&r=g\",\"contentUrl\":\"https:\\\/\\\/secure.gravatar.com\\\/avatar\\\/d4fe7459cfc51ff5129ce1a732bbef5928568b8092d412ef95611616376bbeed?s=96&d=mm&r=g\",\"caption\":\"f1000024\"},\"url\":\"https:\\\/\\\/cvinoticias.com\\\/v3\\\/author\\\/f1000024\\\/\"}]}<\/script>\n<!-- \/ Yoast SEO plugin. -->","yoast_head_json":{"title":"YPF aument\u00f3 un 3% el precio de naftas y gasoil | CVI NOTICIAS","robots":{"index":"index","follow":"follow","max-snippet":"max-snippet:-1","max-image-preview":"max-image-preview:large","max-video-preview":"max-video-preview:-1"},"canonical":"https:\/\/cvinoticias.com\/v3\/ypf-aumento-un-3-el-precio-de-naftas-y-gasoil\/","og_locale":"es_ES","og_type":"article","og_title":"YPF aument\u00f3 un 3% el precio de naftas y gasoil | CVI NOTICIAS","og_description":"Tras el resultado de las elecciones, la empresa YPF puso fin al congelamiento de precios y aument\u00f3 hoy sus combustibles entre un 3% y un 5% en todo el pa\u00eds para los distintos tipos de nafta y de gasoil. Por el contrario, las estaciones de servicio de Axion y Shell ya hab\u00eda hecho dos subas [&hellip;]","og_url":"https:\/\/cvinoticias.com\/v3\/ypf-aumento-un-3-el-precio-de-naftas-y-gasoil\/","og_site_name":"CVI NOTICIAS","article_publisher":"https:\/\/www.facebook.com\/cvinoticias","article_published_time":"2023-10-23T22:07:20+00:00","og_image":[{"width":1024,"height":680,"url":"https:\/\/cvinoticias.com\/wp-content\/uploads\/2023\/10\/0000045289.jpg","type":"image\/jpeg"}],"author":"f1000024","twitter_card":"summary_large_image","twitter_misc":{"Escrito por":"f1000024","Tiempo de lectura":"1 minuto"},"schema":{"@context":"https:\/\/schema.org","@graph":[{"@type":"Article","@id":"https:\/\/cvinoticias.com\/v3\/ypf-aumento-un-3-el-precio-de-naftas-y-gasoil\/#article","isPartOf":{"@id":"https:\/\/cvinoticias.com\/v3\/ypf-aumento-un-3-el-precio-de-naftas-y-gasoil\/"},"author":{"name":"f1000024","@id":"https:\/\/cvinoticias.com\/v3\/#\/schema\/person\/2db77e3c6bc03c538495d7b2b8be9b66"},"headline":"YPF aument\u00f3 un 3% el precio de naftas y gasoil","datePublished":"2023-10-23T22:07:20+00:00","mainEntityOfPage":{"@id":"https:\/\/cvinoticias.com\/v3\/ypf-aumento-un-3-el-precio-de-naftas-y-gasoil\/"},"wordCount":248,"commentCount":0,"publisher":{"@id":"https:\/\/cvinoticias.com\/v3\/#organization"},"image":{"@id":"https:\/\/cvinoticias.com\/v3\/ypf-aumento-un-3-el-precio-de-naftas-y-gasoil\/#primaryimage"},"thumbnailUrl":"https:\/\/cvinoticias.com\/wp-content\/uploads\/2023\/10\/0000045289.jpg","articleSection":["Econom\u00eda"],"inLanguage":"es","potentialAction":[{"@type":"CommentAction","name":"Comment","target":["https:\/\/cvinoticias.com\/v3\/ypf-aumento-un-3-el-precio-de-naftas-y-gasoil\/#respond"]}]},{"@type":"WebPage","@id":"https:\/\/cvinoticias.com\/v3\/ypf-aumento-un-3-el-precio-de-naftas-y-gasoil\/","url":"https:\/\/cvinoticias.com\/v3\/ypf-aumento-un-3-el-precio-de-naftas-y-gasoil\/","name":"YPF aument\u00f3 un 3% el precio de naftas y gasoil | CVI NOTICIAS","isPartOf":{"@id":"https:\/\/cvinoticias.com\/v3\/#website"},"primaryImageOfPage":{"@id":"https:\/\/cvinoticias.com\/v3\/ypf-aumento-un-3-el-precio-de-naftas-y-gasoil\/#primaryimage"},"image":{"@id":"https:\/\/cvinoticias.com\/v3\/ypf-aumento-un-3-el-precio-de-naftas-y-gasoil\/#primaryimage"},"thumbnailUrl":"https:\/\/cvinoticias.com\/wp-content\/uploads\/2023\/10\/0000045289.jpg","datePublished":"2023-10-23T22:07:20+00:00","breadcrumb":{"@id":"https:\/\/cvinoticias.com\/v3\/ypf-aumento-un-3-el-precio-de-naftas-y-gasoil\/#breadcrumb"},"inLanguage":"es","potentialAction":[{"@type":"ReadAction","target":["https:\/\/cvinoticias.com\/v3\/ypf-aumento-un-3-el-precio-de-naftas-y-gasoil\/"]}]},{"@type":"ImageObject","inLanguage":"es","@id":"https:\/\/cvinoticias.com\/v3\/ypf-aumento-un-3-el-precio-de-naftas-y-gasoil\/#primaryimage","url":"https:\/\/cvinoticias.com\/wp-content\/uploads\/2023\/10\/0000045289.jpg","contentUrl":"https:\/\/cvinoticias.com\/wp-content\/uploads\/2023\/10\/0000045289.jpg","width":1024,"height":680},{"@type":"BreadcrumbList","@id":"https:\/\/cvinoticias.com\/v3\/ypf-aumento-un-3-el-precio-de-naftas-y-gasoil\/#breadcrumb","itemListElement":[{"@type":"ListItem","position":1,"name":"Portada","item":"https:\/\/cvinoticias.com\/v3\/"},{"@type":"ListItem","position":2,"name":"YPF aument\u00f3 un 3% el precio de naftas y gasoil"}]},{"@type":"WebSite","@id":"https:\/\/cvinoticias.com\/v3\/#website","url":"https:\/\/cvinoticias.com\/v3\/","name":"CVI NOTICIAS","description":"","publisher":{"@id":"https:\/\/cvinoticias.com\/v3\/#organization"},"alternateName":"CVI","potentialAction":[{"@type":"SearchAction","target":{"@type":"EntryPoint","urlTemplate":"https:\/\/cvinoticias.com\/v3\/?s={search_term_string}"},"query-input":{"@type":"PropertyValueSpecification","valueRequired":true,"valueName":"search_term_string"}}],"inLanguage":"es"},{"@type":"Organization","@id":"https:\/\/cvinoticias.com\/v3\/#organization","name":"CVI NOTICIAS","url":"https:\/\/cvinoticias.com\/v3\/","logo":{"@type":"ImageObject","inLanguage":"es","@id":"https:\/\/cvinoticias.com\/v3\/#\/schema\/logo\/image\/","url":"https:\/\/cvinoticias.com\/wp-content\/uploads\/2023\/04\/cropped-cropped-cropped-cropped-cropped-3-1.png","contentUrl":"https:\/\/cvinoticias.com\/wp-content\/uploads\/2023\/04\/cropped-cropped-cropped-cropped-cropped-3-1.png","width":95,"height":122,"caption":"CVI NOTICIAS"},"image":{"@id":"https:\/\/cvinoticias.com\/v3\/#\/schema\/logo\/image\/"},"sameAs":["https:\/\/www.facebook.com\/cvinoticias","https:\/\/www.instagram.com\/cvinoticias\/","https:\/\/www.youtube.com\/@CVINOTICIAS"]},{"@type":"Person","@id":"https:\/\/cvinoticias.com\/v3\/#\/schema\/person\/2db77e3c6bc03c538495d7b2b8be9b66","name":"f1000024","image":{"@type":"ImageObject","inLanguage":"es","@id":"https:\/\/secure.gravatar.com\/avatar\/d4fe7459cfc51ff5129ce1a732bbef5928568b8092d412ef95611616376bbeed?s=96&d=mm&r=g","url":"https:\/\/secure.gravatar.com\/avatar\/d4fe7459cfc51ff5129ce1a732bbef5928568b8092d412ef95611616376bbeed?s=96&d=mm&r=g","contentUrl":"https:\/\/secure.gravatar.com\/avatar\/d4fe7459cfc51ff5129ce1a732bbef5928568b8092d412ef95611616376bbeed?s=96&d=mm&r=g","caption":"f1000024"},"url":"https:\/\/cvinoticias.com\/v3\/author\/f1000024\/"}]}},"_links":{"self":[{"href":"https:\/\/cvinoticias.com\/v3\/wp-json\/wp\/v2\/posts\/29209","targetHints":{"allow":["GET"]}}],"collection":[{"href":"https:\/\/cvinoticias.com\/v3\/wp-json\/wp\/v2\/posts"}],"about":[{"href":"https:\/\/cvinoticias.com\/v3\/wp-json\/wp\/v2\/types\/post"}],"author":[{"embeddable":true,"href":"https:\/\/cvinoticias.com\/v3\/wp-json\/wp\/v2\/users\/2"}],"replies":[{"embeddable":true,"href":"https:\/\/cvinoticias.com\/v3\/wp-json\/wp\/v2\/comments?post=29209"}],"version-history":[{"count":1,"href":"https:\/\/cvinoticias.com\/v3\/wp-json\/wp\/v2\/posts\/29209\/revisions"}],"predecessor-version":[{"id":29211,"href":"https:\/\/cvinoticias.com\/v3\/wp-json\/wp\/v2\/posts\/29209\/revisions\/29211"}],"wp:featuredmedia":[{"embeddable":true,"href":"https:\/\/cvinoticias.com\/v3\/wp-json\/wp\/v2\/media\/29210"}],"wp:attachment":[{"href":"https:\/\/cvinoticias.com\/v3\/wp-json\/wp\/v2\/media?parent=29209"}],"wp:term":[{"taxonomy":"category","embeddable":true,"href":"https:\/\/cvinoticias.com\/v3\/wp-json\/wp\/v2\/categories?post=29209"},{"taxonomy":"post_tag","embeddable":true,"href":"https:\/\/cvinoticias.com\/v3\/wp-json\/wp\/v2\/tags?post=29209"}],"curies":[{"name":"wp","href":"https:\/\/api.w.org\/{rel}","templated":true}]}}