{"id":29135,"date":"2023-10-22T13:31:33","date_gmt":"2023-10-22T13:31:33","guid":{"rendered":"https:\/\/cvinoticias.com\/v3\/?p=29135"},"modified":"2023-10-22T13:31:33","modified_gmt":"2023-10-22T13:31:33","slug":"es-la-eleccion-mas-importante-desde-la-vuelta-a-la-democracia","status":"publish","type":"post","link":"https:\/\/cvinoticias.com\/v3\/es-la-eleccion-mas-importante-desde-la-vuelta-a-la-democracia\/","title":{"rendered":"\u00abEs la elecci\u00f3n m\u00e1s importante desde la vuelta a la democracia\u00bb"},"content":{"rendered":"\n<p><strong><em>El candidato a diputado nacional por el Partido Agrario y Social, Isaac Lenguaza, vot\u00f3 a las 9.30 del domingo en la Escuela Jos\u00e9 Manuel Estrada, de Posadas, y expres\u00f3 la trascendencia que tiene esta jornada electoral donde se define qui\u00e9n gobernar\u00e1 el pa\u00eds por los pr\u00f3ximos cuatro a\u00f1os. \u00abEs tan trascendente y profundo lo que estamos definiendo, que creo es la elecci\u00f3n m\u00e1s importante desde la vuelta a la democracia\u00bb, se\u00f1al\u00f3.<\/em><\/strong><\/p>\n\n\n\n<p><br>El referente del Pays que acompa\u00f1a a Cacho B\u00e1rbaro en la boleta, se mostr\u00f3 aliviado por la tregua que dio el clima y que permitir\u00e1 que salgan a votar los vecinos de las zonas rurales, algo que no pas\u00f3 en las Primarias.<br>\u00abLa zona del Alto Uruguay tuvo baja participaci\u00f3n en las PASO, pero hoy desde temprano hab\u00eda gente esperando que abran las escuelas. Es una buena se\u00f1al. Que gane la propuesta m\u00e1s votada pero que elijamos todos, no unos pocos\u00bb finaliz\u00f3.<\/p>\n","protected":false},"excerpt":{"rendered":"<p>El candidato a diputado nacional por el Partido Agrario y Social, Isaac Lenguaza, vot\u00f3 a las 9.30 del domingo en la Escuela Jos\u00e9 Manuel Estrada, de Posadas, y expres\u00f3 la trascendencia que tiene esta jornada electoral donde se define qui\u00e9n gobernar\u00e1 el pa\u00eds por los pr\u00f3ximos cuatro a\u00f1os. \u00abEs tan trascendente y profundo lo que [&hellip;]<\/p>\n","protected":false},"author":2,"featured_media":29136,"comment_status":"open","ping_status":"open","sticky":false,"template":"","format":"standard","meta":{"footnotes":""},"categories":[42],"tags":[],"class_list":["post-29135","post","type-post","status-publish","format-standard","has-post-thumbnail","hentry","category-politica"],"yoast_head":"<!-- This site is optimized with the Yoast SEO plugin v27.4 - https:\/\/yoast.com\/product\/yoast-seo-wordpress\/ -->\n<title>&quot;Es la elecci\u00f3n m\u00e1s importante desde la vuelta a la democracia&quot; | CVI NOTICIAS<\/title>\n<meta name=\"robots\" content=\"index, follow, max-snippet:-1, max-image-preview:large, max-video-preview:-1\" \/>\n<link rel=\"canonical\" href=\"https:\/\/cvinoticias.com\/v3\/es-la-eleccion-mas-importante-desde-la-vuelta-a-la-democracia\/\" \/>\n<meta property=\"og:locale\" content=\"es_ES\" \/>\n<meta property=\"og:type\" content=\"article\" \/>\n<meta property=\"og:title\" content=\"&quot;Es la elecci\u00f3n m\u00e1s importante desde la vuelta a la democracia&quot; | CVI NOTICIAS\" \/>\n<meta property=\"og:description\" content=\"El candidato a diputado nacional por el Partido Agrario y Social, Isaac Lenguaza, vot\u00f3 a las 9.30 del domingo en la Escuela Jos\u00e9 Manuel Estrada, de Posadas, y expres\u00f3 la trascendencia que tiene esta jornada electoral donde se define qui\u00e9n gobernar\u00e1 el pa\u00eds por los pr\u00f3ximos cuatro a\u00f1os. \u00abEs tan trascendente y profundo lo que [&hellip;]\" \/>\n<meta property=\"og:url\" content=\"https:\/\/cvinoticias.com\/v3\/es-la-eleccion-mas-importante-desde-la-vuelta-a-la-democracia\/\" \/>\n<meta property=\"og:site_name\" content=\"CVI NOTICIAS\" \/>\n<meta property=\"article:publisher\" content=\"https:\/\/www.facebook.com\/cvinoticias\" \/>\n<meta property=\"article:published_time\" content=\"2023-10-22T13:31:33+00:00\" \/>\n<meta property=\"og:image\" content=\"https:\/\/cvinoticias.com\/wp-content\/uploads\/2023\/10\/IMG-20231022-WA0166.jpg\" \/>\n\t<meta property=\"og:image:width\" content=\"867\" \/>\n\t<meta property=\"og:image:height\" content=\"736\" \/>\n\t<meta property=\"og:image:type\" content=\"image\/jpeg\" \/>\n<meta name=\"author\" content=\"f1000024\" \/>\n<meta name=\"twitter:card\" content=\"summary_large_image\" \/>\n<meta name=\"twitter:label1\" content=\"Escrito por\" \/>\n\t<meta name=\"twitter:data1\" content=\"f1000024\" \/>\n\t<meta name=\"twitter:label2\" content=\"Tiempo de lectura\" \/>\n\t<meta name=\"twitter:data2\" content=\"1 minuto\" \/>\n<script type=\"application\/ld+json\" class=\"yoast-schema-graph\">{\"@context\":\"https:\\\/\\\/schema.org\",\"@graph\":[{\"@type\":\"Article\",\"@id\":\"https:\\\/\\\/cvinoticias.com\\\/v3\\\/es-la-eleccion-mas-importante-desde-la-vuelta-a-la-democracia\\\/#article\",\"isPartOf\":{\"@id\":\"https:\\\/\\\/cvinoticias.com\\\/v3\\\/es-la-eleccion-mas-importante-desde-la-vuelta-a-la-democracia\\\/\"},\"author\":{\"name\":\"f1000024\",\"@id\":\"https:\\\/\\\/cvinoticias.com\\\/v3\\\/#\\\/schema\\\/person\\\/2db77e3c6bc03c538495d7b2b8be9b66\"},\"headline\":\"\u00abEs la elecci\u00f3n m\u00e1s importante desde la vuelta a la democracia\u00bb\",\"datePublished\":\"2023-10-22T13:31:33+00:00\",\"mainEntityOfPage\":{\"@id\":\"https:\\\/\\\/cvinoticias.com\\\/v3\\\/es-la-eleccion-mas-importante-desde-la-vuelta-a-la-democracia\\\/\"},\"wordCount\":178,\"commentCount\":0,\"publisher\":{\"@id\":\"https:\\\/\\\/cvinoticias.com\\\/v3\\\/#organization\"},\"image\":{\"@id\":\"https:\\\/\\\/cvinoticias.com\\\/v3\\\/es-la-eleccion-mas-importante-desde-la-vuelta-a-la-democracia\\\/#primaryimage\"},\"thumbnailUrl\":\"https:\\\/\\\/cvinoticias.com\\\/wp-content\\\/uploads\\\/2023\\\/10\\\/IMG-20231022-WA0166.jpg\",\"articleSection\":[\"Politica\"],\"inLanguage\":\"es\",\"potentialAction\":[{\"@type\":\"CommentAction\",\"name\":\"Comment\",\"target\":[\"https:\\\/\\\/cvinoticias.com\\\/v3\\\/es-la-eleccion-mas-importante-desde-la-vuelta-a-la-democracia\\\/#respond\"]}]},{\"@type\":\"WebPage\",\"@id\":\"https:\\\/\\\/cvinoticias.com\\\/v3\\\/es-la-eleccion-mas-importante-desde-la-vuelta-a-la-democracia\\\/\",\"url\":\"https:\\\/\\\/cvinoticias.com\\\/v3\\\/es-la-eleccion-mas-importante-desde-la-vuelta-a-la-democracia\\\/\",\"name\":\"\\\"Es la elecci\u00f3n m\u00e1s importante desde la vuelta a la democracia\\\" | CVI NOTICIAS\",\"isPartOf\":{\"@id\":\"https:\\\/\\\/cvinoticias.com\\\/v3\\\/#website\"},\"primaryImageOfPage\":{\"@id\":\"https:\\\/\\\/cvinoticias.com\\\/v3\\\/es-la-eleccion-mas-importante-desde-la-vuelta-a-la-democracia\\\/#primaryimage\"},\"image\":{\"@id\":\"https:\\\/\\\/cvinoticias.com\\\/v3\\\/es-la-eleccion-mas-importante-desde-la-vuelta-a-la-democracia\\\/#primaryimage\"},\"thumbnailUrl\":\"https:\\\/\\\/cvinoticias.com\\\/wp-content\\\/uploads\\\/2023\\\/10\\\/IMG-20231022-WA0166.jpg\",\"datePublished\":\"2023-10-22T13:31:33+00:00\",\"breadcrumb\":{\"@id\":\"https:\\\/\\\/cvinoticias.com\\\/v3\\\/es-la-eleccion-mas-importante-desde-la-vuelta-a-la-democracia\\\/#breadcrumb\"},\"inLanguage\":\"es\",\"potentialAction\":[{\"@type\":\"ReadAction\",\"target\":[\"https:\\\/\\\/cvinoticias.com\\\/v3\\\/es-la-eleccion-mas-importante-desde-la-vuelta-a-la-democracia\\\/\"]}]},{\"@type\":\"ImageObject\",\"inLanguage\":\"es\",\"@id\":\"https:\\\/\\\/cvinoticias.com\\\/v3\\\/es-la-eleccion-mas-importante-desde-la-vuelta-a-la-democracia\\\/#primaryimage\",\"url\":\"https:\\\/\\\/cvinoticias.com\\\/wp-content\\\/uploads\\\/2023\\\/10\\\/IMG-20231022-WA0166.jpg\",\"contentUrl\":\"https:\\\/\\\/cvinoticias.com\\\/wp-content\\\/uploads\\\/2023\\\/10\\\/IMG-20231022-WA0166.jpg\",\"width\":867,\"height\":736},{\"@type\":\"BreadcrumbList\",\"@id\":\"https:\\\/\\\/cvinoticias.com\\\/v3\\\/es-la-eleccion-mas-importante-desde-la-vuelta-a-la-democracia\\\/#breadcrumb\",\"itemListElement\":[{\"@type\":\"ListItem\",\"position\":1,\"name\":\"Portada\",\"item\":\"https:\\\/\\\/cvinoticias.com\\\/v3\\\/\"},{\"@type\":\"ListItem\",\"position\":2,\"name\":\"\u00abEs la elecci\u00f3n m\u00e1s importante desde la vuelta a la democracia\u00bb\"}]},{\"@type\":\"WebSite\",\"@id\":\"https:\\\/\\\/cvinoticias.com\\\/v3\\\/#website\",\"url\":\"https:\\\/\\\/cvinoticias.com\\\/v3\\\/\",\"name\":\"CVI NOTICIAS\",\"description\":\"\",\"publisher\":{\"@id\":\"https:\\\/\\\/cvinoticias.com\\\/v3\\\/#organization\"},\"alternateName\":\"CVI\",\"potentialAction\":[{\"@type\":\"SearchAction\",\"target\":{\"@type\":\"EntryPoint\",\"urlTemplate\":\"https:\\\/\\\/cvinoticias.com\\\/v3\\\/?s={search_term_string}\"},\"query-input\":{\"@type\":\"PropertyValueSpecification\",\"valueRequired\":true,\"valueName\":\"search_term_string\"}}],\"inLanguage\":\"es\"},{\"@type\":\"Organization\",\"@id\":\"https:\\\/\\\/cvinoticias.com\\\/v3\\\/#organization\",\"name\":\"CVI NOTICIAS\",\"url\":\"https:\\\/\\\/cvinoticias.com\\\/v3\\\/\",\"logo\":{\"@type\":\"ImageObject\",\"inLanguage\":\"es\",\"@id\":\"https:\\\/\\\/cvinoticias.com\\\/v3\\\/#\\\/schema\\\/logo\\\/image\\\/\",\"url\":\"https:\\\/\\\/cvinoticias.com\\\/wp-content\\\/uploads\\\/2023\\\/04\\\/cropped-cropped-cropped-cropped-cropped-3-1.png\",\"contentUrl\":\"https:\\\/\\\/cvinoticias.com\\\/wp-content\\\/uploads\\\/2023\\\/04\\\/cropped-cropped-cropped-cropped-cropped-3-1.png\",\"width\":95,\"height\":122,\"caption\":\"CVI NOTICIAS\"},\"image\":{\"@id\":\"https:\\\/\\\/cvinoticias.com\\\/v3\\\/#\\\/schema\\\/logo\\\/image\\\/\"},\"sameAs\":[\"https:\\\/\\\/www.facebook.com\\\/cvinoticias\",\"https:\\\/\\\/www.instagram.com\\\/cvinoticias\\\/\",\"https:\\\/\\\/www.youtube.com\\\/@CVINOTICIAS\"]},{\"@type\":\"Person\",\"@id\":\"https:\\\/\\\/cvinoticias.com\\\/v3\\\/#\\\/schema\\\/person\\\/2db77e3c6bc03c538495d7b2b8be9b66\",\"name\":\"f1000024\",\"image\":{\"@type\":\"ImageObject\",\"inLanguage\":\"es\",\"@id\":\"https:\\\/\\\/secure.gravatar.com\\\/avatar\\\/d4fe7459cfc51ff5129ce1a732bbef5928568b8092d412ef95611616376bbeed?s=96&d=mm&r=g\",\"url\":\"https:\\\/\\\/secure.gravatar.com\\\/avatar\\\/d4fe7459cfc51ff5129ce1a732bbef5928568b8092d412ef95611616376bbeed?s=96&d=mm&r=g\",\"contentUrl\":\"https:\\\/\\\/secure.gravatar.com\\\/avatar\\\/d4fe7459cfc51ff5129ce1a732bbef5928568b8092d412ef95611616376bbeed?s=96&d=mm&r=g\",\"caption\":\"f1000024\"},\"url\":\"https:\\\/\\\/cvinoticias.com\\\/v3\\\/author\\\/f1000024\\\/\"}]}<\/script>\n<!-- \/ Yoast SEO plugin. -->","yoast_head_json":{"title":"\"Es la elecci\u00f3n m\u00e1s importante desde la vuelta a la democracia\" | CVI NOTICIAS","robots":{"index":"index","follow":"follow","max-snippet":"max-snippet:-1","max-image-preview":"max-image-preview:large","max-video-preview":"max-video-preview:-1"},"canonical":"https:\/\/cvinoticias.com\/v3\/es-la-eleccion-mas-importante-desde-la-vuelta-a-la-democracia\/","og_locale":"es_ES","og_type":"article","og_title":"\"Es la elecci\u00f3n m\u00e1s importante desde la vuelta a la democracia\" | CVI NOTICIAS","og_description":"El candidato a diputado nacional por el Partido Agrario y Social, Isaac Lenguaza, vot\u00f3 a las 9.30 del domingo en la Escuela Jos\u00e9 Manuel Estrada, de Posadas, y expres\u00f3 la trascendencia que tiene esta jornada electoral donde se define qui\u00e9n gobernar\u00e1 el pa\u00eds por los pr\u00f3ximos cuatro a\u00f1os. \u00abEs tan trascendente y profundo lo que [&hellip;]","og_url":"https:\/\/cvinoticias.com\/v3\/es-la-eleccion-mas-importante-desde-la-vuelta-a-la-democracia\/","og_site_name":"CVI NOTICIAS","article_publisher":"https:\/\/www.facebook.com\/cvinoticias","article_published_time":"2023-10-22T13:31:33+00:00","og_image":[{"width":867,"height":736,"url":"https:\/\/cvinoticias.com\/wp-content\/uploads\/2023\/10\/IMG-20231022-WA0166.jpg","type":"image\/jpeg"}],"author":"f1000024","twitter_card":"summary_large_image","twitter_misc":{"Escrito por":"f1000024","Tiempo de lectura":"1 minuto"},"schema":{"@context":"https:\/\/schema.org","@graph":[{"@type":"Article","@id":"https:\/\/cvinoticias.com\/v3\/es-la-eleccion-mas-importante-desde-la-vuelta-a-la-democracia\/#article","isPartOf":{"@id":"https:\/\/cvinoticias.com\/v3\/es-la-eleccion-mas-importante-desde-la-vuelta-a-la-democracia\/"},"author":{"name":"f1000024","@id":"https:\/\/cvinoticias.com\/v3\/#\/schema\/person\/2db77e3c6bc03c538495d7b2b8be9b66"},"headline":"\u00abEs la elecci\u00f3n m\u00e1s importante desde la vuelta a la democracia\u00bb","datePublished":"2023-10-22T13:31:33+00:00","mainEntityOfPage":{"@id":"https:\/\/cvinoticias.com\/v3\/es-la-eleccion-mas-importante-desde-la-vuelta-a-la-democracia\/"},"wordCount":178,"commentCount":0,"publisher":{"@id":"https:\/\/cvinoticias.com\/v3\/#organization"},"image":{"@id":"https:\/\/cvinoticias.com\/v3\/es-la-eleccion-mas-importante-desde-la-vuelta-a-la-democracia\/#primaryimage"},"thumbnailUrl":"https:\/\/cvinoticias.com\/wp-content\/uploads\/2023\/10\/IMG-20231022-WA0166.jpg","articleSection":["Politica"],"inLanguage":"es","potentialAction":[{"@type":"CommentAction","name":"Comment","target":["https:\/\/cvinoticias.com\/v3\/es-la-eleccion-mas-importante-desde-la-vuelta-a-la-democracia\/#respond"]}]},{"@type":"WebPage","@id":"https:\/\/cvinoticias.com\/v3\/es-la-eleccion-mas-importante-desde-la-vuelta-a-la-democracia\/","url":"https:\/\/cvinoticias.com\/v3\/es-la-eleccion-mas-importante-desde-la-vuelta-a-la-democracia\/","name":"\"Es la elecci\u00f3n m\u00e1s importante desde la vuelta a la democracia\" | CVI NOTICIAS","isPartOf":{"@id":"https:\/\/cvinoticias.com\/v3\/#website"},"primaryImageOfPage":{"@id":"https:\/\/cvinoticias.com\/v3\/es-la-eleccion-mas-importante-desde-la-vuelta-a-la-democracia\/#primaryimage"},"image":{"@id":"https:\/\/cvinoticias.com\/v3\/es-la-eleccion-mas-importante-desde-la-vuelta-a-la-democracia\/#primaryimage"},"thumbnailUrl":"https:\/\/cvinoticias.com\/wp-content\/uploads\/2023\/10\/IMG-20231022-WA0166.jpg","datePublished":"2023-10-22T13:31:33+00:00","breadcrumb":{"@id":"https:\/\/cvinoticias.com\/v3\/es-la-eleccion-mas-importante-desde-la-vuelta-a-la-democracia\/#breadcrumb"},"inLanguage":"es","potentialAction":[{"@type":"ReadAction","target":["https:\/\/cvinoticias.com\/v3\/es-la-eleccion-mas-importante-desde-la-vuelta-a-la-democracia\/"]}]},{"@type":"ImageObject","inLanguage":"es","@id":"https:\/\/cvinoticias.com\/v3\/es-la-eleccion-mas-importante-desde-la-vuelta-a-la-democracia\/#primaryimage","url":"https:\/\/cvinoticias.com\/wp-content\/uploads\/2023\/10\/IMG-20231022-WA0166.jpg","contentUrl":"https:\/\/cvinoticias.com\/wp-content\/uploads\/2023\/10\/IMG-20231022-WA0166.jpg","width":867,"height":736},{"@type":"BreadcrumbList","@id":"https:\/\/cvinoticias.com\/v3\/es-la-eleccion-mas-importante-desde-la-vuelta-a-la-democracia\/#breadcrumb","itemListElement":[{"@type":"ListItem","position":1,"name":"Portada","item":"https:\/\/cvinoticias.com\/v3\/"},{"@type":"ListItem","position":2,"name":"\u00abEs la elecci\u00f3n m\u00e1s importante desde la vuelta a la democracia\u00bb"}]},{"@type":"WebSite","@id":"https:\/\/cvinoticias.com\/v3\/#website","url":"https:\/\/cvinoticias.com\/v3\/","name":"CVI NOTICIAS","description":"","publisher":{"@id":"https:\/\/cvinoticias.com\/v3\/#organization"},"alternateName":"CVI","potentialAction":[{"@type":"SearchAction","target":{"@type":"EntryPoint","urlTemplate":"https:\/\/cvinoticias.com\/v3\/?s={search_term_string}"},"query-input":{"@type":"PropertyValueSpecification","valueRequired":true,"valueName":"search_term_string"}}],"inLanguage":"es"},{"@type":"Organization","@id":"https:\/\/cvinoticias.com\/v3\/#organization","name":"CVI NOTICIAS","url":"https:\/\/cvinoticias.com\/v3\/","logo":{"@type":"ImageObject","inLanguage":"es","@id":"https:\/\/cvinoticias.com\/v3\/#\/schema\/logo\/image\/","url":"https:\/\/cvinoticias.com\/wp-content\/uploads\/2023\/04\/cropped-cropped-cropped-cropped-cropped-3-1.png","contentUrl":"https:\/\/cvinoticias.com\/wp-content\/uploads\/2023\/04\/cropped-cropped-cropped-cropped-cropped-3-1.png","width":95,"height":122,"caption":"CVI NOTICIAS"},"image":{"@id":"https:\/\/cvinoticias.com\/v3\/#\/schema\/logo\/image\/"},"sameAs":["https:\/\/www.facebook.com\/cvinoticias","https:\/\/www.instagram.com\/cvinoticias\/","https:\/\/www.youtube.com\/@CVINOTICIAS"]},{"@type":"Person","@id":"https:\/\/cvinoticias.com\/v3\/#\/schema\/person\/2db77e3c6bc03c538495d7b2b8be9b66","name":"f1000024","image":{"@type":"ImageObject","inLanguage":"es","@id":"https:\/\/secure.gravatar.com\/avatar\/d4fe7459cfc51ff5129ce1a732bbef5928568b8092d412ef95611616376bbeed?s=96&d=mm&r=g","url":"https:\/\/secure.gravatar.com\/avatar\/d4fe7459cfc51ff5129ce1a732bbef5928568b8092d412ef95611616376bbeed?s=96&d=mm&r=g","contentUrl":"https:\/\/secure.gravatar.com\/avatar\/d4fe7459cfc51ff5129ce1a732bbef5928568b8092d412ef95611616376bbeed?s=96&d=mm&r=g","caption":"f1000024"},"url":"https:\/\/cvinoticias.com\/v3\/author\/f1000024\/"}]}},"_links":{"self":[{"href":"https:\/\/cvinoticias.com\/v3\/wp-json\/wp\/v2\/posts\/29135","targetHints":{"allow":["GET"]}}],"collection":[{"href":"https:\/\/cvinoticias.com\/v3\/wp-json\/wp\/v2\/posts"}],"about":[{"href":"https:\/\/cvinoticias.com\/v3\/wp-json\/wp\/v2\/types\/post"}],"author":[{"embeddable":true,"href":"https:\/\/cvinoticias.com\/v3\/wp-json\/wp\/v2\/users\/2"}],"replies":[{"embeddable":true,"href":"https:\/\/cvinoticias.com\/v3\/wp-json\/wp\/v2\/comments?post=29135"}],"version-history":[{"count":1,"href":"https:\/\/cvinoticias.com\/v3\/wp-json\/wp\/v2\/posts\/29135\/revisions"}],"predecessor-version":[{"id":29137,"href":"https:\/\/cvinoticias.com\/v3\/wp-json\/wp\/v2\/posts\/29135\/revisions\/29137"}],"wp:featuredmedia":[{"embeddable":true,"href":"https:\/\/cvinoticias.com\/v3\/wp-json\/wp\/v2\/media\/29136"}],"wp:attachment":[{"href":"https:\/\/cvinoticias.com\/v3\/wp-json\/wp\/v2\/media?parent=29135"}],"wp:term":[{"taxonomy":"category","embeddable":true,"href":"https:\/\/cvinoticias.com\/v3\/wp-json\/wp\/v2\/categories?post=29135"},{"taxonomy":"post_tag","embeddable":true,"href":"https:\/\/cvinoticias.com\/v3\/wp-json\/wp\/v2\/tags?post=29135"}],"curies":[{"name":"wp","href":"https:\/\/api.w.org\/{rel}","templated":true}]}}