{"id":29119,"date":"2023-10-22T10:51:38","date_gmt":"2023-10-22T10:51:38","guid":{"rendered":"https:\/\/cvinoticias.com\/v3\/?p=29119"},"modified":"2023-10-22T10:51:38","modified_gmt":"2023-10-22T10:51:38","slug":"mas-de-un-millon-de-jovenes-de-16-y-17-anos-pueden-votar-en-estas-elecciones","status":"publish","type":"post","link":"https:\/\/cvinoticias.com\/v3\/mas-de-un-millon-de-jovenes-de-16-y-17-anos-pueden-votar-en-estas-elecciones\/","title":{"rendered":"M\u00e1s de un mill\u00f3n de j\u00f3venes de 16 y 17 a\u00f1os pueden votar en estas elecciones"},"content":{"rendered":"\n<p><strong><em>La campa\u00f1a electoral busc\u00f3 captar su inter\u00e9s sobre todo a trav\u00e9s de los mensajes en las redes sociales y plataformas digitales: a trav\u00e9s de im\u00e1genes, memes y recortes de piezas audiovisuales, las distintas fuerzas pol\u00edticas buscaron expandir las ideas y las propuestas de sus candidatos.<\/em><\/strong><\/p>\n\n\n\n<p>M\u00e1s de un mill\u00f3n de j\u00f3venes de 16 y 17 a\u00f1os, que representa el 3,3% de los electores del padr\u00f3n, est\u00e1n en condiciones de votar este domingo en las elecciones generales, tras una campa\u00f1a electoral que busc\u00f3 captar su inter\u00e9s, sobre todo a trav\u00e9s de los mensajes en las redes sociales y plataformas digitales.<\/p>\n\n\n\n<p>Seg\u00fan cifras de la Direcci\u00f3n Nacional Electoral, se trata de un total de 1.168.033 j\u00f3venes de entre 16 y 17 a\u00f1os, casi un 47% m\u00e1s que las elecciones pasadas.<\/p>\n\n\n\n<p>Por otro lado, dentro de los votantes \u00abj\u00f3venes\u00bb, seg\u00fan el padr\u00f3n electoral, las personas entre 18 y 29 a\u00f1os que pueden emitir su voto son un total de 8.337.914 y representan el 24,29% del padr\u00f3n.<\/p>\n\n\n\n<p><strong>Ley de Voto Joven<\/strong><\/p>\n\n\n\n<p>La Ley de Ciudadan\u00eda Argentina N\u00b026.774, conocida como Ley de Voto Joven, se sancion\u00f3 el 31 de octubre de 2012 y establece el derecho de las personas j\u00f3venes de 16 y 17 a\u00f1os, nativas o por opci\u00f3n y no nativas o naturalizadas argentinas, a participar en elecciones, ejercer el derecho al voto y elegir a sus representantes.<\/p>\n\n\n\n<p>Luego de esta reforma las provincias fueron adaptando su legislaci\u00f3n para extender el beneficio a los j\u00f3venes de 16 a\u00f1os ya que cada Estado del interior en un marco federal tiene la facultad de dictar su orden pol\u00edtico e institucional y en consecuencia su sistema electorales aunque dentro del \u00e1mbito de las normas de la Constituci\u00f3n Nacional.<\/p>\n\n\n\n<p><strong>La campa\u00f1a en las redes<\/strong><\/p>\n\n\n\n<p>Los candidatos de los diferentes partidos y coaliciones pol\u00edticas usaron distintas estrategias para llegar a este p\u00fablico mediante la tecnolog\u00eda y, en general, despu\u00e9s de las PASO redoblaron sus esfuerzos en las distintas redes sociales y plataformas.<\/p>\n\n\n\n<p>De esta manera, las redes sociales se transformaron en esta campa\u00f1a en un espacio de disputa en el que, a trav\u00e9s de im\u00e1genes, memes y recortes de piezas audiovisuales, las distintas fuerzas pol\u00edticas buscaron expandir las ideas y las propuestas de sus candidatos, adaptando sus mensajes hacia los entornos digitales.<\/p>\n\n\n\n<p>El candidato presidencial de La Libertad Avanza (LLA) Javier Milei fue uno de los dirigentes que m\u00e1s utiliz\u00f3 la tecnolog\u00eda digital provista por plataformas como Instagram, X (ex Twitter) y TikTok.<\/p>\n\n\n\n<p>La relevancia del entorno digital en la b\u00fasqueda del voto, sobre todo para las generaciones Sub-30, fue reconocida tard\u00edamente por algunos espacios pol\u00edticos, sobre todo por aquellos que por tradici\u00f3n e identidad tienen su fuerte en la movilizaci\u00f3n y la presencia de la militancia en las calles.<\/p>\n\n\n\n<p>Desde Uni\u00f3n por la Patria (UxP), el ministro de Econom\u00eda y candidato presidencial Sergio Massa, analiz\u00f3 que al PJ le llev\u00f3 cierto tiempo adaptar sus propuestas electorales al lenguaje que proponen las redes sociales.<\/p>\n\n\n\n<p>\u00abHay un tema que es m\u00e1s cultural y es que el peronismo siente que su lugar es la calle, sin medir que hoy hay dos espacios p\u00fablicos: la calle y las redes.<\/p>\n\n\n\n<p>B\u00e1sicamente el peronismo, digamos el campo popular en general, es como que siempre sostuvo el lugar de la calle latiendo y no se dio cuenta de que le hab\u00edan entrado en la disputa cultural simb\u00f3lica en el otro espacio p\u00fablico\u00bb, dijo el postulante de UxP en una entrevista que dio al ciclo \u00abCaja Negra\u00bb del canal de YouTube Filo News.<\/p>\n\n\n\n<p>No obstante, UxP aument\u00f3 la presencia en las redes tras los resultados de las PASO donde logr\u00f3 tambi\u00e9n llegar a un p\u00fablico masivo con la creaci\u00f3n de cuentas en TikTok de referentes que hasta el momento no las ten\u00edan: desde la titular de AySA, Malena Galmarini hasta la vicepresidenta Cristina Fern\u00e1ndez de Kirchner.<\/p>\n","protected":false},"excerpt":{"rendered":"<p>La campa\u00f1a electoral busc\u00f3 captar su inter\u00e9s sobre todo a trav\u00e9s de los mensajes en las redes sociales y plataformas digitales: a trav\u00e9s de im\u00e1genes, memes y recortes de piezas audiovisuales, las distintas fuerzas pol\u00edticas buscaron expandir las ideas y las propuestas de sus candidatos. M\u00e1s de un mill\u00f3n de j\u00f3venes de 16 y 17 [&hellip;]<\/p>\n","protected":false},"author":2,"featured_media":29120,"comment_status":"open","ping_status":"open","sticky":false,"template":"","format":"standard","meta":{"footnotes":""},"categories":[42],"tags":[],"class_list":["post-29119","post","type-post","status-publish","format-standard","has-post-thumbnail","hentry","category-politica"],"yoast_head":"<!-- This site is optimized with the Yoast SEO plugin v27.5 - https:\/\/yoast.com\/product\/yoast-seo-wordpress\/ -->\n<title>M\u00e1s de un mill\u00f3n de j\u00f3venes de 16 y 17 a\u00f1os pueden votar en estas elecciones | CVI NOTICIAS<\/title>\n<meta name=\"robots\" content=\"index, follow, max-snippet:-1, max-image-preview:large, max-video-preview:-1\" \/>\n<link rel=\"canonical\" href=\"https:\/\/cvinoticias.com\/v3\/mas-de-un-millon-de-jovenes-de-16-y-17-anos-pueden-votar-en-estas-elecciones\/\" \/>\n<meta property=\"og:locale\" content=\"es_ES\" \/>\n<meta property=\"og:type\" content=\"article\" \/>\n<meta property=\"og:title\" content=\"M\u00e1s de un mill\u00f3n de j\u00f3venes de 16 y 17 a\u00f1os pueden votar en estas elecciones | CVI NOTICIAS\" \/>\n<meta property=\"og:description\" content=\"La campa\u00f1a electoral busc\u00f3 captar su inter\u00e9s sobre todo a trav\u00e9s de los mensajes en las redes sociales y plataformas digitales: a trav\u00e9s de im\u00e1genes, memes y recortes de piezas audiovisuales, las distintas fuerzas pol\u00edticas buscaron expandir las ideas y las propuestas de sus candidatos. M\u00e1s de un mill\u00f3n de j\u00f3venes de 16 y 17 [&hellip;]\" \/>\n<meta property=\"og:url\" content=\"https:\/\/cvinoticias.com\/v3\/mas-de-un-millon-de-jovenes-de-16-y-17-anos-pueden-votar-en-estas-elecciones\/\" \/>\n<meta property=\"og:site_name\" content=\"CVI NOTICIAS\" \/>\n<meta property=\"article:publisher\" content=\"https:\/\/www.facebook.com\/cvinoticias\" \/>\n<meta property=\"article:published_time\" content=\"2023-10-22T10:51:38+00:00\" \/>\n<meta property=\"og:image\" content=\"https:\/\/cvinoticias.com\/wp-content\/uploads\/2023\/10\/0000148917.jpg\" \/>\n\t<meta property=\"og:image:width\" content=\"1500\" \/>\n\t<meta property=\"og:image:height\" content=\"870\" \/>\n\t<meta property=\"og:image:type\" content=\"image\/jpeg\" \/>\n<meta name=\"author\" content=\"f1000024\" \/>\n<meta name=\"twitter:card\" content=\"summary_large_image\" \/>\n<meta name=\"twitter:label1\" content=\"Escrito por\" \/>\n\t<meta name=\"twitter:data1\" content=\"f1000024\" \/>\n\t<meta name=\"twitter:label2\" content=\"Tiempo de lectura\" \/>\n\t<meta name=\"twitter:data2\" content=\"3 minutos\" \/>\n<script type=\"application\/ld+json\" class=\"yoast-schema-graph\">{\"@context\":\"https:\\\/\\\/schema.org\",\"@graph\":[{\"@type\":\"Article\",\"@id\":\"https:\\\/\\\/cvinoticias.com\\\/v3\\\/mas-de-un-millon-de-jovenes-de-16-y-17-anos-pueden-votar-en-estas-elecciones\\\/#article\",\"isPartOf\":{\"@id\":\"https:\\\/\\\/cvinoticias.com\\\/v3\\\/mas-de-un-millon-de-jovenes-de-16-y-17-anos-pueden-votar-en-estas-elecciones\\\/\"},\"author\":{\"name\":\"f1000024\",\"@id\":\"https:\\\/\\\/cvinoticias.com\\\/v3\\\/#\\\/schema\\\/person\\\/2db77e3c6bc03c538495d7b2b8be9b66\"},\"headline\":\"M\u00e1s de un mill\u00f3n de j\u00f3venes de 16 y 17 a\u00f1os pueden votar en estas elecciones\",\"datePublished\":\"2023-10-22T10:51:38+00:00\",\"mainEntityOfPage\":{\"@id\":\"https:\\\/\\\/cvinoticias.com\\\/v3\\\/mas-de-un-millon-de-jovenes-de-16-y-17-anos-pueden-votar-en-estas-elecciones\\\/\"},\"wordCount\":695,\"commentCount\":0,\"publisher\":{\"@id\":\"https:\\\/\\\/cvinoticias.com\\\/v3\\\/#organization\"},\"image\":{\"@id\":\"https:\\\/\\\/cvinoticias.com\\\/v3\\\/mas-de-un-millon-de-jovenes-de-16-y-17-anos-pueden-votar-en-estas-elecciones\\\/#primaryimage\"},\"thumbnailUrl\":\"https:\\\/\\\/cvinoticias.com\\\/wp-content\\\/uploads\\\/2023\\\/10\\\/0000148917.jpg\",\"articleSection\":[\"Politica\"],\"inLanguage\":\"es\",\"potentialAction\":[{\"@type\":\"CommentAction\",\"name\":\"Comment\",\"target\":[\"https:\\\/\\\/cvinoticias.com\\\/v3\\\/mas-de-un-millon-de-jovenes-de-16-y-17-anos-pueden-votar-en-estas-elecciones\\\/#respond\"]}]},{\"@type\":\"WebPage\",\"@id\":\"https:\\\/\\\/cvinoticias.com\\\/v3\\\/mas-de-un-millon-de-jovenes-de-16-y-17-anos-pueden-votar-en-estas-elecciones\\\/\",\"url\":\"https:\\\/\\\/cvinoticias.com\\\/v3\\\/mas-de-un-millon-de-jovenes-de-16-y-17-anos-pueden-votar-en-estas-elecciones\\\/\",\"name\":\"M\u00e1s de un mill\u00f3n de j\u00f3venes de 16 y 17 a\u00f1os pueden votar en estas elecciones | CVI NOTICIAS\",\"isPartOf\":{\"@id\":\"https:\\\/\\\/cvinoticias.com\\\/v3\\\/#website\"},\"primaryImageOfPage\":{\"@id\":\"https:\\\/\\\/cvinoticias.com\\\/v3\\\/mas-de-un-millon-de-jovenes-de-16-y-17-anos-pueden-votar-en-estas-elecciones\\\/#primaryimage\"},\"image\":{\"@id\":\"https:\\\/\\\/cvinoticias.com\\\/v3\\\/mas-de-un-millon-de-jovenes-de-16-y-17-anos-pueden-votar-en-estas-elecciones\\\/#primaryimage\"},\"thumbnailUrl\":\"https:\\\/\\\/cvinoticias.com\\\/wp-content\\\/uploads\\\/2023\\\/10\\\/0000148917.jpg\",\"datePublished\":\"2023-10-22T10:51:38+00:00\",\"breadcrumb\":{\"@id\":\"https:\\\/\\\/cvinoticias.com\\\/v3\\\/mas-de-un-millon-de-jovenes-de-16-y-17-anos-pueden-votar-en-estas-elecciones\\\/#breadcrumb\"},\"inLanguage\":\"es\",\"potentialAction\":[{\"@type\":\"ReadAction\",\"target\":[\"https:\\\/\\\/cvinoticias.com\\\/v3\\\/mas-de-un-millon-de-jovenes-de-16-y-17-anos-pueden-votar-en-estas-elecciones\\\/\"]}]},{\"@type\":\"ImageObject\",\"inLanguage\":\"es\",\"@id\":\"https:\\\/\\\/cvinoticias.com\\\/v3\\\/mas-de-un-millon-de-jovenes-de-16-y-17-anos-pueden-votar-en-estas-elecciones\\\/#primaryimage\",\"url\":\"https:\\\/\\\/cvinoticias.com\\\/wp-content\\\/uploads\\\/2023\\\/10\\\/0000148917.jpg\",\"contentUrl\":\"https:\\\/\\\/cvinoticias.com\\\/wp-content\\\/uploads\\\/2023\\\/10\\\/0000148917.jpg\",\"width\":1500,\"height\":870},{\"@type\":\"BreadcrumbList\",\"@id\":\"https:\\\/\\\/cvinoticias.com\\\/v3\\\/mas-de-un-millon-de-jovenes-de-16-y-17-anos-pueden-votar-en-estas-elecciones\\\/#breadcrumb\",\"itemListElement\":[{\"@type\":\"ListItem\",\"position\":1,\"name\":\"Portada\",\"item\":\"https:\\\/\\\/cvinoticias.com\\\/v3\\\/\"},{\"@type\":\"ListItem\",\"position\":2,\"name\":\"M\u00e1s de un mill\u00f3n de j\u00f3venes de 16 y 17 a\u00f1os pueden votar en estas elecciones\"}]},{\"@type\":\"WebSite\",\"@id\":\"https:\\\/\\\/cvinoticias.com\\\/v3\\\/#website\",\"url\":\"https:\\\/\\\/cvinoticias.com\\\/v3\\\/\",\"name\":\"CVI NOTICIAS\",\"description\":\"\",\"publisher\":{\"@id\":\"https:\\\/\\\/cvinoticias.com\\\/v3\\\/#organization\"},\"alternateName\":\"CVI\",\"potentialAction\":[{\"@type\":\"SearchAction\",\"target\":{\"@type\":\"EntryPoint\",\"urlTemplate\":\"https:\\\/\\\/cvinoticias.com\\\/v3\\\/?s={search_term_string}\"},\"query-input\":{\"@type\":\"PropertyValueSpecification\",\"valueRequired\":true,\"valueName\":\"search_term_string\"}}],\"inLanguage\":\"es\"},{\"@type\":\"Organization\",\"@id\":\"https:\\\/\\\/cvinoticias.com\\\/v3\\\/#organization\",\"name\":\"CVI NOTICIAS\",\"url\":\"https:\\\/\\\/cvinoticias.com\\\/v3\\\/\",\"logo\":{\"@type\":\"ImageObject\",\"inLanguage\":\"es\",\"@id\":\"https:\\\/\\\/cvinoticias.com\\\/v3\\\/#\\\/schema\\\/logo\\\/image\\\/\",\"url\":\"https:\\\/\\\/cvinoticias.com\\\/wp-content\\\/uploads\\\/2023\\\/04\\\/cropped-cropped-cropped-cropped-cropped-3-1.png\",\"contentUrl\":\"https:\\\/\\\/cvinoticias.com\\\/wp-content\\\/uploads\\\/2023\\\/04\\\/cropped-cropped-cropped-cropped-cropped-3-1.png\",\"width\":95,\"height\":122,\"caption\":\"CVI NOTICIAS\"},\"image\":{\"@id\":\"https:\\\/\\\/cvinoticias.com\\\/v3\\\/#\\\/schema\\\/logo\\\/image\\\/\"},\"sameAs\":[\"https:\\\/\\\/www.facebook.com\\\/cvinoticias\",\"https:\\\/\\\/www.instagram.com\\\/cvinoticias\\\/\",\"https:\\\/\\\/www.youtube.com\\\/@CVINOTICIAS\"]},{\"@type\":\"Person\",\"@id\":\"https:\\\/\\\/cvinoticias.com\\\/v3\\\/#\\\/schema\\\/person\\\/2db77e3c6bc03c538495d7b2b8be9b66\",\"name\":\"f1000024\",\"image\":{\"@type\":\"ImageObject\",\"inLanguage\":\"es\",\"@id\":\"https:\\\/\\\/secure.gravatar.com\\\/avatar\\\/d4fe7459cfc51ff5129ce1a732bbef5928568b8092d412ef95611616376bbeed?s=96&d=mm&r=g\",\"url\":\"https:\\\/\\\/secure.gravatar.com\\\/avatar\\\/d4fe7459cfc51ff5129ce1a732bbef5928568b8092d412ef95611616376bbeed?s=96&d=mm&r=g\",\"contentUrl\":\"https:\\\/\\\/secure.gravatar.com\\\/avatar\\\/d4fe7459cfc51ff5129ce1a732bbef5928568b8092d412ef95611616376bbeed?s=96&d=mm&r=g\",\"caption\":\"f1000024\"},\"url\":\"https:\\\/\\\/cvinoticias.com\\\/v3\\\/author\\\/f1000024\\\/\"}]}<\/script>\n<!-- \/ Yoast SEO plugin. -->","yoast_head_json":{"title":"M\u00e1s de un mill\u00f3n de j\u00f3venes de 16 y 17 a\u00f1os pueden votar en estas elecciones | CVI NOTICIAS","robots":{"index":"index","follow":"follow","max-snippet":"max-snippet:-1","max-image-preview":"max-image-preview:large","max-video-preview":"max-video-preview:-1"},"canonical":"https:\/\/cvinoticias.com\/v3\/mas-de-un-millon-de-jovenes-de-16-y-17-anos-pueden-votar-en-estas-elecciones\/","og_locale":"es_ES","og_type":"article","og_title":"M\u00e1s de un mill\u00f3n de j\u00f3venes de 16 y 17 a\u00f1os pueden votar en estas elecciones | CVI NOTICIAS","og_description":"La campa\u00f1a electoral busc\u00f3 captar su inter\u00e9s sobre todo a trav\u00e9s de los mensajes en las redes sociales y plataformas digitales: a trav\u00e9s de im\u00e1genes, memes y recortes de piezas audiovisuales, las distintas fuerzas pol\u00edticas buscaron expandir las ideas y las propuestas de sus candidatos. M\u00e1s de un mill\u00f3n de j\u00f3venes de 16 y 17 [&hellip;]","og_url":"https:\/\/cvinoticias.com\/v3\/mas-de-un-millon-de-jovenes-de-16-y-17-anos-pueden-votar-en-estas-elecciones\/","og_site_name":"CVI NOTICIAS","article_publisher":"https:\/\/www.facebook.com\/cvinoticias","article_published_time":"2023-10-22T10:51:38+00:00","og_image":[{"width":1500,"height":870,"url":"https:\/\/cvinoticias.com\/wp-content\/uploads\/2023\/10\/0000148917.jpg","type":"image\/jpeg"}],"author":"f1000024","twitter_card":"summary_large_image","twitter_misc":{"Escrito por":"f1000024","Tiempo de lectura":"3 minutos"},"schema":{"@context":"https:\/\/schema.org","@graph":[{"@type":"Article","@id":"https:\/\/cvinoticias.com\/v3\/mas-de-un-millon-de-jovenes-de-16-y-17-anos-pueden-votar-en-estas-elecciones\/#article","isPartOf":{"@id":"https:\/\/cvinoticias.com\/v3\/mas-de-un-millon-de-jovenes-de-16-y-17-anos-pueden-votar-en-estas-elecciones\/"},"author":{"name":"f1000024","@id":"https:\/\/cvinoticias.com\/v3\/#\/schema\/person\/2db77e3c6bc03c538495d7b2b8be9b66"},"headline":"M\u00e1s de un mill\u00f3n de j\u00f3venes de 16 y 17 a\u00f1os pueden votar en estas elecciones","datePublished":"2023-10-22T10:51:38+00:00","mainEntityOfPage":{"@id":"https:\/\/cvinoticias.com\/v3\/mas-de-un-millon-de-jovenes-de-16-y-17-anos-pueden-votar-en-estas-elecciones\/"},"wordCount":695,"commentCount":0,"publisher":{"@id":"https:\/\/cvinoticias.com\/v3\/#organization"},"image":{"@id":"https:\/\/cvinoticias.com\/v3\/mas-de-un-millon-de-jovenes-de-16-y-17-anos-pueden-votar-en-estas-elecciones\/#primaryimage"},"thumbnailUrl":"https:\/\/cvinoticias.com\/wp-content\/uploads\/2023\/10\/0000148917.jpg","articleSection":["Politica"],"inLanguage":"es","potentialAction":[{"@type":"CommentAction","name":"Comment","target":["https:\/\/cvinoticias.com\/v3\/mas-de-un-millon-de-jovenes-de-16-y-17-anos-pueden-votar-en-estas-elecciones\/#respond"]}]},{"@type":"WebPage","@id":"https:\/\/cvinoticias.com\/v3\/mas-de-un-millon-de-jovenes-de-16-y-17-anos-pueden-votar-en-estas-elecciones\/","url":"https:\/\/cvinoticias.com\/v3\/mas-de-un-millon-de-jovenes-de-16-y-17-anos-pueden-votar-en-estas-elecciones\/","name":"M\u00e1s de un mill\u00f3n de j\u00f3venes de 16 y 17 a\u00f1os pueden votar en estas elecciones | CVI NOTICIAS","isPartOf":{"@id":"https:\/\/cvinoticias.com\/v3\/#website"},"primaryImageOfPage":{"@id":"https:\/\/cvinoticias.com\/v3\/mas-de-un-millon-de-jovenes-de-16-y-17-anos-pueden-votar-en-estas-elecciones\/#primaryimage"},"image":{"@id":"https:\/\/cvinoticias.com\/v3\/mas-de-un-millon-de-jovenes-de-16-y-17-anos-pueden-votar-en-estas-elecciones\/#primaryimage"},"thumbnailUrl":"https:\/\/cvinoticias.com\/wp-content\/uploads\/2023\/10\/0000148917.jpg","datePublished":"2023-10-22T10:51:38+00:00","breadcrumb":{"@id":"https:\/\/cvinoticias.com\/v3\/mas-de-un-millon-de-jovenes-de-16-y-17-anos-pueden-votar-en-estas-elecciones\/#breadcrumb"},"inLanguage":"es","potentialAction":[{"@type":"ReadAction","target":["https:\/\/cvinoticias.com\/v3\/mas-de-un-millon-de-jovenes-de-16-y-17-anos-pueden-votar-en-estas-elecciones\/"]}]},{"@type":"ImageObject","inLanguage":"es","@id":"https:\/\/cvinoticias.com\/v3\/mas-de-un-millon-de-jovenes-de-16-y-17-anos-pueden-votar-en-estas-elecciones\/#primaryimage","url":"https:\/\/cvinoticias.com\/wp-content\/uploads\/2023\/10\/0000148917.jpg","contentUrl":"https:\/\/cvinoticias.com\/wp-content\/uploads\/2023\/10\/0000148917.jpg","width":1500,"height":870},{"@type":"BreadcrumbList","@id":"https:\/\/cvinoticias.com\/v3\/mas-de-un-millon-de-jovenes-de-16-y-17-anos-pueden-votar-en-estas-elecciones\/#breadcrumb","itemListElement":[{"@type":"ListItem","position":1,"name":"Portada","item":"https:\/\/cvinoticias.com\/v3\/"},{"@type":"ListItem","position":2,"name":"M\u00e1s de un mill\u00f3n de j\u00f3venes de 16 y 17 a\u00f1os pueden votar en estas elecciones"}]},{"@type":"WebSite","@id":"https:\/\/cvinoticias.com\/v3\/#website","url":"https:\/\/cvinoticias.com\/v3\/","name":"CVI NOTICIAS","description":"","publisher":{"@id":"https:\/\/cvinoticias.com\/v3\/#organization"},"alternateName":"CVI","potentialAction":[{"@type":"SearchAction","target":{"@type":"EntryPoint","urlTemplate":"https:\/\/cvinoticias.com\/v3\/?s={search_term_string}"},"query-input":{"@type":"PropertyValueSpecification","valueRequired":true,"valueName":"search_term_string"}}],"inLanguage":"es"},{"@type":"Organization","@id":"https:\/\/cvinoticias.com\/v3\/#organization","name":"CVI NOTICIAS","url":"https:\/\/cvinoticias.com\/v3\/","logo":{"@type":"ImageObject","inLanguage":"es","@id":"https:\/\/cvinoticias.com\/v3\/#\/schema\/logo\/image\/","url":"https:\/\/cvinoticias.com\/wp-content\/uploads\/2023\/04\/cropped-cropped-cropped-cropped-cropped-3-1.png","contentUrl":"https:\/\/cvinoticias.com\/wp-content\/uploads\/2023\/04\/cropped-cropped-cropped-cropped-cropped-3-1.png","width":95,"height":122,"caption":"CVI NOTICIAS"},"image":{"@id":"https:\/\/cvinoticias.com\/v3\/#\/schema\/logo\/image\/"},"sameAs":["https:\/\/www.facebook.com\/cvinoticias","https:\/\/www.instagram.com\/cvinoticias\/","https:\/\/www.youtube.com\/@CVINOTICIAS"]},{"@type":"Person","@id":"https:\/\/cvinoticias.com\/v3\/#\/schema\/person\/2db77e3c6bc03c538495d7b2b8be9b66","name":"f1000024","image":{"@type":"ImageObject","inLanguage":"es","@id":"https:\/\/secure.gravatar.com\/avatar\/d4fe7459cfc51ff5129ce1a732bbef5928568b8092d412ef95611616376bbeed?s=96&d=mm&r=g","url":"https:\/\/secure.gravatar.com\/avatar\/d4fe7459cfc51ff5129ce1a732bbef5928568b8092d412ef95611616376bbeed?s=96&d=mm&r=g","contentUrl":"https:\/\/secure.gravatar.com\/avatar\/d4fe7459cfc51ff5129ce1a732bbef5928568b8092d412ef95611616376bbeed?s=96&d=mm&r=g","caption":"f1000024"},"url":"https:\/\/cvinoticias.com\/v3\/author\/f1000024\/"}]}},"_links":{"self":[{"href":"https:\/\/cvinoticias.com\/v3\/wp-json\/wp\/v2\/posts\/29119","targetHints":{"allow":["GET"]}}],"collection":[{"href":"https:\/\/cvinoticias.com\/v3\/wp-json\/wp\/v2\/posts"}],"about":[{"href":"https:\/\/cvinoticias.com\/v3\/wp-json\/wp\/v2\/types\/post"}],"author":[{"embeddable":true,"href":"https:\/\/cvinoticias.com\/v3\/wp-json\/wp\/v2\/users\/2"}],"replies":[{"embeddable":true,"href":"https:\/\/cvinoticias.com\/v3\/wp-json\/wp\/v2\/comments?post=29119"}],"version-history":[{"count":1,"href":"https:\/\/cvinoticias.com\/v3\/wp-json\/wp\/v2\/posts\/29119\/revisions"}],"predecessor-version":[{"id":29121,"href":"https:\/\/cvinoticias.com\/v3\/wp-json\/wp\/v2\/posts\/29119\/revisions\/29121"}],"wp:featuredmedia":[{"embeddable":true,"href":"https:\/\/cvinoticias.com\/v3\/wp-json\/wp\/v2\/media\/29120"}],"wp:attachment":[{"href":"https:\/\/cvinoticias.com\/v3\/wp-json\/wp\/v2\/media?parent=29119"}],"wp:term":[{"taxonomy":"category","embeddable":true,"href":"https:\/\/cvinoticias.com\/v3\/wp-json\/wp\/v2\/categories?post=29119"},{"taxonomy":"post_tag","embeddable":true,"href":"https:\/\/cvinoticias.com\/v3\/wp-json\/wp\/v2\/tags?post=29119"}],"curies":[{"name":"wp","href":"https:\/\/api.w.org\/{rel}","templated":true}]}}