{"id":2906,"date":"2021-02-24T13:17:11","date_gmt":"2021-02-24T13:17:11","guid":{"rendered":"https:\/\/cvinoticias.com\/v3\/?p=2906"},"modified":"2021-02-24T13:17:11","modified_gmt":"2021-02-24T13:17:11","slug":"puerto-iguazu-bomberos-voluntarios-de-iguazu-realizaron-la-segunda-jornada-nacional-de-argentina-reanima","status":"publish","type":"post","link":"https:\/\/cvinoticias.com\/v3\/puerto-iguazu-bomberos-voluntarios-de-iguazu-realizaron-la-segunda-jornada-nacional-de-argentina-reanima\/","title":{"rendered":"Puerto Iguaz\u00fa: Bomberos Voluntarios de Iguaz\u00fa realizaron la Segunda Jornada Nacional de Argentina Reanima"},"content":{"rendered":"\n<p><strong><em>Bomberos Voluntarios de Iguaz\u00fa realizaron la Segunda Jornada Nacional de Argentina Reanima apoyando la Reglamentaci\u00f3n de la Ley 27.159 de Muerte S\u00fabita y Sistema de Prevenci\u00f3n Integral<\/em><\/strong><\/p>\n\n\n\n<p>El d\u00eda de ayer Bomberos Voluntarios de Iguaz\u00fa en conjunto con la Filial de Estudiantes de la Plata llevaron una capacitaci\u00f3n en el Hito de las Tres Fronteras la Segunda Jornada Nacional de Argentina Reanima apoyando la Reglamentaci\u00f3n de la Ley 27.159 de Muerte S\u00fabita y Sistema de Prevenci\u00f3n Integral.<\/p>\n\n\n\n<p>Durante la jornada que se realiz\u00f3 desde las 17:30 hs hasta las 20 hs pudieron realizar pr\u00e1cticas de Reanimaci\u00f3n Cardiopulmonar, demostraci\u00f3n de DEA y fundamentalmente que se reglamente la ley que desde el 2015 est\u00e1 aprobada pero nunca fue instrumentada.<\/p>\n\n\n\n<p>La ley en cuesti\u00f3n se refiere a la colocaci\u00f3n de desfibriladores autom\u00e1ticos, en espacios importantes de circulaci\u00f3n de personas, capacitaci\u00f3n para su uso y capacitaci\u00f3n de RCP.<\/p>\n\n\n\n<p>Tambi\u00e9n en esta oportunidad se pudo mostrar a la comunidad los recientes 3 maniqu\u00edes, 2 pedi\u00e1tricos y los desfibriladores adquiridos por el Cuartel de Bomberos Voluntarios de Iguaz\u00fa .<\/p>\n\n\n\n<p>Prensa Bomberos Voluntarios<\/p>\n\n\n\n<figure class=\"wp-block-image size-large\"><a href=\"https:\/\/cvinoticias.com\/wp-content\/uploads\/2021\/02\/IMG-20210224-WA0024.jpg\"><img decoding=\"async\" width=\"1024\" height=\"681\" data-src=\"https:\/\/cvinoticias.com\/wp-content\/uploads\/2021\/02\/IMG-20210224-WA0024-1024x681.jpg\" alt=\"\" class=\"wp-image-2907 lazyload\" data-srcset=\"https:\/\/cvinoticias.com\/wp-content\/uploads\/2021\/02\/IMG-20210224-WA0024-1024x681.jpg 1024w, https:\/\/cvinoticias.com\/wp-content\/uploads\/2021\/02\/IMG-20210224-WA0024-300x199.jpg 300w, https:\/\/cvinoticias.com\/wp-content\/uploads\/2021\/02\/IMG-20210224-WA0024-768x511.jpg 768w, https:\/\/cvinoticias.com\/wp-content\/uploads\/2021\/02\/IMG-20210224-WA0024.jpg 1280w\" data-sizes=\"(max-width: 1024px) 100vw, 1024px\" src=\"data:image\/svg+xml;base64,PHN2ZyB3aWR0aD0iMSIgaGVpZ2h0PSIxIiB4bWxucz0iaHR0cDovL3d3dy53My5vcmcvMjAwMC9zdmciPjwvc3ZnPg==\" style=\"--smush-placeholder-width: 1024px; --smush-placeholder-aspect-ratio: 1024\/681;\" \/><\/a><\/figure>\n\n\n\n<figure class=\"wp-block-image size-large\"><a href=\"https:\/\/cvinoticias.com\/wp-content\/uploads\/2021\/02\/IMG-20210224-WA0029.jpg\"><img decoding=\"async\" width=\"1024\" height=\"681\" data-src=\"https:\/\/cvinoticias.com\/wp-content\/uploads\/2021\/02\/IMG-20210224-WA0029-1024x681.jpg\" alt=\"\" class=\"wp-image-2908 lazyload\" data-srcset=\"https:\/\/cvinoticias.com\/wp-content\/uploads\/2021\/02\/IMG-20210224-WA0029-1024x681.jpg 1024w, https:\/\/cvinoticias.com\/wp-content\/uploads\/2021\/02\/IMG-20210224-WA0029-300x199.jpg 300w, https:\/\/cvinoticias.com\/wp-content\/uploads\/2021\/02\/IMG-20210224-WA0029-768x511.jpg 768w, https:\/\/cvinoticias.com\/wp-content\/uploads\/2021\/02\/IMG-20210224-WA0029.jpg 1280w\" data-sizes=\"(max-width: 1024px) 100vw, 1024px\" src=\"data:image\/svg+xml;base64,PHN2ZyB3aWR0aD0iMSIgaGVpZ2h0PSIxIiB4bWxucz0iaHR0cDovL3d3dy53My5vcmcvMjAwMC9zdmciPjwvc3ZnPg==\" style=\"--smush-placeholder-width: 1024px; --smush-placeholder-aspect-ratio: 1024\/681;\" \/><\/a><\/figure>\n\n\n\n<figure class=\"wp-block-image size-large\"><a href=\"https:\/\/cvinoticias.com\/wp-content\/uploads\/2021\/02\/IMG-20210224-WA0026.jpg\"><img decoding=\"async\" width=\"1024\" height=\"681\" data-src=\"https:\/\/cvinoticias.com\/wp-content\/uploads\/2021\/02\/IMG-20210224-WA0026-1024x681.jpg\" alt=\"\" class=\"wp-image-2909 lazyload\" data-srcset=\"https:\/\/cvinoticias.com\/wp-content\/uploads\/2021\/02\/IMG-20210224-WA0026-1024x681.jpg 1024w, https:\/\/cvinoticias.com\/wp-content\/uploads\/2021\/02\/IMG-20210224-WA0026-300x199.jpg 300w, https:\/\/cvinoticias.com\/wp-content\/uploads\/2021\/02\/IMG-20210224-WA0026-768x511.jpg 768w, https:\/\/cvinoticias.com\/wp-content\/uploads\/2021\/02\/IMG-20210224-WA0026.jpg 1280w\" data-sizes=\"(max-width: 1024px) 100vw, 1024px\" src=\"data:image\/svg+xml;base64,PHN2ZyB3aWR0aD0iMSIgaGVpZ2h0PSIxIiB4bWxucz0iaHR0cDovL3d3dy53My5vcmcvMjAwMC9zdmciPjwvc3ZnPg==\" style=\"--smush-placeholder-width: 1024px; --smush-placeholder-aspect-ratio: 1024\/681;\" \/><\/a><\/figure>\n\n\n\n<figure class=\"wp-block-image size-large\"><a href=\"https:\/\/cvinoticias.com\/wp-content\/uploads\/2021\/02\/IMG-20210224-WA0028.jpg\"><img decoding=\"async\" width=\"1024\" height=\"681\" data-src=\"https:\/\/cvinoticias.com\/wp-content\/uploads\/2021\/02\/IMG-20210224-WA0028-1024x681.jpg\" alt=\"\" class=\"wp-image-2910 lazyload\" data-srcset=\"https:\/\/cvinoticias.com\/wp-content\/uploads\/2021\/02\/IMG-20210224-WA0028-1024x681.jpg 1024w, https:\/\/cvinoticias.com\/wp-content\/uploads\/2021\/02\/IMG-20210224-WA0028-300x199.jpg 300w, https:\/\/cvinoticias.com\/wp-content\/uploads\/2021\/02\/IMG-20210224-WA0028-768x511.jpg 768w, https:\/\/cvinoticias.com\/wp-content\/uploads\/2021\/02\/IMG-20210224-WA0028.jpg 1280w\" data-sizes=\"(max-width: 1024px) 100vw, 1024px\" src=\"data:image\/svg+xml;base64,PHN2ZyB3aWR0aD0iMSIgaGVpZ2h0PSIxIiB4bWxucz0iaHR0cDovL3d3dy53My5vcmcvMjAwMC9zdmciPjwvc3ZnPg==\" style=\"--smush-placeholder-width: 1024px; --smush-placeholder-aspect-ratio: 1024\/681;\" \/><\/a><\/figure>\n","protected":false},"excerpt":{"rendered":"<p>Bomberos Voluntarios de Iguaz\u00fa realizaron la Segunda Jornada Nacional de Argentina Reanima apoyando la Reglamentaci\u00f3n de la Ley 27.159 de Muerte S\u00fabita y Sistema de Prevenci\u00f3n Integral El d\u00eda de ayer Bomberos Voluntarios de Iguaz\u00fa en conjunto con la Filial de Estudiantes de la Plata llevaron una capacitaci\u00f3n en el Hito de las Tres Fronteras [&hellip;]<\/p>\n","protected":false},"author":2,"featured_media":2911,"comment_status":"open","ping_status":"open","sticky":false,"template":"","format":"standard","meta":{"footnotes":""},"categories":[29],"tags":[],"class_list":["post-2906","post","type-post","status-publish","format-standard","has-post-thumbnail","hentry","category-locales"],"yoast_head":"<!-- This site is optimized with the Yoast SEO plugin v27.4 - https:\/\/yoast.com\/product\/yoast-seo-wordpress\/ -->\n<title>Puerto Iguaz\u00fa: Bomberos Voluntarios de Iguaz\u00fa realizaron la Segunda Jornada Nacional de Argentina Reanima | CVI NOTICIAS<\/title>\n<meta name=\"robots\" content=\"index, follow, max-snippet:-1, max-image-preview:large, max-video-preview:-1\" \/>\n<link rel=\"canonical\" href=\"https:\/\/cvinoticias.com\/v3\/puerto-iguazu-bomberos-voluntarios-de-iguazu-realizaron-la-segunda-jornada-nacional-de-argentina-reanima\/\" \/>\n<meta property=\"og:locale\" content=\"es_ES\" \/>\n<meta property=\"og:type\" content=\"article\" \/>\n<meta property=\"og:title\" content=\"Puerto Iguaz\u00fa: Bomberos Voluntarios de Iguaz\u00fa realizaron la Segunda Jornada Nacional de Argentina Reanima | CVI NOTICIAS\" \/>\n<meta property=\"og:description\" content=\"Bomberos Voluntarios de Iguaz\u00fa realizaron la Segunda Jornada Nacional de Argentina Reanima apoyando la Reglamentaci\u00f3n de la Ley 27.159 de Muerte S\u00fabita y Sistema de Prevenci\u00f3n Integral El d\u00eda de ayer Bomberos Voluntarios de Iguaz\u00fa en conjunto con la Filial de Estudiantes de la Plata llevaron una capacitaci\u00f3n en el Hito de las Tres Fronteras [&hellip;]\" \/>\n<meta property=\"og:url\" content=\"https:\/\/cvinoticias.com\/v3\/puerto-iguazu-bomberos-voluntarios-de-iguazu-realizaron-la-segunda-jornada-nacional-de-argentina-reanima\/\" \/>\n<meta property=\"og:site_name\" content=\"CVI NOTICIAS\" \/>\n<meta property=\"article:publisher\" content=\"https:\/\/www.facebook.com\/cvinoticias\" \/>\n<meta property=\"article:published_time\" content=\"2021-02-24T13:17:11+00:00\" \/>\n<meta property=\"og:image\" content=\"https:\/\/cvinoticias.com\/wp-content\/uploads\/2021\/02\/IMG-20210224-WA0020.jpg\" \/>\n\t<meta property=\"og:image:width\" content=\"1280\" \/>\n\t<meta property=\"og:image:height\" content=\"851\" \/>\n\t<meta property=\"og:image:type\" content=\"image\/jpeg\" \/>\n<meta name=\"author\" content=\"f1000024\" \/>\n<meta name=\"twitter:card\" content=\"summary_large_image\" \/>\n<meta name=\"twitter:label1\" content=\"Escrito por\" \/>\n\t<meta name=\"twitter:data1\" content=\"f1000024\" \/>\n\t<meta name=\"twitter:label2\" content=\"Tiempo de lectura\" \/>\n\t<meta name=\"twitter:data2\" content=\"1 minuto\" \/>\n<script type=\"application\/ld+json\" class=\"yoast-schema-graph\">{\"@context\":\"https:\\\/\\\/schema.org\",\"@graph\":[{\"@type\":\"Article\",\"@id\":\"https:\\\/\\\/cvinoticias.com\\\/v3\\\/puerto-iguazu-bomberos-voluntarios-de-iguazu-realizaron-la-segunda-jornada-nacional-de-argentina-reanima\\\/#article\",\"isPartOf\":{\"@id\":\"https:\\\/\\\/cvinoticias.com\\\/v3\\\/puerto-iguazu-bomberos-voluntarios-de-iguazu-realizaron-la-segunda-jornada-nacional-de-argentina-reanima\\\/\"},\"author\":{\"name\":\"f1000024\",\"@id\":\"https:\\\/\\\/cvinoticias.com\\\/v3\\\/#\\\/schema\\\/person\\\/2db77e3c6bc03c538495d7b2b8be9b66\"},\"headline\":\"Puerto Iguaz\u00fa: Bomberos Voluntarios de Iguaz\u00fa realizaron la Segunda Jornada Nacional de Argentina Reanima\",\"datePublished\":\"2021-02-24T13:17:11+00:00\",\"mainEntityOfPage\":{\"@id\":\"https:\\\/\\\/cvinoticias.com\\\/v3\\\/puerto-iguazu-bomberos-voluntarios-de-iguazu-realizaron-la-segunda-jornada-nacional-de-argentina-reanima\\\/\"},\"wordCount\":202,\"commentCount\":0,\"publisher\":{\"@id\":\"https:\\\/\\\/cvinoticias.com\\\/v3\\\/#organization\"},\"image\":{\"@id\":\"https:\\\/\\\/cvinoticias.com\\\/v3\\\/puerto-iguazu-bomberos-voluntarios-de-iguazu-realizaron-la-segunda-jornada-nacional-de-argentina-reanima\\\/#primaryimage\"},\"thumbnailUrl\":\"https:\\\/\\\/cvinoticias.com\\\/wp-content\\\/uploads\\\/2021\\\/02\\\/IMG-20210224-WA0020.jpg\",\"articleSection\":[\"Locales\"],\"inLanguage\":\"es\",\"potentialAction\":[{\"@type\":\"CommentAction\",\"name\":\"Comment\",\"target\":[\"https:\\\/\\\/cvinoticias.com\\\/v3\\\/puerto-iguazu-bomberos-voluntarios-de-iguazu-realizaron-la-segunda-jornada-nacional-de-argentina-reanima\\\/#respond\"]}]},{\"@type\":\"WebPage\",\"@id\":\"https:\\\/\\\/cvinoticias.com\\\/v3\\\/puerto-iguazu-bomberos-voluntarios-de-iguazu-realizaron-la-segunda-jornada-nacional-de-argentina-reanima\\\/\",\"url\":\"https:\\\/\\\/cvinoticias.com\\\/v3\\\/puerto-iguazu-bomberos-voluntarios-de-iguazu-realizaron-la-segunda-jornada-nacional-de-argentina-reanima\\\/\",\"name\":\"Puerto Iguaz\u00fa: Bomberos Voluntarios de Iguaz\u00fa realizaron la Segunda Jornada Nacional de Argentina Reanima | CVI NOTICIAS\",\"isPartOf\":{\"@id\":\"https:\\\/\\\/cvinoticias.com\\\/v3\\\/#website\"},\"primaryImageOfPage\":{\"@id\":\"https:\\\/\\\/cvinoticias.com\\\/v3\\\/puerto-iguazu-bomberos-voluntarios-de-iguazu-realizaron-la-segunda-jornada-nacional-de-argentina-reanima\\\/#primaryimage\"},\"image\":{\"@id\":\"https:\\\/\\\/cvinoticias.com\\\/v3\\\/puerto-iguazu-bomberos-voluntarios-de-iguazu-realizaron-la-segunda-jornada-nacional-de-argentina-reanima\\\/#primaryimage\"},\"thumbnailUrl\":\"https:\\\/\\\/cvinoticias.com\\\/wp-content\\\/uploads\\\/2021\\\/02\\\/IMG-20210224-WA0020.jpg\",\"datePublished\":\"2021-02-24T13:17:11+00:00\",\"breadcrumb\":{\"@id\":\"https:\\\/\\\/cvinoticias.com\\\/v3\\\/puerto-iguazu-bomberos-voluntarios-de-iguazu-realizaron-la-segunda-jornada-nacional-de-argentina-reanima\\\/#breadcrumb\"},\"inLanguage\":\"es\",\"potentialAction\":[{\"@type\":\"ReadAction\",\"target\":[\"https:\\\/\\\/cvinoticias.com\\\/v3\\\/puerto-iguazu-bomberos-voluntarios-de-iguazu-realizaron-la-segunda-jornada-nacional-de-argentina-reanima\\\/\"]}]},{\"@type\":\"ImageObject\",\"inLanguage\":\"es\",\"@id\":\"https:\\\/\\\/cvinoticias.com\\\/v3\\\/puerto-iguazu-bomberos-voluntarios-de-iguazu-realizaron-la-segunda-jornada-nacional-de-argentina-reanima\\\/#primaryimage\",\"url\":\"https:\\\/\\\/cvinoticias.com\\\/wp-content\\\/uploads\\\/2021\\\/02\\\/IMG-20210224-WA0020.jpg\",\"contentUrl\":\"https:\\\/\\\/cvinoticias.com\\\/wp-content\\\/uploads\\\/2021\\\/02\\\/IMG-20210224-WA0020.jpg\",\"width\":1280,\"height\":851},{\"@type\":\"BreadcrumbList\",\"@id\":\"https:\\\/\\\/cvinoticias.com\\\/v3\\\/puerto-iguazu-bomberos-voluntarios-de-iguazu-realizaron-la-segunda-jornada-nacional-de-argentina-reanima\\\/#breadcrumb\",\"itemListElement\":[{\"@type\":\"ListItem\",\"position\":1,\"name\":\"Portada\",\"item\":\"https:\\\/\\\/cvinoticias.com\\\/v3\\\/\"},{\"@type\":\"ListItem\",\"position\":2,\"name\":\"Puerto Iguaz\u00fa: Bomberos Voluntarios de Iguaz\u00fa realizaron la Segunda Jornada Nacional de Argentina Reanima\"}]},{\"@type\":\"WebSite\",\"@id\":\"https:\\\/\\\/cvinoticias.com\\\/v3\\\/#website\",\"url\":\"https:\\\/\\\/cvinoticias.com\\\/v3\\\/\",\"name\":\"CVI NOTICIAS\",\"description\":\"\",\"publisher\":{\"@id\":\"https:\\\/\\\/cvinoticias.com\\\/v3\\\/#organization\"},\"alternateName\":\"CVI\",\"potentialAction\":[{\"@type\":\"SearchAction\",\"target\":{\"@type\":\"EntryPoint\",\"urlTemplate\":\"https:\\\/\\\/cvinoticias.com\\\/v3\\\/?s={search_term_string}\"},\"query-input\":{\"@type\":\"PropertyValueSpecification\",\"valueRequired\":true,\"valueName\":\"search_term_string\"}}],\"inLanguage\":\"es\"},{\"@type\":\"Organization\",\"@id\":\"https:\\\/\\\/cvinoticias.com\\\/v3\\\/#organization\",\"name\":\"CVI NOTICIAS\",\"url\":\"https:\\\/\\\/cvinoticias.com\\\/v3\\\/\",\"logo\":{\"@type\":\"ImageObject\",\"inLanguage\":\"es\",\"@id\":\"https:\\\/\\\/cvinoticias.com\\\/v3\\\/#\\\/schema\\\/logo\\\/image\\\/\",\"url\":\"https:\\\/\\\/cvinoticias.com\\\/wp-content\\\/uploads\\\/2023\\\/04\\\/cropped-cropped-cropped-cropped-cropped-3-1.png\",\"contentUrl\":\"https:\\\/\\\/cvinoticias.com\\\/wp-content\\\/uploads\\\/2023\\\/04\\\/cropped-cropped-cropped-cropped-cropped-3-1.png\",\"width\":95,\"height\":122,\"caption\":\"CVI NOTICIAS\"},\"image\":{\"@id\":\"https:\\\/\\\/cvinoticias.com\\\/v3\\\/#\\\/schema\\\/logo\\\/image\\\/\"},\"sameAs\":[\"https:\\\/\\\/www.facebook.com\\\/cvinoticias\",\"https:\\\/\\\/www.instagram.com\\\/cvinoticias\\\/\",\"https:\\\/\\\/www.youtube.com\\\/@CVINOTICIAS\"]},{\"@type\":\"Person\",\"@id\":\"https:\\\/\\\/cvinoticias.com\\\/v3\\\/#\\\/schema\\\/person\\\/2db77e3c6bc03c538495d7b2b8be9b66\",\"name\":\"f1000024\",\"image\":{\"@type\":\"ImageObject\",\"inLanguage\":\"es\",\"@id\":\"https:\\\/\\\/secure.gravatar.com\\\/avatar\\\/d4fe7459cfc51ff5129ce1a732bbef5928568b8092d412ef95611616376bbeed?s=96&d=mm&r=g\",\"url\":\"https:\\\/\\\/secure.gravatar.com\\\/avatar\\\/d4fe7459cfc51ff5129ce1a732bbef5928568b8092d412ef95611616376bbeed?s=96&d=mm&r=g\",\"contentUrl\":\"https:\\\/\\\/secure.gravatar.com\\\/avatar\\\/d4fe7459cfc51ff5129ce1a732bbef5928568b8092d412ef95611616376bbeed?s=96&d=mm&r=g\",\"caption\":\"f1000024\"},\"url\":\"https:\\\/\\\/cvinoticias.com\\\/v3\\\/author\\\/f1000024\\\/\"}]}<\/script>\n<!-- \/ Yoast SEO plugin. -->","yoast_head_json":{"title":"Puerto Iguaz\u00fa: Bomberos Voluntarios de Iguaz\u00fa realizaron la Segunda Jornada Nacional de Argentina Reanima | CVI NOTICIAS","robots":{"index":"index","follow":"follow","max-snippet":"max-snippet:-1","max-image-preview":"max-image-preview:large","max-video-preview":"max-video-preview:-1"},"canonical":"https:\/\/cvinoticias.com\/v3\/puerto-iguazu-bomberos-voluntarios-de-iguazu-realizaron-la-segunda-jornada-nacional-de-argentina-reanima\/","og_locale":"es_ES","og_type":"article","og_title":"Puerto Iguaz\u00fa: Bomberos Voluntarios de Iguaz\u00fa realizaron la Segunda Jornada Nacional de Argentina Reanima | CVI NOTICIAS","og_description":"Bomberos Voluntarios de Iguaz\u00fa realizaron la Segunda Jornada Nacional de Argentina Reanima apoyando la Reglamentaci\u00f3n de la Ley 27.159 de Muerte S\u00fabita y Sistema de Prevenci\u00f3n Integral El d\u00eda de ayer Bomberos Voluntarios de Iguaz\u00fa en conjunto con la Filial de Estudiantes de la Plata llevaron una capacitaci\u00f3n en el Hito de las Tres Fronteras [&hellip;]","og_url":"https:\/\/cvinoticias.com\/v3\/puerto-iguazu-bomberos-voluntarios-de-iguazu-realizaron-la-segunda-jornada-nacional-de-argentina-reanima\/","og_site_name":"CVI NOTICIAS","article_publisher":"https:\/\/www.facebook.com\/cvinoticias","article_published_time":"2021-02-24T13:17:11+00:00","og_image":[{"width":1280,"height":851,"url":"https:\/\/cvinoticias.com\/wp-content\/uploads\/2021\/02\/IMG-20210224-WA0020.jpg","type":"image\/jpeg"}],"author":"f1000024","twitter_card":"summary_large_image","twitter_misc":{"Escrito por":"f1000024","Tiempo de lectura":"1 minuto"},"schema":{"@context":"https:\/\/schema.org","@graph":[{"@type":"Article","@id":"https:\/\/cvinoticias.com\/v3\/puerto-iguazu-bomberos-voluntarios-de-iguazu-realizaron-la-segunda-jornada-nacional-de-argentina-reanima\/#article","isPartOf":{"@id":"https:\/\/cvinoticias.com\/v3\/puerto-iguazu-bomberos-voluntarios-de-iguazu-realizaron-la-segunda-jornada-nacional-de-argentina-reanima\/"},"author":{"name":"f1000024","@id":"https:\/\/cvinoticias.com\/v3\/#\/schema\/person\/2db77e3c6bc03c538495d7b2b8be9b66"},"headline":"Puerto Iguaz\u00fa: Bomberos Voluntarios de Iguaz\u00fa realizaron la Segunda Jornada Nacional de Argentina Reanima","datePublished":"2021-02-24T13:17:11+00:00","mainEntityOfPage":{"@id":"https:\/\/cvinoticias.com\/v3\/puerto-iguazu-bomberos-voluntarios-de-iguazu-realizaron-la-segunda-jornada-nacional-de-argentina-reanima\/"},"wordCount":202,"commentCount":0,"publisher":{"@id":"https:\/\/cvinoticias.com\/v3\/#organization"},"image":{"@id":"https:\/\/cvinoticias.com\/v3\/puerto-iguazu-bomberos-voluntarios-de-iguazu-realizaron-la-segunda-jornada-nacional-de-argentina-reanima\/#primaryimage"},"thumbnailUrl":"https:\/\/cvinoticias.com\/wp-content\/uploads\/2021\/02\/IMG-20210224-WA0020.jpg","articleSection":["Locales"],"inLanguage":"es","potentialAction":[{"@type":"CommentAction","name":"Comment","target":["https:\/\/cvinoticias.com\/v3\/puerto-iguazu-bomberos-voluntarios-de-iguazu-realizaron-la-segunda-jornada-nacional-de-argentina-reanima\/#respond"]}]},{"@type":"WebPage","@id":"https:\/\/cvinoticias.com\/v3\/puerto-iguazu-bomberos-voluntarios-de-iguazu-realizaron-la-segunda-jornada-nacional-de-argentina-reanima\/","url":"https:\/\/cvinoticias.com\/v3\/puerto-iguazu-bomberos-voluntarios-de-iguazu-realizaron-la-segunda-jornada-nacional-de-argentina-reanima\/","name":"Puerto Iguaz\u00fa: Bomberos Voluntarios de Iguaz\u00fa realizaron la Segunda Jornada Nacional de Argentina Reanima | CVI NOTICIAS","isPartOf":{"@id":"https:\/\/cvinoticias.com\/v3\/#website"},"primaryImageOfPage":{"@id":"https:\/\/cvinoticias.com\/v3\/puerto-iguazu-bomberos-voluntarios-de-iguazu-realizaron-la-segunda-jornada-nacional-de-argentina-reanima\/#primaryimage"},"image":{"@id":"https:\/\/cvinoticias.com\/v3\/puerto-iguazu-bomberos-voluntarios-de-iguazu-realizaron-la-segunda-jornada-nacional-de-argentina-reanima\/#primaryimage"},"thumbnailUrl":"https:\/\/cvinoticias.com\/wp-content\/uploads\/2021\/02\/IMG-20210224-WA0020.jpg","datePublished":"2021-02-24T13:17:11+00:00","breadcrumb":{"@id":"https:\/\/cvinoticias.com\/v3\/puerto-iguazu-bomberos-voluntarios-de-iguazu-realizaron-la-segunda-jornada-nacional-de-argentina-reanima\/#breadcrumb"},"inLanguage":"es","potentialAction":[{"@type":"ReadAction","target":["https:\/\/cvinoticias.com\/v3\/puerto-iguazu-bomberos-voluntarios-de-iguazu-realizaron-la-segunda-jornada-nacional-de-argentina-reanima\/"]}]},{"@type":"ImageObject","inLanguage":"es","@id":"https:\/\/cvinoticias.com\/v3\/puerto-iguazu-bomberos-voluntarios-de-iguazu-realizaron-la-segunda-jornada-nacional-de-argentina-reanima\/#primaryimage","url":"https:\/\/cvinoticias.com\/wp-content\/uploads\/2021\/02\/IMG-20210224-WA0020.jpg","contentUrl":"https:\/\/cvinoticias.com\/wp-content\/uploads\/2021\/02\/IMG-20210224-WA0020.jpg","width":1280,"height":851},{"@type":"BreadcrumbList","@id":"https:\/\/cvinoticias.com\/v3\/puerto-iguazu-bomberos-voluntarios-de-iguazu-realizaron-la-segunda-jornada-nacional-de-argentina-reanima\/#breadcrumb","itemListElement":[{"@type":"ListItem","position":1,"name":"Portada","item":"https:\/\/cvinoticias.com\/v3\/"},{"@type":"ListItem","position":2,"name":"Puerto Iguaz\u00fa: Bomberos Voluntarios de Iguaz\u00fa realizaron la Segunda Jornada Nacional de Argentina Reanima"}]},{"@type":"WebSite","@id":"https:\/\/cvinoticias.com\/v3\/#website","url":"https:\/\/cvinoticias.com\/v3\/","name":"CVI NOTICIAS","description":"","publisher":{"@id":"https:\/\/cvinoticias.com\/v3\/#organization"},"alternateName":"CVI","potentialAction":[{"@type":"SearchAction","target":{"@type":"EntryPoint","urlTemplate":"https:\/\/cvinoticias.com\/v3\/?s={search_term_string}"},"query-input":{"@type":"PropertyValueSpecification","valueRequired":true,"valueName":"search_term_string"}}],"inLanguage":"es"},{"@type":"Organization","@id":"https:\/\/cvinoticias.com\/v3\/#organization","name":"CVI NOTICIAS","url":"https:\/\/cvinoticias.com\/v3\/","logo":{"@type":"ImageObject","inLanguage":"es","@id":"https:\/\/cvinoticias.com\/v3\/#\/schema\/logo\/image\/","url":"https:\/\/cvinoticias.com\/wp-content\/uploads\/2023\/04\/cropped-cropped-cropped-cropped-cropped-3-1.png","contentUrl":"https:\/\/cvinoticias.com\/wp-content\/uploads\/2023\/04\/cropped-cropped-cropped-cropped-cropped-3-1.png","width":95,"height":122,"caption":"CVI NOTICIAS"},"image":{"@id":"https:\/\/cvinoticias.com\/v3\/#\/schema\/logo\/image\/"},"sameAs":["https:\/\/www.facebook.com\/cvinoticias","https:\/\/www.instagram.com\/cvinoticias\/","https:\/\/www.youtube.com\/@CVINOTICIAS"]},{"@type":"Person","@id":"https:\/\/cvinoticias.com\/v3\/#\/schema\/person\/2db77e3c6bc03c538495d7b2b8be9b66","name":"f1000024","image":{"@type":"ImageObject","inLanguage":"es","@id":"https:\/\/secure.gravatar.com\/avatar\/d4fe7459cfc51ff5129ce1a732bbef5928568b8092d412ef95611616376bbeed?s=96&d=mm&r=g","url":"https:\/\/secure.gravatar.com\/avatar\/d4fe7459cfc51ff5129ce1a732bbef5928568b8092d412ef95611616376bbeed?s=96&d=mm&r=g","contentUrl":"https:\/\/secure.gravatar.com\/avatar\/d4fe7459cfc51ff5129ce1a732bbef5928568b8092d412ef95611616376bbeed?s=96&d=mm&r=g","caption":"f1000024"},"url":"https:\/\/cvinoticias.com\/v3\/author\/f1000024\/"}]}},"_links":{"self":[{"href":"https:\/\/cvinoticias.com\/v3\/wp-json\/wp\/v2\/posts\/2906","targetHints":{"allow":["GET"]}}],"collection":[{"href":"https:\/\/cvinoticias.com\/v3\/wp-json\/wp\/v2\/posts"}],"about":[{"href":"https:\/\/cvinoticias.com\/v3\/wp-json\/wp\/v2\/types\/post"}],"author":[{"embeddable":true,"href":"https:\/\/cvinoticias.com\/v3\/wp-json\/wp\/v2\/users\/2"}],"replies":[{"embeddable":true,"href":"https:\/\/cvinoticias.com\/v3\/wp-json\/wp\/v2\/comments?post=2906"}],"version-history":[{"count":1,"href":"https:\/\/cvinoticias.com\/v3\/wp-json\/wp\/v2\/posts\/2906\/revisions"}],"predecessor-version":[{"id":2912,"href":"https:\/\/cvinoticias.com\/v3\/wp-json\/wp\/v2\/posts\/2906\/revisions\/2912"}],"wp:featuredmedia":[{"embeddable":true,"href":"https:\/\/cvinoticias.com\/v3\/wp-json\/wp\/v2\/media\/2911"}],"wp:attachment":[{"href":"https:\/\/cvinoticias.com\/v3\/wp-json\/wp\/v2\/media?parent=2906"}],"wp:term":[{"taxonomy":"category","embeddable":true,"href":"https:\/\/cvinoticias.com\/v3\/wp-json\/wp\/v2\/categories?post=2906"},{"taxonomy":"post_tag","embeddable":true,"href":"https:\/\/cvinoticias.com\/v3\/wp-json\/wp\/v2\/tags?post=2906"}],"curies":[{"name":"wp","href":"https:\/\/api.w.org\/{rel}","templated":true}]}}