{"id":29012,"date":"2023-10-19T01:38:52","date_gmt":"2023-10-19T01:38:52","guid":{"rendered":"https:\/\/cvinoticias.com\/v3\/?p=29012"},"modified":"2023-10-19T01:38:52","modified_gmt":"2023-10-19T01:38:52","slug":"la-canasta-basica-aumento-122-en-septiembre-y-una-familia-necesito-319-422-para-no-ser-pobre","status":"publish","type":"post","link":"https:\/\/cvinoticias.com\/v3\/la-canasta-basica-aumento-122-en-septiembre-y-una-familia-necesito-319-422-para-no-ser-pobre\/","title":{"rendered":"La canasta b\u00e1sica aument\u00f3 12,2% en septiembre y una familia necesit\u00f3 $319.422 para no ser pobre"},"content":{"rendered":"\n<p><strong><em>El informe estableci\u00f3 que un grupo familiar integrado por dos adultos y dos chicos requiri\u00f3 $$147.881 para no quedar bajo el umbral de la indigencia, que subi\u00f3 13,2%.<\/em><\/strong><\/p>\n\n\n\n<p>En el noveno mes del a\u00f1o, la canasta b\u00e1sica total (CBT) -que establece el umbral de la pobreza-, aument\u00f3 12,2%, cuando la inflaci\u00f3n de septiembre alcanz\u00f3 el r\u00e9cord de 12,7%. De esta manera, una familia de cuatro integrantes (dos adultos y dos chicos) necesit\u00f3 $319.422 para no ser considerada pobre, seg\u00fan inform\u00f3 el INDEC.<\/p>\n\n\n\n<p>Por su parte, la canasta b\u00e1sica alimentaria (CBA), que marca la l\u00ednea de la indigencia, tuvo una suba del 13,2% con respecto a agosto, por lo que ese hogar requiri\u00f3 de $147.881 para cubrir las necesidades alimentarias b\u00e1sicas para subsistir.<\/p>\n\n\n\n<p>En concreto, la l\u00ednea que mide la pobreza subi\u00f3 12,2% en septiembre, aument\u00f3 un 109,4% en lo que va del a\u00f1o y tuvo una aceleraci\u00f3n de 149,1% interanual, en tanto que la suba de la canasta que fija el umbral de la indigencia fue de 13,2% en el noveno mes del a\u00f1o, acumul\u00f3 una suba de 120,1% en el 2023 y un 160,7% interanual.<\/p>\n\n\n\n<p>De esta manera, la variaci\u00f3n de las canasta total se ubic\u00f3 por debajo del \u00edndice de inflaci\u00f3n -que subi\u00f3 12,7% en septiembre-, mientras que la canasta alimentaria qued\u00f3 0,5 puntos porcentuales por arriba del \u00cdndice de precios al Consumidor (IPC).<\/p>\n\n\n\n<p><strong>Cu\u00e1nto se necesita para no caer bajo la l\u00ednea de pobreza<\/strong><\/p>\n\n\n\n<p>Los ingresos familiares requeridos para superar la l\u00ednea de la pobreza en septiembre, seg\u00fan el INDEC, fueron:<\/p>\n\n\n\n<ul class=\"wp-block-list\">\n<li>Una persona necesit\u00f3 de $103.373 para no caer bajo la pobreza.<\/li>\n\n\n\n<li>Un hogar de tres personas -compuesto por una mujer de 35 a\u00f1os, su hijo de 18 a\u00f1os y su madre de 61-, requiri\u00f3 $254.297 en septiembre para no ser pobre.<\/li>\n\n\n\n<li>Una familia de cuatro integrantes -conformada por un var\u00f3n de 35 a\u00f1os, una mujer de 31 a\u00f1os, un hijo de 6 a\u00f1os y una hija de 8-, necesit\u00f3 un ingreso m\u00ednimo de $319.422<\/li>\n\n\n\n<li>Para un hogar compuesto por cinco personas -una pareja de 30 a\u00f1os y tres hijos de 5, 3 y 1 a\u00f1o- se requiri\u00f3 una suma de $335.962<\/li>\n<\/ul>\n","protected":false},"excerpt":{"rendered":"<p>El informe estableci\u00f3 que un grupo familiar integrado por dos adultos y dos chicos requiri\u00f3 $$147.881 para no quedar bajo el umbral de la indigencia, que subi\u00f3 13,2%. En el noveno mes del a\u00f1o, la canasta b\u00e1sica total (CBT) -que establece el umbral de la pobreza-, aument\u00f3 12,2%, cuando la inflaci\u00f3n de septiembre alcanz\u00f3 el [&hellip;]<\/p>\n","protected":false},"author":2,"featured_media":29013,"comment_status":"open","ping_status":"open","sticky":false,"template":"","format":"standard","meta":{"footnotes":""},"categories":[32],"tags":[],"class_list":["post-29012","post","type-post","status-publish","format-standard","has-post-thumbnail","hentry","category-economia"],"yoast_head":"<!-- This site is optimized with the Yoast SEO plugin v27.5 - https:\/\/yoast.com\/product\/yoast-seo-wordpress\/ -->\n<title>La canasta b\u00e1sica aument\u00f3 12,2% en septiembre y una familia necesit\u00f3 $319.422 para no ser pobre | CVI NOTICIAS<\/title>\n<meta name=\"robots\" content=\"index, follow, max-snippet:-1, max-image-preview:large, max-video-preview:-1\" \/>\n<link rel=\"canonical\" href=\"https:\/\/cvinoticias.com\/v3\/la-canasta-basica-aumento-122-en-septiembre-y-una-familia-necesito-319-422-para-no-ser-pobre\/\" \/>\n<meta property=\"og:locale\" content=\"es_ES\" \/>\n<meta property=\"og:type\" content=\"article\" \/>\n<meta property=\"og:title\" content=\"La canasta b\u00e1sica aument\u00f3 12,2% en septiembre y una familia necesit\u00f3 $319.422 para no ser pobre | CVI NOTICIAS\" \/>\n<meta property=\"og:description\" content=\"El informe estableci\u00f3 que un grupo familiar integrado por dos adultos y dos chicos requiri\u00f3 $$147.881 para no quedar bajo el umbral de la indigencia, que subi\u00f3 13,2%. En el noveno mes del a\u00f1o, la canasta b\u00e1sica total (CBT) -que establece el umbral de la pobreza-, aument\u00f3 12,2%, cuando la inflaci\u00f3n de septiembre alcanz\u00f3 el [&hellip;]\" \/>\n<meta property=\"og:url\" content=\"https:\/\/cvinoticias.com\/v3\/la-canasta-basica-aumento-122-en-septiembre-y-una-familia-necesito-319-422-para-no-ser-pobre\/\" \/>\n<meta property=\"og:site_name\" content=\"CVI NOTICIAS\" \/>\n<meta property=\"article:publisher\" content=\"https:\/\/www.facebook.com\/cvinoticias\" \/>\n<meta property=\"article:published_time\" content=\"2023-10-19T01:38:52+00:00\" \/>\n<meta property=\"og:image\" content=\"https:\/\/cvinoticias.com\/wp-content\/uploads\/2023\/10\/Screenshot_20231018_223834_Facebook.jpg\" \/>\n\t<meta property=\"og:image:width\" content=\"1078\" \/>\n\t<meta property=\"og:image:height\" content=\"586\" \/>\n\t<meta property=\"og:image:type\" content=\"image\/jpeg\" \/>\n<meta name=\"author\" content=\"f1000024\" \/>\n<meta name=\"twitter:card\" content=\"summary_large_image\" \/>\n<meta name=\"twitter:label1\" content=\"Escrito por\" \/>\n\t<meta name=\"twitter:data1\" content=\"f1000024\" \/>\n\t<meta name=\"twitter:label2\" content=\"Tiempo de lectura\" \/>\n\t<meta name=\"twitter:data2\" content=\"2 minutos\" \/>\n<script type=\"application\/ld+json\" class=\"yoast-schema-graph\">{\"@context\":\"https:\\\/\\\/schema.org\",\"@graph\":[{\"@type\":\"Article\",\"@id\":\"https:\\\/\\\/cvinoticias.com\\\/v3\\\/la-canasta-basica-aumento-122-en-septiembre-y-una-familia-necesito-319-422-para-no-ser-pobre\\\/#article\",\"isPartOf\":{\"@id\":\"https:\\\/\\\/cvinoticias.com\\\/v3\\\/la-canasta-basica-aumento-122-en-septiembre-y-una-familia-necesito-319-422-para-no-ser-pobre\\\/\"},\"author\":{\"name\":\"f1000024\",\"@id\":\"https:\\\/\\\/cvinoticias.com\\\/v3\\\/#\\\/schema\\\/person\\\/2db77e3c6bc03c538495d7b2b8be9b66\"},\"headline\":\"La canasta b\u00e1sica aument\u00f3 12,2% en septiembre y una familia necesit\u00f3 $319.422 para no ser pobre\",\"datePublished\":\"2023-10-19T01:38:52+00:00\",\"mainEntityOfPage\":{\"@id\":\"https:\\\/\\\/cvinoticias.com\\\/v3\\\/la-canasta-basica-aumento-122-en-septiembre-y-una-familia-necesito-319-422-para-no-ser-pobre\\\/\"},\"wordCount\":368,\"commentCount\":0,\"publisher\":{\"@id\":\"https:\\\/\\\/cvinoticias.com\\\/v3\\\/#organization\"},\"image\":{\"@id\":\"https:\\\/\\\/cvinoticias.com\\\/v3\\\/la-canasta-basica-aumento-122-en-septiembre-y-una-familia-necesito-319-422-para-no-ser-pobre\\\/#primaryimage\"},\"thumbnailUrl\":\"https:\\\/\\\/cvinoticias.com\\\/wp-content\\\/uploads\\\/2023\\\/10\\\/Screenshot_20231018_223834_Facebook.jpg\",\"articleSection\":[\"Econom\u00eda\"],\"inLanguage\":\"es\",\"potentialAction\":[{\"@type\":\"CommentAction\",\"name\":\"Comment\",\"target\":[\"https:\\\/\\\/cvinoticias.com\\\/v3\\\/la-canasta-basica-aumento-122-en-septiembre-y-una-familia-necesito-319-422-para-no-ser-pobre\\\/#respond\"]}]},{\"@type\":\"WebPage\",\"@id\":\"https:\\\/\\\/cvinoticias.com\\\/v3\\\/la-canasta-basica-aumento-122-en-septiembre-y-una-familia-necesito-319-422-para-no-ser-pobre\\\/\",\"url\":\"https:\\\/\\\/cvinoticias.com\\\/v3\\\/la-canasta-basica-aumento-122-en-septiembre-y-una-familia-necesito-319-422-para-no-ser-pobre\\\/\",\"name\":\"La canasta b\u00e1sica aument\u00f3 12,2% en septiembre y una familia necesit\u00f3 $319.422 para no ser pobre | CVI NOTICIAS\",\"isPartOf\":{\"@id\":\"https:\\\/\\\/cvinoticias.com\\\/v3\\\/#website\"},\"primaryImageOfPage\":{\"@id\":\"https:\\\/\\\/cvinoticias.com\\\/v3\\\/la-canasta-basica-aumento-122-en-septiembre-y-una-familia-necesito-319-422-para-no-ser-pobre\\\/#primaryimage\"},\"image\":{\"@id\":\"https:\\\/\\\/cvinoticias.com\\\/v3\\\/la-canasta-basica-aumento-122-en-septiembre-y-una-familia-necesito-319-422-para-no-ser-pobre\\\/#primaryimage\"},\"thumbnailUrl\":\"https:\\\/\\\/cvinoticias.com\\\/wp-content\\\/uploads\\\/2023\\\/10\\\/Screenshot_20231018_223834_Facebook.jpg\",\"datePublished\":\"2023-10-19T01:38:52+00:00\",\"breadcrumb\":{\"@id\":\"https:\\\/\\\/cvinoticias.com\\\/v3\\\/la-canasta-basica-aumento-122-en-septiembre-y-una-familia-necesito-319-422-para-no-ser-pobre\\\/#breadcrumb\"},\"inLanguage\":\"es\",\"potentialAction\":[{\"@type\":\"ReadAction\",\"target\":[\"https:\\\/\\\/cvinoticias.com\\\/v3\\\/la-canasta-basica-aumento-122-en-septiembre-y-una-familia-necesito-319-422-para-no-ser-pobre\\\/\"]}]},{\"@type\":\"ImageObject\",\"inLanguage\":\"es\",\"@id\":\"https:\\\/\\\/cvinoticias.com\\\/v3\\\/la-canasta-basica-aumento-122-en-septiembre-y-una-familia-necesito-319-422-para-no-ser-pobre\\\/#primaryimage\",\"url\":\"https:\\\/\\\/cvinoticias.com\\\/wp-content\\\/uploads\\\/2023\\\/10\\\/Screenshot_20231018_223834_Facebook.jpg\",\"contentUrl\":\"https:\\\/\\\/cvinoticias.com\\\/wp-content\\\/uploads\\\/2023\\\/10\\\/Screenshot_20231018_223834_Facebook.jpg\",\"width\":1078,\"height\":586},{\"@type\":\"BreadcrumbList\",\"@id\":\"https:\\\/\\\/cvinoticias.com\\\/v3\\\/la-canasta-basica-aumento-122-en-septiembre-y-una-familia-necesito-319-422-para-no-ser-pobre\\\/#breadcrumb\",\"itemListElement\":[{\"@type\":\"ListItem\",\"position\":1,\"name\":\"Portada\",\"item\":\"https:\\\/\\\/cvinoticias.com\\\/v3\\\/\"},{\"@type\":\"ListItem\",\"position\":2,\"name\":\"La canasta b\u00e1sica aument\u00f3 12,2% en septiembre y una familia necesit\u00f3 $319.422 para no ser pobre\"}]},{\"@type\":\"WebSite\",\"@id\":\"https:\\\/\\\/cvinoticias.com\\\/v3\\\/#website\",\"url\":\"https:\\\/\\\/cvinoticias.com\\\/v3\\\/\",\"name\":\"CVI NOTICIAS\",\"description\":\"\",\"publisher\":{\"@id\":\"https:\\\/\\\/cvinoticias.com\\\/v3\\\/#organization\"},\"alternateName\":\"CVI\",\"potentialAction\":[{\"@type\":\"SearchAction\",\"target\":{\"@type\":\"EntryPoint\",\"urlTemplate\":\"https:\\\/\\\/cvinoticias.com\\\/v3\\\/?s={search_term_string}\"},\"query-input\":{\"@type\":\"PropertyValueSpecification\",\"valueRequired\":true,\"valueName\":\"search_term_string\"}}],\"inLanguage\":\"es\"},{\"@type\":\"Organization\",\"@id\":\"https:\\\/\\\/cvinoticias.com\\\/v3\\\/#organization\",\"name\":\"CVI NOTICIAS\",\"url\":\"https:\\\/\\\/cvinoticias.com\\\/v3\\\/\",\"logo\":{\"@type\":\"ImageObject\",\"inLanguage\":\"es\",\"@id\":\"https:\\\/\\\/cvinoticias.com\\\/v3\\\/#\\\/schema\\\/logo\\\/image\\\/\",\"url\":\"https:\\\/\\\/cvinoticias.com\\\/wp-content\\\/uploads\\\/2023\\\/04\\\/cropped-cropped-cropped-cropped-cropped-3-1.png\",\"contentUrl\":\"https:\\\/\\\/cvinoticias.com\\\/wp-content\\\/uploads\\\/2023\\\/04\\\/cropped-cropped-cropped-cropped-cropped-3-1.png\",\"width\":95,\"height\":122,\"caption\":\"CVI NOTICIAS\"},\"image\":{\"@id\":\"https:\\\/\\\/cvinoticias.com\\\/v3\\\/#\\\/schema\\\/logo\\\/image\\\/\"},\"sameAs\":[\"https:\\\/\\\/www.facebook.com\\\/cvinoticias\",\"https:\\\/\\\/www.instagram.com\\\/cvinoticias\\\/\",\"https:\\\/\\\/www.youtube.com\\\/@CVINOTICIAS\"]},{\"@type\":\"Person\",\"@id\":\"https:\\\/\\\/cvinoticias.com\\\/v3\\\/#\\\/schema\\\/person\\\/2db77e3c6bc03c538495d7b2b8be9b66\",\"name\":\"f1000024\",\"image\":{\"@type\":\"ImageObject\",\"inLanguage\":\"es\",\"@id\":\"https:\\\/\\\/secure.gravatar.com\\\/avatar\\\/d4fe7459cfc51ff5129ce1a732bbef5928568b8092d412ef95611616376bbeed?s=96&d=mm&r=g\",\"url\":\"https:\\\/\\\/secure.gravatar.com\\\/avatar\\\/d4fe7459cfc51ff5129ce1a732bbef5928568b8092d412ef95611616376bbeed?s=96&d=mm&r=g\",\"contentUrl\":\"https:\\\/\\\/secure.gravatar.com\\\/avatar\\\/d4fe7459cfc51ff5129ce1a732bbef5928568b8092d412ef95611616376bbeed?s=96&d=mm&r=g\",\"caption\":\"f1000024\"},\"url\":\"https:\\\/\\\/cvinoticias.com\\\/v3\\\/author\\\/f1000024\\\/\"}]}<\/script>\n<!-- \/ Yoast SEO plugin. -->","yoast_head_json":{"title":"La canasta b\u00e1sica aument\u00f3 12,2% en septiembre y una familia necesit\u00f3 $319.422 para no ser pobre | CVI NOTICIAS","robots":{"index":"index","follow":"follow","max-snippet":"max-snippet:-1","max-image-preview":"max-image-preview:large","max-video-preview":"max-video-preview:-1"},"canonical":"https:\/\/cvinoticias.com\/v3\/la-canasta-basica-aumento-122-en-septiembre-y-una-familia-necesito-319-422-para-no-ser-pobre\/","og_locale":"es_ES","og_type":"article","og_title":"La canasta b\u00e1sica aument\u00f3 12,2% en septiembre y una familia necesit\u00f3 $319.422 para no ser pobre | CVI NOTICIAS","og_description":"El informe estableci\u00f3 que un grupo familiar integrado por dos adultos y dos chicos requiri\u00f3 $$147.881 para no quedar bajo el umbral de la indigencia, que subi\u00f3 13,2%. En el noveno mes del a\u00f1o, la canasta b\u00e1sica total (CBT) -que establece el umbral de la pobreza-, aument\u00f3 12,2%, cuando la inflaci\u00f3n de septiembre alcanz\u00f3 el [&hellip;]","og_url":"https:\/\/cvinoticias.com\/v3\/la-canasta-basica-aumento-122-en-septiembre-y-una-familia-necesito-319-422-para-no-ser-pobre\/","og_site_name":"CVI NOTICIAS","article_publisher":"https:\/\/www.facebook.com\/cvinoticias","article_published_time":"2023-10-19T01:38:52+00:00","og_image":[{"width":1078,"height":586,"url":"https:\/\/cvinoticias.com\/wp-content\/uploads\/2023\/10\/Screenshot_20231018_223834_Facebook.jpg","type":"image\/jpeg"}],"author":"f1000024","twitter_card":"summary_large_image","twitter_misc":{"Escrito por":"f1000024","Tiempo de lectura":"2 minutos"},"schema":{"@context":"https:\/\/schema.org","@graph":[{"@type":"Article","@id":"https:\/\/cvinoticias.com\/v3\/la-canasta-basica-aumento-122-en-septiembre-y-una-familia-necesito-319-422-para-no-ser-pobre\/#article","isPartOf":{"@id":"https:\/\/cvinoticias.com\/v3\/la-canasta-basica-aumento-122-en-septiembre-y-una-familia-necesito-319-422-para-no-ser-pobre\/"},"author":{"name":"f1000024","@id":"https:\/\/cvinoticias.com\/v3\/#\/schema\/person\/2db77e3c6bc03c538495d7b2b8be9b66"},"headline":"La canasta b\u00e1sica aument\u00f3 12,2% en septiembre y una familia necesit\u00f3 $319.422 para no ser pobre","datePublished":"2023-10-19T01:38:52+00:00","mainEntityOfPage":{"@id":"https:\/\/cvinoticias.com\/v3\/la-canasta-basica-aumento-122-en-septiembre-y-una-familia-necesito-319-422-para-no-ser-pobre\/"},"wordCount":368,"commentCount":0,"publisher":{"@id":"https:\/\/cvinoticias.com\/v3\/#organization"},"image":{"@id":"https:\/\/cvinoticias.com\/v3\/la-canasta-basica-aumento-122-en-septiembre-y-una-familia-necesito-319-422-para-no-ser-pobre\/#primaryimage"},"thumbnailUrl":"https:\/\/cvinoticias.com\/wp-content\/uploads\/2023\/10\/Screenshot_20231018_223834_Facebook.jpg","articleSection":["Econom\u00eda"],"inLanguage":"es","potentialAction":[{"@type":"CommentAction","name":"Comment","target":["https:\/\/cvinoticias.com\/v3\/la-canasta-basica-aumento-122-en-septiembre-y-una-familia-necesito-319-422-para-no-ser-pobre\/#respond"]}]},{"@type":"WebPage","@id":"https:\/\/cvinoticias.com\/v3\/la-canasta-basica-aumento-122-en-septiembre-y-una-familia-necesito-319-422-para-no-ser-pobre\/","url":"https:\/\/cvinoticias.com\/v3\/la-canasta-basica-aumento-122-en-septiembre-y-una-familia-necesito-319-422-para-no-ser-pobre\/","name":"La canasta b\u00e1sica aument\u00f3 12,2% en septiembre y una familia necesit\u00f3 $319.422 para no ser pobre | CVI NOTICIAS","isPartOf":{"@id":"https:\/\/cvinoticias.com\/v3\/#website"},"primaryImageOfPage":{"@id":"https:\/\/cvinoticias.com\/v3\/la-canasta-basica-aumento-122-en-septiembre-y-una-familia-necesito-319-422-para-no-ser-pobre\/#primaryimage"},"image":{"@id":"https:\/\/cvinoticias.com\/v3\/la-canasta-basica-aumento-122-en-septiembre-y-una-familia-necesito-319-422-para-no-ser-pobre\/#primaryimage"},"thumbnailUrl":"https:\/\/cvinoticias.com\/wp-content\/uploads\/2023\/10\/Screenshot_20231018_223834_Facebook.jpg","datePublished":"2023-10-19T01:38:52+00:00","breadcrumb":{"@id":"https:\/\/cvinoticias.com\/v3\/la-canasta-basica-aumento-122-en-septiembre-y-una-familia-necesito-319-422-para-no-ser-pobre\/#breadcrumb"},"inLanguage":"es","potentialAction":[{"@type":"ReadAction","target":["https:\/\/cvinoticias.com\/v3\/la-canasta-basica-aumento-122-en-septiembre-y-una-familia-necesito-319-422-para-no-ser-pobre\/"]}]},{"@type":"ImageObject","inLanguage":"es","@id":"https:\/\/cvinoticias.com\/v3\/la-canasta-basica-aumento-122-en-septiembre-y-una-familia-necesito-319-422-para-no-ser-pobre\/#primaryimage","url":"https:\/\/cvinoticias.com\/wp-content\/uploads\/2023\/10\/Screenshot_20231018_223834_Facebook.jpg","contentUrl":"https:\/\/cvinoticias.com\/wp-content\/uploads\/2023\/10\/Screenshot_20231018_223834_Facebook.jpg","width":1078,"height":586},{"@type":"BreadcrumbList","@id":"https:\/\/cvinoticias.com\/v3\/la-canasta-basica-aumento-122-en-septiembre-y-una-familia-necesito-319-422-para-no-ser-pobre\/#breadcrumb","itemListElement":[{"@type":"ListItem","position":1,"name":"Portada","item":"https:\/\/cvinoticias.com\/v3\/"},{"@type":"ListItem","position":2,"name":"La canasta b\u00e1sica aument\u00f3 12,2% en septiembre y una familia necesit\u00f3 $319.422 para no ser pobre"}]},{"@type":"WebSite","@id":"https:\/\/cvinoticias.com\/v3\/#website","url":"https:\/\/cvinoticias.com\/v3\/","name":"CVI NOTICIAS","description":"","publisher":{"@id":"https:\/\/cvinoticias.com\/v3\/#organization"},"alternateName":"CVI","potentialAction":[{"@type":"SearchAction","target":{"@type":"EntryPoint","urlTemplate":"https:\/\/cvinoticias.com\/v3\/?s={search_term_string}"},"query-input":{"@type":"PropertyValueSpecification","valueRequired":true,"valueName":"search_term_string"}}],"inLanguage":"es"},{"@type":"Organization","@id":"https:\/\/cvinoticias.com\/v3\/#organization","name":"CVI NOTICIAS","url":"https:\/\/cvinoticias.com\/v3\/","logo":{"@type":"ImageObject","inLanguage":"es","@id":"https:\/\/cvinoticias.com\/v3\/#\/schema\/logo\/image\/","url":"https:\/\/cvinoticias.com\/wp-content\/uploads\/2023\/04\/cropped-cropped-cropped-cropped-cropped-3-1.png","contentUrl":"https:\/\/cvinoticias.com\/wp-content\/uploads\/2023\/04\/cropped-cropped-cropped-cropped-cropped-3-1.png","width":95,"height":122,"caption":"CVI NOTICIAS"},"image":{"@id":"https:\/\/cvinoticias.com\/v3\/#\/schema\/logo\/image\/"},"sameAs":["https:\/\/www.facebook.com\/cvinoticias","https:\/\/www.instagram.com\/cvinoticias\/","https:\/\/www.youtube.com\/@CVINOTICIAS"]},{"@type":"Person","@id":"https:\/\/cvinoticias.com\/v3\/#\/schema\/person\/2db77e3c6bc03c538495d7b2b8be9b66","name":"f1000024","image":{"@type":"ImageObject","inLanguage":"es","@id":"https:\/\/secure.gravatar.com\/avatar\/d4fe7459cfc51ff5129ce1a732bbef5928568b8092d412ef95611616376bbeed?s=96&d=mm&r=g","url":"https:\/\/secure.gravatar.com\/avatar\/d4fe7459cfc51ff5129ce1a732bbef5928568b8092d412ef95611616376bbeed?s=96&d=mm&r=g","contentUrl":"https:\/\/secure.gravatar.com\/avatar\/d4fe7459cfc51ff5129ce1a732bbef5928568b8092d412ef95611616376bbeed?s=96&d=mm&r=g","caption":"f1000024"},"url":"https:\/\/cvinoticias.com\/v3\/author\/f1000024\/"}]}},"_links":{"self":[{"href":"https:\/\/cvinoticias.com\/v3\/wp-json\/wp\/v2\/posts\/29012","targetHints":{"allow":["GET"]}}],"collection":[{"href":"https:\/\/cvinoticias.com\/v3\/wp-json\/wp\/v2\/posts"}],"about":[{"href":"https:\/\/cvinoticias.com\/v3\/wp-json\/wp\/v2\/types\/post"}],"author":[{"embeddable":true,"href":"https:\/\/cvinoticias.com\/v3\/wp-json\/wp\/v2\/users\/2"}],"replies":[{"embeddable":true,"href":"https:\/\/cvinoticias.com\/v3\/wp-json\/wp\/v2\/comments?post=29012"}],"version-history":[{"count":1,"href":"https:\/\/cvinoticias.com\/v3\/wp-json\/wp\/v2\/posts\/29012\/revisions"}],"predecessor-version":[{"id":29014,"href":"https:\/\/cvinoticias.com\/v3\/wp-json\/wp\/v2\/posts\/29012\/revisions\/29014"}],"wp:featuredmedia":[{"embeddable":true,"href":"https:\/\/cvinoticias.com\/v3\/wp-json\/wp\/v2\/media\/29013"}],"wp:attachment":[{"href":"https:\/\/cvinoticias.com\/v3\/wp-json\/wp\/v2\/media?parent=29012"}],"wp:term":[{"taxonomy":"category","embeddable":true,"href":"https:\/\/cvinoticias.com\/v3\/wp-json\/wp\/v2\/categories?post=29012"},{"taxonomy":"post_tag","embeddable":true,"href":"https:\/\/cvinoticias.com\/v3\/wp-json\/wp\/v2\/tags?post=29012"}],"curies":[{"name":"wp","href":"https:\/\/api.w.org\/{rel}","templated":true}]}}