{"id":29000,"date":"2023-10-18T04:50:14","date_gmt":"2023-10-18T04:50:14","guid":{"rendered":"https:\/\/cvinoticias.com\/v3\/?p=29000"},"modified":"2023-10-18T04:50:14","modified_gmt":"2023-10-18T04:50:14","slug":"massa-cueste-lo-que-cueste-el-domingo-se-va-a-hacer-realidad-la-victoria-de-union-por-la-patria","status":"publish","type":"post","link":"https:\/\/cvinoticias.com\/v3\/massa-cueste-lo-que-cueste-el-domingo-se-va-a-hacer-realidad-la-victoria-de-union-por-la-patria\/","title":{"rendered":"Massa: \u00abCueste lo que cueste, el domingo se va a hacer realidad la victoria de Uni\u00f3n por la Patria\u00bb"},"content":{"rendered":"\n<p><strong><em>El candidato presidencial de Uni\u00f3n por la Patria fue el encargado del \u00faltimo discurso en el acto de cierre de la campa\u00f1a bonaerense del oficialismo en el estadio de Arsenal de Sarand\u00ed, en Avellaneda.<\/em><\/strong><\/p>\n\n\n\n<p>En el acto de cierre de campa\u00f1a del oficialismo bonaerense, el candidato presidencial de Uni\u00f3n por la Patria, Sergio Massa, pronostic\u00f3 hoy una victoria el pr\u00f3ximo domingo electoral \u00abcueste lo que cueste\u00bb y al respecto afirm\u00f3 que \u00abse est\u00e1 dando vuelta la historia\u00bb luego del triunfo en las PASO de Javier Milei.<\/p>\n\n\n\n<p>\u00abEl domingo cueste lo que cueste tenemos que ganar. El domingo vamos a ganar y a empezar a dar vuelta la historia\u00bb, fueron las palabras finales de su discurso, que no casualmente repitieron los conceptos del comienzo de su mensaje en el estadio Arsenal de Sarand\u00ed.<\/p>\n\n\n\n<p>All\u00ed, en el partido de Avellaneda donde el intendente Jorge Ferraresi ofici\u00f3 de anfitri\u00f3n, se congregaron miles de militantes peronistas que se dieron cita para \u00abrecargar pilas\u00bb para el domingo, seg\u00fan hab\u00eda expresado minutos antes el gobernador bonaerense, Axel Kicillof, otro de los grandes protagonistas del acto.<\/p>\n\n\n\n<p>En primera fila, observaron el desarrollo del mit\u00edn y acompa\u00f1aron con aplausos a los oradores el ministro de Interior, Eduardo \u00abWado\u00bb De Pedro, el presidente del PJ bonaerense, M\u00e1ximo Kirchner, el canciller Santiago Cafiero, la candidata a diputada nacional Victoria Tolosa Paz, la presidenta de la C\u00e1mara de Diputados, Cecilia Moreau y el gobernador de Tucum\u00e1n, Juan Manzur.<\/p>\n\n\n\n<p>Tal como se hab\u00eda anticipado, no estuvo la vicepresidenta Cristina Kirchner, ni tampoco el presidente Alberto Fern\u00e1ndez que se encuentra de gira oficial en China.<\/p>\n\n\n\n<p>La liturgia peronista ti\u00f1\u00f3 el acto desde el principio hasta el final, cuando los discursos dieron paso a la entonaci\u00f3n de la tradicional marcha de Hugo del Carril. La militancia presente en la cancha de f\u00fatbol se uni\u00f3 en un canto que conect\u00f3 con las fuentes de la historia y la identidad peronista.<\/p>\n\n\n\n<p>El mensaje de Massa consisti\u00f3 en una ratificaci\u00f3n permanente de sus compromisos con los trabajadores y con las banderas de soberan\u00eda pol\u00edtica e independencia econ\u00f3mica.<\/p>\n\n\n\n<p>A cambio, le pidi\u00f3 a la militancia que redoble el esfuerzo en esta recta final hacia el domingo para conseguir el voto de los indecisos. \u00abQuedan cuatro d\u00edas. En este d\u00eda de la lealtad quiero comprometerme con ustedes. Voy a dejar hasta mi \u00faltima gota de sudor. Voy a dejar la piel para construir el triunfo de Uni\u00f3n por la Patria el pr\u00f3ximo domingo. Necesito de la ayuda de cada uno de ustedes\u00bb, solicit\u00f3.<\/p>\n\n\n\n<p>\u00abEse deseo de que el domingo cueste lo que cueste se va a hacer realidad porque estamos dando vuelta la historia. Estamos construyendo desde la provincia de Buenos Aires, desde el Norte argentino, desde la Patagonia, la victoria de Uni\u00f3n por la Patria del pr\u00f3ximo domingo\u00bb, subray\u00f3 el ministro de Econom\u00eda.<\/p>\n\n\n\n<p>En sinton\u00eda con el D\u00eda de la Lealtad, Massa reafirm\u00f3 que \u00abnuestro primer acuerdo sobre la lealtad de nuestro gobierno desde el 10 de diciembre es lealtad con el trabajo\u00bb.<\/p>\n\n\n\n<p>\u00abCreemos en una sola clase de hombres y de mujeres: los y las que trabajan, y queremos que Argentina siga generando trabajo, que permita mejores salarios y jubilaciones, que permita incorporar a los trabajadores de la econom\u00eda popular\u00bb, resalt\u00f3 el candidato de Uni\u00f3n por la Patria, quien puso el acento en la idea de reconstruir \u00abla movilidad social ascendente\u00bb.<\/p>\n\n\n\n<p>El candidato de Uni\u00f3n por la Patria tambi\u00e9n aprovech\u00f3 para hacer una afirmaci\u00f3n de autoridad, ratificando que a partir del 10 de diciembre, si le tocara gobernar, no va a coparticipar el tim\u00f3n de la gesti\u00f3n y el rumbo del pa\u00eds va a estar sobre sus hombros.<\/p>\n\n\n\n<p>Seg\u00fan asegur\u00f3, \u00abel 10 de diciembre empieza un nuevo gobierno, con un presidente que tiene el coraje para hacer los cambios que hacen falta, que tiene la determinaci\u00f3n de encarar la reconstrucci\u00f3n de la Argentina\u00bb.<\/p>\n\n\n\n<p>En un intento por contagiar optimismo, Massa sostuvo que pese a las dificultades de la coyuntura \u00ablo peor est\u00e1 pasando\u00bb y \u00ablo que viene es mucho mejor\u00bb.<\/p>\n\n\n\n<p>En otro pasaje de su discurso, se encarg\u00f3 de marcar diferencias con sus adversarios electorales en torno al tema de la educaci\u00f3n.<\/p>\n\n\n\n<p>Al respecto, asegur\u00f3 que su gesti\u00f3n apuntar\u00e1 a llevar la inversi\u00f3n en educaci\u00f3n a 8 puntos del PBI, con la determinaci\u00f3n, entre otros puntos, de \u00abcrear m\u00e1s universidades\u00bb, un aspecto con el que tanto Juntos por el Cambio y La Libertad de Avanza discrepan.<\/p>\n\n\n\n<p>\u00abVenimos a decirles a aquellos que creen que se puede arancelar la escuela, que se puede mandar a una familia a mendigar un voucher, que se puede cobrar la Universidad, que Argentina es s\u00edmbolo de educaci\u00f3n p\u00fablica, gratuita, de calidad e inclusiva\u00bb.<\/p>\n\n\n\n<p>Tambi\u00e9n dedic\u00f3 \u00abun p\u00e1rrafo aparte para las personas con discapacidad\u00bb, y al respecto afirm\u00f3 que \u00abse acab\u00f3 el muro que les impide entrar al mundo del trabajo\u00bb.<\/p>\n\n\n\n<p>\u00abNo ser\u00e1 m\u00e1s incompatible cobrar la pensi\u00f3n con poder trabajar\u00bb, anunci\u00f3 Massa.<\/p>\n\n\n\n<p>En cuanto al pilar de la independencia econ\u00f3mica, asegur\u00f3 que su gesti\u00f3n discutir\u00e1 con el FMI \u00abun programa que tenga que ver con el crecimiento y el desarrollo de la Argentina, y no con la inflaci\u00f3n y la acumulaci\u00f3n de reservas para que ellos cobren su deuda\u00bb.<\/p>\n\n\n\n<p>\u00abNuestra deuda m\u00e1s importante es la deuda del desarrollo y la tenemos que pagar sobre la base de una discusi\u00f3n honesta y firme\u00bb, remarc\u00f3.<\/p>\n\n\n\n<p>En cuanto a la soberan\u00eda pol\u00edtica, hizo eje en el hist\u00f3rico reclamo sobre las Islas Malvinas. \u00abTuvimos que escuchar como a lo largo de esta campa\u00f1a dos candidatos lastimaban el coraz\u00f3n de las familias de aquellos que perdieron su vida en Malvinas\u00bb.<\/p>\n\n\n\n<p>\u00abLas Malvinas fueron, son y ser\u00e1n argentinas. No regalamos la sangre\u00bb de los ca\u00eddos en combate, se diferenci\u00f3 Massa.<\/p>\n\n\n\n<p>Asimismo, plasm\u00f3 en su discurso un compromiso en la lucha contra la inseguridad, con foco en la provincia de Buenos Aires.<\/p>\n\n\n\n<p>\u00abAxel, quiero que cuentes conmigo, vos y tu equipo, desde el 10 de diciembre la lucha contra inseguridad va a ser una pelea personal, contra la inseguridad, contra el narcotr\u00e1fico, contra la trata de personas, contra el delito, contra aquella Justicia que se hace la desentendida y libera delincuentes que conviven con la v\u00edctimas\u00bb, se\u00f1al\u00f3.<\/p>\n\n\n\n<p>\u00abMe van a tener al lado trabajando codo a codo porque quiero que la defensa de la vida y de la paz sean valores que representen a Uni\u00f3n por la Patria\u00bb, agreg\u00f3, acaso marcando un matiz de diferencia respecto del kirchnerismo y el albertismo.<\/p>\n\n\n\n<p>Por \u00faltimo, Massa volvi\u00f3 a manifestar su convicci\u00f3n de conformar un \u00abgobierno de unidad\u00bb, aunque esta vez apelando a la famosa m\u00e1xima de Per\u00f3n de que \u00abpara un argentino nada mejor que otro argentino\u00bb.<\/p>\n\n\n\n<p>\u00abVamos a llamar a la construcci\u00f3n de un gobierno de unidad nacional que deje sentadas 10 pol\u00edticas de Estado\u00bb, culmin\u00f3.<\/p>\n","protected":false},"excerpt":{"rendered":"<p>El candidato presidencial de Uni\u00f3n por la Patria fue el encargado del \u00faltimo discurso en el acto de cierre de la campa\u00f1a bonaerense del oficialismo en el estadio de Arsenal de Sarand\u00ed, en Avellaneda. En el acto de cierre de campa\u00f1a del oficialismo bonaerense, el candidato presidencial de Uni\u00f3n por la Patria, Sergio Massa, pronostic\u00f3 [&hellip;]<\/p>\n","protected":false},"author":2,"featured_media":29001,"comment_status":"open","ping_status":"open","sticky":false,"template":"","format":"standard","meta":{"footnotes":""},"categories":[42],"tags":[],"class_list":["post-29000","post","type-post","status-publish","format-standard","has-post-thumbnail","hentry","category-politica"],"yoast_head":"<!-- This site is optimized with the Yoast SEO plugin v27.5 - https:\/\/yoast.com\/product\/yoast-seo-wordpress\/ -->\n<title>Massa: &quot;Cueste lo que cueste, el domingo se va a hacer realidad la victoria de Uni\u00f3n por la Patria&quot; | CVI NOTICIAS<\/title>\n<meta name=\"robots\" content=\"index, follow, max-snippet:-1, max-image-preview:large, max-video-preview:-1\" \/>\n<link rel=\"canonical\" href=\"https:\/\/cvinoticias.com\/v3\/massa-cueste-lo-que-cueste-el-domingo-se-va-a-hacer-realidad-la-victoria-de-union-por-la-patria\/\" \/>\n<meta property=\"og:locale\" content=\"es_ES\" \/>\n<meta property=\"og:type\" content=\"article\" \/>\n<meta property=\"og:title\" content=\"Massa: &quot;Cueste lo que cueste, el domingo se va a hacer realidad la victoria de Uni\u00f3n por la Patria&quot; | CVI NOTICIAS\" \/>\n<meta property=\"og:description\" content=\"El candidato presidencial de Uni\u00f3n por la Patria fue el encargado del \u00faltimo discurso en el acto de cierre de la campa\u00f1a bonaerense del oficialismo en el estadio de Arsenal de Sarand\u00ed, en Avellaneda. En el acto de cierre de campa\u00f1a del oficialismo bonaerense, el candidato presidencial de Uni\u00f3n por la Patria, Sergio Massa, pronostic\u00f3 [&hellip;]\" \/>\n<meta property=\"og:url\" content=\"https:\/\/cvinoticias.com\/v3\/massa-cueste-lo-que-cueste-el-domingo-se-va-a-hacer-realidad-la-victoria-de-union-por-la-patria\/\" \/>\n<meta property=\"og:site_name\" content=\"CVI NOTICIAS\" \/>\n<meta property=\"article:publisher\" content=\"https:\/\/www.facebook.com\/cvinoticias\" \/>\n<meta property=\"article:published_time\" content=\"2023-10-18T04:50:14+00:00\" \/>\n<meta property=\"og:image\" content=\"https:\/\/cvinoticias.com\/wp-content\/uploads\/2023\/10\/9ca50beadb7c3ac8dc3f3d9216ce2e39_M.jpg\" \/>\n\t<meta property=\"og:image:width\" content=\"768\" \/>\n\t<meta property=\"og:image:height\" content=\"431\" \/>\n\t<meta property=\"og:image:type\" content=\"image\/jpeg\" \/>\n<meta name=\"author\" content=\"f1000024\" \/>\n<meta name=\"twitter:card\" content=\"summary_large_image\" \/>\n<meta name=\"twitter:label1\" content=\"Escrito por\" \/>\n\t<meta name=\"twitter:data1\" content=\"f1000024\" \/>\n\t<meta name=\"twitter:label2\" content=\"Tiempo de lectura\" \/>\n\t<meta name=\"twitter:data2\" content=\"6 minutos\" \/>\n<script type=\"application\/ld+json\" class=\"yoast-schema-graph\">{\"@context\":\"https:\\\/\\\/schema.org\",\"@graph\":[{\"@type\":\"Article\",\"@id\":\"https:\\\/\\\/cvinoticias.com\\\/v3\\\/massa-cueste-lo-que-cueste-el-domingo-se-va-a-hacer-realidad-la-victoria-de-union-por-la-patria\\\/#article\",\"isPartOf\":{\"@id\":\"https:\\\/\\\/cvinoticias.com\\\/v3\\\/massa-cueste-lo-que-cueste-el-domingo-se-va-a-hacer-realidad-la-victoria-de-union-por-la-patria\\\/\"},\"author\":{\"name\":\"f1000024\",\"@id\":\"https:\\\/\\\/cvinoticias.com\\\/v3\\\/#\\\/schema\\\/person\\\/2db77e3c6bc03c538495d7b2b8be9b66\"},\"headline\":\"Massa: \u00abCueste lo que cueste, el domingo se va a hacer realidad la victoria de Uni\u00f3n por la Patria\u00bb\",\"datePublished\":\"2023-10-18T04:50:14+00:00\",\"mainEntityOfPage\":{\"@id\":\"https:\\\/\\\/cvinoticias.com\\\/v3\\\/massa-cueste-lo-que-cueste-el-domingo-se-va-a-hacer-realidad-la-victoria-de-union-por-la-patria\\\/\"},\"wordCount\":1206,\"commentCount\":0,\"publisher\":{\"@id\":\"https:\\\/\\\/cvinoticias.com\\\/v3\\\/#organization\"},\"image\":{\"@id\":\"https:\\\/\\\/cvinoticias.com\\\/v3\\\/massa-cueste-lo-que-cueste-el-domingo-se-va-a-hacer-realidad-la-victoria-de-union-por-la-patria\\\/#primaryimage\"},\"thumbnailUrl\":\"https:\\\/\\\/cvinoticias.com\\\/wp-content\\\/uploads\\\/2023\\\/10\\\/9ca50beadb7c3ac8dc3f3d9216ce2e39_M.jpg\",\"articleSection\":[\"Politica\"],\"inLanguage\":\"es\",\"potentialAction\":[{\"@type\":\"CommentAction\",\"name\":\"Comment\",\"target\":[\"https:\\\/\\\/cvinoticias.com\\\/v3\\\/massa-cueste-lo-que-cueste-el-domingo-se-va-a-hacer-realidad-la-victoria-de-union-por-la-patria\\\/#respond\"]}]},{\"@type\":\"WebPage\",\"@id\":\"https:\\\/\\\/cvinoticias.com\\\/v3\\\/massa-cueste-lo-que-cueste-el-domingo-se-va-a-hacer-realidad-la-victoria-de-union-por-la-patria\\\/\",\"url\":\"https:\\\/\\\/cvinoticias.com\\\/v3\\\/massa-cueste-lo-que-cueste-el-domingo-se-va-a-hacer-realidad-la-victoria-de-union-por-la-patria\\\/\",\"name\":\"Massa: \\\"Cueste lo que cueste, el domingo se va a hacer realidad la victoria de Uni\u00f3n por la Patria\\\" | CVI NOTICIAS\",\"isPartOf\":{\"@id\":\"https:\\\/\\\/cvinoticias.com\\\/v3\\\/#website\"},\"primaryImageOfPage\":{\"@id\":\"https:\\\/\\\/cvinoticias.com\\\/v3\\\/massa-cueste-lo-que-cueste-el-domingo-se-va-a-hacer-realidad-la-victoria-de-union-por-la-patria\\\/#primaryimage\"},\"image\":{\"@id\":\"https:\\\/\\\/cvinoticias.com\\\/v3\\\/massa-cueste-lo-que-cueste-el-domingo-se-va-a-hacer-realidad-la-victoria-de-union-por-la-patria\\\/#primaryimage\"},\"thumbnailUrl\":\"https:\\\/\\\/cvinoticias.com\\\/wp-content\\\/uploads\\\/2023\\\/10\\\/9ca50beadb7c3ac8dc3f3d9216ce2e39_M.jpg\",\"datePublished\":\"2023-10-18T04:50:14+00:00\",\"breadcrumb\":{\"@id\":\"https:\\\/\\\/cvinoticias.com\\\/v3\\\/massa-cueste-lo-que-cueste-el-domingo-se-va-a-hacer-realidad-la-victoria-de-union-por-la-patria\\\/#breadcrumb\"},\"inLanguage\":\"es\",\"potentialAction\":[{\"@type\":\"ReadAction\",\"target\":[\"https:\\\/\\\/cvinoticias.com\\\/v3\\\/massa-cueste-lo-que-cueste-el-domingo-se-va-a-hacer-realidad-la-victoria-de-union-por-la-patria\\\/\"]}]},{\"@type\":\"ImageObject\",\"inLanguage\":\"es\",\"@id\":\"https:\\\/\\\/cvinoticias.com\\\/v3\\\/massa-cueste-lo-que-cueste-el-domingo-se-va-a-hacer-realidad-la-victoria-de-union-por-la-patria\\\/#primaryimage\",\"url\":\"https:\\\/\\\/cvinoticias.com\\\/wp-content\\\/uploads\\\/2023\\\/10\\\/9ca50beadb7c3ac8dc3f3d9216ce2e39_M.jpg\",\"contentUrl\":\"https:\\\/\\\/cvinoticias.com\\\/wp-content\\\/uploads\\\/2023\\\/10\\\/9ca50beadb7c3ac8dc3f3d9216ce2e39_M.jpg\",\"width\":768,\"height\":431},{\"@type\":\"BreadcrumbList\",\"@id\":\"https:\\\/\\\/cvinoticias.com\\\/v3\\\/massa-cueste-lo-que-cueste-el-domingo-se-va-a-hacer-realidad-la-victoria-de-union-por-la-patria\\\/#breadcrumb\",\"itemListElement\":[{\"@type\":\"ListItem\",\"position\":1,\"name\":\"Portada\",\"item\":\"https:\\\/\\\/cvinoticias.com\\\/v3\\\/\"},{\"@type\":\"ListItem\",\"position\":2,\"name\":\"Massa: \u00abCueste lo que cueste, el domingo se va a hacer realidad la victoria de Uni\u00f3n por la Patria\u00bb\"}]},{\"@type\":\"WebSite\",\"@id\":\"https:\\\/\\\/cvinoticias.com\\\/v3\\\/#website\",\"url\":\"https:\\\/\\\/cvinoticias.com\\\/v3\\\/\",\"name\":\"CVI NOTICIAS\",\"description\":\"\",\"publisher\":{\"@id\":\"https:\\\/\\\/cvinoticias.com\\\/v3\\\/#organization\"},\"alternateName\":\"CVI\",\"potentialAction\":[{\"@type\":\"SearchAction\",\"target\":{\"@type\":\"EntryPoint\",\"urlTemplate\":\"https:\\\/\\\/cvinoticias.com\\\/v3\\\/?s={search_term_string}\"},\"query-input\":{\"@type\":\"PropertyValueSpecification\",\"valueRequired\":true,\"valueName\":\"search_term_string\"}}],\"inLanguage\":\"es\"},{\"@type\":\"Organization\",\"@id\":\"https:\\\/\\\/cvinoticias.com\\\/v3\\\/#organization\",\"name\":\"CVI NOTICIAS\",\"url\":\"https:\\\/\\\/cvinoticias.com\\\/v3\\\/\",\"logo\":{\"@type\":\"ImageObject\",\"inLanguage\":\"es\",\"@id\":\"https:\\\/\\\/cvinoticias.com\\\/v3\\\/#\\\/schema\\\/logo\\\/image\\\/\",\"url\":\"https:\\\/\\\/cvinoticias.com\\\/wp-content\\\/uploads\\\/2023\\\/04\\\/cropped-cropped-cropped-cropped-cropped-3-1.png\",\"contentUrl\":\"https:\\\/\\\/cvinoticias.com\\\/wp-content\\\/uploads\\\/2023\\\/04\\\/cropped-cropped-cropped-cropped-cropped-3-1.png\",\"width\":95,\"height\":122,\"caption\":\"CVI NOTICIAS\"},\"image\":{\"@id\":\"https:\\\/\\\/cvinoticias.com\\\/v3\\\/#\\\/schema\\\/logo\\\/image\\\/\"},\"sameAs\":[\"https:\\\/\\\/www.facebook.com\\\/cvinoticias\",\"https:\\\/\\\/www.instagram.com\\\/cvinoticias\\\/\",\"https:\\\/\\\/www.youtube.com\\\/@CVINOTICIAS\"]},{\"@type\":\"Person\",\"@id\":\"https:\\\/\\\/cvinoticias.com\\\/v3\\\/#\\\/schema\\\/person\\\/2db77e3c6bc03c538495d7b2b8be9b66\",\"name\":\"f1000024\",\"image\":{\"@type\":\"ImageObject\",\"inLanguage\":\"es\",\"@id\":\"https:\\\/\\\/secure.gravatar.com\\\/avatar\\\/d4fe7459cfc51ff5129ce1a732bbef5928568b8092d412ef95611616376bbeed?s=96&d=mm&r=g\",\"url\":\"https:\\\/\\\/secure.gravatar.com\\\/avatar\\\/d4fe7459cfc51ff5129ce1a732bbef5928568b8092d412ef95611616376bbeed?s=96&d=mm&r=g\",\"contentUrl\":\"https:\\\/\\\/secure.gravatar.com\\\/avatar\\\/d4fe7459cfc51ff5129ce1a732bbef5928568b8092d412ef95611616376bbeed?s=96&d=mm&r=g\",\"caption\":\"f1000024\"},\"url\":\"https:\\\/\\\/cvinoticias.com\\\/v3\\\/author\\\/f1000024\\\/\"}]}<\/script>\n<!-- \/ Yoast SEO plugin. -->","yoast_head_json":{"title":"Massa: \"Cueste lo que cueste, el domingo se va a hacer realidad la victoria de Uni\u00f3n por la Patria\" | CVI NOTICIAS","robots":{"index":"index","follow":"follow","max-snippet":"max-snippet:-1","max-image-preview":"max-image-preview:large","max-video-preview":"max-video-preview:-1"},"canonical":"https:\/\/cvinoticias.com\/v3\/massa-cueste-lo-que-cueste-el-domingo-se-va-a-hacer-realidad-la-victoria-de-union-por-la-patria\/","og_locale":"es_ES","og_type":"article","og_title":"Massa: \"Cueste lo que cueste, el domingo se va a hacer realidad la victoria de Uni\u00f3n por la Patria\" | CVI NOTICIAS","og_description":"El candidato presidencial de Uni\u00f3n por la Patria fue el encargado del \u00faltimo discurso en el acto de cierre de la campa\u00f1a bonaerense del oficialismo en el estadio de Arsenal de Sarand\u00ed, en Avellaneda. En el acto de cierre de campa\u00f1a del oficialismo bonaerense, el candidato presidencial de Uni\u00f3n por la Patria, Sergio Massa, pronostic\u00f3 [&hellip;]","og_url":"https:\/\/cvinoticias.com\/v3\/massa-cueste-lo-que-cueste-el-domingo-se-va-a-hacer-realidad-la-victoria-de-union-por-la-patria\/","og_site_name":"CVI NOTICIAS","article_publisher":"https:\/\/www.facebook.com\/cvinoticias","article_published_time":"2023-10-18T04:50:14+00:00","og_image":[{"width":768,"height":431,"url":"https:\/\/cvinoticias.com\/wp-content\/uploads\/2023\/10\/9ca50beadb7c3ac8dc3f3d9216ce2e39_M.jpg","type":"image\/jpeg"}],"author":"f1000024","twitter_card":"summary_large_image","twitter_misc":{"Escrito por":"f1000024","Tiempo de lectura":"6 minutos"},"schema":{"@context":"https:\/\/schema.org","@graph":[{"@type":"Article","@id":"https:\/\/cvinoticias.com\/v3\/massa-cueste-lo-que-cueste-el-domingo-se-va-a-hacer-realidad-la-victoria-de-union-por-la-patria\/#article","isPartOf":{"@id":"https:\/\/cvinoticias.com\/v3\/massa-cueste-lo-que-cueste-el-domingo-se-va-a-hacer-realidad-la-victoria-de-union-por-la-patria\/"},"author":{"name":"f1000024","@id":"https:\/\/cvinoticias.com\/v3\/#\/schema\/person\/2db77e3c6bc03c538495d7b2b8be9b66"},"headline":"Massa: \u00abCueste lo que cueste, el domingo se va a hacer realidad la victoria de Uni\u00f3n por la Patria\u00bb","datePublished":"2023-10-18T04:50:14+00:00","mainEntityOfPage":{"@id":"https:\/\/cvinoticias.com\/v3\/massa-cueste-lo-que-cueste-el-domingo-se-va-a-hacer-realidad-la-victoria-de-union-por-la-patria\/"},"wordCount":1206,"commentCount":0,"publisher":{"@id":"https:\/\/cvinoticias.com\/v3\/#organization"},"image":{"@id":"https:\/\/cvinoticias.com\/v3\/massa-cueste-lo-que-cueste-el-domingo-se-va-a-hacer-realidad-la-victoria-de-union-por-la-patria\/#primaryimage"},"thumbnailUrl":"https:\/\/cvinoticias.com\/wp-content\/uploads\/2023\/10\/9ca50beadb7c3ac8dc3f3d9216ce2e39_M.jpg","articleSection":["Politica"],"inLanguage":"es","potentialAction":[{"@type":"CommentAction","name":"Comment","target":["https:\/\/cvinoticias.com\/v3\/massa-cueste-lo-que-cueste-el-domingo-se-va-a-hacer-realidad-la-victoria-de-union-por-la-patria\/#respond"]}]},{"@type":"WebPage","@id":"https:\/\/cvinoticias.com\/v3\/massa-cueste-lo-que-cueste-el-domingo-se-va-a-hacer-realidad-la-victoria-de-union-por-la-patria\/","url":"https:\/\/cvinoticias.com\/v3\/massa-cueste-lo-que-cueste-el-domingo-se-va-a-hacer-realidad-la-victoria-de-union-por-la-patria\/","name":"Massa: \"Cueste lo que cueste, el domingo se va a hacer realidad la victoria de Uni\u00f3n por la Patria\" | CVI NOTICIAS","isPartOf":{"@id":"https:\/\/cvinoticias.com\/v3\/#website"},"primaryImageOfPage":{"@id":"https:\/\/cvinoticias.com\/v3\/massa-cueste-lo-que-cueste-el-domingo-se-va-a-hacer-realidad-la-victoria-de-union-por-la-patria\/#primaryimage"},"image":{"@id":"https:\/\/cvinoticias.com\/v3\/massa-cueste-lo-que-cueste-el-domingo-se-va-a-hacer-realidad-la-victoria-de-union-por-la-patria\/#primaryimage"},"thumbnailUrl":"https:\/\/cvinoticias.com\/wp-content\/uploads\/2023\/10\/9ca50beadb7c3ac8dc3f3d9216ce2e39_M.jpg","datePublished":"2023-10-18T04:50:14+00:00","breadcrumb":{"@id":"https:\/\/cvinoticias.com\/v3\/massa-cueste-lo-que-cueste-el-domingo-se-va-a-hacer-realidad-la-victoria-de-union-por-la-patria\/#breadcrumb"},"inLanguage":"es","potentialAction":[{"@type":"ReadAction","target":["https:\/\/cvinoticias.com\/v3\/massa-cueste-lo-que-cueste-el-domingo-se-va-a-hacer-realidad-la-victoria-de-union-por-la-patria\/"]}]},{"@type":"ImageObject","inLanguage":"es","@id":"https:\/\/cvinoticias.com\/v3\/massa-cueste-lo-que-cueste-el-domingo-se-va-a-hacer-realidad-la-victoria-de-union-por-la-patria\/#primaryimage","url":"https:\/\/cvinoticias.com\/wp-content\/uploads\/2023\/10\/9ca50beadb7c3ac8dc3f3d9216ce2e39_M.jpg","contentUrl":"https:\/\/cvinoticias.com\/wp-content\/uploads\/2023\/10\/9ca50beadb7c3ac8dc3f3d9216ce2e39_M.jpg","width":768,"height":431},{"@type":"BreadcrumbList","@id":"https:\/\/cvinoticias.com\/v3\/massa-cueste-lo-que-cueste-el-domingo-se-va-a-hacer-realidad-la-victoria-de-union-por-la-patria\/#breadcrumb","itemListElement":[{"@type":"ListItem","position":1,"name":"Portada","item":"https:\/\/cvinoticias.com\/v3\/"},{"@type":"ListItem","position":2,"name":"Massa: \u00abCueste lo que cueste, el domingo se va a hacer realidad la victoria de Uni\u00f3n por la Patria\u00bb"}]},{"@type":"WebSite","@id":"https:\/\/cvinoticias.com\/v3\/#website","url":"https:\/\/cvinoticias.com\/v3\/","name":"CVI NOTICIAS","description":"","publisher":{"@id":"https:\/\/cvinoticias.com\/v3\/#organization"},"alternateName":"CVI","potentialAction":[{"@type":"SearchAction","target":{"@type":"EntryPoint","urlTemplate":"https:\/\/cvinoticias.com\/v3\/?s={search_term_string}"},"query-input":{"@type":"PropertyValueSpecification","valueRequired":true,"valueName":"search_term_string"}}],"inLanguage":"es"},{"@type":"Organization","@id":"https:\/\/cvinoticias.com\/v3\/#organization","name":"CVI NOTICIAS","url":"https:\/\/cvinoticias.com\/v3\/","logo":{"@type":"ImageObject","inLanguage":"es","@id":"https:\/\/cvinoticias.com\/v3\/#\/schema\/logo\/image\/","url":"https:\/\/cvinoticias.com\/wp-content\/uploads\/2023\/04\/cropped-cropped-cropped-cropped-cropped-3-1.png","contentUrl":"https:\/\/cvinoticias.com\/wp-content\/uploads\/2023\/04\/cropped-cropped-cropped-cropped-cropped-3-1.png","width":95,"height":122,"caption":"CVI NOTICIAS"},"image":{"@id":"https:\/\/cvinoticias.com\/v3\/#\/schema\/logo\/image\/"},"sameAs":["https:\/\/www.facebook.com\/cvinoticias","https:\/\/www.instagram.com\/cvinoticias\/","https:\/\/www.youtube.com\/@CVINOTICIAS"]},{"@type":"Person","@id":"https:\/\/cvinoticias.com\/v3\/#\/schema\/person\/2db77e3c6bc03c538495d7b2b8be9b66","name":"f1000024","image":{"@type":"ImageObject","inLanguage":"es","@id":"https:\/\/secure.gravatar.com\/avatar\/d4fe7459cfc51ff5129ce1a732bbef5928568b8092d412ef95611616376bbeed?s=96&d=mm&r=g","url":"https:\/\/secure.gravatar.com\/avatar\/d4fe7459cfc51ff5129ce1a732bbef5928568b8092d412ef95611616376bbeed?s=96&d=mm&r=g","contentUrl":"https:\/\/secure.gravatar.com\/avatar\/d4fe7459cfc51ff5129ce1a732bbef5928568b8092d412ef95611616376bbeed?s=96&d=mm&r=g","caption":"f1000024"},"url":"https:\/\/cvinoticias.com\/v3\/author\/f1000024\/"}]}},"_links":{"self":[{"href":"https:\/\/cvinoticias.com\/v3\/wp-json\/wp\/v2\/posts\/29000","targetHints":{"allow":["GET"]}}],"collection":[{"href":"https:\/\/cvinoticias.com\/v3\/wp-json\/wp\/v2\/posts"}],"about":[{"href":"https:\/\/cvinoticias.com\/v3\/wp-json\/wp\/v2\/types\/post"}],"author":[{"embeddable":true,"href":"https:\/\/cvinoticias.com\/v3\/wp-json\/wp\/v2\/users\/2"}],"replies":[{"embeddable":true,"href":"https:\/\/cvinoticias.com\/v3\/wp-json\/wp\/v2\/comments?post=29000"}],"version-history":[{"count":1,"href":"https:\/\/cvinoticias.com\/v3\/wp-json\/wp\/v2\/posts\/29000\/revisions"}],"predecessor-version":[{"id":29002,"href":"https:\/\/cvinoticias.com\/v3\/wp-json\/wp\/v2\/posts\/29000\/revisions\/29002"}],"wp:featuredmedia":[{"embeddable":true,"href":"https:\/\/cvinoticias.com\/v3\/wp-json\/wp\/v2\/media\/29001"}],"wp:attachment":[{"href":"https:\/\/cvinoticias.com\/v3\/wp-json\/wp\/v2\/media?parent=29000"}],"wp:term":[{"taxonomy":"category","embeddable":true,"href":"https:\/\/cvinoticias.com\/v3\/wp-json\/wp\/v2\/categories?post=29000"},{"taxonomy":"post_tag","embeddable":true,"href":"https:\/\/cvinoticias.com\/v3\/wp-json\/wp\/v2\/tags?post=29000"}],"curies":[{"name":"wp","href":"https:\/\/api.w.org\/{rel}","templated":true}]}}