{"id":28944,"date":"2023-10-16T22:00:13","date_gmt":"2023-10-16T22:00:13","guid":{"rendered":"https:\/\/cvinoticias.com\/v3\/?p=28944"},"modified":"2023-10-16T22:00:13","modified_gmt":"2023-10-16T22:00:13","slug":"finalizo-el-encuentro-de-mujeres-y-diversidades-con-una-frase-sin-derechas-ni-fascismos","status":"publish","type":"post","link":"https:\/\/cvinoticias.com\/v3\/finalizo-el-encuentro-de-mujeres-y-diversidades-con-una-frase-sin-derechas-ni-fascismos\/","title":{"rendered":"Finaliz\u00f3 el Encuentro de Mujeres y diversidades con una frase: \u00abSin derechas ni fascismos\u00bb"},"content":{"rendered":"\n<p class=\"wp-block-paragraph\"><strong><em>En el cierre del 36\u00b0 Encuentro Plurinacional de Mujeres, Lesbianas, Travestis, Trans, Bisexual y No Binaries se eligi\u00f3 como pr\u00f3xima sede a la provincia de Jujuy.<\/em><\/strong><\/p>\n\n\n\n<p class=\"wp-block-paragraph\">Miles personas se alzaron contra el avance de la ultraderecha en las conclusiones del 36\u00b0 Encuentro Plurinacional de Mujeres, Lesbianas, Travestis, Trans, Bisexual y No Binaries, quienes adem\u00e1s eligieron como pr\u00f3xima sede de este evento in\u00e9dito en el mundo a la provincia de Jujuy en apoyo a los reclamos del pueblo juje\u00f1o, mientras infancias subieron al escenario y pidieron \u201cque no haya armas en todo el mundo\u201d.<\/p>\n\n\n\n<p class=\"wp-block-paragraph\">\u201cQueremos un 2024 sin derechas, sin fascismos y en las calles siempre\u201d, dijeron arriba del escenario quienes propusieron como pr\u00f3xima sede a la provincia de Jujuy, un mensaje que se replic\u00f3 en gran parte de las conclusiones de los 112 talleres que se llevaron adelante a lo largo de dos d\u00edas en esta ciudad rionegrina.<\/p>\n\n\n\n<p class=\"wp-block-paragraph\">El acto de cierre cont\u00f3 con momentos cargados de emoci\u00f3n durante la lectura de las conclusiones de los talleres, como cuando infancias y adolescencias subieron al escenario a contar lo que hablaron en los espacios de debate en los que participaron.<\/p>\n\n\n\n<p class=\"wp-block-paragraph\">\u201cQue no usen armas en todo el mundo, excepto en apocalipsis zombis\u201d, dijeron las doce infancias que hablaron y participaron del taller \u201cNi\u00f1eces libres\u201d, mientras pidieron que \u201clos adultos no hagan ni digan cosas que no deben\u201d y que \u201chaya vacantes en las escuelas\u201d.<\/p>\n\n\n\n<p class=\"wp-block-paragraph\">Las adolescencias que pasaron al frente reclamaron por un \u201cMinisterio de Ni\u00f1os, Adolescentes y J\u00f3venes\u201d ya que, enfatizaron: \u201cEstamos en alerta roja\u201d.<\/p>\n\n\n\n<p class=\"wp-block-paragraph\">Tambi\u00e9n consideraron que la Educaci\u00f3n Sexual Integral (ESI) es \u201cde vital importancia desde temprana edad\u201d, exigieron de las personas adultas no hablen por ellas y consideraron \u201cfundamentales\u201d los centros de estudiantes de las escuelas para poder debatir pol\u00edtica.<\/p>\n\n\n\n<p class=\"wp-block-paragraph\">Desde diferentes talleres el grito se alz\u00f3 contra el avance de las derechas, en el marco de las elecciones presidenciales que se llevar\u00e1n a cabo el pr\u00f3ximo domingo en el pa\u00eds.<\/p>\n\n\n\n<p class=\"wp-block-paragraph\">\u201cNecesitamos parar el avance de la derecha y ultraderecha, encabezadas por Javier Milei y Patricia Bullrich, que tienen figuras totalmente contrarias a nuestro movimiento\u201d, sostuvieron desde el taller sobre partidos pol\u00edticos.<\/p>\n\n\n\n<p class=\"wp-block-paragraph\">\u201cNecesitamos parar el avance de la derecha y ultraderecha, encabezadas por Javier Milei y Patricia Bullrich, que tienen figuras totalmente contrarias a nuestro movimiento\u201d<\/p>\n\n\n\n<p class=\"wp-block-paragraph\">Participantes del taller sobre genocidio ind\u00edgena repudiaron los dichos de la candidata a vicepresidenta por La Libertad Avanza, Victoria Villarruel, por su celebraci\u00f3n al \u00abD\u00eda de la Hispanidad\u00bb, calificando \u00abde epopeya al genocidio ind\u00edgena\u00bb; mientras adolescencias se alzaron contra los \u00abvouchers educativos\u00bb y subrayaron: \u00abA 40 a\u00f1os de la democracia decimos son 30.400\u00bb, en relaci\u00f3n a las personas desaparecidas por la \u00faltima dictadura en el pa\u00eds.<\/p>\n\n\n\n<p class=\"wp-block-paragraph\">La provincia de Jujuy fue elegida a trav\u00e9s de un \u201caplaus\u00f3metro\u201d y la ovaci\u00f3n de miles de personas en el Vel\u00f3dromo municipal de Bariloche.<\/p>\n\n\n\n<p class=\"wp-block-paragraph\">\u201cJujuy es la tierra a la que ante tanta opresi\u00f3n respondemos con alegr\u00eda, organizaci\u00f3n y lucha\u201d, expresaron las impulsoras de la propuesta de nueva sede.<\/p>\n\n\n\n<p class=\"wp-block-paragraph\">Aurora Choque, integrante del Tercer Mal\u00f3n de la Paz, agradeci\u00f3 a la multitud que eligi\u00f3 a Jujuy para apoyar el reclamo que busca la nulidad de la reforma constitucional de la provincia \u201cque pretende quitarnos el agua, robarnos nuestros cerros y nuestros recursos naturales\u201d, asegur\u00f3.<\/p>\n\n\n\n<p class=\"wp-block-paragraph\">Este 36\u00b0 Encuentro tambi\u00e9n cont\u00f3 con una marcada presencia de mujeres mapuche, como la de la machi (autoridad espiritual mapuche) Betiana Colhuan, quien estuvo presa a partir del desalojo a la comunidad Lafen Winkul Mapu el 4 octubre del a\u00f1o pasado en Villa Mascardi, quienes pidieron por la liberaci\u00f3n de la actual presa mapuche Yessica Bonnefoi.<\/p>\n\n\n\n<p class=\"wp-block-paragraph\">Desde el taller de \u201cActivismo disca\u201d, que se cre\u00f3 espont\u00e1neamente, enfatizaron \u201cnada sobre nosotres sin nosotres\u201d, reclamaron que los Encuentros Plurinacionales sean organizados desde la accesibilidad y pidieron por un \u201cfeminismo anticapacitista\u201d (en relaci\u00f3n al &#8216;capacitismo&#8217;, donde s\u00f3lo se incluye a personas &#8216;capacitadas&#8217; y se discrimina a quienes conviven con discapacidades).<\/p>\n\n\n\n<p class=\"wp-block-paragraph\">El colectivo travesti trans resalt\u00f3 especialmente la necesidad de un \u201curgente tratamiento de reparaci\u00f3n para las adultas mayores travestis y trans\u201d para tener \u201cuna vejez digna\u201d en sus conclusiones, al tiempo que pidieron visibilizar los travesticidios y transfemicidios, reclamaron la implementaci\u00f3n de la Ley de Cupo Laboral Travesti Trans en todo el pa\u00eds, y subrayaron: \u201cMilei no es mi ley\u201d.<\/p>\n\n\n\n<p class=\"wp-block-paragraph\">\u00ab\u00a1Reforma judicial transfeminista ya!\u00bb, destacaron quienes participaron del taller que trat\u00f3 este tema, mientras recordaron el \u00abintento de femimagnicidio de la vicepresidenta Cristina Fern\u00e1ndez de Kirchner\u00bb.<\/p>\n\n\n\n<p class=\"wp-block-paragraph\">Las trabajadoras de casas particulares reclamaron, por otra parte, que se las reconozca como \u201ctrabajadoras de casas\u201d, no como \u201cempleadas dom\u00e9sticas o sirvientas\u201d porque as\u00ed se hace referencia a \u201cla servidumbre y la domesticaci\u00f3n\u201d. Adem\u00e1s plantearon \u201capoyar especialmente a las migrantes\u201d y exigieron \u201cla libre elecci\u00f3n de obra social como derecho b\u00e1sico\u201d.<\/p>\n\n\n\n<p class=\"wp-block-paragraph\">Natividad Obeso, una activista migrante refugiada en la Argentina resalt\u00f3 que \u201cla migraci\u00f3n es un derecho humano\u201d, y pidi\u00f3, en representaci\u00f3n del taller en el que particip\u00f3, la creaci\u00f3n de una \u201cComisi\u00f3n asesora de pol\u00edtica migratoria, una Defensor\u00eda de Migrantes\u201d y que \u201cse suprima el requisito de 30 a\u00f1os para acceder a una jubilaci\u00f3n porque cientos de trabajadoras de casas particulares no pueden llegar\u201d, entre otras propuestas.<\/p>\n\n\n\n<p class=\"wp-block-paragraph\">\u201cViva la escuela p\u00fablica, compa\u00f1eres\u201d, gritaron desde el escenario las voceras del taller sobre Educaci\u00f3n y \u00c1mbitos Educativos y recibieron un contundente \u201c\u00a1Viva!\u201d de miles de mujeres y diversidades.<\/p>\n\n\n\n<p class=\"wp-block-paragraph\">\u00ab\u00a1Nos vemos en Jujuy, compa\u00f1eras!\u00bb, expresaron al cierre del 36\u00b0 Encuentro Plurinacional, con una ovaci\u00f3n de parte del p\u00fablico.<\/p>\n\n\n\n<p class=\"wp-block-paragraph\">Los encuentros comenzaron en 1986, siendo una experiencia in\u00e9dita a nivel mundial.<\/p>\n\n\n\n<p class=\"wp-block-paragraph\">En estos 36 a\u00f1os, estos eventos han sigo el origen de legislaciones y pol\u00edticas p\u00fablicas igualitarias impulsadas por los activismos feministas.<\/p>\n\n\n\n<p class=\"wp-block-paragraph\">Este a\u00f1o, ante el avance de propuestas de derecha en el contexto electoral, el Encuentro tuvo debates y acuerdos relacionados con sostener pol\u00edticas igualitarias, proponer otras y activar en unidad para contrarrestar propuestas partidarias que puedan socavar derechos.<\/p>\n","protected":false},"excerpt":{"rendered":"<p>En el cierre del 36\u00b0 Encuentro Plurinacional de Mujeres, Lesbianas, Travestis, Trans, Bisexual y No Binaries se eligi\u00f3 como pr\u00f3xima sede a la provincia de Jujuy. Miles personas se alzaron contra el avance de la ultraderecha en las conclusiones del 36\u00b0 Encuentro Plurinacional de Mujeres, Lesbianas, Travestis, Trans, Bisexual y No Binaries, quienes adem\u00e1s eligieron [&hellip;]<\/p>\n","protected":false},"author":2,"featured_media":28945,"comment_status":"open","ping_status":"open","sticky":false,"template":"","format":"standard","meta":{"footnotes":""},"categories":[35],"tags":[],"class_list":["post-28944","post","type-post","status-publish","format-standard","has-post-thumbnail","hentry","category-informacion-general"],"yoast_head":"<!-- This site is optimized with the Yoast SEO plugin v28.4 - https:\/\/yoast.com\/product\/yoast-seo-wordpress\/ -->\n<title>Finaliz\u00f3 el Encuentro de Mujeres y diversidades con una frase: &quot;Sin derechas ni fascismos&quot; | CVI NOTICIAS<\/title>\n<meta name=\"robots\" content=\"index, follow, max-snippet:-1, max-image-preview:large, max-video-preview:-1\" \/>\n<link rel=\"canonical\" href=\"https:\/\/cvinoticias.com\/v3\/finalizo-el-encuentro-de-mujeres-y-diversidades-con-una-frase-sin-derechas-ni-fascismos\/\" \/>\n<meta property=\"og:locale\" content=\"es_ES\" \/>\n<meta property=\"og:type\" content=\"article\" \/>\n<meta property=\"og:title\" content=\"Finaliz\u00f3 el Encuentro de Mujeres y diversidades con una frase: &quot;Sin derechas ni fascismos&quot; | CVI NOTICIAS\" \/>\n<meta property=\"og:description\" content=\"En el cierre del 36\u00b0 Encuentro Plurinacional de Mujeres, Lesbianas, Travestis, Trans, Bisexual y No Binaries se eligi\u00f3 como pr\u00f3xima sede a la provincia de Jujuy. Miles personas se alzaron contra el avance de la ultraderecha en las conclusiones del 36\u00b0 Encuentro Plurinacional de Mujeres, Lesbianas, Travestis, Trans, Bisexual y No Binaries, quienes adem\u00e1s eligieron [&hellip;]\" \/>\n<meta property=\"og:url\" content=\"https:\/\/cvinoticias.com\/v3\/finalizo-el-encuentro-de-mujeres-y-diversidades-con-una-frase-sin-derechas-ni-fascismos\/\" \/>\n<meta property=\"og:site_name\" content=\"CVI NOTICIAS\" \/>\n<meta property=\"article:publisher\" content=\"https:\/\/www.facebook.com\/cvinoticias\" \/>\n<meta property=\"article:published_time\" content=\"2023-10-16T22:00:13+00:00\" \/>\n<meta property=\"og:image\" content=\"https:\/\/cvinoticias.com\/wp-content\/uploads\/2023\/10\/0000148399.jpg\" \/>\n\t<meta property=\"og:image:width\" content=\"1200\" \/>\n\t<meta property=\"og:image:height\" content=\"675\" \/>\n\t<meta property=\"og:image:type\" content=\"image\/jpeg\" \/>\n<meta name=\"author\" content=\"f1000024\" \/>\n<meta name=\"twitter:card\" content=\"summary_large_image\" \/>\n<meta name=\"twitter:label1\" content=\"Escrito por\" \/>\n\t<meta name=\"twitter:data1\" content=\"f1000024\" \/>\n\t<meta name=\"twitter:label2\" content=\"Tiempo de lectura\" \/>\n\t<meta name=\"twitter:data2\" content=\"5 minutos\" \/>\n<script type=\"application\/ld+json\" class=\"yoast-schema-graph\">{\"@context\":\"https:\\\/\\\/schema.org\",\"@graph\":[{\"@type\":\"Article\",\"@id\":\"https:\\\/\\\/cvinoticias.com\\\/v3\\\/finalizo-el-encuentro-de-mujeres-y-diversidades-con-una-frase-sin-derechas-ni-fascismos\\\/#article\",\"isPartOf\":{\"@id\":\"https:\\\/\\\/cvinoticias.com\\\/v3\\\/finalizo-el-encuentro-de-mujeres-y-diversidades-con-una-frase-sin-derechas-ni-fascismos\\\/\"},\"author\":{\"name\":\"f1000024\",\"@id\":\"https:\\\/\\\/cvinoticias.com\\\/v3\\\/#\\\/schema\\\/person\\\/2db77e3c6bc03c538495d7b2b8be9b66\"},\"headline\":\"Finaliz\u00f3 el Encuentro de Mujeres y diversidades con una frase: \u00abSin derechas ni fascismos\u00bb\",\"datePublished\":\"2023-10-16T22:00:13+00:00\",\"mainEntityOfPage\":{\"@id\":\"https:\\\/\\\/cvinoticias.com\\\/v3\\\/finalizo-el-encuentro-de-mujeres-y-diversidades-con-una-frase-sin-derechas-ni-fascismos\\\/\"},\"wordCount\":1040,\"commentCount\":0,\"publisher\":{\"@id\":\"https:\\\/\\\/cvinoticias.com\\\/v3\\\/#organization\"},\"image\":{\"@id\":\"https:\\\/\\\/cvinoticias.com\\\/v3\\\/finalizo-el-encuentro-de-mujeres-y-diversidades-con-una-frase-sin-derechas-ni-fascismos\\\/#primaryimage\"},\"thumbnailUrl\":\"https:\\\/\\\/cvinoticias.com\\\/wp-content\\\/uploads\\\/2023\\\/10\\\/0000148399.jpg\",\"articleSection\":[\"Informaci\u00f3n General\"],\"inLanguage\":\"es\",\"potentialAction\":[{\"@type\":\"CommentAction\",\"name\":\"Comment\",\"target\":[\"https:\\\/\\\/cvinoticias.com\\\/v3\\\/finalizo-el-encuentro-de-mujeres-y-diversidades-con-una-frase-sin-derechas-ni-fascismos\\\/#respond\"]}]},{\"@type\":\"WebPage\",\"@id\":\"https:\\\/\\\/cvinoticias.com\\\/v3\\\/finalizo-el-encuentro-de-mujeres-y-diversidades-con-una-frase-sin-derechas-ni-fascismos\\\/\",\"url\":\"https:\\\/\\\/cvinoticias.com\\\/v3\\\/finalizo-el-encuentro-de-mujeres-y-diversidades-con-una-frase-sin-derechas-ni-fascismos\\\/\",\"name\":\"Finaliz\u00f3 el Encuentro de Mujeres y diversidades con una frase: \\\"Sin derechas ni fascismos\\\" | CVI NOTICIAS\",\"isPartOf\":{\"@id\":\"https:\\\/\\\/cvinoticias.com\\\/v3\\\/#website\"},\"primaryImageOfPage\":{\"@id\":\"https:\\\/\\\/cvinoticias.com\\\/v3\\\/finalizo-el-encuentro-de-mujeres-y-diversidades-con-una-frase-sin-derechas-ni-fascismos\\\/#primaryimage\"},\"image\":{\"@id\":\"https:\\\/\\\/cvinoticias.com\\\/v3\\\/finalizo-el-encuentro-de-mujeres-y-diversidades-con-una-frase-sin-derechas-ni-fascismos\\\/#primaryimage\"},\"thumbnailUrl\":\"https:\\\/\\\/cvinoticias.com\\\/wp-content\\\/uploads\\\/2023\\\/10\\\/0000148399.jpg\",\"datePublished\":\"2023-10-16T22:00:13+00:00\",\"breadcrumb\":{\"@id\":\"https:\\\/\\\/cvinoticias.com\\\/v3\\\/finalizo-el-encuentro-de-mujeres-y-diversidades-con-una-frase-sin-derechas-ni-fascismos\\\/#breadcrumb\"},\"inLanguage\":\"es\",\"potentialAction\":[{\"@type\":\"ReadAction\",\"target\":[\"https:\\\/\\\/cvinoticias.com\\\/v3\\\/finalizo-el-encuentro-de-mujeres-y-diversidades-con-una-frase-sin-derechas-ni-fascismos\\\/\"]}]},{\"@type\":\"ImageObject\",\"inLanguage\":\"es\",\"@id\":\"https:\\\/\\\/cvinoticias.com\\\/v3\\\/finalizo-el-encuentro-de-mujeres-y-diversidades-con-una-frase-sin-derechas-ni-fascismos\\\/#primaryimage\",\"url\":\"https:\\\/\\\/cvinoticias.com\\\/wp-content\\\/uploads\\\/2023\\\/10\\\/0000148399.jpg\",\"contentUrl\":\"https:\\\/\\\/cvinoticias.com\\\/wp-content\\\/uploads\\\/2023\\\/10\\\/0000148399.jpg\",\"width\":1200,\"height\":675},{\"@type\":\"BreadcrumbList\",\"@id\":\"https:\\\/\\\/cvinoticias.com\\\/v3\\\/finalizo-el-encuentro-de-mujeres-y-diversidades-con-una-frase-sin-derechas-ni-fascismos\\\/#breadcrumb\",\"itemListElement\":[{\"@type\":\"ListItem\",\"position\":1,\"name\":\"Portada\",\"item\":\"https:\\\/\\\/cvinoticias.com\\\/v3\\\/\"},{\"@type\":\"ListItem\",\"position\":2,\"name\":\"Finaliz\u00f3 el Encuentro de Mujeres y diversidades con una frase: \u00abSin derechas ni fascismos\u00bb\"}]},{\"@type\":\"WebSite\",\"@id\":\"https:\\\/\\\/cvinoticias.com\\\/v3\\\/#website\",\"url\":\"https:\\\/\\\/cvinoticias.com\\\/v3\\\/\",\"name\":\"CVI NOTICIAS\",\"description\":\"\",\"publisher\":{\"@id\":\"https:\\\/\\\/cvinoticias.com\\\/v3\\\/#organization\"},\"alternateName\":\"CVI\",\"potentialAction\":[{\"@type\":\"SearchAction\",\"target\":{\"@type\":\"EntryPoint\",\"urlTemplate\":\"https:\\\/\\\/cvinoticias.com\\\/v3\\\/?s={search_term_string}\"},\"query-input\":{\"@type\":\"PropertyValueSpecification\",\"valueRequired\":true,\"valueName\":\"search_term_string\"}}],\"inLanguage\":\"es\"},{\"@type\":\"Organization\",\"@id\":\"https:\\\/\\\/cvinoticias.com\\\/v3\\\/#organization\",\"name\":\"CVI NOTICIAS\",\"url\":\"https:\\\/\\\/cvinoticias.com\\\/v3\\\/\",\"logo\":{\"@type\":\"ImageObject\",\"inLanguage\":\"es\",\"@id\":\"https:\\\/\\\/cvinoticias.com\\\/v3\\\/#\\\/schema\\\/logo\\\/image\\\/\",\"url\":\"https:\\\/\\\/cvinoticias.com\\\/wp-content\\\/uploads\\\/2023\\\/04\\\/cropped-cropped-cropped-cropped-cropped-3-1.png\",\"contentUrl\":\"https:\\\/\\\/cvinoticias.com\\\/wp-content\\\/uploads\\\/2023\\\/04\\\/cropped-cropped-cropped-cropped-cropped-3-1.png\",\"width\":95,\"height\":122,\"caption\":\"CVI NOTICIAS\"},\"image\":{\"@id\":\"https:\\\/\\\/cvinoticias.com\\\/v3\\\/#\\\/schema\\\/logo\\\/image\\\/\"},\"sameAs\":[\"https:\\\/\\\/www.facebook.com\\\/cvinoticias\",\"https:\\\/\\\/www.instagram.com\\\/cvinoticias\\\/\",\"https:\\\/\\\/www.youtube.com\\\/@CVINOTICIAS\"]},{\"@type\":\"Person\",\"@id\":\"https:\\\/\\\/cvinoticias.com\\\/v3\\\/#\\\/schema\\\/person\\\/2db77e3c6bc03c538495d7b2b8be9b66\",\"name\":\"f1000024\",\"image\":{\"@type\":\"ImageObject\",\"inLanguage\":\"es\",\"@id\":\"https:\\\/\\\/secure.gravatar.com\\\/avatar\\\/d4fe7459cfc51ff5129ce1a732bbef5928568b8092d412ef95611616376bbeed?s=96&d=mm&r=g\",\"url\":\"https:\\\/\\\/secure.gravatar.com\\\/avatar\\\/d4fe7459cfc51ff5129ce1a732bbef5928568b8092d412ef95611616376bbeed?s=96&d=mm&r=g\",\"contentUrl\":\"https:\\\/\\\/secure.gravatar.com\\\/avatar\\\/d4fe7459cfc51ff5129ce1a732bbef5928568b8092d412ef95611616376bbeed?s=96&d=mm&r=g\",\"caption\":\"f1000024\"},\"url\":\"https:\\\/\\\/cvinoticias.com\\\/v3\\\/author\\\/f1000024\\\/\"}]}<\/script>\n<!-- \/ Yoast SEO plugin. -->","yoast_head_json":{"title":"Finaliz\u00f3 el Encuentro de Mujeres y diversidades con una frase: \"Sin derechas ni fascismos\" | CVI NOTICIAS","robots":{"index":"index","follow":"follow","max-snippet":"max-snippet:-1","max-image-preview":"max-image-preview:large","max-video-preview":"max-video-preview:-1"},"canonical":"https:\/\/cvinoticias.com\/v3\/finalizo-el-encuentro-de-mujeres-y-diversidades-con-una-frase-sin-derechas-ni-fascismos\/","og_locale":"es_ES","og_type":"article","og_title":"Finaliz\u00f3 el Encuentro de Mujeres y diversidades con una frase: \"Sin derechas ni fascismos\" | CVI NOTICIAS","og_description":"En el cierre del 36\u00b0 Encuentro Plurinacional de Mujeres, Lesbianas, Travestis, Trans, Bisexual y No Binaries se eligi\u00f3 como pr\u00f3xima sede a la provincia de Jujuy. Miles personas se alzaron contra el avance de la ultraderecha en las conclusiones del 36\u00b0 Encuentro Plurinacional de Mujeres, Lesbianas, Travestis, Trans, Bisexual y No Binaries, quienes adem\u00e1s eligieron [&hellip;]","og_url":"https:\/\/cvinoticias.com\/v3\/finalizo-el-encuentro-de-mujeres-y-diversidades-con-una-frase-sin-derechas-ni-fascismos\/","og_site_name":"CVI NOTICIAS","article_publisher":"https:\/\/www.facebook.com\/cvinoticias","article_published_time":"2023-10-16T22:00:13+00:00","og_image":[{"width":1200,"height":675,"url":"https:\/\/cvinoticias.com\/wp-content\/uploads\/2023\/10\/0000148399.jpg","type":"image\/jpeg"}],"author":"f1000024","twitter_card":"summary_large_image","twitter_misc":{"Escrito por":"f1000024","Tiempo de lectura":"5 minutos"},"schema":{"@context":"https:\/\/schema.org","@graph":[{"@type":"Article","@id":"https:\/\/cvinoticias.com\/v3\/finalizo-el-encuentro-de-mujeres-y-diversidades-con-una-frase-sin-derechas-ni-fascismos\/#article","isPartOf":{"@id":"https:\/\/cvinoticias.com\/v3\/finalizo-el-encuentro-de-mujeres-y-diversidades-con-una-frase-sin-derechas-ni-fascismos\/"},"author":{"name":"f1000024","@id":"https:\/\/cvinoticias.com\/v3\/#\/schema\/person\/2db77e3c6bc03c538495d7b2b8be9b66"},"headline":"Finaliz\u00f3 el Encuentro de Mujeres y diversidades con una frase: \u00abSin derechas ni fascismos\u00bb","datePublished":"2023-10-16T22:00:13+00:00","mainEntityOfPage":{"@id":"https:\/\/cvinoticias.com\/v3\/finalizo-el-encuentro-de-mujeres-y-diversidades-con-una-frase-sin-derechas-ni-fascismos\/"},"wordCount":1040,"commentCount":0,"publisher":{"@id":"https:\/\/cvinoticias.com\/v3\/#organization"},"image":{"@id":"https:\/\/cvinoticias.com\/v3\/finalizo-el-encuentro-de-mujeres-y-diversidades-con-una-frase-sin-derechas-ni-fascismos\/#primaryimage"},"thumbnailUrl":"https:\/\/cvinoticias.com\/wp-content\/uploads\/2023\/10\/0000148399.jpg","articleSection":["Informaci\u00f3n General"],"inLanguage":"es","potentialAction":[{"@type":"CommentAction","name":"Comment","target":["https:\/\/cvinoticias.com\/v3\/finalizo-el-encuentro-de-mujeres-y-diversidades-con-una-frase-sin-derechas-ni-fascismos\/#respond"]}]},{"@type":"WebPage","@id":"https:\/\/cvinoticias.com\/v3\/finalizo-el-encuentro-de-mujeres-y-diversidades-con-una-frase-sin-derechas-ni-fascismos\/","url":"https:\/\/cvinoticias.com\/v3\/finalizo-el-encuentro-de-mujeres-y-diversidades-con-una-frase-sin-derechas-ni-fascismos\/","name":"Finaliz\u00f3 el Encuentro de Mujeres y diversidades con una frase: \"Sin derechas ni fascismos\" | CVI NOTICIAS","isPartOf":{"@id":"https:\/\/cvinoticias.com\/v3\/#website"},"primaryImageOfPage":{"@id":"https:\/\/cvinoticias.com\/v3\/finalizo-el-encuentro-de-mujeres-y-diversidades-con-una-frase-sin-derechas-ni-fascismos\/#primaryimage"},"image":{"@id":"https:\/\/cvinoticias.com\/v3\/finalizo-el-encuentro-de-mujeres-y-diversidades-con-una-frase-sin-derechas-ni-fascismos\/#primaryimage"},"thumbnailUrl":"https:\/\/cvinoticias.com\/wp-content\/uploads\/2023\/10\/0000148399.jpg","datePublished":"2023-10-16T22:00:13+00:00","breadcrumb":{"@id":"https:\/\/cvinoticias.com\/v3\/finalizo-el-encuentro-de-mujeres-y-diversidades-con-una-frase-sin-derechas-ni-fascismos\/#breadcrumb"},"inLanguage":"es","potentialAction":[{"@type":"ReadAction","target":["https:\/\/cvinoticias.com\/v3\/finalizo-el-encuentro-de-mujeres-y-diversidades-con-una-frase-sin-derechas-ni-fascismos\/"]}]},{"@type":"ImageObject","inLanguage":"es","@id":"https:\/\/cvinoticias.com\/v3\/finalizo-el-encuentro-de-mujeres-y-diversidades-con-una-frase-sin-derechas-ni-fascismos\/#primaryimage","url":"https:\/\/cvinoticias.com\/wp-content\/uploads\/2023\/10\/0000148399.jpg","contentUrl":"https:\/\/cvinoticias.com\/wp-content\/uploads\/2023\/10\/0000148399.jpg","width":1200,"height":675},{"@type":"BreadcrumbList","@id":"https:\/\/cvinoticias.com\/v3\/finalizo-el-encuentro-de-mujeres-y-diversidades-con-una-frase-sin-derechas-ni-fascismos\/#breadcrumb","itemListElement":[{"@type":"ListItem","position":1,"name":"Portada","item":"https:\/\/cvinoticias.com\/v3\/"},{"@type":"ListItem","position":2,"name":"Finaliz\u00f3 el Encuentro de Mujeres y diversidades con una frase: \u00abSin derechas ni fascismos\u00bb"}]},{"@type":"WebSite","@id":"https:\/\/cvinoticias.com\/v3\/#website","url":"https:\/\/cvinoticias.com\/v3\/","name":"CVI NOTICIAS","description":"","publisher":{"@id":"https:\/\/cvinoticias.com\/v3\/#organization"},"alternateName":"CVI","potentialAction":[{"@type":"SearchAction","target":{"@type":"EntryPoint","urlTemplate":"https:\/\/cvinoticias.com\/v3\/?s={search_term_string}"},"query-input":{"@type":"PropertyValueSpecification","valueRequired":true,"valueName":"search_term_string"}}],"inLanguage":"es"},{"@type":"Organization","@id":"https:\/\/cvinoticias.com\/v3\/#organization","name":"CVI NOTICIAS","url":"https:\/\/cvinoticias.com\/v3\/","logo":{"@type":"ImageObject","inLanguage":"es","@id":"https:\/\/cvinoticias.com\/v3\/#\/schema\/logo\/image\/","url":"https:\/\/cvinoticias.com\/wp-content\/uploads\/2023\/04\/cropped-cropped-cropped-cropped-cropped-3-1.png","contentUrl":"https:\/\/cvinoticias.com\/wp-content\/uploads\/2023\/04\/cropped-cropped-cropped-cropped-cropped-3-1.png","width":95,"height":122,"caption":"CVI NOTICIAS"},"image":{"@id":"https:\/\/cvinoticias.com\/v3\/#\/schema\/logo\/image\/"},"sameAs":["https:\/\/www.facebook.com\/cvinoticias","https:\/\/www.instagram.com\/cvinoticias\/","https:\/\/www.youtube.com\/@CVINOTICIAS"]},{"@type":"Person","@id":"https:\/\/cvinoticias.com\/v3\/#\/schema\/person\/2db77e3c6bc03c538495d7b2b8be9b66","name":"f1000024","image":{"@type":"ImageObject","inLanguage":"es","@id":"https:\/\/secure.gravatar.com\/avatar\/d4fe7459cfc51ff5129ce1a732bbef5928568b8092d412ef95611616376bbeed?s=96&d=mm&r=g","url":"https:\/\/secure.gravatar.com\/avatar\/d4fe7459cfc51ff5129ce1a732bbef5928568b8092d412ef95611616376bbeed?s=96&d=mm&r=g","contentUrl":"https:\/\/secure.gravatar.com\/avatar\/d4fe7459cfc51ff5129ce1a732bbef5928568b8092d412ef95611616376bbeed?s=96&d=mm&r=g","caption":"f1000024"},"url":"https:\/\/cvinoticias.com\/v3\/author\/f1000024\/"}]}},"_links":{"self":[{"href":"https:\/\/cvinoticias.com\/v3\/wp-json\/wp\/v2\/posts\/28944","targetHints":{"allow":["GET"]}}],"collection":[{"href":"https:\/\/cvinoticias.com\/v3\/wp-json\/wp\/v2\/posts"}],"about":[{"href":"https:\/\/cvinoticias.com\/v3\/wp-json\/wp\/v2\/types\/post"}],"author":[{"embeddable":true,"href":"https:\/\/cvinoticias.com\/v3\/wp-json\/wp\/v2\/users\/2"}],"replies":[{"embeddable":true,"href":"https:\/\/cvinoticias.com\/v3\/wp-json\/wp\/v2\/comments?post=28944"}],"version-history":[{"count":1,"href":"https:\/\/cvinoticias.com\/v3\/wp-json\/wp\/v2\/posts\/28944\/revisions"}],"predecessor-version":[{"id":28946,"href":"https:\/\/cvinoticias.com\/v3\/wp-json\/wp\/v2\/posts\/28944\/revisions\/28946"}],"wp:featuredmedia":[{"embeddable":true,"href":"https:\/\/cvinoticias.com\/v3\/wp-json\/wp\/v2\/media\/28945"}],"wp:attachment":[{"href":"https:\/\/cvinoticias.com\/v3\/wp-json\/wp\/v2\/media?parent=28944"}],"wp:term":[{"taxonomy":"category","embeddable":true,"href":"https:\/\/cvinoticias.com\/v3\/wp-json\/wp\/v2\/categories?post=28944"},{"taxonomy":"post_tag","embeddable":true,"href":"https:\/\/cvinoticias.com\/v3\/wp-json\/wp\/v2\/tags?post=28944"}],"curies":[{"name":"wp","href":"https:\/\/api.w.org\/{rel}","templated":true}]}}