{"id":28914,"date":"2023-10-14T12:48:16","date_gmt":"2023-10-14T12:48:16","guid":{"rendered":"https:\/\/cvinoticias.com\/v3\/?p=28914"},"modified":"2023-10-14T12:48:16","modified_gmt":"2023-10-14T12:48:16","slug":"el-papa-advirtio-que-el-cambio-climatico-podria-poner-en-riesgo-a-la-humanidad","status":"publish","type":"post","link":"https:\/\/cvinoticias.com\/v3\/el-papa-advirtio-que-el-cambio-climatico-podria-poner-en-riesgo-a-la-humanidad\/","title":{"rendered":"El Papa advirti\u00f3 que el cambio clim\u00e1tico podr\u00eda poner en riesgo a la humanidad"},"content":{"rendered":"\n<p><strong><em>Francisco advirti\u00f3 que el cambio clim\u00e1tico puede provocar \u201cla desaparici\u00f3n de la humanidad\u201d y mostr\u00f3 su \u201cfe\u201d en lo que consider\u00f3 una \u201cconciencia colectiva\u201d de ni\u00f1os y j\u00f3venes para \u201csalvar el futuro\u201d.<\/em><\/strong><\/p>\n\n\n\n<p>\u201cEl cambio clim\u00e1tico y la contaminaci\u00f3n provocada por el ser humano podr\u00edan conducir a la desaparici\u00f3n de la humanidad\u201d, plante\u00f3 el pont\u00edfice en un di\u00e1logo con ni\u00f1os de todo el mundo recopilado en el libro \u201cQueridos hijos\u2026 el Papa responde a sus preguntas\u201d, editado por el periodista Domenico Agasso y que se publicar\u00e1 esta semana en Italia.<\/p>\n\n\n\n<p>\u201cA trav\u00e9s de fen\u00f3menos como el calentamiento global, la devastaci\u00f3n de la naturaleza, la degradaci\u00f3n ambiental y la consiguiente desaparici\u00f3n de la biodiversidad as\u00ed como nuevas enfermedades letales\u201d, sostuvo Jorge Bergoglio al ser consultado por Paul, un ni\u00f1o noruego, en uno de los tramos adelantados hoy por el diario La Stampa.<\/p>\n\n\n\n<p>Y, en ese sentido, Francisco agreg\u00f3: \u201cPero tengo fe en una conciencia colectiva de los j\u00f3venes y de los ni\u00f1os sobre las cuestiones medioambientales: los ni\u00f1os y las ni\u00f1as, a menudo gracias a la escuela, han comprendido que el futuro es suyo y, por lo tanto, debemos actuar urgentemente en el presente para salvar el futuro\u201d.<\/p>\n\n\n\n<p>A inicios de octubre, el Papa public\u00f3 en la misma l\u00ednea la exhortaci\u00f3n Laudate Deum (Alaben a Dios) en la que llama a Occidente a cambiar el estilo de vida \u201cirresponsable\u201d para poner fin al cambio clim\u00e1tico provocado por la acci\u00f3n del ser humano en la tierra.<\/p>\n\n\n\n<p>Para el Papa, \u201cson cruciales las medidas ecol\u00f3gicas de los Estados acordadas a nivel internacional, pero tambi\u00e9n el comportamiento de cada uno de nosotros cada d\u00eda: recogida selectiva de residuos, atenci\u00f3n al no desperdicio de agua y alimentos, lectura de libros que explicar los detalles de los problemas de nuestra Tierra\u201d.<\/p>\n","protected":false},"excerpt":{"rendered":"<p>Francisco advirti\u00f3 que el cambio clim\u00e1tico puede provocar \u201cla desaparici\u00f3n de la humanidad\u201d y mostr\u00f3 su \u201cfe\u201d en lo que consider\u00f3 una \u201cconciencia colectiva\u201d de ni\u00f1os y j\u00f3venes para \u201csalvar el futuro\u201d. \u201cEl cambio clim\u00e1tico y la contaminaci\u00f3n provocada por el ser humano podr\u00edan conducir a la desaparici\u00f3n de la humanidad\u201d, plante\u00f3 el pont\u00edfice en [&hellip;]<\/p>\n","protected":false},"author":2,"featured_media":28915,"comment_status":"open","ping_status":"open","sticky":false,"template":"","format":"standard","meta":{"footnotes":""},"categories":[47],"tags":[],"class_list":["post-28914","post","type-post","status-publish","format-standard","has-post-thumbnail","hentry","category-sociedad"],"yoast_head":"<!-- This site is optimized with the Yoast SEO plugin v27.4 - https:\/\/yoast.com\/product\/yoast-seo-wordpress\/ -->\n<title>El Papa advirti\u00f3 que el cambio clim\u00e1tico podr\u00eda poner en riesgo a la humanidad | CVI NOTICIAS<\/title>\n<meta name=\"robots\" content=\"index, follow, max-snippet:-1, max-image-preview:large, max-video-preview:-1\" \/>\n<link rel=\"canonical\" href=\"https:\/\/cvinoticias.com\/v3\/el-papa-advirtio-que-el-cambio-climatico-podria-poner-en-riesgo-a-la-humanidad\/\" \/>\n<meta property=\"og:locale\" content=\"es_ES\" \/>\n<meta property=\"og:type\" content=\"article\" \/>\n<meta property=\"og:title\" content=\"El Papa advirti\u00f3 que el cambio clim\u00e1tico podr\u00eda poner en riesgo a la humanidad | CVI NOTICIAS\" \/>\n<meta property=\"og:description\" content=\"Francisco advirti\u00f3 que el cambio clim\u00e1tico puede provocar \u201cla desaparici\u00f3n de la humanidad\u201d y mostr\u00f3 su \u201cfe\u201d en lo que consider\u00f3 una \u201cconciencia colectiva\u201d de ni\u00f1os y j\u00f3venes para \u201csalvar el futuro\u201d. \u201cEl cambio clim\u00e1tico y la contaminaci\u00f3n provocada por el ser humano podr\u00edan conducir a la desaparici\u00f3n de la humanidad\u201d, plante\u00f3 el pont\u00edfice en [&hellip;]\" \/>\n<meta property=\"og:url\" content=\"https:\/\/cvinoticias.com\/v3\/el-papa-advirtio-que-el-cambio-climatico-podria-poner-en-riesgo-a-la-humanidad\/\" \/>\n<meta property=\"og:site_name\" content=\"CVI NOTICIAS\" \/>\n<meta property=\"article:publisher\" content=\"https:\/\/www.facebook.com\/cvinoticias\" \/>\n<meta property=\"article:published_time\" content=\"2023-10-14T12:48:16+00:00\" \/>\n<meta property=\"og:image\" content=\"https:\/\/cvinoticias.com\/wp-content\/uploads\/2023\/10\/0000148247.jpg\" \/>\n\t<meta property=\"og:image:width\" content=\"1280\" \/>\n\t<meta property=\"og:image:height\" content=\"720\" \/>\n\t<meta property=\"og:image:type\" content=\"image\/jpeg\" \/>\n<meta name=\"author\" content=\"f1000024\" \/>\n<meta name=\"twitter:card\" content=\"summary_large_image\" \/>\n<meta name=\"twitter:label1\" content=\"Escrito por\" \/>\n\t<meta name=\"twitter:data1\" content=\"f1000024\" \/>\n\t<meta name=\"twitter:label2\" content=\"Tiempo de lectura\" \/>\n\t<meta name=\"twitter:data2\" content=\"2 minutos\" \/>\n<script type=\"application\/ld+json\" class=\"yoast-schema-graph\">{\"@context\":\"https:\\\/\\\/schema.org\",\"@graph\":[{\"@type\":\"Article\",\"@id\":\"https:\\\/\\\/cvinoticias.com\\\/v3\\\/el-papa-advirtio-que-el-cambio-climatico-podria-poner-en-riesgo-a-la-humanidad\\\/#article\",\"isPartOf\":{\"@id\":\"https:\\\/\\\/cvinoticias.com\\\/v3\\\/el-papa-advirtio-que-el-cambio-climatico-podria-poner-en-riesgo-a-la-humanidad\\\/\"},\"author\":{\"name\":\"f1000024\",\"@id\":\"https:\\\/\\\/cvinoticias.com\\\/v3\\\/#\\\/schema\\\/person\\\/2db77e3c6bc03c538495d7b2b8be9b66\"},\"headline\":\"El Papa advirti\u00f3 que el cambio clim\u00e1tico podr\u00eda poner en riesgo a la humanidad\",\"datePublished\":\"2023-10-14T12:48:16+00:00\",\"mainEntityOfPage\":{\"@id\":\"https:\\\/\\\/cvinoticias.com\\\/v3\\\/el-papa-advirtio-que-el-cambio-climatico-podria-poner-en-riesgo-a-la-humanidad\\\/\"},\"wordCount\":339,\"commentCount\":0,\"publisher\":{\"@id\":\"https:\\\/\\\/cvinoticias.com\\\/v3\\\/#organization\"},\"image\":{\"@id\":\"https:\\\/\\\/cvinoticias.com\\\/v3\\\/el-papa-advirtio-que-el-cambio-climatico-podria-poner-en-riesgo-a-la-humanidad\\\/#primaryimage\"},\"thumbnailUrl\":\"https:\\\/\\\/cvinoticias.com\\\/wp-content\\\/uploads\\\/2023\\\/10\\\/0000148247.jpg\",\"articleSection\":[\"Sociedad\"],\"inLanguage\":\"es\",\"potentialAction\":[{\"@type\":\"CommentAction\",\"name\":\"Comment\",\"target\":[\"https:\\\/\\\/cvinoticias.com\\\/v3\\\/el-papa-advirtio-que-el-cambio-climatico-podria-poner-en-riesgo-a-la-humanidad\\\/#respond\"]}]},{\"@type\":\"WebPage\",\"@id\":\"https:\\\/\\\/cvinoticias.com\\\/v3\\\/el-papa-advirtio-que-el-cambio-climatico-podria-poner-en-riesgo-a-la-humanidad\\\/\",\"url\":\"https:\\\/\\\/cvinoticias.com\\\/v3\\\/el-papa-advirtio-que-el-cambio-climatico-podria-poner-en-riesgo-a-la-humanidad\\\/\",\"name\":\"El Papa advirti\u00f3 que el cambio clim\u00e1tico podr\u00eda poner en riesgo a la humanidad | CVI NOTICIAS\",\"isPartOf\":{\"@id\":\"https:\\\/\\\/cvinoticias.com\\\/v3\\\/#website\"},\"primaryImageOfPage\":{\"@id\":\"https:\\\/\\\/cvinoticias.com\\\/v3\\\/el-papa-advirtio-que-el-cambio-climatico-podria-poner-en-riesgo-a-la-humanidad\\\/#primaryimage\"},\"image\":{\"@id\":\"https:\\\/\\\/cvinoticias.com\\\/v3\\\/el-papa-advirtio-que-el-cambio-climatico-podria-poner-en-riesgo-a-la-humanidad\\\/#primaryimage\"},\"thumbnailUrl\":\"https:\\\/\\\/cvinoticias.com\\\/wp-content\\\/uploads\\\/2023\\\/10\\\/0000148247.jpg\",\"datePublished\":\"2023-10-14T12:48:16+00:00\",\"breadcrumb\":{\"@id\":\"https:\\\/\\\/cvinoticias.com\\\/v3\\\/el-papa-advirtio-que-el-cambio-climatico-podria-poner-en-riesgo-a-la-humanidad\\\/#breadcrumb\"},\"inLanguage\":\"es\",\"potentialAction\":[{\"@type\":\"ReadAction\",\"target\":[\"https:\\\/\\\/cvinoticias.com\\\/v3\\\/el-papa-advirtio-que-el-cambio-climatico-podria-poner-en-riesgo-a-la-humanidad\\\/\"]}]},{\"@type\":\"ImageObject\",\"inLanguage\":\"es\",\"@id\":\"https:\\\/\\\/cvinoticias.com\\\/v3\\\/el-papa-advirtio-que-el-cambio-climatico-podria-poner-en-riesgo-a-la-humanidad\\\/#primaryimage\",\"url\":\"https:\\\/\\\/cvinoticias.com\\\/wp-content\\\/uploads\\\/2023\\\/10\\\/0000148247.jpg\",\"contentUrl\":\"https:\\\/\\\/cvinoticias.com\\\/wp-content\\\/uploads\\\/2023\\\/10\\\/0000148247.jpg\",\"width\":1280,\"height\":720},{\"@type\":\"BreadcrumbList\",\"@id\":\"https:\\\/\\\/cvinoticias.com\\\/v3\\\/el-papa-advirtio-que-el-cambio-climatico-podria-poner-en-riesgo-a-la-humanidad\\\/#breadcrumb\",\"itemListElement\":[{\"@type\":\"ListItem\",\"position\":1,\"name\":\"Portada\",\"item\":\"https:\\\/\\\/cvinoticias.com\\\/v3\\\/\"},{\"@type\":\"ListItem\",\"position\":2,\"name\":\"El Papa advirti\u00f3 que el cambio clim\u00e1tico podr\u00eda poner en riesgo a la humanidad\"}]},{\"@type\":\"WebSite\",\"@id\":\"https:\\\/\\\/cvinoticias.com\\\/v3\\\/#website\",\"url\":\"https:\\\/\\\/cvinoticias.com\\\/v3\\\/\",\"name\":\"CVI NOTICIAS\",\"description\":\"\",\"publisher\":{\"@id\":\"https:\\\/\\\/cvinoticias.com\\\/v3\\\/#organization\"},\"alternateName\":\"CVI\",\"potentialAction\":[{\"@type\":\"SearchAction\",\"target\":{\"@type\":\"EntryPoint\",\"urlTemplate\":\"https:\\\/\\\/cvinoticias.com\\\/v3\\\/?s={search_term_string}\"},\"query-input\":{\"@type\":\"PropertyValueSpecification\",\"valueRequired\":true,\"valueName\":\"search_term_string\"}}],\"inLanguage\":\"es\"},{\"@type\":\"Organization\",\"@id\":\"https:\\\/\\\/cvinoticias.com\\\/v3\\\/#organization\",\"name\":\"CVI NOTICIAS\",\"url\":\"https:\\\/\\\/cvinoticias.com\\\/v3\\\/\",\"logo\":{\"@type\":\"ImageObject\",\"inLanguage\":\"es\",\"@id\":\"https:\\\/\\\/cvinoticias.com\\\/v3\\\/#\\\/schema\\\/logo\\\/image\\\/\",\"url\":\"https:\\\/\\\/cvinoticias.com\\\/wp-content\\\/uploads\\\/2023\\\/04\\\/cropped-cropped-cropped-cropped-cropped-3-1.png\",\"contentUrl\":\"https:\\\/\\\/cvinoticias.com\\\/wp-content\\\/uploads\\\/2023\\\/04\\\/cropped-cropped-cropped-cropped-cropped-3-1.png\",\"width\":95,\"height\":122,\"caption\":\"CVI NOTICIAS\"},\"image\":{\"@id\":\"https:\\\/\\\/cvinoticias.com\\\/v3\\\/#\\\/schema\\\/logo\\\/image\\\/\"},\"sameAs\":[\"https:\\\/\\\/www.facebook.com\\\/cvinoticias\",\"https:\\\/\\\/www.instagram.com\\\/cvinoticias\\\/\",\"https:\\\/\\\/www.youtube.com\\\/@CVINOTICIAS\"]},{\"@type\":\"Person\",\"@id\":\"https:\\\/\\\/cvinoticias.com\\\/v3\\\/#\\\/schema\\\/person\\\/2db77e3c6bc03c538495d7b2b8be9b66\",\"name\":\"f1000024\",\"image\":{\"@type\":\"ImageObject\",\"inLanguage\":\"es\",\"@id\":\"https:\\\/\\\/secure.gravatar.com\\\/avatar\\\/d4fe7459cfc51ff5129ce1a732bbef5928568b8092d412ef95611616376bbeed?s=96&d=mm&r=g\",\"url\":\"https:\\\/\\\/secure.gravatar.com\\\/avatar\\\/d4fe7459cfc51ff5129ce1a732bbef5928568b8092d412ef95611616376bbeed?s=96&d=mm&r=g\",\"contentUrl\":\"https:\\\/\\\/secure.gravatar.com\\\/avatar\\\/d4fe7459cfc51ff5129ce1a732bbef5928568b8092d412ef95611616376bbeed?s=96&d=mm&r=g\",\"caption\":\"f1000024\"},\"url\":\"https:\\\/\\\/cvinoticias.com\\\/v3\\\/author\\\/f1000024\\\/\"}]}<\/script>\n<!-- \/ Yoast SEO plugin. -->","yoast_head_json":{"title":"El Papa advirti\u00f3 que el cambio clim\u00e1tico podr\u00eda poner en riesgo a la humanidad | CVI NOTICIAS","robots":{"index":"index","follow":"follow","max-snippet":"max-snippet:-1","max-image-preview":"max-image-preview:large","max-video-preview":"max-video-preview:-1"},"canonical":"https:\/\/cvinoticias.com\/v3\/el-papa-advirtio-que-el-cambio-climatico-podria-poner-en-riesgo-a-la-humanidad\/","og_locale":"es_ES","og_type":"article","og_title":"El Papa advirti\u00f3 que el cambio clim\u00e1tico podr\u00eda poner en riesgo a la humanidad | CVI NOTICIAS","og_description":"Francisco advirti\u00f3 que el cambio clim\u00e1tico puede provocar \u201cla desaparici\u00f3n de la humanidad\u201d y mostr\u00f3 su \u201cfe\u201d en lo que consider\u00f3 una \u201cconciencia colectiva\u201d de ni\u00f1os y j\u00f3venes para \u201csalvar el futuro\u201d. \u201cEl cambio clim\u00e1tico y la contaminaci\u00f3n provocada por el ser humano podr\u00edan conducir a la desaparici\u00f3n de la humanidad\u201d, plante\u00f3 el pont\u00edfice en [&hellip;]","og_url":"https:\/\/cvinoticias.com\/v3\/el-papa-advirtio-que-el-cambio-climatico-podria-poner-en-riesgo-a-la-humanidad\/","og_site_name":"CVI NOTICIAS","article_publisher":"https:\/\/www.facebook.com\/cvinoticias","article_published_time":"2023-10-14T12:48:16+00:00","og_image":[{"width":1280,"height":720,"url":"https:\/\/cvinoticias.com\/wp-content\/uploads\/2023\/10\/0000148247.jpg","type":"image\/jpeg"}],"author":"f1000024","twitter_card":"summary_large_image","twitter_misc":{"Escrito por":"f1000024","Tiempo de lectura":"2 minutos"},"schema":{"@context":"https:\/\/schema.org","@graph":[{"@type":"Article","@id":"https:\/\/cvinoticias.com\/v3\/el-papa-advirtio-que-el-cambio-climatico-podria-poner-en-riesgo-a-la-humanidad\/#article","isPartOf":{"@id":"https:\/\/cvinoticias.com\/v3\/el-papa-advirtio-que-el-cambio-climatico-podria-poner-en-riesgo-a-la-humanidad\/"},"author":{"name":"f1000024","@id":"https:\/\/cvinoticias.com\/v3\/#\/schema\/person\/2db77e3c6bc03c538495d7b2b8be9b66"},"headline":"El Papa advirti\u00f3 que el cambio clim\u00e1tico podr\u00eda poner en riesgo a la humanidad","datePublished":"2023-10-14T12:48:16+00:00","mainEntityOfPage":{"@id":"https:\/\/cvinoticias.com\/v3\/el-papa-advirtio-que-el-cambio-climatico-podria-poner-en-riesgo-a-la-humanidad\/"},"wordCount":339,"commentCount":0,"publisher":{"@id":"https:\/\/cvinoticias.com\/v3\/#organization"},"image":{"@id":"https:\/\/cvinoticias.com\/v3\/el-papa-advirtio-que-el-cambio-climatico-podria-poner-en-riesgo-a-la-humanidad\/#primaryimage"},"thumbnailUrl":"https:\/\/cvinoticias.com\/wp-content\/uploads\/2023\/10\/0000148247.jpg","articleSection":["Sociedad"],"inLanguage":"es","potentialAction":[{"@type":"CommentAction","name":"Comment","target":["https:\/\/cvinoticias.com\/v3\/el-papa-advirtio-que-el-cambio-climatico-podria-poner-en-riesgo-a-la-humanidad\/#respond"]}]},{"@type":"WebPage","@id":"https:\/\/cvinoticias.com\/v3\/el-papa-advirtio-que-el-cambio-climatico-podria-poner-en-riesgo-a-la-humanidad\/","url":"https:\/\/cvinoticias.com\/v3\/el-papa-advirtio-que-el-cambio-climatico-podria-poner-en-riesgo-a-la-humanidad\/","name":"El Papa advirti\u00f3 que el cambio clim\u00e1tico podr\u00eda poner en riesgo a la humanidad | CVI NOTICIAS","isPartOf":{"@id":"https:\/\/cvinoticias.com\/v3\/#website"},"primaryImageOfPage":{"@id":"https:\/\/cvinoticias.com\/v3\/el-papa-advirtio-que-el-cambio-climatico-podria-poner-en-riesgo-a-la-humanidad\/#primaryimage"},"image":{"@id":"https:\/\/cvinoticias.com\/v3\/el-papa-advirtio-que-el-cambio-climatico-podria-poner-en-riesgo-a-la-humanidad\/#primaryimage"},"thumbnailUrl":"https:\/\/cvinoticias.com\/wp-content\/uploads\/2023\/10\/0000148247.jpg","datePublished":"2023-10-14T12:48:16+00:00","breadcrumb":{"@id":"https:\/\/cvinoticias.com\/v3\/el-papa-advirtio-que-el-cambio-climatico-podria-poner-en-riesgo-a-la-humanidad\/#breadcrumb"},"inLanguage":"es","potentialAction":[{"@type":"ReadAction","target":["https:\/\/cvinoticias.com\/v3\/el-papa-advirtio-que-el-cambio-climatico-podria-poner-en-riesgo-a-la-humanidad\/"]}]},{"@type":"ImageObject","inLanguage":"es","@id":"https:\/\/cvinoticias.com\/v3\/el-papa-advirtio-que-el-cambio-climatico-podria-poner-en-riesgo-a-la-humanidad\/#primaryimage","url":"https:\/\/cvinoticias.com\/wp-content\/uploads\/2023\/10\/0000148247.jpg","contentUrl":"https:\/\/cvinoticias.com\/wp-content\/uploads\/2023\/10\/0000148247.jpg","width":1280,"height":720},{"@type":"BreadcrumbList","@id":"https:\/\/cvinoticias.com\/v3\/el-papa-advirtio-que-el-cambio-climatico-podria-poner-en-riesgo-a-la-humanidad\/#breadcrumb","itemListElement":[{"@type":"ListItem","position":1,"name":"Portada","item":"https:\/\/cvinoticias.com\/v3\/"},{"@type":"ListItem","position":2,"name":"El Papa advirti\u00f3 que el cambio clim\u00e1tico podr\u00eda poner en riesgo a la humanidad"}]},{"@type":"WebSite","@id":"https:\/\/cvinoticias.com\/v3\/#website","url":"https:\/\/cvinoticias.com\/v3\/","name":"CVI NOTICIAS","description":"","publisher":{"@id":"https:\/\/cvinoticias.com\/v3\/#organization"},"alternateName":"CVI","potentialAction":[{"@type":"SearchAction","target":{"@type":"EntryPoint","urlTemplate":"https:\/\/cvinoticias.com\/v3\/?s={search_term_string}"},"query-input":{"@type":"PropertyValueSpecification","valueRequired":true,"valueName":"search_term_string"}}],"inLanguage":"es"},{"@type":"Organization","@id":"https:\/\/cvinoticias.com\/v3\/#organization","name":"CVI NOTICIAS","url":"https:\/\/cvinoticias.com\/v3\/","logo":{"@type":"ImageObject","inLanguage":"es","@id":"https:\/\/cvinoticias.com\/v3\/#\/schema\/logo\/image\/","url":"https:\/\/cvinoticias.com\/wp-content\/uploads\/2023\/04\/cropped-cropped-cropped-cropped-cropped-3-1.png","contentUrl":"https:\/\/cvinoticias.com\/wp-content\/uploads\/2023\/04\/cropped-cropped-cropped-cropped-cropped-3-1.png","width":95,"height":122,"caption":"CVI NOTICIAS"},"image":{"@id":"https:\/\/cvinoticias.com\/v3\/#\/schema\/logo\/image\/"},"sameAs":["https:\/\/www.facebook.com\/cvinoticias","https:\/\/www.instagram.com\/cvinoticias\/","https:\/\/www.youtube.com\/@CVINOTICIAS"]},{"@type":"Person","@id":"https:\/\/cvinoticias.com\/v3\/#\/schema\/person\/2db77e3c6bc03c538495d7b2b8be9b66","name":"f1000024","image":{"@type":"ImageObject","inLanguage":"es","@id":"https:\/\/secure.gravatar.com\/avatar\/d4fe7459cfc51ff5129ce1a732bbef5928568b8092d412ef95611616376bbeed?s=96&d=mm&r=g","url":"https:\/\/secure.gravatar.com\/avatar\/d4fe7459cfc51ff5129ce1a732bbef5928568b8092d412ef95611616376bbeed?s=96&d=mm&r=g","contentUrl":"https:\/\/secure.gravatar.com\/avatar\/d4fe7459cfc51ff5129ce1a732bbef5928568b8092d412ef95611616376bbeed?s=96&d=mm&r=g","caption":"f1000024"},"url":"https:\/\/cvinoticias.com\/v3\/author\/f1000024\/"}]}},"_links":{"self":[{"href":"https:\/\/cvinoticias.com\/v3\/wp-json\/wp\/v2\/posts\/28914","targetHints":{"allow":["GET"]}}],"collection":[{"href":"https:\/\/cvinoticias.com\/v3\/wp-json\/wp\/v2\/posts"}],"about":[{"href":"https:\/\/cvinoticias.com\/v3\/wp-json\/wp\/v2\/types\/post"}],"author":[{"embeddable":true,"href":"https:\/\/cvinoticias.com\/v3\/wp-json\/wp\/v2\/users\/2"}],"replies":[{"embeddable":true,"href":"https:\/\/cvinoticias.com\/v3\/wp-json\/wp\/v2\/comments?post=28914"}],"version-history":[{"count":1,"href":"https:\/\/cvinoticias.com\/v3\/wp-json\/wp\/v2\/posts\/28914\/revisions"}],"predecessor-version":[{"id":28916,"href":"https:\/\/cvinoticias.com\/v3\/wp-json\/wp\/v2\/posts\/28914\/revisions\/28916"}],"wp:featuredmedia":[{"embeddable":true,"href":"https:\/\/cvinoticias.com\/v3\/wp-json\/wp\/v2\/media\/28915"}],"wp:attachment":[{"href":"https:\/\/cvinoticias.com\/v3\/wp-json\/wp\/v2\/media?parent=28914"}],"wp:term":[{"taxonomy":"category","embeddable":true,"href":"https:\/\/cvinoticias.com\/v3\/wp-json\/wp\/v2\/categories?post=28914"},{"taxonomy":"post_tag","embeddable":true,"href":"https:\/\/cvinoticias.com\/v3\/wp-json\/wp\/v2\/tags?post=28914"}],"curies":[{"name":"wp","href":"https:\/\/api.w.org\/{rel}","templated":true}]}}