{"id":28894,"date":"2023-10-13T05:37:10","date_gmt":"2023-10-13T05:37:10","guid":{"rendered":"https:\/\/cvinoticias.com\/v3\/?p=28894"},"modified":"2023-10-13T05:37:10","modified_gmt":"2023-10-13T05:37:10","slug":"estiman-que-15-millones-de-turistas-se-desplazaran-por-el-pais","status":"publish","type":"post","link":"https:\/\/cvinoticias.com\/v3\/estiman-que-15-millones-de-turistas-se-desplazaran-por-el-pais\/","title":{"rendered":"Estiman que 1,5 millones de turistas se desplazar\u00e1n por el pa\u00eds."},"content":{"rendered":"\n<p class=\"wp-block-paragraph\"><strong><em>De acuerdo a los primeros relevamientos del Observatorio Argentino de Turismo (OAT), se espera un fin de semana XXL r\u00e9cord, con m\u00e1s de 1,5 millones de turistas desplaz\u00e1ndose por el pa\u00eds y un impacto econ\u00f3mico superior a los $100 mil millones, impulsado por la quinta edici\u00f3n del programa PreViaje.<\/em><\/strong><\/p>\n\n\n\n<p class=\"wp-block-paragraph\">Al intenso movimiento de turismo interno se le suma la llegada masiva de turistas desde Uruguay y Chile. Destinos como Salta, Esteros del Iber\u00e1, Villa General Belgrano, San Rafael, Mar de las Pampas, Sierra de la Ventana, San Carlos de Bariloche, Puerto Madryn y Esquel ya cuentan con niveles de ocupaci\u00f3n casi plena.<\/p>\n\n\n\n<p class=\"wp-block-paragraph\">\u201cLos datos de reservas que nos van llegando de los distintos puntos del pa\u00eds anticipan un fin de semana extralargo absolutamente r\u00e9cord. PreViaje vuelve a cumplir con el objetivo de que este a\u00f1o nuestros destinos tur\u00edsticos no tengan \u2018temporada baja\u2019 y eso se ve reflejado en los cifras de empleo, donde el sector hotelero-gastron\u00f3mico lidera el crecimiento de este a\u00f1o\u201d, asegur\u00f3 el ministro de Turismo y Deportes de la Naci\u00f3n, Mat\u00edas Lammens.<\/p>\n\n\n\n<p class=\"wp-block-paragraph\">\u00abSeg\u00fan los datos del Observatorio Argentino de Turismo de nuestra C\u00e1mara, este fin de semana largo la actividad tur\u00edstica mostrar\u00e1 nuevamente su relevancia econ\u00f3mica con destinos pr\u00e1cticamente colmados en todo el pa\u00eds. Vale destacar, adem\u00e1s, el claro impulso del PreViaje y su eficiencia en cada edici\u00f3n. El turismo es uno de los motores que mueven la econom\u00eda argentina. Por eso, lideramos hace meses la generaci\u00f3n de empleo y mostramos, en cada oportunidad, la capacidad de derrame econ\u00f3mico en todas las actividades que se vinculan con la industria, incluyendo el impacto directo sobre las econom\u00edas regionales\u00bb, afirm\u00f3 Gustavo Hani, presidente de la C\u00e1mara Argentina de Turismo (CAT).<\/p>\n\n\n\n<p class=\"wp-block-paragraph\">La quinta edici\u00f3n de PreViaje, que moviliza a m\u00e1s de 500 mil turistas entre el 29 de septiembre y el 17 de octubre, impulsa este movimiento tur\u00edstico r\u00e9cord. El programa del Gobierno Nacional alcanz\u00f3 a 7,5 millones de turistas, con un impacto econ\u00f3mico superior a los $790 mil millones en sus cinco etapas.<\/p>\n","protected":false},"excerpt":{"rendered":"<p>De acuerdo a los primeros relevamientos del Observatorio Argentino de Turismo (OAT), se espera un fin de semana XXL r\u00e9cord, con m\u00e1s de 1,5 millones de turistas desplaz\u00e1ndose por el pa\u00eds y un impacto econ\u00f3mico superior a los $100 mil millones, impulsado por la quinta edici\u00f3n del programa PreViaje. Al intenso movimiento de turismo interno [&hellip;]<\/p>\n","protected":false},"author":2,"featured_media":28895,"comment_status":"open","ping_status":"open","sticky":false,"template":"","format":"standard","meta":{"footnotes":""},"categories":[50],"tags":[],"class_list":["post-28894","post","type-post","status-publish","format-standard","has-post-thumbnail","hentry","category-turismo"],"yoast_head":"<!-- This site is optimized with the Yoast SEO plugin v28.3 - https:\/\/yoast.com\/product\/yoast-seo-wordpress\/ -->\n<title>Estiman que 1,5 millones de turistas se desplazar\u00e1n por el pa\u00eds. | CVI NOTICIAS<\/title>\n<meta name=\"robots\" content=\"index, follow, max-snippet:-1, max-image-preview:large, max-video-preview:-1\" \/>\n<link rel=\"canonical\" href=\"https:\/\/cvinoticias.com\/v3\/estiman-que-15-millones-de-turistas-se-desplazaran-por-el-pais\/\" \/>\n<meta property=\"og:locale\" content=\"es_ES\" \/>\n<meta property=\"og:type\" content=\"article\" \/>\n<meta property=\"og:title\" content=\"Estiman que 1,5 millones de turistas se desplazar\u00e1n por el pa\u00eds. | CVI NOTICIAS\" \/>\n<meta property=\"og:description\" content=\"De acuerdo a los primeros relevamientos del Observatorio Argentino de Turismo (OAT), se espera un fin de semana XXL r\u00e9cord, con m\u00e1s de 1,5 millones de turistas desplaz\u00e1ndose por el pa\u00eds y un impacto econ\u00f3mico superior a los $100 mil millones, impulsado por la quinta edici\u00f3n del programa PreViaje. Al intenso movimiento de turismo interno [&hellip;]\" \/>\n<meta property=\"og:url\" content=\"https:\/\/cvinoticias.com\/v3\/estiman-que-15-millones-de-turistas-se-desplazaran-por-el-pais\/\" \/>\n<meta property=\"og:site_name\" content=\"CVI NOTICIAS\" \/>\n<meta property=\"article:publisher\" content=\"https:\/\/www.facebook.com\/cvinoticias\" \/>\n<meta property=\"article:published_time\" content=\"2023-10-13T05:37:10+00:00\" \/>\n<meta property=\"og:image\" content=\"https:\/\/cvinoticias.com\/wp-content\/uploads\/2023\/10\/IMG_20231011_161625_796.webp\" \/>\n\t<meta property=\"og:image:width\" content=\"1200\" \/>\n\t<meta property=\"og:image:height\" content=\"1200\" \/>\n\t<meta property=\"og:image:type\" content=\"image\/webp\" \/>\n<meta name=\"author\" content=\"f1000024\" \/>\n<meta name=\"twitter:card\" content=\"summary_large_image\" \/>\n<meta name=\"twitter:label1\" content=\"Escrito por\" \/>\n\t<meta name=\"twitter:data1\" content=\"f1000024\" \/>\n\t<meta name=\"twitter:label2\" content=\"Tiempo de lectura\" \/>\n\t<meta name=\"twitter:data2\" content=\"2 minutos\" \/>\n<script type=\"application\/ld+json\" class=\"yoast-schema-graph\">{\"@context\":\"https:\\\/\\\/schema.org\",\"@graph\":[{\"@type\":\"Article\",\"@id\":\"https:\\\/\\\/cvinoticias.com\\\/v3\\\/estiman-que-15-millones-de-turistas-se-desplazaran-por-el-pais\\\/#article\",\"isPartOf\":{\"@id\":\"https:\\\/\\\/cvinoticias.com\\\/v3\\\/estiman-que-15-millones-de-turistas-se-desplazaran-por-el-pais\\\/\"},\"author\":{\"name\":\"f1000024\",\"@id\":\"https:\\\/\\\/cvinoticias.com\\\/v3\\\/#\\\/schema\\\/person\\\/2db77e3c6bc03c538495d7b2b8be9b66\"},\"headline\":\"Estiman que 1,5 millones de turistas se desplazar\u00e1n por el pa\u00eds.\",\"datePublished\":\"2023-10-13T05:37:10+00:00\",\"mainEntityOfPage\":{\"@id\":\"https:\\\/\\\/cvinoticias.com\\\/v3\\\/estiman-que-15-millones-de-turistas-se-desplazaran-por-el-pais\\\/\"},\"wordCount\":371,\"commentCount\":0,\"publisher\":{\"@id\":\"https:\\\/\\\/cvinoticias.com\\\/v3\\\/#organization\"},\"image\":{\"@id\":\"https:\\\/\\\/cvinoticias.com\\\/v3\\\/estiman-que-15-millones-de-turistas-se-desplazaran-por-el-pais\\\/#primaryimage\"},\"thumbnailUrl\":\"https:\\\/\\\/cvinoticias.com\\\/wp-content\\\/uploads\\\/2023\\\/10\\\/IMG_20231011_161625_796.webp\",\"articleSection\":[\"Turismo\"],\"inLanguage\":\"es\",\"potentialAction\":[{\"@type\":\"CommentAction\",\"name\":\"Comment\",\"target\":[\"https:\\\/\\\/cvinoticias.com\\\/v3\\\/estiman-que-15-millones-de-turistas-se-desplazaran-por-el-pais\\\/#respond\"]}]},{\"@type\":\"WebPage\",\"@id\":\"https:\\\/\\\/cvinoticias.com\\\/v3\\\/estiman-que-15-millones-de-turistas-se-desplazaran-por-el-pais\\\/\",\"url\":\"https:\\\/\\\/cvinoticias.com\\\/v3\\\/estiman-que-15-millones-de-turistas-se-desplazaran-por-el-pais\\\/\",\"name\":\"Estiman que 1,5 millones de turistas se desplazar\u00e1n por el pa\u00eds. | CVI NOTICIAS\",\"isPartOf\":{\"@id\":\"https:\\\/\\\/cvinoticias.com\\\/v3\\\/#website\"},\"primaryImageOfPage\":{\"@id\":\"https:\\\/\\\/cvinoticias.com\\\/v3\\\/estiman-que-15-millones-de-turistas-se-desplazaran-por-el-pais\\\/#primaryimage\"},\"image\":{\"@id\":\"https:\\\/\\\/cvinoticias.com\\\/v3\\\/estiman-que-15-millones-de-turistas-se-desplazaran-por-el-pais\\\/#primaryimage\"},\"thumbnailUrl\":\"https:\\\/\\\/cvinoticias.com\\\/wp-content\\\/uploads\\\/2023\\\/10\\\/IMG_20231011_161625_796.webp\",\"datePublished\":\"2023-10-13T05:37:10+00:00\",\"breadcrumb\":{\"@id\":\"https:\\\/\\\/cvinoticias.com\\\/v3\\\/estiman-que-15-millones-de-turistas-se-desplazaran-por-el-pais\\\/#breadcrumb\"},\"inLanguage\":\"es\",\"potentialAction\":[{\"@type\":\"ReadAction\",\"target\":[\"https:\\\/\\\/cvinoticias.com\\\/v3\\\/estiman-que-15-millones-de-turistas-se-desplazaran-por-el-pais\\\/\"]}]},{\"@type\":\"ImageObject\",\"inLanguage\":\"es\",\"@id\":\"https:\\\/\\\/cvinoticias.com\\\/v3\\\/estiman-que-15-millones-de-turistas-se-desplazaran-por-el-pais\\\/#primaryimage\",\"url\":\"https:\\\/\\\/cvinoticias.com\\\/wp-content\\\/uploads\\\/2023\\\/10\\\/IMG_20231011_161625_796.webp\",\"contentUrl\":\"https:\\\/\\\/cvinoticias.com\\\/wp-content\\\/uploads\\\/2023\\\/10\\\/IMG_20231011_161625_796.webp\",\"width\":1200,\"height\":1200},{\"@type\":\"BreadcrumbList\",\"@id\":\"https:\\\/\\\/cvinoticias.com\\\/v3\\\/estiman-que-15-millones-de-turistas-se-desplazaran-por-el-pais\\\/#breadcrumb\",\"itemListElement\":[{\"@type\":\"ListItem\",\"position\":1,\"name\":\"Portada\",\"item\":\"https:\\\/\\\/cvinoticias.com\\\/v3\\\/\"},{\"@type\":\"ListItem\",\"position\":2,\"name\":\"Estiman que 1,5 millones de turistas se desplazar\u00e1n por el pa\u00eds.\"}]},{\"@type\":\"WebSite\",\"@id\":\"https:\\\/\\\/cvinoticias.com\\\/v3\\\/#website\",\"url\":\"https:\\\/\\\/cvinoticias.com\\\/v3\\\/\",\"name\":\"CVI NOTICIAS\",\"description\":\"\",\"publisher\":{\"@id\":\"https:\\\/\\\/cvinoticias.com\\\/v3\\\/#organization\"},\"alternateName\":\"CVI\",\"potentialAction\":[{\"@type\":\"SearchAction\",\"target\":{\"@type\":\"EntryPoint\",\"urlTemplate\":\"https:\\\/\\\/cvinoticias.com\\\/v3\\\/?s={search_term_string}\"},\"query-input\":{\"@type\":\"PropertyValueSpecification\",\"valueRequired\":true,\"valueName\":\"search_term_string\"}}],\"inLanguage\":\"es\"},{\"@type\":\"Organization\",\"@id\":\"https:\\\/\\\/cvinoticias.com\\\/v3\\\/#organization\",\"name\":\"CVI NOTICIAS\",\"url\":\"https:\\\/\\\/cvinoticias.com\\\/v3\\\/\",\"logo\":{\"@type\":\"ImageObject\",\"inLanguage\":\"es\",\"@id\":\"https:\\\/\\\/cvinoticias.com\\\/v3\\\/#\\\/schema\\\/logo\\\/image\\\/\",\"url\":\"https:\\\/\\\/cvinoticias.com\\\/wp-content\\\/uploads\\\/2023\\\/04\\\/cropped-cropped-cropped-cropped-cropped-3-1.png\",\"contentUrl\":\"https:\\\/\\\/cvinoticias.com\\\/wp-content\\\/uploads\\\/2023\\\/04\\\/cropped-cropped-cropped-cropped-cropped-3-1.png\",\"width\":95,\"height\":122,\"caption\":\"CVI NOTICIAS\"},\"image\":{\"@id\":\"https:\\\/\\\/cvinoticias.com\\\/v3\\\/#\\\/schema\\\/logo\\\/image\\\/\"},\"sameAs\":[\"https:\\\/\\\/www.facebook.com\\\/cvinoticias\",\"https:\\\/\\\/www.instagram.com\\\/cvinoticias\\\/\",\"https:\\\/\\\/www.youtube.com\\\/@CVINOTICIAS\"]},{\"@type\":\"Person\",\"@id\":\"https:\\\/\\\/cvinoticias.com\\\/v3\\\/#\\\/schema\\\/person\\\/2db77e3c6bc03c538495d7b2b8be9b66\",\"name\":\"f1000024\",\"image\":{\"@type\":\"ImageObject\",\"inLanguage\":\"es\",\"@id\":\"https:\\\/\\\/secure.gravatar.com\\\/avatar\\\/d4fe7459cfc51ff5129ce1a732bbef5928568b8092d412ef95611616376bbeed?s=96&d=mm&r=g\",\"url\":\"https:\\\/\\\/secure.gravatar.com\\\/avatar\\\/d4fe7459cfc51ff5129ce1a732bbef5928568b8092d412ef95611616376bbeed?s=96&d=mm&r=g\",\"contentUrl\":\"https:\\\/\\\/secure.gravatar.com\\\/avatar\\\/d4fe7459cfc51ff5129ce1a732bbef5928568b8092d412ef95611616376bbeed?s=96&d=mm&r=g\",\"caption\":\"f1000024\"},\"url\":\"https:\\\/\\\/cvinoticias.com\\\/v3\\\/author\\\/f1000024\\\/\"}]}<\/script>\n<!-- \/ Yoast SEO plugin. -->","yoast_head_json":{"title":"Estiman que 1,5 millones de turistas se desplazar\u00e1n por el pa\u00eds. | CVI NOTICIAS","robots":{"index":"index","follow":"follow","max-snippet":"max-snippet:-1","max-image-preview":"max-image-preview:large","max-video-preview":"max-video-preview:-1"},"canonical":"https:\/\/cvinoticias.com\/v3\/estiman-que-15-millones-de-turistas-se-desplazaran-por-el-pais\/","og_locale":"es_ES","og_type":"article","og_title":"Estiman que 1,5 millones de turistas se desplazar\u00e1n por el pa\u00eds. | CVI NOTICIAS","og_description":"De acuerdo a los primeros relevamientos del Observatorio Argentino de Turismo (OAT), se espera un fin de semana XXL r\u00e9cord, con m\u00e1s de 1,5 millones de turistas desplaz\u00e1ndose por el pa\u00eds y un impacto econ\u00f3mico superior a los $100 mil millones, impulsado por la quinta edici\u00f3n del programa PreViaje. Al intenso movimiento de turismo interno [&hellip;]","og_url":"https:\/\/cvinoticias.com\/v3\/estiman-que-15-millones-de-turistas-se-desplazaran-por-el-pais\/","og_site_name":"CVI NOTICIAS","article_publisher":"https:\/\/www.facebook.com\/cvinoticias","article_published_time":"2023-10-13T05:37:10+00:00","og_image":[{"width":1200,"height":1200,"url":"https:\/\/cvinoticias.com\/wp-content\/uploads\/2023\/10\/IMG_20231011_161625_796.webp","type":"image\/webp"}],"author":"f1000024","twitter_card":"summary_large_image","twitter_misc":{"Escrito por":"f1000024","Tiempo de lectura":"2 minutos"},"schema":{"@context":"https:\/\/schema.org","@graph":[{"@type":"Article","@id":"https:\/\/cvinoticias.com\/v3\/estiman-que-15-millones-de-turistas-se-desplazaran-por-el-pais\/#article","isPartOf":{"@id":"https:\/\/cvinoticias.com\/v3\/estiman-que-15-millones-de-turistas-se-desplazaran-por-el-pais\/"},"author":{"name":"f1000024","@id":"https:\/\/cvinoticias.com\/v3\/#\/schema\/person\/2db77e3c6bc03c538495d7b2b8be9b66"},"headline":"Estiman que 1,5 millones de turistas se desplazar\u00e1n por el pa\u00eds.","datePublished":"2023-10-13T05:37:10+00:00","mainEntityOfPage":{"@id":"https:\/\/cvinoticias.com\/v3\/estiman-que-15-millones-de-turistas-se-desplazaran-por-el-pais\/"},"wordCount":371,"commentCount":0,"publisher":{"@id":"https:\/\/cvinoticias.com\/v3\/#organization"},"image":{"@id":"https:\/\/cvinoticias.com\/v3\/estiman-que-15-millones-de-turistas-se-desplazaran-por-el-pais\/#primaryimage"},"thumbnailUrl":"https:\/\/cvinoticias.com\/wp-content\/uploads\/2023\/10\/IMG_20231011_161625_796.webp","articleSection":["Turismo"],"inLanguage":"es","potentialAction":[{"@type":"CommentAction","name":"Comment","target":["https:\/\/cvinoticias.com\/v3\/estiman-que-15-millones-de-turistas-se-desplazaran-por-el-pais\/#respond"]}]},{"@type":"WebPage","@id":"https:\/\/cvinoticias.com\/v3\/estiman-que-15-millones-de-turistas-se-desplazaran-por-el-pais\/","url":"https:\/\/cvinoticias.com\/v3\/estiman-que-15-millones-de-turistas-se-desplazaran-por-el-pais\/","name":"Estiman que 1,5 millones de turistas se desplazar\u00e1n por el pa\u00eds. | CVI NOTICIAS","isPartOf":{"@id":"https:\/\/cvinoticias.com\/v3\/#website"},"primaryImageOfPage":{"@id":"https:\/\/cvinoticias.com\/v3\/estiman-que-15-millones-de-turistas-se-desplazaran-por-el-pais\/#primaryimage"},"image":{"@id":"https:\/\/cvinoticias.com\/v3\/estiman-que-15-millones-de-turistas-se-desplazaran-por-el-pais\/#primaryimage"},"thumbnailUrl":"https:\/\/cvinoticias.com\/wp-content\/uploads\/2023\/10\/IMG_20231011_161625_796.webp","datePublished":"2023-10-13T05:37:10+00:00","breadcrumb":{"@id":"https:\/\/cvinoticias.com\/v3\/estiman-que-15-millones-de-turistas-se-desplazaran-por-el-pais\/#breadcrumb"},"inLanguage":"es","potentialAction":[{"@type":"ReadAction","target":["https:\/\/cvinoticias.com\/v3\/estiman-que-15-millones-de-turistas-se-desplazaran-por-el-pais\/"]}]},{"@type":"ImageObject","inLanguage":"es","@id":"https:\/\/cvinoticias.com\/v3\/estiman-que-15-millones-de-turistas-se-desplazaran-por-el-pais\/#primaryimage","url":"https:\/\/cvinoticias.com\/wp-content\/uploads\/2023\/10\/IMG_20231011_161625_796.webp","contentUrl":"https:\/\/cvinoticias.com\/wp-content\/uploads\/2023\/10\/IMG_20231011_161625_796.webp","width":1200,"height":1200},{"@type":"BreadcrumbList","@id":"https:\/\/cvinoticias.com\/v3\/estiman-que-15-millones-de-turistas-se-desplazaran-por-el-pais\/#breadcrumb","itemListElement":[{"@type":"ListItem","position":1,"name":"Portada","item":"https:\/\/cvinoticias.com\/v3\/"},{"@type":"ListItem","position":2,"name":"Estiman que 1,5 millones de turistas se desplazar\u00e1n por el pa\u00eds."}]},{"@type":"WebSite","@id":"https:\/\/cvinoticias.com\/v3\/#website","url":"https:\/\/cvinoticias.com\/v3\/","name":"CVI NOTICIAS","description":"","publisher":{"@id":"https:\/\/cvinoticias.com\/v3\/#organization"},"alternateName":"CVI","potentialAction":[{"@type":"SearchAction","target":{"@type":"EntryPoint","urlTemplate":"https:\/\/cvinoticias.com\/v3\/?s={search_term_string}"},"query-input":{"@type":"PropertyValueSpecification","valueRequired":true,"valueName":"search_term_string"}}],"inLanguage":"es"},{"@type":"Organization","@id":"https:\/\/cvinoticias.com\/v3\/#organization","name":"CVI NOTICIAS","url":"https:\/\/cvinoticias.com\/v3\/","logo":{"@type":"ImageObject","inLanguage":"es","@id":"https:\/\/cvinoticias.com\/v3\/#\/schema\/logo\/image\/","url":"https:\/\/cvinoticias.com\/wp-content\/uploads\/2023\/04\/cropped-cropped-cropped-cropped-cropped-3-1.png","contentUrl":"https:\/\/cvinoticias.com\/wp-content\/uploads\/2023\/04\/cropped-cropped-cropped-cropped-cropped-3-1.png","width":95,"height":122,"caption":"CVI NOTICIAS"},"image":{"@id":"https:\/\/cvinoticias.com\/v3\/#\/schema\/logo\/image\/"},"sameAs":["https:\/\/www.facebook.com\/cvinoticias","https:\/\/www.instagram.com\/cvinoticias\/","https:\/\/www.youtube.com\/@CVINOTICIAS"]},{"@type":"Person","@id":"https:\/\/cvinoticias.com\/v3\/#\/schema\/person\/2db77e3c6bc03c538495d7b2b8be9b66","name":"f1000024","image":{"@type":"ImageObject","inLanguage":"es","@id":"https:\/\/secure.gravatar.com\/avatar\/d4fe7459cfc51ff5129ce1a732bbef5928568b8092d412ef95611616376bbeed?s=96&d=mm&r=g","url":"https:\/\/secure.gravatar.com\/avatar\/d4fe7459cfc51ff5129ce1a732bbef5928568b8092d412ef95611616376bbeed?s=96&d=mm&r=g","contentUrl":"https:\/\/secure.gravatar.com\/avatar\/d4fe7459cfc51ff5129ce1a732bbef5928568b8092d412ef95611616376bbeed?s=96&d=mm&r=g","caption":"f1000024"},"url":"https:\/\/cvinoticias.com\/v3\/author\/f1000024\/"}]}},"_links":{"self":[{"href":"https:\/\/cvinoticias.com\/v3\/wp-json\/wp\/v2\/posts\/28894","targetHints":{"allow":["GET"]}}],"collection":[{"href":"https:\/\/cvinoticias.com\/v3\/wp-json\/wp\/v2\/posts"}],"about":[{"href":"https:\/\/cvinoticias.com\/v3\/wp-json\/wp\/v2\/types\/post"}],"author":[{"embeddable":true,"href":"https:\/\/cvinoticias.com\/v3\/wp-json\/wp\/v2\/users\/2"}],"replies":[{"embeddable":true,"href":"https:\/\/cvinoticias.com\/v3\/wp-json\/wp\/v2\/comments?post=28894"}],"version-history":[{"count":1,"href":"https:\/\/cvinoticias.com\/v3\/wp-json\/wp\/v2\/posts\/28894\/revisions"}],"predecessor-version":[{"id":28896,"href":"https:\/\/cvinoticias.com\/v3\/wp-json\/wp\/v2\/posts\/28894\/revisions\/28896"}],"wp:featuredmedia":[{"embeddable":true,"href":"https:\/\/cvinoticias.com\/v3\/wp-json\/wp\/v2\/media\/28895"}],"wp:attachment":[{"href":"https:\/\/cvinoticias.com\/v3\/wp-json\/wp\/v2\/media?parent=28894"}],"wp:term":[{"taxonomy":"category","embeddable":true,"href":"https:\/\/cvinoticias.com\/v3\/wp-json\/wp\/v2\/categories?post=28894"},{"taxonomy":"post_tag","embeddable":true,"href":"https:\/\/cvinoticias.com\/v3\/wp-json\/wp\/v2\/tags?post=28894"}],"curies":[{"name":"wp","href":"https:\/\/api.w.org\/{rel}","templated":true}]}}