{"id":28819,"date":"2023-10-12T02:16:46","date_gmt":"2023-10-12T02:16:46","guid":{"rendered":"https:\/\/cvinoticias.com\/v3\/?p=28819"},"modified":"2023-10-12T16:07:28","modified_gmt":"2023-10-12T16:07:28","slug":"macri-visito-miercoles-misiones","status":"publish","type":"post","link":"https:\/\/cvinoticias.com\/v3\/macri-visito-miercoles-misiones\/","title":{"rendered":"Macri visit\u00f3 Misiones"},"content":{"rendered":"\n<p><strong><em>Este mi\u00e9rcoles, en la Ciudad de Posadas, el ex presidente Mauricio Macri respald\u00f3 la candidatura de Bullrich, \u201cPatricia es la \u00fanica que est\u00e1 capacitada para encarar el cambio\u201d<\/em><\/strong><\/p>\n\n\n\n<p>Patricia va a demostrar en el ballotage con Milei que ella es la \u00fanica que est\u00e1 preparada para llevar adelante el cambio a fondo. Cuando yo asum\u00ed la Presidencia me sent\u00eda s\u00f3lo, ten\u00edamos apenas cuatro gobernadores. Ahora hay una estructura s\u00f3lida, con gobernadores, senadores y diputados que van a apoyar a Patricia para hacer el verdadero cambio. Es algo que no se puede hacer solo porque si vas solo se te meten en un minuto las mafias que quieren mantener sus privilegios\u201d, afirm\u00f3 el ex presidente Mauricio Macri durante una visita a la provincia de Misiones.<\/p>\n\n\n\n<p>En un acto realizado en el Hotel Julio C\u00e9sar, Macri cuestion\u00f3 duramente al Gobierno, al se\u00f1alar que \u201cperdi\u00f3 totalmente el rumbo y lo \u00fanico que hace es mentir. Massa dice que va a terminar con la inflaci\u00f3n, justo \u00e9l que nos est\u00e1 llevando a la hiperinflaci\u00f3n\u201d.<\/p>\n\n\n\n<p>\u201cEn el debate se not\u00f3 claramente que la que se plant\u00f3 y no va a dar marcha atr\u00e1s es Patricia. Tiene los valores, la convicci\u00f3n y la espalda pol\u00edtica necesaria para cambiar definitivamente la Argentina\u201d, sostuvo Macri.<\/p>\n\n\n\n<p>\u201cCuando asuma Patricia va a haber previsibilidad. La gente va a saber que se levanta todos los d\u00edas y puede ir normalmente a trabajar, sin que te roben, porque como dice nuestra candidata vamos a tener un pa\u00eds ordenado\u201d.<\/p>\n\n\n\n<p>\u201cNinguno se anima a poner una f\u00e1brica ac\u00e1 por los impuestos que cobran, las trabas que te ponen. Y si no hay inversi\u00f3n no se genera empleo\u201d, enfatiz\u00f3.<\/p>\n\n\n\n<p>Acompa\u00f1aron al ex mandatario el candidato a senador Mart\u00edn Goerling, a senadora, Carolina Gross, a diputado nacional Emmanuel Bianchetti y al Parlasur, Gustavo Gonz\u00e1lez, entre otros dirigentes.<\/p>\n\n\n\n<p>Goerling agradeci\u00f3 la presencia de Macri y asegur\u00f3 que \u201cPatricia va a ganar la elecci\u00f3n. Tenemos una fuerza pol\u00edtica con mucho m\u00fasculo, con concejales hasta en el rinc\u00f3n m\u00e1s alejado y por eso somos los \u00fanicos capaces de encarar el cambio\u201d. El candidato sostuvo que \u201cestamos convencidos de que vamos a darle a Misiones los dos senadores\u201d.<br>Macri destac\u00f3 \u201cla generosidad de Humberto Schiavoni de no presentarse a la reelecci\u00f3n, lo voy a extra\u00f1ar como senador, pero estoy seguro de que Mart\u00edn Goerling tambi\u00e9n ser\u00e1 un gran senador\u201d.<\/p>\n","protected":false},"excerpt":{"rendered":"<p>Este mi\u00e9rcoles, en la Ciudad de Posadas, el ex presidente Mauricio Macri respald\u00f3 la candidatura de Bullrich, \u201cPatricia es la \u00fanica que est\u00e1 capacitada para encarar el cambio\u201d Patricia va a demostrar en el ballotage con Milei que ella es la \u00fanica que est\u00e1 preparada para llevar adelante el cambio a fondo. Cuando yo asum\u00ed [&hellip;]<\/p>\n","protected":false},"author":2,"featured_media":28820,"comment_status":"open","ping_status":"open","sticky":false,"template":"","format":"standard","meta":{"footnotes":""},"categories":[42],"tags":[],"class_list":["post-28819","post","type-post","status-publish","format-standard","has-post-thumbnail","hentry","category-politica"],"yoast_head":"<!-- This site is optimized with the Yoast SEO plugin v27.5 - https:\/\/yoast.com\/product\/yoast-seo-wordpress\/ -->\n<title>Macri visit\u00f3 Misiones | CVI NOTICIAS<\/title>\n<meta name=\"robots\" content=\"index, follow, max-snippet:-1, max-image-preview:large, max-video-preview:-1\" \/>\n<link rel=\"canonical\" href=\"https:\/\/cvinoticias.com\/v3\/macri-visito-miercoles-misiones\/\" \/>\n<meta property=\"og:locale\" content=\"es_ES\" \/>\n<meta property=\"og:type\" content=\"article\" \/>\n<meta property=\"og:title\" content=\"Macri visit\u00f3 Misiones | CVI NOTICIAS\" \/>\n<meta property=\"og:description\" content=\"Este mi\u00e9rcoles, en la Ciudad de Posadas, el ex presidente Mauricio Macri respald\u00f3 la candidatura de Bullrich, \u201cPatricia es la \u00fanica que est\u00e1 capacitada para encarar el cambio\u201d Patricia va a demostrar en el ballotage con Milei que ella es la \u00fanica que est\u00e1 preparada para llevar adelante el cambio a fondo. Cuando yo asum\u00ed [&hellip;]\" \/>\n<meta property=\"og:url\" content=\"https:\/\/cvinoticias.com\/v3\/macri-visito-miercoles-misiones\/\" \/>\n<meta property=\"og:site_name\" content=\"CVI NOTICIAS\" \/>\n<meta property=\"article:publisher\" content=\"https:\/\/www.facebook.com\/cvinoticias\" \/>\n<meta property=\"article:published_time\" content=\"2023-10-12T02:16:46+00:00\" \/>\n<meta property=\"article:modified_time\" content=\"2023-10-12T16:07:28+00:00\" \/>\n<meta property=\"og:image\" content=\"https:\/\/cvinoticias.com\/wp-content\/uploads\/2023\/10\/IMG-20231011-WA0940-scaled.jpg\" \/>\n\t<meta property=\"og:image:width\" content=\"2560\" \/>\n\t<meta property=\"og:image:height\" content=\"1920\" \/>\n\t<meta property=\"og:image:type\" content=\"image\/jpeg\" \/>\n<meta name=\"author\" content=\"f1000024\" \/>\n<meta name=\"twitter:card\" content=\"summary_large_image\" \/>\n<meta name=\"twitter:label1\" content=\"Escrito por\" \/>\n\t<meta name=\"twitter:data1\" content=\"f1000024\" \/>\n\t<meta name=\"twitter:label2\" content=\"Tiempo de lectura\" \/>\n\t<meta name=\"twitter:data2\" content=\"2 minutos\" \/>\n<script type=\"application\/ld+json\" class=\"yoast-schema-graph\">{\"@context\":\"https:\\\/\\\/schema.org\",\"@graph\":[{\"@type\":\"Article\",\"@id\":\"https:\\\/\\\/cvinoticias.com\\\/v3\\\/macri-visito-miercoles-misiones\\\/#article\",\"isPartOf\":{\"@id\":\"https:\\\/\\\/cvinoticias.com\\\/v3\\\/macri-visito-miercoles-misiones\\\/\"},\"author\":{\"name\":\"f1000024\",\"@id\":\"https:\\\/\\\/cvinoticias.com\\\/v3\\\/#\\\/schema\\\/person\\\/2db77e3c6bc03c538495d7b2b8be9b66\"},\"headline\":\"Macri visit\u00f3 Misiones\",\"datePublished\":\"2023-10-12T02:16:46+00:00\",\"dateModified\":\"2023-10-12T16:07:28+00:00\",\"mainEntityOfPage\":{\"@id\":\"https:\\\/\\\/cvinoticias.com\\\/v3\\\/macri-visito-miercoles-misiones\\\/\"},\"wordCount\":420,\"commentCount\":0,\"publisher\":{\"@id\":\"https:\\\/\\\/cvinoticias.com\\\/v3\\\/#organization\"},\"image\":{\"@id\":\"https:\\\/\\\/cvinoticias.com\\\/v3\\\/macri-visito-miercoles-misiones\\\/#primaryimage\"},\"thumbnailUrl\":\"https:\\\/\\\/cvinoticias.com\\\/wp-content\\\/uploads\\\/2023\\\/10\\\/IMG-20231011-WA0940-scaled.jpg\",\"articleSection\":[\"Politica\"],\"inLanguage\":\"es\",\"potentialAction\":[{\"@type\":\"CommentAction\",\"name\":\"Comment\",\"target\":[\"https:\\\/\\\/cvinoticias.com\\\/v3\\\/macri-visito-miercoles-misiones\\\/#respond\"]}]},{\"@type\":\"WebPage\",\"@id\":\"https:\\\/\\\/cvinoticias.com\\\/v3\\\/macri-visito-miercoles-misiones\\\/\",\"url\":\"https:\\\/\\\/cvinoticias.com\\\/v3\\\/macri-visito-miercoles-misiones\\\/\",\"name\":\"Macri visit\u00f3 Misiones | CVI NOTICIAS\",\"isPartOf\":{\"@id\":\"https:\\\/\\\/cvinoticias.com\\\/v3\\\/#website\"},\"primaryImageOfPage\":{\"@id\":\"https:\\\/\\\/cvinoticias.com\\\/v3\\\/macri-visito-miercoles-misiones\\\/#primaryimage\"},\"image\":{\"@id\":\"https:\\\/\\\/cvinoticias.com\\\/v3\\\/macri-visito-miercoles-misiones\\\/#primaryimage\"},\"thumbnailUrl\":\"https:\\\/\\\/cvinoticias.com\\\/wp-content\\\/uploads\\\/2023\\\/10\\\/IMG-20231011-WA0940-scaled.jpg\",\"datePublished\":\"2023-10-12T02:16:46+00:00\",\"dateModified\":\"2023-10-12T16:07:28+00:00\",\"breadcrumb\":{\"@id\":\"https:\\\/\\\/cvinoticias.com\\\/v3\\\/macri-visito-miercoles-misiones\\\/#breadcrumb\"},\"inLanguage\":\"es\",\"potentialAction\":[{\"@type\":\"ReadAction\",\"target\":[\"https:\\\/\\\/cvinoticias.com\\\/v3\\\/macri-visito-miercoles-misiones\\\/\"]}]},{\"@type\":\"ImageObject\",\"inLanguage\":\"es\",\"@id\":\"https:\\\/\\\/cvinoticias.com\\\/v3\\\/macri-visito-miercoles-misiones\\\/#primaryimage\",\"url\":\"https:\\\/\\\/cvinoticias.com\\\/wp-content\\\/uploads\\\/2023\\\/10\\\/IMG-20231011-WA0940-scaled.jpg\",\"contentUrl\":\"https:\\\/\\\/cvinoticias.com\\\/wp-content\\\/uploads\\\/2023\\\/10\\\/IMG-20231011-WA0940-scaled.jpg\",\"width\":2560,\"height\":1920},{\"@type\":\"BreadcrumbList\",\"@id\":\"https:\\\/\\\/cvinoticias.com\\\/v3\\\/macri-visito-miercoles-misiones\\\/#breadcrumb\",\"itemListElement\":[{\"@type\":\"ListItem\",\"position\":1,\"name\":\"Portada\",\"item\":\"https:\\\/\\\/cvinoticias.com\\\/v3\\\/\"},{\"@type\":\"ListItem\",\"position\":2,\"name\":\"Macri visit\u00f3 Misiones\"}]},{\"@type\":\"WebSite\",\"@id\":\"https:\\\/\\\/cvinoticias.com\\\/v3\\\/#website\",\"url\":\"https:\\\/\\\/cvinoticias.com\\\/v3\\\/\",\"name\":\"CVI NOTICIAS\",\"description\":\"\",\"publisher\":{\"@id\":\"https:\\\/\\\/cvinoticias.com\\\/v3\\\/#organization\"},\"alternateName\":\"CVI\",\"potentialAction\":[{\"@type\":\"SearchAction\",\"target\":{\"@type\":\"EntryPoint\",\"urlTemplate\":\"https:\\\/\\\/cvinoticias.com\\\/v3\\\/?s={search_term_string}\"},\"query-input\":{\"@type\":\"PropertyValueSpecification\",\"valueRequired\":true,\"valueName\":\"search_term_string\"}}],\"inLanguage\":\"es\"},{\"@type\":\"Organization\",\"@id\":\"https:\\\/\\\/cvinoticias.com\\\/v3\\\/#organization\",\"name\":\"CVI NOTICIAS\",\"url\":\"https:\\\/\\\/cvinoticias.com\\\/v3\\\/\",\"logo\":{\"@type\":\"ImageObject\",\"inLanguage\":\"es\",\"@id\":\"https:\\\/\\\/cvinoticias.com\\\/v3\\\/#\\\/schema\\\/logo\\\/image\\\/\",\"url\":\"https:\\\/\\\/cvinoticias.com\\\/wp-content\\\/uploads\\\/2023\\\/04\\\/cropped-cropped-cropped-cropped-cropped-3-1.png\",\"contentUrl\":\"https:\\\/\\\/cvinoticias.com\\\/wp-content\\\/uploads\\\/2023\\\/04\\\/cropped-cropped-cropped-cropped-cropped-3-1.png\",\"width\":95,\"height\":122,\"caption\":\"CVI NOTICIAS\"},\"image\":{\"@id\":\"https:\\\/\\\/cvinoticias.com\\\/v3\\\/#\\\/schema\\\/logo\\\/image\\\/\"},\"sameAs\":[\"https:\\\/\\\/www.facebook.com\\\/cvinoticias\",\"https:\\\/\\\/www.instagram.com\\\/cvinoticias\\\/\",\"https:\\\/\\\/www.youtube.com\\\/@CVINOTICIAS\"]},{\"@type\":\"Person\",\"@id\":\"https:\\\/\\\/cvinoticias.com\\\/v3\\\/#\\\/schema\\\/person\\\/2db77e3c6bc03c538495d7b2b8be9b66\",\"name\":\"f1000024\",\"image\":{\"@type\":\"ImageObject\",\"inLanguage\":\"es\",\"@id\":\"https:\\\/\\\/secure.gravatar.com\\\/avatar\\\/d4fe7459cfc51ff5129ce1a732bbef5928568b8092d412ef95611616376bbeed?s=96&d=mm&r=g\",\"url\":\"https:\\\/\\\/secure.gravatar.com\\\/avatar\\\/d4fe7459cfc51ff5129ce1a732bbef5928568b8092d412ef95611616376bbeed?s=96&d=mm&r=g\",\"contentUrl\":\"https:\\\/\\\/secure.gravatar.com\\\/avatar\\\/d4fe7459cfc51ff5129ce1a732bbef5928568b8092d412ef95611616376bbeed?s=96&d=mm&r=g\",\"caption\":\"f1000024\"},\"url\":\"https:\\\/\\\/cvinoticias.com\\\/v3\\\/author\\\/f1000024\\\/\"}]}<\/script>\n<!-- \/ Yoast SEO plugin. -->","yoast_head_json":{"title":"Macri visit\u00f3 Misiones | CVI NOTICIAS","robots":{"index":"index","follow":"follow","max-snippet":"max-snippet:-1","max-image-preview":"max-image-preview:large","max-video-preview":"max-video-preview:-1"},"canonical":"https:\/\/cvinoticias.com\/v3\/macri-visito-miercoles-misiones\/","og_locale":"es_ES","og_type":"article","og_title":"Macri visit\u00f3 Misiones | CVI NOTICIAS","og_description":"Este mi\u00e9rcoles, en la Ciudad de Posadas, el ex presidente Mauricio Macri respald\u00f3 la candidatura de Bullrich, \u201cPatricia es la \u00fanica que est\u00e1 capacitada para encarar el cambio\u201d Patricia va a demostrar en el ballotage con Milei que ella es la \u00fanica que est\u00e1 preparada para llevar adelante el cambio a fondo. Cuando yo asum\u00ed [&hellip;]","og_url":"https:\/\/cvinoticias.com\/v3\/macri-visito-miercoles-misiones\/","og_site_name":"CVI NOTICIAS","article_publisher":"https:\/\/www.facebook.com\/cvinoticias","article_published_time":"2023-10-12T02:16:46+00:00","article_modified_time":"2023-10-12T16:07:28+00:00","og_image":[{"width":2560,"height":1920,"url":"https:\/\/cvinoticias.com\/wp-content\/uploads\/2023\/10\/IMG-20231011-WA0940-scaled.jpg","type":"image\/jpeg"}],"author":"f1000024","twitter_card":"summary_large_image","twitter_misc":{"Escrito por":"f1000024","Tiempo de lectura":"2 minutos"},"schema":{"@context":"https:\/\/schema.org","@graph":[{"@type":"Article","@id":"https:\/\/cvinoticias.com\/v3\/macri-visito-miercoles-misiones\/#article","isPartOf":{"@id":"https:\/\/cvinoticias.com\/v3\/macri-visito-miercoles-misiones\/"},"author":{"name":"f1000024","@id":"https:\/\/cvinoticias.com\/v3\/#\/schema\/person\/2db77e3c6bc03c538495d7b2b8be9b66"},"headline":"Macri visit\u00f3 Misiones","datePublished":"2023-10-12T02:16:46+00:00","dateModified":"2023-10-12T16:07:28+00:00","mainEntityOfPage":{"@id":"https:\/\/cvinoticias.com\/v3\/macri-visito-miercoles-misiones\/"},"wordCount":420,"commentCount":0,"publisher":{"@id":"https:\/\/cvinoticias.com\/v3\/#organization"},"image":{"@id":"https:\/\/cvinoticias.com\/v3\/macri-visito-miercoles-misiones\/#primaryimage"},"thumbnailUrl":"https:\/\/cvinoticias.com\/wp-content\/uploads\/2023\/10\/IMG-20231011-WA0940-scaled.jpg","articleSection":["Politica"],"inLanguage":"es","potentialAction":[{"@type":"CommentAction","name":"Comment","target":["https:\/\/cvinoticias.com\/v3\/macri-visito-miercoles-misiones\/#respond"]}]},{"@type":"WebPage","@id":"https:\/\/cvinoticias.com\/v3\/macri-visito-miercoles-misiones\/","url":"https:\/\/cvinoticias.com\/v3\/macri-visito-miercoles-misiones\/","name":"Macri visit\u00f3 Misiones | CVI NOTICIAS","isPartOf":{"@id":"https:\/\/cvinoticias.com\/v3\/#website"},"primaryImageOfPage":{"@id":"https:\/\/cvinoticias.com\/v3\/macri-visito-miercoles-misiones\/#primaryimage"},"image":{"@id":"https:\/\/cvinoticias.com\/v3\/macri-visito-miercoles-misiones\/#primaryimage"},"thumbnailUrl":"https:\/\/cvinoticias.com\/wp-content\/uploads\/2023\/10\/IMG-20231011-WA0940-scaled.jpg","datePublished":"2023-10-12T02:16:46+00:00","dateModified":"2023-10-12T16:07:28+00:00","breadcrumb":{"@id":"https:\/\/cvinoticias.com\/v3\/macri-visito-miercoles-misiones\/#breadcrumb"},"inLanguage":"es","potentialAction":[{"@type":"ReadAction","target":["https:\/\/cvinoticias.com\/v3\/macri-visito-miercoles-misiones\/"]}]},{"@type":"ImageObject","inLanguage":"es","@id":"https:\/\/cvinoticias.com\/v3\/macri-visito-miercoles-misiones\/#primaryimage","url":"https:\/\/cvinoticias.com\/wp-content\/uploads\/2023\/10\/IMG-20231011-WA0940-scaled.jpg","contentUrl":"https:\/\/cvinoticias.com\/wp-content\/uploads\/2023\/10\/IMG-20231011-WA0940-scaled.jpg","width":2560,"height":1920},{"@type":"BreadcrumbList","@id":"https:\/\/cvinoticias.com\/v3\/macri-visito-miercoles-misiones\/#breadcrumb","itemListElement":[{"@type":"ListItem","position":1,"name":"Portada","item":"https:\/\/cvinoticias.com\/v3\/"},{"@type":"ListItem","position":2,"name":"Macri visit\u00f3 Misiones"}]},{"@type":"WebSite","@id":"https:\/\/cvinoticias.com\/v3\/#website","url":"https:\/\/cvinoticias.com\/v3\/","name":"CVI NOTICIAS","description":"","publisher":{"@id":"https:\/\/cvinoticias.com\/v3\/#organization"},"alternateName":"CVI","potentialAction":[{"@type":"SearchAction","target":{"@type":"EntryPoint","urlTemplate":"https:\/\/cvinoticias.com\/v3\/?s={search_term_string}"},"query-input":{"@type":"PropertyValueSpecification","valueRequired":true,"valueName":"search_term_string"}}],"inLanguage":"es"},{"@type":"Organization","@id":"https:\/\/cvinoticias.com\/v3\/#organization","name":"CVI NOTICIAS","url":"https:\/\/cvinoticias.com\/v3\/","logo":{"@type":"ImageObject","inLanguage":"es","@id":"https:\/\/cvinoticias.com\/v3\/#\/schema\/logo\/image\/","url":"https:\/\/cvinoticias.com\/wp-content\/uploads\/2023\/04\/cropped-cropped-cropped-cropped-cropped-3-1.png","contentUrl":"https:\/\/cvinoticias.com\/wp-content\/uploads\/2023\/04\/cropped-cropped-cropped-cropped-cropped-3-1.png","width":95,"height":122,"caption":"CVI NOTICIAS"},"image":{"@id":"https:\/\/cvinoticias.com\/v3\/#\/schema\/logo\/image\/"},"sameAs":["https:\/\/www.facebook.com\/cvinoticias","https:\/\/www.instagram.com\/cvinoticias\/","https:\/\/www.youtube.com\/@CVINOTICIAS"]},{"@type":"Person","@id":"https:\/\/cvinoticias.com\/v3\/#\/schema\/person\/2db77e3c6bc03c538495d7b2b8be9b66","name":"f1000024","image":{"@type":"ImageObject","inLanguage":"es","@id":"https:\/\/secure.gravatar.com\/avatar\/d4fe7459cfc51ff5129ce1a732bbef5928568b8092d412ef95611616376bbeed?s=96&d=mm&r=g","url":"https:\/\/secure.gravatar.com\/avatar\/d4fe7459cfc51ff5129ce1a732bbef5928568b8092d412ef95611616376bbeed?s=96&d=mm&r=g","contentUrl":"https:\/\/secure.gravatar.com\/avatar\/d4fe7459cfc51ff5129ce1a732bbef5928568b8092d412ef95611616376bbeed?s=96&d=mm&r=g","caption":"f1000024"},"url":"https:\/\/cvinoticias.com\/v3\/author\/f1000024\/"}]}},"_links":{"self":[{"href":"https:\/\/cvinoticias.com\/v3\/wp-json\/wp\/v2\/posts\/28819","targetHints":{"allow":["GET"]}}],"collection":[{"href":"https:\/\/cvinoticias.com\/v3\/wp-json\/wp\/v2\/posts"}],"about":[{"href":"https:\/\/cvinoticias.com\/v3\/wp-json\/wp\/v2\/types\/post"}],"author":[{"embeddable":true,"href":"https:\/\/cvinoticias.com\/v3\/wp-json\/wp\/v2\/users\/2"}],"replies":[{"embeddable":true,"href":"https:\/\/cvinoticias.com\/v3\/wp-json\/wp\/v2\/comments?post=28819"}],"version-history":[{"count":2,"href":"https:\/\/cvinoticias.com\/v3\/wp-json\/wp\/v2\/posts\/28819\/revisions"}],"predecessor-version":[{"id":28865,"href":"https:\/\/cvinoticias.com\/v3\/wp-json\/wp\/v2\/posts\/28819\/revisions\/28865"}],"wp:featuredmedia":[{"embeddable":true,"href":"https:\/\/cvinoticias.com\/v3\/wp-json\/wp\/v2\/media\/28820"}],"wp:attachment":[{"href":"https:\/\/cvinoticias.com\/v3\/wp-json\/wp\/v2\/media?parent=28819"}],"wp:term":[{"taxonomy":"category","embeddable":true,"href":"https:\/\/cvinoticias.com\/v3\/wp-json\/wp\/v2\/categories?post=28819"},{"taxonomy":"post_tag","embeddable":true,"href":"https:\/\/cvinoticias.com\/v3\/wp-json\/wp\/v2\/tags?post=28819"}],"curies":[{"name":"wp","href":"https:\/\/api.w.org\/{rel}","templated":true}]}}