{"id":2880,"date":"2021-02-23T18:25:51","date_gmt":"2021-02-23T18:25:51","guid":{"rendered":"https:\/\/cvinoticias.com\/v3\/?p=2880"},"modified":"2021-02-23T18:25:51","modified_gmt":"2021-02-23T18:25:51","slug":"comenzaron-a-entregar-kits-escolares-para-hijos-de-policias","status":"publish","type":"post","link":"https:\/\/cvinoticias.com\/v3\/comenzaron-a-entregar-kits-escolares-para-hijos-de-policias\/","title":{"rendered":"Comenzaron a entregar kits escolares para hijos de polic\u00edas"},"content":{"rendered":"\n<p><strong><em>En la fecha, la Jefatura de Polic\u00eda a trav\u00e9s de la Direcci\u00f3n General de Administraci\u00f3n, entreg\u00f3 kits escolares para hijos en edad escolar (del nivel primario y secundario) del personal policial activo y retirados, en el \u00e1mbito de las 13 unidades regionales de toda la provincia.<\/em><\/strong><\/p>\n\n\n\n<p>El jefe de la Polic\u00eda de Misiones, comisario general Carlos Miguel Merlo, y el director general de administraci\u00f3n, comisario mayor Claudio Marcelo Ludtke, entregaron esta ma\u00f1ana parte de los elementos escolares que ya est\u00e1n siendo distribuidos en las distintas jurisdicciones de las 13 Unidades Regionales.<\/p>\n\n\n\n<p>Prensa Polic\u00eda Provincial<\/p>\n\n\n\n<figure class=\"wp-block-image size-large\"><a href=\"https:\/\/cvinoticias.com\/wp-content\/uploads\/2021\/02\/FB_IMG_1614104386188.jpg\"><img decoding=\"async\" width=\"819\" height=\"1024\" data-src=\"https:\/\/cvinoticias.com\/wp-content\/uploads\/2021\/02\/FB_IMG_1614104386188-819x1024.jpg\" alt=\"\" class=\"wp-image-2881 lazyload\" data-srcset=\"https:\/\/cvinoticias.com\/wp-content\/uploads\/2021\/02\/FB_IMG_1614104386188-819x1024.jpg 819w, https:\/\/cvinoticias.com\/wp-content\/uploads\/2021\/02\/FB_IMG_1614104386188-240x300.jpg 240w, https:\/\/cvinoticias.com\/wp-content\/uploads\/2021\/02\/FB_IMG_1614104386188-768x960.jpg 768w, https:\/\/cvinoticias.com\/wp-content\/uploads\/2021\/02\/FB_IMG_1614104386188.jpg 958w\" data-sizes=\"(max-width: 819px) 100vw, 819px\" src=\"data:image\/svg+xml;base64,PHN2ZyB3aWR0aD0iMSIgaGVpZ2h0PSIxIiB4bWxucz0iaHR0cDovL3d3dy53My5vcmcvMjAwMC9zdmciPjwvc3ZnPg==\" style=\"--smush-placeholder-width: 819px; --smush-placeholder-aspect-ratio: 819\/1024;\" \/><\/a><\/figure>\n","protected":false},"excerpt":{"rendered":"<p>En la fecha, la Jefatura de Polic\u00eda a trav\u00e9s de la Direcci\u00f3n General de Administraci\u00f3n, entreg\u00f3 kits escolares para hijos en edad escolar (del nivel primario y secundario) del personal policial activo y retirados, en el \u00e1mbito de las 13 unidades regionales de toda la provincia. El jefe de la Polic\u00eda de Misiones, comisario general [&hellip;]<\/p>\n","protected":false},"author":2,"featured_media":2882,"comment_status":"open","ping_status":"open","sticky":false,"template":"","format":"standard","meta":{"footnotes":""},"categories":[41],"tags":[],"class_list":["post-2880","post","type-post","status-publish","format-standard","has-post-thumbnail","hentry","category-policiales"],"yoast_head":"<!-- This site is optimized with the Yoast SEO plugin v27.5 - https:\/\/yoast.com\/product\/yoast-seo-wordpress\/ -->\n<title>Comenzaron a entregar kits escolares para hijos de polic\u00edas | CVI NOTICIAS<\/title>\n<meta name=\"robots\" content=\"index, follow, max-snippet:-1, max-image-preview:large, max-video-preview:-1\" \/>\n<link rel=\"canonical\" href=\"https:\/\/cvinoticias.com\/v3\/comenzaron-a-entregar-kits-escolares-para-hijos-de-policias\/\" \/>\n<meta property=\"og:locale\" content=\"es_ES\" \/>\n<meta property=\"og:type\" content=\"article\" \/>\n<meta property=\"og:title\" content=\"Comenzaron a entregar kits escolares para hijos de polic\u00edas | CVI NOTICIAS\" \/>\n<meta property=\"og:description\" content=\"En la fecha, la Jefatura de Polic\u00eda a trav\u00e9s de la Direcci\u00f3n General de Administraci\u00f3n, entreg\u00f3 kits escolares para hijos en edad escolar (del nivel primario y secundario) del personal policial activo y retirados, en el \u00e1mbito de las 13 unidades regionales de toda la provincia. El jefe de la Polic\u00eda de Misiones, comisario general [&hellip;]\" \/>\n<meta property=\"og:url\" content=\"https:\/\/cvinoticias.com\/v3\/comenzaron-a-entregar-kits-escolares-para-hijos-de-policias\/\" \/>\n<meta property=\"og:site_name\" content=\"CVI NOTICIAS\" \/>\n<meta property=\"article:publisher\" content=\"https:\/\/www.facebook.com\/cvinoticias\" \/>\n<meta property=\"article:published_time\" content=\"2021-02-23T18:25:51+00:00\" \/>\n<meta property=\"og:image\" content=\"https:\/\/cvinoticias.com\/wp-content\/uploads\/2021\/02\/FB_IMG_1614104392069.jpg\" \/>\n\t<meta property=\"og:image:width\" content=\"958\" \/>\n\t<meta property=\"og:image:height\" content=\"1198\" \/>\n\t<meta property=\"og:image:type\" content=\"image\/jpeg\" \/>\n<meta name=\"author\" content=\"f1000024\" \/>\n<meta name=\"twitter:card\" content=\"summary_large_image\" \/>\n<meta name=\"twitter:label1\" content=\"Escrito por\" \/>\n\t<meta name=\"twitter:data1\" content=\"f1000024\" \/>\n\t<meta name=\"twitter:label2\" content=\"Tiempo de lectura\" \/>\n\t<meta name=\"twitter:data2\" content=\"1 minuto\" \/>\n<script type=\"application\/ld+json\" class=\"yoast-schema-graph\">{\"@context\":\"https:\\\/\\\/schema.org\",\"@graph\":[{\"@type\":\"Article\",\"@id\":\"https:\\\/\\\/cvinoticias.com\\\/v3\\\/comenzaron-a-entregar-kits-escolares-para-hijos-de-policias\\\/#article\",\"isPartOf\":{\"@id\":\"https:\\\/\\\/cvinoticias.com\\\/v3\\\/comenzaron-a-entregar-kits-escolares-para-hijos-de-policias\\\/\"},\"author\":{\"name\":\"f1000024\",\"@id\":\"https:\\\/\\\/cvinoticias.com\\\/v3\\\/#\\\/schema\\\/person\\\/2db77e3c6bc03c538495d7b2b8be9b66\"},\"headline\":\"Comenzaron a entregar kits escolares para hijos de polic\u00edas\",\"datePublished\":\"2021-02-23T18:25:51+00:00\",\"mainEntityOfPage\":{\"@id\":\"https:\\\/\\\/cvinoticias.com\\\/v3\\\/comenzaron-a-entregar-kits-escolares-para-hijos-de-policias\\\/\"},\"wordCount\":111,\"commentCount\":1,\"publisher\":{\"@id\":\"https:\\\/\\\/cvinoticias.com\\\/v3\\\/#organization\"},\"image\":{\"@id\":\"https:\\\/\\\/cvinoticias.com\\\/v3\\\/comenzaron-a-entregar-kits-escolares-para-hijos-de-policias\\\/#primaryimage\"},\"thumbnailUrl\":\"https:\\\/\\\/cvinoticias.com\\\/wp-content\\\/uploads\\\/2021\\\/02\\\/FB_IMG_1614104392069.jpg\",\"articleSection\":[\"Policiales\"],\"inLanguage\":\"es\",\"potentialAction\":[{\"@type\":\"CommentAction\",\"name\":\"Comment\",\"target\":[\"https:\\\/\\\/cvinoticias.com\\\/v3\\\/comenzaron-a-entregar-kits-escolares-para-hijos-de-policias\\\/#respond\"]}]},{\"@type\":\"WebPage\",\"@id\":\"https:\\\/\\\/cvinoticias.com\\\/v3\\\/comenzaron-a-entregar-kits-escolares-para-hijos-de-policias\\\/\",\"url\":\"https:\\\/\\\/cvinoticias.com\\\/v3\\\/comenzaron-a-entregar-kits-escolares-para-hijos-de-policias\\\/\",\"name\":\"Comenzaron a entregar kits escolares para hijos de polic\u00edas | CVI NOTICIAS\",\"isPartOf\":{\"@id\":\"https:\\\/\\\/cvinoticias.com\\\/v3\\\/#website\"},\"primaryImageOfPage\":{\"@id\":\"https:\\\/\\\/cvinoticias.com\\\/v3\\\/comenzaron-a-entregar-kits-escolares-para-hijos-de-policias\\\/#primaryimage\"},\"image\":{\"@id\":\"https:\\\/\\\/cvinoticias.com\\\/v3\\\/comenzaron-a-entregar-kits-escolares-para-hijos-de-policias\\\/#primaryimage\"},\"thumbnailUrl\":\"https:\\\/\\\/cvinoticias.com\\\/wp-content\\\/uploads\\\/2021\\\/02\\\/FB_IMG_1614104392069.jpg\",\"datePublished\":\"2021-02-23T18:25:51+00:00\",\"breadcrumb\":{\"@id\":\"https:\\\/\\\/cvinoticias.com\\\/v3\\\/comenzaron-a-entregar-kits-escolares-para-hijos-de-policias\\\/#breadcrumb\"},\"inLanguage\":\"es\",\"potentialAction\":[{\"@type\":\"ReadAction\",\"target\":[\"https:\\\/\\\/cvinoticias.com\\\/v3\\\/comenzaron-a-entregar-kits-escolares-para-hijos-de-policias\\\/\"]}]},{\"@type\":\"ImageObject\",\"inLanguage\":\"es\",\"@id\":\"https:\\\/\\\/cvinoticias.com\\\/v3\\\/comenzaron-a-entregar-kits-escolares-para-hijos-de-policias\\\/#primaryimage\",\"url\":\"https:\\\/\\\/cvinoticias.com\\\/wp-content\\\/uploads\\\/2021\\\/02\\\/FB_IMG_1614104392069.jpg\",\"contentUrl\":\"https:\\\/\\\/cvinoticias.com\\\/wp-content\\\/uploads\\\/2021\\\/02\\\/FB_IMG_1614104392069.jpg\",\"width\":958,\"height\":1198},{\"@type\":\"BreadcrumbList\",\"@id\":\"https:\\\/\\\/cvinoticias.com\\\/v3\\\/comenzaron-a-entregar-kits-escolares-para-hijos-de-policias\\\/#breadcrumb\",\"itemListElement\":[{\"@type\":\"ListItem\",\"position\":1,\"name\":\"Portada\",\"item\":\"https:\\\/\\\/cvinoticias.com\\\/v3\\\/\"},{\"@type\":\"ListItem\",\"position\":2,\"name\":\"Comenzaron a entregar kits escolares para hijos de polic\u00edas\"}]},{\"@type\":\"WebSite\",\"@id\":\"https:\\\/\\\/cvinoticias.com\\\/v3\\\/#website\",\"url\":\"https:\\\/\\\/cvinoticias.com\\\/v3\\\/\",\"name\":\"CVI NOTICIAS\",\"description\":\"\",\"publisher\":{\"@id\":\"https:\\\/\\\/cvinoticias.com\\\/v3\\\/#organization\"},\"alternateName\":\"CVI\",\"potentialAction\":[{\"@type\":\"SearchAction\",\"target\":{\"@type\":\"EntryPoint\",\"urlTemplate\":\"https:\\\/\\\/cvinoticias.com\\\/v3\\\/?s={search_term_string}\"},\"query-input\":{\"@type\":\"PropertyValueSpecification\",\"valueRequired\":true,\"valueName\":\"search_term_string\"}}],\"inLanguage\":\"es\"},{\"@type\":\"Organization\",\"@id\":\"https:\\\/\\\/cvinoticias.com\\\/v3\\\/#organization\",\"name\":\"CVI NOTICIAS\",\"url\":\"https:\\\/\\\/cvinoticias.com\\\/v3\\\/\",\"logo\":{\"@type\":\"ImageObject\",\"inLanguage\":\"es\",\"@id\":\"https:\\\/\\\/cvinoticias.com\\\/v3\\\/#\\\/schema\\\/logo\\\/image\\\/\",\"url\":\"https:\\\/\\\/cvinoticias.com\\\/wp-content\\\/uploads\\\/2023\\\/04\\\/cropped-cropped-cropped-cropped-cropped-3-1.png\",\"contentUrl\":\"https:\\\/\\\/cvinoticias.com\\\/wp-content\\\/uploads\\\/2023\\\/04\\\/cropped-cropped-cropped-cropped-cropped-3-1.png\",\"width\":95,\"height\":122,\"caption\":\"CVI NOTICIAS\"},\"image\":{\"@id\":\"https:\\\/\\\/cvinoticias.com\\\/v3\\\/#\\\/schema\\\/logo\\\/image\\\/\"},\"sameAs\":[\"https:\\\/\\\/www.facebook.com\\\/cvinoticias\",\"https:\\\/\\\/www.instagram.com\\\/cvinoticias\\\/\",\"https:\\\/\\\/www.youtube.com\\\/@CVINOTICIAS\"]},{\"@type\":\"Person\",\"@id\":\"https:\\\/\\\/cvinoticias.com\\\/v3\\\/#\\\/schema\\\/person\\\/2db77e3c6bc03c538495d7b2b8be9b66\",\"name\":\"f1000024\",\"image\":{\"@type\":\"ImageObject\",\"inLanguage\":\"es\",\"@id\":\"https:\\\/\\\/secure.gravatar.com\\\/avatar\\\/d4fe7459cfc51ff5129ce1a732bbef5928568b8092d412ef95611616376bbeed?s=96&d=mm&r=g\",\"url\":\"https:\\\/\\\/secure.gravatar.com\\\/avatar\\\/d4fe7459cfc51ff5129ce1a732bbef5928568b8092d412ef95611616376bbeed?s=96&d=mm&r=g\",\"contentUrl\":\"https:\\\/\\\/secure.gravatar.com\\\/avatar\\\/d4fe7459cfc51ff5129ce1a732bbef5928568b8092d412ef95611616376bbeed?s=96&d=mm&r=g\",\"caption\":\"f1000024\"},\"url\":\"https:\\\/\\\/cvinoticias.com\\\/v3\\\/author\\\/f1000024\\\/\"}]}<\/script>\n<!-- \/ Yoast SEO plugin. -->","yoast_head_json":{"title":"Comenzaron a entregar kits escolares para hijos de polic\u00edas | CVI NOTICIAS","robots":{"index":"index","follow":"follow","max-snippet":"max-snippet:-1","max-image-preview":"max-image-preview:large","max-video-preview":"max-video-preview:-1"},"canonical":"https:\/\/cvinoticias.com\/v3\/comenzaron-a-entregar-kits-escolares-para-hijos-de-policias\/","og_locale":"es_ES","og_type":"article","og_title":"Comenzaron a entregar kits escolares para hijos de polic\u00edas | CVI NOTICIAS","og_description":"En la fecha, la Jefatura de Polic\u00eda a trav\u00e9s de la Direcci\u00f3n General de Administraci\u00f3n, entreg\u00f3 kits escolares para hijos en edad escolar (del nivel primario y secundario) del personal policial activo y retirados, en el \u00e1mbito de las 13 unidades regionales de toda la provincia. El jefe de la Polic\u00eda de Misiones, comisario general [&hellip;]","og_url":"https:\/\/cvinoticias.com\/v3\/comenzaron-a-entregar-kits-escolares-para-hijos-de-policias\/","og_site_name":"CVI NOTICIAS","article_publisher":"https:\/\/www.facebook.com\/cvinoticias","article_published_time":"2021-02-23T18:25:51+00:00","og_image":[{"width":958,"height":1198,"url":"https:\/\/cvinoticias.com\/wp-content\/uploads\/2021\/02\/FB_IMG_1614104392069.jpg","type":"image\/jpeg"}],"author":"f1000024","twitter_card":"summary_large_image","twitter_misc":{"Escrito por":"f1000024","Tiempo de lectura":"1 minuto"},"schema":{"@context":"https:\/\/schema.org","@graph":[{"@type":"Article","@id":"https:\/\/cvinoticias.com\/v3\/comenzaron-a-entregar-kits-escolares-para-hijos-de-policias\/#article","isPartOf":{"@id":"https:\/\/cvinoticias.com\/v3\/comenzaron-a-entregar-kits-escolares-para-hijos-de-policias\/"},"author":{"name":"f1000024","@id":"https:\/\/cvinoticias.com\/v3\/#\/schema\/person\/2db77e3c6bc03c538495d7b2b8be9b66"},"headline":"Comenzaron a entregar kits escolares para hijos de polic\u00edas","datePublished":"2021-02-23T18:25:51+00:00","mainEntityOfPage":{"@id":"https:\/\/cvinoticias.com\/v3\/comenzaron-a-entregar-kits-escolares-para-hijos-de-policias\/"},"wordCount":111,"commentCount":1,"publisher":{"@id":"https:\/\/cvinoticias.com\/v3\/#organization"},"image":{"@id":"https:\/\/cvinoticias.com\/v3\/comenzaron-a-entregar-kits-escolares-para-hijos-de-policias\/#primaryimage"},"thumbnailUrl":"https:\/\/cvinoticias.com\/wp-content\/uploads\/2021\/02\/FB_IMG_1614104392069.jpg","articleSection":["Policiales"],"inLanguage":"es","potentialAction":[{"@type":"CommentAction","name":"Comment","target":["https:\/\/cvinoticias.com\/v3\/comenzaron-a-entregar-kits-escolares-para-hijos-de-policias\/#respond"]}]},{"@type":"WebPage","@id":"https:\/\/cvinoticias.com\/v3\/comenzaron-a-entregar-kits-escolares-para-hijos-de-policias\/","url":"https:\/\/cvinoticias.com\/v3\/comenzaron-a-entregar-kits-escolares-para-hijos-de-policias\/","name":"Comenzaron a entregar kits escolares para hijos de polic\u00edas | CVI NOTICIAS","isPartOf":{"@id":"https:\/\/cvinoticias.com\/v3\/#website"},"primaryImageOfPage":{"@id":"https:\/\/cvinoticias.com\/v3\/comenzaron-a-entregar-kits-escolares-para-hijos-de-policias\/#primaryimage"},"image":{"@id":"https:\/\/cvinoticias.com\/v3\/comenzaron-a-entregar-kits-escolares-para-hijos-de-policias\/#primaryimage"},"thumbnailUrl":"https:\/\/cvinoticias.com\/wp-content\/uploads\/2021\/02\/FB_IMG_1614104392069.jpg","datePublished":"2021-02-23T18:25:51+00:00","breadcrumb":{"@id":"https:\/\/cvinoticias.com\/v3\/comenzaron-a-entregar-kits-escolares-para-hijos-de-policias\/#breadcrumb"},"inLanguage":"es","potentialAction":[{"@type":"ReadAction","target":["https:\/\/cvinoticias.com\/v3\/comenzaron-a-entregar-kits-escolares-para-hijos-de-policias\/"]}]},{"@type":"ImageObject","inLanguage":"es","@id":"https:\/\/cvinoticias.com\/v3\/comenzaron-a-entregar-kits-escolares-para-hijos-de-policias\/#primaryimage","url":"https:\/\/cvinoticias.com\/wp-content\/uploads\/2021\/02\/FB_IMG_1614104392069.jpg","contentUrl":"https:\/\/cvinoticias.com\/wp-content\/uploads\/2021\/02\/FB_IMG_1614104392069.jpg","width":958,"height":1198},{"@type":"BreadcrumbList","@id":"https:\/\/cvinoticias.com\/v3\/comenzaron-a-entregar-kits-escolares-para-hijos-de-policias\/#breadcrumb","itemListElement":[{"@type":"ListItem","position":1,"name":"Portada","item":"https:\/\/cvinoticias.com\/v3\/"},{"@type":"ListItem","position":2,"name":"Comenzaron a entregar kits escolares para hijos de polic\u00edas"}]},{"@type":"WebSite","@id":"https:\/\/cvinoticias.com\/v3\/#website","url":"https:\/\/cvinoticias.com\/v3\/","name":"CVI NOTICIAS","description":"","publisher":{"@id":"https:\/\/cvinoticias.com\/v3\/#organization"},"alternateName":"CVI","potentialAction":[{"@type":"SearchAction","target":{"@type":"EntryPoint","urlTemplate":"https:\/\/cvinoticias.com\/v3\/?s={search_term_string}"},"query-input":{"@type":"PropertyValueSpecification","valueRequired":true,"valueName":"search_term_string"}}],"inLanguage":"es"},{"@type":"Organization","@id":"https:\/\/cvinoticias.com\/v3\/#organization","name":"CVI NOTICIAS","url":"https:\/\/cvinoticias.com\/v3\/","logo":{"@type":"ImageObject","inLanguage":"es","@id":"https:\/\/cvinoticias.com\/v3\/#\/schema\/logo\/image\/","url":"https:\/\/cvinoticias.com\/wp-content\/uploads\/2023\/04\/cropped-cropped-cropped-cropped-cropped-3-1.png","contentUrl":"https:\/\/cvinoticias.com\/wp-content\/uploads\/2023\/04\/cropped-cropped-cropped-cropped-cropped-3-1.png","width":95,"height":122,"caption":"CVI NOTICIAS"},"image":{"@id":"https:\/\/cvinoticias.com\/v3\/#\/schema\/logo\/image\/"},"sameAs":["https:\/\/www.facebook.com\/cvinoticias","https:\/\/www.instagram.com\/cvinoticias\/","https:\/\/www.youtube.com\/@CVINOTICIAS"]},{"@type":"Person","@id":"https:\/\/cvinoticias.com\/v3\/#\/schema\/person\/2db77e3c6bc03c538495d7b2b8be9b66","name":"f1000024","image":{"@type":"ImageObject","inLanguage":"es","@id":"https:\/\/secure.gravatar.com\/avatar\/d4fe7459cfc51ff5129ce1a732bbef5928568b8092d412ef95611616376bbeed?s=96&d=mm&r=g","url":"https:\/\/secure.gravatar.com\/avatar\/d4fe7459cfc51ff5129ce1a732bbef5928568b8092d412ef95611616376bbeed?s=96&d=mm&r=g","contentUrl":"https:\/\/secure.gravatar.com\/avatar\/d4fe7459cfc51ff5129ce1a732bbef5928568b8092d412ef95611616376bbeed?s=96&d=mm&r=g","caption":"f1000024"},"url":"https:\/\/cvinoticias.com\/v3\/author\/f1000024\/"}]}},"_links":{"self":[{"href":"https:\/\/cvinoticias.com\/v3\/wp-json\/wp\/v2\/posts\/2880","targetHints":{"allow":["GET"]}}],"collection":[{"href":"https:\/\/cvinoticias.com\/v3\/wp-json\/wp\/v2\/posts"}],"about":[{"href":"https:\/\/cvinoticias.com\/v3\/wp-json\/wp\/v2\/types\/post"}],"author":[{"embeddable":true,"href":"https:\/\/cvinoticias.com\/v3\/wp-json\/wp\/v2\/users\/2"}],"replies":[{"embeddable":true,"href":"https:\/\/cvinoticias.com\/v3\/wp-json\/wp\/v2\/comments?post=2880"}],"version-history":[{"count":1,"href":"https:\/\/cvinoticias.com\/v3\/wp-json\/wp\/v2\/posts\/2880\/revisions"}],"predecessor-version":[{"id":2883,"href":"https:\/\/cvinoticias.com\/v3\/wp-json\/wp\/v2\/posts\/2880\/revisions\/2883"}],"wp:featuredmedia":[{"embeddable":true,"href":"https:\/\/cvinoticias.com\/v3\/wp-json\/wp\/v2\/media\/2882"}],"wp:attachment":[{"href":"https:\/\/cvinoticias.com\/v3\/wp-json\/wp\/v2\/media?parent=2880"}],"wp:term":[{"taxonomy":"category","embeddable":true,"href":"https:\/\/cvinoticias.com\/v3\/wp-json\/wp\/v2\/categories?post=2880"},{"taxonomy":"post_tag","embeddable":true,"href":"https:\/\/cvinoticias.com\/v3\/wp-json\/wp\/v2\/tags?post=2880"}],"curies":[{"name":"wp","href":"https:\/\/api.w.org\/{rel}","templated":true}]}}