{"id":28796,"date":"2023-10-11T12:37:27","date_gmt":"2023-10-11T12:37:27","guid":{"rendered":"https:\/\/cvinoticias.com\/v3\/?p=28796"},"modified":"2023-10-11T12:46:32","modified_gmt":"2023-10-11T12:46:32","slug":"evacuaron-a-un-pueblo-entero-por-los-incendios-en-cordoba","status":"publish","type":"post","link":"https:\/\/cvinoticias.com\/v3\/evacuaron-a-un-pueblo-entero-por-los-incendios-en-cordoba\/","title":{"rendered":"Evacuaron a un pueblo entero por los incendios en C\u00f3rdoba"},"content":{"rendered":"\n<p><strong><em>Al menos 800 personas fueron trasladadas a Tanti, puesto que las llamas amenazaban a los vecinos y la densidad del aire hacia imposible respirar<\/em><\/strong><\/p>\n\n\n\n<p>Los incendios no dan tregua en C\u00f3rdoba y el avance de las llamas amenaza a los vecinos de los pueblos cercanos a la regi\u00f3n de Villa Carlos Paz y el Valle de Punilla. En este contexto, las autoridades evacuaron a un pueblo completo.<\/p>\n\n\n\n<p>En horas de la noche del martes, la jefa comunal de Cabalango, Carla Bruno, orden\u00f3 que todos los vecinos sean evacuados del distrito, debido a que el fuego ingres\u00f3 a la zona urbana, lo que provoca tambi\u00e9n serias dificultades para respirar.<\/p>\n\n\n\n<p>De acuerdo con la informaci\u00f3n una rotaci\u00f3n en el viento complic\u00f3 la situaci\u00f3n para los locales. En un primer momento, las autoridades dieron la orden de evacuar a las personas mayores y ni\u00f1os por el humo, pero luego las llamas continuaron avanzando sobre el pueblo, por lo que tomaron la decisi\u00f3n de evacuar a los 800 habitantes de esa localidad.<\/p>\n\n\n\n<p>Antes de tomar esta decisi\u00f3n, Bruno se refiri\u00f3 a los incendios como \u00abuna verdadera tragedia\u00bb, al tiempo que mencion\u00f3 que \u00abno hay heridos, pero s\u00ed viviendas afectadas\u00bb.<\/p>\n\n\n\n<p>Mientras que las personas fueron trasladadas a Tanti, en el lugar trabajan al menos 40 dotaciones de bomberos para intentar controlar la furia de las llamas.<\/p>\n\n\n\n<p>Cabalango es otro de los distritos afectados por los incendios que, desde hace dos d\u00edas azotan a algunas regiones de la provincia de C\u00f3rdoba. De hecho, la rotaci\u00f3n del viento hacia el sur provoc\u00f3 tambi\u00e9n que algunos focos se reactiven en Villa Carlos Paz.<\/p>\n\n\n\n<p>En San Clemente, por otro lado, el per\u00edmetro del fuego se encuentra inestable, por lo que hay personal instalado para trabajar en controlar los inicios, seg\u00fan asegur\u00f3 el secretario de Gesti\u00f3n de Riesgo Clim\u00e1tico de la Provincia, expres\u00f3 Claudio Vignetta.<\/p>\n\n\n\n<p>Con respecto a la situaci\u00f3n en otros distritos, Vignetta indic\u00f3 que el fuego en Traslasierra, Potrero de Garay, Barranca Yaco y el paraje La Trinchera se encuentra contenido, pero en algunos lugares comenzaron a registrarse reactivaciones.<\/p>\n\n\n\n<p>La peligrosidad en la regi\u00f3n es tal que incluso el gobernador de la provincia, Juan Schiaretti, tuvo que ser evacuado, junto con su equipo cuando recorr\u00eda el \u00e1rea afectada en la zona de Los 400, ubicada en Altos del Valle.<\/p>\n\n\n\n<p>El fuego comenz\u00f3 el lunes, por lo que los brigadistas arribaron al lugar junto con la polic\u00eda luego de que fueran alertados sobre un incendio en el bosque. Tras una serie de trabajos en el lugar, y despu\u00e9s de haber dialogado con los vecinos de la zona, los agentes detuvieron a un joven, acusado de haber generado las llamas.<\/p>\n\n\n\n<p>Se trata de Ulises Xarate, de 27 a\u00f1os. Es el \u00fanico acusado por el incidente y fue imputado por la fiscal Jorgelina G\u00f3mez por incendio culposo, ya que se le atribuye el comienzo de las llamas dado que \u00e9l mismo reconoci\u00f3 haber prendido una fogata para calentar agua en una pava y hacerse un caf\u00e9, tal como precisaron medios locales.<\/p>\n\n\n\n<p>Seg\u00fan los datos del Ministerio de Seguridad local, el principal incendio forestal se ubica en el Valle de Punilla y abarca, adem\u00e1s de las mencionadas, a las localidades de Cuesta Blanca, Icho Cruz, May\u00fa Sumaj, Playa de Oro, San Antonio de Arredondo, Tala Huasi y Playa de Oro.<\/p>\n\n\n\n<p>Desde el gobierno provincial se destinaron 960 bomberos, 8 aviones hidrantes y 2 helic\u00f3pteros para que trabajen en la zona, mientras que el Ministerio de Ambiente y Desarrollo Sostenible envi\u00f3 3 aviones hidrantes, 1 avi\u00f3n observador, 14 combatientes, 3 camionetas 4&#215;4 con equipamiento y 1 helic\u00f3ptero con helibalde, pertenecientes al Servicio Nacional de Manejo de Fuego, para poder reforzar el procedimiento.<\/p>\n\n\n\n<p>En este contexto, las autoridades esperan un cambio en las condiciones metodol\u00f3gicas, puesto que se pronostican lluvias fuertes que facilitar\u00edan el trabajo de los brigadistas.<\/p>\n","protected":false},"excerpt":{"rendered":"<p>Al menos 800 personas fueron trasladadas a Tanti, puesto que las llamas amenazaban a los vecinos y la densidad del aire hacia imposible respirar Los incendios no dan tregua en C\u00f3rdoba y el avance de las llamas amenaza a los vecinos de los pueblos cercanos a la regi\u00f3n de Villa Carlos Paz y el Valle [&hellip;]<\/p>\n","protected":false},"author":2,"featured_media":28797,"comment_status":"open","ping_status":"open","sticky":false,"template":"","format":"standard","meta":{"footnotes":""},"categories":[47],"tags":[],"class_list":["post-28796","post","type-post","status-publish","format-standard","has-post-thumbnail","hentry","category-sociedad"],"yoast_head":"<!-- This site is optimized with the Yoast SEO plugin v27.5 - https:\/\/yoast.com\/product\/yoast-seo-wordpress\/ -->\n<title>Evacuaron a un pueblo entero por los incendios en C\u00f3rdoba | CVI NOTICIAS<\/title>\n<meta name=\"robots\" content=\"index, follow, max-snippet:-1, max-image-preview:large, max-video-preview:-1\" \/>\n<link rel=\"canonical\" href=\"https:\/\/cvinoticias.com\/v3\/evacuaron-a-un-pueblo-entero-por-los-incendios-en-cordoba\/\" \/>\n<meta property=\"og:locale\" content=\"es_ES\" \/>\n<meta property=\"og:type\" content=\"article\" \/>\n<meta property=\"og:title\" content=\"Evacuaron a un pueblo entero por los incendios en C\u00f3rdoba | CVI NOTICIAS\" \/>\n<meta property=\"og:description\" content=\"Al menos 800 personas fueron trasladadas a Tanti, puesto que las llamas amenazaban a los vecinos y la densidad del aire hacia imposible respirar Los incendios no dan tregua en C\u00f3rdoba y el avance de las llamas amenaza a los vecinos de los pueblos cercanos a la regi\u00f3n de Villa Carlos Paz y el Valle [&hellip;]\" \/>\n<meta property=\"og:url\" content=\"https:\/\/cvinoticias.com\/v3\/evacuaron-a-un-pueblo-entero-por-los-incendios-en-cordoba\/\" \/>\n<meta property=\"og:site_name\" content=\"CVI NOTICIAS\" \/>\n<meta property=\"article:publisher\" content=\"https:\/\/www.facebook.com\/cvinoticias\" \/>\n<meta property=\"article:published_time\" content=\"2023-10-11T12:37:27+00:00\" \/>\n<meta property=\"article:modified_time\" content=\"2023-10-11T12:46:32+00:00\" \/>\n<meta property=\"og:image\" content=\"https:\/\/cvinoticias.com\/wp-content\/uploads\/2023\/10\/Screenshot_20231011_093631_Facebook.jpg\" \/>\n\t<meta property=\"og:image:width\" content=\"1080\" \/>\n\t<meta property=\"og:image:height\" content=\"532\" \/>\n\t<meta property=\"og:image:type\" content=\"image\/jpeg\" \/>\n<meta name=\"author\" content=\"f1000024\" \/>\n<meta name=\"twitter:card\" content=\"summary_large_image\" \/>\n<meta name=\"twitter:label1\" content=\"Escrito por\" \/>\n\t<meta name=\"twitter:data1\" content=\"f1000024\" \/>\n\t<meta name=\"twitter:label2\" content=\"Tiempo de lectura\" \/>\n\t<meta name=\"twitter:data2\" content=\"3 minutos\" \/>\n<script type=\"application\/ld+json\" class=\"yoast-schema-graph\">{\"@context\":\"https:\\\/\\\/schema.org\",\"@graph\":[{\"@type\":\"Article\",\"@id\":\"https:\\\/\\\/cvinoticias.com\\\/v3\\\/evacuaron-a-un-pueblo-entero-por-los-incendios-en-cordoba\\\/#article\",\"isPartOf\":{\"@id\":\"https:\\\/\\\/cvinoticias.com\\\/v3\\\/evacuaron-a-un-pueblo-entero-por-los-incendios-en-cordoba\\\/\"},\"author\":{\"name\":\"f1000024\",\"@id\":\"https:\\\/\\\/cvinoticias.com\\\/v3\\\/#\\\/schema\\\/person\\\/2db77e3c6bc03c538495d7b2b8be9b66\"},\"headline\":\"Evacuaron a un pueblo entero por los incendios en C\u00f3rdoba\",\"datePublished\":\"2023-10-11T12:37:27+00:00\",\"dateModified\":\"2023-10-11T12:46:32+00:00\",\"mainEntityOfPage\":{\"@id\":\"https:\\\/\\\/cvinoticias.com\\\/v3\\\/evacuaron-a-un-pueblo-entero-por-los-incendios-en-cordoba\\\/\"},\"wordCount\":663,\"commentCount\":0,\"publisher\":{\"@id\":\"https:\\\/\\\/cvinoticias.com\\\/v3\\\/#organization\"},\"image\":{\"@id\":\"https:\\\/\\\/cvinoticias.com\\\/v3\\\/evacuaron-a-un-pueblo-entero-por-los-incendios-en-cordoba\\\/#primaryimage\"},\"thumbnailUrl\":\"https:\\\/\\\/cvinoticias.com\\\/wp-content\\\/uploads\\\/2023\\\/10\\\/Screenshot_20231011_093631_Facebook.jpg\",\"articleSection\":[\"Sociedad\"],\"inLanguage\":\"es\",\"potentialAction\":[{\"@type\":\"CommentAction\",\"name\":\"Comment\",\"target\":[\"https:\\\/\\\/cvinoticias.com\\\/v3\\\/evacuaron-a-un-pueblo-entero-por-los-incendios-en-cordoba\\\/#respond\"]}]},{\"@type\":\"WebPage\",\"@id\":\"https:\\\/\\\/cvinoticias.com\\\/v3\\\/evacuaron-a-un-pueblo-entero-por-los-incendios-en-cordoba\\\/\",\"url\":\"https:\\\/\\\/cvinoticias.com\\\/v3\\\/evacuaron-a-un-pueblo-entero-por-los-incendios-en-cordoba\\\/\",\"name\":\"Evacuaron a un pueblo entero por los incendios en C\u00f3rdoba | CVI NOTICIAS\",\"isPartOf\":{\"@id\":\"https:\\\/\\\/cvinoticias.com\\\/v3\\\/#website\"},\"primaryImageOfPage\":{\"@id\":\"https:\\\/\\\/cvinoticias.com\\\/v3\\\/evacuaron-a-un-pueblo-entero-por-los-incendios-en-cordoba\\\/#primaryimage\"},\"image\":{\"@id\":\"https:\\\/\\\/cvinoticias.com\\\/v3\\\/evacuaron-a-un-pueblo-entero-por-los-incendios-en-cordoba\\\/#primaryimage\"},\"thumbnailUrl\":\"https:\\\/\\\/cvinoticias.com\\\/wp-content\\\/uploads\\\/2023\\\/10\\\/Screenshot_20231011_093631_Facebook.jpg\",\"datePublished\":\"2023-10-11T12:37:27+00:00\",\"dateModified\":\"2023-10-11T12:46:32+00:00\",\"breadcrumb\":{\"@id\":\"https:\\\/\\\/cvinoticias.com\\\/v3\\\/evacuaron-a-un-pueblo-entero-por-los-incendios-en-cordoba\\\/#breadcrumb\"},\"inLanguage\":\"es\",\"potentialAction\":[{\"@type\":\"ReadAction\",\"target\":[\"https:\\\/\\\/cvinoticias.com\\\/v3\\\/evacuaron-a-un-pueblo-entero-por-los-incendios-en-cordoba\\\/\"]}]},{\"@type\":\"ImageObject\",\"inLanguage\":\"es\",\"@id\":\"https:\\\/\\\/cvinoticias.com\\\/v3\\\/evacuaron-a-un-pueblo-entero-por-los-incendios-en-cordoba\\\/#primaryimage\",\"url\":\"https:\\\/\\\/cvinoticias.com\\\/wp-content\\\/uploads\\\/2023\\\/10\\\/Screenshot_20231011_093631_Facebook.jpg\",\"contentUrl\":\"https:\\\/\\\/cvinoticias.com\\\/wp-content\\\/uploads\\\/2023\\\/10\\\/Screenshot_20231011_093631_Facebook.jpg\",\"width\":1080,\"height\":532},{\"@type\":\"BreadcrumbList\",\"@id\":\"https:\\\/\\\/cvinoticias.com\\\/v3\\\/evacuaron-a-un-pueblo-entero-por-los-incendios-en-cordoba\\\/#breadcrumb\",\"itemListElement\":[{\"@type\":\"ListItem\",\"position\":1,\"name\":\"Portada\",\"item\":\"https:\\\/\\\/cvinoticias.com\\\/v3\\\/\"},{\"@type\":\"ListItem\",\"position\":2,\"name\":\"Evacuaron a un pueblo entero por los incendios en C\u00f3rdoba\"}]},{\"@type\":\"WebSite\",\"@id\":\"https:\\\/\\\/cvinoticias.com\\\/v3\\\/#website\",\"url\":\"https:\\\/\\\/cvinoticias.com\\\/v3\\\/\",\"name\":\"CVI NOTICIAS\",\"description\":\"\",\"publisher\":{\"@id\":\"https:\\\/\\\/cvinoticias.com\\\/v3\\\/#organization\"},\"alternateName\":\"CVI\",\"potentialAction\":[{\"@type\":\"SearchAction\",\"target\":{\"@type\":\"EntryPoint\",\"urlTemplate\":\"https:\\\/\\\/cvinoticias.com\\\/v3\\\/?s={search_term_string}\"},\"query-input\":{\"@type\":\"PropertyValueSpecification\",\"valueRequired\":true,\"valueName\":\"search_term_string\"}}],\"inLanguage\":\"es\"},{\"@type\":\"Organization\",\"@id\":\"https:\\\/\\\/cvinoticias.com\\\/v3\\\/#organization\",\"name\":\"CVI NOTICIAS\",\"url\":\"https:\\\/\\\/cvinoticias.com\\\/v3\\\/\",\"logo\":{\"@type\":\"ImageObject\",\"inLanguage\":\"es\",\"@id\":\"https:\\\/\\\/cvinoticias.com\\\/v3\\\/#\\\/schema\\\/logo\\\/image\\\/\",\"url\":\"https:\\\/\\\/cvinoticias.com\\\/wp-content\\\/uploads\\\/2023\\\/04\\\/cropped-cropped-cropped-cropped-cropped-3-1.png\",\"contentUrl\":\"https:\\\/\\\/cvinoticias.com\\\/wp-content\\\/uploads\\\/2023\\\/04\\\/cropped-cropped-cropped-cropped-cropped-3-1.png\",\"width\":95,\"height\":122,\"caption\":\"CVI NOTICIAS\"},\"image\":{\"@id\":\"https:\\\/\\\/cvinoticias.com\\\/v3\\\/#\\\/schema\\\/logo\\\/image\\\/\"},\"sameAs\":[\"https:\\\/\\\/www.facebook.com\\\/cvinoticias\",\"https:\\\/\\\/www.instagram.com\\\/cvinoticias\\\/\",\"https:\\\/\\\/www.youtube.com\\\/@CVINOTICIAS\"]},{\"@type\":\"Person\",\"@id\":\"https:\\\/\\\/cvinoticias.com\\\/v3\\\/#\\\/schema\\\/person\\\/2db77e3c6bc03c538495d7b2b8be9b66\",\"name\":\"f1000024\",\"image\":{\"@type\":\"ImageObject\",\"inLanguage\":\"es\",\"@id\":\"https:\\\/\\\/secure.gravatar.com\\\/avatar\\\/d4fe7459cfc51ff5129ce1a732bbef5928568b8092d412ef95611616376bbeed?s=96&d=mm&r=g\",\"url\":\"https:\\\/\\\/secure.gravatar.com\\\/avatar\\\/d4fe7459cfc51ff5129ce1a732bbef5928568b8092d412ef95611616376bbeed?s=96&d=mm&r=g\",\"contentUrl\":\"https:\\\/\\\/secure.gravatar.com\\\/avatar\\\/d4fe7459cfc51ff5129ce1a732bbef5928568b8092d412ef95611616376bbeed?s=96&d=mm&r=g\",\"caption\":\"f1000024\"},\"url\":\"https:\\\/\\\/cvinoticias.com\\\/v3\\\/author\\\/f1000024\\\/\"}]}<\/script>\n<!-- \/ Yoast SEO plugin. -->","yoast_head_json":{"title":"Evacuaron a un pueblo entero por los incendios en C\u00f3rdoba | CVI NOTICIAS","robots":{"index":"index","follow":"follow","max-snippet":"max-snippet:-1","max-image-preview":"max-image-preview:large","max-video-preview":"max-video-preview:-1"},"canonical":"https:\/\/cvinoticias.com\/v3\/evacuaron-a-un-pueblo-entero-por-los-incendios-en-cordoba\/","og_locale":"es_ES","og_type":"article","og_title":"Evacuaron a un pueblo entero por los incendios en C\u00f3rdoba | CVI NOTICIAS","og_description":"Al menos 800 personas fueron trasladadas a Tanti, puesto que las llamas amenazaban a los vecinos y la densidad del aire hacia imposible respirar Los incendios no dan tregua en C\u00f3rdoba y el avance de las llamas amenaza a los vecinos de los pueblos cercanos a la regi\u00f3n de Villa Carlos Paz y el Valle [&hellip;]","og_url":"https:\/\/cvinoticias.com\/v3\/evacuaron-a-un-pueblo-entero-por-los-incendios-en-cordoba\/","og_site_name":"CVI NOTICIAS","article_publisher":"https:\/\/www.facebook.com\/cvinoticias","article_published_time":"2023-10-11T12:37:27+00:00","article_modified_time":"2023-10-11T12:46:32+00:00","og_image":[{"width":1080,"height":532,"url":"https:\/\/cvinoticias.com\/wp-content\/uploads\/2023\/10\/Screenshot_20231011_093631_Facebook.jpg","type":"image\/jpeg"}],"author":"f1000024","twitter_card":"summary_large_image","twitter_misc":{"Escrito por":"f1000024","Tiempo de lectura":"3 minutos"},"schema":{"@context":"https:\/\/schema.org","@graph":[{"@type":"Article","@id":"https:\/\/cvinoticias.com\/v3\/evacuaron-a-un-pueblo-entero-por-los-incendios-en-cordoba\/#article","isPartOf":{"@id":"https:\/\/cvinoticias.com\/v3\/evacuaron-a-un-pueblo-entero-por-los-incendios-en-cordoba\/"},"author":{"name":"f1000024","@id":"https:\/\/cvinoticias.com\/v3\/#\/schema\/person\/2db77e3c6bc03c538495d7b2b8be9b66"},"headline":"Evacuaron a un pueblo entero por los incendios en C\u00f3rdoba","datePublished":"2023-10-11T12:37:27+00:00","dateModified":"2023-10-11T12:46:32+00:00","mainEntityOfPage":{"@id":"https:\/\/cvinoticias.com\/v3\/evacuaron-a-un-pueblo-entero-por-los-incendios-en-cordoba\/"},"wordCount":663,"commentCount":0,"publisher":{"@id":"https:\/\/cvinoticias.com\/v3\/#organization"},"image":{"@id":"https:\/\/cvinoticias.com\/v3\/evacuaron-a-un-pueblo-entero-por-los-incendios-en-cordoba\/#primaryimage"},"thumbnailUrl":"https:\/\/cvinoticias.com\/wp-content\/uploads\/2023\/10\/Screenshot_20231011_093631_Facebook.jpg","articleSection":["Sociedad"],"inLanguage":"es","potentialAction":[{"@type":"CommentAction","name":"Comment","target":["https:\/\/cvinoticias.com\/v3\/evacuaron-a-un-pueblo-entero-por-los-incendios-en-cordoba\/#respond"]}]},{"@type":"WebPage","@id":"https:\/\/cvinoticias.com\/v3\/evacuaron-a-un-pueblo-entero-por-los-incendios-en-cordoba\/","url":"https:\/\/cvinoticias.com\/v3\/evacuaron-a-un-pueblo-entero-por-los-incendios-en-cordoba\/","name":"Evacuaron a un pueblo entero por los incendios en C\u00f3rdoba | CVI NOTICIAS","isPartOf":{"@id":"https:\/\/cvinoticias.com\/v3\/#website"},"primaryImageOfPage":{"@id":"https:\/\/cvinoticias.com\/v3\/evacuaron-a-un-pueblo-entero-por-los-incendios-en-cordoba\/#primaryimage"},"image":{"@id":"https:\/\/cvinoticias.com\/v3\/evacuaron-a-un-pueblo-entero-por-los-incendios-en-cordoba\/#primaryimage"},"thumbnailUrl":"https:\/\/cvinoticias.com\/wp-content\/uploads\/2023\/10\/Screenshot_20231011_093631_Facebook.jpg","datePublished":"2023-10-11T12:37:27+00:00","dateModified":"2023-10-11T12:46:32+00:00","breadcrumb":{"@id":"https:\/\/cvinoticias.com\/v3\/evacuaron-a-un-pueblo-entero-por-los-incendios-en-cordoba\/#breadcrumb"},"inLanguage":"es","potentialAction":[{"@type":"ReadAction","target":["https:\/\/cvinoticias.com\/v3\/evacuaron-a-un-pueblo-entero-por-los-incendios-en-cordoba\/"]}]},{"@type":"ImageObject","inLanguage":"es","@id":"https:\/\/cvinoticias.com\/v3\/evacuaron-a-un-pueblo-entero-por-los-incendios-en-cordoba\/#primaryimage","url":"https:\/\/cvinoticias.com\/wp-content\/uploads\/2023\/10\/Screenshot_20231011_093631_Facebook.jpg","contentUrl":"https:\/\/cvinoticias.com\/wp-content\/uploads\/2023\/10\/Screenshot_20231011_093631_Facebook.jpg","width":1080,"height":532},{"@type":"BreadcrumbList","@id":"https:\/\/cvinoticias.com\/v3\/evacuaron-a-un-pueblo-entero-por-los-incendios-en-cordoba\/#breadcrumb","itemListElement":[{"@type":"ListItem","position":1,"name":"Portada","item":"https:\/\/cvinoticias.com\/v3\/"},{"@type":"ListItem","position":2,"name":"Evacuaron a un pueblo entero por los incendios en C\u00f3rdoba"}]},{"@type":"WebSite","@id":"https:\/\/cvinoticias.com\/v3\/#website","url":"https:\/\/cvinoticias.com\/v3\/","name":"CVI NOTICIAS","description":"","publisher":{"@id":"https:\/\/cvinoticias.com\/v3\/#organization"},"alternateName":"CVI","potentialAction":[{"@type":"SearchAction","target":{"@type":"EntryPoint","urlTemplate":"https:\/\/cvinoticias.com\/v3\/?s={search_term_string}"},"query-input":{"@type":"PropertyValueSpecification","valueRequired":true,"valueName":"search_term_string"}}],"inLanguage":"es"},{"@type":"Organization","@id":"https:\/\/cvinoticias.com\/v3\/#organization","name":"CVI NOTICIAS","url":"https:\/\/cvinoticias.com\/v3\/","logo":{"@type":"ImageObject","inLanguage":"es","@id":"https:\/\/cvinoticias.com\/v3\/#\/schema\/logo\/image\/","url":"https:\/\/cvinoticias.com\/wp-content\/uploads\/2023\/04\/cropped-cropped-cropped-cropped-cropped-3-1.png","contentUrl":"https:\/\/cvinoticias.com\/wp-content\/uploads\/2023\/04\/cropped-cropped-cropped-cropped-cropped-3-1.png","width":95,"height":122,"caption":"CVI NOTICIAS"},"image":{"@id":"https:\/\/cvinoticias.com\/v3\/#\/schema\/logo\/image\/"},"sameAs":["https:\/\/www.facebook.com\/cvinoticias","https:\/\/www.instagram.com\/cvinoticias\/","https:\/\/www.youtube.com\/@CVINOTICIAS"]},{"@type":"Person","@id":"https:\/\/cvinoticias.com\/v3\/#\/schema\/person\/2db77e3c6bc03c538495d7b2b8be9b66","name":"f1000024","image":{"@type":"ImageObject","inLanguage":"es","@id":"https:\/\/secure.gravatar.com\/avatar\/d4fe7459cfc51ff5129ce1a732bbef5928568b8092d412ef95611616376bbeed?s=96&d=mm&r=g","url":"https:\/\/secure.gravatar.com\/avatar\/d4fe7459cfc51ff5129ce1a732bbef5928568b8092d412ef95611616376bbeed?s=96&d=mm&r=g","contentUrl":"https:\/\/secure.gravatar.com\/avatar\/d4fe7459cfc51ff5129ce1a732bbef5928568b8092d412ef95611616376bbeed?s=96&d=mm&r=g","caption":"f1000024"},"url":"https:\/\/cvinoticias.com\/v3\/author\/f1000024\/"}]}},"_links":{"self":[{"href":"https:\/\/cvinoticias.com\/v3\/wp-json\/wp\/v2\/posts\/28796","targetHints":{"allow":["GET"]}}],"collection":[{"href":"https:\/\/cvinoticias.com\/v3\/wp-json\/wp\/v2\/posts"}],"about":[{"href":"https:\/\/cvinoticias.com\/v3\/wp-json\/wp\/v2\/types\/post"}],"author":[{"embeddable":true,"href":"https:\/\/cvinoticias.com\/v3\/wp-json\/wp\/v2\/users\/2"}],"replies":[{"embeddable":true,"href":"https:\/\/cvinoticias.com\/v3\/wp-json\/wp\/v2\/comments?post=28796"}],"version-history":[{"count":1,"href":"https:\/\/cvinoticias.com\/v3\/wp-json\/wp\/v2\/posts\/28796\/revisions"}],"predecessor-version":[{"id":28798,"href":"https:\/\/cvinoticias.com\/v3\/wp-json\/wp\/v2\/posts\/28796\/revisions\/28798"}],"wp:featuredmedia":[{"embeddable":true,"href":"https:\/\/cvinoticias.com\/v3\/wp-json\/wp\/v2\/media\/28797"}],"wp:attachment":[{"href":"https:\/\/cvinoticias.com\/v3\/wp-json\/wp\/v2\/media?parent=28796"}],"wp:term":[{"taxonomy":"category","embeddable":true,"href":"https:\/\/cvinoticias.com\/v3\/wp-json\/wp\/v2\/categories?post=28796"},{"taxonomy":"post_tag","embeddable":true,"href":"https:\/\/cvinoticias.com\/v3\/wp-json\/wp\/v2\/tags?post=28796"}],"curies":[{"name":"wp","href":"https:\/\/api.w.org\/{rel}","templated":true}]}}